{"id":21752,"date":"2020-09-06T16:26:06","date_gmt":"2020-09-06T14:26:06","guid":{"rendered":"https:\/\/blog.kunstgriff.net\/?p=21752"},"modified":"2020-09-06T16:27:04","modified_gmt":"2020-09-06T14:27:04","slug":"10-uhr-gruppe-sonntags-ausfahrt-7","status":"publish","type":"post","link":"https:\/\/blog.kunstgriff.net\/?p=21752","title":{"rendered":"10-Uhr-Gruppe Sonntags-Ausfahrt #7"},"content":{"rendered":"<span class=\"span-reading-time rt-reading-time\" style=\"display: block;\"><span class=\"rt-label rt-prefix\">Lesezeit: <\/span> <span class=\"rt-time\"> &lt; 1<\/span> <span class=\"rt-label rt-postfix\">Minute<\/span><\/span><h4>Sport in der gro\u00dfen Gruppe<\/h4>\n<hr \/>\n<p>Da ich mich gestern nicht motivieren konnte, drau\u00dfen zu fahren, war heute auf jeden Fall eine Ausfahrt f\u00e4llig. Stefan Har. hatte auch Lust auf <em>10 Uhr Gruppe<\/em> und so verabredeten wir uns zu 10 Uhr am Tunnel. Jede Menge Protagonisten kamen. Fast zu viele. Aber wenn alle Gruppen-Fahren k\u00f6nnen, k\u00f6nnen es auch mal ein paar mehr sein.<\/p>\n<p>Da meine Fitness aktuell eher so mittelm\u00e4\u00dfig ist, wollte ich mich mehr im Mittelfeld aufhalten. Gut gesch\u00fctzt. Der Plan ging bis hinter Golm auch soweit auf. Dort aber f\u00fchrte Seb mit 39 km\/h gegen den Wind und ich w\u00e4re als n\u00e4chstes dran gewesen. Was nicht <del>gut<\/del> ging. Egal Schwielow-See-Wellen konnte ich dran bleiben, auch auf dem R1-Radweg nach Beelitz <del>lief<\/del> fuhr es erstmal ganz ok. Beide Wellen: dabei. Dann die Autobahnbr\u00fccke und Abriss. Am Ende wurde freundlich gewartet und ohne Gruppenteilung ging es zur\u00fcck auf die kurze Strecke in Richtung Zauchwitz. Schiebewind sein Dank, recht flott. Neuer PR.<\/p>\n<p>In Sch\u00f6nhagen war sich die Bande dann unsicher ob nach Trebbin oder Blankensee. Ich fuhr falsch und wir musste uns zu viert wieder ans Feld ran arbeiten, was dank der Jungs mit mittelschwerem Aufwand gelang. Gro\u00dfer Sport!<\/p>\n<p>Die Weiterfahrt in die Hauptstadt erfolgte dann <em>10-Uhr-Gruppen<\/em> untypisch eher gem\u00fctlich.<\/p>\n<p>Ein alkoholfreies Weizen rundete die sportliche Ausfahrt an der Heerstrassen-Br\u00fccke ab.<\/p>\n<p>Tolle Ausfahrt!<\/p>\n<p><iframe loading=\"lazy\" src=\"https:\/\/www.strava.com\/activities\/4020268901\/embed\/10b3856dd1d180cafafd18329f06444901693e78\" width=\"590\" height=\"405\" frameborder=\"0\" scrolling=\"no\"><\/iframe><\/p>\n<div class=\"tiled-gallery type-rectangular tiled-gallery-unresized\" data-original-width=\"525\" data-carousel-extra='{&quot;blog_id&quot;:1,&quot;permalink&quot;:&quot;https:\\\/\\\/blog.kunstgriff.net\\\/?p=21752&quot;,&quot;likes_blog_id&quot;:127394879}' itemscope itemtype=\"http:\/\/schema.org\/ImageGallery\" > <div class=\"gallery-row\" style=\"width: 525px; height: 176px;\" data-original-width=\"525\" data-original-height=\"176\" > <div class=\"gallery-group images-1\" style=\"width: 263px; height: 176px;\" data-original-width=\"263\" data-original-height=\"176\" > <div class=\"tiled-gallery-item tiled-gallery-item-large\" itemprop=\"associatedMedia\" itemscope itemtype=\"http:\/\/schema.org\/ImageObject\"> <a href=\"https:\/\/i0.wp.com\/blog.kunstgriff.net\/wp-content\/uploads\/2020\/09\/Sonntag-10-Uhr-am-Tunnel.jpg?ssl=1\" border=\"0\" itemprop=\"url\"> <meta itemprop=\"width\" content=\"259\"> <meta itemprop=\"height\" content=\"172\"> <img decoding=\"async\" class=\"\" data-attachment-id=\"21751\" data-orig-file=\"https:\/\/blog.kunstgriff.net\/wp-content\/uploads\/2020\/09\/Sonntag-10-Uhr-am-Tunnel.jpg\" data-orig-size=\"2560,1707\" data-comments-opened=\"1\" data-image-meta=\"{&quot;aperture&quot;:&quot;2.8&quot;,&quot;credit&quot;:&quot;&quot;,&quot;camera&quot;:&quot;TG-4&quot;,&quot;caption&quot;:&quot;OLYMPUS DIGITAL CAMERA&quot;,&quot;created_timestamp&quot;:&quot;1599386604&quot;,&quot;copyright&quot;:&quot;&quot;,&quot;focal_length&quot;:&quot;4.5&quot;,&quot;iso&quot;:&quot;100&quot;,&quot;shutter_speed&quot;:&quot;0.002&quot;,&quot;title&quot;:&quot;OLYMPUS DIGITAL CAMERA&quot;,&quot;orientation&quot;:&quot;1&quot;}\" data-image-title=\"Sonntag 10 Uhr am Tunnel\" data-image-description=\"\" data-medium-file=\"https:\/\/i0.wp.com\/blog.kunstgriff.net\/wp-content\/uploads\/2020\/09\/Sonntag-10-Uhr-am-Tunnel.jpg?fit=2560%2C1707&#038;ssl=1\" data-large-file=\"https:\/\/i0.wp.com\/blog.kunstgriff.net\/wp-content\/uploads\/2020\/09\/Sonntag-10-Uhr-am-Tunnel.jpg?fit=2560%2C1707&#038;ssl=1\" src=\"https:\/\/i0.wp.com\/blog.kunstgriff.net\/wp-content\/uploads\/2020\/09\/Sonntag-10-Uhr-am-Tunnel.jpg?w=259&#038;h=172&#038;ssl=1\" srcset=\"https:\/\/i0.wp.com\/blog.kunstgriff.net\/wp-content\/uploads\/2020\/09\/Sonntag-10-Uhr-am-Tunnel.jpg?w=2560&amp;ssl=1 2560w, https:\/\/i0.wp.com\/blog.kunstgriff.net\/wp-content\/uploads\/2020\/09\/Sonntag-10-Uhr-am-Tunnel.jpg?resize=768%2C512&amp;ssl=1 768w, https:\/\/i0.wp.com\/blog.kunstgriff.net\/wp-content\/uploads\/2020\/09\/Sonntag-10-Uhr-am-Tunnel.jpg?resize=1536%2C1024&amp;ssl=1 1536w, https:\/\/i0.wp.com\/blog.kunstgriff.net\/wp-content\/uploads\/2020\/09\/Sonntag-10-Uhr-am-Tunnel.jpg?resize=2048%2C1366&amp;ssl=1 2048w, https:\/\/i0.wp.com\/blog.kunstgriff.net\/wp-content\/uploads\/2020\/09\/Sonntag-10-Uhr-am-Tunnel.jpg?w=1050&amp;ssl=1 1050w\" width=\"259\" height=\"172\" loading=\"lazy\" data-original-width=\"259\" data-original-height=\"172\" itemprop=\"http:\/\/schema.org\/image\" title=\"Sonntag 10 Uhr am Tunnel\" alt=\"Sonntag 10 Uhr am Tunnel\" style=\"width: 259px; height: 172px;\" \/> <\/a> <div class=\"tiled-gallery-caption\" itemprop=\"caption description\"> Sonntag 10 Uhr am Tunnel <\/div> <\/div> <\/div> <!-- close group --> <div class=\"gallery-group images-1\" style=\"width: 262px; height: 176px;\" data-original-width=\"262\" data-original-height=\"176\" > <div class=\"tiled-gallery-item tiled-gallery-item-large\" itemprop=\"associatedMedia\" itemscope itemtype=\"http:\/\/schema.org\/ImageObject\"> <a href=\"https:\/\/i0.wp.com\/blog.kunstgriff.net\/wp-content\/uploads\/2020\/09\/Aufholjagd-hinter-Zauchwitz.jpg?ssl=1\" border=\"0\" itemprop=\"url\"> <meta itemprop=\"width\" content=\"258\"> <meta itemprop=\"height\" content=\"172\"> <img decoding=\"async\" class=\"\" data-attachment-id=\"21750\" data-orig-file=\"https:\/\/blog.kunstgriff.net\/wp-content\/uploads\/2020\/09\/Aufholjagd-hinter-Zauchwitz.jpg\" data-orig-size=\"2560,1707\" data-comments-opened=\"1\" data-image-meta=\"{&quot;aperture&quot;:&quot;2.8&quot;,&quot;credit&quot;:&quot;&quot;,&quot;camera&quot;:&quot;TG-4&quot;,&quot;caption&quot;:&quot;OLYMPUS DIGITAL CAMERA&quot;,&quot;created_timestamp&quot;:&quot;1599393905&quot;,&quot;copyright&quot;:&quot;&quot;,&quot;focal_length&quot;:&quot;4.5&quot;,&quot;iso&quot;:&quot;100&quot;,&quot;shutter_speed&quot;:&quot;0.00125&quot;,&quot;title&quot;:&quot;OLYMPUS DIGITAL CAMERA&quot;,&quot;orientation&quot;:&quot;1&quot;}\" data-image-title=\"Aufholjagd hinter Zauchwitz\" data-image-description=\"\" data-medium-file=\"https:\/\/i0.wp.com\/blog.kunstgriff.net\/wp-content\/uploads\/2020\/09\/Aufholjagd-hinter-Zauchwitz.jpg?fit=2560%2C1707&#038;ssl=1\" data-large-file=\"https:\/\/i0.wp.com\/blog.kunstgriff.net\/wp-content\/uploads\/2020\/09\/Aufholjagd-hinter-Zauchwitz.jpg?fit=2560%2C1707&#038;ssl=1\" src=\"https:\/\/i0.wp.com\/blog.kunstgriff.net\/wp-content\/uploads\/2020\/09\/Aufholjagd-hinter-Zauchwitz.jpg?w=258&#038;h=172&#038;ssl=1\" srcset=\"https:\/\/i0.wp.com\/blog.kunstgriff.net\/wp-content\/uploads\/2020\/09\/Aufholjagd-hinter-Zauchwitz.jpg?w=2560&amp;ssl=1 2560w, https:\/\/i0.wp.com\/blog.kunstgriff.net\/wp-content\/uploads\/2020\/09\/Aufholjagd-hinter-Zauchwitz.jpg?resize=768%2C512&amp;ssl=1 768w, https:\/\/i0.wp.com\/blog.kunstgriff.net\/wp-content\/uploads\/2020\/09\/Aufholjagd-hinter-Zauchwitz.jpg?resize=1536%2C1024&amp;ssl=1 1536w, https:\/\/i0.wp.com\/blog.kunstgriff.net\/wp-content\/uploads\/2020\/09\/Aufholjagd-hinter-Zauchwitz.jpg?resize=2048%2C1366&amp;ssl=1 2048w, https:\/\/i0.wp.com\/blog.kunstgriff.net\/wp-content\/uploads\/2020\/09\/Aufholjagd-hinter-Zauchwitz.jpg?w=1050&amp;ssl=1 1050w\" width=\"258\" height=\"172\" loading=\"lazy\" data-original-width=\"258\" data-original-height=\"172\" itemprop=\"http:\/\/schema.org\/image\" title=\"Aufholjagd hinter Zauchwitz\" alt=\"Aufholjagd hinter Zauchwitz\" style=\"width: 258px; height: 172px;\" \/> <\/a> <div class=\"tiled-gallery-caption\" itemprop=\"caption description\"> Aufholjagd hinter Zauchwitz <\/div> <\/div> <\/div> <!-- close group --> <\/div> <!-- close row --> <\/div>\n","protected":false},"excerpt":{"rendered":"<p>Sport in der gro\u00dfen Gruppe Da ich mich gestern nicht motivieren konnte, drau\u00dfen zu fahren, war heute auf jeden Fall eine Ausfahrt f\u00e4llig. Stefan Har. hatte auch Lust auf 10 Uhr Gruppe und so verabredeten wir uns zu 10 Uhr am Tunnel. Jede Menge Protagonisten kamen. Fast zu viele. Aber wenn alle Gruppen-Fahren k\u00f6nnen, k\u00f6nnen &hellip; <\/p>\n<p class=\"link-more\"><a href=\"https:\/\/blog.kunstgriff.net\/?p=21752\" class=\"more-link\"><span class=\"screen-reader-text\">\u201e10-Uhr-Gruppe Sonntags-Ausfahrt #7\u201c <\/span>weiterlesen<\/a><\/p>\n","protected":false},"author":2,"featured_media":21750,"comment_status":"open","ping_status":"open","sticky":false,"template":"","format":"standard","meta":{"jetpack_post_was_ever_published":false,"_jetpack_newsletter_access":"","_jetpack_dont_email_post_to_subs":false,"_jetpack_newsletter_tier_id":0,"_jetpack_memberships_contains_paywalled_content":false,"_jetpack_memberships_contains_paid_content":false,"footnotes":""},"categories":[14,7],"tags":[],"class_list":["post-21752","post","type-post","status-publish","format-standard","has-post-thumbnail","hentry","category-radfahren","category-rennradfahren"],"jetpack_featured_media_url":"https:\/\/i0.wp.com\/blog.kunstgriff.net\/wp-content\/uploads\/2020\/09\/Aufholjagd-hinter-Zauchwitz.jpg?fit=2560%2C1707&ssl=1","jetpack_shortlink":"https:\/\/wp.me\/p8Cxe7-5EQ","jetpack-related-posts":[{"id":14056,"url":"https:\/\/blog.kunstgriff.net\/?p=14056","url_meta":{"origin":21752,"position":0},"title":"10-Uhr-Gruppe nach Ferch","author":"Georg","date":"August 6, 2016","format":false,"excerpt":"oder \u00bbLeider nicht mehr mein Niveau\u00ab Die halbe Rennrad-Fahr-Fraktion war in weit entfernten Bundesl\u00e4nder unterwegs und deshalb musste heute mal wieder die alt-bew\u00e4hrte 10-Uhr-Gruppe herhalten, um in den Genuss einer Gruppenausfahrt zu kommen. So war zumindest der Plan. Auch Uwe hatte sich zum Tunnel verirrt, die Sonne schien und alles\u2026","rel":"","context":"In &quot;Radfahren&quot;","block_context":{"text":"Radfahren","link":"https:\/\/blog.kunstgriff.net\/?cat=14"},"img":{"alt_text":"","src":"https:\/\/i0.wp.com\/blog.kunstgriff.net\/wp-content\/uploads\/2016\/08\/P8060001.jpg?fit=1200%2C800&ssl=1&resize=350%2C200","width":350,"height":200,"srcset":"https:\/\/i0.wp.com\/blog.kunstgriff.net\/wp-content\/uploads\/2016\/08\/P8060001.jpg?fit=1200%2C800&ssl=1&resize=350%2C200 1x, https:\/\/i0.wp.com\/blog.kunstgriff.net\/wp-content\/uploads\/2016\/08\/P8060001.jpg?fit=1200%2C800&ssl=1&resize=525%2C300 1.5x, https:\/\/i0.wp.com\/blog.kunstgriff.net\/wp-content\/uploads\/2016\/08\/P8060001.jpg?fit=1200%2C800&ssl=1&resize=700%2C400 2x, https:\/\/i0.wp.com\/blog.kunstgriff.net\/wp-content\/uploads\/2016\/08\/P8060001.jpg?fit=1200%2C800&ssl=1&resize=1050%2C600 3x"},"classes":[]},{"id":7635,"url":"https:\/\/blog.kunstgriff.net\/?p=7635","url_meta":{"origin":21752,"position":1},"title":"Toms Tour nach Harnekop","author":"Georg","date":"April 1, 2012","format":false,"excerpt":"oder \u00bbDer Wind sind unsere Berge\u00ab Lange konnte ich mich nicht entscheiden, welche Tour denn zu fahren sei, aber da das Angebot f\u00fcr diesen Sonntag mehr als \u00fcbersichtlich war, entschied ich mich f\u00fcr die Tour nach Harnekop. Die weite Anreise zum Bahnhof Malchow schreckte mich, aber Alex \u00fcberzeugte mich und\u2026","rel":"","context":"In &quot;Radfahren&quot;","block_context":{"text":"Radfahren","link":"https:\/\/blog.kunstgriff.net\/?cat=14"},"img":{"alt_text":"","src":"https:\/\/i0.wp.com\/blog.kunstgriff.net\/wp-content\/uploads\/2012\/04\/Greeting-from-the-girls.jpg?resize=350%2C200","width":350,"height":200,"srcset":"https:\/\/i0.wp.com\/blog.kunstgriff.net\/wp-content\/uploads\/2012\/04\/Greeting-from-the-girls.jpg?resize=350%2C200 1x, https:\/\/i0.wp.com\/blog.kunstgriff.net\/wp-content\/uploads\/2012\/04\/Greeting-from-the-girls.jpg?resize=525%2C300 1.5x, https:\/\/i0.wp.com\/blog.kunstgriff.net\/wp-content\/uploads\/2012\/04\/Greeting-from-the-girls.jpg?resize=700%2C400 2x"},"classes":[]},{"id":7625,"url":"https:\/\/blog.kunstgriff.net\/?p=7625","url_meta":{"origin":21752,"position":2},"title":"Werners-Feierabendrunde","author":"Georg","date":"M\u00e4rz 28, 2012","format":false,"excerpt":"oder \u00bbOhne viel K\u00f6rner zu lassen ein paar Kilometer sammeln\u00abViele Touren waren heute nicht im Angebot und auf alleine Fahren hatte ich auch keine Lust. So entschied ich mich, bei Werners-Feierabendrunde um 16 Uhr am Auerbachtunnel zu sein. Um 16:04 dachte ich dann ich m\u00fcsse doch alleine fahren, da niemand\u2026","rel":"","context":"In &quot;Radfahren&quot;","block_context":{"text":"Radfahren","link":"https:\/\/blog.kunstgriff.net\/?cat=14"},"img":{"alt_text":"","src":"https:\/\/i0.wp.com\/blog.kunstgriff.net\/wp-content\/uploads\/2012\/03\/Ganz-im-S%C3%BCden-hinter-Siethen.jpg?resize=350%2C200","width":350,"height":200,"srcset":"https:\/\/i0.wp.com\/blog.kunstgriff.net\/wp-content\/uploads\/2012\/03\/Ganz-im-S%C3%BCden-hinter-Siethen.jpg?resize=350%2C200 1x, https:\/\/i0.wp.com\/blog.kunstgriff.net\/wp-content\/uploads\/2012\/03\/Ganz-im-S%C3%BCden-hinter-Siethen.jpg?resize=525%2C300 1.5x"},"classes":[]},{"id":13515,"url":"https:\/\/blog.kunstgriff.net\/?p=13515","url_meta":{"origin":21752,"position":3},"title":"10-Uhr-Gruppen-S\u00fcd-Runde","author":"Georg","date":"Mai 28, 2016","format":false,"excerpt":"oder \u00bbFlotte Runde mit den Starken\u00abAm Vorabend Geburtstag mit Freunden feiern und dann zur 10-Uhr-Gruppe fahren, ist eigentlich keine gute Kombi. Ich wollte aber unbedingt heute in der Gruppe fahren, also blieb mir nix anderes \u00fcbrig als um 10 Uhr am Tunnel zu sein. Die \u00fcblich grosse Gruppe brach gen\u2026","rel":"","context":"In &quot;Radfahren&quot;","block_context":{"text":"Radfahren","link":"https:\/\/blog.kunstgriff.net\/?cat=14"},"img":{"alt_text":"","src":"","width":0,"height":0},"classes":[]},{"id":13634,"url":"https:\/\/blog.kunstgriff.net\/?p=13634","url_meta":{"origin":21752,"position":4},"title":"10-Uhr-Gruppe nach Luckenwalde","author":"Georg","date":"Juni 18, 2016","format":false,"excerpt":"oder \u00bbFlotter geht es immer\u00ab Nach dem Ausgang mit den Kollegen am Vorabend f\u00fchlte ich mich heute morgen schlechter als erwartet. Drau\u00dfen lachte die Sonne und so gab es keine Ausreden. P\u00fcnktlich um 10 Uhr am Tunnel das bekannte Bild: Bunte Radklamotten und abfahrbereite RadlerInnen kl\u00f6nten in der Sonne, bis\u2026","rel":"","context":"In &quot;Radfahren&quot;","block_context":{"text":"Radfahren","link":"https:\/\/blog.kunstgriff.net\/?cat=14"},"img":{"alt_text":"","src":"https:\/\/i0.wp.com\/blog.kunstgriff.net\/wp-content\/uploads\/2016\/06\/Immer-nach-S%C3%BCden.jpg?fit=1200%2C800&ssl=1&resize=350%2C200","width":350,"height":200,"srcset":"https:\/\/i0.wp.com\/blog.kunstgriff.net\/wp-content\/uploads\/2016\/06\/Immer-nach-S%C3%BCden.jpg?fit=1200%2C800&ssl=1&resize=350%2C200 1x, https:\/\/i0.wp.com\/blog.kunstgriff.net\/wp-content\/uploads\/2016\/06\/Immer-nach-S%C3%BCden.jpg?fit=1200%2C800&ssl=1&resize=525%2C300 1.5x, https:\/\/i0.wp.com\/blog.kunstgriff.net\/wp-content\/uploads\/2016\/06\/Immer-nach-S%C3%BCden.jpg?fit=1200%2C800&ssl=1&resize=700%2C400 2x, https:\/\/i0.wp.com\/blog.kunstgriff.net\/wp-content\/uploads\/2016\/06\/Immer-nach-S%C3%BCden.jpg?fit=1200%2C800&ssl=1&resize=1050%2C600 3x"},"classes":[]},{"id":5929,"url":"https:\/\/blog.kunstgriff.net\/?p=5929","url_meta":{"origin":21752,"position":5},"title":"Radmarathon \u00bbVon Britz zum Fl\u00e4ming\u00ab 2011","author":"Georg","date":"September 17, 2011","format":false,"excerpt":"oder \"Wo alles begann\"Heute war wieder der Radmarathon dran, mein Klassiker. Vor 6 Jahren bin ich hier meine erste RTF gefahren. An den Marathon habe ich mich damals noch nicht heran gewagt. Dieses Jahr fahre ich nun den Marathon zum 5. mal in in Folge. Die Vorfreude war gro\u00df und\u2026","rel":"","context":"In &quot;200er&quot;","block_context":{"text":"200er","link":"https:\/\/blog.kunstgriff.net\/?cat=48"},"img":{"alt_text":"","src":"https:\/\/i0.wp.com\/blog.kunstgriff.net\/wp-content\/uploads\/2011\/09\/Kurz-vor-dem-Start-Christoph-Ruden-Schule.jpg?resize=350%2C200","width":350,"height":200,"srcset":"https:\/\/i0.wp.com\/blog.kunstgriff.net\/wp-content\/uploads\/2011\/09\/Kurz-vor-dem-Start-Christoph-Ruden-Schule.jpg?resize=350%2C200 1x, https:\/\/i0.wp.com\/blog.kunstgriff.net\/wp-content\/uploads\/2011\/09\/Kurz-vor-dem-Start-Christoph-Ruden-Schule.jpg?resize=525%2C300 1.5x, https:\/\/i0.wp.com\/blog.kunstgriff.net\/wp-content\/uploads\/2011\/09\/Kurz-vor-dem-Start-Christoph-Ruden-Schule.jpg?resize=700%2C400 2x"},"classes":[]}],"jetpack_likes_enabled":true,"jetpack_sharing_enabled":true,"_links":{"self":[{"href":"https:\/\/blog.kunstgriff.net\/index.php?rest_route=\/wp\/v2\/posts\/21752","targetHints":{"allow":["GET"]}}],"collection":[{"href":"https:\/\/blog.kunstgriff.net\/index.php?rest_route=\/wp\/v2\/posts"}],"about":[{"href":"https:\/\/blog.kunstgriff.net\/index.php?rest_route=\/wp\/v2\/types\/post"}],"author":[{"embeddable":true,"href":"https:\/\/blog.kunstgriff.net\/index.php?rest_route=\/wp\/v2\/users\/2"}],"replies":[{"embeddable":true,"href":"https:\/\/blog.kunstgriff.net\/index.php?rest_route=%2Fwp%2Fv2%2Fcomments&post=21752"}],"version-history":[{"count":5,"href":"https:\/\/blog.kunstgriff.net\/index.php?rest_route=\/wp\/v2\/posts\/21752\/revisions"}],"predecessor-version":[{"id":21757,"href":"https:\/\/blog.kunstgriff.net\/index.php?rest_route=\/wp\/v2\/posts\/21752\/revisions\/21757"}],"wp:featuredmedia":[{"embeddable":true,"href":"https:\/\/blog.kunstgriff.net\/index.php?rest_route=\/wp\/v2\/media\/21750"}],"wp:attachment":[{"href":"https:\/\/blog.kunstgriff.net\/index.php?rest_route=%2Fwp%2Fv2%2Fmedia&parent=21752"}],"wp:term":[{"taxonomy":"category","embeddable":true,"href":"https:\/\/blog.kunstgriff.net\/index.php?rest_route=%2Fwp%2Fv2%2Fcategories&post=21752"},{"taxonomy":"post_tag","embeddable":true,"href":"https:\/\/blog.kunstgriff.net\/index.php?rest_route=%2Fwp%2Fv2%2Ftags&post=21752"}],"curies":[{"name":"wp","href":"https:\/\/api.w.org\/{rel}","templated":true}]}}