{"id":2231,"date":"2010-08-20T23:48:29","date_gmt":"2010-08-20T21:48:29","guid":{"rendered":"http:\/\/blog.kunstgriff.net\/?p=2231"},"modified":"2017-06-13T15:07:22","modified_gmt":"2017-06-13T13:07:22","slug":"anreisetag-%c2%bbrad-am-ring%c2%ab","status":"publish","type":"post","link":"https:\/\/blog.kunstgriff.net\/?p=2231","title":{"rendered":"Anreisetag \u00bbRad am Ring\u00ab"},"content":{"rendered":"<span class=\"span-reading-time rt-reading-time\" style=\"display: block;\"><span class=\"rt-label rt-prefix\">Lesezeit: <\/span> <span class=\"rt-time\"> 2<\/span> <span class=\"rt-label rt-postfix\">Minuten<\/span><\/span><h4>oder &#8222;Vulkaneifel &#8211; nice to ride&#8220;<\/h4>\n<hr \/>\n<p>Die Anreise in die Eifel war lang aber Dank Mercedes Vito von Christoph doch bequem. Die Temperaturen stiegen von Stunden zu Stunde und je n\u00e4her wir der Eifel kamen, desto ungeduldiger und gespannter wurden wir.<\/p>\n<p>Gegen 17 Uhr erreichten wir dann das weitl\u00e4ufige Areal des N\u00fcrburgrings und fuhren gleich zum Zeltplatz um dort unsere Zelte auf zu schlagen. 36 \u20ac f\u00fcr 3 Tage wurden im Voraus kassiert.<\/p>\n<p>Nun waren wir hei\u00df auf unsere &#8222;Einrollrunde&#8220; &#8211; eine gute Stunde sollte es auf den Rennern durch die wellige Vulkaneifel gehen &#8211; anschwitzen, akklimatisieren und Beine locker fahren stand auf dem Programm. Die Sonne brannte und es rollte herrliche \u00fcber kleine Nebenstra\u00dfen auf perfekt glattem Asphalt. Wir f\u00fchlten uns wie im Urlaub. Herrlich!<\/p>\n<p>Nun ging es zur\u00fcck an den Ring denn wir mussten uns noch akkreditieren, Jan statt Helge um\/anmelden und die kostenlosen Nudeln auf der Nudelparty verspeisen.<\/p>\n<p>Eine mindestens 10 km lange Autoschlange erwartete uns, denn die Zufahrt zum Ringgel\u00e4nde, welche um 19 Uhr ge\u00f6ffnet werden sollte, verz\u00f6gerte sich und die endlos lange Wagenkolonne stand auf der Landstra\u00dfe. Gut das wir auf unseren R\u00e4dern sa\u00dfen.<\/p>\n<p>Wir erreichen den Ring-Boulevard, eine in einem langen Geb\u00e4ude asphaltierte Stra\u00dfe, welche allerlei Buden, Werbest\u00e4nde der diversen Rad- und Energydrinkhersteller bot. Am Ende war auch der Nudel-Stand von&nbsp;<a style=\"color: #14568a !important;\" href=\"http:\/\/www.beiunszuhause.de\/bei-uns-zu-hause1\/page?PagecRef=869\" target=\"_blank\" rel=\"noopener\">Mir\u00e1coli<\/a>, die die Nudeln sponsorten. Diese Essen war frei und konnte kostenlos von allen Teilnehmern von der ausgeh\u00e4ndigten Ringkarte abgebucht werden. Lecker Pasta kenne ich allerdings anders: Nicht einmal Parmensanen K\u00e4se gab es zu den Nudeln. Eine Portion w\u00fcrde normalerweise 6,50 \u20ac kosten &#8211; eine Frechheit. So etwas tr\u00e4gt nicht zu Image verbesserung einer ansonsten sympathischen Marke bei. <a href=\"http:\/\/www.beiunszuhause.de\/bei-uns-zu-hause1\/page?PagecRef=869\" target=\"_blank\" rel=\"noopener\">Mir\u00e1coli<\/a> &#8211; <em>fail<\/em>!<\/p>\n<p>Nun ging es zur\u00fcck zum Zeltplatz, denn die Sitz-, Liege-, und Schlafm\u00f6bel sollte noch aus unserem Vito in unsere Box auf der Zielgeraden transportiert werden.<\/p>\n<p>Nach getaner Arbeit ging es m\u00fcde und voller Vorfreude auf den morgigen Renntag gegen Mitternacht auf die Isomatte in unserem ger\u00e4umigen Zelt.<\/p>\n<div class=\"tiled-gallery type-rectangular tiled-gallery-unresized\" data-original-width=\"525\" data-carousel-extra='{&quot;blog_id&quot;:1,&quot;permalink&quot;:&quot;https:\\\/\\\/blog.kunstgriff.net\\\/?p=2231&quot;,&quot;likes_blog_id&quot;:127394879}' itemscope itemtype=\"http:\/\/schema.org\/ImageGallery\" > <div class=\"gallery-row\" style=\"width: 525px; height: 197px;\" data-original-width=\"525\" data-original-height=\"197\" > <div class=\"gallery-group images-1\" style=\"width: 263px; height: 197px;\" data-original-width=\"263\" data-original-height=\"197\" > <div class=\"tiled-gallery-item tiled-gallery-item-large\" itemprop=\"associatedMedia\" itemscope itemtype=\"http:\/\/schema.org\/ImageObject\"> <a href=\"https:\/\/i0.wp.com\/blog.kunstgriff.net\/wp-content\/uploads\/2010\/08\/IMG_0003.jpg?ssl=1\" border=\"0\" itemprop=\"url\"> <meta itemprop=\"width\" content=\"259\"> <meta itemprop=\"height\" content=\"193\"> <img decoding=\"async\" class=\"\" data-attachment-id=\"2243\" data-orig-file=\"https:\/\/blog.kunstgriff.net\/wp-content\/uploads\/2010\/08\/IMG_0003.jpg\" data-orig-size=\"1000,747\" data-comments-opened=\"1\" data-image-meta=\"{&quot;aperture&quot;:&quot;2.4&quot;,&quot;credit&quot;:&quot;&quot;,&quot;camera&quot;:&quot;iPhone&quot;,&quot;caption&quot;:&quot;&quot;,&quot;created_timestamp&quot;:&quot;1282316613&quot;,&quot;copyright&quot;:&quot;&quot;,&quot;focal_length&quot;:&quot;3.85&quot;,&quot;iso&quot;:&quot;80&quot;,&quot;shutter_speed&quot;:&quot;0.0024509803921569&quot;,&quot;title&quot;:&quot;&quot;}\" data-image-title=\"IMG_0003\" data-image-description=\"\" data-medium-file=\"https:\/\/i0.wp.com\/blog.kunstgriff.net\/wp-content\/uploads\/2010\/08\/IMG_0003.jpg?fit=300%2C224&#038;ssl=1\" data-large-file=\"https:\/\/i0.wp.com\/blog.kunstgriff.net\/wp-content\/uploads\/2010\/08\/IMG_0003.jpg?fit=1000%2C747&#038;ssl=1\" src=\"https:\/\/i0.wp.com\/blog.kunstgriff.net\/wp-content\/uploads\/2010\/08\/IMG_0003.jpg?w=259&#038;h=193&#038;ssl=1\" srcset=\"https:\/\/i0.wp.com\/blog.kunstgriff.net\/wp-content\/uploads\/2010\/08\/IMG_0003.jpg?w=1000&amp;ssl=1 1000w, https:\/\/i0.wp.com\/blog.kunstgriff.net\/wp-content\/uploads\/2010\/08\/IMG_0003.jpg?resize=300%2C224&amp;ssl=1 300w\" width=\"259\" height=\"193\" loading=\"lazy\" data-original-width=\"259\" data-original-height=\"193\" itemprop=\"http:\/\/schema.org\/image\" title=\"IMG_0003\" alt=\"IMG_0003\" style=\"width: 259px; height: 193px;\" \/> <\/a> <\/div> <\/div> <!-- close group --> <div class=\"gallery-group images-1\" style=\"width: 262px; height: 197px;\" data-original-width=\"262\" data-original-height=\"197\" > <div class=\"tiled-gallery-item tiled-gallery-item-large\" itemprop=\"associatedMedia\" itemscope itemtype=\"http:\/\/schema.org\/ImageObject\"> <a href=\"https:\/\/i0.wp.com\/blog.kunstgriff.net\/wp-content\/uploads\/2010\/08\/IMG_0005.jpg?ssl=1\" border=\"0\" itemprop=\"url\"> <meta itemprop=\"width\" content=\"258\"> <meta itemprop=\"height\" content=\"193\"> <img decoding=\"async\" class=\"\" data-attachment-id=\"2244\" data-orig-file=\"https:\/\/blog.kunstgriff.net\/wp-content\/uploads\/2010\/08\/IMG_0005.jpg\" data-orig-size=\"1000,747\" data-comments-opened=\"1\" data-image-meta=\"{&quot;aperture&quot;:&quot;2.4&quot;,&quot;credit&quot;:&quot;&quot;,&quot;camera&quot;:&quot;iPhone&quot;,&quot;caption&quot;:&quot;&quot;,&quot;created_timestamp&quot;:&quot;1282316653&quot;,&quot;copyright&quot;:&quot;&quot;,&quot;focal_length&quot;:&quot;3.85&quot;,&quot;iso&quot;:&quot;80&quot;,&quot;shutter_speed&quot;:&quot;0.0016583747927032&quot;,&quot;title&quot;:&quot;&quot;}\" data-image-title=\"IMG_0005\" data-image-description=\"\" data-medium-file=\"https:\/\/i0.wp.com\/blog.kunstgriff.net\/wp-content\/uploads\/2010\/08\/IMG_0005.jpg?fit=300%2C224&#038;ssl=1\" data-large-file=\"https:\/\/i0.wp.com\/blog.kunstgriff.net\/wp-content\/uploads\/2010\/08\/IMG_0005.jpg?fit=1000%2C747&#038;ssl=1\" src=\"https:\/\/i0.wp.com\/blog.kunstgriff.net\/wp-content\/uploads\/2010\/08\/IMG_0005.jpg?w=258&#038;h=193&#038;ssl=1\" srcset=\"https:\/\/i0.wp.com\/blog.kunstgriff.net\/wp-content\/uploads\/2010\/08\/IMG_0005.jpg?w=1000&amp;ssl=1 1000w, https:\/\/i0.wp.com\/blog.kunstgriff.net\/wp-content\/uploads\/2010\/08\/IMG_0005.jpg?resize=300%2C224&amp;ssl=1 300w\" width=\"258\" height=\"193\" loading=\"lazy\" data-original-width=\"258\" data-original-height=\"193\" itemprop=\"http:\/\/schema.org\/image\" title=\"IMG_0005\" alt=\"IMG_0005\" style=\"width: 258px; height: 193px;\" \/> <\/a> <\/div> <\/div> <!-- close group --> <\/div> <!-- close row --> <\/div>\n<p><iframe height='405' width='590' frameborder='0' allowtransparency='true' scrolling='no' src='https:\/\/www.strava.com\/activities\/698654426\/embed\/ad455083d2d5ed963b1129c5d5e612dff29d5733'><\/iframe><\/p>\n","protected":false},"excerpt":{"rendered":"<p>oder &#8222;Vulkaneifel &#8211; nice to ride&#8220; Die Anreise in die Eifel war lang aber Dank Mercedes Vito von Christoph doch bequem. Die Temperaturen stiegen von Stunden zu Stunde und je n\u00e4her wir der Eifel kamen, desto ungeduldiger und gespannter wurden wir. Gegen 17 Uhr erreichten wir dann das weitl\u00e4ufige Areal des N\u00fcrburgrings und fuhren gleich &hellip; <\/p>\n<p class=\"link-more\"><a href=\"https:\/\/blog.kunstgriff.net\/?p=2231\" class=\"more-link\"><span class=\"screen-reader-text\">\u201eAnreisetag \u00bbRad am Ring\u00ab\u201c <\/span>weiterlesen<\/a><\/p>\n","protected":false},"author":2,"featured_media":0,"comment_status":"open","ping_status":"open","sticky":false,"template":"","format":"standard","meta":{"jetpack_post_was_ever_published":false,"_jetpack_newsletter_access":"","_jetpack_dont_email_post_to_subs":false,"_jetpack_newsletter_tier_id":0,"_jetpack_memberships_contains_paywalled_content":false,"_jetpack_memberships_contains_paid_content":false,"footnotes":""},"categories":[13,7,36],"tags":[],"class_list":["post-2231","post","type-post","status-publish","format-standard","hentry","category-radreise","category-rennradfahren","category-veranstaltungen"],"jetpack_featured_media_url":"","jetpack_shortlink":"https:\/\/wp.me\/p8Cxe7-zZ","jetpack-related-posts":[{"id":11554,"url":"https:\/\/blog.kunstgriff.net\/?p=11554","url_meta":{"origin":2231,"position":0},"title":"Mallorca Trainingscamp 2014 &#8211; Tag 1 &#8211; Can Picafort &#8211; Petra","author":"Georg","date":"M\u00e4rz 31, 2014","format":false,"excerpt":"oder \u00bbMit Micha & Micha zum Karottenkuchen nach Petra\u00abNachdem der Wecher heute schon um 3:45 Uhr klingelte, war klar, dass etwas grosses auf dem Programm stand: Rennradfahren auf meiner Lieblingsinsel. Die 6-Uhr-Maschine wurde p\u00fcnktlich erreicht und auch das Sport-Gep\u00e4ck aka Rennrad war sicher nach 2,5 Stunden Flugzeit in Palma auf\u2026","rel":"","context":"In &quot;Radfahren&quot;","block_context":{"text":"Radfahren","link":"https:\/\/blog.kunstgriff.net\/?cat=14"},"img":{"alt_text":"Auf dem Weg nach Petra hinter Can Picafort","src":"https:\/\/i0.wp.com\/blog.kunstgriff.net\/wp-content\/uploads\/2014\/03\/Auf-dem-Weg-nach-Petra-hinter-Can-Picafort.jpg?resize=350%2C200","width":350,"height":200,"srcset":"https:\/\/i0.wp.com\/blog.kunstgriff.net\/wp-content\/uploads\/2014\/03\/Auf-dem-Weg-nach-Petra-hinter-Can-Picafort.jpg?resize=350%2C200 1x, https:\/\/i0.wp.com\/blog.kunstgriff.net\/wp-content\/uploads\/2014\/03\/Auf-dem-Weg-nach-Petra-hinter-Can-Picafort.jpg?resize=525%2C300 1.5x, https:\/\/i0.wp.com\/blog.kunstgriff.net\/wp-content\/uploads\/2014\/03\/Auf-dem-Weg-nach-Petra-hinter-Can-Picafort.jpg?resize=700%2C400 2x, https:\/\/i0.wp.com\/blog.kunstgriff.net\/wp-content\/uploads\/2014\/03\/Auf-dem-Weg-nach-Petra-hinter-Can-Picafort.jpg?resize=1050%2C600 3x, https:\/\/i0.wp.com\/blog.kunstgriff.net\/wp-content\/uploads\/2014\/03\/Auf-dem-Weg-nach-Petra-hinter-Can-Picafort.jpg?resize=1400%2C800 4x"},"classes":[]},{"id":6233,"url":"https:\/\/blog.kunstgriff.net\/?p=6233","url_meta":{"origin":2231,"position":1},"title":"Hamburg->Berlin 2011","author":"Georg","date":"Oktober 15, 2011","format":false,"excerpt":"oder \u00bbFab-Five auf neuen Wegen\u00ab Der Wecker klingelte p\u00fcnktlich um 5:20 Uhr, nach einer sehr unruhigen Nacht. Immer wieder wurden wir durch Ger\u00e4usche von drau\u00dfen durch das offene Fenster geweckt. Sicher war es auch die Aufregung Vorfreude, welche uns wenige Tiefschlafphasen bescherte. Egal, denn wir wollten ja p\u00fcnktlich auf der\u2026","rel":"","context":"In &quot;Besonderes Ereignis&quot;","block_context":{"text":"Besonderes Ereignis","link":"https:\/\/blog.kunstgriff.net\/?cat=25"},"img":{"alt_text":"","src":"https:\/\/i0.wp.com\/blog.kunstgriff.net\/wp-content\/uploads\/2011\/10\/Weiter-auf-dem-Deich-nach-Wittenberge.jpg?fit=900%2C675&ssl=1&resize=350%2C200","width":350,"height":200,"srcset":"https:\/\/i0.wp.com\/blog.kunstgriff.net\/wp-content\/uploads\/2011\/10\/Weiter-auf-dem-Deich-nach-Wittenberge.jpg?fit=900%2C675&ssl=1&resize=350%2C200 1x, https:\/\/i0.wp.com\/blog.kunstgriff.net\/wp-content\/uploads\/2011\/10\/Weiter-auf-dem-Deich-nach-Wittenberge.jpg?fit=900%2C675&ssl=1&resize=525%2C300 1.5x, https:\/\/i0.wp.com\/blog.kunstgriff.net\/wp-content\/uploads\/2011\/10\/Weiter-auf-dem-Deich-nach-Wittenberge.jpg?fit=900%2C675&ssl=1&resize=700%2C400 2x"},"classes":[]},{"id":2201,"url":"https:\/\/blog.kunstgriff.net\/?p=2201","url_meta":{"origin":2231,"position":2},"title":"Nachtfahrtraining","author":"Georg","date":"August 16, 2010","format":false,"excerpt":"oder \"Dunkelheit & Regen - was kann es besseres geben?\"Da wir am kommenden Samstag bei Rad am Ring mindestens zwei Runden, also knapp 50 km bei absoluter Dunkelheit fahren m\u00fcssen, hatten wir heute ein Nachtfahrtraining f\u00fcr unser Team angesetzt. Dabei sollte nicht nur die Beherrschung des Rades im Dunkeln trainiert\u2026","rel":"","context":"In &quot;Radfahren&quot;","block_context":{"text":"Radfahren","link":"https:\/\/blog.kunstgriff.net\/?cat=14"},"img":{"alt_text":"","src":"","width":0,"height":0},"classes":[]},{"id":111,"url":"https:\/\/blog.kunstgriff.net\/?p=111","url_meta":{"origin":2231,"position":3},"title":"Bericht vom Zeitfahren Hamburg -> Berlin 2009","author":"Georg","date":"Oktober 17, 2009","format":false,"excerpt":"Nach einem ausgiebigen Dinner in unserem wundersch\u00f6nen\u00a0Hotel -Brasserie Lindenhof und dem Verstauen der Rennr\u00e4der im Heizungskeller des Hotels haben wir uns auf unsere Zwei- und Dreibett-Zimmer zur\u00fcckgezogen.\u00a0Der Schlaf war bedingt durch das bevorstehende Event unruhig und so erwachten Christoph und ich schon 15 Minuten bevor der Wecker um 5:05 Uhr\u2026","rel":"","context":"In &quot;Besonderes Ereignis&quot;","block_context":{"text":"Besonderes Ereignis","link":"https:\/\/blog.kunstgriff.net\/?cat=25"},"img":{"alt_text":"","src":"https:\/\/i0.wp.com\/blog.kunstgriff.net\/wp-content\/uploads\/2009\/10\/IMG_0307.jpg?fit=640%2C426&ssl=1&resize=350%2C200","width":350,"height":200,"srcset":"https:\/\/i0.wp.com\/blog.kunstgriff.net\/wp-content\/uploads\/2009\/10\/IMG_0307.jpg?fit=640%2C426&ssl=1&resize=350%2C200 1x, https:\/\/i0.wp.com\/blog.kunstgriff.net\/wp-content\/uploads\/2009\/10\/IMG_0307.jpg?fit=640%2C426&ssl=1&resize=525%2C300 1.5x"},"classes":[]},{"id":8337,"url":"https:\/\/blog.kunstgriff.net\/?p=8337","url_meta":{"origin":2231,"position":4},"title":"Nauders -> Meran -> Reschen Pass","author":"Georg","date":"Juni 22, 2012","format":false,"excerpt":"oder \u00bbAuf einen Cappuccino nach Meran\u00ab Heute stand eine lange, relativ flache Etappe auf dem Zettel. In den Alpen ist es allerdings nicht wirklich m\u00f6glich, flach zu fahren. Auf einer Distanz von 180 km kommen immer ein paar H\u00f6henmeter zusammen. Dirk hatte die Strecke f\u00fcr uns geplant und so ging\u2026","rel":"","context":"In &quot;Radfahren&quot;","block_context":{"text":"Radfahren","link":"https:\/\/blog.kunstgriff.net\/?cat=14"},"img":{"alt_text":"","src":"https:\/\/i0.wp.com\/blog.kunstgriff.net\/wp-content\/uploads\/2012\/06\/Naturstrasse-entlang-der-Etsch.jpg?resize=350%2C200","width":350,"height":200,"srcset":"https:\/\/i0.wp.com\/blog.kunstgriff.net\/wp-content\/uploads\/2012\/06\/Naturstrasse-entlang-der-Etsch.jpg?resize=350%2C200 1x, https:\/\/i0.wp.com\/blog.kunstgriff.net\/wp-content\/uploads\/2012\/06\/Naturstrasse-entlang-der-Etsch.jpg?resize=525%2C300 1.5x, https:\/\/i0.wp.com\/blog.kunstgriff.net\/wp-content\/uploads\/2012\/06\/Naturstrasse-entlang-der-Etsch.jpg?resize=700%2C400 2x"},"classes":[]},{"id":2590,"url":"https:\/\/blog.kunstgriff.net\/?p=2590","url_meta":{"origin":2231,"position":5},"title":"Hamburg->Berlin 2010","author":"Georg","date":"Oktober 16, 2010","format":false,"excerpt":"oder \"Neun Mann gegen den Wind\"Wie in den drei Jahren zuvor w\u00e4hlten wir f\u00fcr die Anreise nach Hamburg wieder die Deutsche Bahn, die unsere R\u00e4der und uns mit Ihren komfortablen IC\u2019s sicher und unp\u00fcnktlich nach Hamburg bringen sollte. Im Zug, den ich erst in Berlin-Spandau bestieg, sa\u00dfen schon meine Teamkameraden\u2026","rel":"","context":"In &quot;Besonderes Ereignis&quot;","block_context":{"text":"Besonderes Ereignis","link":"https:\/\/blog.kunstgriff.net\/?cat=25"},"img":{"alt_text":"","src":"https:\/\/i0.wp.com\/blog.kunstgriff.net\/wp-content\/uploads\/2010\/10\/IMG_4039.jpg?fit=600%2C395&ssl=1&resize=350%2C200","width":350,"height":200,"srcset":"https:\/\/i0.wp.com\/blog.kunstgriff.net\/wp-content\/uploads\/2010\/10\/IMG_4039.jpg?fit=600%2C395&ssl=1&resize=350%2C200 1x, https:\/\/i0.wp.com\/blog.kunstgriff.net\/wp-content\/uploads\/2010\/10\/IMG_4039.jpg?fit=600%2C395&ssl=1&resize=525%2C300 1.5x"},"classes":[]}],"jetpack_likes_enabled":true,"jetpack_sharing_enabled":true,"_links":{"self":[{"href":"https:\/\/blog.kunstgriff.net\/index.php?rest_route=\/wp\/v2\/posts\/2231","targetHints":{"allow":["GET"]}}],"collection":[{"href":"https:\/\/blog.kunstgriff.net\/index.php?rest_route=\/wp\/v2\/posts"}],"about":[{"href":"https:\/\/blog.kunstgriff.net\/index.php?rest_route=\/wp\/v2\/types\/post"}],"author":[{"embeddable":true,"href":"https:\/\/blog.kunstgriff.net\/index.php?rest_route=\/wp\/v2\/users\/2"}],"replies":[{"embeddable":true,"href":"https:\/\/blog.kunstgriff.net\/index.php?rest_route=%2Fwp%2Fv2%2Fcomments&post=2231"}],"version-history":[{"count":0,"href":"https:\/\/blog.kunstgriff.net\/index.php?rest_route=\/wp\/v2\/posts\/2231\/revisions"}],"wp:attachment":[{"href":"https:\/\/blog.kunstgriff.net\/index.php?rest_route=%2Fwp%2Fv2%2Fmedia&parent=2231"}],"wp:term":[{"taxonomy":"category","embeddable":true,"href":"https:\/\/blog.kunstgriff.net\/index.php?rest_route=%2Fwp%2Fv2%2Fcategories&post=2231"},{"taxonomy":"post_tag","embeddable":true,"href":"https:\/\/blog.kunstgriff.net\/index.php?rest_route=%2Fwp%2Fv2%2Ftags&post=2231"}],"curies":[{"name":"wp","href":"https:\/\/api.w.org\/{rel}","templated":true}]}}