{"id":2248,"date":"2010-08-21T22:00:16","date_gmt":"2010-08-21T20:00:16","guid":{"rendered":"http:\/\/blog.kunstgriff.net\/?p=2248"},"modified":"2017-06-13T15:03:04","modified_gmt":"2017-06-13T13:03:04","slug":"erster-tag-%c2%bbrad-am-ring%c2%ab","status":"publish","type":"post","link":"https:\/\/blog.kunstgriff.net\/?p=2248","title":{"rendered":"Erster Tag \u00bbRad am Ring\u00ab"},"content":{"rendered":"<span class=\"span-reading-time rt-reading-time\" style=\"display: block;\"><span class=\"rt-label rt-prefix\">Lesezeit: <\/span> <span class=\"rt-time\"> 2<\/span> <span class=\"rt-label rt-postfix\">Minuten<\/span><\/span><h4>oder &#8222;Die gr\u00fcne H\u00f6lle auf zwei R\u00e4dern&#8220;<\/h4>\n<hr \/>\n<p>Mit gro\u00dfer Vorfreude erwarteten wir den Start des 24-Stunden-Rennens \u00bbRad am Ring\u00ab um 13:15 Uhr. Der Vormittag wurde mit organisatorischen Dingen verbracht. Die Ausstattung unsere Boxennachbarn wurde bestaunt: Vollwertige Tischk\u00fchlschr\u00e4nke, Kochplatten, Kleiderst\u00e4nder, Rolle, Spinning-Warmfahr-Bikes stehen bereit, Mircowellenherde ja sogar komplette Massagetische wurden in die Box bef\u00f6rdert um das Leben ein wenig leichter zu machen. Da mutete unsere Ausstattung recht spartanische an: Neben einem Feldbett und Campingklappst\u00fchlen steht noch eine elektrische K\u00fchlbox zur Verf\u00fcgung.<\/p>\n<p><iframe loading=\"lazy\" src=\"https:\/\/www.strava.com\/activities\/698654494\/embed\/b1a49cfe38fd19c973e0dd926adc472ddc73df7e\" width=\"590\" height=\"405\" frameborder=\"0\" scrolling=\"no\"><\/iframe><\/p>\n<p><iframe loading=\"lazy\" src=\"https:\/\/www.strava.com\/activities\/698654460\/embed\/50603fb59daac4d83e391ee2fccca4d0c750b1d0\" width=\"590\" height=\"405\" frameborder=\"0\" scrolling=\"no\"><\/iframe><\/p>\n<p><iframe loading=\"lazy\" src=\"https:\/\/www.strava.com\/activities\/698654453\/embed\/1437027985044abe0f5b11203e920a50088d2c8b\" width=\"590\" height=\"405\" frameborder=\"0\" scrolling=\"no\"><\/iframe><\/p>\n<p>Nach dem Teamleiter-Briefing um 11 Uhr war ein wenig Eile geboten, denn ich mu\u00dfte mich p\u00fcnktlich zum Start einfinden. Die 24-Stunden-Fahrer starteten von ganz hinten aus Block F. Der Puls stieg auf 93 bpm bevor es endlich los ging. Auf der Einf\u00fchrungsrunde musste 2x \u00fcber die Grand-Prix-Strecke gefahren werden, bevor es raus auf die Nordschleife ging. Dort begann ich viele Fahrer zu kassieren, was nicht immer einfach war, denn niemand f\u00fchlte sich wirklich langsam und wollte rechts fahren, so musste ich oft rechts \u00fcberholen, was mir nicht wirklich liegt und immer Gefahr birgt.<\/p>\n<p>Schnell merkte ich das die Nordschleife nicht nur f\u00fcr motorisierte Rennfahrer ein anspruchsvolles Terrain ist. F\u00fcr uns Radler sind nicht die Kurven die Herausforderung, sondern die h\u00e4ufigen Wechsel aus Senken und Anstiegen machen ein vorausschauendes Fahren und Schalten sehr wichtig. Ich bin sehr gespannt wie mir das bei absoluter Dunkelheit gelingen wird. Das l\u00e4\u00dft sich jetzt um 19:04 nur erahnen.<\/p>\n<p><iframe loading=\"lazy\" src=\"https:\/\/www.strava.com\/activities\/698654445\/embed\/ef1098e501bb477f6795d95126c651e02fd399fe\" width=\"590\" height=\"405\" frameborder=\"0\" scrolling=\"no\"><\/iframe><\/p>\n<p>Unser Team harmoniert sehr gut und bisher sind uns noch keine Fehler unterlaufen. Die Transponderwechsel, welcher bisher per Klett am Fussgelenk befestigt sind werden nun umgestellt und wir haben ihn in eine leere Getr\u00e4nkeflasche verfrachtet. Das macht die \u00dcbergabe erheblich einfacher und schneller und wird gerade Nachts keinen dritten Mann mehr als Helfer erfordern.<\/p>\n<p>In der Gesamtplazierung arbeiten wir uns St\u00fcck f\u00fcr St\u00fcck nach vorne. Mal sehen ob wir das \u00fcber Nacht ausbauen k\u00f6nnen und noch in die Top-100 vordringen k\u00f6nnen. Nach der ersten Runde lagen wir noch auf Platz 315. Unsere beste Plazierung war nach Runde 5 ein 108er Platz.<\/p>\n<p>Du kannst die Ergebnisse live im Netz unter folgender URL einsehen:<\/p>\n<p><a href=\"http:\/\/radamring.r.mikatiming.de\/2010\" target=\"_blank\" rel=\"noopener\">http:\/\/radamring.r.mikatiming.de\/2010<\/a><\/p>\n<p>Ich hoffe das funktioniert nicht nur hier im IntraNet. &#8222;4er-Team-24-Stunden-Rennen&#8220; ausw\u00e4hlen und unsere Teamstartnummer ist <em>2008<\/em>.<\/p>\n<p>Die anderen Jungs aus Berlin haben die <em>2177.<\/em><\/p>\n<p>So nun muss ich aber erstmal Schluss machen, denn meine n\u00e4chste Abl\u00f6sung steht kurz bevor und es geht zum dritten mal raus in die &#8222;Gr\u00fcne H\u00f6lle&#8220;. Wohl die letzte Runde ohne Beleuchtung am Rennrad.<\/p>\n<p>N\u00e4chster Bericht am Sonntag fr\u00fch nach meiner Doppelrunde zum Sonnenaufgang.<\/p>\n<div class=\"tiled-gallery type-rectangular tiled-gallery-unresized\" data-original-width=\"525\" data-carousel-extra='{&quot;blog_id&quot;:1,&quot;permalink&quot;:&quot;https:\\\/\\\/blog.kunstgriff.net\\\/?p=2248&quot;,&quot;likes_blog_id&quot;:127394879}' itemscope itemtype=\"http:\/\/schema.org\/ImageGallery\" > <div class=\"gallery-row\" style=\"width: 525px; height: 111px;\" data-original-width=\"525\" data-original-height=\"111\" > <div class=\"gallery-group images-1\" style=\"width: 147px; height: 111px;\" data-original-width=\"147\" data-original-height=\"111\" > <div class=\"tiled-gallery-item tiled-gallery-item-small\" itemprop=\"associatedMedia\" itemscope itemtype=\"http:\/\/schema.org\/ImageObject\"> <a href=\"https:\/\/i0.wp.com\/blog.kunstgriff.net\/wp-content\/uploads\/2010\/08\/DSC02796.jpg?ssl=1\" border=\"0\" itemprop=\"url\"> <meta itemprop=\"width\" content=\"143\"> <meta itemprop=\"height\" content=\"107\"> <img decoding=\"async\" class=\"\" data-attachment-id=\"2259\" data-orig-file=\"https:\/\/blog.kunstgriff.net\/wp-content\/uploads\/2010\/08\/DSC02796.jpg\" data-orig-size=\"1000,750\" data-comments-opened=\"1\" data-image-meta=\"{&quot;aperture&quot;:&quot;8&quot;,&quot;credit&quot;:&quot;&quot;,&quot;camera&quot;:&quot;DSC-T30&quot;,&quot;caption&quot;:&quot;&quot;,&quot;created_timestamp&quot;:&quot;1282387649&quot;,&quot;copyright&quot;:&quot;&quot;,&quot;focal_length&quot;:&quot;6.33&quot;,&quot;iso&quot;:&quot;125&quot;,&quot;shutter_speed&quot;:&quot;0.002&quot;,&quot;title&quot;:&quot;&quot;}\" data-image-title=\"DSC02796\" data-image-description=\"\" data-medium-file=\"https:\/\/i0.wp.com\/blog.kunstgriff.net\/wp-content\/uploads\/2010\/08\/DSC02796.jpg?fit=300%2C225&#038;ssl=1\" data-large-file=\"https:\/\/i0.wp.com\/blog.kunstgriff.net\/wp-content\/uploads\/2010\/08\/DSC02796.jpg?fit=1000%2C750&#038;ssl=1\" src=\"https:\/\/i0.wp.com\/blog.kunstgriff.net\/wp-content\/uploads\/2010\/08\/DSC02796.jpg?w=143&#038;h=107&#038;ssl=1\" srcset=\"https:\/\/i0.wp.com\/blog.kunstgriff.net\/wp-content\/uploads\/2010\/08\/DSC02796.jpg?w=1000&amp;ssl=1 1000w, https:\/\/i0.wp.com\/blog.kunstgriff.net\/wp-content\/uploads\/2010\/08\/DSC02796.jpg?resize=300%2C225&amp;ssl=1 300w\" width=\"143\" height=\"107\" loading=\"lazy\" data-original-width=\"143\" data-original-height=\"107\" itemprop=\"http:\/\/schema.org\/image\" title=\"DSC02796\" alt=\"Das Team kurz vor dem Start\" style=\"width: 143px; height: 107px;\" \/> <\/a> <div class=\"tiled-gallery-caption\" itemprop=\"caption description\"> Das Team kurz vor dem Start <\/div> <\/div> <\/div> <!-- close group --> <div class=\"gallery-group images-1\" style=\"width: 84px; height: 111px;\" data-original-width=\"84\" data-original-height=\"111\" > <div class=\"tiled-gallery-item tiled-gallery-item-small\" itemprop=\"associatedMedia\" itemscope itemtype=\"http:\/\/schema.org\/ImageObject\"> <a href=\"https:\/\/i0.wp.com\/blog.kunstgriff.net\/wp-content\/uploads\/2010\/08\/DSC02799.jpg?ssl=1\" border=\"0\" itemprop=\"url\"> <meta itemprop=\"width\" content=\"80\"> <meta itemprop=\"height\" content=\"107\"> <img decoding=\"async\" class=\"\" data-attachment-id=\"2260\" data-orig-file=\"https:\/\/blog.kunstgriff.net\/wp-content\/uploads\/2010\/08\/DSC02799.jpg\" data-orig-size=\"750,1000\" data-comments-opened=\"1\" data-image-meta=\"{&quot;aperture&quot;:&quot;3.5&quot;,&quot;credit&quot;:&quot;&quot;,&quot;camera&quot;:&quot;DSC-T30&quot;,&quot;caption&quot;:&quot;&quot;,&quot;created_timestamp&quot;:&quot;1282397489&quot;,&quot;copyright&quot;:&quot;&quot;,&quot;focal_length&quot;:&quot;6.33&quot;,&quot;iso&quot;:&quot;320&quot;,&quot;shutter_speed&quot;:&quot;0.076923076923077&quot;,&quot;title&quot;:&quot;&quot;}\" data-image-title=\"DSC02799\" data-image-description=\"\" data-medium-file=\"https:\/\/i0.wp.com\/blog.kunstgriff.net\/wp-content\/uploads\/2010\/08\/DSC02799.jpg?fit=225%2C300&#038;ssl=1\" data-large-file=\"https:\/\/i0.wp.com\/blog.kunstgriff.net\/wp-content\/uploads\/2010\/08\/DSC02799.jpg?fit=750%2C1000&#038;ssl=1\" src=\"https:\/\/i0.wp.com\/blog.kunstgriff.net\/wp-content\/uploads\/2010\/08\/DSC02799.jpg?w=80&#038;h=107&#038;ssl=1\" srcset=\"https:\/\/i0.wp.com\/blog.kunstgriff.net\/wp-content\/uploads\/2010\/08\/DSC02799.jpg?w=750&amp;ssl=1 750w, https:\/\/i0.wp.com\/blog.kunstgriff.net\/wp-content\/uploads\/2010\/08\/DSC02799.jpg?resize=225%2C300&amp;ssl=1 225w\" width=\"80\" height=\"107\" loading=\"lazy\" data-original-width=\"80\" data-original-height=\"107\" itemprop=\"http:\/\/schema.org\/image\" title=\"DSC02799\" alt=\"Peter versucht zu entspannen\" style=\"width: 80px; height: 107px;\" \/> <\/a> <div class=\"tiled-gallery-caption\" itemprop=\"caption description\"> Peter versucht zu entspannen <\/div> <\/div> <\/div> <!-- close group --> <div class=\"gallery-group images-1\" style=\"width: 147px; height: 111px;\" data-original-width=\"147\" data-original-height=\"111\" > <div class=\"tiled-gallery-item tiled-gallery-item-small\" itemprop=\"associatedMedia\" itemscope itemtype=\"http:\/\/schema.org\/ImageObject\"> <a href=\"https:\/\/i0.wp.com\/blog.kunstgriff.net\/wp-content\/uploads\/2010\/08\/DSC02800.jpg?ssl=1\" border=\"0\" itemprop=\"url\"> <meta itemprop=\"width\" content=\"143\"> <meta itemprop=\"height\" content=\"107\"> <img decoding=\"async\" class=\"\" data-attachment-id=\"2261\" data-orig-file=\"https:\/\/blog.kunstgriff.net\/wp-content\/uploads\/2010\/08\/DSC02800.jpg\" data-orig-size=\"1000,750\" data-comments-opened=\"1\" data-image-meta=\"{&quot;aperture&quot;:&quot;5.6&quot;,&quot;credit&quot;:&quot;&quot;,&quot;camera&quot;:&quot;DSC-T30&quot;,&quot;caption&quot;:&quot;&quot;,&quot;created_timestamp&quot;:&quot;1282401389&quot;,&quot;copyright&quot;:&quot;&quot;,&quot;focal_length&quot;:&quot;6.33&quot;,&quot;iso&quot;:&quot;125&quot;,&quot;shutter_speed&quot;:&quot;0.0015625&quot;,&quot;title&quot;:&quot;&quot;}\" data-image-title=\"DSC02800\" data-image-description=\"\" data-medium-file=\"https:\/\/i0.wp.com\/blog.kunstgriff.net\/wp-content\/uploads\/2010\/08\/DSC02800.jpg?fit=300%2C225&#038;ssl=1\" data-large-file=\"https:\/\/i0.wp.com\/blog.kunstgriff.net\/wp-content\/uploads\/2010\/08\/DSC02800.jpg?fit=1000%2C750&#038;ssl=1\" src=\"https:\/\/i0.wp.com\/blog.kunstgriff.net\/wp-content\/uploads\/2010\/08\/DSC02800.jpg?w=143&#038;h=107&#038;ssl=1\" srcset=\"https:\/\/i0.wp.com\/blog.kunstgriff.net\/wp-content\/uploads\/2010\/08\/DSC02800.jpg?w=1000&amp;ssl=1 1000w, https:\/\/i0.wp.com\/blog.kunstgriff.net\/wp-content\/uploads\/2010\/08\/DSC02800.jpg?resize=300%2C225&amp;ssl=1 300w\" width=\"143\" height=\"107\" loading=\"lazy\" data-original-width=\"143\" data-original-height=\"107\" itemprop=\"http:\/\/schema.org\/image\" title=\"DSC02800\" alt=\"raus auf die Runde\" style=\"width: 143px; height: 107px;\" \/> <\/a> <div class=\"tiled-gallery-caption\" itemprop=\"caption description\"> raus auf die Runde <\/div> <\/div> <\/div> <!-- close group --> <div class=\"gallery-group images-1\" style=\"width: 147px; height: 111px;\" data-original-width=\"147\" data-original-height=\"111\" > <div class=\"tiled-gallery-item tiled-gallery-item-small\" itemprop=\"associatedMedia\" itemscope itemtype=\"http:\/\/schema.org\/ImageObject\"> <a href=\"https:\/\/i0.wp.com\/blog.kunstgriff.net\/wp-content\/uploads\/2010\/08\/DSC02794.jpg?ssl=1\" border=\"0\" itemprop=\"url\"> <meta itemprop=\"width\" content=\"143\"> <meta itemprop=\"height\" content=\"107\"> <img decoding=\"async\" class=\"\" data-attachment-id=\"2258\" data-orig-file=\"https:\/\/blog.kunstgriff.net\/wp-content\/uploads\/2010\/08\/DSC02794.jpg\" data-orig-size=\"1000,750\" data-comments-opened=\"1\" data-image-meta=\"{&quot;aperture&quot;:&quot;5.6&quot;,&quot;credit&quot;:&quot;&quot;,&quot;camera&quot;:&quot;DSC-T30&quot;,&quot;caption&quot;:&quot;&quot;,&quot;created_timestamp&quot;:&quot;1282387618&quot;,&quot;copyright&quot;:&quot;&quot;,&quot;focal_length&quot;:&quot;6.33&quot;,&quot;iso&quot;:&quot;125&quot;,&quot;shutter_speed&quot;:&quot;0.0015625&quot;,&quot;title&quot;:&quot;&quot;}\" data-image-title=\"DSC02794\" data-image-description=\"\" data-medium-file=\"https:\/\/i0.wp.com\/blog.kunstgriff.net\/wp-content\/uploads\/2010\/08\/DSC02794.jpg?fit=300%2C225&#038;ssl=1\" data-large-file=\"https:\/\/i0.wp.com\/blog.kunstgriff.net\/wp-content\/uploads\/2010\/08\/DSC02794.jpg?fit=1000%2C750&#038;ssl=1\" src=\"https:\/\/i0.wp.com\/blog.kunstgriff.net\/wp-content\/uploads\/2010\/08\/DSC02794.jpg?w=143&#038;h=107&#038;ssl=1\" srcset=\"https:\/\/i0.wp.com\/blog.kunstgriff.net\/wp-content\/uploads\/2010\/08\/DSC02794.jpg?w=1000&amp;ssl=1 1000w, https:\/\/i0.wp.com\/blog.kunstgriff.net\/wp-content\/uploads\/2010\/08\/DSC02794.jpg?resize=300%2C225&amp;ssl=1 300w\" width=\"143\" height=\"107\" loading=\"lazy\" data-original-width=\"143\" data-original-height=\"107\" itemprop=\"http:\/\/schema.org\/image\" title=\"DSC02794\" alt=\"super Team\" style=\"width: 143px; height: 107px;\" \/> <\/a> <div class=\"tiled-gallery-caption\" itemprop=\"caption description\"> super Team <\/div> <\/div> <\/div> <!-- close group --> <\/div> <!-- close row --> <\/div>\n","protected":false},"excerpt":{"rendered":"<p>oder &#8222;Die gr\u00fcne H\u00f6lle auf zwei R\u00e4dern&#8220; Mit gro\u00dfer Vorfreude erwarteten wir den Start des 24-Stunden-Rennens \u00bbRad am Ring\u00ab um 13:15 Uhr. Der Vormittag wurde mit organisatorischen Dingen verbracht. Die Ausstattung unsere Boxennachbarn wurde bestaunt: Vollwertige Tischk\u00fchlschr\u00e4nke, Kochplatten, Kleiderst\u00e4nder, Rolle, Spinning-Warmfahr-Bikes stehen bereit, Mircowellenherde ja sogar komplette Massagetische wurden in die Box bef\u00f6rdert um das &hellip; <\/p>\n<p class=\"link-more\"><a href=\"https:\/\/blog.kunstgriff.net\/?p=2248\" class=\"more-link\"><span class=\"screen-reader-text\">\u201eErster Tag \u00bbRad am Ring\u00ab\u201c <\/span>weiterlesen<\/a><\/p>\n","protected":false},"author":2,"featured_media":2259,"comment_status":"open","ping_status":"open","sticky":false,"template":"","format":"standard","meta":{"jetpack_post_was_ever_published":false,"_jetpack_newsletter_access":"","_jetpack_dont_email_post_to_subs":false,"_jetpack_newsletter_tier_id":0,"_jetpack_memberships_contains_paywalled_content":false,"_jetpack_memberships_contains_paid_content":false,"footnotes":""},"categories":[13,7,36],"tags":[],"class_list":["post-2248","post","type-post","status-publish","format-standard","has-post-thumbnail","hentry","category-radreise","category-rennradfahren","category-veranstaltungen"],"jetpack_featured_media_url":"https:\/\/i0.wp.com\/blog.kunstgriff.net\/wp-content\/uploads\/2010\/08\/DSC02796.jpg?fit=1000%2C750&ssl=1","jetpack_shortlink":"https:\/\/wp.me\/p8Cxe7-Ag","jetpack-related-posts":[{"id":10818,"url":"https:\/\/blog.kunstgriff.net\/?p=10818","url_meta":{"origin":2248,"position":0},"title":"\u00bbRad am Ring\u00ab 2013 3.&#038; 4. Wechsel","author":"Georg","date":"September 8, 2013","format":false,"excerpt":"oder \u00bbNachtfahrt und Fr\u00fchsport\u00abUm 22:40 Uhr seine 100 km Ausfahrt mit \u00fcber 2.000 H\u00f6henmetern zu beginnen, hat schon was. Da ist es ganz wichtig, sich motivieren zu k\u00f6nnen und den richtigen Film im Kopfkino einzulegen, sonst scheitert das Vorhaben schon bei km 12 auf dem Weg, hoch zur Hohen Acht.\u2026","rel":"","context":"In &quot;Besonderes Ereignis&quot;","block_context":{"text":"Besonderes Ereignis","link":"https:\/\/blog.kunstgriff.net\/?cat=25"},"img":{"alt_text":"Rad am Ring 2013 ist f\u00fcr mich Geschichte","src":"https:\/\/i0.wp.com\/blog.kunstgriff.net\/wp-content\/uploads\/2013\/09\/Rad-am-Ring-2013-ist-f%C3%BCr-mich-Geschichte.jpg?resize=350%2C200","width":350,"height":200,"srcset":"https:\/\/i0.wp.com\/blog.kunstgriff.net\/wp-content\/uploads\/2013\/09\/Rad-am-Ring-2013-ist-f%C3%BCr-mich-Geschichte.jpg?resize=350%2C200 1x, https:\/\/i0.wp.com\/blog.kunstgriff.net\/wp-content\/uploads\/2013\/09\/Rad-am-Ring-2013-ist-f%C3%BCr-mich-Geschichte.jpg?resize=525%2C300 1.5x, https:\/\/i0.wp.com\/blog.kunstgriff.net\/wp-content\/uploads\/2013\/09\/Rad-am-Ring-2013-ist-f%C3%BCr-mich-Geschichte.jpg?resize=700%2C400 2x, https:\/\/i0.wp.com\/blog.kunstgriff.net\/wp-content\/uploads\/2013\/09\/Rad-am-Ring-2013-ist-f%C3%BCr-mich-Geschichte.jpg?resize=1050%2C600 3x"},"classes":[]},{"id":2231,"url":"https:\/\/blog.kunstgriff.net\/?p=2231","url_meta":{"origin":2248,"position":1},"title":"Anreisetag \u00bbRad am Ring\u00ab","author":"Georg","date":"August 20, 2010","format":false,"excerpt":"oder \"Vulkaneifel - nice to ride\"Die Anreise in die Eifel war lang aber Dank Mercedes Vito von Christoph doch bequem. Die Temperaturen stiegen von Stunden zu Stunde und je n\u00e4her wir der Eifel kamen, desto ungeduldiger und gespannter wurden wir. Gegen 17 Uhr erreichten wir dann das weitl\u00e4ufige Areal des\u2026","rel":"","context":"In &quot;Radreise&quot;","block_context":{"text":"Radreise","link":"https:\/\/blog.kunstgriff.net\/?cat=13"},"img":{"alt_text":"","src":"https:\/\/i0.wp.com\/blog.kunstgriff.net\/wp-content\/uploads\/2010\/08\/IMG_0003.jpg?resize=350%2C200","width":350,"height":200},"classes":[]},{"id":2279,"url":"https:\/\/blog.kunstgriff.net\/?p=2279","url_meta":{"origin":2248,"position":2},"title":"Der Morgen \u00bbRad am Ring\u00ab","author":"Georg","date":"August 23, 2010","format":false,"excerpt":"oder \"Der Countdown l\u00e4uft\"Die Nacht war \u00fcberstanden und ich wartete auf meine letzte Runde in der \"Gr\u00fcnen H\u00f6lle\". Einerseits wollte ich diese Runde noch einmal richtig genie\u00dfen und die Strecke einatmen, andererseits musste wieder richtig am Rad gedreht werden um unsere Plazierung im Gesamtklassement zu halten oder gar zu verbessern.\u2026","rel":"","context":"In &quot;Radreise&quot;","block_context":{"text":"Radreise","link":"https:\/\/blog.kunstgriff.net\/?cat=13"},"img":{"alt_text":"","src":"https:\/\/i0.wp.com\/blog.kunstgriff.net\/wp-content\/uploads\/2010\/08\/DSC028001.jpg?fit=550%2C413&ssl=1&resize=350%2C200","width":350,"height":200,"srcset":"https:\/\/i0.wp.com\/blog.kunstgriff.net\/wp-content\/uploads\/2010\/08\/DSC028001.jpg?fit=550%2C413&ssl=1&resize=350%2C200 1x, https:\/\/i0.wp.com\/blog.kunstgriff.net\/wp-content\/uploads\/2010\/08\/DSC028001.jpg?fit=550%2C413&ssl=1&resize=525%2C300 1.5x"},"classes":[]},{"id":2590,"url":"https:\/\/blog.kunstgriff.net\/?p=2590","url_meta":{"origin":2248,"position":3},"title":"Hamburg->Berlin 2010","author":"Georg","date":"Oktober 16, 2010","format":false,"excerpt":"oder \"Neun Mann gegen den Wind\"Wie in den drei Jahren zuvor w\u00e4hlten wir f\u00fcr die Anreise nach Hamburg wieder die Deutsche Bahn, die unsere R\u00e4der und uns mit Ihren komfortablen IC\u2019s sicher und unp\u00fcnktlich nach Hamburg bringen sollte. Im Zug, den ich erst in Berlin-Spandau bestieg, sa\u00dfen schon meine Teamkameraden\u2026","rel":"","context":"In &quot;Besonderes Ereignis&quot;","block_context":{"text":"Besonderes Ereignis","link":"https:\/\/blog.kunstgriff.net\/?cat=25"},"img":{"alt_text":"","src":"https:\/\/i0.wp.com\/blog.kunstgriff.net\/wp-content\/uploads\/2010\/10\/IMG_4039.jpg?fit=600%2C395&ssl=1&resize=350%2C200","width":350,"height":200,"srcset":"https:\/\/i0.wp.com\/blog.kunstgriff.net\/wp-content\/uploads\/2010\/10\/IMG_4039.jpg?fit=600%2C395&ssl=1&resize=350%2C200 1x, https:\/\/i0.wp.com\/blog.kunstgriff.net\/wp-content\/uploads\/2010\/10\/IMG_4039.jpg?fit=600%2C395&ssl=1&resize=525%2C300 1.5x"},"classes":[]},{"id":10036,"url":"https:\/\/blog.kunstgriff.net\/?p=10036","url_meta":{"origin":2248,"position":4},"title":"Potsdam-Ketzin-Runde","author":"Georg","date":"April 7, 2013","format":false,"excerpt":"oder \u00bbAb in den Fr\u00fchling\u00abMein Kettenbruder Christoph N. hatte heute zu einer Fr\u00fchlingsrunde auf fb gerufen. Genau der richtige Wiedereinstieg nach drei Wochen Rennrad-Abstinentz. So trafen wir uns um 11 Uhr am Auerbachtunnel um diese, mir bekannte Strecke unter die Laufr\u00e4der zu nehmen. Recht geordnet ging es in gro\u00dfer Gruppe\u2026","rel":"","context":"In &quot;Radfahren&quot;","block_context":{"text":"Radfahren","link":"https:\/\/blog.kunstgriff.net\/?cat=14"},"img":{"alt_text":"Unfreiwilliger Stop an der Glienicker Br\u00fccke","src":"https:\/\/i0.wp.com\/blog.kunstgriff.net\/wp-content\/uploads\/2013\/04\/Unfreiwilliger-Stop-an-der-Glienicker-Br%C3%BCcke-300x225.jpg?resize=350%2C200","width":350,"height":200},"classes":[]},{"id":2214,"url":"https:\/\/blog.kunstgriff.net\/?p=2214","url_meta":{"origin":2248,"position":5},"title":"Kurze Nordrunde \u00fcber Kremmen","author":"Georg","date":"August 18, 2010","format":false,"excerpt":"oder \"Letztes Training vor Rad am Ring inklusive Foto mit rotem Blitz in Boernicke\"Die klassische Feierabendrunden-Hatz am Mittwoch mit meinen Rennrad-Buddies musste heute ausfallen. Zum einen war das Wetter zu unbest\u00e4ndig und zum Anderen, viel wichtiger, wollte ich heute auf keinen Fall mehr Bolzen und mir die Beine kaputt fahren\u2026","rel":"","context":"In &quot;Garmin&quot;","block_context":{"text":"Garmin","link":"https:\/\/blog.kunstgriff.net\/?cat=35"},"img":{"alt_text":"","src":"https:\/\/i0.wp.com\/blog.kunstgriff.net\/wp-content\/uploads\/2010\/08\/BoernickeBlitzer.png?resize=350%2C200","width":350,"height":200,"srcset":"https:\/\/i0.wp.com\/blog.kunstgriff.net\/wp-content\/uploads\/2010\/08\/BoernickeBlitzer.png?resize=350%2C200 1x, https:\/\/i0.wp.com\/blog.kunstgriff.net\/wp-content\/uploads\/2010\/08\/BoernickeBlitzer.png?resize=525%2C300 1.5x"},"classes":[]}],"jetpack_likes_enabled":true,"jetpack_sharing_enabled":true,"_links":{"self":[{"href":"https:\/\/blog.kunstgriff.net\/index.php?rest_route=\/wp\/v2\/posts\/2248","targetHints":{"allow":["GET"]}}],"collection":[{"href":"https:\/\/blog.kunstgriff.net\/index.php?rest_route=\/wp\/v2\/posts"}],"about":[{"href":"https:\/\/blog.kunstgriff.net\/index.php?rest_route=\/wp\/v2\/types\/post"}],"author":[{"embeddable":true,"href":"https:\/\/blog.kunstgriff.net\/index.php?rest_route=\/wp\/v2\/users\/2"}],"replies":[{"embeddable":true,"href":"https:\/\/blog.kunstgriff.net\/index.php?rest_route=%2Fwp%2Fv2%2Fcomments&post=2248"}],"version-history":[{"count":0,"href":"https:\/\/blog.kunstgriff.net\/index.php?rest_route=\/wp\/v2\/posts\/2248\/revisions"}],"wp:featuredmedia":[{"embeddable":true,"href":"https:\/\/blog.kunstgriff.net\/index.php?rest_route=\/wp\/v2\/media\/2259"}],"wp:attachment":[{"href":"https:\/\/blog.kunstgriff.net\/index.php?rest_route=%2Fwp%2Fv2%2Fmedia&parent=2248"}],"wp:term":[{"taxonomy":"category","embeddable":true,"href":"https:\/\/blog.kunstgriff.net\/index.php?rest_route=%2Fwp%2Fv2%2Fcategories&post=2248"},{"taxonomy":"post_tag","embeddable":true,"href":"https:\/\/blog.kunstgriff.net\/index.php?rest_route=%2Fwp%2Fv2%2Ftags&post=2248"}],"curies":[{"name":"wp","href":"https:\/\/api.w.org\/{rel}","templated":true}]}}