{"id":2265,"date":"2010-08-22T09:30:28","date_gmt":"2010-08-22T07:30:28","guid":{"rendered":"http:\/\/blog.kunstgriff.net\/?p=2265"},"modified":"2017-06-13T14:56:52","modified_gmt":"2017-06-13T12:56:52","slug":"die-nacht-%c2%bbrad-am-ring%c2%ab","status":"publish","type":"post","link":"https:\/\/blog.kunstgriff.net\/?p=2265","title":{"rendered":"Die Nacht \u00bbRad am Ring\u00ab"},"content":{"rendered":"<span class=\"span-reading-time rt-reading-time\" style=\"display: block;\"><span class=\"rt-label rt-prefix\">Lesezeit: <\/span> <span class=\"rt-time\"> 3<\/span> <span class=\"rt-label rt-postfix\">Minuten<\/span><\/span><h4>oder &#8222;Oh what a night!&#8220;<\/h4>\n<hr \/>\n<p>Jetzt war es so weit: Die Sonne verschwand am Horizont und es wurde Dunkel. Wir waren vom Material her gut f\u00fcr die Nacht ger\u00fcstet: Alle hatten sehr leuchtstarke Scheinwerfer an Ihren Rennern. Dank der Leihgabe von Karsten konnte ich sogar mit zwei Scheinwerfern fahren. So standen auch tollk\u00fchnen Abfahrten bei Nacht nichts im Wege.<\/p>\n<p>Mein Runde, die 13. (!), begann um kurz vor Eins, die Transponder\u00fcbergabe w\u00e4hrend der Fahrt klappte super: Wir reichten uns den Transponder in einer leeren Wasserflasche w\u00e4hrende der Fahrt &#8211; wie bei einem Staffellauf. Zuerst musste ich mich jedoch an die absolute Dunkelheit gew\u00f6hnen, da ich die Strecke nun aber schon ein wenig kannte konnte ich mich recht schnell drauf einstellen.<\/p>\n<p>Ich hatte den VP (Virtuellen Partner) von einer vorigen Runde &#8211; im Hellen &#8211; aktiviert und wollte sehen wie sehr ich an eine helle Rundenzeit ankn\u00fcpfen werde k\u00f6nnen. Es lief recht gut ich war immer weniger als 200m hinter mir. Sicher auch bedingt durch den wenigen Radverkehr und die langsameren Abfahrer bei Nacht. Ich lie\u00df es ordentlich krachen und verblies viele K\u00f6rner, denn nach dieser Runde hatte ich f\u00fcr mehr als 4 Stunden Pause, da die 14. Runde eine Doppelrunde f\u00fcr meine Teammitglieder sein sollten. Wir hatten das vorher so eingerichtet, damit jeder in der Nacht eine l\u00e4ngere Pause zum schlafen hatte.<\/p>\n<p>Ich kam nach 53 Minuten nur wenige Meter hinter meinem VP in die Boxengasse und da passierte das Malheur: Ich griff in meiner Angespanntheit nicht nach der Transponderflasche und \u00fcbergab sie Peter sondern schickte ihn mit meiner fast leeren Wasserflasche in die Nacht!<\/p>\n<p>Nach wenigen Minuten im Klappstuhl sitzend in der Box bemerkte ich das auf unsere Tisch nicht meine Wasserflasche stand, sondern die Transponderflasche!<\/p>\n<p><em>Panik! <\/em>Ich war entsetzt und eine schnelle Entscheidung musste her. Ich entschied, erneut auf eine Rund zu gehen, mit Transponder und bat Jan, der den Boxen-Telefon-Funk zu diesem Zeitpunkt leitete, Peter anzurufen. Dieser ging, verst\u00e4ndlicher Weise, erstmal nicht an sein Handy. Er sollte ja fahren und nicht telefonieren.<\/p>\n<p>Ich machte mich unmittelbar auf die Reise, war aber so zerstreut, das ich mein Handy verga\u00df. Also noch mal umkehren und los. Ich hoffte innig, das Jan Peter erreichen w\u00fcrde, denn es w\u00e4re fatal, wenn Peter 2 Runden durchfahren w\u00fcrde, ohne zu merken, das er nur meine Trinkflasche an Board hat.<\/p>\n<p>Ich war so durcheinander auf meiner zweiten Runde, ja auch kaputt durch die gro\u00dfe Anstrengung, das ich mich an der ersten Senke verschaltete und die Kette absprang. <em>What a nightmare!<\/em> Angehalten hektisch die Kette wieder aufgelegt und weiter.<\/p>\n<p>Nun begannen die Steigungen und das Handy klingelte! Anhalten, Handy auspacken, Jan war dran. Er hatte zum Gl\u00fcck Peter erreicht und mit Ihm ausgemacht das dieser vor der Opel-Steilkurve auf mich warten w\u00fcrde. Klasse dort w\u00fcrde ich wohl in maximal f\u00fcnf Minuten auch eintreffen und k\u00f6nnte dann den Transponder \u00fcbergeben.<\/p>\n<p><iframe height='405' width='590' frameborder='0' allowtransparency='true' scrolling='no' src='https:\/\/www.strava.com\/activities\/698654498\/embed\/6ca18935a4344053258f040958840a24b29cd89e'><\/iframe><\/p>\n<p>In der N\u00e4he vom Treffpunkt h\u00f6rte ich schon Peters Stimme meinen Namen in die Nacht hinein rufen. Ich \u00dcbergabe den Transponder mit einer gro\u00dfen Entschuldigung. Peter antwortete: <em>&#8222;Es gibt schlimmeres&#8220;<\/em>, was mich wieder richtig aufbaute: Wahrer Sportsgeist! Ganz gro\u00dfes Kino!<\/p>\n<p>Ich hatte nun <em>meine Strafe<\/em> auszul\u00f6ffeln und musste diese Fehlrunde zu Ende fahren. Die Anstiege sind auch langsam nicht ohne und kosten ordentlich K\u00f6rner. Aber wenigstens musste ich nicht auf die Uhr schauen und musste nicht im <em>Time-Trial-Tempo<\/em> den Rundkurs absolviere.<\/p>\n<p>Am Ende kostete uns diese 14. Runde 12 Minuten extra. So fatal wie sich die Situation f\u00fcr mich am Anfang darstellte, h\u00e4tte es weit aus schlimmer kommen k\u00f6nnnen. Nun muss ich wohl bef\u00fcrchten, sollte ich hier im n\u00e4chsten Jahr wieder starten wolle, das mich niemand mehr in seinem Team haben m\u00f6chte und ich als Einzelstarter die 24 Stunden angehen muss.<\/p>\n<p><iframe height='405' width='590' frameborder='0' allowtransparency='true' scrolling='no' src='https:\/\/www.strava.com\/activities\/698654438\/embed\/4ca5223c0e03790d51c899633e0d7d330523b16e'><\/iframe><\/p>\n<p>Nach den zwei Runden war ich nicht nur nervlich sondern auch kr\u00e4ftem\u00e4\u00dfig am Ende, zugleich aber total aufgedreht. Ich wusste das ich eine M\u00fctze schlaf bekommen musste, sonst w\u00fcrden meine fest eingeplanten zwei Runden im Morgengrauen b\u00f6se Ende. Ich legte mir Schaumstoffmatten im Heck des Vitos aus uns versuchte zu schlafen. Das gelang mir zum Gl\u00fcck auch bis um kurz nach f\u00fcnf als ich durch einen Anruf von unserem Team geweckt wurde. Ich hatte mich nicht ordentlich abgemeldet und keiner wusste wo ich steckte. Die erste halbe Stunde wach war der Horror: Mir war kalt und ich zitterte. Ich trank ein RedBull und a\u00df zwei PowerBars &#8211; <em>what a breakfast! <\/em> &#8211; und es begann mir langsam besser zu gehen. Jan erreichte p\u00fcnktlich zum Sonnenaufgang, nachdem er seine zwei Runden absolviert hatte, unsere Box und \u00fcbergab mir korrekt den Transponder.<\/p>\n<p>Die Beine f\u00fchlten sich schlecht an, richtg Druck aufbauen war irgendwie nicht mehr m\u00f6glich. Schnell merkte ich aber, das es den Anderen auf der Strecke genau so ging und ich konnte am Berg viele kassieren und ausspucken. Das nach der Runde noch eine Runde gefahren werden musste, half nat\u00fcrlich \u00fcberhaupt nicht im Kopfkino. Der Film wollte einfach nicht richtig in Gang kommen. Also neue Taktik: Kino komplett ausschalten, einfach reintreten und irgendwann w\u00fcrde ich zum zweiten mal die Box erreichen. So kam es auch und ich konnte bei beiden Runden unter 60 Minuten bleiben.<\/p>\n<p>In der Gesamtwertung rutschten wir zum Ende der Nacht zum ersten mal in die Top-100. Mal sehen ob wir das bis zum Ende halten k\u00f6nnen. Noch knapp 4 Stunden <em>2go<\/em>\u2026<\/p>\n<div class=\"tiled-gallery type-rectangular tiled-gallery-unresized\" data-original-width=\"525\" data-carousel-extra='{&quot;blog_id&quot;:1,&quot;permalink&quot;:&quot;https:\\\/\\\/blog.kunstgriff.net\\\/?p=2265&quot;,&quot;likes_blog_id&quot;:127394879}' itemscope itemtype=\"http:\/\/schema.org\/ImageGallery\" > <div class=\"gallery-row\" style=\"width: 525px; height: 197px;\" data-original-width=\"525\" data-original-height=\"197\" > <div class=\"gallery-group images-1\" style=\"width: 263px; height: 197px;\" data-original-width=\"263\" data-original-height=\"197\" > <div class=\"tiled-gallery-item tiled-gallery-item-large\" itemprop=\"associatedMedia\" itemscope itemtype=\"http:\/\/schema.org\/ImageObject\"> <a href=\"https:\/\/i0.wp.com\/blog.kunstgriff.net\/wp-content\/uploads\/2010\/08\/IMG_0015.jpg?ssl=1\" border=\"0\" itemprop=\"url\"> <meta itemprop=\"width\" content=\"259\"> <meta itemprop=\"height\" content=\"193\"> <img decoding=\"async\" class=\"\" data-attachment-id=\"2267\" data-orig-file=\"https:\/\/blog.kunstgriff.net\/wp-content\/uploads\/2010\/08\/IMG_0015.jpg\" data-orig-size=\"1000,747\" data-comments-opened=\"1\" data-image-meta=\"{&quot;aperture&quot;:&quot;2.4&quot;,&quot;credit&quot;:&quot;&quot;,&quot;camera&quot;:&quot;iPhone&quot;,&quot;caption&quot;:&quot;&quot;,&quot;created_timestamp&quot;:&quot;1282395851&quot;,&quot;copyright&quot;:&quot;&quot;,&quot;focal_length&quot;:&quot;3.85&quot;,&quot;iso&quot;:&quot;80&quot;,&quot;shutter_speed&quot;:&quot;0.0010277492291881&quot;,&quot;title&quot;:&quot;&quot;}\" data-image-title=\"IMG_0015\" data-image-description=\"\" data-medium-file=\"https:\/\/i0.wp.com\/blog.kunstgriff.net\/wp-content\/uploads\/2010\/08\/IMG_0015.jpg?fit=300%2C224&#038;ssl=1\" data-large-file=\"https:\/\/i0.wp.com\/blog.kunstgriff.net\/wp-content\/uploads\/2010\/08\/IMG_0015.jpg?fit=1000%2C747&#038;ssl=1\" src=\"https:\/\/i0.wp.com\/blog.kunstgriff.net\/wp-content\/uploads\/2010\/08\/IMG_0015.jpg?w=259&#038;h=193&#038;ssl=1\" srcset=\"https:\/\/i0.wp.com\/blog.kunstgriff.net\/wp-content\/uploads\/2010\/08\/IMG_0015.jpg?w=1000&amp;ssl=1 1000w, https:\/\/i0.wp.com\/blog.kunstgriff.net\/wp-content\/uploads\/2010\/08\/IMG_0015.jpg?resize=300%2C224&amp;ssl=1 300w\" width=\"259\" height=\"193\" loading=\"lazy\" data-original-width=\"259\" data-original-height=\"193\" itemprop=\"http:\/\/schema.org\/image\" title=\"IMG_0015\" alt=\"IMG_0015\" style=\"width: 259px; height: 193px;\" \/> <\/a> <\/div> <\/div> <!-- close group --> <div class=\"gallery-group images-1\" style=\"width: 262px; height: 197px;\" data-original-width=\"262\" data-original-height=\"197\" > <div class=\"tiled-gallery-item tiled-gallery-item-large\" itemprop=\"associatedMedia\" itemscope itemtype=\"http:\/\/schema.org\/ImageObject\"> <a href=\"https:\/\/i0.wp.com\/blog.kunstgriff.net\/wp-content\/uploads\/2010\/08\/IMG_0021.jpg?ssl=1\" border=\"0\" itemprop=\"url\"> <meta itemprop=\"width\" content=\"258\"> <meta itemprop=\"height\" content=\"193\"> <img decoding=\"async\" class=\"\" data-attachment-id=\"2268\" data-orig-file=\"https:\/\/blog.kunstgriff.net\/wp-content\/uploads\/2010\/08\/IMG_0021.jpg\" data-orig-size=\"1000,747\" data-comments-opened=\"1\" data-image-meta=\"{&quot;aperture&quot;:&quot;2.4&quot;,&quot;credit&quot;:&quot;&quot;,&quot;camera&quot;:&quot;iPhone&quot;,&quot;caption&quot;:&quot;&quot;,&quot;created_timestamp&quot;:&quot;1282447657&quot;,&quot;copyright&quot;:&quot;&quot;,&quot;focal_length&quot;:&quot;3.85&quot;,&quot;iso&quot;:&quot;1000&quot;,&quot;shutter_speed&quot;:&quot;0.066666666666667&quot;,&quot;title&quot;:&quot;&quot;}\" data-image-title=\"IMG_0021\" data-image-description=\"\" data-medium-file=\"https:\/\/i0.wp.com\/blog.kunstgriff.net\/wp-content\/uploads\/2010\/08\/IMG_0021.jpg?fit=300%2C224&#038;ssl=1\" data-large-file=\"https:\/\/i0.wp.com\/blog.kunstgriff.net\/wp-content\/uploads\/2010\/08\/IMG_0021.jpg?fit=1000%2C747&#038;ssl=1\" src=\"https:\/\/i0.wp.com\/blog.kunstgriff.net\/wp-content\/uploads\/2010\/08\/IMG_0021.jpg?w=258&#038;h=193&#038;ssl=1\" srcset=\"https:\/\/i0.wp.com\/blog.kunstgriff.net\/wp-content\/uploads\/2010\/08\/IMG_0021.jpg?w=1000&amp;ssl=1 1000w, https:\/\/i0.wp.com\/blog.kunstgriff.net\/wp-content\/uploads\/2010\/08\/IMG_0021.jpg?resize=300%2C224&amp;ssl=1 300w\" width=\"258\" height=\"193\" loading=\"lazy\" data-original-width=\"258\" data-original-height=\"193\" itemprop=\"http:\/\/schema.org\/image\" title=\"IMG_0021\" alt=\"IMG_0021\" style=\"width: 258px; height: 193px;\" \/> <\/a> <\/div> <\/div> <!-- close group --> <\/div> <!-- close row --> <\/div>\n","protected":false},"excerpt":{"rendered":"<p>oder &#8222;Oh what a night!&#8220; Jetzt war es so weit: Die Sonne verschwand am Horizont und es wurde Dunkel. Wir waren vom Material her gut f\u00fcr die Nacht ger\u00fcstet: Alle hatten sehr leuchtstarke Scheinwerfer an Ihren Rennern. Dank der Leihgabe von Karsten konnte ich sogar mit zwei Scheinwerfern fahren. So standen auch tollk\u00fchnen Abfahrten bei &hellip; <\/p>\n<p class=\"link-more\"><a href=\"https:\/\/blog.kunstgriff.net\/?p=2265\" class=\"more-link\"><span class=\"screen-reader-text\">\u201eDie Nacht \u00bbRad am Ring\u00ab\u201c <\/span>weiterlesen<\/a><\/p>\n","protected":false},"author":2,"featured_media":2267,"comment_status":"open","ping_status":"open","sticky":false,"template":"","format":"standard","meta":{"jetpack_post_was_ever_published":false,"_jetpack_newsletter_access":"","_jetpack_dont_email_post_to_subs":false,"_jetpack_newsletter_tier_id":0,"_jetpack_memberships_contains_paywalled_content":false,"_jetpack_memberships_contains_paid_content":false,"footnotes":""},"categories":[13,7,36],"tags":[],"class_list":["post-2265","post","type-post","status-publish","format-standard","has-post-thumbnail","hentry","category-radreise","category-rennradfahren","category-veranstaltungen"],"jetpack_featured_media_url":"https:\/\/i0.wp.com\/blog.kunstgriff.net\/wp-content\/uploads\/2010\/08\/IMG_0015.jpg?fit=1000%2C747&ssl=1","jetpack_shortlink":"https:\/\/wp.me\/p8Cxe7-Ax","jetpack-related-posts":[{"id":13493,"url":"https:\/\/blog.kunstgriff.net\/?p=13493","url_meta":{"origin":2265,"position":0},"title":"Ruhlsdorf-S\u00fcd-Runde","author":"Georg","date":"Mai 22, 2016","format":false,"excerpt":"oder \u00bbFahren heute eher langsam als schnell und eher k\u00fcrzer als l\u00e4nger\u00abKeine Ahnung, was mich das gestern Nacht geritten hat, bei Olegs-Sonntags-Tiri-Ausfahrts-Runde zuzusagen. Vielleicht die Antwort von Oleg, wie die Runde denn werden wird. (Antwort siehe Zwischen\u00fcberschrift). Die Aussage machte mich zuversichtlich, hoffnungsvoll und fr\u00f6hlich. Vorerst. Als ich dann bei\u2026","rel":"","context":"In &quot;Radfahren&quot;","block_context":{"text":"Radfahren","link":"https:\/\/blog.kunstgriff.net\/?cat=14"},"img":{"alt_text":"Endlich Kuchen bei R\u00f6hrig","src":"https:\/\/i0.wp.com\/blog.kunstgriff.net\/wp-content\/uploads\/2016\/05\/Endlich-Kuchen-bei-R%C3%B6hrig.jpg?fit=1200%2C900&ssl=1&resize=350%2C200","width":350,"height":200,"srcset":"https:\/\/i0.wp.com\/blog.kunstgriff.net\/wp-content\/uploads\/2016\/05\/Endlich-Kuchen-bei-R%C3%B6hrig.jpg?fit=1200%2C900&ssl=1&resize=350%2C200 1x, https:\/\/i0.wp.com\/blog.kunstgriff.net\/wp-content\/uploads\/2016\/05\/Endlich-Kuchen-bei-R%C3%B6hrig.jpg?fit=1200%2C900&ssl=1&resize=525%2C300 1.5x, https:\/\/i0.wp.com\/blog.kunstgriff.net\/wp-content\/uploads\/2016\/05\/Endlich-Kuchen-bei-R%C3%B6hrig.jpg?fit=1200%2C900&ssl=1&resize=700%2C400 2x, https:\/\/i0.wp.com\/blog.kunstgriff.net\/wp-content\/uploads\/2016\/05\/Endlich-Kuchen-bei-R%C3%B6hrig.jpg?fit=1200%2C900&ssl=1&resize=1050%2C600 3x"},"classes":[]},{"id":21385,"url":"https:\/\/blog.kunstgriff.net\/?p=21385","url_meta":{"origin":2265,"position":1},"title":"3. WfF Nightride Berlin -> Hamburg","author":"admin","date":"Juni 28, 2020","format":false,"excerpt":"erster 300er seit Langem Schon zum dritten mal f\u00fchrt mein Radsportverein die Nachtfahrt nach Hamburg durch. Diesmal wollte ich endlich mit dabei sein. Mehrere Leistungsklassen sollten zu unterschiedlichen Uhrzeiten starten. Dies w\u00fcrde die Logistik der VerpflegerInnen erleichtern und auch den COVID-Vorschriften gerecht werden. Bei der Einschreibung meldete ich mich f\u00fcr\u2026","rel":"","context":"In &quot;200er&quot;","block_context":{"text":"200er","link":"https:\/\/blog.kunstgriff.net\/?cat=48"},"img":{"alt_text":"Fahren in der Abendsonne","src":"https:\/\/i0.wp.com\/blog.kunstgriff.net\/wp-content\/uploads\/2020\/06\/Fahren-in-der-Abendsonne.jpg?fit=1200%2C800&ssl=1&resize=350%2C200","width":350,"height":200,"srcset":"https:\/\/i0.wp.com\/blog.kunstgriff.net\/wp-content\/uploads\/2020\/06\/Fahren-in-der-Abendsonne.jpg?fit=1200%2C800&ssl=1&resize=350%2C200 1x, https:\/\/i0.wp.com\/blog.kunstgriff.net\/wp-content\/uploads\/2020\/06\/Fahren-in-der-Abendsonne.jpg?fit=1200%2C800&ssl=1&resize=525%2C300 1.5x, https:\/\/i0.wp.com\/blog.kunstgriff.net\/wp-content\/uploads\/2020\/06\/Fahren-in-der-Abendsonne.jpg?fit=1200%2C800&ssl=1&resize=700%2C400 2x, https:\/\/i0.wp.com\/blog.kunstgriff.net\/wp-content\/uploads\/2020\/06\/Fahren-in-der-Abendsonne.jpg?fit=1200%2C800&ssl=1&resize=1050%2C600 3x"},"classes":[]},{"id":8088,"url":"https:\/\/blog.kunstgriff.net\/?p=8088","url_meta":{"origin":2265,"position":2},"title":"Tirschenreuther-Ring-Runde v4","author":"Georg","date":"Juni 2, 2012","format":false,"excerpt":"oder \u00bbHeute mal mit der 'Alten-Garde'\u00abHeute waren einige Tourenangebote im Netz, ich entschloss mich aber f\u00fcr diese relativ kurze Runde mit Oleg im S\u00fcden der Stadt. Zum Einen wollte ich nicht alle K\u00f6rner vor der langen, welligen Runde am Sonntag lassen, zum Anderen bin ich die ganze Woche nicht gefahren\u2026","rel":"","context":"In &quot;Radfahren&quot;","block_context":{"text":"Radfahren","link":"https:\/\/blog.kunstgriff.net\/?cat=14"},"img":{"alt_text":"","src":"https:\/\/i0.wp.com\/blog.kunstgriff.net\/wp-content\/uploads\/2012\/06\/Nach-der-Pause-in-Blankensee.jpg?resize=350%2C200","width":350,"height":200,"srcset":"https:\/\/i0.wp.com\/blog.kunstgriff.net\/wp-content\/uploads\/2012\/06\/Nach-der-Pause-in-Blankensee.jpg?resize=350%2C200 1x, https:\/\/i0.wp.com\/blog.kunstgriff.net\/wp-content\/uploads\/2012\/06\/Nach-der-Pause-in-Blankensee.jpg?resize=525%2C300 1.5x"},"classes":[]},{"id":1380,"url":"https:\/\/blog.kunstgriff.net\/?p=1380","url_meta":{"origin":2265,"position":3},"title":"Rh\u00f6n-Rad Marathon Super-Cup","author":"Georg","date":"Mai 23, 2010","format":false,"excerpt":"212,7 km | 3.726 H\u00f6henmeter Nach einer zweiten kurzen Nacht mit automatischem aufgeregten Aufwachen um 4:29 Uhr in einer komfortablen kleinen Pension in Bad Salzschlirf ging es nach einem recht \u00fcbersichtlichem Fr\u00fchst\u00fcck, bestehend aus drei Honigbr\u00f6tchen und drei Tassen Kaffee mit dem Auto ins 10 km entfernte Bimbach. Die freiwillige\u2026","rel":"","context":"In &quot;Radfahren&quot;","block_context":{"text":"Radfahren","link":"https:\/\/blog.kunstgriff.net\/?cat=14"},"img":{"alt_text":"","src":"https:\/\/i0.wp.com\/blog.kunstgriff.net\/wp-content\/uploads\/2010\/05\/100_3005.jpg?fit=510%2C340&ssl=1&resize=350%2C200","width":350,"height":200},"classes":[]},{"id":2792,"url":"https:\/\/blog.kunstgriff.net\/?p=2792","url_meta":{"origin":2265,"position":4},"title":"ErgoPlanet-Mondfeld","author":"Georg","date":"November 9, 2010","format":false,"excerpt":"oder \"Ergo-Training auf die harte Tour\"Heute boten sich mir gleich zwei Feierabend-Sportveranstaltungen an: Zum einen war da\u00a0Olivers-Grunewald-Nightride mit relativ einfachem Schwierigkeitsgrad, den ich gerne gefahren w\u00e4re und zum Anderen war da das Mondfeld-Virtuelle-Ergometer-Rennen, welches jeden Dienstag auf dem Daum Server stattfindet. Letzte Woche waren da 25 Teilnehmer dabei und ich\u2026","rel":"","context":"In &quot;Ergometer Training&quot;","block_context":{"text":"Ergometer Training","link":"https:\/\/blog.kunstgriff.net\/?cat=15"},"img":{"alt_text":"","src":"","width":0,"height":0},"classes":[]},{"id":10792,"url":"https:\/\/blog.kunstgriff.net\/?p=10792","url_meta":{"origin":2265,"position":5},"title":"\u00bbRad am Ring\u00ab 2013 &#8211; 1. Wechsel","author":"Georg","date":"September 7, 2013","format":false,"excerpt":"oder \u00bbSch\u00f6n wieder hier zu sein\u00abVor einer Woche wusste ich noch nicht, dass ich heute hier im Wohnmobil mit Bernd neben der Grand-Prix-Strecke des N\u00fcrburgrings sitzen w\u00fcrde. Bernds Renn-Partner seines 2er-Teams war kurzfristig ausgefallen und mich lockte das gute Wetter und die Rennluft erneut in die Gr\u00fcne H\u00f6lle. Die Anfahrt\u2026","rel":"","context":"In &quot;Besonderes Ereignis&quot;","block_context":{"text":"Besonderes Ereignis","link":"https:\/\/blog.kunstgriff.net\/?cat=25"},"img":{"alt_text":"Wohnmobil-Idylle","src":"https:\/\/i0.wp.com\/blog.kunstgriff.net\/wp-content\/uploads\/2013\/09\/Wohnmobil-Idylle.jpg?resize=350%2C200","width":350,"height":200,"srcset":"https:\/\/i0.wp.com\/blog.kunstgriff.net\/wp-content\/uploads\/2013\/09\/Wohnmobil-Idylle.jpg?resize=350%2C200 1x, https:\/\/i0.wp.com\/blog.kunstgriff.net\/wp-content\/uploads\/2013\/09\/Wohnmobil-Idylle.jpg?resize=525%2C300 1.5x, https:\/\/i0.wp.com\/blog.kunstgriff.net\/wp-content\/uploads\/2013\/09\/Wohnmobil-Idylle.jpg?resize=700%2C400 2x, https:\/\/i0.wp.com\/blog.kunstgriff.net\/wp-content\/uploads\/2013\/09\/Wohnmobil-Idylle.jpg?resize=1050%2C600 3x"},"classes":[]}],"jetpack_likes_enabled":true,"jetpack_sharing_enabled":true,"_links":{"self":[{"href":"https:\/\/blog.kunstgriff.net\/index.php?rest_route=\/wp\/v2\/posts\/2265","targetHints":{"allow":["GET"]}}],"collection":[{"href":"https:\/\/blog.kunstgriff.net\/index.php?rest_route=\/wp\/v2\/posts"}],"about":[{"href":"https:\/\/blog.kunstgriff.net\/index.php?rest_route=\/wp\/v2\/types\/post"}],"author":[{"embeddable":true,"href":"https:\/\/blog.kunstgriff.net\/index.php?rest_route=\/wp\/v2\/users\/2"}],"replies":[{"embeddable":true,"href":"https:\/\/blog.kunstgriff.net\/index.php?rest_route=%2Fwp%2Fv2%2Fcomments&post=2265"}],"version-history":[{"count":0,"href":"https:\/\/blog.kunstgriff.net\/index.php?rest_route=\/wp\/v2\/posts\/2265\/revisions"}],"wp:featuredmedia":[{"embeddable":true,"href":"https:\/\/blog.kunstgriff.net\/index.php?rest_route=\/wp\/v2\/media\/2267"}],"wp:attachment":[{"href":"https:\/\/blog.kunstgriff.net\/index.php?rest_route=%2Fwp%2Fv2%2Fmedia&parent=2265"}],"wp:term":[{"taxonomy":"category","embeddable":true,"href":"https:\/\/blog.kunstgriff.net\/index.php?rest_route=%2Fwp%2Fv2%2Fcategories&post=2265"},{"taxonomy":"post_tag","embeddable":true,"href":"https:\/\/blog.kunstgriff.net\/index.php?rest_route=%2Fwp%2Fv2%2Ftags&post=2265"}],"curies":[{"name":"wp","href":"https:\/\/api.w.org\/{rel}","templated":true}]}}