{"id":2279,"date":"2010-08-23T12:21:08","date_gmt":"2010-08-23T10:21:08","guid":{"rendered":"http:\/\/blog.kunstgriff.net\/?p=2279"},"modified":"2017-06-13T14:52:52","modified_gmt":"2017-06-13T12:52:52","slug":"der-morgen-%c2%bbrad-am-ring%c2%ab","status":"publish","type":"post","link":"https:\/\/blog.kunstgriff.net\/?p=2279","title":{"rendered":"Der Morgen \u00bbRad am Ring\u00ab"},"content":{"rendered":"<span class=\"span-reading-time rt-reading-time\" style=\"display: block;\"><span class=\"rt-label rt-prefix\">Lesezeit: <\/span> <span class=\"rt-time\"> 3<\/span> <span class=\"rt-label rt-postfix\">Minuten<\/span><\/span><h4>oder &#8222;Der Countdown l\u00e4uft&#8220;<\/h4>\n<hr \/>\n<p>Die Nacht war \u00fcberstanden und ich wartete auf meine letzte Runde in der &#8222;Gr\u00fcnen H\u00f6lle&#8220;.<\/p>\n<p>Einerseits wollte ich diese Runde noch einmal richtig genie\u00dfen und die Strecke <em>einatmen<\/em>, andererseits musste wieder richtig am Rad gedreht werden um unsere Plazierung im Gesamtklassement zu halten oder gar zu verbessern.<\/p>\n<p><em>Genie\u00dfen und Bolzen<\/em> lie\u00df sich erstaunlicherweise perfekt kombinieren, was auch an dem fast wolkenlosen Morgenhimmel und dem w\u00e4rmenden L\u00fcftchen lag. Ich freute mich schon auf die Fuchsr\u00f6hre, der schnellste Abschnitt der Strecke, an der Christoph mit einem Top-Speed von 90,4 km\/h eine klare Ansage gemacht hatte. Die <em>9<\/em> wollte ich nat\u00fcrlich auch vorne auf dem Tacho sehen, was mir auch gelang.<\/p>\n<p><a href=\"https:\/\/i0.wp.com\/blog.kunstgriff.net\/wp-content\/uploads\/2010\/08\/DSC028001.jpg\"><img data-recalc-dims=\"1\" loading=\"lazy\" decoding=\"async\" data-attachment-id=\"2286\" data-permalink=\"https:\/\/blog.kunstgriff.net\/?attachment_id=2286\" data-orig-file=\"https:\/\/i0.wp.com\/blog.kunstgriff.net\/wp-content\/uploads\/2010\/08\/DSC028001.jpg?fit=550%2C413&amp;ssl=1\" data-orig-size=\"550,413\" data-comments-opened=\"1\" data-image-meta=\"{&quot;aperture&quot;:&quot;5.6&quot;,&quot;credit&quot;:&quot;&quot;,&quot;camera&quot;:&quot;DSC-T30&quot;,&quot;caption&quot;:&quot;&quot;,&quot;created_timestamp&quot;:&quot;1282401389&quot;,&quot;copyright&quot;:&quot;&quot;,&quot;focal_length&quot;:&quot;6.33&quot;,&quot;iso&quot;:&quot;125&quot;,&quot;shutter_speed&quot;:&quot;0.0015625&quot;,&quot;title&quot;:&quot;&quot;}\" data-image-title=\"DSC02800\" data-image-description=\"\" data-image-caption=\"\" data-large-file=\"https:\/\/i0.wp.com\/blog.kunstgriff.net\/wp-content\/uploads\/2010\/08\/DSC028001.jpg?fit=550%2C413&amp;ssl=1\" class=\"aligncenter size-full wp-image-2286\" title=\"DSC02800\" src=\"https:\/\/i0.wp.com\/blog.kunstgriff.net\/wp-content\/uploads\/2010\/08\/DSC028001.jpg?resize=525%2C394\" alt=\"\" width=\"525\" height=\"394\" srcset=\"https:\/\/i0.wp.com\/blog.kunstgriff.net\/wp-content\/uploads\/2010\/08\/DSC028001.jpg?w=550&amp;ssl=1 550w, https:\/\/i0.wp.com\/blog.kunstgriff.net\/wp-content\/uploads\/2010\/08\/DSC028001.jpg?resize=300%2C225&amp;ssl=1 300w\" sizes=\"auto, (max-width: 525px) 100vw, 525px\" \/><\/a><\/p>\n<p>Der Spass endete aber, wie schon all die Runden zuvor, am Anstieg zur <a href=\"http:\/\/de.wikipedia.org\/wiki\/Hohe_Acht\" target=\"_blank\">Hohen Acht<\/a> &#8211; dem steilsten St\u00fcck der Nordschleife. Es musste mit voller Konzentration gefahren werden, da die Strecke nun, bedingt durch eine RTF sehr voll wurde und auch Familien mit Kindern die Strecke befuhren. Einerseits kann ich die Veranstalter verstehen das dieses tolle Asphaltband m\u00f6glichst vielen Hobby-Radlern zur Verf\u00fcgung stehen soll, warum das aber zeitgleich mit uns Rennfahrer erfolgen muss, ist mir unverst\u00e4ndlich. Aber jede Ring-Stunde kostet eine Menge Geld und so muss das halt optimal genutzt werden. Ein <em>Geschm\u00e4ckle<\/em> bleibt, denn die volle Fahrbahnbreite nutzende Familienv\u00e4ter mit ihren Kindern auf Tourenr\u00e4dern st\u00f6rten den Rennbetrieb doch empfindlich. Und gerade in den letzten Stunden, wo alle 24-StundlerInnen doch mehr oder weniger angeschlagen sind, sind solche k\u00fcnstlichen Hindernisse nicht gerade der Sicherheit dienlich.<\/p>\n<p>Seis drum, ich konnte trotzdem <em>Genie\u00dfen und Bolzen<\/em> und ein letztes mal die echte Transponder-Trinkflasche an Peter \u00fcbergeben. Nach 24 Stunden das erste mal aus meinen Radklamotten pellen um ein erfrischende Dusche nehmen &#8211; <em>w<\/em><em>elch ein Genu\u00df!<\/em><\/p>\n<p>Nach Peter ging dann Christoph auf die letzte, 27. Runde. Er fuhr diese erneut sehr schnell und sicherte uns so <a href=\"http:\/\/blog.kunstgriff.net\/Bilda\/R_20100823_110800.xls\" target=\"_blank\">den 93. Platz von 674 <em>4er-Teams<\/em><\/a>.<\/p>\n<p><em><strong>Fazit:<\/strong><\/em><\/p>\n<p>Eine im Gro\u00dfen und Ganzen recht gut organisierte Veranstaltung. Die Nordschleife mit dem Rennrad befahren zu d\u00fcrfen ist ein Traum: Der Asphalt ist durchgehend perfekt glatt, griffig, sauber und frei von Schlagl\u00f6chern. Auch die Sicherheit entlang der Strecke ist super. Nachts hatte das THW sogar an gef\u00e4hrlichen Passagen Flutlicht aufgebaut. Was ich bem\u00e4ngel ist der extrem hohe Kommerzialisierungs Grad. Das f\u00e4ngt mit der Ring-Card an, welche an Terminals mit Bargeld beladen werden muss um Dinge auf dem Boulevard kaufen zu k\u00f6nnen, 6,- \u20ac Leihgeb\u00fchr f\u00fcr den Transponder inkl. 40,- \u20ac Pfand (!) und h\u00f6rt bei kleinem Kaffee f\u00fcr 2,- \u20ac an der Verpflegungsbude auf.<\/p>\n<h6><em> <\/em><\/h6>\n<p>Auf der anderen Seite gab es aber auch viele Sponsoren, die uns kostenlos versorgten, wie eine lokale Molkerei an der dann eben der gesponsorte kostenlose Eiskaffee in Dosen getrunken wurde. Auch die kostenlose <em>24-Stunden-Fahrer-Nacht-Verpflegung<\/em> war ok: Im Boulevard gab es immer ausreichend Bananen, Kekse, Frischeiwaffeln, Muffins und Pepsi-Cola.<\/p>\n<p>An vielen Stellen merkt man halt auch, das die Symbiose von Rad- und Motorsport einfach nicht funktioniert. Das ganze Konzept <em>&#8222;N\u00fcrburgring&#8220;<\/em> ist halt f\u00fcr 364 Tage im Jahr <em>Motor<\/em>sport erstellt worden: Abseits der Nordschleife erwarten einen halt eine funktionale Betonw\u00fcste und keinerlei Gr\u00fcnfl\u00e4chen. Der industrielle Charm einer Motorsportbox l\u00e4\u00dft sich f\u00fcr eine Nacht durchaus ertragen, die Jungs vom Team &#8222;Spass Am Ring&#8220; hatten allerdings Probleme die Heringe ihrer Zelte auf ihrer betonierten Parzellenfl\u00e4che einzuschlagen. Aber das k\u00f6nnen die Veranstalter auch nicht \u00e4ndern.<\/p>\n<p>Die Strecke der Gr\u00fcnen H\u00f6lle entsch\u00e4digt f\u00fcr all das und ich habe sehr gro\u00dfe Lust, diese Veranstaltung wieder mit einem tollen Team zu besuchen. Ob schon in 2011\u2026ich werde sehen!<\/p>\n<p><iframe height='405' width='590' frameborder='0' allowtransparency='true' scrolling='no' src='https:\/\/www.strava.com\/activities\/698654420\/embed\/b3215d75064c293ae1000861712c05aaefd06436'><\/iframe><\/p>\n","protected":false},"excerpt":{"rendered":"<p>oder &#8222;Der Countdown l\u00e4uft&#8220; Die Nacht war \u00fcberstanden und ich wartete auf meine letzte Runde in der &#8222;Gr\u00fcnen H\u00f6lle&#8220;. Einerseits wollte ich diese Runde noch einmal richtig genie\u00dfen und die Strecke einatmen, andererseits musste wieder richtig am Rad gedreht werden um unsere Plazierung im Gesamtklassement zu halten oder gar zu verbessern. Genie\u00dfen und Bolzen lie\u00df &hellip; <\/p>\n<p class=\"link-more\"><a href=\"https:\/\/blog.kunstgriff.net\/?p=2279\" class=\"more-link\"><span class=\"screen-reader-text\">\u201eDer Morgen \u00bbRad am Ring\u00ab\u201c <\/span>weiterlesen<\/a><\/p>\n","protected":false},"author":2,"featured_media":2286,"comment_status":"open","ping_status":"open","sticky":false,"template":"","format":"standard","meta":{"jetpack_post_was_ever_published":false,"_jetpack_newsletter_access":"","_jetpack_dont_email_post_to_subs":false,"_jetpack_newsletter_tier_id":0,"_jetpack_memberships_contains_paywalled_content":false,"_jetpack_memberships_contains_paid_content":false,"footnotes":""},"categories":[13,7,36],"tags":[],"class_list":["post-2279","post","type-post","status-publish","format-standard","has-post-thumbnail","hentry","category-radreise","category-rennradfahren","category-veranstaltungen"],"jetpack_featured_media_url":"https:\/\/i0.wp.com\/blog.kunstgriff.net\/wp-content\/uploads\/2010\/08\/DSC028001.jpg?fit=550%2C413&ssl=1","jetpack_shortlink":"https:\/\/wp.me\/p8Cxe7-AL","jetpack-related-posts":[{"id":2194,"url":"https:\/\/blog.kunstgriff.net\/?p=2194","url_meta":{"origin":2279,"position":0},"title":"Nordrunde \u00fcber Kremmen","author":"Georg","date":"August 15, 2010","format":false,"excerpt":"oder \"Neue Referenzstrecke abgefahren und f\u00fcr gut befunden\"Der Wecker klingelte f\u00fcr einen Sonntag recht fr\u00fch, denn ich wollte die Bahn nehmen um p\u00fcnktlich um 9 am Treffpunkt S-Bhf Blankenburg zu sein. Das Regenradar zeigt aber eine Niederschlagwolke welche genau um halb 9 Berlin erreichen w\u00fcrde. 190 km Radfahren und gleich\u2026","rel":"","context":"In &quot;Radfahren&quot;","block_context":{"text":"Radfahren","link":"https:\/\/blog.kunstgriff.net\/?cat=14"},"img":{"alt_text":"","src":"https:\/\/i0.wp.com\/blog.kunstgriff.net\/Bilda\/GarminStat.jpg?resize=350%2C200","width":350,"height":200,"srcset":"https:\/\/i0.wp.com\/blog.kunstgriff.net\/Bilda\/GarminStat.jpg?resize=350%2C200 1x, https:\/\/i0.wp.com\/blog.kunstgriff.net\/Bilda\/GarminStat.jpg?resize=525%2C300 1.5x"},"classes":[]},{"id":1271,"url":"https:\/\/blog.kunstgriff.net\/?p=1271","url_meta":{"origin":2279,"position":1},"title":"Schwielowsee-Feierabendrunde-Extrem","author":"Georg","date":"April 28, 2010","format":false,"excerpt":"Bei herrlichem Fr\u00fchlingswetter mit Sonnenschein und Temperaturen um die 20\u02daC musste der Feierabend einfach f\u00fcr die Schwielowsee-Runde genutzt werden. Wir trafen uns gut gelaunt am Auerbachtunnel und alle Mitfahrer waren h\u00f6chst erfreut, endlich wieder \u00bbkurz-kurz\u00ab fahren zu k\u00f6nnen. Die Wartenden teilten sich schon in A- und B-Gr\u00fcppchen auf. Die A-Gruppe\u2026","rel":"","context":"In &quot;Radfahren&quot;","block_context":{"text":"Radfahren","link":"https:\/\/blog.kunstgriff.net\/?cat=14"},"img":{"alt_text":"","src":"https:\/\/i0.wp.com\/blog.kunstgriff.net\/wp-content\/uploads\/2010\/04\/Feierabendrunde2504.png?resize=350%2C200","width":350,"height":200},"classes":[]},{"id":11836,"url":"https:\/\/blog.kunstgriff.net\/?p=11836","url_meta":{"origin":2279,"position":2},"title":"B\u00e4ckerrunde nach Fehrbellin-reverse","author":"Georg","date":"Mai 25, 2014","format":false,"excerpt":"oder \u00bbAlleine zum Lieblings-Ausflugsziel in der Ostprignitz\u00ab Tourenangebote gab es heute wieder ohne Ende. Das hervorragende Wetter war aber auch pr\u00e4destiniert f\u00fcr eine Ausfahrt\u00a0auf dem Renner. So richtig sagte mir aber kein Angebot zu und ich hatte auch noch den Charm meines letzten Solo-Ritts im Hinterkopf. So war schnell klar,\u2026","rel":"","context":"In &quot;Radfahren&quot;","block_context":{"text":"Radfahren","link":"https:\/\/blog.kunstgriff.net\/?cat=14"},"img":{"alt_text":"","src":"https:\/\/i0.wp.com\/blog.kunstgriff.net\/wp-content\/uploads\/2014\/05\/Start-duch-meinen-gr%C3%BCnen-Spandauer-Forst.jpg?fit=1200%2C900&ssl=1&resize=350%2C200","width":350,"height":200,"srcset":"https:\/\/i0.wp.com\/blog.kunstgriff.net\/wp-content\/uploads\/2014\/05\/Start-duch-meinen-gr%C3%BCnen-Spandauer-Forst.jpg?fit=1200%2C900&ssl=1&resize=350%2C200 1x, https:\/\/i0.wp.com\/blog.kunstgriff.net\/wp-content\/uploads\/2014\/05\/Start-duch-meinen-gr%C3%BCnen-Spandauer-Forst.jpg?fit=1200%2C900&ssl=1&resize=525%2C300 1.5x, https:\/\/i0.wp.com\/blog.kunstgriff.net\/wp-content\/uploads\/2014\/05\/Start-duch-meinen-gr%C3%BCnen-Spandauer-Forst.jpg?fit=1200%2C900&ssl=1&resize=700%2C400 2x, https:\/\/i0.wp.com\/blog.kunstgriff.net\/wp-content\/uploads\/2014\/05\/Start-duch-meinen-gr%C3%BCnen-Spandauer-Forst.jpg?fit=1200%2C900&ssl=1&resize=1050%2C600 3x"},"classes":[]},{"id":22402,"url":"https:\/\/blog.kunstgriff.net\/?p=22402","url_meta":{"origin":2279,"position":3},"title":"Beelitz-Runde","author":"Georg","date":"Juli 31, 2021","format":false,"excerpt":"Alleine fahren ist manchmal auch ganz o.k. Eigentlich wollte ich heute mit der Bande nach Fehrbellin zum Schmiedel fahren. In Ermangelung von Mitfahrer:innen wurde die Tour leider kurzerhand abgesagt. Ok. F\u00fcr die 10-Uhr-Gruppe oder die Tiris h\u00e4tte ich fr\u00fcher aufstehen m\u00fcssen, also alleine raus aus der Stadt. Ganz gem\u00fctlich. Die\u2026","rel":"","context":"In &quot;Radfahren&quot;","block_context":{"text":"Radfahren","link":"https:\/\/blog.kunstgriff.net\/?cat=14"},"img":{"alt_text":"","src":"https:\/\/i0.wp.com\/blog.kunstgriff.net\/wp-content\/uploads\/2021\/07\/Sonnenblumenfeld.jpg?fit=1200%2C800&ssl=1&resize=350%2C200","width":350,"height":200,"srcset":"https:\/\/i0.wp.com\/blog.kunstgriff.net\/wp-content\/uploads\/2021\/07\/Sonnenblumenfeld.jpg?fit=1200%2C800&ssl=1&resize=350%2C200 1x, https:\/\/i0.wp.com\/blog.kunstgriff.net\/wp-content\/uploads\/2021\/07\/Sonnenblumenfeld.jpg?fit=1200%2C800&ssl=1&resize=525%2C300 1.5x, https:\/\/i0.wp.com\/blog.kunstgriff.net\/wp-content\/uploads\/2021\/07\/Sonnenblumenfeld.jpg?fit=1200%2C800&ssl=1&resize=700%2C400 2x, https:\/\/i0.wp.com\/blog.kunstgriff.net\/wp-content\/uploads\/2021\/07\/Sonnenblumenfeld.jpg?fit=1200%2C800&ssl=1&resize=1050%2C600 3x"},"classes":[]},{"id":12242,"url":"https:\/\/blog.kunstgriff.net\/?p=12242","url_meta":{"origin":2279,"position":4},"title":"Korsika 2014 &#8211; Tag 5","author":"Georg","date":"Oktober 17, 2014","format":false,"excerpt":"oder \u00bbLa route de la Castagniccia pour le troisi\u00e8me temps\u00ab Ja was soll ich sagen schreiben: Die selbst-geklickte Strecke\u00a0\u00bbLa route de la Castagniccia\u00ab hatte es mir derma\u00dfen angetan, dass ich nicht lange \u00fcberlegte, welche Abschlusstour ich heute fahren wollte. Sie bot alles, nachdem mir momentan war: H\u00f6henmeter, nicht zu steil\u2026","rel":"","context":"In &quot;Radfahren&quot;","block_context":{"text":"Radfahren","link":"https:\/\/blog.kunstgriff.net\/?cat=14"},"img":{"alt_text":"","src":"https:\/\/i0.wp.com\/blog.kunstgriff.net\/wp-content\/uploads\/2014\/10\/Dorfidylle-bei-Croce.jpg?fit=1200%2C900&ssl=1&resize=350%2C200","width":350,"height":200,"srcset":"https:\/\/i0.wp.com\/blog.kunstgriff.net\/wp-content\/uploads\/2014\/10\/Dorfidylle-bei-Croce.jpg?fit=1200%2C900&ssl=1&resize=350%2C200 1x, https:\/\/i0.wp.com\/blog.kunstgriff.net\/wp-content\/uploads\/2014\/10\/Dorfidylle-bei-Croce.jpg?fit=1200%2C900&ssl=1&resize=525%2C300 1.5x, https:\/\/i0.wp.com\/blog.kunstgriff.net\/wp-content\/uploads\/2014\/10\/Dorfidylle-bei-Croce.jpg?fit=1200%2C900&ssl=1&resize=700%2C400 2x, https:\/\/i0.wp.com\/blog.kunstgriff.net\/wp-content\/uploads\/2014\/10\/Dorfidylle-bei-Croce.jpg?fit=1200%2C900&ssl=1&resize=1050%2C600 3x"},"classes":[]},{"id":6508,"url":"https:\/\/blog.kunstgriff.net\/?p=6508","url_meta":{"origin":2279,"position":5},"title":"ErgoPlanet-ergo_bike City-Tour Paris","author":"Georg","date":"November 1, 2011","format":false,"excerpt":"oder \u00bbParis mon amour\u00abSeit vier Tagen sa\u00df ich nun schon nicht mehr auf dem Rad. Das ist f\u00fcr meine Verh\u00e4ltnisse eine recht lange Zeit. Die Prellungen von meinem Sturz sind auch noch nicht wirklich verheilt, also war an eine echte Runde auf dem Renner noch nicht zu denken. Leider. Der\u2026","rel":"","context":"In &quot;Ergometer Training&quot;","block_context":{"text":"Ergometer Training","link":"https:\/\/blog.kunstgriff.net\/?cat=15"},"img":{"alt_text":"","src":"","width":0,"height":0},"classes":[]}],"jetpack_likes_enabled":true,"jetpack_sharing_enabled":true,"_links":{"self":[{"href":"https:\/\/blog.kunstgriff.net\/index.php?rest_route=\/wp\/v2\/posts\/2279","targetHints":{"allow":["GET"]}}],"collection":[{"href":"https:\/\/blog.kunstgriff.net\/index.php?rest_route=\/wp\/v2\/posts"}],"about":[{"href":"https:\/\/blog.kunstgriff.net\/index.php?rest_route=\/wp\/v2\/types\/post"}],"author":[{"embeddable":true,"href":"https:\/\/blog.kunstgriff.net\/index.php?rest_route=\/wp\/v2\/users\/2"}],"replies":[{"embeddable":true,"href":"https:\/\/blog.kunstgriff.net\/index.php?rest_route=%2Fwp%2Fv2%2Fcomments&post=2279"}],"version-history":[{"count":0,"href":"https:\/\/blog.kunstgriff.net\/index.php?rest_route=\/wp\/v2\/posts\/2279\/revisions"}],"wp:featuredmedia":[{"embeddable":true,"href":"https:\/\/blog.kunstgriff.net\/index.php?rest_route=\/wp\/v2\/media\/2286"}],"wp:attachment":[{"href":"https:\/\/blog.kunstgriff.net\/index.php?rest_route=%2Fwp%2Fv2%2Fmedia&parent=2279"}],"wp:term":[{"taxonomy":"category","embeddable":true,"href":"https:\/\/blog.kunstgriff.net\/index.php?rest_route=%2Fwp%2Fv2%2Fcategories&post=2279"},{"taxonomy":"post_tag","embeddable":true,"href":"https:\/\/blog.kunstgriff.net\/index.php?rest_route=%2Fwp%2Fv2%2Ftags&post=2279"}],"curies":[{"name":"wp","href":"https:\/\/api.w.org\/{rel}","templated":true}]}}