{"id":23,"date":"2009-10-12T14:35:45","date_gmt":"2009-10-12T12:35:45","guid":{"rendered":"http:\/\/blog.kunstgriff.net\/?p=23"},"modified":"2009-10-12T14:35:45","modified_gmt":"2009-10-12T12:35:45","slug":"mudigkeit-vermischt-mit-regen","status":"publish","type":"post","link":"https:\/\/blog.kunstgriff.net\/?p=23","title":{"rendered":"M\u00fcdigkeit vermischt mit Regen"},"content":{"rendered":"<span class=\"span-reading-time rt-reading-time\" style=\"display: block;\"><span class=\"rt-label rt-prefix\">Lesezeit: <\/span> <span class=\"rt-time\"> &lt; 1<\/span> <span class=\"rt-label rt-postfix\">Minute<\/span><\/span><p>Oha, das Wochenende habe ich dann doch nicht so unbeschadet \u00fcberstanden wie ich mich das vorgestellt habe: Ich bin trotz mehrere Tassen Kaffee sehr m\u00fcde.<\/p>\n<p>Heute Abend haben wir unser Orgameeting mit meinen Teammitgliedern f\u00fcr die Fahrt von <a href=\"http:\/\/www.audaxclub-sh.de\/node\/209\" target=\"_blank\">Hamburg -&gt; Berlin am 17.10<\/a>.<\/p>\n<p>Ich werde gleich zu McFit d\u00fcsen und hoffe das ich am Samtag nicht so m\u00fcde bin. Regen brauchen wir auch keinen.<\/p>\n","protected":false},"excerpt":{"rendered":"<p>Oha, das Wochenende habe ich dann doch nicht so unbeschadet \u00fcberstanden wie ich mich das vorgestellt habe: Ich bin trotz mehrere Tassen Kaffee sehr m\u00fcde. Heute Abend haben wir unser Orgameeting mit meinen Teammitgliedern f\u00fcr die Fahrt von Hamburg -&gt; Berlin am 17.10. Ich werde gleich zu McFit d\u00fcsen und hoffe das ich am Samtag &hellip; <\/p>\n<p class=\"link-more\"><a href=\"https:\/\/blog.kunstgriff.net\/?p=23\" class=\"more-link\"><span class=\"screen-reader-text\">\u201eM\u00fcdigkeit vermischt mit Regen\u201c <\/span>weiterlesen<\/a><\/p>\n","protected":false},"author":2,"featured_media":0,"comment_status":"open","ping_status":"open","sticky":false,"template":"","format":"standard","meta":{"jetpack_post_was_ever_published":false,"_jetpack_newsletter_access":"","_jetpack_dont_email_post_to_subs":false,"_jetpack_newsletter_tier_id":0,"_jetpack_memberships_contains_paywalled_content":false,"_jetpack_memberships_contains_paid_content":false,"footnotes":""},"categories":[1],"tags":[],"class_list":["post-23","post","type-post","status-publish","format-standard","hentry","category-allgemein"],"jetpack_featured_media_url":"","jetpack_shortlink":"https:\/\/wp.me\/p8Cxe7-n","jetpack-related-posts":[{"id":2903,"url":"https:\/\/blog.kunstgriff.net\/?p=2903","url_meta":{"origin":23,"position":0},"title":"ErgoPlanet-San Francisco","author":"Georg","date":"November 16, 2010","format":false,"excerpt":"oder \u00bbRegen in Berlin \u2013 Sonne in Nordkalifornien\u00abDer Wecker klingelte p\u00fcnktlich um 4:41 Uhr denn ich wollte endlich mal wieder mit Papa laufen gehen. Leider regnete es und so verst\u00e4ndigten wir uns, die Laufeinheit erneut zu verschieben. Ich legte mich kurz zur\u00fcck in die Heia, entschied dann aber doch eine\u2026","rel":"","context":"In &quot;Ergometer Training&quot;","block_context":{"text":"Ergometer Training","link":"https:\/\/blog.kunstgriff.net\/?cat=15"},"img":{"alt_text":"","src":"https:\/\/i0.wp.com\/blog.kunstgriff.net\/wp-content\/uploads\/2010\/11\/GangAutomatik.gif?resize=350%2C200","width":350,"height":200},"classes":[]},{"id":13141,"url":"https:\/\/blog.kunstgriff.net\/?p=13141","url_meta":{"origin":23,"position":1},"title":"Kuba 2016 \u2013 Tag 6: Varadero- Playa Larga","author":"Georg","date":"Februar 25, 2016","format":false,"excerpt":"oder \u00bbVom Mistwetter zur Schweinebucht\u00abIch schlief schlecht, was sicher an einer Mischung aus zu viel Rum, keinem Trinkwasser auf dem Zimmer, Vollmond und heftigen Winden mit Regen lag. Meine Laune war so d\u00fcster wie der Morgenhimmel. Ich hatte keine Lust zum Radfahren. Die Camerados versuchten mich zwar zu motivieren, vergeblich:\u2026","rel":"","context":"In &quot;Besonderes Ereignis&quot;","block_context":{"text":"Besonderes Ereignis","link":"https:\/\/blog.kunstgriff.net\/?cat=25"},"img":{"alt_text":"","src":"https:\/\/i0.wp.com\/blog.kunstgriff.net\/wp-content\/uploads\/2016\/03\/Windschatten-f%C3%BCr-mich.jpg?fit=1200%2C900&ssl=1&resize=350%2C200","width":350,"height":200,"srcset":"https:\/\/i0.wp.com\/blog.kunstgriff.net\/wp-content\/uploads\/2016\/03\/Windschatten-f%C3%BCr-mich.jpg?fit=1200%2C900&ssl=1&resize=350%2C200 1x, https:\/\/i0.wp.com\/blog.kunstgriff.net\/wp-content\/uploads\/2016\/03\/Windschatten-f%C3%BCr-mich.jpg?fit=1200%2C900&ssl=1&resize=525%2C300 1.5x, https:\/\/i0.wp.com\/blog.kunstgriff.net\/wp-content\/uploads\/2016\/03\/Windschatten-f%C3%BCr-mich.jpg?fit=1200%2C900&ssl=1&resize=700%2C400 2x, https:\/\/i0.wp.com\/blog.kunstgriff.net\/wp-content\/uploads\/2016\/03\/Windschatten-f%C3%BCr-mich.jpg?fit=1200%2C900&ssl=1&resize=1050%2C600 3x"},"classes":[]},{"id":10932,"url":"https:\/\/blog.kunstgriff.net\/?p=10932","url_meta":{"origin":23,"position":2},"title":"City-Morgenlauf #19-2013","author":"Georg","date":"Oktober 11, 2013","format":false,"excerpt":"oder \u00bblocker auf nassen Strassen\u00abDie Nacht hatte es viel geregnet aber p\u00fcnktlich um 4:45 Uhr war schluss mit Niederschlag und so stand einer Laufrunde nichts im Weg. Nun, Nichts ist \u00fcbertrieben, denn heute war ich doch sehr m\u00fcde und es dauerte seine Zeit, in die G\u00e4nge zu kommen. Sicher deshalb\u2026","rel":"","context":"In &quot;Fr\u00fchsport&quot;","block_context":{"text":"Fr\u00fchsport","link":"https:\/\/blog.kunstgriff.net\/?cat=16"},"img":{"alt_text":"","src":"","width":0,"height":0},"classes":[]},{"id":6523,"url":"https:\/\/blog.kunstgriff.net\/?p=6523","url_meta":{"origin":23,"position":3},"title":"Probefahrt: Nordrunde \u00fcber Kremmen","author":"Georg","date":"November 7, 2011","format":false,"excerpt":"oder \u00bbRennradfahren - geht noch!\u00ab Wer meinen Blog regelm\u00e4\u00dfig liest, wei\u00df das ich vor 10 Tagen beim Klaus-St\u00f6rtebeker-Ged\u00e4chtnis-Cup gest\u00fcrzt bin und an der ausgerenkten Schulter leider immer noch zu knabbern habe. Da, wie schon an den letzten Tagen, sonniges Herbstwetter war, hielt ich es einfach nicht aus und musste sehen,\u2026","rel":"","context":"In &quot;Radfahren&quot;","block_context":{"text":"Radfahren","link":"https:\/\/blog.kunstgriff.net\/?cat=14"},"img":{"alt_text":"","src":"https:\/\/i0.wp.com\/blog.kunstgriff.net\/wp-content\/uploads\/2011\/11\/Laubwald-im-Herbst-auf-dem-Weg-nach-Sakrow-300x225.jpg?resize=350%2C200","width":350,"height":200},"classes":[]},{"id":19770,"url":"https:\/\/blog.kunstgriff.net\/?p=19770","url_meta":{"origin":23,"position":4},"title":"Kurze Nordrunde \u00fcber Kremmen #02","author":"Georg","date":"Juli 13, 2019","format":false,"excerpt":"Single-Training vor dem Regen Lust auf Gruppenfahren h\u00e4tte ich schon gehabt, aber passende Runden waren heute nicht auf meinem Radar. Also selber, relativ sp\u00e4t, den Renner gesattelt. P\u00e4wesin wollte ich mir f\u00fcr Sonntag aufheben, deshalb heute leider nix mit Kuchen. Vor zwei Wochen war ich ja auf diesem Tr\u00e4ck bereits\u2026","rel":"","context":"In &quot;Radfahren&quot;","block_context":{"text":"Radfahren","link":"https:\/\/blog.kunstgriff.net\/?cat=14"},"img":{"alt_text":"Schwante - ich komme","src":"https:\/\/i0.wp.com\/blog.kunstgriff.net\/wp-content\/uploads\/2019\/07\/Schwante-ich-komme.jpg?fit=1200%2C800&ssl=1&resize=350%2C200","width":350,"height":200,"srcset":"https:\/\/i0.wp.com\/blog.kunstgriff.net\/wp-content\/uploads\/2019\/07\/Schwante-ich-komme.jpg?fit=1200%2C800&ssl=1&resize=350%2C200 1x, https:\/\/i0.wp.com\/blog.kunstgriff.net\/wp-content\/uploads\/2019\/07\/Schwante-ich-komme.jpg?fit=1200%2C800&ssl=1&resize=525%2C300 1.5x, https:\/\/i0.wp.com\/blog.kunstgriff.net\/wp-content\/uploads\/2019\/07\/Schwante-ich-komme.jpg?fit=1200%2C800&ssl=1&resize=700%2C400 2x, https:\/\/i0.wp.com\/blog.kunstgriff.net\/wp-content\/uploads\/2019\/07\/Schwante-ich-komme.jpg?fit=1200%2C800&ssl=1&resize=1050%2C600 3x"},"classes":[]},{"id":3501,"url":"https:\/\/blog.kunstgriff.net\/?p=3501","url_meta":{"origin":23,"position":5},"title":"ErgoPlanet-Paris Brest Paris &#8211; Etappe 15","author":"Georg","date":"Januar 31, 2011","format":false,"excerpt":"oder \u00bb1 Etappen - Letzte Tag im Januar\u00abEs ist geschafft! Mein selbst gestecktes Ziel im Januar PBP zu fahren habe ich auf den letzten Dr\u00fccker erreicht. Als ich am 2. Januar das Ding gestartet bin, h\u00e4tte ich nicht gedacht das sich die 1.220 km und 7.655 hm als so z\u00e4h\u2026","rel":"","context":"In &quot;Ergometer Training&quot;","block_context":{"text":"Ergometer Training","link":"https:\/\/blog.kunstgriff.net\/?cat=15"},"img":{"alt_text":"","src":"https:\/\/i0.wp.com\/blog.kunstgriff.net\/wp-content\/uploads\/2011\/01\/Platzierung0111.png?resize=350%2C200","width":350,"height":200},"classes":[]}],"jetpack_likes_enabled":true,"jetpack_sharing_enabled":true,"_links":{"self":[{"href":"https:\/\/blog.kunstgriff.net\/index.php?rest_route=\/wp\/v2\/posts\/23","targetHints":{"allow":["GET"]}}],"collection":[{"href":"https:\/\/blog.kunstgriff.net\/index.php?rest_route=\/wp\/v2\/posts"}],"about":[{"href":"https:\/\/blog.kunstgriff.net\/index.php?rest_route=\/wp\/v2\/types\/post"}],"author":[{"embeddable":true,"href":"https:\/\/blog.kunstgriff.net\/index.php?rest_route=\/wp\/v2\/users\/2"}],"replies":[{"embeddable":true,"href":"https:\/\/blog.kunstgriff.net\/index.php?rest_route=%2Fwp%2Fv2%2Fcomments&post=23"}],"version-history":[{"count":0,"href":"https:\/\/blog.kunstgriff.net\/index.php?rest_route=\/wp\/v2\/posts\/23\/revisions"}],"wp:attachment":[{"href":"https:\/\/blog.kunstgriff.net\/index.php?rest_route=%2Fwp%2Fv2%2Fmedia&parent=23"}],"wp:term":[{"taxonomy":"category","embeddable":true,"href":"https:\/\/blog.kunstgriff.net\/index.php?rest_route=%2Fwp%2Fv2%2Fcategories&post=23"},{"taxonomy":"post_tag","embeddable":true,"href":"https:\/\/blog.kunstgriff.net\/index.php?rest_route=%2Fwp%2Fv2%2Ftags&post=23"}],"curies":[{"name":"wp","href":"https:\/\/api.w.org\/{rel}","templated":true}]}}