{"id":23241,"date":"2023-03-19T20:47:32","date_gmt":"2023-03-19T19:47:32","guid":{"rendered":"https:\/\/blog.kunstgriff.net\/?p=23241"},"modified":"2023-03-27T10:49:54","modified_gmt":"2023-03-27T08:49:54","slug":"ert-andalusien-2023-tag-1-malaga-marbella","status":"publish","type":"post","link":"https:\/\/blog.kunstgriff.net\/?p=23241","title":{"rendered":"ERT Andalusien 2023 &#8211; Tag 1 &#8211; M\u00e1laga -> Marbella"},"content":{"rendered":"<span class=\"span-reading-time rt-reading-time\" style=\"display: block;\"><span class=\"rt-label rt-prefix\">Lesezeit: <\/span> <span class=\"rt-time\"> &lt; 1<\/span> <span class=\"rt-label rt-postfix\">Minute<\/span><\/span><h4>100 km | 1.548 H\u00f6henmeter<\/h4>\n<hr \/>\n<p>Nach der gestrigen Anreise ging es heute endlich aufs Rennrad. Nicht ohne vorherige St\u00e4rkung am leckeren und liebevoll zubereiteten Fr\u00fchst\u00fccksbuffet. Klaro: vor Abfahrt musste erstmal ein Gruppen-Erinnerungsfoto geschossen werden, dann ging es recht komfortabel raus aus der Stadt. Wer denkt, in Berlin g\u00e4be viele Ampeln war noch nicht in M\u00e1laga: gef\u00fchlt waren dort alle 250 Meter Ampeln installiert, die dann auch noch meist auf rot geschaltet waren. So wurde der Gruppen-Vortrieb empfindlich gest\u00f6rt. Irgendwann waren die dann auch abgehackt und es ging erstmal durch relativ triste, verm\u00fcllte Vorstadt-Barios. Auch interessant: M\u00fcll einfach auf einen Haufen kippen und anz\u00fcnden. Ich war froh, als wir diesen, doch relativ unheimlichen Vorort hinter uns gelassen hatten.<\/p>\n<p>Dann saugte uns das Hinterland auf und die ersten Kanten pr\u00e4sentierten sich. Nun separierte sich die gro\u00dfe Gruppe und <em>die Fitties<\/em> zogen davon. Meine pers\u00f6nliche Leistungsf\u00e4higkeit f\u00fchlte sich unterirdisch an und an so manchem Anstieg machte sich eine Mischung aus <em>\u00bbkeine Lust mehr\u00ab<\/em> und <em>\u00bbkraftlos\u00ab<\/em> breit. Hoffentlich verfliegt das morgen. Vielleicht muss ich mir einfach auch mehr Zeit geben!? Das war halt meine erste Rennrad-Tour in 2023. Und dann gleich ein 100er mit rund 1.500 H\u00f6henmetern. So formschwach habe ich lange keine Radsaison mehr begonnen.<\/p>\n<p>Das Buffet war heute am Wegesrand einer sch\u00f6nen Abfahrt und so h\u00e4tte ich, wie auch andere Mitfahrer:innen, den Transporter beinahe \u00fcbersehen und w\u00e4re vorbei gefahren. Das w\u00e4re nat\u00fcrlich, bei dem reichhaltigen Speisen-Angebot nicht zu verzeihen gewesen.<\/p>\n<p>Die Abfahrt runter nach Marbella vers\u00f6hnte mich dann wieder und zur Belohnung gab es ein Eis und ne ColaZero mit Blick aufs Meer mit dem am Horizont erscheinenden Kontinent Afrika. Sehr nice. Mal gucken was morgen so geht!?<\/p>\n<div class=\"tiled-gallery type-rectangular tiled-gallery-unresized\" data-original-width=\"525\" data-carousel-extra='{&quot;blog_id&quot;:1,&quot;permalink&quot;:&quot;https:\\\/\\\/blog.kunstgriff.net\\\/?p=23241&quot;,&quot;likes_blog_id&quot;:127394879}' itemscope itemtype=\"http:\/\/schema.org\/ImageGallery\" > <div class=\"gallery-row\" style=\"width: 525px; height: 235px;\" data-original-width=\"525\" data-original-height=\"235\" > <div class=\"gallery-group images-1\" style=\"width: 351px; height: 235px;\" data-original-width=\"351\" data-original-height=\"235\" > <div class=\"tiled-gallery-item tiled-gallery-item-large\" itemprop=\"associatedMedia\" itemscope itemtype=\"http:\/\/schema.org\/ImageObject\"> <a href=\"https:\/\/i0.wp.com\/blog.kunstgriff.net\/wp-content\/uploads\/2023\/03\/Gruppenfoto-vor-dem-Hotel.jpeg?ssl=1\" border=\"0\" itemprop=\"url\"> <meta itemprop=\"width\" content=\"347\"> <meta itemprop=\"height\" content=\"231\"> <img decoding=\"async\" class=\"\" data-attachment-id=\"23236\" data-orig-file=\"https:\/\/blog.kunstgriff.net\/wp-content\/uploads\/2023\/03\/Gruppenfoto-vor-dem-Hotel.jpeg\" data-orig-size=\"2560,1707\" data-comments-opened=\"1\" data-image-meta=\"{&quot;aperture&quot;:&quot;5&quot;,&quot;credit&quot;:&quot;&quot;,&quot;camera&quot;:&quot;TG-4&quot;,&quot;caption&quot;:&quot;OLYMPUS DIGITAL CAMERA&quot;,&quot;created_timestamp&quot;:&quot;1679221776&quot;,&quot;copyright&quot;:&quot;&quot;,&quot;focal_length&quot;:&quot;11.01&quot;,&quot;iso&quot;:&quot;100&quot;,&quot;shutter_speed&quot;:&quot;0.008&quot;,&quot;title&quot;:&quot;OLYMPUS DIGITAL CAMERA&quot;,&quot;orientation&quot;:&quot;1&quot;}\" data-image-title=\"Gruppenfoto vor dem Hotel\" data-image-description=\"\" data-medium-file=\"https:\/\/i0.wp.com\/blog.kunstgriff.net\/wp-content\/uploads\/2023\/03\/Gruppenfoto-vor-dem-Hotel.jpeg?fit=2560%2C1707&#038;ssl=1\" data-large-file=\"https:\/\/i0.wp.com\/blog.kunstgriff.net\/wp-content\/uploads\/2023\/03\/Gruppenfoto-vor-dem-Hotel.jpeg?fit=2560%2C1707&#038;ssl=1\" src=\"https:\/\/i0.wp.com\/blog.kunstgriff.net\/wp-content\/uploads\/2023\/03\/Gruppenfoto-vor-dem-Hotel.jpeg?w=347&#038;h=231&#038;ssl=1\" srcset=\"https:\/\/i0.wp.com\/blog.kunstgriff.net\/wp-content\/uploads\/2023\/03\/Gruppenfoto-vor-dem-Hotel.jpeg?w=2560&amp;ssl=1 2560w, https:\/\/i0.wp.com\/blog.kunstgriff.net\/wp-content\/uploads\/2023\/03\/Gruppenfoto-vor-dem-Hotel.jpeg?resize=768%2C512&amp;ssl=1 768w, https:\/\/i0.wp.com\/blog.kunstgriff.net\/wp-content\/uploads\/2023\/03\/Gruppenfoto-vor-dem-Hotel.jpeg?resize=1536%2C1024&amp;ssl=1 1536w, https:\/\/i0.wp.com\/blog.kunstgriff.net\/wp-content\/uploads\/2023\/03\/Gruppenfoto-vor-dem-Hotel.jpeg?resize=2048%2C1366&amp;ssl=1 2048w, https:\/\/i0.wp.com\/blog.kunstgriff.net\/wp-content\/uploads\/2023\/03\/Gruppenfoto-vor-dem-Hotel.jpeg?w=1050&amp;ssl=1 1050w\" width=\"347\" height=\"231\" loading=\"lazy\" data-original-width=\"347\" data-original-height=\"231\" itemprop=\"http:\/\/schema.org\/image\" title=\"Gruppenfoto vor dem Hotel\" alt=\"Gruppenfoto vor dem Hotel\" style=\"width: 347px; height: 231px;\" \/> <\/a> <div class=\"tiled-gallery-caption\" itemprop=\"caption description\"> Gruppenfoto vor dem Hotel <\/div> <\/div> <\/div> <!-- close group --> <div class=\"gallery-group images-2\" style=\"width: 174px; height: 235px;\" data-original-width=\"174\" data-original-height=\"235\" > <div class=\"tiled-gallery-item tiled-gallery-item-small\" itemprop=\"associatedMedia\" itemscope itemtype=\"http:\/\/schema.org\/ImageObject\"> <a href=\"https:\/\/i0.wp.com\/blog.kunstgriff.net\/wp-content\/uploads\/2023\/03\/Mit-der-Bande-raus-aus-Marbella.jpeg?ssl=1\" border=\"0\" itemprop=\"url\"> <meta itemprop=\"width\" content=\"170\"> <meta itemprop=\"height\" content=\"114\"> <img decoding=\"async\" class=\"\" data-attachment-id=\"23237\" data-orig-file=\"https:\/\/blog.kunstgriff.net\/wp-content\/uploads\/2023\/03\/Mit-der-Bande-raus-aus-Marbella.jpeg\" data-orig-size=\"2560,1707\" data-comments-opened=\"1\" data-image-meta=\"{&quot;aperture&quot;:&quot;8&quot;,&quot;credit&quot;:&quot;&quot;,&quot;camera&quot;:&quot;TG-4&quot;,&quot;caption&quot;:&quot;OLYMPUS DIGITAL CAMERA&quot;,&quot;created_timestamp&quot;:&quot;1679222205&quot;,&quot;copyright&quot;:&quot;&quot;,&quot;focal_length&quot;:&quot;4.5&quot;,&quot;iso&quot;:&quot;100&quot;,&quot;shutter_speed&quot;:&quot;0.00625&quot;,&quot;title&quot;:&quot;OLYMPUS DIGITAL CAMERA&quot;,&quot;orientation&quot;:&quot;1&quot;}\" data-image-title=\"Mit der Bande raus aus Marbella\" data-image-description=\"\" data-medium-file=\"https:\/\/i0.wp.com\/blog.kunstgriff.net\/wp-content\/uploads\/2023\/03\/Mit-der-Bande-raus-aus-Marbella.jpeg?fit=2560%2C1707&#038;ssl=1\" data-large-file=\"https:\/\/i0.wp.com\/blog.kunstgriff.net\/wp-content\/uploads\/2023\/03\/Mit-der-Bande-raus-aus-Marbella.jpeg?fit=2560%2C1707&#038;ssl=1\" src=\"https:\/\/i0.wp.com\/blog.kunstgriff.net\/wp-content\/uploads\/2023\/03\/Mit-der-Bande-raus-aus-Marbella.jpeg?w=170&#038;h=114&#038;ssl=1\" srcset=\"https:\/\/i0.wp.com\/blog.kunstgriff.net\/wp-content\/uploads\/2023\/03\/Mit-der-Bande-raus-aus-Marbella.jpeg?w=2560&amp;ssl=1 2560w, https:\/\/i0.wp.com\/blog.kunstgriff.net\/wp-content\/uploads\/2023\/03\/Mit-der-Bande-raus-aus-Marbella.jpeg?resize=768%2C512&amp;ssl=1 768w, https:\/\/i0.wp.com\/blog.kunstgriff.net\/wp-content\/uploads\/2023\/03\/Mit-der-Bande-raus-aus-Marbella.jpeg?resize=1536%2C1024&amp;ssl=1 1536w, https:\/\/i0.wp.com\/blog.kunstgriff.net\/wp-content\/uploads\/2023\/03\/Mit-der-Bande-raus-aus-Marbella.jpeg?resize=2048%2C1366&amp;ssl=1 2048w, https:\/\/i0.wp.com\/blog.kunstgriff.net\/wp-content\/uploads\/2023\/03\/Mit-der-Bande-raus-aus-Marbella.jpeg?w=1050&amp;ssl=1 1050w\" width=\"170\" height=\"114\" loading=\"lazy\" data-original-width=\"170\" data-original-height=\"114\" itemprop=\"http:\/\/schema.org\/image\" title=\"Mit der Bande raus aus Marbella\" alt=\"Mit der Bande raus aus Marbella\" style=\"width: 170px; height: 114px;\" \/> <\/a> <div class=\"tiled-gallery-caption\" itemprop=\"caption description\"> Mit der Bande raus aus Marbella <\/div> <\/div> <div class=\"tiled-gallery-item tiled-gallery-item-small\" itemprop=\"associatedMedia\" itemscope itemtype=\"http:\/\/schema.org\/ImageObject\"> <a href=\"https:\/\/i0.wp.com\/blog.kunstgriff.net\/wp-content\/uploads\/2023\/03\/Ampeln-soweit-das-Auge-reicht.jpeg?ssl=1\" border=\"0\" itemprop=\"url\"> <meta itemprop=\"width\" content=\"170\"> <meta itemprop=\"height\" content=\"113\"> <img decoding=\"async\" class=\"\" data-attachment-id=\"23233\" data-orig-file=\"https:\/\/blog.kunstgriff.net\/wp-content\/uploads\/2023\/03\/Ampeln-soweit-das-Auge-reicht.jpeg\" data-orig-size=\"2560,1707\" data-comments-opened=\"1\" data-image-meta=\"{&quot;aperture&quot;:&quot;8&quot;,&quot;credit&quot;:&quot;&quot;,&quot;camera&quot;:&quot;TG-4&quot;,&quot;caption&quot;:&quot;OLYMPUS DIGITAL CAMERA&quot;,&quot;created_timestamp&quot;:&quot;1679228490&quot;,&quot;copyright&quot;:&quot;&quot;,&quot;focal_length&quot;:&quot;4.5&quot;,&quot;iso&quot;:&quot;100&quot;,&quot;shutter_speed&quot;:&quot;0.005&quot;,&quot;title&quot;:&quot;OLYMPUS DIGITAL CAMERA&quot;,&quot;orientation&quot;:&quot;1&quot;}\" data-image-title=\"Ampeln soweit das Auge reicht\" data-image-description=\"\" data-medium-file=\"https:\/\/i0.wp.com\/blog.kunstgriff.net\/wp-content\/uploads\/2023\/03\/Ampeln-soweit-das-Auge-reicht.jpeg?fit=2560%2C1707&#038;ssl=1\" data-large-file=\"https:\/\/i0.wp.com\/blog.kunstgriff.net\/wp-content\/uploads\/2023\/03\/Ampeln-soweit-das-Auge-reicht.jpeg?fit=2560%2C1707&#038;ssl=1\" src=\"https:\/\/i0.wp.com\/blog.kunstgriff.net\/wp-content\/uploads\/2023\/03\/Ampeln-soweit-das-Auge-reicht.jpeg?w=170&#038;h=113&#038;ssl=1\" srcset=\"https:\/\/i0.wp.com\/blog.kunstgriff.net\/wp-content\/uploads\/2023\/03\/Ampeln-soweit-das-Auge-reicht.jpeg?w=2560&amp;ssl=1 2560w, https:\/\/i0.wp.com\/blog.kunstgriff.net\/wp-content\/uploads\/2023\/03\/Ampeln-soweit-das-Auge-reicht.jpeg?resize=768%2C512&amp;ssl=1 768w, https:\/\/i0.wp.com\/blog.kunstgriff.net\/wp-content\/uploads\/2023\/03\/Ampeln-soweit-das-Auge-reicht.jpeg?resize=1536%2C1024&amp;ssl=1 1536w, https:\/\/i0.wp.com\/blog.kunstgriff.net\/wp-content\/uploads\/2023\/03\/Ampeln-soweit-das-Auge-reicht.jpeg?resize=2048%2C1366&amp;ssl=1 2048w, https:\/\/i0.wp.com\/blog.kunstgriff.net\/wp-content\/uploads\/2023\/03\/Ampeln-soweit-das-Auge-reicht.jpeg?w=1050&amp;ssl=1 1050w\" width=\"170\" height=\"113\" loading=\"lazy\" data-original-width=\"170\" data-original-height=\"113\" itemprop=\"http:\/\/schema.org\/image\" title=\"Ampeln soweit das Auge reicht\" alt=\"Ampeln soweit das Auge reicht\" style=\"width: 170px; height: 113px;\" \/> <\/a> <div class=\"tiled-gallery-caption\" itemprop=\"caption description\"> Ampeln soweit das Auge reicht <\/div> <\/div> <\/div> <!-- close group --> <\/div> <!-- close row --> <div class=\"gallery-row\" style=\"width: 525px; height: 118px;\" data-original-width=\"525\" data-original-height=\"118\" > <div class=\"gallery-group images-1\" style=\"width: 175px; height: 118px;\" data-original-width=\"175\" data-original-height=\"118\" > <div class=\"tiled-gallery-item tiled-gallery-item-small\" itemprop=\"associatedMedia\" itemscope itemtype=\"http:\/\/schema.org\/ImageObject\"> <a href=\"https:\/\/i0.wp.com\/blog.kunstgriff.net\/wp-content\/uploads\/2023\/03\/Tolles-Wetter-verkehrsarme-Strassen.jpeg?ssl=1\" border=\"0\" itemprop=\"url\"> <meta itemprop=\"width\" content=\"171\"> <meta itemprop=\"height\" content=\"114\"> <img decoding=\"async\" class=\"\" data-attachment-id=\"23240\" data-orig-file=\"https:\/\/blog.kunstgriff.net\/wp-content\/uploads\/2023\/03\/Tolles-Wetter-verkehrsarme-Strassen.jpeg\" data-orig-size=\"2560,1707\" data-comments-opened=\"1\" data-image-meta=\"{&quot;aperture&quot;:&quot;8&quot;,&quot;credit&quot;:&quot;&quot;,&quot;camera&quot;:&quot;TG-4&quot;,&quot;caption&quot;:&quot;OLYMPUS DIGITAL CAMERA&quot;,&quot;created_timestamp&quot;:&quot;1679227182&quot;,&quot;copyright&quot;:&quot;&quot;,&quot;focal_length&quot;:&quot;4.5&quot;,&quot;iso&quot;:&quot;100&quot;,&quot;shutter_speed&quot;:&quot;0.0015625&quot;,&quot;title&quot;:&quot;OLYMPUS DIGITAL CAMERA&quot;,&quot;orientation&quot;:&quot;1&quot;}\" data-image-title=\"Klasse Wetter &amp;#8211; verkehrsarme Strassen\" data-image-description=\"\" data-medium-file=\"https:\/\/i0.wp.com\/blog.kunstgriff.net\/wp-content\/uploads\/2023\/03\/Tolles-Wetter-verkehrsarme-Strassen.jpeg?fit=2560%2C1707&#038;ssl=1\" data-large-file=\"https:\/\/i0.wp.com\/blog.kunstgriff.net\/wp-content\/uploads\/2023\/03\/Tolles-Wetter-verkehrsarme-Strassen.jpeg?fit=2560%2C1707&#038;ssl=1\" src=\"https:\/\/i0.wp.com\/blog.kunstgriff.net\/wp-content\/uploads\/2023\/03\/Tolles-Wetter-verkehrsarme-Strassen.jpeg?w=171&#038;h=114&#038;ssl=1\" srcset=\"https:\/\/i0.wp.com\/blog.kunstgriff.net\/wp-content\/uploads\/2023\/03\/Tolles-Wetter-verkehrsarme-Strassen.jpeg?w=2560&amp;ssl=1 2560w, https:\/\/i0.wp.com\/blog.kunstgriff.net\/wp-content\/uploads\/2023\/03\/Tolles-Wetter-verkehrsarme-Strassen.jpeg?resize=768%2C512&amp;ssl=1 768w, https:\/\/i0.wp.com\/blog.kunstgriff.net\/wp-content\/uploads\/2023\/03\/Tolles-Wetter-verkehrsarme-Strassen.jpeg?resize=1536%2C1024&amp;ssl=1 1536w, https:\/\/i0.wp.com\/blog.kunstgriff.net\/wp-content\/uploads\/2023\/03\/Tolles-Wetter-verkehrsarme-Strassen.jpeg?resize=2048%2C1366&amp;ssl=1 2048w, https:\/\/i0.wp.com\/blog.kunstgriff.net\/wp-content\/uploads\/2023\/03\/Tolles-Wetter-verkehrsarme-Strassen.jpeg?w=1050&amp;ssl=1 1050w\" width=\"171\" height=\"114\" loading=\"lazy\" data-original-width=\"171\" data-original-height=\"114\" itemprop=\"http:\/\/schema.org\/image\" title=\"Klasse Wetter - verkehrsarme Strassen\" alt=\"Klasse Wetter - verkehrsarme Strassen\" style=\"width: 171px; height: 114px;\" \/> <\/a> <div class=\"tiled-gallery-caption\" itemprop=\"caption description\"> Klasse Wetter &#8211; verkehrsarme Strassen <\/div> <\/div> <\/div> <!-- close group --> <div class=\"gallery-group images-1\" style=\"width: 175px; height: 118px;\" data-original-width=\"175\" data-original-height=\"118\" > <div class=\"tiled-gallery-item tiled-gallery-item-small\" itemprop=\"associatedMedia\" itemscope itemtype=\"http:\/\/schema.org\/ImageObject\"> <a href=\"https:\/\/i0.wp.com\/blog.kunstgriff.net\/wp-content\/uploads\/2023\/03\/Ein-Tag-am-Meer.jpeg?ssl=1\" border=\"0\" itemprop=\"url\"> <meta itemprop=\"width\" content=\"171\"> <meta itemprop=\"height\" content=\"114\"> <img decoding=\"async\" class=\"\" data-attachment-id=\"23235\" data-orig-file=\"https:\/\/blog.kunstgriff.net\/wp-content\/uploads\/2023\/03\/Ein-Tag-am-Meer.jpeg\" data-orig-size=\"2560,1707\" data-comments-opened=\"1\" data-image-meta=\"{&quot;aperture&quot;:&quot;8&quot;,&quot;credit&quot;:&quot;&quot;,&quot;camera&quot;:&quot;TG-4&quot;,&quot;caption&quot;:&quot;OLYMPUS DIGITAL CAMERA&quot;,&quot;created_timestamp&quot;:&quot;1679230384&quot;,&quot;copyright&quot;:&quot;&quot;,&quot;focal_length&quot;:&quot;4.5&quot;,&quot;iso&quot;:&quot;100&quot;,&quot;shutter_speed&quot;:&quot;0.0015625&quot;,&quot;title&quot;:&quot;OLYMPUS DIGITAL CAMERA&quot;,&quot;orientation&quot;:&quot;1&quot;}\" data-image-title=\"Ein Tag am Meer\" data-image-description=\"\" data-medium-file=\"https:\/\/i0.wp.com\/blog.kunstgriff.net\/wp-content\/uploads\/2023\/03\/Ein-Tag-am-Meer.jpeg?fit=2560%2C1707&#038;ssl=1\" data-large-file=\"https:\/\/i0.wp.com\/blog.kunstgriff.net\/wp-content\/uploads\/2023\/03\/Ein-Tag-am-Meer.jpeg?fit=2560%2C1707&#038;ssl=1\" src=\"https:\/\/i0.wp.com\/blog.kunstgriff.net\/wp-content\/uploads\/2023\/03\/Ein-Tag-am-Meer.jpeg?w=171&#038;h=114&#038;ssl=1\" srcset=\"https:\/\/i0.wp.com\/blog.kunstgriff.net\/wp-content\/uploads\/2023\/03\/Ein-Tag-am-Meer.jpeg?w=2560&amp;ssl=1 2560w, https:\/\/i0.wp.com\/blog.kunstgriff.net\/wp-content\/uploads\/2023\/03\/Ein-Tag-am-Meer.jpeg?resize=768%2C512&amp;ssl=1 768w, https:\/\/i0.wp.com\/blog.kunstgriff.net\/wp-content\/uploads\/2023\/03\/Ein-Tag-am-Meer.jpeg?resize=1536%2C1024&amp;ssl=1 1536w, https:\/\/i0.wp.com\/blog.kunstgriff.net\/wp-content\/uploads\/2023\/03\/Ein-Tag-am-Meer.jpeg?resize=2048%2C1366&amp;ssl=1 2048w, https:\/\/i0.wp.com\/blog.kunstgriff.net\/wp-content\/uploads\/2023\/03\/Ein-Tag-am-Meer.jpeg?w=1050&amp;ssl=1 1050w\" width=\"171\" height=\"114\" loading=\"lazy\" data-original-width=\"171\" data-original-height=\"114\" itemprop=\"http:\/\/schema.org\/image\" title=\"Ein Tag am Meer\" alt=\"Ein Tag am Meer\" style=\"width: 171px; height: 114px;\" \/> <\/a> <div class=\"tiled-gallery-caption\" itemprop=\"caption description\"> Ein Tag am Meer <\/div> <\/div> <\/div> <!-- close group --> <div class=\"gallery-group images-1\" style=\"width: 175px; height: 118px;\" data-original-width=\"175\" data-original-height=\"118\" > <div class=\"tiled-gallery-item tiled-gallery-item-small\" itemprop=\"associatedMedia\" itemscope itemtype=\"http:\/\/schema.org\/ImageObject\"> <a href=\"https:\/\/i0.wp.com\/blog.kunstgriff.net\/wp-content\/uploads\/2023\/03\/Schattiges-Plaetzchen.jpeg?ssl=1\" border=\"0\" itemprop=\"url\"> <meta itemprop=\"width\" content=\"171\"> <meta itemprop=\"height\" content=\"114\"> <img decoding=\"async\" class=\"\" data-attachment-id=\"23238\" data-orig-file=\"https:\/\/blog.kunstgriff.net\/wp-content\/uploads\/2023\/03\/Schattiges-Plaetzchen.jpeg\" data-orig-size=\"2560,1707\" data-comments-opened=\"1\" data-image-meta=\"{&quot;aperture&quot;:&quot;2.8&quot;,&quot;credit&quot;:&quot;&quot;,&quot;camera&quot;:&quot;TG-4&quot;,&quot;caption&quot;:&quot;OLYMPUS DIGITAL CAMERA&quot;,&quot;created_timestamp&quot;:&quot;1679235208&quot;,&quot;copyright&quot;:&quot;&quot;,&quot;focal_length&quot;:&quot;4.5&quot;,&quot;iso&quot;:&quot;100&quot;,&quot;shutter_speed&quot;:&quot;0.0025&quot;,&quot;title&quot;:&quot;OLYMPUS DIGITAL CAMERA&quot;,&quot;orientation&quot;:&quot;1&quot;}\" data-image-title=\"Schattiges Pl\u00e4tzchen\" data-image-description=\"\" data-medium-file=\"https:\/\/i0.wp.com\/blog.kunstgriff.net\/wp-content\/uploads\/2023\/03\/Schattiges-Plaetzchen.jpeg?fit=2560%2C1707&#038;ssl=1\" data-large-file=\"https:\/\/i0.wp.com\/blog.kunstgriff.net\/wp-content\/uploads\/2023\/03\/Schattiges-Plaetzchen.jpeg?fit=2560%2C1707&#038;ssl=1\" src=\"https:\/\/i0.wp.com\/blog.kunstgriff.net\/wp-content\/uploads\/2023\/03\/Schattiges-Plaetzchen.jpeg?w=171&#038;h=114&#038;ssl=1\" srcset=\"https:\/\/i0.wp.com\/blog.kunstgriff.net\/wp-content\/uploads\/2023\/03\/Schattiges-Plaetzchen.jpeg?w=2560&amp;ssl=1 2560w, https:\/\/i0.wp.com\/blog.kunstgriff.net\/wp-content\/uploads\/2023\/03\/Schattiges-Plaetzchen.jpeg?resize=768%2C512&amp;ssl=1 768w, https:\/\/i0.wp.com\/blog.kunstgriff.net\/wp-content\/uploads\/2023\/03\/Schattiges-Plaetzchen.jpeg?resize=1536%2C1024&amp;ssl=1 1536w, https:\/\/i0.wp.com\/blog.kunstgriff.net\/wp-content\/uploads\/2023\/03\/Schattiges-Plaetzchen.jpeg?resize=2048%2C1366&amp;ssl=1 2048w, https:\/\/i0.wp.com\/blog.kunstgriff.net\/wp-content\/uploads\/2023\/03\/Schattiges-Plaetzchen.jpeg?w=1050&amp;ssl=1 1050w\" width=\"171\" height=\"114\" loading=\"lazy\" data-original-width=\"171\" data-original-height=\"114\" itemprop=\"http:\/\/schema.org\/image\" title=\"Schattiges Pl\u00e4tzchen\" alt=\"Schattiges Pl\u00e4tzchen\" style=\"width: 171px; height: 114px;\" \/> <\/a> <div class=\"tiled-gallery-caption\" itemprop=\"caption description\"> Schattiges Pl\u00e4tzchen <\/div> <\/div> <\/div> <!-- close group --> <\/div> <!-- close row --> <div class=\"gallery-row\" style=\"width: 525px; height: 176px;\" data-original-width=\"525\" data-original-height=\"176\" > <div class=\"gallery-group images-1\" style=\"width: 263px; height: 176px;\" data-original-width=\"263\" data-original-height=\"176\" > <div class=\"tiled-gallery-item tiled-gallery-item-large\" itemprop=\"associatedMedia\" itemscope itemtype=\"http:\/\/schema.org\/ImageObject\"> <a href=\"https:\/\/i0.wp.com\/blog.kunstgriff.net\/wp-content\/uploads\/2023\/03\/Buffet-Freude.jpeg?ssl=1\" border=\"0\" itemprop=\"url\"> <meta itemprop=\"width\" content=\"259\"> <meta itemprop=\"height\" content=\"172\"> <img decoding=\"async\" class=\"\" data-attachment-id=\"23234\" data-orig-file=\"https:\/\/blog.kunstgriff.net\/wp-content\/uploads\/2023\/03\/Buffet-Freude.jpeg\" data-orig-size=\"2560,1707\" data-comments-opened=\"1\" data-image-meta=\"{&quot;aperture&quot;:&quot;2.8&quot;,&quot;credit&quot;:&quot;&quot;,&quot;camera&quot;:&quot;TG-4&quot;,&quot;caption&quot;:&quot;OLYMPUS DIGITAL CAMERA&quot;,&quot;created_timestamp&quot;:&quot;1679233315&quot;,&quot;copyright&quot;:&quot;&quot;,&quot;focal_length&quot;:&quot;4.5&quot;,&quot;iso&quot;:&quot;100&quot;,&quot;shutter_speed&quot;:&quot;0.0025&quot;,&quot;title&quot;:&quot;OLYMPUS DIGITAL CAMERA&quot;,&quot;orientation&quot;:&quot;1&quot;}\" data-image-title=\"Buffet-Freude\" data-image-description=\"\" data-medium-file=\"https:\/\/i0.wp.com\/blog.kunstgriff.net\/wp-content\/uploads\/2023\/03\/Buffet-Freude.jpeg?fit=2560%2C1707&#038;ssl=1\" data-large-file=\"https:\/\/i0.wp.com\/blog.kunstgriff.net\/wp-content\/uploads\/2023\/03\/Buffet-Freude.jpeg?fit=2560%2C1707&#038;ssl=1\" src=\"https:\/\/i0.wp.com\/blog.kunstgriff.net\/wp-content\/uploads\/2023\/03\/Buffet-Freude.jpeg?w=259&#038;h=172&#038;ssl=1\" srcset=\"https:\/\/i0.wp.com\/blog.kunstgriff.net\/wp-content\/uploads\/2023\/03\/Buffet-Freude.jpeg?w=2560&amp;ssl=1 2560w, https:\/\/i0.wp.com\/blog.kunstgriff.net\/wp-content\/uploads\/2023\/03\/Buffet-Freude.jpeg?resize=768%2C512&amp;ssl=1 768w, https:\/\/i0.wp.com\/blog.kunstgriff.net\/wp-content\/uploads\/2023\/03\/Buffet-Freude.jpeg?resize=1536%2C1024&amp;ssl=1 1536w, https:\/\/i0.wp.com\/blog.kunstgriff.net\/wp-content\/uploads\/2023\/03\/Buffet-Freude.jpeg?resize=2048%2C1366&amp;ssl=1 2048w, https:\/\/i0.wp.com\/blog.kunstgriff.net\/wp-content\/uploads\/2023\/03\/Buffet-Freude.jpeg?w=1050&amp;ssl=1 1050w\" width=\"259\" height=\"172\" loading=\"lazy\" data-original-width=\"259\" data-original-height=\"172\" itemprop=\"http:\/\/schema.org\/image\" title=\"Buffet-Freude\" alt=\"Buffet-Freude\" style=\"width: 259px; height: 172px;\" \/> <\/a> <div class=\"tiled-gallery-caption\" itemprop=\"caption description\"> Buffet-Freude <\/div> <\/div> <\/div> <!-- close group --> <div class=\"gallery-group images-1\" style=\"width: 262px; height: 176px;\" data-original-width=\"262\" data-original-height=\"176\" > <div class=\"tiled-gallery-item tiled-gallery-item-large\" itemprop=\"associatedMedia\" itemscope itemtype=\"http:\/\/schema.org\/ImageObject\"> <a href=\"https:\/\/i0.wp.com\/blog.kunstgriff.net\/wp-content\/uploads\/2023\/03\/Tolles-Hinterland-zum-Radeln.jpeg?ssl=1\" border=\"0\" itemprop=\"url\"> <meta itemprop=\"width\" content=\"258\"> <meta itemprop=\"height\" content=\"172\"> <img decoding=\"async\" class=\"\" data-attachment-id=\"23239\" data-orig-file=\"https:\/\/blog.kunstgriff.net\/wp-content\/uploads\/2023\/03\/Tolles-Hinterland-zum-Radeln.jpeg\" data-orig-size=\"2560,1707\" data-comments-opened=\"1\" data-image-meta=\"{&quot;aperture&quot;:&quot;8&quot;,&quot;credit&quot;:&quot;&quot;,&quot;camera&quot;:&quot;TG-4&quot;,&quot;caption&quot;:&quot;OLYMPUS DIGITAL CAMERA&quot;,&quot;created_timestamp&quot;:&quot;1679235375&quot;,&quot;copyright&quot;:&quot;&quot;,&quot;focal_length&quot;:&quot;4.5&quot;,&quot;iso&quot;:&quot;100&quot;,&quot;shutter_speed&quot;:&quot;0.005&quot;,&quot;title&quot;:&quot;OLYMPUS DIGITAL CAMERA&quot;,&quot;orientation&quot;:&quot;1&quot;}\" data-image-title=\"Tolles Hinterland zum Radeln\" data-image-description=\"\" data-medium-file=\"https:\/\/i0.wp.com\/blog.kunstgriff.net\/wp-content\/uploads\/2023\/03\/Tolles-Hinterland-zum-Radeln.jpeg?fit=2560%2C1707&#038;ssl=1\" data-large-file=\"https:\/\/i0.wp.com\/blog.kunstgriff.net\/wp-content\/uploads\/2023\/03\/Tolles-Hinterland-zum-Radeln.jpeg?fit=2560%2C1707&#038;ssl=1\" src=\"https:\/\/i0.wp.com\/blog.kunstgriff.net\/wp-content\/uploads\/2023\/03\/Tolles-Hinterland-zum-Radeln.jpeg?w=258&#038;h=172&#038;ssl=1\" srcset=\"https:\/\/i0.wp.com\/blog.kunstgriff.net\/wp-content\/uploads\/2023\/03\/Tolles-Hinterland-zum-Radeln.jpeg?w=2560&amp;ssl=1 2560w, https:\/\/i0.wp.com\/blog.kunstgriff.net\/wp-content\/uploads\/2023\/03\/Tolles-Hinterland-zum-Radeln.jpeg?resize=768%2C512&amp;ssl=1 768w, https:\/\/i0.wp.com\/blog.kunstgriff.net\/wp-content\/uploads\/2023\/03\/Tolles-Hinterland-zum-Radeln.jpeg?resize=1536%2C1024&amp;ssl=1 1536w, https:\/\/i0.wp.com\/blog.kunstgriff.net\/wp-content\/uploads\/2023\/03\/Tolles-Hinterland-zum-Radeln.jpeg?resize=2048%2C1366&amp;ssl=1 2048w, https:\/\/i0.wp.com\/blog.kunstgriff.net\/wp-content\/uploads\/2023\/03\/Tolles-Hinterland-zum-Radeln.jpeg?w=1050&amp;ssl=1 1050w\" width=\"258\" height=\"172\" loading=\"lazy\" data-original-width=\"258\" data-original-height=\"172\" itemprop=\"http:\/\/schema.org\/image\" title=\"Tolles Hinterland zum Radeln\" alt=\"Tolles Hinterland zum Radeln\" style=\"width: 258px; height: 172px;\" \/> <\/a> <div class=\"tiled-gallery-caption\" itemprop=\"caption description\"> Tolles Hinterland zum Radeln <\/div> <\/div> <\/div> <!-- close group --> <\/div> <!-- close row --> <\/div>\n<div class=\"strava-embed-placeholder\" data-embed-type=\"activity\" data-embed-id=\"8742155899\"><\/div>\n<p><script src=\"https:\/\/strava-embeds.com\/embed.js\"><\/script><\/p>\n","protected":false},"excerpt":{"rendered":"<p>100 km | 1.548 H\u00f6henmeter Nach der gestrigen Anreise ging es heute endlich aufs Rennrad. Nicht ohne vorherige St\u00e4rkung am leckeren und liebevoll zubereiteten Fr\u00fchst\u00fccksbuffet. Klaro: vor Abfahrt musste erstmal ein Gruppen-Erinnerungsfoto geschossen werden, dann ging es recht komfortabel raus aus der Stadt. Wer denkt, in Berlin g\u00e4be viele Ampeln war noch nicht in M\u00e1laga: &hellip; <\/p>\n<p class=\"link-more\"><a href=\"https:\/\/blog.kunstgriff.net\/?p=23241\" class=\"more-link\"><span class=\"screen-reader-text\">\u201eERT Andalusien 2023 &#8211; Tag 1 &#8211; M\u00e1laga -> Marbella\u201c <\/span>weiterlesen<\/a><\/p>\n","protected":false},"author":2,"featured_media":23236,"comment_status":"open","ping_status":"open","sticky":false,"template":"","format":"standard","meta":{"jetpack_post_was_ever_published":false,"_jetpack_newsletter_access":"","_jetpack_dont_email_post_to_subs":false,"_jetpack_newsletter_tier_id":0,"_jetpack_memberships_contains_paywalled_content":false,"_jetpack_memberships_contains_paid_content":false,"footnotes":""},"categories":[14,13,7],"tags":[],"class_list":["post-23241","post","type-post","status-publish","format-standard","has-post-thumbnail","hentry","category-radfahren","category-radreise","category-rennradfahren"],"jetpack_featured_media_url":"https:\/\/i0.wp.com\/blog.kunstgriff.net\/wp-content\/uploads\/2023\/03\/Gruppenfoto-vor-dem-Hotel.jpeg?fit=2560%2C1707&ssl=1","jetpack_shortlink":"https:\/\/wp.me\/p8Cxe7-62R","jetpack-related-posts":[{"id":23309,"url":"https:\/\/blog.kunstgriff.net\/?p=23309","url_meta":{"origin":23241,"position":0},"title":"ERT Andalusien 2023 &#8211; Tag 7 &#8211; Campillos -> M\u00e1laga","author":"Georg","date":"M\u00e4rz 25, 2023","format":false,"excerpt":"92 km - 1.618 H\u00f6henmeter Nach dem bereits mehrfach erprobten klassischen Fr\u00fchst\u00fcck bestehend aus Panecillos mit Tomatenp\u00fcree und Kaffee ging es gut gelaunt auf die letzte Etappe zur\u00fcck nach M\u00e1laga. Volker und Alex wollten mich mitnehmen, da konnte ich nat\u00fcrlich nicht \u00bbNein\u00ab sagen. Es ging erstmal auf sehr verkehrsarmen und\u2026","rel":"","context":"In &quot;Radfahren&quot;","block_context":{"text":"Radfahren","link":"https:\/\/blog.kunstgriff.net\/?cat=14"},"img":{"alt_text":"da hinten m\u00fcssen wir hoch","src":"https:\/\/i0.wp.com\/blog.kunstgriff.net\/wp-content\/uploads\/2023\/03\/da-hinten-muessen-wir-hoch.jpeg?fit=1200%2C800&ssl=1&resize=350%2C200","width":350,"height":200,"srcset":"https:\/\/i0.wp.com\/blog.kunstgriff.net\/wp-content\/uploads\/2023\/03\/da-hinten-muessen-wir-hoch.jpeg?fit=1200%2C800&ssl=1&resize=350%2C200 1x, https:\/\/i0.wp.com\/blog.kunstgriff.net\/wp-content\/uploads\/2023\/03\/da-hinten-muessen-wir-hoch.jpeg?fit=1200%2C800&ssl=1&resize=525%2C300 1.5x, https:\/\/i0.wp.com\/blog.kunstgriff.net\/wp-content\/uploads\/2023\/03\/da-hinten-muessen-wir-hoch.jpeg?fit=1200%2C800&ssl=1&resize=700%2C400 2x, https:\/\/i0.wp.com\/blog.kunstgriff.net\/wp-content\/uploads\/2023\/03\/da-hinten-muessen-wir-hoch.jpeg?fit=1200%2C800&ssl=1&resize=1050%2C600 3x"},"classes":[]},{"id":12557,"url":"https:\/\/blog.kunstgriff.net\/?p=12557","url_meta":{"origin":23241,"position":1},"title":"Auf Friedensfahrt\u2013Kurs 2015 2. Tag: G\u00f6rlitz -> Karpacz","author":"Georg","date":"Mai 14, 2015","format":false,"excerpt":"130 km | 2.403 H\u00f6henmeterBeim Blick aus dem Fenster nach dem Aufstehen verfielen wir erstmal in Schockstarre: die Stra\u00dfen waren nass vom Regen in der Nacht und der Himmel stark bew\u00f6lkt. Ein Blick auf den Regenradar lie\u00df die Laune steigen: der Herrentag w\u00fcrde auf jeden Fall trocken bleiben. Zumindest von\u2026","rel":"","context":"In &quot;Radfahren&quot;","block_context":{"text":"Radfahren","link":"https:\/\/blog.kunstgriff.net\/?cat=14"},"img":{"alt_text":"","src":"https:\/\/i0.wp.com\/blog.kunstgriff.net\/wp-content\/uploads\/2015\/05\/Steile-Rampe.jpg?fit=1200%2C900&ssl=1&resize=350%2C200","width":350,"height":200,"srcset":"https:\/\/i0.wp.com\/blog.kunstgriff.net\/wp-content\/uploads\/2015\/05\/Steile-Rampe.jpg?fit=1200%2C900&ssl=1&resize=350%2C200 1x, https:\/\/i0.wp.com\/blog.kunstgriff.net\/wp-content\/uploads\/2015\/05\/Steile-Rampe.jpg?fit=1200%2C900&ssl=1&resize=525%2C300 1.5x, https:\/\/i0.wp.com\/blog.kunstgriff.net\/wp-content\/uploads\/2015\/05\/Steile-Rampe.jpg?fit=1200%2C900&ssl=1&resize=700%2C400 2x, https:\/\/i0.wp.com\/blog.kunstgriff.net\/wp-content\/uploads\/2015\/05\/Steile-Rampe.jpg?fit=1200%2C900&ssl=1&resize=1050%2C600 3x"},"classes":[]},{"id":22407,"url":"https:\/\/blog.kunstgriff.net\/?p=22407","url_meta":{"origin":23241,"position":2},"title":"Trebbiner-Kuchen-Hunni","author":"Georg","date":"August 1, 2021","format":false,"excerpt":"Ohne Kuchen fehlt etwas Es war erneut etwas schwierig, Mitfahrer:innen f\u00fcr eine gemeinsame Rennrad-Runde zu gewinnen. Alex hatte Lust und so verabredeten wir uns f\u00fcr 10 Uhr am Tunnel. Wohlweislich, da\u00df dort die 10-Uhr-Gruppe am Sonntag stadtausw\u00e4rts gondeln w\u00fcrde. Warum den Zug und die Gesellschaft nicht mitnehmen!? Timo, Ulle und\u2026","rel":"","context":"In &quot;Cake-Ride&quot;","block_context":{"text":"Cake-Ride","link":"https:\/\/blog.kunstgriff.net\/?cat=34"},"img":{"alt_text":"Sonnenblumen","src":"https:\/\/i0.wp.com\/blog.kunstgriff.net\/wp-content\/uploads\/2021\/08\/Sonnenblumen.jpg?fit=1200%2C800&ssl=1&resize=350%2C200","width":350,"height":200,"srcset":"https:\/\/i0.wp.com\/blog.kunstgriff.net\/wp-content\/uploads\/2021\/08\/Sonnenblumen.jpg?fit=1200%2C800&ssl=1&resize=350%2C200 1x, https:\/\/i0.wp.com\/blog.kunstgriff.net\/wp-content\/uploads\/2021\/08\/Sonnenblumen.jpg?fit=1200%2C800&ssl=1&resize=525%2C300 1.5x, https:\/\/i0.wp.com\/blog.kunstgriff.net\/wp-content\/uploads\/2021\/08\/Sonnenblumen.jpg?fit=1200%2C800&ssl=1&resize=700%2C400 2x, https:\/\/i0.wp.com\/blog.kunstgriff.net\/wp-content\/uploads\/2021\/08\/Sonnenblumen.jpg?fit=1200%2C800&ssl=1&resize=1050%2C600 3x"},"classes":[]},{"id":12759,"url":"https:\/\/blog.kunstgriff.net\/?p=12759","url_meta":{"origin":23241,"position":3},"title":"Ruhlsdorf-S\u00fcd-Runde","author":"Georg","date":"August 9, 2015","format":false,"excerpt":"oder \u00bbMal wieder mit den Tiris nach S\u00fcden\u00abWer hier regelm\u00e4\u00dfig mitliest, weiss dass die Ruhlsdorf Runde* zu einen meiner meist gefahrenen Gruppen-Kuchen-Ausfahrten geh\u00f6rt.\u00a0So wollte ich es mir nicht nehmen lassen, diese mal wieder zu fahren. Aber der Reihe nach. Samstag Abend annoncierte Oleg auf seiner bekannten Mailing-Liste die Runde, nachdem\u2026","rel":"","context":"In &quot;Cake-Ride&quot;","block_context":{"text":"Cake-Ride","link":"https:\/\/blog.kunstgriff.net\/?cat=34"},"img":{"alt_text":"","src":"https:\/\/i0.wp.com\/blog.kunstgriff.net\/wp-content\/uploads\/2015\/08\/Brandenburg-im-Hochsommer.jpg?fit=1200%2C900&ssl=1&resize=350%2C200","width":350,"height":200,"srcset":"https:\/\/i0.wp.com\/blog.kunstgriff.net\/wp-content\/uploads\/2015\/08\/Brandenburg-im-Hochsommer.jpg?fit=1200%2C900&ssl=1&resize=350%2C200 1x, https:\/\/i0.wp.com\/blog.kunstgriff.net\/wp-content\/uploads\/2015\/08\/Brandenburg-im-Hochsommer.jpg?fit=1200%2C900&ssl=1&resize=525%2C300 1.5x, https:\/\/i0.wp.com\/blog.kunstgriff.net\/wp-content\/uploads\/2015\/08\/Brandenburg-im-Hochsommer.jpg?fit=1200%2C900&ssl=1&resize=700%2C400 2x, https:\/\/i0.wp.com\/blog.kunstgriff.net\/wp-content\/uploads\/2015\/08\/Brandenburg-im-Hochsommer.jpg?fit=1200%2C900&ssl=1&resize=1050%2C600 3x"},"classes":[]},{"id":20670,"url":"https:\/\/blog.kunstgriff.net\/?p=20670","url_meta":{"origin":23241,"position":4},"title":"ERT 2020: Portugal\/Algarve 1. Tag","author":"Georg","date":"M\u00e4rz 1, 2020","format":false,"excerpt":"von Faro nach Alcoutim Die Nacht war relativ unruhig, was nicht nur am direkt der Strasse zugewandten Zimmer lag. Auch war die Vorfreude und Spannung auf die erste Radausfahrt 2020 gro\u00df. Um kurz vor 7 gab es dann endlich Fr\u00fchst\u00fcck in unserem kleinen Hotel direkt im Zentrum von Faro. Nicht\u2026","rel":"","context":"In &quot;Radfahren&quot;","block_context":{"text":"Radfahren","link":"https:\/\/blog.kunstgriff.net\/?cat=14"},"img":{"alt_text":"Gruppenbild","src":"https:\/\/i0.wp.com\/blog.kunstgriff.net\/wp-content\/uploads\/2020\/03\/Gruppenbild-scaled.jpg?fit=1200%2C800&ssl=1&resize=350%2C200","width":350,"height":200,"srcset":"https:\/\/i0.wp.com\/blog.kunstgriff.net\/wp-content\/uploads\/2020\/03\/Gruppenbild-scaled.jpg?fit=1200%2C800&ssl=1&resize=350%2C200 1x, https:\/\/i0.wp.com\/blog.kunstgriff.net\/wp-content\/uploads\/2020\/03\/Gruppenbild-scaled.jpg?fit=1200%2C800&ssl=1&resize=525%2C300 1.5x, https:\/\/i0.wp.com\/blog.kunstgriff.net\/wp-content\/uploads\/2020\/03\/Gruppenbild-scaled.jpg?fit=1200%2C800&ssl=1&resize=700%2C400 2x, https:\/\/i0.wp.com\/blog.kunstgriff.net\/wp-content\/uploads\/2020\/03\/Gruppenbild-scaled.jpg?fit=1200%2C800&ssl=1&resize=1050%2C600 3x"},"classes":[]},{"id":19161,"url":"https:\/\/blog.kunstgriff.net\/?p=19161","url_meta":{"origin":23241,"position":5},"title":"Mallorca Trainingscamp 2019 &#8211; Tag 5 &#8211; Esporles, Dei\u00e0 und Soll\u00e9r","author":"Georg","date":"April 6, 2019","format":false,"excerpt":"\u00fcber die Berge an die Westk\u00fcste Heute wurde es zum ersten Mal kompliziert mit der Tourenplanung. Einem Mitfahrer war die Strecke zu lang, dem Anderen zu kalt und dem Dritten zu viele Berge. Schlussendlich konnte wir uns trotzdem auf die Runde einigen. Als wir uns um 10 Uhr vor dem\u2026","rel":"","context":"In &quot;Cake-Ride&quot;","block_context":{"text":"Cake-Ride","link":"https:\/\/blog.kunstgriff.net\/?cat=34"},"img":{"alt_text":"","src":"https:\/\/i0.wp.com\/blog.kunstgriff.net\/wp-content\/uploads\/2019\/04\/Abfahrt-am-Hotel.jpg?fit=1200%2C800&ssl=1&resize=350%2C200","width":350,"height":200,"srcset":"https:\/\/i0.wp.com\/blog.kunstgriff.net\/wp-content\/uploads\/2019\/04\/Abfahrt-am-Hotel.jpg?fit=1200%2C800&ssl=1&resize=350%2C200 1x, https:\/\/i0.wp.com\/blog.kunstgriff.net\/wp-content\/uploads\/2019\/04\/Abfahrt-am-Hotel.jpg?fit=1200%2C800&ssl=1&resize=525%2C300 1.5x, https:\/\/i0.wp.com\/blog.kunstgriff.net\/wp-content\/uploads\/2019\/04\/Abfahrt-am-Hotel.jpg?fit=1200%2C800&ssl=1&resize=700%2C400 2x, https:\/\/i0.wp.com\/blog.kunstgriff.net\/wp-content\/uploads\/2019\/04\/Abfahrt-am-Hotel.jpg?fit=1200%2C800&ssl=1&resize=1050%2C600 3x"},"classes":[]}],"jetpack_likes_enabled":true,"jetpack_sharing_enabled":true,"_links":{"self":[{"href":"https:\/\/blog.kunstgriff.net\/index.php?rest_route=\/wp\/v2\/posts\/23241","targetHints":{"allow":["GET"]}}],"collection":[{"href":"https:\/\/blog.kunstgriff.net\/index.php?rest_route=\/wp\/v2\/posts"}],"about":[{"href":"https:\/\/blog.kunstgriff.net\/index.php?rest_route=\/wp\/v2\/types\/post"}],"author":[{"embeddable":true,"href":"https:\/\/blog.kunstgriff.net\/index.php?rest_route=\/wp\/v2\/users\/2"}],"replies":[{"embeddable":true,"href":"https:\/\/blog.kunstgriff.net\/index.php?rest_route=%2Fwp%2Fv2%2Fcomments&post=23241"}],"version-history":[{"count":9,"href":"https:\/\/blog.kunstgriff.net\/index.php?rest_route=\/wp\/v2\/posts\/23241\/revisions"}],"predecessor-version":[{"id":23245,"href":"https:\/\/blog.kunstgriff.net\/index.php?rest_route=\/wp\/v2\/posts\/23241\/revisions\/23245"}],"wp:featuredmedia":[{"embeddable":true,"href":"https:\/\/blog.kunstgriff.net\/index.php?rest_route=\/wp\/v2\/media\/23236"}],"wp:attachment":[{"href":"https:\/\/blog.kunstgriff.net\/index.php?rest_route=%2Fwp%2Fv2%2Fmedia&parent=23241"}],"wp:term":[{"taxonomy":"category","embeddable":true,"href":"https:\/\/blog.kunstgriff.net\/index.php?rest_route=%2Fwp%2Fv2%2Fcategories&post=23241"},{"taxonomy":"post_tag","embeddable":true,"href":"https:\/\/blog.kunstgriff.net\/index.php?rest_route=%2Fwp%2Fv2%2Ftags&post=23241"}],"curies":[{"name":"wp","href":"https:\/\/api.w.org\/{rel}","templated":true}]}}