{"id":23276,"date":"2023-03-21T22:49:11","date_gmt":"2023-03-21T21:49:11","guid":{"rendered":"https:\/\/blog.kunstgriff.net\/?p=23276"},"modified":"2023-03-28T07:43:09","modified_gmt":"2023-03-28T05:43:09","slug":"ert-andalusien-2023-tag-3-manilva-ronda","status":"publish","type":"post","link":"https:\/\/blog.kunstgriff.net\/?p=23276","title":{"rendered":"ERT Andalusien 2023 &#8211; Tag 3 &#8211; Manilva -> Ronda"},"content":{"rendered":"<span class=\"span-reading-time rt-reading-time\" style=\"display: block;\"><span class=\"rt-label rt-prefix\">Lesezeit: <\/span> <span class=\"rt-time\"> 2<\/span> <span class=\"rt-label rt-postfix\">Minuten<\/span><\/span><h4>93 km &#8211; 2.513 H\u00f6henmeter<\/h4>\n<hr \/>\n<p>Nach einer Nacht in meinem Miniaturen-Zimmer ging es nach einem Miniaturen-Fr\u00fchst\u00fcck bestehend aus einer Tasse Kaffee, einem Orangensaft, einem sehr fettigen Croissant und einem Br\u00f6tchen &#8211; Nachschlag ausgeschlossen &#8211; heute auf die Piste nach Ronda. Endlich wieder Platz um sich haben auf dem Rad und den Duft von Freiheit in der Morgensonne genie\u00dfen, da\u00df war das erste Mini-Ziel.<\/p>\n<p>Dann gab\u2019s noch eine Maxi-Aufgabe: Die heutige Etappe. Eher bergig mit \u00fcber 2.000 H\u00f6henmetern ins Hinterland. Gleich aus dem kalten ging es nach oben. Muss man(n) m\u00f6gen. Nicht so meins allerdings war schon nach wenigen Kilometern ein super verkehrsarmer Pass erreicht der Lust aufs Radeln machte. Erster Schwei\u00df tropfte aufs Oberrohr und eine ausgezeichnete Spotify-Playlist war auf den Ohren. Nur die zweistelligen Steigungsprozente st\u00f6rten die Laune und Vortrieb empfindlich.<\/p>\n<p>Dann wurde ich freundlich von Ralph und Matze kassiert. Oben sa\u00dfen sie dann beim Kaffee. F\u00fcr mich war ne ColaZero und zwei Teilchen mit Puddingf\u00fcllung drin. Quasi zweites Fr\u00fchst\u00fcck. Oder doch das eigentlich Erste? Egal, denn nun ging es fr\u00f6hlich wellig weiter durch ein atemberaubendes Hinterland. Sehr sch\u00f6n. 100%-Urlaubsfeeling. Irgendwann lie\u00dfen die Kr\u00e4fte nach. Zum Gl\u00fcck war das Buffet nicht weit und es gab leckere Schnittchen. Der Parkplatz mit seiner Aussicht war so sch\u00f6n, dass auch eine britische Radler:innen-Gruppe dort sein Buffet aufbaute. Wir lugten r\u00fcber und es gab dort Nudelsalat auf wiederverwendbaren Kunststofftellern: well done Fellows!<\/p>\n<p>Die Pause war lang und richtig Bock hatte ich nicht, weiter zu fahren. Aber \u201ewas Mut dat Mut\u201c w\u00fcrde der Hanseate sagen und so ging es wieder in die Anstiege hinein. Einige Engl\u00e4nder:inne wurden kassiert, was der Laune und dem Ego gut tat: hatte ich das Radfahren doch nicht komplett verlernt.<\/p>\n<p>Nun kam der Abzweig nach <a href=\"https:\/\/de.wikipedia.org\/wiki\/J\u00fazcar\" target=\"_blank\" rel=\"noopener\">J\u00fazcar, ein Dorf<\/a> in welchem alle Geb\u00e4ude in hellblau gestrichen waren und \u00fcberlebensgro\u00dfe Schl\u00fcmpfe herumstanden. Kurz: das Schlumpfdorf. Irgendwie beeindruckend und gleichzeitig merkw\u00fcrdig. Volker und ich hatten noch Lust auf Kaffee &amp; Kuchen, was leider dort nicht verf\u00fcgbar war. Ok dann eben den letzten 9 km langen Anstieg ohne St\u00e4rkung absolvieren. Die Landschaft war weiterhin atemberaubend. Irgendwann lag im Tal Ronda vor mir, unser heutiges Etappenziel. Noch mal mit H\u00f6chstgeschwindigkeit in die Abfahrt gest\u00fcrzt, um den Turm im Stadtkern gerollert und dann war auch schon unser Hotel im Stadtkern erreicht. Morgen dann Ruhetag. Bitter n\u00f6tig.<\/p>\n<div class=\"tiled-gallery type-rectangular tiled-gallery-unresized\" data-original-width=\"525\" data-carousel-extra='{&quot;blog_id&quot;:1,&quot;permalink&quot;:&quot;https:\\\/\\\/blog.kunstgriff.net\\\/?p=23276&quot;,&quot;likes_blog_id&quot;:127394879}' itemscope itemtype=\"http:\/\/schema.org\/ImageGallery\" > <div class=\"gallery-row\" style=\"width: 525px; height: 259px;\" data-original-width=\"525\" data-original-height=\"259\" > <div class=\"gallery-group images-1\" style=\"width: 344px; height: 259px;\" data-original-width=\"344\" data-original-height=\"259\" > <div class=\"tiled-gallery-item tiled-gallery-item-large\" itemprop=\"associatedMedia\" itemscope itemtype=\"http:\/\/schema.org\/ImageObject\"> <a href=\"https:\/\/i0.wp.com\/blog.kunstgriff.net\/wp-content\/uploads\/2023\/03\/wunderschoener-Sonnenaufgang-in-Manilva.jpeg?ssl=1\" border=\"0\" itemprop=\"url\"> <meta itemprop=\"width\" content=\"340\"> <meta itemprop=\"height\" content=\"255\"> <img decoding=\"async\" class=\"\" data-attachment-id=\"23275\" data-orig-file=\"https:\/\/blog.kunstgriff.net\/wp-content\/uploads\/2023\/03\/wunderschoener-Sonnenaufgang-in-Manilva.jpeg\" data-orig-size=\"2560,1920\" data-comments-opened=\"1\" data-image-meta=\"{&quot;aperture&quot;:&quot;1.78&quot;,&quot;credit&quot;:&quot;&quot;,&quot;camera&quot;:&quot;iPhone 14 Pro Max&quot;,&quot;caption&quot;:&quot;&quot;,&quot;created_timestamp&quot;:&quot;1679383416&quot;,&quot;copyright&quot;:&quot;&quot;,&quot;focal_length&quot;:&quot;6.86&quot;,&quot;iso&quot;:&quot;80&quot;,&quot;shutter_speed&quot;:&quot;0.0015873015873016&quot;,&quot;title&quot;:&quot;&quot;,&quot;orientation&quot;:&quot;1&quot;}\" data-image-title=\"wundersch\u00f6ner Sonnenaufgang in Manilva\" data-image-description=\"\" data-medium-file=\"https:\/\/i0.wp.com\/blog.kunstgriff.net\/wp-content\/uploads\/2023\/03\/wunderschoener-Sonnenaufgang-in-Manilva.jpeg?fit=2560%2C1920&#038;ssl=1\" data-large-file=\"https:\/\/i0.wp.com\/blog.kunstgriff.net\/wp-content\/uploads\/2023\/03\/wunderschoener-Sonnenaufgang-in-Manilva.jpeg?fit=2560%2C1920&#038;ssl=1\" src=\"https:\/\/i0.wp.com\/blog.kunstgriff.net\/wp-content\/uploads\/2023\/03\/wunderschoener-Sonnenaufgang-in-Manilva.jpeg?w=340&#038;h=255&#038;ssl=1\" srcset=\"https:\/\/i0.wp.com\/blog.kunstgriff.net\/wp-content\/uploads\/2023\/03\/wunderschoener-Sonnenaufgang-in-Manilva.jpeg?w=2560&amp;ssl=1 2560w, https:\/\/i0.wp.com\/blog.kunstgriff.net\/wp-content\/uploads\/2023\/03\/wunderschoener-Sonnenaufgang-in-Manilva.jpeg?resize=768%2C576&amp;ssl=1 768w, https:\/\/i0.wp.com\/blog.kunstgriff.net\/wp-content\/uploads\/2023\/03\/wunderschoener-Sonnenaufgang-in-Manilva.jpeg?resize=1536%2C1152&amp;ssl=1 1536w, https:\/\/i0.wp.com\/blog.kunstgriff.net\/wp-content\/uploads\/2023\/03\/wunderschoener-Sonnenaufgang-in-Manilva.jpeg?resize=2048%2C1536&amp;ssl=1 2048w, https:\/\/i0.wp.com\/blog.kunstgriff.net\/wp-content\/uploads\/2023\/03\/wunderschoener-Sonnenaufgang-in-Manilva.jpeg?w=1050&amp;ssl=1 1050w\" width=\"340\" height=\"255\" loading=\"lazy\" data-original-width=\"340\" data-original-height=\"255\" itemprop=\"http:\/\/schema.org\/image\" title=\"wundersch\u00f6ner Sonnenaufgang in Manilva\" alt=\"wundersch\u00f6ner Sonnenaufgang in Manilva\" style=\"width: 340px; height: 255px;\" \/> <\/a> <div class=\"tiled-gallery-caption\" itemprop=\"caption description\"> wundersch\u00f6ner Sonnenaufgang in Manilva <\/div> <\/div> <\/div> <!-- close group --> <div class=\"gallery-group images-2\" style=\"width: 181px; height: 259px;\" data-original-width=\"181\" data-original-height=\"259\" > <div class=\"tiled-gallery-item tiled-gallery-item-small\" itemprop=\"associatedMedia\" itemscope itemtype=\"http:\/\/schema.org\/ImageObject\"> <a href=\"https:\/\/i0.wp.com\/blog.kunstgriff.net\/wp-content\/uploads\/2023\/03\/Abfahrt-vom-Hotel.jpeg?ssl=1\" border=\"0\" itemprop=\"url\"> <meta itemprop=\"width\" content=\"177\"> <meta itemprop=\"height\" content=\"118\"> <img decoding=\"async\" class=\"\" data-attachment-id=\"23269\" data-orig-file=\"https:\/\/blog.kunstgriff.net\/wp-content\/uploads\/2023\/03\/Abfahrt-vom-Hotel.jpeg\" data-orig-size=\"2560,1707\" data-comments-opened=\"1\" data-image-meta=\"{&quot;aperture&quot;:&quot;2.8&quot;,&quot;credit&quot;:&quot;&quot;,&quot;camera&quot;:&quot;TG-4&quot;,&quot;caption&quot;:&quot;OLYMPUS DIGITAL CAMERA&quot;,&quot;created_timestamp&quot;:&quot;1679391607&quot;,&quot;copyright&quot;:&quot;&quot;,&quot;focal_length&quot;:&quot;4.5&quot;,&quot;iso&quot;:&quot;100&quot;,&quot;shutter_speed&quot;:&quot;0.0025&quot;,&quot;title&quot;:&quot;OLYMPUS DIGITAL CAMERA&quot;,&quot;orientation&quot;:&quot;1&quot;}\" data-image-title=\"Abfahrt vom Hotel\" data-image-description=\"\" data-medium-file=\"https:\/\/i0.wp.com\/blog.kunstgriff.net\/wp-content\/uploads\/2023\/03\/Abfahrt-vom-Hotel.jpeg?fit=2560%2C1707&#038;ssl=1\" data-large-file=\"https:\/\/i0.wp.com\/blog.kunstgriff.net\/wp-content\/uploads\/2023\/03\/Abfahrt-vom-Hotel.jpeg?fit=2560%2C1707&#038;ssl=1\" src=\"https:\/\/i0.wp.com\/blog.kunstgriff.net\/wp-content\/uploads\/2023\/03\/Abfahrt-vom-Hotel.jpeg?w=177&#038;h=118&#038;ssl=1\" srcset=\"https:\/\/i0.wp.com\/blog.kunstgriff.net\/wp-content\/uploads\/2023\/03\/Abfahrt-vom-Hotel.jpeg?w=2560&amp;ssl=1 2560w, https:\/\/i0.wp.com\/blog.kunstgriff.net\/wp-content\/uploads\/2023\/03\/Abfahrt-vom-Hotel.jpeg?resize=768%2C512&amp;ssl=1 768w, https:\/\/i0.wp.com\/blog.kunstgriff.net\/wp-content\/uploads\/2023\/03\/Abfahrt-vom-Hotel.jpeg?resize=1536%2C1024&amp;ssl=1 1536w, https:\/\/i0.wp.com\/blog.kunstgriff.net\/wp-content\/uploads\/2023\/03\/Abfahrt-vom-Hotel.jpeg?resize=2048%2C1366&amp;ssl=1 2048w, https:\/\/i0.wp.com\/blog.kunstgriff.net\/wp-content\/uploads\/2023\/03\/Abfahrt-vom-Hotel.jpeg?w=1050&amp;ssl=1 1050w\" width=\"177\" height=\"118\" loading=\"lazy\" data-original-width=\"177\" data-original-height=\"118\" itemprop=\"http:\/\/schema.org\/image\" title=\"Abfahrt vom Hotel\" alt=\"Abfahrt vom Hotel\" style=\"width: 177px; height: 118px;\" \/> <\/a> <div class=\"tiled-gallery-caption\" itemprop=\"caption description\"> Abfahrt vom Hotel <\/div> <\/div> <div class=\"tiled-gallery-item tiled-gallery-item-small\" itemprop=\"associatedMedia\" itemscope itemtype=\"http:\/\/schema.org\/ImageObject\"> <a href=\"https:\/\/i0.wp.com\/blog.kunstgriff.net\/wp-content\/uploads\/2023\/03\/tolle-huegelige-Landschaft.jpeg?ssl=1\" border=\"0\" itemprop=\"url\"> <meta itemprop=\"width\" content=\"177\"> <meta itemprop=\"height\" content=\"133\"> <img decoding=\"async\" class=\"\" data-attachment-id=\"23274\" data-orig-file=\"https:\/\/blog.kunstgriff.net\/wp-content\/uploads\/2023\/03\/tolle-huegelige-Landschaft.jpeg\" data-orig-size=\"2560,1920\" data-comments-opened=\"1\" data-image-meta=\"{&quot;aperture&quot;:&quot;1.78&quot;,&quot;credit&quot;:&quot;&quot;,&quot;camera&quot;:&quot;iPhone 14 Pro Max&quot;,&quot;caption&quot;:&quot;&quot;,&quot;created_timestamp&quot;:&quot;1679391057&quot;,&quot;copyright&quot;:&quot;&quot;,&quot;focal_length&quot;:&quot;6.86&quot;,&quot;iso&quot;:&quot;80&quot;,&quot;shutter_speed&quot;:&quot;0.00019000570017101&quot;,&quot;title&quot;:&quot;&quot;,&quot;orientation&quot;:&quot;1&quot;}\" data-image-title=\"tolle h\u00fcgelige Landschaft\" data-image-description=\"\" data-medium-file=\"https:\/\/i0.wp.com\/blog.kunstgriff.net\/wp-content\/uploads\/2023\/03\/tolle-huegelige-Landschaft.jpeg?fit=2560%2C1920&#038;ssl=1\" data-large-file=\"https:\/\/i0.wp.com\/blog.kunstgriff.net\/wp-content\/uploads\/2023\/03\/tolle-huegelige-Landschaft.jpeg?fit=2560%2C1920&#038;ssl=1\" src=\"https:\/\/i0.wp.com\/blog.kunstgriff.net\/wp-content\/uploads\/2023\/03\/tolle-huegelige-Landschaft.jpeg?w=177&#038;h=133&#038;ssl=1\" srcset=\"https:\/\/i0.wp.com\/blog.kunstgriff.net\/wp-content\/uploads\/2023\/03\/tolle-huegelige-Landschaft.jpeg?w=2560&amp;ssl=1 2560w, https:\/\/i0.wp.com\/blog.kunstgriff.net\/wp-content\/uploads\/2023\/03\/tolle-huegelige-Landschaft.jpeg?resize=768%2C576&amp;ssl=1 768w, https:\/\/i0.wp.com\/blog.kunstgriff.net\/wp-content\/uploads\/2023\/03\/tolle-huegelige-Landschaft.jpeg?resize=1536%2C1152&amp;ssl=1 1536w, https:\/\/i0.wp.com\/blog.kunstgriff.net\/wp-content\/uploads\/2023\/03\/tolle-huegelige-Landschaft.jpeg?resize=2048%2C1536&amp;ssl=1 2048w, https:\/\/i0.wp.com\/blog.kunstgriff.net\/wp-content\/uploads\/2023\/03\/tolle-huegelige-Landschaft.jpeg?w=1050&amp;ssl=1 1050w\" width=\"177\" height=\"133\" loading=\"lazy\" data-original-width=\"177\" data-original-height=\"133\" itemprop=\"http:\/\/schema.org\/image\" title=\"tolle h\u00fcgelige Landschaft\" alt=\"tolle h\u00fcgelige Landschaft\" style=\"width: 177px; height: 133px;\" \/> <\/a> <div class=\"tiled-gallery-caption\" itemprop=\"caption description\"> tolle h\u00fcgelige Landschaft <\/div> <\/div> <\/div> <!-- close group --> <\/div> <!-- close row --> <div class=\"gallery-row\" style=\"width: 525px; height: 89px;\" data-original-width=\"525\" data-original-height=\"89\" > <div class=\"gallery-group images-1\" style=\"width: 132px; height: 89px;\" data-original-width=\"132\" data-original-height=\"89\" > <div class=\"tiled-gallery-item tiled-gallery-item-small\" itemprop=\"associatedMedia\" itemscope itemtype=\"http:\/\/schema.org\/ImageObject\"> <a href=\"https:\/\/i0.wp.com\/blog.kunstgriff.net\/wp-content\/uploads\/2023\/03\/Berster-Buffet-Punkt-mirador.jpeg?ssl=1\" border=\"0\" itemprop=\"url\"> <meta itemprop=\"width\" content=\"128\"> <meta itemprop=\"height\" content=\"85\"> <img decoding=\"async\" class=\"\" data-attachment-id=\"23270\" data-orig-file=\"https:\/\/blog.kunstgriff.net\/wp-content\/uploads\/2023\/03\/Berster-Buffet-Punkt-mirador.jpeg\" data-orig-size=\"2560,1707\" data-comments-opened=\"1\" data-image-meta=\"{&quot;aperture&quot;:&quot;8&quot;,&quot;credit&quot;:&quot;&quot;,&quot;camera&quot;:&quot;TG-4&quot;,&quot;caption&quot;:&quot;OLYMPUS DIGITAL CAMERA&quot;,&quot;created_timestamp&quot;:&quot;1679405178&quot;,&quot;copyright&quot;:&quot;&quot;,&quot;focal_length&quot;:&quot;4.5&quot;,&quot;iso&quot;:&quot;100&quot;,&quot;shutter_speed&quot;:&quot;0.00625&quot;,&quot;title&quot;:&quot;OLYMPUS DIGITAL CAMERA&quot;,&quot;orientation&quot;:&quot;1&quot;}\" data-image-title=\"Bester Buffet-Punkt &amp;#8211; mirador\" data-image-description=\"\" data-medium-file=\"https:\/\/i0.wp.com\/blog.kunstgriff.net\/wp-content\/uploads\/2023\/03\/Berster-Buffet-Punkt-mirador.jpeg?fit=2560%2C1707&#038;ssl=1\" data-large-file=\"https:\/\/i0.wp.com\/blog.kunstgriff.net\/wp-content\/uploads\/2023\/03\/Berster-Buffet-Punkt-mirador.jpeg?fit=2560%2C1707&#038;ssl=1\" src=\"https:\/\/i0.wp.com\/blog.kunstgriff.net\/wp-content\/uploads\/2023\/03\/Berster-Buffet-Punkt-mirador.jpeg?w=128&#038;h=85&#038;ssl=1\" srcset=\"https:\/\/i0.wp.com\/blog.kunstgriff.net\/wp-content\/uploads\/2023\/03\/Berster-Buffet-Punkt-mirador.jpeg?w=2560&amp;ssl=1 2560w, https:\/\/i0.wp.com\/blog.kunstgriff.net\/wp-content\/uploads\/2023\/03\/Berster-Buffet-Punkt-mirador.jpeg?resize=768%2C512&amp;ssl=1 768w, https:\/\/i0.wp.com\/blog.kunstgriff.net\/wp-content\/uploads\/2023\/03\/Berster-Buffet-Punkt-mirador.jpeg?resize=1536%2C1024&amp;ssl=1 1536w, https:\/\/i0.wp.com\/blog.kunstgriff.net\/wp-content\/uploads\/2023\/03\/Berster-Buffet-Punkt-mirador.jpeg?resize=2048%2C1366&amp;ssl=1 2048w, https:\/\/i0.wp.com\/blog.kunstgriff.net\/wp-content\/uploads\/2023\/03\/Berster-Buffet-Punkt-mirador.jpeg?w=1050&amp;ssl=1 1050w\" width=\"128\" height=\"85\" loading=\"lazy\" data-original-width=\"128\" data-original-height=\"85\" itemprop=\"http:\/\/schema.org\/image\" title=\"Bester Buffet-Punkt - mirador\" alt=\"Bester Buffet-Punkt - mirador\" style=\"width: 128px; height: 85px;\" \/> <\/a> <div class=\"tiled-gallery-caption\" itemprop=\"caption description\"> Bester Buffet-Punkt &#8211; mirador <\/div> <\/div> <\/div> <!-- close group --> <div class=\"gallery-group images-1\" style=\"width: 131px; height: 89px;\" data-original-width=\"131\" data-original-height=\"89\" > <div class=\"tiled-gallery-item tiled-gallery-item-small\" itemprop=\"associatedMedia\" itemscope itemtype=\"http:\/\/schema.org\/ImageObject\"> <a href=\"https:\/\/i0.wp.com\/blog.kunstgriff.net\/wp-content\/uploads\/2023\/03\/mirador-Parkplatz-mit-Aussicht.jpeg?ssl=1\" border=\"0\" itemprop=\"url\"> <meta itemprop=\"width\" content=\"127\"> <meta itemprop=\"height\" content=\"85\"> <img decoding=\"async\" class=\"\" data-attachment-id=\"23271\" data-orig-file=\"https:\/\/blog.kunstgriff.net\/wp-content\/uploads\/2023\/03\/mirador-Parkplatz-mit-Aussicht.jpeg\" data-orig-size=\"2560,1707\" data-comments-opened=\"1\" data-image-meta=\"{&quot;aperture&quot;:&quot;8&quot;,&quot;credit&quot;:&quot;&quot;,&quot;camera&quot;:&quot;TG-4&quot;,&quot;caption&quot;:&quot;OLYMPUS DIGITAL CAMERA&quot;,&quot;created_timestamp&quot;:&quot;1679409910&quot;,&quot;copyright&quot;:&quot;&quot;,&quot;focal_length&quot;:&quot;4.5&quot;,&quot;iso&quot;:&quot;100&quot;,&quot;shutter_speed&quot;:&quot;0.004&quot;,&quot;title&quot;:&quot;OLYMPUS DIGITAL CAMERA&quot;,&quot;orientation&quot;:&quot;1&quot;}\" data-image-title=\"mirador &amp;#8211; Parkplatz mit Aussicht\" data-image-description=\"\" data-medium-file=\"https:\/\/i0.wp.com\/blog.kunstgriff.net\/wp-content\/uploads\/2023\/03\/mirador-Parkplatz-mit-Aussicht.jpeg?fit=2560%2C1707&#038;ssl=1\" data-large-file=\"https:\/\/i0.wp.com\/blog.kunstgriff.net\/wp-content\/uploads\/2023\/03\/mirador-Parkplatz-mit-Aussicht.jpeg?fit=2560%2C1707&#038;ssl=1\" src=\"https:\/\/i0.wp.com\/blog.kunstgriff.net\/wp-content\/uploads\/2023\/03\/mirador-Parkplatz-mit-Aussicht.jpeg?w=127&#038;h=85&#038;ssl=1\" srcset=\"https:\/\/i0.wp.com\/blog.kunstgriff.net\/wp-content\/uploads\/2023\/03\/mirador-Parkplatz-mit-Aussicht.jpeg?w=2560&amp;ssl=1 2560w, https:\/\/i0.wp.com\/blog.kunstgriff.net\/wp-content\/uploads\/2023\/03\/mirador-Parkplatz-mit-Aussicht.jpeg?resize=768%2C512&amp;ssl=1 768w, https:\/\/i0.wp.com\/blog.kunstgriff.net\/wp-content\/uploads\/2023\/03\/mirador-Parkplatz-mit-Aussicht.jpeg?resize=1536%2C1024&amp;ssl=1 1536w, https:\/\/i0.wp.com\/blog.kunstgriff.net\/wp-content\/uploads\/2023\/03\/mirador-Parkplatz-mit-Aussicht.jpeg?resize=2048%2C1366&amp;ssl=1 2048w, https:\/\/i0.wp.com\/blog.kunstgriff.net\/wp-content\/uploads\/2023\/03\/mirador-Parkplatz-mit-Aussicht.jpeg?w=1050&amp;ssl=1 1050w\" width=\"127\" height=\"85\" loading=\"lazy\" data-original-width=\"127\" data-original-height=\"85\" itemprop=\"http:\/\/schema.org\/image\" title=\"mirador - Parkplatz mit Aussicht\" alt=\"mirador - Parkplatz mit Aussicht\" style=\"width: 127px; height: 85px;\" \/> <\/a> <div class=\"tiled-gallery-caption\" itemprop=\"caption description\"> mirador &#8211; Parkplatz mit Aussicht <\/div> <\/div> <\/div> <!-- close group --> <div class=\"gallery-group images-1\" style=\"width: 131px; height: 89px;\" data-original-width=\"131\" data-original-height=\"89\" > <div class=\"tiled-gallery-item tiled-gallery-item-small\" itemprop=\"associatedMedia\" itemscope itemtype=\"http:\/\/schema.org\/ImageObject\"> <a href=\"https:\/\/i0.wp.com\/blog.kunstgriff.net\/wp-content\/uploads\/2023\/03\/Schlumpfdorf-Juzcar.jpeg?ssl=1\" border=\"0\" itemprop=\"url\"> <meta itemprop=\"width\" content=\"127\"> <meta itemprop=\"height\" content=\"85\"> <img decoding=\"async\" class=\"\" data-attachment-id=\"23273\" data-orig-file=\"https:\/\/blog.kunstgriff.net\/wp-content\/uploads\/2023\/03\/Schlumpfdorf-Juzcar.jpeg\" data-orig-size=\"2560,1707\" data-comments-opened=\"1\" data-image-meta=\"{&quot;aperture&quot;:&quot;4.5&quot;,&quot;credit&quot;:&quot;&quot;,&quot;camera&quot;:&quot;TG-4&quot;,&quot;caption&quot;:&quot;OLYMPUS DIGITAL CAMERA&quot;,&quot;created_timestamp&quot;:&quot;1679413662&quot;,&quot;copyright&quot;:&quot;&quot;,&quot;focal_length&quot;:&quot;8.41&quot;,&quot;iso&quot;:&quot;100&quot;,&quot;shutter_speed&quot;:&quot;0.0015625&quot;,&quot;title&quot;:&quot;OLYMPUS DIGITAL CAMERA&quot;,&quot;orientation&quot;:&quot;1&quot;}\" data-image-title=\"Schlumpfdorf J\u00fazcar\" data-image-description=\"\" data-medium-file=\"https:\/\/i0.wp.com\/blog.kunstgriff.net\/wp-content\/uploads\/2023\/03\/Schlumpfdorf-Juzcar.jpeg?fit=2560%2C1707&#038;ssl=1\" data-large-file=\"https:\/\/i0.wp.com\/blog.kunstgriff.net\/wp-content\/uploads\/2023\/03\/Schlumpfdorf-Juzcar.jpeg?fit=2560%2C1707&#038;ssl=1\" src=\"https:\/\/i0.wp.com\/blog.kunstgriff.net\/wp-content\/uploads\/2023\/03\/Schlumpfdorf-Juzcar.jpeg?w=127&#038;h=85&#038;ssl=1\" srcset=\"https:\/\/i0.wp.com\/blog.kunstgriff.net\/wp-content\/uploads\/2023\/03\/Schlumpfdorf-Juzcar.jpeg?w=2560&amp;ssl=1 2560w, https:\/\/i0.wp.com\/blog.kunstgriff.net\/wp-content\/uploads\/2023\/03\/Schlumpfdorf-Juzcar.jpeg?resize=768%2C512&amp;ssl=1 768w, https:\/\/i0.wp.com\/blog.kunstgriff.net\/wp-content\/uploads\/2023\/03\/Schlumpfdorf-Juzcar.jpeg?resize=1536%2C1024&amp;ssl=1 1536w, https:\/\/i0.wp.com\/blog.kunstgriff.net\/wp-content\/uploads\/2023\/03\/Schlumpfdorf-Juzcar.jpeg?resize=2048%2C1366&amp;ssl=1 2048w, https:\/\/i0.wp.com\/blog.kunstgriff.net\/wp-content\/uploads\/2023\/03\/Schlumpfdorf-Juzcar.jpeg?w=1050&amp;ssl=1 1050w\" width=\"127\" height=\"85\" loading=\"lazy\" data-original-width=\"127\" data-original-height=\"85\" itemprop=\"http:\/\/schema.org\/image\" title=\"Schlumpfdorf J\u00fazcar\" alt=\"Schlumpfdorf J\u00fazcar\" style=\"width: 127px; height: 85px;\" \/> <\/a> <div class=\"tiled-gallery-caption\" itemprop=\"caption description\"> Schlumpfdorf J\u00fazcar <\/div> <\/div> <\/div> <!-- close group --> <div class=\"gallery-group images-1\" style=\"width: 131px; height: 89px;\" data-original-width=\"131\" data-original-height=\"89\" > <div class=\"tiled-gallery-item tiled-gallery-item-small\" itemprop=\"associatedMedia\" itemscope itemtype=\"http:\/\/schema.org\/ImageObject\"> <a href=\"https:\/\/i0.wp.com\/blog.kunstgriff.net\/wp-content\/uploads\/2023\/03\/Schlumpfdorf-Juzcar-alle-Haeuser-in-blau.jpeg?ssl=1\" border=\"0\" itemprop=\"url\"> <meta itemprop=\"width\" content=\"127\"> <meta itemprop=\"height\" content=\"85\"> <img decoding=\"async\" class=\"\" data-attachment-id=\"23272\" data-orig-file=\"https:\/\/blog.kunstgriff.net\/wp-content\/uploads\/2023\/03\/Schlumpfdorf-Juzcar-alle-Haeuser-in-blau.jpeg\" data-orig-size=\"2560,1707\" data-comments-opened=\"1\" data-image-meta=\"{&quot;aperture&quot;:&quot;8&quot;,&quot;credit&quot;:&quot;&quot;,&quot;camera&quot;:&quot;TG-4&quot;,&quot;caption&quot;:&quot;OLYMPUS DIGITAL CAMERA&quot;,&quot;created_timestamp&quot;:&quot;1679414110&quot;,&quot;copyright&quot;:&quot;&quot;,&quot;focal_length&quot;:&quot;4.5&quot;,&quot;iso&quot;:&quot;100&quot;,&quot;shutter_speed&quot;:&quot;0.004&quot;,&quot;title&quot;:&quot;OLYMPUS DIGITAL CAMERA&quot;,&quot;orientation&quot;:&quot;1&quot;}\" data-image-title=\"Schlumpfdorf J\u00fazcar &amp;#8211; alle H\u00e4user in blau\" data-image-description=\"\" data-medium-file=\"https:\/\/i0.wp.com\/blog.kunstgriff.net\/wp-content\/uploads\/2023\/03\/Schlumpfdorf-Juzcar-alle-Haeuser-in-blau.jpeg?fit=2560%2C1707&#038;ssl=1\" data-large-file=\"https:\/\/i0.wp.com\/blog.kunstgriff.net\/wp-content\/uploads\/2023\/03\/Schlumpfdorf-Juzcar-alle-Haeuser-in-blau.jpeg?fit=2560%2C1707&#038;ssl=1\" src=\"https:\/\/i0.wp.com\/blog.kunstgriff.net\/wp-content\/uploads\/2023\/03\/Schlumpfdorf-Juzcar-alle-Haeuser-in-blau.jpeg?w=127&#038;h=85&#038;ssl=1\" srcset=\"https:\/\/i0.wp.com\/blog.kunstgriff.net\/wp-content\/uploads\/2023\/03\/Schlumpfdorf-Juzcar-alle-Haeuser-in-blau.jpeg?w=2560&amp;ssl=1 2560w, https:\/\/i0.wp.com\/blog.kunstgriff.net\/wp-content\/uploads\/2023\/03\/Schlumpfdorf-Juzcar-alle-Haeuser-in-blau.jpeg?resize=768%2C512&amp;ssl=1 768w, https:\/\/i0.wp.com\/blog.kunstgriff.net\/wp-content\/uploads\/2023\/03\/Schlumpfdorf-Juzcar-alle-Haeuser-in-blau.jpeg?resize=1536%2C1024&amp;ssl=1 1536w, https:\/\/i0.wp.com\/blog.kunstgriff.net\/wp-content\/uploads\/2023\/03\/Schlumpfdorf-Juzcar-alle-Haeuser-in-blau.jpeg?resize=2048%2C1366&amp;ssl=1 2048w, https:\/\/i0.wp.com\/blog.kunstgriff.net\/wp-content\/uploads\/2023\/03\/Schlumpfdorf-Juzcar-alle-Haeuser-in-blau.jpeg?w=1050&amp;ssl=1 1050w\" width=\"127\" height=\"85\" loading=\"lazy\" data-original-width=\"127\" data-original-height=\"85\" itemprop=\"http:\/\/schema.org\/image\" title=\"Schlumpfdorf J\u00fazcar - alle H\u00e4user in blau\" alt=\"Schlumpfdorf J\u00fazcar - alle H\u00e4user in blau\" style=\"width: 127px; height: 85px;\" \/> <\/a> <div class=\"tiled-gallery-caption\" itemprop=\"caption description\"> Schlumpfdorf J\u00fazcar &#8211; alle H\u00e4user in blau <\/div> <\/div> <\/div> <!-- close group --> <\/div> <!-- close row --> <\/div>\n<div class=\"strava-embed-placeholder\" data-embed-type=\"activity\" data-embed-id=\"8752568985\"><\/div>\n<p><script src=\"https:\/\/strava-embeds.com\/embed.js\"><\/script><\/p>\n","protected":false},"excerpt":{"rendered":"<p>93 km &#8211; 2.513 H\u00f6henmeter Nach einer Nacht in meinem Miniaturen-Zimmer ging es nach einem Miniaturen-Fr\u00fchst\u00fcck bestehend aus einer Tasse Kaffee, einem Orangensaft, einem sehr fettigen Croissant und einem Br\u00f6tchen &#8211; Nachschlag ausgeschlossen &#8211; heute auf die Piste nach Ronda. Endlich wieder Platz um sich haben auf dem Rad und den Duft von Freiheit in &hellip; <\/p>\n<p class=\"link-more\"><a href=\"https:\/\/blog.kunstgriff.net\/?p=23276\" class=\"more-link\"><span class=\"screen-reader-text\">\u201eERT Andalusien 2023 &#8211; Tag 3 &#8211; Manilva -> Ronda\u201c <\/span>weiterlesen<\/a><\/p>\n","protected":false},"author":2,"featured_media":23275,"comment_status":"open","ping_status":"open","sticky":false,"template":"","format":"standard","meta":{"jetpack_post_was_ever_published":false,"_jetpack_newsletter_access":"","_jetpack_dont_email_post_to_subs":false,"_jetpack_newsletter_tier_id":0,"_jetpack_memberships_contains_paywalled_content":false,"_jetpack_memberships_contains_paid_content":false,"footnotes":""},"categories":[14,13,7],"tags":[],"class_list":["post-23276","post","type-post","status-publish","format-standard","has-post-thumbnail","hentry","category-radfahren","category-radreise","category-rennradfahren"],"jetpack_featured_media_url":"https:\/\/i0.wp.com\/blog.kunstgriff.net\/wp-content\/uploads\/2023\/03\/wunderschoener-Sonnenaufgang-in-Manilva.jpeg?fit=2560%2C1920&ssl=1","jetpack_shortlink":"https:\/\/wp.me\/p8Cxe7-63q","jetpack-related-posts":[{"id":21628,"url":"https:\/\/blog.kunstgriff.net\/?p=21628","url_meta":{"origin":23276,"position":0},"title":"WfF-Sommertour Th\u00fcringen 2020 &#8211; Tag 4","author":"Georg","date":"August 7, 2020","format":false,"excerpt":"137 km | 1.557 H\u00f6henmeter Nach dem doch recht entspannten gestrigen Ruhetag, durfte konnte heute wieder Rad gefahren werden. Trotz sch\u00f6ner Wanderung, werden wir wohl das Wandern nicht als neues Hobby entdecken. Radfahren ist da schon vielf\u00e4ltiger. Also heute schon um 9:30 Uhr aufs Rad. Wegen der Hitze. Einige Teilnehmer\u2026","rel":"","context":"In &quot;Cake-Ride&quot;","block_context":{"text":"Cake-Ride","link":"https:\/\/blog.kunstgriff.net\/?cat=34"},"img":{"alt_text":"ganz sch\u00f6n steil und heiss","src":"https:\/\/i0.wp.com\/blog.kunstgriff.net\/wp-content\/uploads\/2020\/08\/ganz-scho%CC%88n-steil-und-heiss.jpg?fit=1200%2C800&ssl=1&resize=350%2C200","width":350,"height":200,"srcset":"https:\/\/i0.wp.com\/blog.kunstgriff.net\/wp-content\/uploads\/2020\/08\/ganz-scho%CC%88n-steil-und-heiss.jpg?fit=1200%2C800&ssl=1&resize=350%2C200 1x, https:\/\/i0.wp.com\/blog.kunstgriff.net\/wp-content\/uploads\/2020\/08\/ganz-scho%CC%88n-steil-und-heiss.jpg?fit=1200%2C800&ssl=1&resize=525%2C300 1.5x, https:\/\/i0.wp.com\/blog.kunstgriff.net\/wp-content\/uploads\/2020\/08\/ganz-scho%CC%88n-steil-und-heiss.jpg?fit=1200%2C800&ssl=1&resize=700%2C400 2x, https:\/\/i0.wp.com\/blog.kunstgriff.net\/wp-content\/uploads\/2020\/08\/ganz-scho%CC%88n-steil-und-heiss.jpg?fit=1200%2C800&ssl=1&resize=1050%2C600 3x"},"classes":[]},{"id":10538,"url":"https:\/\/blog.kunstgriff.net\/?p=10538","url_meta":{"origin":23276,"position":1},"title":"St. Ulrich -> Bolzano -> Merano","author":"Georg","date":"Juni 25, 2013","format":false,"excerpt":"oder \u00bbH\u00f6henmeter sammeln\u00ab Nach dem gestrigen Regentag wollten wir heute unbedingt wieder aufs Rad. Nach Abw\u00e4gung aller M\u00f6glichkeiten entschlossen wir uns f\u00fcr eine Etappe mit nicht all zu vielen P\u00e4ssen bzw. Anstiegen. Eigentlich nur einem, daf\u00fcr knackigen. Die Beine wollten auch mal lange flach rollen nach den vielen H\u00f6henmetern der\u2026","rel":"","context":"In &quot;Radfahren&quot;","block_context":{"text":"Radfahren","link":"https:\/\/blog.kunstgriff.net\/?cat=14"},"img":{"alt_text":"","src":"https:\/\/i0.wp.com\/blog.kunstgriff.net\/wp-content\/uploads\/2013\/06\/Herrliches-Alpenpanorama.jpg?fit=1200%2C900&ssl=1&resize=350%2C200","width":350,"height":200,"srcset":"https:\/\/i0.wp.com\/blog.kunstgriff.net\/wp-content\/uploads\/2013\/06\/Herrliches-Alpenpanorama.jpg?fit=1200%2C900&ssl=1&resize=350%2C200 1x, https:\/\/i0.wp.com\/blog.kunstgriff.net\/wp-content\/uploads\/2013\/06\/Herrliches-Alpenpanorama.jpg?fit=1200%2C900&ssl=1&resize=525%2C300 1.5x, https:\/\/i0.wp.com\/blog.kunstgriff.net\/wp-content\/uploads\/2013\/06\/Herrliches-Alpenpanorama.jpg?fit=1200%2C900&ssl=1&resize=700%2C400 2x, https:\/\/i0.wp.com\/blog.kunstgriff.net\/wp-content\/uploads\/2013\/06\/Herrliches-Alpenpanorama.jpg?fit=1200%2C900&ssl=1&resize=1050%2C600 3x"},"classes":[]},{"id":10249,"url":"https:\/\/blog.kunstgriff.net\/?p=10249","url_meta":{"origin":23276,"position":2},"title":"Auf Friedensfahrt\u2013Kurs 2013 4. Tag: Bayreuth -> Domazlice","author":"Georg","date":"Mai 10, 2013","format":false,"excerpt":"145,12 km | 1.017 H\u00f6henmeterDer Blick aus dem Fenster meines kleinen Dachstuhlfensters zeigte, was uns heute begleiten w\u00fcrde: Regentropfen prasselten auf den Asphalt. Die Motivation war sehr niedrig, um nicht zu sagen im Keller, heute aufs Renrrad zu steigen. Beim Fr\u00fchst\u00fcck pr\u00e4sentierten dann die Mitfahrer ihren Plan f\u00fcr die Weiterfahrt:\u2026","rel":"","context":"In &quot;Besonderes Ereignis&quot;","block_context":{"text":"Besonderes Ereignis","link":"https:\/\/blog.kunstgriff.net\/?cat=25"},"img":{"alt_text":"","src":"https:\/\/i0.wp.com\/blog.kunstgriff.net\/wp-content\/uploads\/2013\/05\/Satte-gr%C3%BCne-W%C3%A4lder-in-der-Oberpfalz.jpg?fit=1200%2C900&ssl=1&resize=350%2C200","width":350,"height":200,"srcset":"https:\/\/i0.wp.com\/blog.kunstgriff.net\/wp-content\/uploads\/2013\/05\/Satte-gr%C3%BCne-W%C3%A4lder-in-der-Oberpfalz.jpg?fit=1200%2C900&ssl=1&resize=350%2C200 1x, https:\/\/i0.wp.com\/blog.kunstgriff.net\/wp-content\/uploads\/2013\/05\/Satte-gr%C3%BCne-W%C3%A4lder-in-der-Oberpfalz.jpg?fit=1200%2C900&ssl=1&resize=525%2C300 1.5x, https:\/\/i0.wp.com\/blog.kunstgriff.net\/wp-content\/uploads\/2013\/05\/Satte-gr%C3%BCne-W%C3%A4lder-in-der-Oberpfalz.jpg?fit=1200%2C900&ssl=1&resize=700%2C400 2x, https:\/\/i0.wp.com\/blog.kunstgriff.net\/wp-content\/uploads\/2013\/05\/Satte-gr%C3%BCne-W%C3%A4lder-in-der-Oberpfalz.jpg?fit=1200%2C900&ssl=1&resize=1050%2C600 3x"},"classes":[]},{"id":13044,"url":"https:\/\/blog.kunstgriff.net\/?p=13044","url_meta":{"origin":23276,"position":3},"title":"Kuba 2016 &#8211; Anreise","author":"Georg","date":"Februar 20, 2016","format":false,"excerpt":"oder \u00bbIn freudiger Erwartung\u00ab Nun war es endlich soweit und es ging auf meine erste echte Fernreise mit dem Rad. Die Vorbereitungen fielen eher d\u00fcrftig aus. Au\u00dfer der notorischen Packliste wurde keine Reiseliteratur im Vorfeld gew\u00e4lzt. Meine Karibik-Erfahrung bestand aus zwei vorherigen Aufenthalten auf Jamaica und Antigua. Der gebuchte Nachflug\u2026","rel":"","context":"In &quot;Besonderes Ereignis&quot;","block_context":{"text":"Besonderes Ereignis","link":"https:\/\/blog.kunstgriff.net\/?cat=25"},"img":{"alt_text":"","src":"https:\/\/i0.wp.com\/blog.kunstgriff.net\/wp-content\/uploads\/2016\/03\/Malachon.jpg?fit=1200%2C900&ssl=1&resize=350%2C200","width":350,"height":200,"srcset":"https:\/\/i0.wp.com\/blog.kunstgriff.net\/wp-content\/uploads\/2016\/03\/Malachon.jpg?fit=1200%2C900&ssl=1&resize=350%2C200 1x, https:\/\/i0.wp.com\/blog.kunstgriff.net\/wp-content\/uploads\/2016\/03\/Malachon.jpg?fit=1200%2C900&ssl=1&resize=525%2C300 1.5x, https:\/\/i0.wp.com\/blog.kunstgriff.net\/wp-content\/uploads\/2016\/03\/Malachon.jpg?fit=1200%2C900&ssl=1&resize=700%2C400 2x, https:\/\/i0.wp.com\/blog.kunstgriff.net\/wp-content\/uploads\/2016\/03\/Malachon.jpg?fit=1200%2C900&ssl=1&resize=1050%2C600 3x"},"classes":[]},{"id":15785,"url":"https:\/\/blog.kunstgriff.net\/?p=15785","url_meta":{"origin":23276,"position":4},"title":"ERT 2017 Nauders \u2013 Mittenwald","author":"Georg","date":"Juni 9, 2017","format":false,"excerpt":"131 km | 1.969 H\u00f6henmeter Wieder ein toller Sonnentag in einer klasse Pension. Nach dem reichhaltigen Fr\u00fchst\u00fccksb\u00fcffet ging es um kurz nach 9 auf die Piste. Bekannte Wege, hoch zur Norbertsh\u00f6he dann runter zur Schweizer Grenze und weiter entlang des Inns ins Inntal. Leichter Schiebewind machte das Rollern noch angenehmer.\u2026","rel":"","context":"In &quot;Radreise&quot;","block_context":{"text":"Radreise","link":"https:\/\/blog.kunstgriff.net\/?cat=13"},"img":{"alt_text":"","src":"https:\/\/i0.wp.com\/blog.kunstgriff.net\/wp-content\/uploads\/2017\/06\/Inntal.jpg?fit=1200%2C800&ssl=1&resize=350%2C200","width":350,"height":200,"srcset":"https:\/\/i0.wp.com\/blog.kunstgriff.net\/wp-content\/uploads\/2017\/06\/Inntal.jpg?fit=1200%2C800&ssl=1&resize=350%2C200 1x, https:\/\/i0.wp.com\/blog.kunstgriff.net\/wp-content\/uploads\/2017\/06\/Inntal.jpg?fit=1200%2C800&ssl=1&resize=525%2C300 1.5x, https:\/\/i0.wp.com\/blog.kunstgriff.net\/wp-content\/uploads\/2017\/06\/Inntal.jpg?fit=1200%2C800&ssl=1&resize=700%2C400 2x, https:\/\/i0.wp.com\/blog.kunstgriff.net\/wp-content\/uploads\/2017\/06\/Inntal.jpg?fit=1200%2C800&ssl=1&resize=1050%2C600 3x"},"classes":[]},{"id":529,"url":"https:\/\/blog.kunstgriff.net\/?p=529","url_meta":{"origin":23276,"position":5},"title":"lange Herbstrunde um den Werbelinsee","author":"Georg","date":"Dezember 5, 2009","format":false,"excerpt":"Irgendwie konnte ich mich fast gar nicht aufraffen um heute eine Tour zu fahren. Zum Einen liegt mir die Anfahrt nach Pankow durch die Stadt nicht sonderlich, zum Anderen machte der Blick auf den Au\u00dfenthermometer die Sache auch nicht einfacher: 2\u00b0C. Also ich dann um 9 Uhr zum B\u00e4cker ging\u2026","rel":"","context":"In &quot;Garmin&quot;","block_context":{"text":"Garmin","link":"https:\/\/blog.kunstgriff.net\/?cat=35"},"img":{"alt_text":"","src":"","width":0,"height":0},"classes":[]}],"jetpack_likes_enabled":true,"jetpack_sharing_enabled":true,"_links":{"self":[{"href":"https:\/\/blog.kunstgriff.net\/index.php?rest_route=\/wp\/v2\/posts\/23276","targetHints":{"allow":["GET"]}}],"collection":[{"href":"https:\/\/blog.kunstgriff.net\/index.php?rest_route=\/wp\/v2\/posts"}],"about":[{"href":"https:\/\/blog.kunstgriff.net\/index.php?rest_route=\/wp\/v2\/types\/post"}],"author":[{"embeddable":true,"href":"https:\/\/blog.kunstgriff.net\/index.php?rest_route=\/wp\/v2\/users\/2"}],"replies":[{"embeddable":true,"href":"https:\/\/blog.kunstgriff.net\/index.php?rest_route=%2Fwp%2Fv2%2Fcomments&post=23276"}],"version-history":[{"count":5,"href":"https:\/\/blog.kunstgriff.net\/index.php?rest_route=\/wp\/v2\/posts\/23276\/revisions"}],"predecessor-version":[{"id":23281,"href":"https:\/\/blog.kunstgriff.net\/index.php?rest_route=\/wp\/v2\/posts\/23276\/revisions\/23281"}],"wp:featuredmedia":[{"embeddable":true,"href":"https:\/\/blog.kunstgriff.net\/index.php?rest_route=\/wp\/v2\/media\/23275"}],"wp:attachment":[{"href":"https:\/\/blog.kunstgriff.net\/index.php?rest_route=%2Fwp%2Fv2%2Fmedia&parent=23276"}],"wp:term":[{"taxonomy":"category","embeddable":true,"href":"https:\/\/blog.kunstgriff.net\/index.php?rest_route=%2Fwp%2Fv2%2Fcategories&post=23276"},{"taxonomy":"post_tag","embeddable":true,"href":"https:\/\/blog.kunstgriff.net\/index.php?rest_route=%2Fwp%2Fv2%2Ftags&post=23276"}],"curies":[{"name":"wp","href":"https:\/\/api.w.org\/{rel}","templated":true}]}}