{"id":23282,"date":"2023-03-23T20:48:55","date_gmt":"2023-03-23T19:48:55","guid":{"rendered":"https:\/\/blog.kunstgriff.net\/?p=23282"},"modified":"2023-03-30T07:32:39","modified_gmt":"2023-03-30T05:32:39","slug":"ert-andalusien-2023-tag-5-ronda-alcala-del-valle","status":"publish","type":"post","link":"https:\/\/blog.kunstgriff.net\/?p=23282","title":{"rendered":"ERT Andalusien 2023 &#8211; Tag 5 &#8211; Ronda -> Alcal\u00e1 del Valle"},"content":{"rendered":"<span class=\"span-reading-time rt-reading-time\" style=\"display: block;\"><span class=\"rt-label rt-prefix\">Lesezeit: <\/span> <span class=\"rt-time\"> 2<\/span> <span class=\"rt-label rt-postfix\">Minuten<\/span><\/span><h4>107 km &#8211; 2.384 H\u00f6henmeter<\/h4>\n<hr \/>\n<p>Nach dem recht unterhaltsamen Ruhetag in dem historischen Stierkampf-Ort <a href=\"https:\/\/de.wikipedia.org\/wiki\/Ronda\" target=\"_blank\" rel=\"noopener\">Ronda<\/a> durfte ich heute endlich wieder Rad fahren. Bewusst w\u00e4hlte ich die kurze Strecke. Kurz ist beim WfF jetzt mindestens 100 Kilometer und mindestens 2.000 H\u00f6henmeter. F\u00fcr meine Verh\u00e4ltnisse viel zu ambitioniert f\u00fcr den Saisonanfang. Dazu sp\u00e4ter mehr. Erstmal einrollen. Also eher den Berg runterrollen.. Trotz Sonnenschein G\u00e4nsehaut auf den Unterarmen wegen der Morgen-Frische. Es ist halt erst M\u00e4rz. Dann der erste Anstieg und es war vorbei mit kalt.<\/p>\n<p>Ich merkte schnell, da\u00df meinen Beinen der Ruhetag zwar gutgetan hatte, ich trotzdem nicht wirklich Power hatte. Ralph zog locker vorbei, wir sprachen kurz \u00fcber mein Trikot dann musste ich mich wieder auf den Anstieg fokussieren. Die wundersch\u00f6ne Landschaft umgab mich und ich begann mich richtig gut zu f\u00fchlen.<\/p>\n<p>Nun folgten sehr steile Passagen die wenig Spa\u00df machten. Rumgeknete bei wenig Vortrieb. Nicht meine liebste Besch\u00e4ftigung. Dann wurde es wieder flacher und das Ende der Passstrasse war erreicht. Es bot sich ein atemberaubender Blick auf die Serpentinen und das weite Hinterland. Zeit f\u00fcr einen FaceTime-Video-Call erst mit Papa, dann mit dem Lieblingskollegen. Gl\u00fcckshormone ohne Ende in der Abfahrt.<\/p>\n<p>Im Tal gab es dann neben dem See ein leckeres Buffet von Susi und Doreen. Kopfkino sagte, dass es nun weniger Anspruchsvoll weiter gehen w\u00fcrde. Kopfkino irrte leider und der <a href=\"https:\/\/www.garmin.com\/de-DE\/garmin-technology\/running-science\/physiological-measurements\/climbpro-feature\/\" target=\"_blank\" rel=\"noopener\">Climb-Pro auf dem Garmin<\/a> zeigte einen Anstieg nach dem Anderen. Dazu Mittagshitze und ich f\u00fchlte mich kraftlos und schlecht. Cola-Zero w\u00e4re toll. Auf dem letzten 12 km langen Anstieg war dann hinter einem Geb\u00fcsch eine Kneipe, welche viele einheimische G\u00e4ste bewirtete die dort Mittag machten. Mit letzter Kraft taumelte ich dort hinein und hielt der Wirtin meine linke Hand voll Kleingeld hin und sagte nur <em>\u00bbCola Zero &#8211; por vavor\u00ab<\/em><\/p>\n<p>Sie nahm 1,20 \u20ac und gab mir ein Glas mit riesigen Eisw\u00fcrfeln einer Zitronenscheibe und eine Dose ColaZero im Austausch. Ich war gerettet. Die Cola war so erfrischend und wohltuend das schnurstracks eine zweite bestellt wurde. Mit ein wenig mehr Kraft ging es auf die letzten 20 Kilometer. Ich z\u00e4hlte jeden Meter und hoffte auf wenig Wellen, die mir leider nicht erspart blieben.<\/p>\n<p>Irgendwann erreichte ich mit letzter Kraft die Ferienanlage, welche unsere Herberge f\u00fcr die Nacht werden w\u00fcrde.<\/p>\n<p>Entweder ist meine Fitness einfach nur zerst\u00f6rt, oder die Tourenplanung beim <a href=\"https:\/\/www.wff-berlin.de\" target=\"_blank\" rel=\"noopener\">WfF<\/a> ist aus dem Ruder. Morgen dann wieder Radfahren. Und Georgie so <em>\u00bbYeah!\u00ab<\/em><\/p>\n<div class=\"tiled-gallery type-rectangular tiled-gallery-unresized\" data-original-width=\"525\" data-carousel-extra='{&quot;blog_id&quot;:1,&quot;permalink&quot;:&quot;https:\\\/\\\/blog.kunstgriff.net\\\/?p=23282&quot;,&quot;likes_blog_id&quot;:127394879}' itemscope itemtype=\"http:\/\/schema.org\/ImageGallery\" > <div class=\"gallery-row\" style=\"width: 525px; height: 235px;\" data-original-width=\"525\" data-original-height=\"235\" > <div class=\"gallery-group images-1\" style=\"width: 351px; height: 235px;\" data-original-width=\"351\" data-original-height=\"235\" > <div class=\"tiled-gallery-item tiled-gallery-item-large\" itemprop=\"associatedMedia\" itemscope itemtype=\"http:\/\/schema.org\/ImageObject\"> <a href=\"https:\/\/i0.wp.com\/blog.kunstgriff.net\/wp-content\/uploads\/2023\/03\/Abfahrt-aus-dem-Hotel.jpeg?ssl=1\" border=\"0\" itemprop=\"url\"> <meta itemprop=\"width\" content=\"347\"> <meta itemprop=\"height\" content=\"231\"> <img decoding=\"async\" class=\"\" data-attachment-id=\"23284\" data-orig-file=\"https:\/\/blog.kunstgriff.net\/wp-content\/uploads\/2023\/03\/Abfahrt-aus-dem-Hotel.jpeg\" data-orig-size=\"2560,1707\" data-comments-opened=\"1\" data-image-meta=\"{&quot;aperture&quot;:&quot;8&quot;,&quot;credit&quot;:&quot;&quot;,&quot;camera&quot;:&quot;TG-4&quot;,&quot;caption&quot;:&quot;OLYMPUS DIGITAL CAMERA&quot;,&quot;created_timestamp&quot;:&quot;1679654571&quot;,&quot;copyright&quot;:&quot;&quot;,&quot;focal_length&quot;:&quot;4.5&quot;,&quot;iso&quot;:&quot;100&quot;,&quot;shutter_speed&quot;:&quot;0.003125&quot;,&quot;title&quot;:&quot;OLYMPUS DIGITAL CAMERA&quot;,&quot;orientation&quot;:&quot;1&quot;}\" data-image-title=\"Ankunft im Hotel\" data-image-description=\"\" data-medium-file=\"https:\/\/i0.wp.com\/blog.kunstgriff.net\/wp-content\/uploads\/2023\/03\/Abfahrt-aus-dem-Hotel.jpeg?fit=2560%2C1707&#038;ssl=1\" data-large-file=\"https:\/\/i0.wp.com\/blog.kunstgriff.net\/wp-content\/uploads\/2023\/03\/Abfahrt-aus-dem-Hotel.jpeg?fit=2560%2C1707&#038;ssl=1\" src=\"https:\/\/i0.wp.com\/blog.kunstgriff.net\/wp-content\/uploads\/2023\/03\/Abfahrt-aus-dem-Hotel.jpeg?w=347&#038;h=231&#038;ssl=1\" srcset=\"https:\/\/i0.wp.com\/blog.kunstgriff.net\/wp-content\/uploads\/2023\/03\/Abfahrt-aus-dem-Hotel.jpeg?w=2560&amp;ssl=1 2560w, https:\/\/i0.wp.com\/blog.kunstgriff.net\/wp-content\/uploads\/2023\/03\/Abfahrt-aus-dem-Hotel.jpeg?resize=768%2C512&amp;ssl=1 768w, https:\/\/i0.wp.com\/blog.kunstgriff.net\/wp-content\/uploads\/2023\/03\/Abfahrt-aus-dem-Hotel.jpeg?resize=1536%2C1024&amp;ssl=1 1536w, https:\/\/i0.wp.com\/blog.kunstgriff.net\/wp-content\/uploads\/2023\/03\/Abfahrt-aus-dem-Hotel.jpeg?resize=2048%2C1366&amp;ssl=1 2048w, https:\/\/i0.wp.com\/blog.kunstgriff.net\/wp-content\/uploads\/2023\/03\/Abfahrt-aus-dem-Hotel.jpeg?w=1050&amp;ssl=1 1050w\" width=\"347\" height=\"231\" loading=\"lazy\" data-original-width=\"347\" data-original-height=\"231\" itemprop=\"http:\/\/schema.org\/image\" title=\"Ankunft im Hotel\" alt=\"Ankunft im Hotel\" style=\"width: 347px; height: 231px;\" \/> <\/a> <div class=\"tiled-gallery-caption\" itemprop=\"caption description\"> Ankunft im Hotel <\/div> <\/div> <\/div> <!-- close group --> <div class=\"gallery-group images-2\" style=\"width: 174px; height: 235px;\" data-original-width=\"174\" data-original-height=\"235\" > <div class=\"tiled-gallery-item tiled-gallery-item-small\" itemprop=\"associatedMedia\" itemscope itemtype=\"http:\/\/schema.org\/ImageObject\"> <a href=\"https:\/\/i0.wp.com\/blog.kunstgriff.net\/wp-content\/uploads\/2023\/03\/was-fuer-ein-Ausblick.jpeg?ssl=1\" border=\"0\" itemprop=\"url\"> <meta itemprop=\"width\" content=\"170\"> <meta itemprop=\"height\" content=\"114\"> <img decoding=\"async\" class=\"\" data-attachment-id=\"23288\" data-orig-file=\"https:\/\/blog.kunstgriff.net\/wp-content\/uploads\/2023\/03\/was-fuer-ein-Ausblick.jpeg\" data-orig-size=\"2560,1707\" data-comments-opened=\"1\" data-image-meta=\"{&quot;aperture&quot;:&quot;8&quot;,&quot;credit&quot;:&quot;&quot;,&quot;camera&quot;:&quot;TG-4&quot;,&quot;caption&quot;:&quot;OLYMPUS DIGITAL CAMERA&quot;,&quot;created_timestamp&quot;:&quot;1679577128&quot;,&quot;copyright&quot;:&quot;&quot;,&quot;focal_length&quot;:&quot;4.5&quot;,&quot;iso&quot;:&quot;100&quot;,&quot;shutter_speed&quot;:&quot;0.003125&quot;,&quot;title&quot;:&quot;OLYMPUS DIGITAL CAMERA&quot;,&quot;orientation&quot;:&quot;1&quot;}\" data-image-title=\"was f\u00fcr ein Ausblick\" data-image-description=\"\" data-medium-file=\"https:\/\/i0.wp.com\/blog.kunstgriff.net\/wp-content\/uploads\/2023\/03\/was-fuer-ein-Ausblick.jpeg?fit=2560%2C1707&#038;ssl=1\" data-large-file=\"https:\/\/i0.wp.com\/blog.kunstgriff.net\/wp-content\/uploads\/2023\/03\/was-fuer-ein-Ausblick.jpeg?fit=2560%2C1707&#038;ssl=1\" src=\"https:\/\/i0.wp.com\/blog.kunstgriff.net\/wp-content\/uploads\/2023\/03\/was-fuer-ein-Ausblick.jpeg?w=170&#038;h=114&#038;ssl=1\" srcset=\"https:\/\/i0.wp.com\/blog.kunstgriff.net\/wp-content\/uploads\/2023\/03\/was-fuer-ein-Ausblick.jpeg?w=2560&amp;ssl=1 2560w, https:\/\/i0.wp.com\/blog.kunstgriff.net\/wp-content\/uploads\/2023\/03\/was-fuer-ein-Ausblick.jpeg?resize=768%2C512&amp;ssl=1 768w, https:\/\/i0.wp.com\/blog.kunstgriff.net\/wp-content\/uploads\/2023\/03\/was-fuer-ein-Ausblick.jpeg?resize=1536%2C1024&amp;ssl=1 1536w, https:\/\/i0.wp.com\/blog.kunstgriff.net\/wp-content\/uploads\/2023\/03\/was-fuer-ein-Ausblick.jpeg?resize=2048%2C1366&amp;ssl=1 2048w, https:\/\/i0.wp.com\/blog.kunstgriff.net\/wp-content\/uploads\/2023\/03\/was-fuer-ein-Ausblick.jpeg?w=1050&amp;ssl=1 1050w\" width=\"170\" height=\"114\" loading=\"lazy\" data-original-width=\"170\" data-original-height=\"114\" itemprop=\"http:\/\/schema.org\/image\" title=\"was f\u00fcr ein Ausblick\" alt=\"was f\u00fcr ein Ausblick\" style=\"width: 170px; height: 114px;\" \/> <\/a> <div class=\"tiled-gallery-caption\" itemprop=\"caption description\"> was f\u00fcr ein Ausblick <\/div> <\/div> <div class=\"tiled-gallery-item tiled-gallery-item-small\" itemprop=\"associatedMedia\" itemscope itemtype=\"http:\/\/schema.org\/ImageObject\"> <a href=\"https:\/\/i0.wp.com\/blog.kunstgriff.net\/wp-content\/uploads\/2023\/03\/endlich-ganz-oben-belohnende-Aussicht.jpeg?ssl=1\" border=\"0\" itemprop=\"url\"> <meta itemprop=\"width\" content=\"170\"> <meta itemprop=\"height\" content=\"113\"> <img decoding=\"async\" class=\"\" data-attachment-id=\"23286\" data-orig-file=\"https:\/\/blog.kunstgriff.net\/wp-content\/uploads\/2023\/03\/endlich-ganz-oben-belohnende-Aussicht.jpeg\" data-orig-size=\"2560,1707\" data-comments-opened=\"1\" data-image-meta=\"{&quot;aperture&quot;:&quot;8&quot;,&quot;credit&quot;:&quot;&quot;,&quot;camera&quot;:&quot;TG-4&quot;,&quot;caption&quot;:&quot;OLYMPUS DIGITAL CAMERA&quot;,&quot;created_timestamp&quot;:&quot;1679576593&quot;,&quot;copyright&quot;:&quot;&quot;,&quot;focal_length&quot;:&quot;4.5&quot;,&quot;iso&quot;:&quot;100&quot;,&quot;shutter_speed&quot;:&quot;0.004&quot;,&quot;title&quot;:&quot;OLYMPUS DIGITAL CAMERA&quot;,&quot;orientation&quot;:&quot;1&quot;}\" data-image-title=\"endlich ganz oben &amp;#8211; belohnende Aussicht\" data-image-description=\"\" data-medium-file=\"https:\/\/i0.wp.com\/blog.kunstgriff.net\/wp-content\/uploads\/2023\/03\/endlich-ganz-oben-belohnende-Aussicht.jpeg?fit=2560%2C1707&#038;ssl=1\" data-large-file=\"https:\/\/i0.wp.com\/blog.kunstgriff.net\/wp-content\/uploads\/2023\/03\/endlich-ganz-oben-belohnende-Aussicht.jpeg?fit=2560%2C1707&#038;ssl=1\" src=\"https:\/\/i0.wp.com\/blog.kunstgriff.net\/wp-content\/uploads\/2023\/03\/endlich-ganz-oben-belohnende-Aussicht.jpeg?w=170&#038;h=113&#038;ssl=1\" srcset=\"https:\/\/i0.wp.com\/blog.kunstgriff.net\/wp-content\/uploads\/2023\/03\/endlich-ganz-oben-belohnende-Aussicht.jpeg?w=2560&amp;ssl=1 2560w, https:\/\/i0.wp.com\/blog.kunstgriff.net\/wp-content\/uploads\/2023\/03\/endlich-ganz-oben-belohnende-Aussicht.jpeg?resize=768%2C512&amp;ssl=1 768w, https:\/\/i0.wp.com\/blog.kunstgriff.net\/wp-content\/uploads\/2023\/03\/endlich-ganz-oben-belohnende-Aussicht.jpeg?resize=1536%2C1024&amp;ssl=1 1536w, https:\/\/i0.wp.com\/blog.kunstgriff.net\/wp-content\/uploads\/2023\/03\/endlich-ganz-oben-belohnende-Aussicht.jpeg?resize=2048%2C1366&amp;ssl=1 2048w, https:\/\/i0.wp.com\/blog.kunstgriff.net\/wp-content\/uploads\/2023\/03\/endlich-ganz-oben-belohnende-Aussicht.jpeg?w=1050&amp;ssl=1 1050w\" width=\"170\" height=\"113\" loading=\"lazy\" data-original-width=\"170\" data-original-height=\"113\" itemprop=\"http:\/\/schema.org\/image\" title=\"endlich ganz oben - belohnende Aussicht\" alt=\"endlich ganz oben - belohnende Aussicht\" style=\"width: 170px; height: 113px;\" \/> <\/a> <div class=\"tiled-gallery-caption\" itemprop=\"caption description\"> endlich ganz oben &#8211; belohnende Aussicht <\/div> <\/div> <\/div> <!-- close group --> <\/div> <!-- close row --> <div class=\"gallery-row\" style=\"width: 525px; height: 176px;\" data-original-width=\"525\" data-original-height=\"176\" > <div class=\"gallery-group images-1\" style=\"width: 263px; height: 176px;\" data-original-width=\"263\" data-original-height=\"176\" > <div class=\"tiled-gallery-item tiled-gallery-item-large\" itemprop=\"associatedMedia\" itemscope itemtype=\"http:\/\/schema.org\/ImageObject\"> <a href=\"https:\/\/i0.wp.com\/blog.kunstgriff.net\/wp-content\/uploads\/2023\/03\/Buffet-am-Stausee.jpeg?ssl=1\" border=\"0\" itemprop=\"url\"> <meta itemprop=\"width\" content=\"259\"> <meta itemprop=\"height\" content=\"172\"> <img decoding=\"async\" class=\"\" data-attachment-id=\"23285\" data-orig-file=\"https:\/\/blog.kunstgriff.net\/wp-content\/uploads\/2023\/03\/Buffet-am-Stausee.jpeg\" data-orig-size=\"2560,1707\" data-comments-opened=\"1\" data-image-meta=\"{&quot;aperture&quot;:&quot;2.8&quot;,&quot;credit&quot;:&quot;&quot;,&quot;camera&quot;:&quot;TG-4&quot;,&quot;caption&quot;:&quot;OLYMPUS DIGITAL CAMERA&quot;,&quot;created_timestamp&quot;:&quot;1679579212&quot;,&quot;copyright&quot;:&quot;&quot;,&quot;focal_length&quot;:&quot;4.5&quot;,&quot;iso&quot;:&quot;100&quot;,&quot;shutter_speed&quot;:&quot;0.003125&quot;,&quot;title&quot;:&quot;OLYMPUS DIGITAL CAMERA&quot;,&quot;orientation&quot;:&quot;1&quot;}\" data-image-title=\"Buffet am Stausee\" data-image-description=\"\" data-medium-file=\"https:\/\/i0.wp.com\/blog.kunstgriff.net\/wp-content\/uploads\/2023\/03\/Buffet-am-Stausee.jpeg?fit=2560%2C1707&#038;ssl=1\" data-large-file=\"https:\/\/i0.wp.com\/blog.kunstgriff.net\/wp-content\/uploads\/2023\/03\/Buffet-am-Stausee.jpeg?fit=2560%2C1707&#038;ssl=1\" src=\"https:\/\/i0.wp.com\/blog.kunstgriff.net\/wp-content\/uploads\/2023\/03\/Buffet-am-Stausee.jpeg?w=259&#038;h=172&#038;ssl=1\" srcset=\"https:\/\/i0.wp.com\/blog.kunstgriff.net\/wp-content\/uploads\/2023\/03\/Buffet-am-Stausee.jpeg?w=2560&amp;ssl=1 2560w, https:\/\/i0.wp.com\/blog.kunstgriff.net\/wp-content\/uploads\/2023\/03\/Buffet-am-Stausee.jpeg?resize=768%2C512&amp;ssl=1 768w, https:\/\/i0.wp.com\/blog.kunstgriff.net\/wp-content\/uploads\/2023\/03\/Buffet-am-Stausee.jpeg?resize=1536%2C1024&amp;ssl=1 1536w, https:\/\/i0.wp.com\/blog.kunstgriff.net\/wp-content\/uploads\/2023\/03\/Buffet-am-Stausee.jpeg?resize=2048%2C1366&amp;ssl=1 2048w, https:\/\/i0.wp.com\/blog.kunstgriff.net\/wp-content\/uploads\/2023\/03\/Buffet-am-Stausee.jpeg?w=1050&amp;ssl=1 1050w\" width=\"259\" height=\"172\" loading=\"lazy\" data-original-width=\"259\" data-original-height=\"172\" itemprop=\"http:\/\/schema.org\/image\" title=\"Buffet am Stausee\" alt=\"Buffet am Stausee\" style=\"width: 259px; height: 172px;\" \/> <\/a> <div class=\"tiled-gallery-caption\" itemprop=\"caption description\"> Buffet am Stausee <\/div> <\/div> <\/div> <!-- close group --> <div class=\"gallery-group images-1\" style=\"width: 262px; height: 176px;\" data-original-width=\"262\" data-original-height=\"176\" > <div class=\"tiled-gallery-item tiled-gallery-item-large\" itemprop=\"associatedMedia\" itemscope itemtype=\"http:\/\/schema.org\/ImageObject\"> <a href=\"https:\/\/i0.wp.com\/blog.kunstgriff.net\/wp-content\/uploads\/2023\/03\/Futtern-in-der-Sonne.jpeg?ssl=1\" border=\"0\" itemprop=\"url\"> <meta itemprop=\"width\" content=\"258\"> <meta itemprop=\"height\" content=\"172\"> <img decoding=\"async\" class=\"\" data-attachment-id=\"23287\" data-orig-file=\"https:\/\/blog.kunstgriff.net\/wp-content\/uploads\/2023\/03\/Futtern-in-der-Sonne.jpeg\" data-orig-size=\"2560,1707\" data-comments-opened=\"1\" data-image-meta=\"{&quot;aperture&quot;:&quot;8&quot;,&quot;credit&quot;:&quot;&quot;,&quot;camera&quot;:&quot;TG-4&quot;,&quot;caption&quot;:&quot;OLYMPUS DIGITAL CAMERA&quot;,&quot;created_timestamp&quot;:&quot;1679581491&quot;,&quot;copyright&quot;:&quot;&quot;,&quot;focal_length&quot;:&quot;4.5&quot;,&quot;iso&quot;:&quot;100&quot;,&quot;shutter_speed&quot;:&quot;0.004&quot;,&quot;title&quot;:&quot;OLYMPUS DIGITAL CAMERA&quot;,&quot;orientation&quot;:&quot;1&quot;}\" data-image-title=\"Futtern in der Sonne\" data-image-description=\"\" data-medium-file=\"https:\/\/i0.wp.com\/blog.kunstgriff.net\/wp-content\/uploads\/2023\/03\/Futtern-in-der-Sonne.jpeg?fit=2560%2C1707&#038;ssl=1\" data-large-file=\"https:\/\/i0.wp.com\/blog.kunstgriff.net\/wp-content\/uploads\/2023\/03\/Futtern-in-der-Sonne.jpeg?fit=2560%2C1707&#038;ssl=1\" src=\"https:\/\/i0.wp.com\/blog.kunstgriff.net\/wp-content\/uploads\/2023\/03\/Futtern-in-der-Sonne.jpeg?w=258&#038;h=172&#038;ssl=1\" srcset=\"https:\/\/i0.wp.com\/blog.kunstgriff.net\/wp-content\/uploads\/2023\/03\/Futtern-in-der-Sonne.jpeg?w=2560&amp;ssl=1 2560w, https:\/\/i0.wp.com\/blog.kunstgriff.net\/wp-content\/uploads\/2023\/03\/Futtern-in-der-Sonne.jpeg?resize=768%2C512&amp;ssl=1 768w, https:\/\/i0.wp.com\/blog.kunstgriff.net\/wp-content\/uploads\/2023\/03\/Futtern-in-der-Sonne.jpeg?resize=1536%2C1024&amp;ssl=1 1536w, https:\/\/i0.wp.com\/blog.kunstgriff.net\/wp-content\/uploads\/2023\/03\/Futtern-in-der-Sonne.jpeg?resize=2048%2C1366&amp;ssl=1 2048w, https:\/\/i0.wp.com\/blog.kunstgriff.net\/wp-content\/uploads\/2023\/03\/Futtern-in-der-Sonne.jpeg?w=1050&amp;ssl=1 1050w\" width=\"258\" height=\"172\" loading=\"lazy\" data-original-width=\"258\" data-original-height=\"172\" itemprop=\"http:\/\/schema.org\/image\" title=\"Futtern in der Sonne\" alt=\"Futtern in der Sonne\" style=\"width: 258px; height: 172px;\" \/> <\/a> <div class=\"tiled-gallery-caption\" itemprop=\"caption description\"> Futtern in der Sonne <\/div> <\/div> <\/div> <!-- close group --> <\/div> <!-- close row --> <\/div>\n<div class=\"strava-embed-placeholder\" data-embed-type=\"activity\" data-embed-id=\"8776466216\"><\/div>\n<p><script src=\"https:\/\/strava-embeds.com\/embed.js\"><\/script><\/p>\n","protected":false},"excerpt":{"rendered":"<p>107 km &#8211; 2.384 H\u00f6henmeter Nach dem recht unterhaltsamen Ruhetag in dem historischen Stierkampf-Ort Ronda durfte ich heute endlich wieder Rad fahren. Bewusst w\u00e4hlte ich die kurze Strecke. Kurz ist beim WfF jetzt mindestens 100 Kilometer und mindestens 2.000 H\u00f6henmeter. F\u00fcr meine Verh\u00e4ltnisse viel zu ambitioniert f\u00fcr den Saisonanfang. Dazu sp\u00e4ter mehr. Erstmal einrollen. Also &hellip; <\/p>\n<p class=\"link-more\"><a href=\"https:\/\/blog.kunstgriff.net\/?p=23282\" class=\"more-link\"><span class=\"screen-reader-text\">\u201eERT Andalusien 2023 &#8211; Tag 5 &#8211; Ronda -> Alcal\u00e1 del Valle\u201c <\/span>weiterlesen<\/a><\/p>\n","protected":false},"author":2,"featured_media":23288,"comment_status":"open","ping_status":"open","sticky":false,"template":"","format":"standard","meta":{"jetpack_post_was_ever_published":false,"_jetpack_newsletter_access":"","_jetpack_dont_email_post_to_subs":false,"_jetpack_newsletter_tier_id":0,"_jetpack_memberships_contains_paywalled_content":false,"_jetpack_memberships_contains_paid_content":false,"footnotes":""},"categories":[14,13,7],"tags":[],"class_list":["post-23282","post","type-post","status-publish","format-standard","has-post-thumbnail","hentry","category-radfahren","category-radreise","category-rennradfahren"],"jetpack_featured_media_url":"https:\/\/i0.wp.com\/blog.kunstgriff.net\/wp-content\/uploads\/2023\/03\/was-fuer-ein-Ausblick.jpeg?fit=2560%2C1707&ssl=1","jetpack_shortlink":"https:\/\/wp.me\/p8Cxe7-63w","jetpack-related-posts":[{"id":10572,"url":"https:\/\/blog.kunstgriff.net\/?p=10572","url_meta":{"origin":23282,"position":0},"title":"St. Ulrich -> Brixen","author":"Georg","date":"Juni 27, 2013","format":false,"excerpt":"oder \u00bbVon wegen Ruhetag!\u00ab Meine Rennradkollegen waren schon abfahrbereit und ich hatte eigentlich vor einen Ruhetag einzulegen, dann entschloss ich mich doch noch mitzufahren. Das Wetter war einfach zu freundlich und die Aussicht auf eine Einkehr und kurze Stadtbesichtigung in Brixen war dann doch sehr verlockend. Also schnell Sonnencreme auf\u2026","rel":"","context":"In &quot;Radfahren&quot;","block_context":{"text":"Radfahren","link":"https:\/\/blog.kunstgriff.net\/?cat=14"},"img":{"alt_text":"","src":"https:\/\/i0.wp.com\/blog.kunstgriff.net\/wp-content\/uploads\/2013\/06\/Jetzt-gehts-runter.jpg?fit=1200%2C900&ssl=1&resize=350%2C200","width":350,"height":200,"srcset":"https:\/\/i0.wp.com\/blog.kunstgriff.net\/wp-content\/uploads\/2013\/06\/Jetzt-gehts-runter.jpg?fit=1200%2C900&ssl=1&resize=350%2C200 1x, https:\/\/i0.wp.com\/blog.kunstgriff.net\/wp-content\/uploads\/2013\/06\/Jetzt-gehts-runter.jpg?fit=1200%2C900&ssl=1&resize=525%2C300 1.5x, https:\/\/i0.wp.com\/blog.kunstgriff.net\/wp-content\/uploads\/2013\/06\/Jetzt-gehts-runter.jpg?fit=1200%2C900&ssl=1&resize=700%2C400 2x, https:\/\/i0.wp.com\/blog.kunstgriff.net\/wp-content\/uploads\/2013\/06\/Jetzt-gehts-runter.jpg?fit=1200%2C900&ssl=1&resize=1050%2C600 3x"},"classes":[]},{"id":23276,"url":"https:\/\/blog.kunstgriff.net\/?p=23276","url_meta":{"origin":23282,"position":1},"title":"ERT Andalusien 2023 &#8211; Tag 3 &#8211; Manilva -> Ronda","author":"Georg","date":"M\u00e4rz 21, 2023","format":false,"excerpt":"93 km - 2.513 H\u00f6henmeter Nach einer Nacht in meinem Miniaturen-Zimmer ging es nach einem Miniaturen-Fr\u00fchst\u00fcck bestehend aus einer Tasse Kaffee, einem Orangensaft, einem sehr fettigen Croissant und einem Br\u00f6tchen - Nachschlag ausgeschlossen - heute auf die Piste nach Ronda. Endlich wieder Platz um sich haben auf dem Rad und\u2026","rel":"","context":"In &quot;Radfahren&quot;","block_context":{"text":"Radfahren","link":"https:\/\/blog.kunstgriff.net\/?cat=14"},"img":{"alt_text":"wundersch\u00f6ner Sonnenaufgang in Manilva","src":"https:\/\/i0.wp.com\/blog.kunstgriff.net\/wp-content\/uploads\/2023\/03\/wunderschoener-Sonnenaufgang-in-Manilva.jpeg?fit=1200%2C900&ssl=1&resize=350%2C200","width":350,"height":200,"srcset":"https:\/\/i0.wp.com\/blog.kunstgriff.net\/wp-content\/uploads\/2023\/03\/wunderschoener-Sonnenaufgang-in-Manilva.jpeg?fit=1200%2C900&ssl=1&resize=350%2C200 1x, https:\/\/i0.wp.com\/blog.kunstgriff.net\/wp-content\/uploads\/2023\/03\/wunderschoener-Sonnenaufgang-in-Manilva.jpeg?fit=1200%2C900&ssl=1&resize=525%2C300 1.5x, https:\/\/i0.wp.com\/blog.kunstgriff.net\/wp-content\/uploads\/2023\/03\/wunderschoener-Sonnenaufgang-in-Manilva.jpeg?fit=1200%2C900&ssl=1&resize=700%2C400 2x, https:\/\/i0.wp.com\/blog.kunstgriff.net\/wp-content\/uploads\/2023\/03\/wunderschoener-Sonnenaufgang-in-Manilva.jpeg?fit=1200%2C900&ssl=1&resize=1050%2C600 3x"},"classes":[]},{"id":23636,"url":"https:\/\/blog.kunstgriff.net\/?p=23636","url_meta":{"origin":23282,"position":2},"title":"ERT Vogesen 2024","author":"Georg","date":"Juli 21, 2024","format":false,"excerpt":"7 Tage - 7 Touren Gesamt: 835 km - 11.418 H\u00f6henmeter Wieder einmal war es soweit und mein Lieblings-Rad-Verein lud zu einer Radreise in die Vogesen. Die Vorfreude zog sich schon \u00fcber mehrere Monate und so war ich sehr froh, als ich am Samstag Morgen den ICE nach Freiburg besteigen\u2026","rel":"","context":"In &quot;Besonderes Ereignis&quot;","block_context":{"text":"Besonderes Ereignis","link":"https:\/\/blog.kunstgriff.net\/?cat=25"},"img":{"alt_text":"","src":"https:\/\/i0.wp.com\/blog.kunstgriff.net\/wp-content\/uploads\/2024\/07\/Abfahrt-in-Freiburg.jpeg?fit=1200%2C900&ssl=1&resize=350%2C200","width":350,"height":200,"srcset":"https:\/\/i0.wp.com\/blog.kunstgriff.net\/wp-content\/uploads\/2024\/07\/Abfahrt-in-Freiburg.jpeg?fit=1200%2C900&ssl=1&resize=350%2C200 1x, https:\/\/i0.wp.com\/blog.kunstgriff.net\/wp-content\/uploads\/2024\/07\/Abfahrt-in-Freiburg.jpeg?fit=1200%2C900&ssl=1&resize=525%2C300 1.5x, https:\/\/i0.wp.com\/blog.kunstgriff.net\/wp-content\/uploads\/2024\/07\/Abfahrt-in-Freiburg.jpeg?fit=1200%2C900&ssl=1&resize=700%2C400 2x, https:\/\/i0.wp.com\/blog.kunstgriff.net\/wp-content\/uploads\/2024\/07\/Abfahrt-in-Freiburg.jpeg?fit=1200%2C900&ssl=1&resize=1050%2C600 3x"},"classes":[]},{"id":1497,"url":"https:\/\/blog.kunstgriff.net\/?p=1497","url_meta":{"origin":23282,"position":3},"title":"Breisgau Tour 2010 &#8211; Tag 2 &#8211; B\u00f6tzingen->K\u00e4lbelescheuer->M\u00fcnsterthal","author":"Georg","date":"Juni 6, 2010","format":false,"excerpt":"Der Tag begann um 8 Uhr mit einem tollen Sportlerfr\u00fchst\u00fcck am B\u00fcffet unseres Hotels zur Krone in B\u00f6tzingen. Ich hatte super geschlafen und freute mich auf die heutige Tour und die vielen H\u00f6henmeter, die uns erwarten w\u00fcrden. Wir wollten heute schon vor 10 Uhr losfahren, da f\u00fcr den Nachmittag Regen\u2026","rel":"","context":"In &quot;Radfahren&quot;","block_context":{"text":"Radfahren","link":"https:\/\/blog.kunstgriff.net\/?cat=14"},"img":{"alt_text":"","src":"https:\/\/i0.wp.com\/blog.kunstgriff.net\/wp-content\/uploads\/2010\/06\/DSC00102.jpg?fit=800%2C600&ssl=1&resize=350%2C200","width":350,"height":200,"srcset":"https:\/\/i0.wp.com\/blog.kunstgriff.net\/wp-content\/uploads\/2010\/06\/DSC00102.jpg?fit=800%2C600&ssl=1&resize=350%2C200 1x, https:\/\/i0.wp.com\/blog.kunstgriff.net\/wp-content\/uploads\/2010\/06\/DSC00102.jpg?fit=800%2C600&ssl=1&resize=525%2C300 1.5x, https:\/\/i0.wp.com\/blog.kunstgriff.net\/wp-content\/uploads\/2010\/06\/DSC00102.jpg?fit=800%2C600&ssl=1&resize=700%2C400 2x"},"classes":[]},{"id":11794,"url":"https:\/\/blog.kunstgriff.net\/?p=11794","url_meta":{"origin":23282,"position":4},"title":"B\u00f6hmische Brezel","author":"Georg","date":"Mai 3, 2014","format":false,"excerpt":"oder \u00bbWintertraining die Zweite\u00ab Nach dem Aufwachen war mein erster Gedanke: \u00bbHeute Ruhetag und gut\u00ab. Als ich mich jedoch dem Fr\u00fchst\u00fcckstisch n\u00e4herte und meine Mitreisenden wild \u00fcber die heutige Tourenplanung berieten, kam doch Interesse auf. Nicht zu lang sollte gefahren werden und auch Ausstiegspunkte waren wichtig, da es eventuell Regnen\u2026","rel":"","context":"In &quot;Radfahren&quot;","block_context":{"text":"Radfahren","link":"https:\/\/blog.kunstgriff.net\/?cat=14"},"img":{"alt_text":"","src":"https:\/\/i0.wp.com\/blog.kunstgriff.net\/wp-content\/uploads\/2014\/05\/Durch-sch%C3%B6ne-W%C3%A4lder-und-Anstiege.jpg?fit=1200%2C900&ssl=1&resize=350%2C200","width":350,"height":200,"srcset":"https:\/\/i0.wp.com\/blog.kunstgriff.net\/wp-content\/uploads\/2014\/05\/Durch-sch%C3%B6ne-W%C3%A4lder-und-Anstiege.jpg?fit=1200%2C900&ssl=1&resize=350%2C200 1x, https:\/\/i0.wp.com\/blog.kunstgriff.net\/wp-content\/uploads\/2014\/05\/Durch-sch%C3%B6ne-W%C3%A4lder-und-Anstiege.jpg?fit=1200%2C900&ssl=1&resize=525%2C300 1.5x, https:\/\/i0.wp.com\/blog.kunstgriff.net\/wp-content\/uploads\/2014\/05\/Durch-sch%C3%B6ne-W%C3%A4lder-und-Anstiege.jpg?fit=1200%2C900&ssl=1&resize=700%2C400 2x, https:\/\/i0.wp.com\/blog.kunstgriff.net\/wp-content\/uploads\/2014\/05\/Durch-sch%C3%B6ne-W%C3%A4lder-und-Anstiege.jpg?fit=1200%2C900&ssl=1&resize=1050%2C600 3x"},"classes":[]},{"id":19582,"url":"https:\/\/blog.kunstgriff.net\/?p=19582","url_meta":{"origin":23282,"position":5},"title":"ERT 2019: Sardinien 8. Tag","author":"Georg","date":"Juni 9, 2019","format":false,"excerpt":"von Costa Serena nach Monte Petrosu Nach dem sehr erholsamen Ruhetag, an dem wir nur eine rund 10 km lange \u00bbWalking-Tour\u00ab am Strand hingelegt haben und der mit einigen Bieren abgerundet wurde, ging es heute endlich wieder aufs Rad. Die Ostk\u00fcste Sardiniens wollte von uns erkundet werden. Die Strecke verlief\u2026","rel":"","context":"In &quot;Cake-Ride&quot;","block_context":{"text":"Cake-Ride","link":"https:\/\/blog.kunstgriff.net\/?cat=34"},"img":{"alt_text":"mega Stich","src":"https:\/\/i0.wp.com\/blog.kunstgriff.net\/wp-content\/uploads\/2019\/06\/mega-Stich.jpg?fit=1200%2C800&ssl=1&resize=350%2C200","width":350,"height":200,"srcset":"https:\/\/i0.wp.com\/blog.kunstgriff.net\/wp-content\/uploads\/2019\/06\/mega-Stich.jpg?fit=1200%2C800&ssl=1&resize=350%2C200 1x, https:\/\/i0.wp.com\/blog.kunstgriff.net\/wp-content\/uploads\/2019\/06\/mega-Stich.jpg?fit=1200%2C800&ssl=1&resize=525%2C300 1.5x, https:\/\/i0.wp.com\/blog.kunstgriff.net\/wp-content\/uploads\/2019\/06\/mega-Stich.jpg?fit=1200%2C800&ssl=1&resize=700%2C400 2x, https:\/\/i0.wp.com\/blog.kunstgriff.net\/wp-content\/uploads\/2019\/06\/mega-Stich.jpg?fit=1200%2C800&ssl=1&resize=1050%2C600 3x"},"classes":[]}],"jetpack_likes_enabled":true,"jetpack_sharing_enabled":true,"_links":{"self":[{"href":"https:\/\/blog.kunstgriff.net\/index.php?rest_route=\/wp\/v2\/posts\/23282","targetHints":{"allow":["GET"]}}],"collection":[{"href":"https:\/\/blog.kunstgriff.net\/index.php?rest_route=\/wp\/v2\/posts"}],"about":[{"href":"https:\/\/blog.kunstgriff.net\/index.php?rest_route=\/wp\/v2\/types\/post"}],"author":[{"embeddable":true,"href":"https:\/\/blog.kunstgriff.net\/index.php?rest_route=\/wp\/v2\/users\/2"}],"replies":[{"embeddable":true,"href":"https:\/\/blog.kunstgriff.net\/index.php?rest_route=%2Fwp%2Fv2%2Fcomments&post=23282"}],"version-history":[{"count":6,"href":"https:\/\/blog.kunstgriff.net\/index.php?rest_route=\/wp\/v2\/posts\/23282\/revisions"}],"predecessor-version":[{"id":23314,"href":"https:\/\/blog.kunstgriff.net\/index.php?rest_route=\/wp\/v2\/posts\/23282\/revisions\/23314"}],"wp:featuredmedia":[{"embeddable":true,"href":"https:\/\/blog.kunstgriff.net\/index.php?rest_route=\/wp\/v2\/media\/23288"}],"wp:attachment":[{"href":"https:\/\/blog.kunstgriff.net\/index.php?rest_route=%2Fwp%2Fv2%2Fmedia&parent=23282"}],"wp:term":[{"taxonomy":"category","embeddable":true,"href":"https:\/\/blog.kunstgriff.net\/index.php?rest_route=%2Fwp%2Fv2%2Fcategories&post=23282"},{"taxonomy":"post_tag","embeddable":true,"href":"https:\/\/blog.kunstgriff.net\/index.php?rest_route=%2Fwp%2Fv2%2Ftags&post=23282"}],"curies":[{"name":"wp","href":"https:\/\/api.w.org\/{rel}","templated":true}]}}