{"id":2622,"date":"2010-10-30T16:28:14","date_gmt":"2010-10-30T14:28:14","guid":{"rendered":"http:\/\/blog.kunstgriff.net\/?p=2622"},"modified":"2017-06-13T14:10:13","modified_gmt":"2017-06-13T12:10:13","slug":"backerrunde-nach-fehrbellin","status":"publish","type":"post","link":"https:\/\/blog.kunstgriff.net\/?p=2622","title":{"rendered":"B\u00e4ckerrunde nach Fehrbellin"},"content":{"rendered":"<span class=\"span-reading-time rt-reading-time\" style=\"display: block;\"><span class=\"rt-label rt-prefix\">Lesezeit: <\/span> <span class=\"rt-time\"> &lt; 1<\/span> <span class=\"rt-label rt-postfix\">Minute<\/span><\/span><h4>oder &#8222;Endlich wieder Radfahren!&#8220;<\/h4>\n<hr \/>\n<p>Seit <em>Hamburg -&gt; Berlin<\/em> bin ich nicht mehr auf dem Rennrad gesessen und das ist schon 14 Tage her! Solch lange Radpausen sind mir eigentlich fern, aber meine Erk\u00e4ltung und die Qu\u00e4lerei bei der Veranstaltung haben mir ein wenig mein liebstes Hobby verdorben. Nun riefen aber die Havellandriders bei herrlich warmem Herbstwetter zu einer Tour zu unserer Lieblingskonditorei in Fehrbellin. Da konnte ich nat\u00fcrlich nicht widerstehen!<\/p>\n<p>Die rund 10 km lange Anfahrt zum Treffpunkt in Falkensee wurde dank leichten R\u00fcckenwindes einfach abgespult und so erreichte ich 10 Minuten zu fr\u00fch das Rathaus. Susanne, Ralph, Eric, Tom, Karsten, Alexander, Reinhold und Herbert kamen, um diese sch\u00f6ne Runde gemeinsam in Angriff zu nehmen.<\/p>\n<p>MIt gleichm\u00e4\u00dfigem Tempo ging es dann \u00fcber Nauen, auf bekannten Wegen, Richtung Fehrbellin. In Warsow wollte leider niemand die erweiterte Runde fahren und so fuhren wir auf relativ direktem Weg zu Kaffee und Kuchen. Dieser war wieder extrem lecker und nach kurzweiligen Gespr\u00e4chen wollte niemand so recht an die Heimfahrt denken. Aber es half alles nichts: Der R\u00fcckfahrt musste in Angriff genommen werden. Der Wind blies nun vornehmlich von vorne, aber dank des starken Fahrerfeldes sollte und das heute nicht wirklich st\u00f6ren.<\/p>\n<p>In Vehlefanz verabschiedeten wir uns von Tom und<del datetime=\"2010-10-30T14:07:52+00:00\"> Jerry<\/del> Eric. Wenig sp\u00e4ter bogen der Rest der Truppe rechts nach Falkensee ab und ich fuhr noch mit Alexander nach Hennigsdorf, wo ich mich von ihm verabschiedete und alleine den Heimweg nach Spandau antrat. 5 km vor der Haust\u00fcr verabschiedete sich noch die Luft aus meinem Vorderrad. Der Ersatzschlauch war schnell montiert und hielt zum Gl\u00fcck bis nach Hause.<\/p>\n<p><em>Fazit:<\/em> Eine klasse Tour mit sehr netten Mitfahrern, genau das Richtige, um solch einen Herbsttag im Freien zu genie\u00dfen. Sch\u00f6n das ich wieder Freude am <em>Biken<\/em> gefunden habe!<\/p>\n<p><iframe height='405' width='590' frameborder='0' allowtransparency='true' scrolling='no' src='https:\/\/www.strava.com\/activities\/698657258\/embed\/7cfd59fe8c91b31ee002a498f2bae9dca8a7d016'><\/iframe><\/p>\n","protected":false},"excerpt":{"rendered":"<p>oder &#8222;Endlich wieder Radfahren!&#8220; Seit Hamburg -&gt; Berlin bin ich nicht mehr auf dem Rennrad gesessen und das ist schon 14 Tage her! Solch lange Radpausen sind mir eigentlich fern, aber meine Erk\u00e4ltung und die Qu\u00e4lerei bei der Veranstaltung haben mir ein wenig mein liebstes Hobby verdorben. Nun riefen aber die Havellandriders bei herrlich warmem &hellip; <\/p>\n<p class=\"link-more\"><a href=\"https:\/\/blog.kunstgriff.net\/?p=2622\" class=\"more-link\"><span class=\"screen-reader-text\">\u201eB\u00e4ckerrunde nach Fehrbellin\u201c <\/span>weiterlesen<\/a><\/p>\n","protected":false},"author":2,"featured_media":0,"comment_status":"open","ping_status":"open","sticky":false,"template":"","format":"standard","meta":{"jetpack_post_was_ever_published":false,"_jetpack_newsletter_access":"","_jetpack_dont_email_post_to_subs":false,"_jetpack_newsletter_tier_id":0,"_jetpack_memberships_contains_paywalled_content":false,"_jetpack_memberships_contains_paid_content":false,"footnotes":""},"categories":[14,7],"tags":[],"class_list":["post-2622","post","type-post","status-publish","format-standard","hentry","category-radfahren","category-rennradfahren"],"jetpack_featured_media_url":"","jetpack_shortlink":"https:\/\/wp.me\/p8Cxe7-Gi","jetpack-related-posts":[{"id":3983,"url":"https:\/\/blog.kunstgriff.net\/?p=3983","url_meta":{"origin":2622,"position":0},"title":"B\u00e4ckerrunde nach Fehrbellin","author":"Georg","date":"M\u00e4rz 20, 2011","format":false,"excerpt":"oder \u00bbVon 32 auf 0 in 36 Stunden\u00abDer Blick aus dem Fenster zeigte keine Sonne. Nebel, wohin das Auge blickte. Morgenraureif auf den Autos. Kein einladender Anblick, den ich f\u00fcr eine Rennradtour mit meiner Gang nach Fehrbellin ben\u00f6tigte. Was ich wollte, war die im Radio versprochene Sonne. Aber diese wollte\u2026","rel":"","context":"In &quot;Radfahren&quot;","block_context":{"text":"Radfahren","link":"https:\/\/blog.kunstgriff.net\/?cat=14"},"img":{"alt_text":"","src":"https:\/\/i0.wp.com\/blog.kunstgriff.net\/wp-content\/uploads\/2011\/03\/Schniedel.jpg?resize=350%2C200","width":350,"height":200,"srcset":"https:\/\/i0.wp.com\/blog.kunstgriff.net\/wp-content\/uploads\/2011\/03\/Schniedel.jpg?resize=350%2C200 1x, https:\/\/i0.wp.com\/blog.kunstgriff.net\/wp-content\/uploads\/2011\/03\/Schniedel.jpg?resize=525%2C300 1.5x"},"classes":[]},{"id":21685,"url":"https:\/\/blog.kunstgriff.net\/?p=21685","url_meta":{"origin":2622,"position":1},"title":"Zum Konditor Schmiedel nach Fehrbellin #4","author":"Georg","date":"August 16, 2020","format":false,"excerpt":"Auf direktem Weg zum Konditor Da f\u00fcr diesen sch\u00f6nen Sonntag auf den \u00fcblichen Kan\u00e4len keine Touren im Angebot waren, schusterte Alexander kurzerhand eine nach Fehrbellin. Auf direktem Weg. Keine Schn\u00f6rkel und Spezial-Wege. Auf schnellstem Weg zum Konditor. Zwei \u00a0Mitfahrer erschienen noch am Treffpunkt. Leider namenlos. Viel mitbekommen habe ich von\u2026","rel":"","context":"In &quot;Cake-Ride&quot;","block_context":{"text":"Cake-Ride","link":"https:\/\/blog.kunstgriff.net\/?cat=34"},"img":{"alt_text":"kurz vor Fehrbellin","src":"https:\/\/i0.wp.com\/blog.kunstgriff.net\/wp-content\/uploads\/2020\/08\/kurz-vor-Fehrbellin.jpg?fit=1200%2C800&ssl=1&resize=350%2C200","width":350,"height":200,"srcset":"https:\/\/i0.wp.com\/blog.kunstgriff.net\/wp-content\/uploads\/2020\/08\/kurz-vor-Fehrbellin.jpg?fit=1200%2C800&ssl=1&resize=350%2C200 1x, https:\/\/i0.wp.com\/blog.kunstgriff.net\/wp-content\/uploads\/2020\/08\/kurz-vor-Fehrbellin.jpg?fit=1200%2C800&ssl=1&resize=525%2C300 1.5x, https:\/\/i0.wp.com\/blog.kunstgriff.net\/wp-content\/uploads\/2020\/08\/kurz-vor-Fehrbellin.jpg?fit=1200%2C800&ssl=1&resize=700%2C400 2x, https:\/\/i0.wp.com\/blog.kunstgriff.net\/wp-content\/uploads\/2020\/08\/kurz-vor-Fehrbellin.jpg?fit=1200%2C800&ssl=1&resize=1050%2C600 3x"},"classes":[]},{"id":13033,"url":"https:\/\/blog.kunstgriff.net\/?p=13033","url_meta":{"origin":2622,"position":2},"title":"B\u00e4ckerrunde nach Fehrbellin","author":"Georg","date":"November 8, 2015","format":false,"excerpt":"oder \u00bbKleine Gruppe \u2013 grosser Wind v2.0\u00abTom R. rief und alle wenig kamen. Als ich mich mit enormen Gegenwind zum Rathaus Falkensee vorgek\u00e4mpft hatte, war ich doch ein wenig verwundert, dass es mir nur so wenig Protagonisten gleich getan hatten und das herrliche Sp\u00e4tsommer-Wetter im November genutzt hatten, um zum\u2026","rel":"","context":"In &quot;Cake-Ride&quot;","block_context":{"text":"Cake-Ride","link":"https:\/\/blog.kunstgriff.net\/?cat=34"},"img":{"alt_text":"","src":"https:\/\/i0.wp.com\/blog.kunstgriff.net\/wp-content\/uploads\/2015\/09\/Verkehrsarme-Strasse-in-Havelland.jpg?fit=1200%2C900&ssl=1&resize=350%2C200","width":350,"height":200,"srcset":"https:\/\/i0.wp.com\/blog.kunstgriff.net\/wp-content\/uploads\/2015\/09\/Verkehrsarme-Strasse-in-Havelland.jpg?fit=1200%2C900&ssl=1&resize=350%2C200 1x, https:\/\/i0.wp.com\/blog.kunstgriff.net\/wp-content\/uploads\/2015\/09\/Verkehrsarme-Strasse-in-Havelland.jpg?fit=1200%2C900&ssl=1&resize=525%2C300 1.5x, https:\/\/i0.wp.com\/blog.kunstgriff.net\/wp-content\/uploads\/2015\/09\/Verkehrsarme-Strasse-in-Havelland.jpg?fit=1200%2C900&ssl=1&resize=700%2C400 2x, https:\/\/i0.wp.com\/blog.kunstgriff.net\/wp-content\/uploads\/2015\/09\/Verkehrsarme-Strasse-in-Havelland.jpg?fit=1200%2C900&ssl=1&resize=1050%2C600 3x"},"classes":[]},{"id":10708,"url":"https:\/\/blog.kunstgriff.net\/?p=10708","url_meta":{"origin":2622,"position":3},"title":"B\u00e4ckerrunde nach Fehrbellin","author":"Georg","date":"August 11, 2013","format":false,"excerpt":"oder \u00bbSonntags-Tour mit (zu) vielen G\u00e4sten\u00abRecht kurzentschlossen machte ich mich auf den Weg nach Falkensee, denn Susanne hatte zur B\u00e4cker-Runde gerufen. Im Vorfeld gab es einige Diskussionen zur Reisegeschwindigkeit, die mich aber nicht tangierten. Sicher w\u00fcrde sich eine sch\u00f6ne homogene Gruppe finden, ich der auch ich meine Freude haben w\u00fcrde.\u2026","rel":"","context":"In &quot;Radfahren&quot;","block_context":{"text":"Radfahren","link":"https:\/\/blog.kunstgriff.net\/?cat=14"},"img":{"alt_text":"","src":"https:\/\/i0.wp.com\/blog.kunstgriff.net\/wp-content\/uploads\/2013\/08\/Riesen-Bande-vor-dem-Rathaus.jpg?fit=1200%2C900&ssl=1&resize=350%2C200","width":350,"height":200,"srcset":"https:\/\/i0.wp.com\/blog.kunstgriff.net\/wp-content\/uploads\/2013\/08\/Riesen-Bande-vor-dem-Rathaus.jpg?fit=1200%2C900&ssl=1&resize=350%2C200 1x, https:\/\/i0.wp.com\/blog.kunstgriff.net\/wp-content\/uploads\/2013\/08\/Riesen-Bande-vor-dem-Rathaus.jpg?fit=1200%2C900&ssl=1&resize=525%2C300 1.5x, https:\/\/i0.wp.com\/blog.kunstgriff.net\/wp-content\/uploads\/2013\/08\/Riesen-Bande-vor-dem-Rathaus.jpg?fit=1200%2C900&ssl=1&resize=700%2C400 2x, https:\/\/i0.wp.com\/blog.kunstgriff.net\/wp-content\/uploads\/2013\/08\/Riesen-Bande-vor-dem-Rathaus.jpg?fit=1200%2C900&ssl=1&resize=1050%2C600 3x"},"classes":[]},{"id":13363,"url":"https:\/\/blog.kunstgriff.net\/?p=13363","url_meta":{"origin":2622,"position":4},"title":"B\u00e4ckerrunde nach Fehrbellin","author":"Georg","date":"Mai 1, 2016","format":false,"excerpt":"oder \u00bbKleine Gruppe \u2013 grosser Wind v3.0\u00abAch, was habe ich mich gefreut, als Karsten die B\u00e4ckerrunde nach Fehrbellin am Samstag annonciert hatte. Lange war ich dort schon nicht mehr gewesen und in sch\u00f6ner Gruppe mit neuem Renner w\u00fcrde die Ausfahrt\u00a0gleich doppelt Spass machen. So traf ich mich mit Alexander um\u2026","rel":"","context":"In &quot;Cake-Ride&quot;","block_context":{"text":"Cake-Ride","link":"https:\/\/blog.kunstgriff.net\/?cat=34"},"img":{"alt_text":"","src":"https:\/\/i0.wp.com\/blog.kunstgriff.net\/wp-content\/uploads\/2016\/05\/Kuchen-bei-Konditorei-Schmiedel-in-der-Sonne.jpg?fit=1200%2C900&ssl=1&resize=350%2C200","width":350,"height":200,"srcset":"https:\/\/i0.wp.com\/blog.kunstgriff.net\/wp-content\/uploads\/2016\/05\/Kuchen-bei-Konditorei-Schmiedel-in-der-Sonne.jpg?fit=1200%2C900&ssl=1&resize=350%2C200 1x, https:\/\/i0.wp.com\/blog.kunstgriff.net\/wp-content\/uploads\/2016\/05\/Kuchen-bei-Konditorei-Schmiedel-in-der-Sonne.jpg?fit=1200%2C900&ssl=1&resize=525%2C300 1.5x, https:\/\/i0.wp.com\/blog.kunstgriff.net\/wp-content\/uploads\/2016\/05\/Kuchen-bei-Konditorei-Schmiedel-in-der-Sonne.jpg?fit=1200%2C900&ssl=1&resize=700%2C400 2x, https:\/\/i0.wp.com\/blog.kunstgriff.net\/wp-content\/uploads\/2016\/05\/Kuchen-bei-Konditorei-Schmiedel-in-der-Sonne.jpg?fit=1200%2C900&ssl=1&resize=1050%2C600 3x"},"classes":[]},{"id":16513,"url":"https:\/\/blog.kunstgriff.net\/?p=16513","url_meta":{"origin":2622,"position":5},"title":"Gro\u00dfe B\u00e4cker Runde nach Fehrbellin","author":"Georg","date":"Juli 30, 2017","format":false,"excerpt":"\u00bbFahren am Limit\u00ab Eine ganze Weile ist es schon her, dass ich die grosse B\u00e4ckerrunde nach Fehrbellin gefahren bin. So kam es mir sehr gelegen, dass der Olaf diese sch\u00f6ne Runde mal wieder \u00fcber facebook anbot. P\u00fcnktlich um 10 erreichte ich das Rathaus Falkensee, unser bekannter Treffpunkt. Da ich nicht\u2026","rel":"","context":"In &quot;Cake-Ride&quot;","block_context":{"text":"Cake-Ride","link":"https:\/\/blog.kunstgriff.net\/?cat=34"},"img":{"alt_text":"","src":"https:\/\/i0.wp.com\/blog.kunstgriff.net\/wp-content\/uploads\/2017\/07\/gl%C3%BCckliche-K%C3%BChe.jpg?fit=1200%2C800&ssl=1&resize=350%2C200","width":350,"height":200,"srcset":"https:\/\/i0.wp.com\/blog.kunstgriff.net\/wp-content\/uploads\/2017\/07\/gl%C3%BCckliche-K%C3%BChe.jpg?fit=1200%2C800&ssl=1&resize=350%2C200 1x, https:\/\/i0.wp.com\/blog.kunstgriff.net\/wp-content\/uploads\/2017\/07\/gl%C3%BCckliche-K%C3%BChe.jpg?fit=1200%2C800&ssl=1&resize=525%2C300 1.5x, https:\/\/i0.wp.com\/blog.kunstgriff.net\/wp-content\/uploads\/2017\/07\/gl%C3%BCckliche-K%C3%BChe.jpg?fit=1200%2C800&ssl=1&resize=700%2C400 2x, https:\/\/i0.wp.com\/blog.kunstgriff.net\/wp-content\/uploads\/2017\/07\/gl%C3%BCckliche-K%C3%BChe.jpg?fit=1200%2C800&ssl=1&resize=1050%2C600 3x"},"classes":[]}],"jetpack_likes_enabled":true,"jetpack_sharing_enabled":true,"_links":{"self":[{"href":"https:\/\/blog.kunstgriff.net\/index.php?rest_route=\/wp\/v2\/posts\/2622","targetHints":{"allow":["GET"]}}],"collection":[{"href":"https:\/\/blog.kunstgriff.net\/index.php?rest_route=\/wp\/v2\/posts"}],"about":[{"href":"https:\/\/blog.kunstgriff.net\/index.php?rest_route=\/wp\/v2\/types\/post"}],"author":[{"embeddable":true,"href":"https:\/\/blog.kunstgriff.net\/index.php?rest_route=\/wp\/v2\/users\/2"}],"replies":[{"embeddable":true,"href":"https:\/\/blog.kunstgriff.net\/index.php?rest_route=%2Fwp%2Fv2%2Fcomments&post=2622"}],"version-history":[{"count":0,"href":"https:\/\/blog.kunstgriff.net\/index.php?rest_route=\/wp\/v2\/posts\/2622\/revisions"}],"wp:attachment":[{"href":"https:\/\/blog.kunstgriff.net\/index.php?rest_route=%2Fwp%2Fv2%2Fmedia&parent=2622"}],"wp:term":[{"taxonomy":"category","embeddable":true,"href":"https:\/\/blog.kunstgriff.net\/index.php?rest_route=%2Fwp%2Fv2%2Fcategories&post=2622"},{"taxonomy":"post_tag","embeddable":true,"href":"https:\/\/blog.kunstgriff.net\/index.php?rest_route=%2Fwp%2Fv2%2Ftags&post=2622"}],"curies":[{"name":"wp","href":"https:\/\/api.w.org\/{rel}","templated":true}]}}