{"id":2631,"date":"2010-10-31T13:56:08","date_gmt":"2010-10-31T12:56:08","guid":{"rendered":"http:\/\/blog.kunstgriff.net\/?p=2631"},"modified":"2017-06-13T14:08:30","modified_gmt":"2017-06-13T12:08:30","slug":"grune-mtb-strecke-im-grunewald","status":"publish","type":"post","link":"https:\/\/blog.kunstgriff.net\/?p=2631","title":{"rendered":"Gr\u00fcne MTB Strecke im Grunewald"},"content":{"rendered":"<span class=\"span-reading-time rt-reading-time\" style=\"display: block;\"><span class=\"rt-label rt-prefix\">Lesezeit: <\/span> <span class=\"rt-time\"> 2<\/span> <span class=\"rt-label rt-postfix\">Minuten<\/span><\/span><h4>oder &#8222;Mountain Bike Premiere 2010&#8220;<\/h4>\n<hr \/>\n<p>Eigentlich wollte ich heute noch einmal Rennrad fahren, aber Alexander und Karsten waren um 10.30 Uhr am S-Bhf. Heerstra\u00dfe verabredet, um die <em>Gr\u00fcne Marathon Strecke<\/em> im Gr\u00fcnewald Probe zu fahren.<\/p>\n<p>Da konnte ich einfach nicht <em>Nein<\/em> sagen und schloss mit der Truppe an. Franky wartet schon am Treffpunkt und wenig sp\u00e4ter tauchten Alexander, Karsten und Sebastian auf. Nun ging es die Teufelschaussee runter zum Einstieg auf die Stecke. Auf dem Weg dorthin gabelte Karsten noch einen Kumpel auf der die Strecke auch kannte und von Beginn an mit Sebastian ordentlich aufs Tempo dr\u00fcckte.<\/p>\n<p>Ich merkte schnell warum mir MTB-Fahren in der Gruppe, auf relativ anspruchsvollem Terrain, nicht liegt: St\u00e4ndig Oberkante fahren, Adrenalin wegen des Untergrunds und der Steigungen, viel Aufmerksamkeit bei der Koordination das ich mich nicht auf die Nase lege. Spass kann das f\u00fcr Andere sein. F\u00fcr mich definitiv nicht. Ich verlor sehr schnell die Lust und wohl auch die n\u00f6tige Konzentration, denn auf einer schwierigen Bergab-Passage verlor ich die Kontrolle \u00fcber mein Bike und stieg \u00fcber den Lenker ab. Eigentlich nicht tragisch, aber der Lenker stellte sich quer und quetschte meine Wade zwischen sich und das Oberrohr meines MTB. Ich blieb kurz liegen und merkt schnell wie die Wade zu <em>zwiebeln<\/em> begann. Mist. Weiter.<\/p>\n<p>Das Tempo blieb hoch und auf dem Anstieg zum Willy durch den Wald merkte ich, das mein Hinterrad immer wieder <em>klongte<\/em>. Dann blockierte die Kurbel. Ich musste anhalten und Absteigen und sah, das sich eine Speiche im Schaltwerk verfangen hatte. Eine weitere war ebenfalls gebrochen. Das Rad lie\u00df sich zwar noch einwandfrei bewegen aber die weiteren Abfahrten durch den Wald waren mir dann doch zu riskant &#8211; keine Lust auf ein blockiertes Hinterrad auf einer <em>Downhill<\/em>-Passage. So verabschiedete ich mich von den Jungs und fuhr \u00fcber Asphalt die Havelchaussee \u00fcber Postfenn nach Hause. Auf diesem Weg kamen mir viele Rennradler entgegen und ich wurde neidisch auf deren Gef\u00e4hrte. Wie gerne h\u00e4tte ich mein MTB in den Wald geworfen und w\u00e4re auf meinem Renner weiter gefahren!<\/p>\n<p>Diese Ausfahrt war mir wieder eine Lektion zur kommenden MTB-Saison. Ich habe gelernt, das<\/p>\n<ul>\n<li>mir <em>Gruppen-Hatz-Fahrten<\/em> durch den Wald keinen Spass machen<\/li>\n<li>mir die Geschicklichkeits\u00fcbungen auf dem MTB keinen Unterhaltungswert f\u00fcr mich bieten<\/li>\n<li>mir einfach etwas fehlt auf diesem Sportger\u00e4t<\/li>\n<\/ul>\n<p>Mal sehen wie oft ich im kommenden Winter wieder auf diesen Drahtesel satteln werde. Hoffentlich erlaubt das Wetter noch viele Rennrad-Ausfahrten in diesem Jahr!<\/p>\n<p><iframe height='405' width='590' frameborder='0' allowtransparency='true' scrolling='no' src='https:\/\/www.strava.com\/activities\/698657184\/embed\/69ab704d2d5a785082fff737f95efc1d29a920be'><\/iframe><\/p>\n","protected":false},"excerpt":{"rendered":"<p>oder &#8222;Mountain Bike Premiere 2010&#8220; Eigentlich wollte ich heute noch einmal Rennrad fahren, aber Alexander und Karsten waren um 10.30 Uhr am S-Bhf. Heerstra\u00dfe verabredet, um die Gr\u00fcne Marathon Strecke im Gr\u00fcnewald Probe zu fahren. Da konnte ich einfach nicht Nein sagen und schloss mit der Truppe an. Franky wartet schon am Treffpunkt und wenig &hellip; <\/p>\n<p class=\"link-more\"><a href=\"https:\/\/blog.kunstgriff.net\/?p=2631\" class=\"more-link\"><span class=\"screen-reader-text\">\u201eGr\u00fcne MTB Strecke im Grunewald\u201c <\/span>weiterlesen<\/a><\/p>\n","protected":false},"author":2,"featured_media":0,"comment_status":"open","ping_status":"open","sticky":false,"template":"","format":"standard","meta":{"jetpack_post_was_ever_published":false,"_jetpack_newsletter_access":"","_jetpack_dont_email_post_to_subs":false,"_jetpack_newsletter_tier_id":0,"_jetpack_memberships_contains_paywalled_content":false,"_jetpack_memberships_contains_paid_content":false,"footnotes":""},"categories":[9,14],"tags":[],"class_list":["post-2631","post","type-post","status-publish","format-standard","hentry","category-mtb","category-radfahren"],"jetpack_featured_media_url":"","jetpack_shortlink":"https:\/\/wp.me\/p8Cxe7-Gr","jetpack-related-posts":[{"id":555,"url":"https:\/\/blog.kunstgriff.net\/?p=555","url_meta":{"origin":2631,"position":0},"title":"Gr\u00fcne Marathonstrecke am 3. Advent","author":"Georg","date":"Dezember 13, 2009","format":false,"excerpt":"Der Himmel war strahlend blau und die Sonne schien, aber der Thermometer zeigte -2\u00b0C. F\u00fcr das Rennrad sicher zu kalt, aber f\u00fcr eine Runde MTB genau richtig und wenn Ilja schon mal zu einer Tour ausruft kann ich ja auf keinen Fall Nein sagen. So machte ich mich um 20\u2026","rel":"","context":"In &quot;Garmin&quot;","block_context":{"text":"Garmin","link":"https:\/\/blog.kunstgriff.net\/?cat=35"},"img":{"alt_text":"","src":"","width":0,"height":0},"classes":[]},{"id":155,"url":"https:\/\/blog.kunstgriff.net\/?p=155","url_meta":{"origin":2631,"position":1},"title":"Meine neuen Freunde: \u00bbNobby Nic\u00ab &#038; \u00bbRacing Ralph\u00ab","author":"Georg","date":"Oktober 24, 2009","format":false,"excerpt":"Diese Woche war ja in sportlicher Hinsicht nicht viel los mit mir. Bedingt durch eine erneute Wurzelspitzenresektion an dem gleichen Backenzahn wie schon vor 6 Monaten war ich ziemlich angeschlagen. Es hatte sich eine b\u00f6se Infektion gebildet und so verschrieb mir der Operateur gleich mal Antibiotika. Dadurch war nat\u00fcrlich mein\u2026","rel":"","context":"In &quot;Garmin&quot;","block_context":{"text":"Garmin","link":"https:\/\/blog.kunstgriff.net\/?cat=35"},"img":{"alt_text":"","src":"https:\/\/i0.wp.com\/blog.kunstgriff.net\/wp-content\/uploads\/2009\/10\/IMG_0313.JPG?fit=1200%2C900&ssl=1&resize=350%2C200","width":350,"height":200,"srcset":"https:\/\/i0.wp.com\/blog.kunstgriff.net\/wp-content\/uploads\/2009\/10\/IMG_0313.JPG?fit=1200%2C900&ssl=1&resize=350%2C200 1x, https:\/\/i0.wp.com\/blog.kunstgriff.net\/wp-content\/uploads\/2009\/10\/IMG_0313.JPG?fit=1200%2C900&ssl=1&resize=525%2C300 1.5x, https:\/\/i0.wp.com\/blog.kunstgriff.net\/wp-content\/uploads\/2009\/10\/IMG_0313.JPG?fit=1200%2C900&ssl=1&resize=700%2C400 2x, https:\/\/i0.wp.com\/blog.kunstgriff.net\/wp-content\/uploads\/2009\/10\/IMG_0313.JPG?fit=1200%2C900&ssl=1&resize=1050%2C600 3x"},"classes":[]},{"id":2792,"url":"https:\/\/blog.kunstgriff.net\/?p=2792","url_meta":{"origin":2631,"position":2},"title":"ErgoPlanet-Mondfeld","author":"Georg","date":"November 9, 2010","format":false,"excerpt":"oder \"Ergo-Training auf die harte Tour\"Heute boten sich mir gleich zwei Feierabend-Sportveranstaltungen an: Zum einen war da\u00a0Olivers-Grunewald-Nightride mit relativ einfachem Schwierigkeitsgrad, den ich gerne gefahren w\u00e4re und zum Anderen war da das Mondfeld-Virtuelle-Ergometer-Rennen, welches jeden Dienstag auf dem Daum Server stattfindet. Letzte Woche waren da 25 Teilnehmer dabei und ich\u2026","rel":"","context":"In &quot;Ergometer Training&quot;","block_context":{"text":"Ergometer Training","link":"https:\/\/blog.kunstgriff.net\/?cat=15"},"img":{"alt_text":"","src":"","width":0,"height":0},"classes":[]},{"id":5351,"url":"https:\/\/blog.kunstgriff.net\/?p=5351","url_meta":{"origin":2631,"position":3},"title":"Gro\u00dfe B\u00e4cker-Runde nach Fehrbellin","author":"Georg","date":"Juli 24, 2011","format":false,"excerpt":"oder \u00bbNo wind - no fun\u00ab Schon am Mittwoch hatten Karsten und ich die Idee, mal wieder am Sonntag die B\u00e4ckerrunde zu fahren. Die Rast beim Caf\u00e9 Schmiedel nach etwas mehr als der H\u00e4lfte der Strecke ist einfach zu k\u00f6stlich verlockend. Gesagt - getan, und so annoncierte\u00a0ich die Tour auf\u2026","rel":"","context":"In &quot;Radfahren&quot;","block_context":{"text":"Radfahren","link":"https:\/\/blog.kunstgriff.net\/?cat=14"},"img":{"alt_text":"","src":"https:\/\/i0.wp.com\/blog.kunstgriff.net\/wp-content\/uploads\/2011\/07\/F%C3%BChrungsarbeit-von-Herbert-hinter-Falkensee.jpg?resize=350%2C200","width":350,"height":200,"srcset":"https:\/\/i0.wp.com\/blog.kunstgriff.net\/wp-content\/uploads\/2011\/07\/F%C3%BChrungsarbeit-von-Herbert-hinter-Falkensee.jpg?resize=350%2C200 1x, https:\/\/i0.wp.com\/blog.kunstgriff.net\/wp-content\/uploads\/2011\/07\/F%C3%BChrungsarbeit-von-Herbert-hinter-Falkensee.jpg?resize=525%2C300 1.5x, https:\/\/i0.wp.com\/blog.kunstgriff.net\/wp-content\/uploads\/2011\/07\/F%C3%BChrungsarbeit-von-Herbert-hinter-Falkensee.jpg?resize=700%2C400 2x"},"classes":[]},{"id":8434,"url":"https:\/\/blog.kunstgriff.net\/?p=8434","url_meta":{"origin":2631,"position":4},"title":"6-Br\u00fccken-Feierabendrunde","author":"Georg","date":"Juli 3, 2012","format":false,"excerpt":"oder \u00bbRaupen und king-of-the-mountain\u00abAm Dienstag steht ja im Sommer immer eine Feierabendrunde auf dem Programm. Heute hatte ich die Auswahl zwischen drei Touren; und zwar die: M\u00fchlenbecker-Land-Runde Blankensee-Runde 6-Br\u00fccken-Runde Die Wahl viel nicht leicht, den Ausschlag gab der wenige Wald, der in Falkensee hoffentlich f\u00fcr wenigen, weiteren Raupen-Haare-Ausschlag sorgen sollte.\u2026","rel":"","context":"In &quot;Radfahren&quot;","block_context":{"text":"Radfahren","link":"https:\/\/blog.kunstgriff.net\/?cat=14"},"img":{"alt_text":"","src":"https:\/\/i0.wp.com\/blog.kunstgriff.net\/wp-content\/uploads\/2012\/07\/Sektorenziel-Wustermark.jpg?resize=350%2C200","width":350,"height":200,"srcset":"https:\/\/i0.wp.com\/blog.kunstgriff.net\/wp-content\/uploads\/2012\/07\/Sektorenziel-Wustermark.jpg?resize=350%2C200 1x, https:\/\/i0.wp.com\/blog.kunstgriff.net\/wp-content\/uploads\/2012\/07\/Sektorenziel-Wustermark.jpg?resize=525%2C300 1.5x"},"classes":[]},{"id":3983,"url":"https:\/\/blog.kunstgriff.net\/?p=3983","url_meta":{"origin":2631,"position":5},"title":"B\u00e4ckerrunde nach Fehrbellin","author":"Georg","date":"M\u00e4rz 20, 2011","format":false,"excerpt":"oder \u00bbVon 32 auf 0 in 36 Stunden\u00abDer Blick aus dem Fenster zeigte keine Sonne. Nebel, wohin das Auge blickte. Morgenraureif auf den Autos. Kein einladender Anblick, den ich f\u00fcr eine Rennradtour mit meiner Gang nach Fehrbellin ben\u00f6tigte. Was ich wollte, war die im Radio versprochene Sonne. Aber diese wollte\u2026","rel":"","context":"In &quot;Radfahren&quot;","block_context":{"text":"Radfahren","link":"https:\/\/blog.kunstgriff.net\/?cat=14"},"img":{"alt_text":"","src":"https:\/\/i0.wp.com\/blog.kunstgriff.net\/wp-content\/uploads\/2011\/03\/Schniedel.jpg?resize=350%2C200","width":350,"height":200,"srcset":"https:\/\/i0.wp.com\/blog.kunstgriff.net\/wp-content\/uploads\/2011\/03\/Schniedel.jpg?resize=350%2C200 1x, https:\/\/i0.wp.com\/blog.kunstgriff.net\/wp-content\/uploads\/2011\/03\/Schniedel.jpg?resize=525%2C300 1.5x"},"classes":[]}],"jetpack_likes_enabled":true,"jetpack_sharing_enabled":true,"_links":{"self":[{"href":"https:\/\/blog.kunstgriff.net\/index.php?rest_route=\/wp\/v2\/posts\/2631","targetHints":{"allow":["GET"]}}],"collection":[{"href":"https:\/\/blog.kunstgriff.net\/index.php?rest_route=\/wp\/v2\/posts"}],"about":[{"href":"https:\/\/blog.kunstgriff.net\/index.php?rest_route=\/wp\/v2\/types\/post"}],"author":[{"embeddable":true,"href":"https:\/\/blog.kunstgriff.net\/index.php?rest_route=\/wp\/v2\/users\/2"}],"replies":[{"embeddable":true,"href":"https:\/\/blog.kunstgriff.net\/index.php?rest_route=%2Fwp%2Fv2%2Fcomments&post=2631"}],"version-history":[{"count":0,"href":"https:\/\/blog.kunstgriff.net\/index.php?rest_route=\/wp\/v2\/posts\/2631\/revisions"}],"wp:attachment":[{"href":"https:\/\/blog.kunstgriff.net\/index.php?rest_route=%2Fwp%2Fv2%2Fmedia&parent=2631"}],"wp:term":[{"taxonomy":"category","embeddable":true,"href":"https:\/\/blog.kunstgriff.net\/index.php?rest_route=%2Fwp%2Fv2%2Fcategories&post=2631"},{"taxonomy":"post_tag","embeddable":true,"href":"https:\/\/blog.kunstgriff.net\/index.php?rest_route=%2Fwp%2Fv2%2Ftags&post=2631"}],"curies":[{"name":"wp","href":"https:\/\/api.w.org\/{rel}","templated":true}]}}