{"id":270,"date":"2009-11-07T15:02:01","date_gmt":"2009-11-07T14:02:01","guid":{"rendered":"http:\/\/blog.kunstgriff.net\/?p=270"},"modified":"2017-06-15T13:53:57","modified_gmt":"2017-06-15T11:53:57","slug":"klasse-winterrunde-mit-dem-renner","status":"publish","type":"post","link":"https:\/\/blog.kunstgriff.net\/?p=270","title":{"rendered":"Klasse Winterrunde mit dem Renner"},"content":{"rendered":"<span class=\"span-reading-time rt-reading-time\" style=\"display: block;\"><span class=\"rt-label rt-prefix\">Lesezeit: <\/span> <span class=\"rt-time\"> &lt; 1<\/span> <span class=\"rt-label rt-postfix\">Minute<\/span><\/span><p>Heute war tolles Herbst-\/Winterwetter welches geradezu zu einer Rennradrunde eingeladen hat: Wolkenloser Himmel, Sonnenschein und 4\u00baC auf dem Thermometer.<\/p>\n<p>Nils hatte auf der Rennradliste.de zu dieser Tour ausgerufen und so trafen wir uns um 10 Uhr am S-Bhf. Grunewald. Die 10-Uhr-Gruppe war auch am Auerbachtunnel. Allerdings verschwanden sie mit Ihren Crossern in den Grunewald. Sebastian begleitete uns ein St\u00fcck raus aus der Stadt \u00fcber G\u00fcterfelde. Sein Tempo war dann aber f\u00fcr unsere Gruppe zu hoch und so verloren wir ihn bei Tremsdorf. Es ging weiter \u00fcber Michendorf nach Caputh wo wir an der F\u00e4hre Rast machten und Kakao, Kaffee und Croissants a\u00dfen.<\/p>\n<p>Weiter \u00fcber Ferch sind wir noch eine Nase \u00fcber Golm und Satzkorn, Fahrland und Gatow gefahren, obwohl die Runde eigentlich k\u00fcrzer geplant war.<\/p>\n<p>Aber bei dem herrlichen Wetter konnten wir alle einfach nicht genug vom Rennradfahren bekommen!<\/p>\n<address style=\"text-align: center;\"><em>\u00bbentra\u00eenement&nbsp;hibernale par excelence!\u00ab<\/em><\/address>\n<p><iframe height='405' width='590' frameborder='0' allowtransparency='true' scrolling='no' src='https:\/\/www.strava.com\/activities\/698669967\/embed\/7f83ace8f120c112d4b40c54dca81458fe212e29'><\/iframe><\/p>\n","protected":false},"excerpt":{"rendered":"<p>Heute war tolles Herbst-\/Winterwetter welches geradezu zu einer Rennradrunde eingeladen hat: Wolkenloser Himmel, Sonnenschein und 4\u00baC auf dem Thermometer. Nils hatte auf der Rennradliste.de zu dieser Tour ausgerufen und so trafen wir uns um 10 Uhr am S-Bhf. Grunewald. Die 10-Uhr-Gruppe war auch am Auerbachtunnel. Allerdings verschwanden sie mit Ihren Crossern in den Grunewald. Sebastian &hellip; <\/p>\n<p class=\"link-more\"><a href=\"https:\/\/blog.kunstgriff.net\/?p=270\" class=\"more-link\"><span class=\"screen-reader-text\">\u201eKlasse Winterrunde mit dem Renner\u201c <\/span>weiterlesen<\/a><\/p>\n","protected":false},"author":2,"featured_media":0,"comment_status":"open","ping_status":"open","sticky":false,"template":"","format":"standard","meta":{"jetpack_post_was_ever_published":false,"_jetpack_newsletter_access":"","_jetpack_dont_email_post_to_subs":false,"_jetpack_newsletter_tier_id":0,"_jetpack_memberships_contains_paywalled_content":false,"_jetpack_memberships_contains_paid_content":false,"footnotes":""},"categories":[1,14,7],"tags":[],"class_list":["post-270","post","type-post","status-publish","format-standard","hentry","category-allgemein","category-radfahren","category-rennradfahren"],"jetpack_featured_media_url":"","jetpack_shortlink":"https:\/\/wp.me\/p8Cxe7-4m","jetpack-related-posts":[{"id":954,"url":"https:\/\/blog.kunstgriff.net\/?p=954","url_meta":{"origin":270,"position":0},"title":"Trainingslager Mallorca 3. Tag","author":"Georg","date":"M\u00e4rz 7, 2010","format":false,"excerpt":"Der Tag begann mit Sonnenschein und fast wolkenlosem Himmel, der einfach zum Rennradfahren auf dieser herrlichen Insel einl\u00e4dt. So verabredeten wir uns f\u00fcr einen Start nach dem ausgiebigen Fr\u00fchst\u00fcck, um 10:30 Uhr f\u00fcr eine, schon etwas l\u00e4ngere, Fahrt nach Santa Maria Del Carmi, wo die Halbzeitrast geplant war. Auf dem\u2026","rel":"","context":"In &quot;Radfahren&quot;","block_context":{"text":"Radfahren","link":"https:\/\/blog.kunstgriff.net\/?cat=14"},"img":{"alt_text":"","src":"https:\/\/i0.wp.com\/blog.kunstgriff.net\/wp-content\/uploads\/2010\/03\/IMG_0037.jpg?fit=600%2C450&ssl=1&resize=350%2C200","width":350,"height":200,"srcset":"https:\/\/i0.wp.com\/blog.kunstgriff.net\/wp-content\/uploads\/2010\/03\/IMG_0037.jpg?fit=600%2C450&ssl=1&resize=350%2C200 1x, https:\/\/i0.wp.com\/blog.kunstgriff.net\/wp-content\/uploads\/2010\/03\/IMG_0037.jpg?fit=600%2C450&ssl=1&resize=525%2C300 1.5x"},"classes":[]},{"id":4851,"url":"https:\/\/blog.kunstgriff.net\/?p=4851","url_meta":{"origin":270,"position":1},"title":"Zur Mecklenburgische Seenplatte","author":"Georg","date":"Juni 11, 2011","format":false,"excerpt":"oder \u00bbLetze lange Ausfahrt vor der V\u00e4tternrundan\u00abAm n\u00e4chsten Wochenende werde ich den V\u00e4tternsee umrunden und so kam es mir sehr gelegen, das Tom B. diese lange Tour zur Mecklenburgische Seenplatte f\u00fcr den heutigen Pfingstsamstag anbot. Wir trafen uns um 9 Uhr am S-Bahnhof Buch, zum dem sechs Radler kamen: Tom\u2026","rel":"","context":"In &quot;200er&quot;","block_context":{"text":"200er","link":"https:\/\/blog.kunstgriff.net\/?cat=48"},"img":{"alt_text":"","src":"","width":0,"height":0},"classes":[]},{"id":7463,"url":"https:\/\/blog.kunstgriff.net\/?p=7463","url_meta":{"origin":270,"position":2},"title":"Mallorca Trainingscamp 2012 &#8211; Tag 2 &#8211; Orient &#038; Luc","author":"Georg","date":"M\u00e4rz 10, 2012","format":false,"excerpt":"oder \u00bbGleich mal ein paar H\u00f6henmeter\u00abNach der kurzen Einrollrunde gestern, stand heute ein ordentlicher Kanten auf dem Programm: Auf einer Streckenl\u00e4nge von \u00fcber 140 km gleich zwei l\u00e4ngere Anstiege. Aber das war klar, denn das Trainingscamp ging ja schon in die zweite Woche und nun standen ein wenig anspruchsvollere Touren\u2026","rel":"","context":"In &quot;Radreise&quot;","block_context":{"text":"Radreise","link":"https:\/\/blog.kunstgriff.net\/?cat=13"},"img":{"alt_text":"","src":"https:\/\/i0.wp.com\/blog.kunstgriff.net\/wp-content\/uploads\/2012\/03\/Durch-den-Wald-bei-Cas-Canar.jpg?resize=350%2C200","width":350,"height":200,"srcset":"https:\/\/i0.wp.com\/blog.kunstgriff.net\/wp-content\/uploads\/2012\/03\/Durch-den-Wald-bei-Cas-Canar.jpg?resize=350%2C200 1x, https:\/\/i0.wp.com\/blog.kunstgriff.net\/wp-content\/uploads\/2012\/03\/Durch-den-Wald-bei-Cas-Canar.jpg?resize=525%2C300 1.5x, https:\/\/i0.wp.com\/blog.kunstgriff.net\/wp-content\/uploads\/2012\/03\/Durch-den-Wald-bei-Cas-Canar.jpg?resize=700%2C400 2x"},"classes":[]},{"id":1683,"url":"https:\/\/blog.kunstgriff.net\/?p=1683","url_meta":{"origin":270,"position":3},"title":"RG Hamburg Tour 2010 &#8211; Marathon \u00bbNordCup\u00ab","author":"Georg","date":"Juni 20, 2010","format":false,"excerpt":"P\u00fcnktlich um 3 Uhr (!) klingelte am Sonntag Morgen der Wecker, denn heute stand vom RG Hamburg der Marathon \u00bbNordCup\u00ab auf dem Programm. Ralph sollte mich um 3:55 Uhr mit seinem Saab Kombi abholen und ich wollte noch Kaffee trinken und meinen Super-Size-Bowl-M\u00fcsli mit Ovomaltine und Eiweiss-Pulver essen. 55 Minuten\u2026","rel":"","context":"In &quot;Radfahren&quot;","block_context":{"text":"Radfahren","link":"https:\/\/blog.kunstgriff.net\/?cat=14"},"img":{"alt_text":"","src":"","width":0,"height":0},"classes":[]},{"id":1143,"url":"https:\/\/blog.kunstgriff.net\/?p=1143","url_meta":{"origin":270,"position":4},"title":"\u00bb10-Uhr-Gruppe\u00ab am Oster-Samstag","author":"Georg","date":"April 3, 2010","format":false,"excerpt":"Heute wollte ich es das Erste mal in diesem Jahr wagen mit der \u00bb10-Uhr-Gruppe\u00ab eine flotte Runde zu fahren. So startet ich um kurz nach halb 10 um p\u00fcnktlich am Auerbachtunnel zu sein. Ich war der Erste um f\u00fcnf vor 10 dort und machte mir Sorgen ob die Runde heute\u2026","rel":"","context":"In &quot;Radfahren&quot;","block_context":{"text":"Radfahren","link":"https:\/\/blog.kunstgriff.net\/?cat=14"},"img":{"alt_text":"","src":"","width":0,"height":0},"classes":[]},{"id":21935,"url":"https:\/\/blog.kunstgriff.net\/?p=21935","url_meta":{"origin":270,"position":5},"title":"Kuchen-Hunni \u00fcber Ruhlsdorf nach Trebbin","author":"Georg","date":"November 7, 2020","format":false,"excerpt":"November-Lock-Down-Tour Erstmal war es mir eigentlich zu kalt zum Radfahren. Keine Sonne und 5,2\u00b0C. Auch ohne starken Wind zu kalt f\u00fcr mich. Aber ich war verabredet und Jammern aufn Samstag \u2013 is nicht. Wiedi haben Marc und ich dann aufm Weg zum Tunnel eingesammelt. Die 10-Uhr-Gruppe haben wir heute gekonnt\u2026","rel":"","context":"In &quot;Radfahren&quot;","block_context":{"text":"Radfahren","link":"https:\/\/blog.kunstgriff.net\/?cat=14"},"img":{"alt_text":"Krone raus ohne 10-Uhr-Gruppe","src":"https:\/\/i0.wp.com\/blog.kunstgriff.net\/wp-content\/uploads\/2020\/11\/Krone-raus-ohne-10-Uhr-Gruppe.jpg?fit=1200%2C800&ssl=1&resize=350%2C200","width":350,"height":200,"srcset":"https:\/\/i0.wp.com\/blog.kunstgriff.net\/wp-content\/uploads\/2020\/11\/Krone-raus-ohne-10-Uhr-Gruppe.jpg?fit=1200%2C800&ssl=1&resize=350%2C200 1x, https:\/\/i0.wp.com\/blog.kunstgriff.net\/wp-content\/uploads\/2020\/11\/Krone-raus-ohne-10-Uhr-Gruppe.jpg?fit=1200%2C800&ssl=1&resize=525%2C300 1.5x, https:\/\/i0.wp.com\/blog.kunstgriff.net\/wp-content\/uploads\/2020\/11\/Krone-raus-ohne-10-Uhr-Gruppe.jpg?fit=1200%2C800&ssl=1&resize=700%2C400 2x, https:\/\/i0.wp.com\/blog.kunstgriff.net\/wp-content\/uploads\/2020\/11\/Krone-raus-ohne-10-Uhr-Gruppe.jpg?fit=1200%2C800&ssl=1&resize=1050%2C600 3x"},"classes":[]}],"jetpack_likes_enabled":true,"jetpack_sharing_enabled":true,"_links":{"self":[{"href":"https:\/\/blog.kunstgriff.net\/index.php?rest_route=\/wp\/v2\/posts\/270","targetHints":{"allow":["GET"]}}],"collection":[{"href":"https:\/\/blog.kunstgriff.net\/index.php?rest_route=\/wp\/v2\/posts"}],"about":[{"href":"https:\/\/blog.kunstgriff.net\/index.php?rest_route=\/wp\/v2\/types\/post"}],"author":[{"embeddable":true,"href":"https:\/\/blog.kunstgriff.net\/index.php?rest_route=\/wp\/v2\/users\/2"}],"replies":[{"embeddable":true,"href":"https:\/\/blog.kunstgriff.net\/index.php?rest_route=%2Fwp%2Fv2%2Fcomments&post=270"}],"version-history":[{"count":0,"href":"https:\/\/blog.kunstgriff.net\/index.php?rest_route=\/wp\/v2\/posts\/270\/revisions"}],"wp:attachment":[{"href":"https:\/\/blog.kunstgriff.net\/index.php?rest_route=%2Fwp%2Fv2%2Fmedia&parent=270"}],"wp:term":[{"taxonomy":"category","embeddable":true,"href":"https:\/\/blog.kunstgriff.net\/index.php?rest_route=%2Fwp%2Fv2%2Fcategories&post=270"},{"taxonomy":"post_tag","embeddable":true,"href":"https:\/\/blog.kunstgriff.net\/index.php?rest_route=%2Fwp%2Fv2%2Ftags&post=270"}],"curies":[{"name":"wp","href":"https:\/\/api.w.org\/{rel}","templated":true}]}}