{"id":286,"date":"2009-11-08T16:57:43","date_gmt":"2009-11-08T15:57:43","guid":{"rendered":"http:\/\/blog.kunstgriff.net\/?p=286"},"modified":"2017-06-15T13:54:49","modified_gmt":"2017-06-15T11:54:49","slug":"wintertraining-part-2-oder-das-wochenende-hat-2-tage","status":"publish","type":"post","link":"https:\/\/blog.kunstgriff.net\/?p=286","title":{"rendered":"Wintertraining Part 2 oder das Wochenende hat 2 Tage"},"content":{"rendered":"<span class=\"span-reading-time rt-reading-time\" style=\"display: block;\"><span class=\"rt-label rt-prefix\">Lesezeit: <\/span> <span class=\"rt-time\"> 2<\/span> <span class=\"rt-label rt-postfix\">Minuten<\/span><\/span><p>Heute hatte ich zu einer langen Herbstrunde ausgerufen. F\u00fcr die Temperaturen eigentlich zu lang, aber Spass gemacht hat es trotzdem. Aber der Reihe nach &#8211; wir trafen uns um 10 Uhr an gewohnter Stelle auf der Heerstra\u00dfenbr\u00fccke. Vorher fuhr ich noch ein kurzes St\u00fcck mit Sebastian, der um 10 Uhr am Auerbachtunnel zum Crossen verabredet war. Er wollte seinen neu aufgebauten Crosser einweihen und war, wie immer, recht flott unterwegs.<\/p>\n<p>Als ich um 9:53 Uhr an der Br\u00fccke eintraf waren schon Oliver und Oleg dort, nun fehlte nur noch Wolfgang, der sich auch angek\u00fcndigt hatte. Er kam um kurz nach 10, da seine Bahn Versp\u00e4tung hatte. Jetzt musste es auch gleich losgehe, da wir noch mit Sebastian R. an der Gatower Stra\u00dfe verabredet waren. Leider war er nicht da, wie sich sp\u00e4ter herausstellte musste er wegen Grippe leider zu Hause bleiben.<\/p>\n<p>So machten wir uns zu Viert auf den Weg dieser relativ langen Runde. Die Sonne lie\u00df sich leider nur f\u00fcr wenige Minuten blicken, aber daf\u00fcr blieb es die ganzen viereinhalb Stunden trocken, was ja viel wichtiger als Sonne ist.<\/p>\n<p>Da es so gut rollte waren alle einverstanden als ich den Vorschlag machte, die Runde doch um eine \u00bbNase\u00ab von ca. 15 Kilometern zu verl\u00e4ngern. So fuhren wir noch ein wenig l\u00e4nger, aber nach 4 Stunden wurde mir dann doch ein wenig kalt, die W\u00e4rmepads in den Schuhen hatten auch <em>aus<\/em>gew\u00e4rmt &#8211; auf der T\u00fcte steht zwar \u00bbbis zu 6 Stunden\u00ab aber das gilt wohl nur f\u00fcr Rennradtraining in der Sahara.<\/p>\n<p style=\"text-align: center;\">\n<p style=\"text-align: center;\"><img data-recalc-dims=\"1\" loading=\"lazy\" decoding=\"async\" data-attachment-id=\"297\" data-permalink=\"https:\/\/blog.kunstgriff.net\/?attachment_id=297\" data-orig-file=\"https:\/\/i0.wp.com\/blog.kunstgriff.net\/wp-content\/uploads\/2009\/11\/IMG_0340.jpg?fit=1200%2C1600&amp;ssl=1\" data-orig-size=\"1200,1600\" data-comments-opened=\"1\" data-image-meta=\"{&quot;aperture&quot;:&quot;2.8&quot;,&quot;credit&quot;:&quot;&quot;,&quot;camera&quot;:&quot;iPhone&quot;,&quot;caption&quot;:&quot;&quot;,&quot;created_timestamp&quot;:&quot;1257693485&quot;,&quot;copyright&quot;:&quot;&quot;,&quot;focal_length&quot;:&quot;0&quot;,&quot;iso&quot;:&quot;0&quot;,&quot;shutter_speed&quot;:&quot;0&quot;,&quot;title&quot;:&quot;&quot;}\" data-image-title=\"Zehenw\u00e4rmPads\" data-image-description=\"\" data-image-caption=\"\" data-large-file=\"https:\/\/i0.wp.com\/blog.kunstgriff.net\/wp-content\/uploads\/2009\/11\/IMG_0340.jpg?fit=768%2C1024&amp;ssl=1\" class=\"aligncenter size-large wp-image-297\" title=\"Zehenw\u00e4rmPads\" src=\"https:\/\/i0.wp.com\/blog.kunstgriff.net\/wp-content\/uploads\/2009\/11\/IMG_0340-768x1024.jpg?resize=525%2C700\" alt=\"Zehenw\u00e4rmPads\" width=\"525\" height=\"700\" srcset=\"https:\/\/i0.wp.com\/blog.kunstgriff.net\/wp-content\/uploads\/2009\/11\/IMG_0340.jpg?resize=768%2C1024&amp;ssl=1 768w, https:\/\/i0.wp.com\/blog.kunstgriff.net\/wp-content\/uploads\/2009\/11\/IMG_0340.jpg?resize=225%2C300&amp;ssl=1 225w, https:\/\/i0.wp.com\/blog.kunstgriff.net\/wp-content\/uploads\/2009\/11\/IMG_0340.jpg?w=1200&amp;ssl=1 1200w, https:\/\/i0.wp.com\/blog.kunstgriff.net\/wp-content\/uploads\/2009\/11\/IMG_0340.jpg?w=1050&amp;ssl=1 1050w\" sizes=\"auto, (max-width: 525px) 100vw, 525px\" \/><\/p>\n<p>Wolfgang hatte in J\u00fcchendorf starke Probleme mit seinen Klick-Pedalen in welche er nicht mehr hinein kam. Das zwang uns zu einem au\u00dferplanm\u00e4\u00dfigen \u00bbBoxenstop\u00ab<\/p>\n<p>Der \u00bbWilly\u00ab war dann noch die letzte gro\u00dfe Herausforderung des Tages, bei dem ich ordentlich bei\u00dfen musste um nicht die Rote Laterne abzugeben.<\/p>\n<p>Richtige Pausen haben wir keine gemacht, war aber auch f\u00fcr alle ok so.<\/p>\n<p><em>Fazit:<\/em> Sch\u00f6ne Winterrunde mit klasse Mitfahrern &#8211; wir haben super harmoniert, und so ein Wintertraining bietet auch einige Vorteile gegen\u00fcber dem Sommer: Nie Probleme mit warmer Pl\u00f6rre in den Trinkflaschen &#8211; immer gut gek\u00fchltes Iso, keine Probleme mit nassgeschwitzten Trikots &#8211; das bischen Schweiss l\u00e4uft locker unten aus den Jacken, kein st\u00e4ndiges Flaschennachf\u00fcllen weil zu viel gesoffen wird, ich k\u00f6nnte stundenlang weitermachen mit erstklassigen Argumenten, &nbsp;ach eigentlich k\u00f6nnte es immer Winter bleiben \u2026 <em><strong>NOT!<\/strong><\/em><\/p>\n<p><em>Wochenendbilanz<\/em>: 255km Rad gefahren, 8:31:57 Stunden gefahren bei einem Schnitt von 29,33 km\/h &#8211; was nicht doll ist &#8211; aber es ist kalt.<\/p>\n<p><iframe height='405' width='590' frameborder='0' allowtransparency='true' scrolling='no' src='https:\/\/www.strava.com\/activities\/698669986\/embed\/73e29bf8ae7edc932605035f57c08eb9443891c4'><\/iframe><\/p>\n","protected":false},"excerpt":{"rendered":"<p>Heute hatte ich zu einer langen Herbstrunde ausgerufen. F\u00fcr die Temperaturen eigentlich zu lang, aber Spass gemacht hat es trotzdem. Aber der Reihe nach &#8211; wir trafen uns um 10 Uhr an gewohnter Stelle auf der Heerstra\u00dfenbr\u00fccke. Vorher fuhr ich noch ein kurzes St\u00fcck mit Sebastian, der um 10 Uhr am Auerbachtunnel zum Crossen verabredet &hellip; <\/p>\n<p class=\"link-more\"><a href=\"https:\/\/blog.kunstgriff.net\/?p=286\" class=\"more-link\"><span class=\"screen-reader-text\">\u201eWintertraining Part 2 oder das Wochenende hat 2 Tage\u201c <\/span>weiterlesen<\/a><\/p>\n","protected":false},"author":2,"featured_media":297,"comment_status":"open","ping_status":"open","sticky":false,"template":"","format":"standard","meta":{"jetpack_post_was_ever_published":false,"_jetpack_newsletter_access":"","_jetpack_dont_email_post_to_subs":false,"_jetpack_newsletter_tier_id":0,"_jetpack_memberships_contains_paywalled_content":false,"_jetpack_memberships_contains_paid_content":false,"footnotes":""},"categories":[14,7],"tags":[],"class_list":["post-286","post","type-post","status-publish","format-standard","has-post-thumbnail","hentry","category-radfahren","category-rennradfahren"],"jetpack_featured_media_url":"https:\/\/i0.wp.com\/blog.kunstgriff.net\/wp-content\/uploads\/2009\/11\/IMG_0340.jpg?fit=1200%2C1600&ssl=1","jetpack_shortlink":"https:\/\/wp.me\/p8Cxe7-4C","jetpack-related-posts":[{"id":11065,"url":"https:\/\/blog.kunstgriff.net\/?p=11065","url_meta":{"origin":286,"position":0},"title":"ErgoPlanet-Mondfeld (Online-Rennen)","author":"Georg","date":"November 15, 2013","format":false,"excerpt":"oder \u00bbAusbelasten auf Karsten\u2019s ErgoPlanet-Server\u00abZum Einl\u00e4uten ins Wochenende hatte Karsten auf seinen privaten ErgoPlanet Server geladen. Um 20 Uhr sollte es los gehen, gerade genug Zeit um es nach Feierabend um 19 Uhr, nach Hause auf den Ergometer zu schaffen. Leider war die Beteiligung recht mau, um genau zu sein,\u2026","rel":"","context":"In &quot;Ergometer Training&quot;","block_context":{"text":"Ergometer Training","link":"https:\/\/blog.kunstgriff.net\/?cat=15"},"img":{"alt_text":"MondfeldOnlineRennen mit Puls im roten Bereich","src":"https:\/\/i0.wp.com\/blog.kunstgriff.net\/wp-content\/uploads\/2013\/11\/MondfeldOnlineRennen-mit-Puls-im-roten-Bereich.jpg?resize=350%2C200","width":350,"height":200},"classes":[]},{"id":2040,"url":"https:\/\/blog.kunstgriff.net\/?p=2040","url_meta":{"origin":286,"position":1},"title":"Harz-Tour 2010 &#8211; Tag 3","author":"Georg","date":"Juli 18, 2010","format":false,"excerpt":"oder \u00bbEin Ungemach kommt selten allein\u00abDer Sonntag begann um 7:30 Uhr, denn wir wollten zeitig zu unserem letzten H\u00f6henmeter-Training vor dem Arber Radmarathon aufbrechen. Christoph musste um 19 Uhr wieder in Berlin sein und das Haus musste auch bis 10 Uhr verlassen sein. Dadurch herrschte emsige Betriebsamkeit und alle halfen\u2026","rel":"","context":"In &quot;Radfahren&quot;","block_context":{"text":"Radfahren","link":"https:\/\/blog.kunstgriff.net\/?cat=14"},"img":{"alt_text":"","src":"https:\/\/i0.wp.com\/blog.kunstgriff.net\/wp-content\/uploads\/2010\/07\/Bild0386.jpg?fit=900%2C675&ssl=1&resize=350%2C200","width":350,"height":200,"srcset":"https:\/\/i0.wp.com\/blog.kunstgriff.net\/wp-content\/uploads\/2010\/07\/Bild0386.jpg?fit=900%2C675&ssl=1&resize=350%2C200 1x, https:\/\/i0.wp.com\/blog.kunstgriff.net\/wp-content\/uploads\/2010\/07\/Bild0386.jpg?fit=900%2C675&ssl=1&resize=525%2C300 1.5x, https:\/\/i0.wp.com\/blog.kunstgriff.net\/wp-content\/uploads\/2010\/07\/Bild0386.jpg?fit=900%2C675&ssl=1&resize=700%2C400 2x"},"classes":[]},{"id":5158,"url":"https:\/\/blog.kunstgriff.net\/?p=5158","url_meta":{"origin":286,"position":2},"title":"8-Br\u00fccken-Feierabendrunde reloaded","author":"Georg","date":"Juni 28, 2011","format":false,"excerpt":"oder \u00bbRadfahren macht immer noch Spass!\u00ab Nach 72 Stunden Erholung von Fichkona wollte ich mal sehen ob Radfahren immer noch Spass macht und ob mein K\u00f6rper mit der Bewegung noch klar kommt. Alles einwandfrei und die ersten Meter f\u00fchlten sich gleich klasse an, keine Schmerzen - so muss das sein!\u2026","rel":"","context":"In &quot;Radfahren&quot;","block_context":{"text":"Radfahren","link":"https:\/\/blog.kunstgriff.net\/?cat=14"},"img":{"alt_text":"","src":"","width":0,"height":0},"classes":[]},{"id":6268,"url":"https:\/\/blog.kunstgriff.net\/?p=6268","url_meta":{"origin":286,"position":3},"title":"RTF \u00bbJenseits der Havel\u00ab","author":"Georg","date":"Oktober 16, 2011","format":false,"excerpt":"oder \u00bbSchon lange nicht mehr Rad gefahren\u00ab Um 9:15 Uhr war ich mit Christine und Alexander in der U-Bahn nach Spandau verabredet, um heute die letzte RTF des Jahres 2011, \u00bbJenseits der Havel\u00ab vom RSV-Spandau, zu fahren. Meine Beine waren von der gestrigen Fahrt allerdings schwer und kraftlos. Auch das\u2026","rel":"","context":"In &quot;Radfahren&quot;","block_context":{"text":"Radfahren","link":"https:\/\/blog.kunstgriff.net\/?cat=14"},"img":{"alt_text":"","src":"https:\/\/i0.wp.com\/blog.kunstgriff.net\/wp-content\/uploads\/2011\/10\/Vor-dem-Start.jpg?resize=350%2C200","width":350,"height":200,"srcset":"https:\/\/i0.wp.com\/blog.kunstgriff.net\/wp-content\/uploads\/2011\/10\/Vor-dem-Start.jpg?resize=350%2C200 1x, https:\/\/i0.wp.com\/blog.kunstgriff.net\/wp-content\/uploads\/2011\/10\/Vor-dem-Start.jpg?resize=525%2C300 1.5x, https:\/\/i0.wp.com\/blog.kunstgriff.net\/wp-content\/uploads\/2011\/10\/Vor-dem-Start.jpg?resize=700%2C400 2x"},"classes":[]},{"id":4679,"url":"https:\/\/blog.kunstgriff.net\/?p=4679","url_meta":{"origin":286,"position":4},"title":"Golzow-Runde","author":"Georg","date":"Mai 27, 2011","format":false,"excerpt":"oder \u00bb190 km auf dem Rad in bester Begleitung\u00abUm 9 Uhr war ich heute mit Isabell, Andi S., Dirk P. und Dirk S. auf der Br\u00fccke am S-Bhf. Heerstra\u00dfe zu meiner langen Runde verabredet. Um kurz nach 9 ging es los Richtung Westen. Mit Andi musste ich eine Weile plaudern,\u2026","rel":"","context":"In &quot;Radfahren&quot;","block_context":{"text":"Radfahren","link":"https:\/\/blog.kunstgriff.net\/?cat=14"},"img":{"alt_text":"","src":"","width":0,"height":0},"classes":[]},{"id":5929,"url":"https:\/\/blog.kunstgriff.net\/?p=5929","url_meta":{"origin":286,"position":5},"title":"Radmarathon \u00bbVon Britz zum Fl\u00e4ming\u00ab 2011","author":"Georg","date":"September 17, 2011","format":false,"excerpt":"oder \"Wo alles begann\"Heute war wieder der Radmarathon dran, mein Klassiker. Vor 6 Jahren bin ich hier meine erste RTF gefahren. An den Marathon habe ich mich damals noch nicht heran gewagt. Dieses Jahr fahre ich nun den Marathon zum 5. mal in in Folge. Die Vorfreude war gro\u00df und\u2026","rel":"","context":"In &quot;200er&quot;","block_context":{"text":"200er","link":"https:\/\/blog.kunstgriff.net\/?cat=48"},"img":{"alt_text":"","src":"https:\/\/i0.wp.com\/blog.kunstgriff.net\/wp-content\/uploads\/2011\/09\/Kurz-vor-dem-Start-Christoph-Ruden-Schule.jpg?resize=350%2C200","width":350,"height":200,"srcset":"https:\/\/i0.wp.com\/blog.kunstgriff.net\/wp-content\/uploads\/2011\/09\/Kurz-vor-dem-Start-Christoph-Ruden-Schule.jpg?resize=350%2C200 1x, https:\/\/i0.wp.com\/blog.kunstgriff.net\/wp-content\/uploads\/2011\/09\/Kurz-vor-dem-Start-Christoph-Ruden-Schule.jpg?resize=525%2C300 1.5x, https:\/\/i0.wp.com\/blog.kunstgriff.net\/wp-content\/uploads\/2011\/09\/Kurz-vor-dem-Start-Christoph-Ruden-Schule.jpg?resize=700%2C400 2x"},"classes":[]}],"jetpack_likes_enabled":true,"jetpack_sharing_enabled":true,"_links":{"self":[{"href":"https:\/\/blog.kunstgriff.net\/index.php?rest_route=\/wp\/v2\/posts\/286","targetHints":{"allow":["GET"]}}],"collection":[{"href":"https:\/\/blog.kunstgriff.net\/index.php?rest_route=\/wp\/v2\/posts"}],"about":[{"href":"https:\/\/blog.kunstgriff.net\/index.php?rest_route=\/wp\/v2\/types\/post"}],"author":[{"embeddable":true,"href":"https:\/\/blog.kunstgriff.net\/index.php?rest_route=\/wp\/v2\/users\/2"}],"replies":[{"embeddable":true,"href":"https:\/\/blog.kunstgriff.net\/index.php?rest_route=%2Fwp%2Fv2%2Fcomments&post=286"}],"version-history":[{"count":0,"href":"https:\/\/blog.kunstgriff.net\/index.php?rest_route=\/wp\/v2\/posts\/286\/revisions"}],"wp:featuredmedia":[{"embeddable":true,"href":"https:\/\/blog.kunstgriff.net\/index.php?rest_route=\/wp\/v2\/media\/297"}],"wp:attachment":[{"href":"https:\/\/blog.kunstgriff.net\/index.php?rest_route=%2Fwp%2Fv2%2Fmedia&parent=286"}],"wp:term":[{"taxonomy":"category","embeddable":true,"href":"https:\/\/blog.kunstgriff.net\/index.php?rest_route=%2Fwp%2Fv2%2Fcategories&post=286"},{"taxonomy":"post_tag","embeddable":true,"href":"https:\/\/blog.kunstgriff.net\/index.php?rest_route=%2Fwp%2Fv2%2Ftags&post=286"}],"curies":[{"name":"wp","href":"https:\/\/api.w.org\/{rel}","templated":true}]}}