{"id":323,"date":"2009-11-14T15:21:55","date_gmt":"2009-11-14T14:21:55","guid":{"rendered":"http:\/\/blog.kunstgriff.net\/?p=323"},"modified":"2017-06-15T13:49:10","modified_gmt":"2017-06-15T11:49:10","slug":"nordrunde-in-netter-begleitung","status":"publish","type":"post","link":"https:\/\/blog.kunstgriff.net\/?p=323","title":{"rendered":"Nordrunde in netter Begleitung"},"content":{"rendered":"<span class=\"span-reading-time rt-reading-time\" style=\"display: block;\"><span class=\"rt-label rt-prefix\">Lesezeit: <\/span> <span class=\"rt-time\"> &lt; 1<\/span> <span class=\"rt-label rt-postfix\">Minute<\/span><\/span><p>Nach einer ereignisreichen Wochen ohne eine einziges mal auf den Rad gesessen zu haben, war die Vorfreude gro\u00dfe auf eine Tour mit gleich-gesinnten Rennrad-Enthusiasten.<\/p>\n<p>Sotraf ich Wolfgang, der die Tour organisierte, Oliver und noch ein paar anderen Radler um Viertel nach Zehn in Tegel zu einer Runde n\u00f6rdlich von Berlin.<\/p>\n<p>Es ging sch\u00f6n mit R\u00fcckenwind raus in Richtung Velten. Wolfgang wies uns vorbildlich auf die Gefahr einer sehr schr\u00e4g verlaufenden Bahngleises im Industriegebiet von Velten hin. Aber leider passierte trotzdem ein Sturz: Direkt vor mir \u00fcberfuhr ein Mitfahrer die Gleise nicht im richtigen WInkel und rutschte weg.<\/p>\n<p>Zum Gl\u00fcck ist nicht wirklich etwas passiert. Sicher auch weil die Stra\u00dfen noch nass waren und man darauf einfach besser rutscht und nicht so stumpf f\u00e4llt. Nach kurzer Pause ging es dann auch gleich weiter, denn wir sollten noch auf Mike aus Leegebruch und seinen Schwager treffen. Diesen war unser Tempo nach kurzer Mitfahrt aber wohl zu hoch, und so verloren wir sie hinter Oranienburg auf dem Weg nach Bernau.<\/p>\n<p>Hinter Sch\u00f6nwalde konnten wir uns bei fr\u00fchherbstlichen 12\u00b0C auf den verkehrsarmen Stra\u00dfen austoben und ein paar Tempowellen fahren.<\/p>\n<p>Es ist Immer wieder erstaunlich, welchen Einfluss die Temperaturen auf die Durchschnittsgeschwindigkeit haben: Es wird um so schneller, je w\u00e4rmer es ist.<\/p>\n<p>Morgen wird wieder gefahren! Das Wetter muss ich einfach ausnutzen. Wo &#8211; <em>Nord<\/em> oder <em>S\u00fcd<\/em> &#8211; weiss ich noch nicht. Es gibt f\u00fcr beide Richtungen schon Tourenangebote.<\/p>\n<p><iframe height='405' width='590' frameborder='0' allowtransparency='true' scrolling='no' src='https:\/\/www.strava.com\/activities\/698669941\/embed\/0106fe4a37e13a756b2ea5350d99fcca7aff3c85'><\/iframe><\/p>\n","protected":false},"excerpt":{"rendered":"<p>Nach einer ereignisreichen Wochen ohne eine einziges mal auf den Rad gesessen zu haben, war die Vorfreude gro\u00dfe auf eine Tour mit gleich-gesinnten Rennrad-Enthusiasten. Sotraf ich Wolfgang, der die Tour organisierte, Oliver und noch ein paar anderen Radler um Viertel nach Zehn in Tegel zu einer Runde n\u00f6rdlich von Berlin. Es ging sch\u00f6n mit R\u00fcckenwind &hellip; <\/p>\n<p class=\"link-more\"><a href=\"https:\/\/blog.kunstgriff.net\/?p=323\" class=\"more-link\"><span class=\"screen-reader-text\">\u201eNordrunde in netter Begleitung\u201c <\/span>weiterlesen<\/a><\/p>\n","protected":false},"author":2,"featured_media":0,"comment_status":"open","ping_status":"open","sticky":false,"template":"","format":"standard","meta":{"jetpack_post_was_ever_published":false,"_jetpack_newsletter_access":"","_jetpack_dont_email_post_to_subs":false,"_jetpack_newsletter_tier_id":0,"_jetpack_memberships_contains_paywalled_content":false,"_jetpack_memberships_contains_paid_content":false,"footnotes":""},"categories":[14,7],"tags":[],"class_list":["post-323","post","type-post","status-publish","format-standard","hentry","category-radfahren","category-rennradfahren"],"jetpack_featured_media_url":"","jetpack_shortlink":"https:\/\/wp.me\/p8Cxe7-5d","jetpack-related-posts":[{"id":1924,"url":"https:\/\/blog.kunstgriff.net\/?p=1924","url_meta":{"origin":323,"position":0},"title":"Feierabendrunde Nonne->Kremmen","author":"Georg","date":"Juli 1, 2010","format":false,"excerpt":"oder \"Die ersten knapp 90 im Juli\"Heute war ich unentschlossen, welche Runde ich fahren sollte: Zum einen boten die Havellandriders eine Tour mit anschlie\u00dfendem Eisessen an, welche sehr verlockend klang, mir aber mit Start ab Rathaus Falkensee um 18:30 Uhr zu sp\u00e4t und mit 40 km zu kurz war. Erfreulicherweise\u2026","rel":"","context":"In &quot;Radfahren&quot;","block_context":{"text":"Radfahren","link":"https:\/\/blog.kunstgriff.net\/?cat=14"},"img":{"alt_text":"","src":"","width":0,"height":0},"classes":[]},{"id":2117,"url":"https:\/\/blog.kunstgriff.net\/?p=2117","url_meta":{"origin":323,"position":1},"title":"Werbellinsee-Runde","author":"Georg","date":"Juli 31, 2010","format":false,"excerpt":"oder \"Gehen die 2.000 doch noch im Juli?\"Mike hatte auf rennrad-news.de zu dieser sch\u00f6nen langen Runde ausgerufen und Tom, Eric, Alexander, Wolfgang H. und Frank wollten mitfahren. Da ich mit dieser netten Truppe schon lange nicht mehr geradelt bin, war das die Gelegenheit viele Kilometer in sehr netter Gesellschaft zu\u2026","rel":"","context":"In &quot;Radfahren&quot;","block_context":{"text":"Radfahren","link":"https:\/\/blog.kunstgriff.net\/?cat=14"},"img":{"alt_text":"ZielJuli2010","src":"https:\/\/i0.wp.com\/blog.kunstgriff.net\/Bilda\/ZielJuli2010.png?resize=350%2C200","width":350,"height":200},"classes":[]},{"id":7069,"url":"https:\/\/blog.kunstgriff.net\/?p=7069","url_meta":{"origin":323,"position":2},"title":"Kleine Grenzsteintrophy &#8211; ein Versuch","author":"Georg","date":"Dezember 30, 2011","format":false,"excerpt":"oder \u00bbImmer auf dem Mauerstreifen lang\u00abIm MTB-Forum wurde f\u00fcr den 30.12. eine Tour entlang des ehemaligen Grenzstreifens, welcher West-Berlin von der DDR und der Hauptstadt der DDR trennte, angeboten. Eine f\u00fcr mich interessante Streckenf\u00fchrung die ich so noch nie gefahren bin und noch auf\u2019m Zettel hatte. 160 Kilometer rund um\u2026","rel":"","context":"In &quot;Besonderes Ereignis&quot;","block_context":{"text":"Besonderes Ereignis","link":"https:\/\/blog.kunstgriff.net\/?cat=25"},"img":{"alt_text":"","src":"","width":0,"height":0},"classes":[]},{"id":529,"url":"https:\/\/blog.kunstgriff.net\/?p=529","url_meta":{"origin":323,"position":3},"title":"lange Herbstrunde um den Werbelinsee","author":"Georg","date":"Dezember 5, 2009","format":false,"excerpt":"Irgendwie konnte ich mich fast gar nicht aufraffen um heute eine Tour zu fahren. Zum Einen liegt mir die Anfahrt nach Pankow durch die Stadt nicht sonderlich, zum Anderen machte der Blick auf den Au\u00dfenthermometer die Sache auch nicht einfacher: 2\u00b0C. Also ich dann um 9 Uhr zum B\u00e4cker ging\u2026","rel":"","context":"In &quot;Garmin&quot;","block_context":{"text":"Garmin","link":"https:\/\/blog.kunstgriff.net\/?cat=35"},"img":{"alt_text":"","src":"","width":0,"height":0},"classes":[]},{"id":15579,"url":"https:\/\/blog.kunstgriff.net\/?p=15579","url_meta":{"origin":323,"position":4},"title":"Pankow \u2013 \u00dcckeritz mit der \u00bbCakeG\u00e4ng\u00ab","author":"Georg","date":"Mai 20, 2017","format":false,"excerpt":"\u00bbEin Tag am Meer\u00ab Die ganze Woche schon war ich nicht nur wegen meines Urlaubs voller Vorfreude, nein auch die legend\u00e4re Usedom-Tour stand am Samstag mit der \u00bbCakeG\u00e4ng\u00ab auf dem Programm. Um kurz nach vier erwachte ich v\u00f6llig ohne Wecker und voller Tatentdrang aus einer traumlosen Nacht. M\u00fcsli und Kaffee\u2026","rel":"","context":"In &quot;200er&quot;","block_context":{"text":"200er","link":"https:\/\/blog.kunstgriff.net\/?cat=48"},"img":{"alt_text":"","src":"https:\/\/i0.wp.com\/blog.kunstgriff.net\/wp-content\/uploads\/2017\/05\/Wellen-dr%C3%BCcken-mit-den-Damen.jpg?fit=1200%2C800&ssl=1&resize=350%2C200","width":350,"height":200,"srcset":"https:\/\/i0.wp.com\/blog.kunstgriff.net\/wp-content\/uploads\/2017\/05\/Wellen-dr%C3%BCcken-mit-den-Damen.jpg?fit=1200%2C800&ssl=1&resize=350%2C200 1x, https:\/\/i0.wp.com\/blog.kunstgriff.net\/wp-content\/uploads\/2017\/05\/Wellen-dr%C3%BCcken-mit-den-Damen.jpg?fit=1200%2C800&ssl=1&resize=525%2C300 1.5x, https:\/\/i0.wp.com\/blog.kunstgriff.net\/wp-content\/uploads\/2017\/05\/Wellen-dr%C3%BCcken-mit-den-Damen.jpg?fit=1200%2C800&ssl=1&resize=700%2C400 2x, https:\/\/i0.wp.com\/blog.kunstgriff.net\/wp-content\/uploads\/2017\/05\/Wellen-dr%C3%BCcken-mit-den-Damen.jpg?fit=1200%2C800&ssl=1&resize=1050%2C600 3x"},"classes":[]},{"id":5620,"url":"https:\/\/blog.kunstgriff.net\/?p=5620","url_meta":{"origin":323,"position":5},"title":"Werbellinsee-Runde reloaded","author":"Georg","date":"August 21, 2011","format":false,"excerpt":"oder \u00bbWieder so eine sch\u00f6ne Runde wie in 2010?\u00abVor fast genau einem Jahr sind wir diese Runde klasse Runde um den See im hohen Osten schon gefahren. Mitte der Woche annoncierte Mike dann wieder diese Runde und mir war klar, das ich wieder dabei sein werde. Es gab drei Treffpunkte:\u2026","rel":"","context":"In &quot;200er&quot;","block_context":{"text":"200er","link":"https:\/\/blog.kunstgriff.net\/?cat=48"},"img":{"alt_text":"","src":"https:\/\/i0.wp.com\/blog.kunstgriff.net\/wp-content\/uploads\/2011\/08\/Schwitzen-am-Werbellinsee.jpg?resize=350%2C200","width":350,"height":200,"srcset":"https:\/\/i0.wp.com\/blog.kunstgriff.net\/wp-content\/uploads\/2011\/08\/Schwitzen-am-Werbellinsee.jpg?resize=350%2C200 1x, https:\/\/i0.wp.com\/blog.kunstgriff.net\/wp-content\/uploads\/2011\/08\/Schwitzen-am-Werbellinsee.jpg?resize=525%2C300 1.5x"},"classes":[]}],"jetpack_likes_enabled":true,"jetpack_sharing_enabled":true,"_links":{"self":[{"href":"https:\/\/blog.kunstgriff.net\/index.php?rest_route=\/wp\/v2\/posts\/323","targetHints":{"allow":["GET"]}}],"collection":[{"href":"https:\/\/blog.kunstgriff.net\/index.php?rest_route=\/wp\/v2\/posts"}],"about":[{"href":"https:\/\/blog.kunstgriff.net\/index.php?rest_route=\/wp\/v2\/types\/post"}],"author":[{"embeddable":true,"href":"https:\/\/blog.kunstgriff.net\/index.php?rest_route=\/wp\/v2\/users\/2"}],"replies":[{"embeddable":true,"href":"https:\/\/blog.kunstgriff.net\/index.php?rest_route=%2Fwp%2Fv2%2Fcomments&post=323"}],"version-history":[{"count":0,"href":"https:\/\/blog.kunstgriff.net\/index.php?rest_route=\/wp\/v2\/posts\/323\/revisions"}],"wp:attachment":[{"href":"https:\/\/blog.kunstgriff.net\/index.php?rest_route=%2Fwp%2Fv2%2Fmedia&parent=323"}],"wp:term":[{"taxonomy":"category","embeddable":true,"href":"https:\/\/blog.kunstgriff.net\/index.php?rest_route=%2Fwp%2Fv2%2Fcategories&post=323"},{"taxonomy":"post_tag","embeddable":true,"href":"https:\/\/blog.kunstgriff.net\/index.php?rest_route=%2Fwp%2Fv2%2Ftags&post=323"}],"curies":[{"name":"wp","href":"https:\/\/api.w.org\/{rel}","templated":true}]}}