{"id":3595,"date":"2011-02-12T15:26:53","date_gmt":"2011-02-12T14:26:53","guid":{"rendered":"http:\/\/blog.kunstgriff.net\/?p=3595"},"modified":"2017-06-13T12:41:59","modified_gmt":"2017-06-13T10:41:59","slug":"r1-beelitz-runde","status":"publish","type":"post","link":"https:\/\/blog.kunstgriff.net\/?p=3595","title":{"rendered":"R1-Beelitz-Runde"},"content":{"rendered":"<span class=\"span-reading-time rt-reading-time\" style=\"display: block;\"><span class=\"rt-label rt-prefix\">Lesezeit: <\/span> <span class=\"rt-time\"> 2<\/span> <span class=\"rt-label rt-postfix\">Minuten<\/span><\/span><h4>oder \u00bbErste Ausfahrt 2011\u00ab<\/h4>\n<hr \/>\n<p>F\u00fcr heute waren kalte 0\u00b0C aber Sonnenschein und Trockenheit vorhergesagt. Genau das richtige Wetter um meine erste Ausfahrt in 2011 mit meinem neuen Renner zu wagen. Diesen wollte ich ja vor S\u00fcdafrika in 25 Tagen noch ausgiebig auf der Stra\u00dfe testen.<\/p>\n<p>Die richtige Sattelh\u00f6he war schnell bestimmt und so konnte es mit neuem Renner und neuem <a href=\"http:\/\/www.amazon.de\/gp\/product\/B00424LN5G\/ref=as_li_ss_tl?ie=UTF8&amp;tag=gaba08-21&amp;linkCode=as2&amp;camp=1638&amp;creative=19454&amp;creativeASIN=B00424LN5G\">Garmin Edge 800<\/a><img loading=\"lazy\" decoding=\"async\" style=\"border: none !important; margin: 0px !important;\" src=\"http:\/\/www.assoc-amazon.de\/e\/ir?t=&amp;l=as2&amp;o=3&amp;a=B00424LN5G\" alt=\"\" width=\"1\" height=\"1\" border=\"0\" \/> auf <em>Jungfernfahrt<\/em> gehen. Das Cannondale Caad 9 mit der neuen <a href=\"http:\/\/bike.shimano.com\/publish\/content\/global_cycle\/en\/us\/index\/products\/road\/ultegra_6700.html\" target=\"_blank\" rel=\"noopener\">Ultegra Gruppe<\/a> und den neuen <a href=\"http:\/\/www.mavic.com\/en\/product\/wheels\/road-triathlon\/wheels\/Cosmic-Elite\" target=\"_blank\" rel=\"noopener\">Mavic Cosmic Elite<\/a> Felgen f\u00fchlte sich gleich auf den ersten Metern hervorragend an: Alles passte, der Vortrieb war grandios und auch die Schaltung verrichtete ihre Arbeit knackig und pr\u00e4zise.<\/p>\n<p>So war es kein Problem p\u00fcnktlich um 10 Uhr am Auerbachtunnel zu sein. Stefan, Uwe und Zeljo warteten schon, Christoph R. und Jan waren auch p\u00fcnktlich dort. Um kurz nach 10 ging es los in Richtung Potsdam.<\/p>\n<p>Wir hatten richtig Spass an der gemeinsamen Ausfahrt und ich freute mich sehr \u00fcber die tolle Gemeinschaft, welche ich auf den vielen einsamen Ergometerstunden wirklich vermisst habe, den Sonnenschein und die Bewegung auf meinem neuen <em>Ride.<\/em><\/p>\n<p style=\"text-align: center;\"><em><a href=\"https:\/\/i0.wp.com\/blog.kunstgriff.net\/wp-content\/uploads\/2011\/02\/4ManGroup.jpg\"><img data-recalc-dims=\"1\" loading=\"lazy\" decoding=\"async\" data-attachment-id=\"3617\" data-permalink=\"https:\/\/blog.kunstgriff.net\/?attachment_id=3617\" data-orig-file=\"https:\/\/i0.wp.com\/blog.kunstgriff.net\/wp-content\/uploads\/2011\/02\/4ManGroup.jpg?fit=720%2C537&amp;ssl=1\" data-orig-size=\"720,537\" data-comments-opened=\"1\" data-image-meta=\"{&quot;aperture&quot;:&quot;0&quot;,&quot;credit&quot;:&quot;&quot;,&quot;camera&quot;:&quot;&quot;,&quot;caption&quot;:&quot;&quot;,&quot;created_timestamp&quot;:&quot;0&quot;,&quot;copyright&quot;:&quot;&quot;,&quot;focal_length&quot;:&quot;0&quot;,&quot;iso&quot;:&quot;0&quot;,&quot;shutter_speed&quot;:&quot;0&quot;,&quot;title&quot;:&quot;&quot;}\" data-image-title=\"4ManGroup\" data-image-description=\"\" data-image-caption=\"\" data-large-file=\"https:\/\/i0.wp.com\/blog.kunstgriff.net\/wp-content\/uploads\/2011\/02\/4ManGroup.jpg?fit=720%2C537&amp;ssl=1\" class=\"aligncenter wp-image-3617 size-full\" title=\"4ManGroup\" src=\"https:\/\/i0.wp.com\/blog.kunstgriff.net\/wp-content\/uploads\/2011\/02\/4ManGroup.jpg?resize=525%2C392\" width=\"525\" height=\"392\" srcset=\"https:\/\/i0.wp.com\/blog.kunstgriff.net\/wp-content\/uploads\/2011\/02\/4ManGroup.jpg?w=720&amp;ssl=1 720w, https:\/\/i0.wp.com\/blog.kunstgriff.net\/wp-content\/uploads\/2011\/02\/4ManGroup.jpg?resize=300%2C223&amp;ssl=1 300w\" sizes=\"auto, (max-width: 525px) 100vw, 525px\" \/><\/a><br \/>\n<\/em><\/p>\n<p>In Ferch entschieden wir spontan noch den R1 Radweg nach Beelitz zu nehmen, eigentlich wollten wir nur die Schwielowsee-Runde fahren, aber das Wetter und die Stra\u00dfen waren einfach zu genial heute um nur eine kurze Runde zu fahren.<\/p>\n<p>Nach 3:45h erreichten wir fast gemeinsam den Willy &#8211; Uwe hatte sich schon vorher verabschiedet &#8211; und fuhren noch die Havelchaussee und das Postfenn, bevor wir uns am S-Bhf. Heerstra\u00dfe trennten und jeder seinen Nachhauseweg antrat.<\/p>\n<p>Eine ganz tolle Ausfahrt mit echten Kettenbr\u00fcdern. Ich habe viel geplaudert und gelacht. Das ist doch ein ganz anderes Erlebnis als alleine zuhause auf dem Ergometer Kilometer zu b\u00fcgeln. <em>Hoffentlich bleibt das Wetter so!<\/em><\/p>\n<p style=\"text-align: center;\"><em><a href=\"https:\/\/i0.wp.com\/blog.kunstgriff.net\/wp-content\/uploads\/2011\/02\/Caad9.jpg\"><img data-recalc-dims=\"1\" loading=\"lazy\" decoding=\"async\" data-attachment-id=\"3608\" data-permalink=\"https:\/\/blog.kunstgriff.net\/?attachment_id=3608\" data-orig-file=\"https:\/\/i0.wp.com\/blog.kunstgriff.net\/wp-content\/uploads\/2011\/02\/Caad9.jpg?fit=%2C&amp;ssl=1\" data-orig-size=\"\" data-comments-opened=\"1\" data-image-meta=\"[]\" data-image-title=\"Caad9\" data-image-description=\"\" data-image-caption=\"\" data-large-file=\"https:\/\/i0.wp.com\/blog.kunstgriff.net\/wp-content\/uploads\/2011\/02\/Caad9.jpg?ssl=1\" class=\"aligncenter wp-image-3608 size-full\" title=\"Caad9\" src=\"https:\/\/i0.wp.com\/blog.kunstgriff.net\/wp-content\/uploads\/2011\/02\/Caad9.jpg?resize=518%2C389\" width=\"518\" height=\"389\" \/><\/a><br \/>\n<\/em><\/p>\n<p><iframe loading=\"lazy\" src=\"https:\/\/www.strava.com\/activities\/13532716\/embed\/b958c6c744316f3ecadbab187f52408e4b58f929\" width=\"590\" height=\"405\" frameborder=\"0\" scrolling=\"no\"><\/iframe><\/p>\n","protected":false},"excerpt":{"rendered":"<p>oder \u00bbErste Ausfahrt 2011\u00ab F\u00fcr heute waren kalte 0\u00b0C aber Sonnenschein und Trockenheit vorhergesagt. Genau das richtige Wetter um meine erste Ausfahrt in 2011 mit meinem neuen Renner zu wagen. Diesen wollte ich ja vor S\u00fcdafrika in 25 Tagen noch ausgiebig auf der Stra\u00dfe testen. Die richtige Sattelh\u00f6he war schnell bestimmt und so konnte es &hellip; <\/p>\n<p class=\"link-more\"><a href=\"https:\/\/blog.kunstgriff.net\/?p=3595\" class=\"more-link\"><span class=\"screen-reader-text\">\u201eR1-Beelitz-Runde\u201c <\/span>weiterlesen<\/a><\/p>\n","protected":false},"author":2,"featured_media":3617,"comment_status":"open","ping_status":"open","sticky":false,"template":"","format":"standard","meta":{"jetpack_post_was_ever_published":false,"_jetpack_newsletter_access":"","_jetpack_dont_email_post_to_subs":false,"_jetpack_newsletter_tier_id":0,"_jetpack_memberships_contains_paywalled_content":false,"_jetpack_memberships_contains_paid_content":false,"footnotes":""},"categories":[35,14],"tags":[],"class_list":["post-3595","post","type-post","status-publish","format-standard","has-post-thumbnail","hentry","category-garmin","category-radfahren"],"jetpack_featured_media_url":"https:\/\/i0.wp.com\/blog.kunstgriff.net\/wp-content\/uploads\/2011\/02\/4ManGroup.jpg?fit=720%2C537&ssl=1","jetpack_shortlink":"https:\/\/wp.me\/p8Cxe7-VZ","jetpack-related-posts":[{"id":1313,"url":"https:\/\/blog.kunstgriff.net\/?p=1313","url_meta":{"origin":3595,"position":0},"title":"Zum Radrennen nach Buckow","author":"Georg","date":"Mai 9, 2010","format":false,"excerpt":"Nachdem ich, bedingt durch Svens Geburtstagsfeier, erst nach 2 Uhr ins Bett gekommen bin, wurde heute bis 10 Uhr ausgeschlafen. Kaum waren die Augendecke auf, war ich allerdings voller Tatendrang, denn ich wusste das heute um 14 Uhr in Buckow, in der M\u00e4rkischen Schweiz ein Radrennen stattfinden w\u00fcrde, an welchem\u2026","rel":"","context":"In &quot;Allgemein&quot;","block_context":{"text":"Allgemein","link":"https:\/\/blog.kunstgriff.net\/?cat=1"},"img":{"alt_text":"","src":"","width":0,"height":0},"classes":[]},{"id":12037,"url":"https:\/\/blog.kunstgriff.net\/?p=12037","url_meta":{"origin":3595,"position":1},"title":"P\u00e4wesin-Runde","author":"Georg","date":"August 2, 2014","format":false,"excerpt":"oder \u00bbZum Backwahn ins Havelland\u00ab Nach gef\u00fchlten Jahren an Rennrad-Abstinenz war es heute endlich wieder so weit und ich konnte auf die Jungfernfahrt mit meinem neu aufgebauten Rad gehen. Zu erst einmal wollte ich alleine Fahren, nicht nur wegen des neuen Renners, auch wegen des desolaten Fitness-Standes, wollte ich mich\u2026","rel":"","context":"In &quot;Radfahren&quot;","block_context":{"text":"Radfahren","link":"https:\/\/blog.kunstgriff.net\/?cat=14"},"img":{"alt_text":"","src":"https:\/\/i0.wp.com\/blog.kunstgriff.net\/wp-content\/uploads\/2014\/08\/Das-Korn-ist-geerntet.jpg?fit=1200%2C900&ssl=1&resize=350%2C200","width":350,"height":200,"srcset":"https:\/\/i0.wp.com\/blog.kunstgriff.net\/wp-content\/uploads\/2014\/08\/Das-Korn-ist-geerntet.jpg?fit=1200%2C900&ssl=1&resize=350%2C200 1x, https:\/\/i0.wp.com\/blog.kunstgriff.net\/wp-content\/uploads\/2014\/08\/Das-Korn-ist-geerntet.jpg?fit=1200%2C900&ssl=1&resize=525%2C300 1.5x, https:\/\/i0.wp.com\/blog.kunstgriff.net\/wp-content\/uploads\/2014\/08\/Das-Korn-ist-geerntet.jpg?fit=1200%2C900&ssl=1&resize=700%2C400 2x, https:\/\/i0.wp.com\/blog.kunstgriff.net\/wp-content\/uploads\/2014\/08\/Das-Korn-ist-geerntet.jpg?fit=1200%2C900&ssl=1&resize=1050%2C600 3x"},"classes":[]},{"id":13356,"url":"https:\/\/blog.kunstgriff.net\/?p=13356","url_meta":{"origin":3595,"position":2},"title":"Viertel-Vor-Zehn-Gruppen-S\u00fcd-Runde","author":"Georg","date":"April 30, 2016","format":false,"excerpt":"oder \u00bbErste Ausfahrt mit dem neuen CAAD 12\u00abDie Ausfahrt heute in die Kategorie \"Besonderes Ereignis\" zu legen\u00a0ist vielleicht ein wenig \u00fcbertrieben, aber wenn ich die Jungfernfahrt mit meinem neuen Rennrad mache, gilt das glaube ich schon. Ohne viel Zeit auf die richtige Sitzposition zu verschwenden ging es gleich Richtung Auerbachtunnel\u2026","rel":"","context":"In &quot;Besonderes Ereignis&quot;","block_context":{"text":"Besonderes Ereignis","link":"https:\/\/blog.kunstgriff.net\/?cat=25"},"img":{"alt_text":"","src":"","width":0,"height":0},"classes":[]},{"id":15468,"url":"https:\/\/blog.kunstgriff.net\/?p=15468","url_meta":{"origin":3595,"position":3},"title":"Mit den Tiris nach Trebbin","author":"Georg","date":"April 29, 2017","format":false,"excerpt":"\u00bbk\u00fchler 100er\u00ab Zwei Touren waren im Angebot, ich entschloss mich f\u00fcr die Tiri-Bande. Nach dem vergangenen, eher durchwachsenen beiderseitigem \u00bbFahrvergn\u00fcgen\u00ab, wollte ich es heute noch einmal probieren. Gute Entscheidung, wie sich sp\u00e4ter herausstellte. Denn wenn man diszipliniertes Gruppenfahren lernen oder vertiefen m\u00f6chte, ist man hier richtig. Also auf ein neues.\u2026","rel":"","context":"In &quot;Cake-Ride&quot;","block_context":{"text":"Cake-Ride","link":"https:\/\/blog.kunstgriff.net\/?cat=34"},"img":{"alt_text":"","src":"https:\/\/i0.wp.com\/blog.kunstgriff.net\/wp-content\/uploads\/2017\/04\/Brandenburg.jpg?fit=1200%2C800&ssl=1&resize=350%2C200","width":350,"height":200,"srcset":"https:\/\/i0.wp.com\/blog.kunstgriff.net\/wp-content\/uploads\/2017\/04\/Brandenburg.jpg?fit=1200%2C800&ssl=1&resize=350%2C200 1x, https:\/\/i0.wp.com\/blog.kunstgriff.net\/wp-content\/uploads\/2017\/04\/Brandenburg.jpg?fit=1200%2C800&ssl=1&resize=525%2C300 1.5x, https:\/\/i0.wp.com\/blog.kunstgriff.net\/wp-content\/uploads\/2017\/04\/Brandenburg.jpg?fit=1200%2C800&ssl=1&resize=700%2C400 2x, https:\/\/i0.wp.com\/blog.kunstgriff.net\/wp-content\/uploads\/2017\/04\/Brandenburg.jpg?fit=1200%2C800&ssl=1&resize=1050%2C600 3x"},"classes":[]},{"id":567,"url":"https:\/\/blog.kunstgriff.net\/?p=567","url_meta":{"origin":3595,"position":4},"title":"Garmin &#8211; I love you!","author":"Georg","date":"Dezember 14, 2009","format":false,"excerpt":"Achtung: Es folgt eine recht technische Abhandlung - weiterlesen auf eigene Gefahr! Nach dem Update auf Snow Leopard aka 10.6 vor drei Monaten lief auf einmal RoadTrip nicht mehr richtig. RoadTrip ist eine f\u00fcr mich sehr wichtige Software um Routen auf dem Mac zu planen um sie dann auf den\u2026","rel":"","context":"In &quot;Garmin&quot;","block_context":{"text":"Garmin","link":"https:\/\/blog.kunstgriff.net\/?cat=35"},"img":{"alt_text":"","src":"","width":0,"height":0},"classes":[]},{"id":23342,"url":"https:\/\/blog.kunstgriff.net\/?p=23342","url_meta":{"origin":3595,"position":5},"title":"Mallorca 2023","author":"Georg","date":"Mai 2, 2023","format":false,"excerpt":"oder bestes Training\u2122 und hammer Urlaub Einige haben mich bereits gefragt, warum ich denn auf Mallorca bin und es keine t\u00e4glichen Blog-Beitr\u00e4ge mehr von mir gibt. Dieses Jahr habe ich mich bewusst dagegen entschieden, jeden Tag zu dokumentieren. Ich wollte frei vom Druck sein, nach jeder Ausfahrt in die Tasten\u2026","rel":"","context":"In &quot;Cake-Ride&quot;","block_context":{"text":"Cake-Ride","link":"https:\/\/blog.kunstgriff.net\/?cat=34"},"img":{"alt_text":"Cap Formentor","src":"https:\/\/i0.wp.com\/blog.kunstgriff.net\/wp-content\/uploads\/2023\/05\/Cap-Formentor.jpeg?fit=1200%2C900&ssl=1&resize=350%2C200","width":350,"height":200,"srcset":"https:\/\/i0.wp.com\/blog.kunstgriff.net\/wp-content\/uploads\/2023\/05\/Cap-Formentor.jpeg?fit=1200%2C900&ssl=1&resize=350%2C200 1x, https:\/\/i0.wp.com\/blog.kunstgriff.net\/wp-content\/uploads\/2023\/05\/Cap-Formentor.jpeg?fit=1200%2C900&ssl=1&resize=525%2C300 1.5x, https:\/\/i0.wp.com\/blog.kunstgriff.net\/wp-content\/uploads\/2023\/05\/Cap-Formentor.jpeg?fit=1200%2C900&ssl=1&resize=700%2C400 2x, https:\/\/i0.wp.com\/blog.kunstgriff.net\/wp-content\/uploads\/2023\/05\/Cap-Formentor.jpeg?fit=1200%2C900&ssl=1&resize=1050%2C600 3x"},"classes":[]}],"jetpack_likes_enabled":true,"jetpack_sharing_enabled":true,"_links":{"self":[{"href":"https:\/\/blog.kunstgriff.net\/index.php?rest_route=\/wp\/v2\/posts\/3595","targetHints":{"allow":["GET"]}}],"collection":[{"href":"https:\/\/blog.kunstgriff.net\/index.php?rest_route=\/wp\/v2\/posts"}],"about":[{"href":"https:\/\/blog.kunstgriff.net\/index.php?rest_route=\/wp\/v2\/types\/post"}],"author":[{"embeddable":true,"href":"https:\/\/blog.kunstgriff.net\/index.php?rest_route=\/wp\/v2\/users\/2"}],"replies":[{"embeddable":true,"href":"https:\/\/blog.kunstgriff.net\/index.php?rest_route=%2Fwp%2Fv2%2Fcomments&post=3595"}],"version-history":[{"count":0,"href":"https:\/\/blog.kunstgriff.net\/index.php?rest_route=\/wp\/v2\/posts\/3595\/revisions"}],"wp:featuredmedia":[{"embeddable":true,"href":"https:\/\/blog.kunstgriff.net\/index.php?rest_route=\/wp\/v2\/media\/3617"}],"wp:attachment":[{"href":"https:\/\/blog.kunstgriff.net\/index.php?rest_route=%2Fwp%2Fv2%2Fmedia&parent=3595"}],"wp:term":[{"taxonomy":"category","embeddable":true,"href":"https:\/\/blog.kunstgriff.net\/index.php?rest_route=%2Fwp%2Fv2%2Fcategories&post=3595"},{"taxonomy":"post_tag","embeddable":true,"href":"https:\/\/blog.kunstgriff.net\/index.php?rest_route=%2Fwp%2Fv2%2Ftags&post=3595"}],"curies":[{"name":"wp","href":"https:\/\/api.w.org\/{rel}","templated":true}]}}