{"id":3658,"date":"2011-02-20T19:02:55","date_gmt":"2011-02-20T18:02:55","guid":{"rendered":"http:\/\/blog.kunstgriff.net\/?p=3658"},"modified":"2016-09-04T18:38:39","modified_gmt":"2016-09-04T16:38:39","slug":"kurze-nordrunde-uber-kremmen-4","status":"publish","type":"post","link":"https:\/\/blog.kunstgriff.net\/?p=3658","title":{"rendered":"Kurze Nordrunde \u00fcber Kremmen"},"content":{"rendered":"<span class=\"span-reading-time rt-reading-time\" style=\"display: block;\"><span class=\"rt-label rt-prefix\">Lesezeit: <\/span> <span class=\"rt-time\"> &lt; 1<\/span> <span class=\"rt-label rt-postfix\">Minute<\/span><\/span><h4>oder &#8222;Training unter harten Bedingungen&#8220;<\/h4>\n<hr \/>\n<p>Eigentlich h\u00e4tte ich es ja besser wissen m\u00fcssen <em>Minusgrade auf dem Thermometer sind keine Rennradausfahrtstemperaturen.<\/em> Der Sonnenschein und die trockenen Strasse lie\u00dfen mich trotz minus 3\u00b0C doch in meine Rennradwintermontur schl\u00fcpfen und meine geliebte <em>kurze Nordrunde \u00fcber Kremmen<\/em> in Angriff nehmen.<\/p>\n<p>Es ging auf bekannten Wegen durch die <a href=\"http:\/\/www.google.de\/images?client=safari&amp;rls=en&amp;q=wasserstadt+spandau&amp;oe=UTF-8&amp;redir_esc=&amp;um=1&amp;ie=UTF-8&amp;source=univ&amp;sa=X&amp;ei=zlNhTYreIJDdsgbJ9OC1CA&amp;ved=0CGcQsAQ\" target=\"_blank\">Wasserstadt<\/a> raus in Richtung Hennigsdorf. Schnell merkte ich das der kalte Nord-Ost-Wind ganz sch\u00f6n weh tut. Auf dem Weg nach Germendorf zeigte das Thermometer -5\u00b0C, vermischt mit Wind im Gesicht ist das auch bei Sonnenschein sehr unangenehm. Da ich alleine fuhr gab es auch kein <a href=\"http:\/\/de.wikipedia.org\/wiki\/Peloton\" target=\"_blank\">Peleton<\/a> hinter dem ich mich windsicher h\u00e4tte verstecken und erholen k\u00f6nnen. Nein, da musste ich heute durch.<\/p>\n<p>Im Hinterkopf hatte ich aber, das ich in Germendorf links abbiegen werde und dann den Wind nicht mehr so garstig sp\u00fcren w\u00fcrde. So war es dann gl\u00fccklicherweise auch und ich konnte Richtung Kremmen mit R\u00fcckenwind ordentlich beschleunigen.<\/p>\n<p>Es schien wirklich kein <em>Rennradwetter<\/em> zu sein, denn auf der ganzen Runde begegnete mir kein einziger Rennradfahrer. Hinter Sch\u00f6nwalde wurde wieder der Mauerradweg zur\u00fcck nach Berlin genommen. Dort musste ich ganz sch\u00f6n aufpassen, denn er war an vielen Stellen mit Holzabf\u00e4llen der Waldarbeiter \u00fcbers\u00e4t.<\/p>\n<p>Nach etwas mehr als 3 Stunden kam ich total durchgefroren wieder Zuhause an. Die Finger schmerzten als sie wieder auf Raumtemperatur gebracht wurde.<\/p>\n<p>Eine sch\u00f6ne Wintereinheit. Der Fr\u00fchling darf sich aber trotz Sonnenschein bald blicken lassen.<\/p>\n<p><iframe height='405' width='590' frameborder='0' allowtransparency='true' scrolling='no' src='https:\/\/www.strava.com\/activities\/700484653\/embed\/5610419c6083b1ef359098a410dcdb05633bb165'><\/iframe><\/p>\n","protected":false},"excerpt":{"rendered":"<p>oder &#8222;Training unter harten Bedingungen&#8220; Eigentlich h\u00e4tte ich es ja besser wissen m\u00fcssen Minusgrade auf dem Thermometer sind keine Rennradausfahrtstemperaturen. Der Sonnenschein und die trockenen Strasse lie\u00dfen mich trotz minus 3\u00b0C doch in meine Rennradwintermontur schl\u00fcpfen und meine geliebte kurze Nordrunde \u00fcber Kremmen in Angriff nehmen. Es ging auf bekannten Wegen durch die Wasserstadt raus &hellip; <\/p>\n<p class=\"link-more\"><a href=\"https:\/\/blog.kunstgriff.net\/?p=3658\" class=\"more-link\"><span class=\"screen-reader-text\">\u201eKurze Nordrunde \u00fcber Kremmen\u201c <\/span>weiterlesen<\/a><\/p>\n","protected":false},"author":2,"featured_media":0,"comment_status":"open","ping_status":"open","sticky":false,"template":"","format":"standard","meta":{"jetpack_post_was_ever_published":false,"_jetpack_newsletter_access":"","_jetpack_dont_email_post_to_subs":false,"_jetpack_newsletter_tier_id":0,"_jetpack_memberships_contains_paywalled_content":false,"_jetpack_memberships_contains_paid_content":false,"footnotes":""},"categories":[14,7],"tags":[],"class_list":["post-3658","post","type-post","status-publish","format-standard","hentry","category-radfahren","category-rennradfahren"],"jetpack_featured_media_url":"","jetpack_shortlink":"https:\/\/wp.me\/p8Cxe7-X0","jetpack-related-posts":[{"id":5510,"url":"https:\/\/blog.kunstgriff.net\/?p=5510","url_meta":{"origin":3658,"position":0},"title":"Nordrunde \u00fcber Kremmen","author":"Georg","date":"August 6, 2011","format":false,"excerpt":"oder \u00bbNeue PBZ!?\u00abDie Sonne schien und von dem vorhergesagten Regen war auf dem Radar nichts zu sehen, also raus, auf den Renner und meine gro\u00dfe Nordrunde fahren. Sehr neugierig war ich, zu sehen, was geht. Ohne zu viel vorweg zu nehmen: Es ging Einiges. Der Wind half mir bis Germendorf\u2026","rel":"","context":"In &quot;Radfahren&quot;","block_context":{"text":"Radfahren","link":"https:\/\/blog.kunstgriff.net\/?cat=14"},"img":{"alt_text":"","src":"https:\/\/i0.wp.com\/blog.kunstgriff.net\/wp-content\/uploads\/2011\/08\/VP-Vorsprung.png?resize=350%2C200","width":350,"height":200},"classes":[]},{"id":22181,"url":"https:\/\/blog.kunstgriff.net\/?p=22181","url_meta":{"origin":3658,"position":1},"title":"Kurze Nordrunde \u00fcber Kremmen #1","author":"Georg","date":"Mai 11, 2021","format":false,"excerpt":"der Versuch, die NP zu erh\u00f6hen Eigentlich ist gerade Friedensfahrt-Woche. Also die Woche um Himmelfahrt herum in der immer unsere \u00f6stlichen Nachbarl\u00e4nder unter die R\u00e4der genommen werden. Diese wundersch\u00f6ne Veranstaltung f\u00e4llt nun schon zum zweiten mal COVID-bedingt aus. Deshalb habe ich in dieser Woche auch Urlaub und Zeit, meinen Renner\u2026","rel":"","context":"In &quot;Radfahren&quot;","block_context":{"text":"Radfahren","link":"https:\/\/blog.kunstgriff.net\/?cat=14"},"img":{"alt_text":"Havellandradweg","src":"https:\/\/i0.wp.com\/blog.kunstgriff.net\/wp-content\/uploads\/2021\/05\/Havellandradweg.jpg?fit=1200%2C800&ssl=1&resize=350%2C200","width":350,"height":200,"srcset":"https:\/\/i0.wp.com\/blog.kunstgriff.net\/wp-content\/uploads\/2021\/05\/Havellandradweg.jpg?fit=1200%2C800&ssl=1&resize=350%2C200 1x, https:\/\/i0.wp.com\/blog.kunstgriff.net\/wp-content\/uploads\/2021\/05\/Havellandradweg.jpg?fit=1200%2C800&ssl=1&resize=525%2C300 1.5x, https:\/\/i0.wp.com\/blog.kunstgriff.net\/wp-content\/uploads\/2021\/05\/Havellandradweg.jpg?fit=1200%2C800&ssl=1&resize=700%2C400 2x, https:\/\/i0.wp.com\/blog.kunstgriff.net\/wp-content\/uploads\/2021\/05\/Havellandradweg.jpg?fit=1200%2C800&ssl=1&resize=1050%2C600 3x"},"classes":[]},{"id":15177,"url":"https:\/\/blog.kunstgriff.net\/?p=15177","url_meta":{"origin":3658,"position":2},"title":"Kurze Nordrunde \u00fcber Kremmen","author":"Georg","date":"Oktober 22, 2016","format":false,"excerpt":"oder \u00bbTraining zu zweit\u00ab Die Tiri-Bande im S\u00fcden hatte eine sch\u00f6ne Tour auf dem Plan, der Marc und ich eigentlich bewohnen wollten. Da aber am Nachmittag noch ein interessantes Hertha-Spiel im Olympiastation stattfinden sollte, dem ich ebenfalls bewohnen wollte, musste eine Alternative zu der 140km-S\u00fcdrunde gefunden werden. Kurzerhand entschlossen sich\u2026","rel":"","context":"In &quot;Radfahren&quot;","block_context":{"text":"Radfahren","link":"https:\/\/blog.kunstgriff.net\/?cat=14"},"img":{"alt_text":"","src":"https:\/\/i0.wp.com\/blog.kunstgriff.net\/wp-content\/uploads\/2016\/10\/Dynamic-Duo.jpg?fit=1200%2C800&ssl=1&resize=350%2C200","width":350,"height":200,"srcset":"https:\/\/i0.wp.com\/blog.kunstgriff.net\/wp-content\/uploads\/2016\/10\/Dynamic-Duo.jpg?fit=1200%2C800&ssl=1&resize=350%2C200 1x, https:\/\/i0.wp.com\/blog.kunstgriff.net\/wp-content\/uploads\/2016\/10\/Dynamic-Duo.jpg?fit=1200%2C800&ssl=1&resize=525%2C300 1.5x, https:\/\/i0.wp.com\/blog.kunstgriff.net\/wp-content\/uploads\/2016\/10\/Dynamic-Duo.jpg?fit=1200%2C800&ssl=1&resize=700%2C400 2x, https:\/\/i0.wp.com\/blog.kunstgriff.net\/wp-content\/uploads\/2016\/10\/Dynamic-Duo.jpg?fit=1200%2C800&ssl=1&resize=1050%2C600 3x"},"classes":[]},{"id":2324,"url":"https:\/\/blog.kunstgriff.net\/?p=2324","url_meta":{"origin":3658,"position":3},"title":"Erneut: Kurze Nordrunde \u00fcber Kremmen","author":"Georg","date":"August 31, 2010","format":false,"excerpt":"oder \"Bei dem Wetter muss ich einfach Rad fahren!\"Die letzten Tage war es doch sehr wechselhaft und immer wieder war Regen auf dem Radar. Heute sah es klasse aus und so beschloss ich erneut meine Referenzrunde \u00fcber Kremmen zu drehen. Auf den ersten Metern schon merkte ich, das ich Hummeln\u2026","rel":"","context":"In &quot;Rennradfahren&quot;","block_context":{"text":"Rennradfahren","link":"https:\/\/blog.kunstgriff.net\/?cat=7"},"img":{"alt_text":"","src":"","width":0,"height":0},"classes":[]},{"id":9106,"url":"https:\/\/blog.kunstgriff.net\/?p=9106","url_meta":{"origin":3658,"position":4},"title":"Kurze Nordrunde \u00fcber Kremmen","author":"Georg","date":"September 11, 2012","format":false,"excerpt":"oder \u00bbNo punch - no glory\u00abDer geneigte Leser k\u00f6nnte glatt denken: \u00bbJetzt f\u00e4hrt der schon wieder da lang!\u00ab. Das habe ich mir n\u00e4mlich auf den ersten Kilometer auch gedacht, aber der Reihe nach: Angefixt von der Wettervorhersage f\u00fcr die n\u00e4chsten Tage, dass der Sommer nun wirklich\u00a0morgen vorbei sei, wollte ich\u2026","rel":"","context":"In &quot;Radfahren&quot;","block_context":{"text":"Radfahren","link":"https:\/\/blog.kunstgriff.net\/?cat=14"},"img":{"alt_text":"","src":"https:\/\/i0.wp.com\/blog.kunstgriff.net\/wp-content\/uploads\/2012\/09\/Kurz-vor-dem-Mauerradweg-hinter-Sch%C3%B6nwalde.jpg?fit=1000%2C750&ssl=1&resize=350%2C200","width":350,"height":200,"srcset":"https:\/\/i0.wp.com\/blog.kunstgriff.net\/wp-content\/uploads\/2012\/09\/Kurz-vor-dem-Mauerradweg-hinter-Sch%C3%B6nwalde.jpg?fit=1000%2C750&ssl=1&resize=350%2C200 1x, https:\/\/i0.wp.com\/blog.kunstgriff.net\/wp-content\/uploads\/2012\/09\/Kurz-vor-dem-Mauerradweg-hinter-Sch%C3%B6nwalde.jpg?fit=1000%2C750&ssl=1&resize=525%2C300 1.5x, https:\/\/i0.wp.com\/blog.kunstgriff.net\/wp-content\/uploads\/2012\/09\/Kurz-vor-dem-Mauerradweg-hinter-Sch%C3%B6nwalde.jpg?fit=1000%2C750&ssl=1&resize=700%2C400 2x"},"classes":[]},{"id":9022,"url":"https:\/\/blog.kunstgriff.net\/?p=9022","url_meta":{"origin":3658,"position":5},"title":"Kurze Nordrunde \u00fcber Kremmen","author":"Georg","date":"August 29, 2012","format":false,"excerpt":"oder \u00bbWas f\u00fcr ein toller Sommer!\u00abGeplant war heute die Tiri-Runde im S\u00fcden mit zu fahren. Da ich leider gut 15 Minuten zu sp\u00e4t zuhause eintraf musste ich diesen Plan verwerfen und mich alleine auf eine Trainingsrunde machen. Gerne genommen wird da von mir die Kurze Nordrunde \u00fcber Kremmen, quasi meine\u2026","rel":"","context":"In &quot;Radfahren&quot;","block_context":{"text":"Radfahren","link":"https:\/\/blog.kunstgriff.net\/?cat=14"},"img":{"alt_text":"","src":"https:\/\/i0.wp.com\/blog.kunstgriff.net\/wp-content\/uploads\/2012\/08\/Perfekt-ausgebauter-Havelland-Radweg.jpg?fit=1000%2C750&ssl=1&resize=350%2C200","width":350,"height":200,"srcset":"https:\/\/i0.wp.com\/blog.kunstgriff.net\/wp-content\/uploads\/2012\/08\/Perfekt-ausgebauter-Havelland-Radweg.jpg?fit=1000%2C750&ssl=1&resize=350%2C200 1x, https:\/\/i0.wp.com\/blog.kunstgriff.net\/wp-content\/uploads\/2012\/08\/Perfekt-ausgebauter-Havelland-Radweg.jpg?fit=1000%2C750&ssl=1&resize=525%2C300 1.5x, https:\/\/i0.wp.com\/blog.kunstgriff.net\/wp-content\/uploads\/2012\/08\/Perfekt-ausgebauter-Havelland-Radweg.jpg?fit=1000%2C750&ssl=1&resize=700%2C400 2x"},"classes":[]}],"jetpack_likes_enabled":true,"jetpack_sharing_enabled":true,"_links":{"self":[{"href":"https:\/\/blog.kunstgriff.net\/index.php?rest_route=\/wp\/v2\/posts\/3658","targetHints":{"allow":["GET"]}}],"collection":[{"href":"https:\/\/blog.kunstgriff.net\/index.php?rest_route=\/wp\/v2\/posts"}],"about":[{"href":"https:\/\/blog.kunstgriff.net\/index.php?rest_route=\/wp\/v2\/types\/post"}],"author":[{"embeddable":true,"href":"https:\/\/blog.kunstgriff.net\/index.php?rest_route=\/wp\/v2\/users\/2"}],"replies":[{"embeddable":true,"href":"https:\/\/blog.kunstgriff.net\/index.php?rest_route=%2Fwp%2Fv2%2Fcomments&post=3658"}],"version-history":[{"count":0,"href":"https:\/\/blog.kunstgriff.net\/index.php?rest_route=\/wp\/v2\/posts\/3658\/revisions"}],"wp:attachment":[{"href":"https:\/\/blog.kunstgriff.net\/index.php?rest_route=%2Fwp%2Fv2%2Fmedia&parent=3658"}],"wp:term":[{"taxonomy":"category","embeddable":true,"href":"https:\/\/blog.kunstgriff.net\/index.php?rest_route=%2Fwp%2Fv2%2Fcategories&post=3658"},{"taxonomy":"post_tag","embeddable":true,"href":"https:\/\/blog.kunstgriff.net\/index.php?rest_route=%2Fwp%2Fv2%2Ftags&post=3658"}],"curies":[{"name":"wp","href":"https:\/\/api.w.org\/{rel}","templated":true}]}}