{"id":368,"date":"2009-11-15T16:29:16","date_gmt":"2009-11-15T15:29:16","guid":{"rendered":"http:\/\/blog.kunstgriff.net\/?p=368"},"modified":"2017-06-15T13:48:09","modified_gmt":"2017-06-15T11:48:09","slug":"runter-nach-zossen","status":"publish","type":"post","link":"https:\/\/blog.kunstgriff.net\/?p=368","title":{"rendered":"Runter nach Zossen"},"content":{"rendered":"<span class=\"span-reading-time rt-reading-time\" style=\"display: block;\"><span class=\"rt-label rt-prefix\">Lesezeit: <\/span> <span class=\"rt-time\"> 2<\/span> <span class=\"rt-label rt-postfix\">Minuten<\/span><\/span><p>Die Tour an diesem sonnigen und f\u00fcr die Jahreszeit sehr warmen Sonntag war von Dominik von der <a href=\"http:\/\/www.rennradgruppe.de\" target=\"_blank\">Rennradgruppe.de<\/a> organisiert. Gestern bin ich ja&nbsp; mit der <a href=\"http:\/\/www.rennradtraining.de\" target=\"_blank\">Rennradliste.de<\/a> gefahren. Sch\u00f6n wenn man die Auswahl hat!<\/p>\n<p>Der Startpunkt war um 11 Uhr am Bahnhof S\u00fcdkreuz, f\u00fcr mich eigentlich sehr sp\u00e4t, aber ich nutzte die knapp 10 km lange Anfahrt durch die Berliner Innenstadt um warm zu werden. Um diese Uhrzeit hatte ich noch nicht mit rasenden Autofahrern zu k\u00e4mpfen und die Strecke von mir zum S\u00fcdkreuz, entlang des S-Bahnrings, ist auch ein wenig abwechslungsreich.<\/p>\n<p>Am Bahnhofsvorplatz fanden sich 1 Damen und 9 Herren ein, um die Route in Angriff zu nehmen. Neben meinem Garmin hatte Andreas auch einen <a href=\"http:\/\/www.amazon.de\/gp\/product\/B001690VC6\/ref=as_li_ss_tl?ie=UTF8&#038;tag=gaba08-21&#038;linkCode=as2&#038;camp=1638&#038;creative=19454&#038;creativeASIN=B001690VC6\">Garmin Edge 705<\/a><img loading=\"lazy\" decoding=\"async\" src=\"http:\/\/www.assoc-amazon.de\/e\/ir?t=&#038;l=as2&#038;o=3&#038;a=B001690VC6\" width=\"1\" height=\"1\" border=\"0\" alt=\"\" style=\"border:none !important; margin:0px !important;\" \/> und so \u00fcberspielte ich ihm flux die Strecke, das er auch im M\u00e4usekino&nbsp;was zum gucken hat.<\/p>\n<p>Es ging durch verkehrsarme Wohngebiete und die Gruppe harmonierte sehr gut, soda\u00df ein guter Fluss entstand. Wenn m\u00f6glich wurde 2er-Reihe gefahren und es rollte trotz leichtem S\u00fcd-Westwind sehr gut aus der Stadt heraus.<\/p>\n<p>In Zossen wurde an einer wenig malerischen Aral-Tankstelle an der Ausfallstra\u00dfe Pause gemacht. Es gab Coke Zero und Schrippe f\u00fcr mich.<\/p>\n<p>In einem unerschlossenen Industriegebiet von Grossbeeren wurden wieder die Vorteile der <a href=\"http:\/\/wiki.openstreetmap.org\/wiki\/DE:OSM_Map_On_Garmin\" target=\"_blank\">OpenStreetMap<\/a> Karten gegen\u00fcber den kommerziellen Karten von Garmin klar: Auf meinem Display waren keine Stra\u00dfen mehr verzeichnet, wohingegen bei Andreas noch eine Routenf\u00fchrung m\u00f6glich war. <a href=\"http:\/\/wiki.openstreetmap.org\/wiki\/DE:OSM_Map_On_Garmin\" target=\"_blank\">OpenStreetMap<\/a> geh\u00f6rt wohl die Zukunft.<\/p>\n<p>Weiter ging es nach Genshagen wo sich unsere Wege trennten: Die Gruppe fuhr weiter Richtung Sch\u00f6neberg. Ich fuhr \u00fcber Klein-Machnow, Spanische Allee noch die Havelchausee und den Willy, bevor ich nach 4 Stunden und 114,98 km nach Hause kam. Ein wenig schmutzig von den noch nassen Stra\u00dfen aber wieder ein sehr sch\u00f6ne Runde mit sehr netten Leuten.<\/p>\n<p><iframe height='405' width='590' frameborder='0' allowtransparency='true' scrolling='no' src='https:\/\/www.strava.com\/activities\/698672382\/embed\/48618205d21253d5049be2b29ad98fa0b7909bac'><\/iframe><\/p>\n","protected":false},"excerpt":{"rendered":"<p>Die Tour an diesem sonnigen und f\u00fcr die Jahreszeit sehr warmen Sonntag war von Dominik von der Rennradgruppe.de organisiert. Gestern bin ich ja&nbsp; mit der Rennradliste.de gefahren. Sch\u00f6n wenn man die Auswahl hat! Der Startpunkt war um 11 Uhr am Bahnhof S\u00fcdkreuz, f\u00fcr mich eigentlich sehr sp\u00e4t, aber ich nutzte die knapp 10 km lange &hellip; <\/p>\n<p class=\"link-more\"><a href=\"https:\/\/blog.kunstgriff.net\/?p=368\" class=\"more-link\"><span class=\"screen-reader-text\">\u201eRunter nach Zossen\u201c <\/span>weiterlesen<\/a><\/p>\n","protected":false},"author":2,"featured_media":0,"comment_status":"open","ping_status":"open","sticky":false,"template":"","format":"standard","meta":{"jetpack_post_was_ever_published":false,"_jetpack_newsletter_access":"","_jetpack_dont_email_post_to_subs":false,"_jetpack_newsletter_tier_id":0,"_jetpack_memberships_contains_paywalled_content":false,"_jetpack_memberships_contains_paid_content":false,"footnotes":""},"categories":[35,14,7],"tags":[],"class_list":["post-368","post","type-post","status-publish","format-standard","hentry","category-garmin","category-radfahren","category-rennradfahren"],"jetpack_featured_media_url":"","jetpack_shortlink":"https:\/\/wp.me\/p8Cxe7-5W","jetpack-related-posts":[{"id":567,"url":"https:\/\/blog.kunstgriff.net\/?p=567","url_meta":{"origin":368,"position":0},"title":"Garmin &#8211; I love you!","author":"Georg","date":"Dezember 14, 2009","format":false,"excerpt":"Achtung: Es folgt eine recht technische Abhandlung - weiterlesen auf eigene Gefahr! Nach dem Update auf Snow Leopard aka 10.6 vor drei Monaten lief auf einmal RoadTrip nicht mehr richtig. RoadTrip ist eine f\u00fcr mich sehr wichtige Software um Routen auf dem Mac zu planen um sie dann auf den\u2026","rel":"","context":"In &quot;Garmin&quot;","block_context":{"text":"Garmin","link":"https:\/\/blog.kunstgriff.net\/?cat=35"},"img":{"alt_text":"","src":"","width":0,"height":0},"classes":[]},{"id":1605,"url":"https:\/\/blog.kunstgriff.net\/?p=1605","url_meta":{"origin":368,"position":1},"title":"Ludwigsfelde->Constappel (Stopp-o-mat)","author":"Georg","date":"Juni 12, 2010","format":false,"excerpt":"F\u00fcr den heutigen Samstag hatte Peter H. eine interessante Tour geplant, welche ich mir nicht entgehen lassen wollte: Es sollte mit dem RegionalExpress ins nahe Ludwigsfelde gehen, von dort wollten wir ca. 170 km zum Stopp-O-Mat in Constappel, nahe Mei\u00dfen fahren und diesen auch austesten. Die Strecke war Peter und\u2026","rel":"","context":"In &quot;Garmin&quot;","block_context":{"text":"Garmin","link":"https:\/\/blog.kunstgriff.net\/?cat=35"},"img":{"alt_text":"","src":"https:\/\/i0.wp.com\/blog.kunstgriff.net\/wp-content\/uploads\/2010\/06\/DSCF1188.jpg?fit=800%2C600&ssl=1&resize=350%2C200","width":350,"height":200,"srcset":"https:\/\/i0.wp.com\/blog.kunstgriff.net\/wp-content\/uploads\/2010\/06\/DSCF1188.jpg?fit=800%2C600&ssl=1&resize=350%2C200 1x, https:\/\/i0.wp.com\/blog.kunstgriff.net\/wp-content\/uploads\/2010\/06\/DSCF1188.jpg?fit=800%2C600&ssl=1&resize=525%2C300 1.5x, https:\/\/i0.wp.com\/blog.kunstgriff.net\/wp-content\/uploads\/2010\/06\/DSCF1188.jpg?fit=800%2C600&ssl=1&resize=700%2C400 2x"},"classes":[]},{"id":155,"url":"https:\/\/blog.kunstgriff.net\/?p=155","url_meta":{"origin":368,"position":2},"title":"Meine neuen Freunde: \u00bbNobby Nic\u00ab &#038; \u00bbRacing Ralph\u00ab","author":"Georg","date":"Oktober 24, 2009","format":false,"excerpt":"Diese Woche war ja in sportlicher Hinsicht nicht viel los mit mir. Bedingt durch eine erneute Wurzelspitzenresektion an dem gleichen Backenzahn wie schon vor 6 Monaten war ich ziemlich angeschlagen. Es hatte sich eine b\u00f6se Infektion gebildet und so verschrieb mir der Operateur gleich mal Antibiotika. Dadurch war nat\u00fcrlich mein\u2026","rel":"","context":"In &quot;Garmin&quot;","block_context":{"text":"Garmin","link":"https:\/\/blog.kunstgriff.net\/?cat=35"},"img":{"alt_text":"","src":"https:\/\/i0.wp.com\/blog.kunstgriff.net\/wp-content\/uploads\/2009\/10\/IMG_0313.JPG?fit=1200%2C900&ssl=1&resize=350%2C200","width":350,"height":200,"srcset":"https:\/\/i0.wp.com\/blog.kunstgriff.net\/wp-content\/uploads\/2009\/10\/IMG_0313.JPG?fit=1200%2C900&ssl=1&resize=350%2C200 1x, https:\/\/i0.wp.com\/blog.kunstgriff.net\/wp-content\/uploads\/2009\/10\/IMG_0313.JPG?fit=1200%2C900&ssl=1&resize=525%2C300 1.5x, https:\/\/i0.wp.com\/blog.kunstgriff.net\/wp-content\/uploads\/2009\/10\/IMG_0313.JPG?fit=1200%2C900&ssl=1&resize=700%2C400 2x, https:\/\/i0.wp.com\/blog.kunstgriff.net\/wp-content\/uploads\/2009\/10\/IMG_0313.JPG?fit=1200%2C900&ssl=1&resize=1050%2C600 3x"},"classes":[]},{"id":450,"url":"https:\/\/blog.kunstgriff.net\/?p=450","url_meta":{"origin":368,"position":3},"title":"ITF 2. Etappe Pirna -> Duchcov","author":"Georg","date":"Mai 21, 2009","format":false,"excerpt":"137,12 km \u2022\u00a01.992 H\u00f6henmeter Nach einem eher d\u00fcrftigen Fr\u00fchst\u00fccksbuffet in der Jugendherberge wurden die Rucks\u00e4cke gepackt und in den Fiat Ducato verladen. Dann trafen wir auf einem gro\u00dfen Parkplatz unweit der Jugendherberge auf viele weitere direkt angereiste Radfahrer die auch an der Friedensfahrt teilnehmen wollten. Der Sportreferent der Stadt Pirna\u2026","rel":"","context":"In &quot;Garmin&quot;","block_context":{"text":"Garmin","link":"https:\/\/blog.kunstgriff.net\/?cat=35"},"img":{"alt_text":"","src":"http:\/\/www.assoc-amazon.de\/e\/ir?t=&l=as2&o=3&a=B001690VC6","width":350,"height":200},"classes":[]},{"id":1944,"url":"https:\/\/blog.kunstgriff.net\/?p=1944","url_meta":{"origin":368,"position":4},"title":"Sonntags-Tour zum Scharm\u00fctzelsee","author":"Georg","date":"Juli 4, 2010","format":false,"excerpt":"oder \"Der Garmin weiss nicht immer den rechten Weg\"Heute hatte Ralf H. von Rennradtraining zu dieser Tour an den Scharm\u00fctzelsee aufgerufen. Es ging erst recht sp\u00e4t um 10 Uhr vom Bahnhof Neuk\u00f6lln los, zu dem ich mit der S-Bahn anreiste. Dort waren schon einige Radler versammelt: Ralf H., Antje, Dirk,\u2026","rel":"","context":"In &quot;Garmin&quot;","block_context":{"text":"Garmin","link":"https:\/\/blog.kunstgriff.net\/?cat=35"},"img":{"alt_text":"","src":"https:\/\/i0.wp.com\/blog.kunstgriff.net\/wp-content\/uploads\/2010\/07\/Bildschirmfoto-2010-07-04-um-19.37.13.png?resize=350%2C200","width":350,"height":200},"classes":[]},{"id":5598,"url":"https:\/\/blog.kunstgriff.net\/?p=5598","url_meta":{"origin":368,"position":5},"title":"Garmin stellt die Vector Pedalen vor","author":"Georg","date":"August 19, 2011","format":false,"excerpt":"oder \u00bbPedalen f\u00fcr $1.499,00!?\u00ab Lange wurde die Ank\u00fcndigung von Garmin erwartet, nun wurden sie endlich offiziell vorgestellt: Die Garmin Vector Pedale, welche die Kraft-Leistung beim Rennrad fahren direkt an den Pedalen messen k\u00f6nnen. Die Pedale sollen im M\u00e4rz 2012 zu einem Preis von $1.499,00 auf den Markt kommen. Das Garmin\u2026","rel":"","context":"In &quot;Garmin&quot;","block_context":{"text":"Garmin","link":"https:\/\/blog.kunstgriff.net\/?cat=35"},"img":{"alt_text":"","src":"https:\/\/i0.wp.com\/blog.kunstgriff.net\/wp-content\/uploads\/2011\/08\/Vector-an-der-Kurbel.png?resize=350%2C200","width":350,"height":200},"classes":[]}],"jetpack_likes_enabled":true,"jetpack_sharing_enabled":true,"_links":{"self":[{"href":"https:\/\/blog.kunstgriff.net\/index.php?rest_route=\/wp\/v2\/posts\/368","targetHints":{"allow":["GET"]}}],"collection":[{"href":"https:\/\/blog.kunstgriff.net\/index.php?rest_route=\/wp\/v2\/posts"}],"about":[{"href":"https:\/\/blog.kunstgriff.net\/index.php?rest_route=\/wp\/v2\/types\/post"}],"author":[{"embeddable":true,"href":"https:\/\/blog.kunstgriff.net\/index.php?rest_route=\/wp\/v2\/users\/2"}],"replies":[{"embeddable":true,"href":"https:\/\/blog.kunstgriff.net\/index.php?rest_route=%2Fwp%2Fv2%2Fcomments&post=368"}],"version-history":[{"count":0,"href":"https:\/\/blog.kunstgriff.net\/index.php?rest_route=\/wp\/v2\/posts\/368\/revisions"}],"wp:attachment":[{"href":"https:\/\/blog.kunstgriff.net\/index.php?rest_route=%2Fwp%2Fv2%2Fmedia&parent=368"}],"wp:term":[{"taxonomy":"category","embeddable":true,"href":"https:\/\/blog.kunstgriff.net\/index.php?rest_route=%2Fwp%2Fv2%2Fcategories&post=368"},{"taxonomy":"post_tag","embeddable":true,"href":"https:\/\/blog.kunstgriff.net\/index.php?rest_route=%2Fwp%2Fv2%2Ftags&post=368"}],"curies":[{"name":"wp","href":"https:\/\/api.w.org\/{rel}","templated":true}]}}