{"id":371,"date":"2009-11-17T09:33:09","date_gmt":"2009-11-17T08:33:09","guid":{"rendered":"http:\/\/blog.kunstgriff.net\/?p=371"},"modified":"2017-06-15T13:46:28","modified_gmt":"2017-06-15T11:46:28","slug":"%c2%bbinner-city-lap%c2%ab-mit-nassen-strasen","status":"publish","type":"post","link":"https:\/\/blog.kunstgriff.net\/?p=371","title":{"rendered":"\u00bbInner-City-Lap\u00ab mit nassen Stra\u00dfen"},"content":{"rendered":"<span class=\"span-reading-time rt-reading-time\" style=\"display: block;\"><span class=\"rt-label rt-prefix\">Lesezeit: <\/span> <span class=\"rt-time\"> &lt; 1<\/span> <span class=\"rt-label rt-postfix\">Minute<\/span><\/span><p>Sch\u00f6ne Runde mit Papa. Lief nicht wirklich locker, aber am Ende war die Zeit dann doch wieder ok: <strong>1:21h<\/strong> wie immer. So langsam k\u00f6nnen wir die Uhr danach stellen.<br \/>\nDa es in der Nacht geregnet hatte, war die Strecke mit Pf\u00fctzen \u00fcbers\u00e4ht und wir haben uns beide nasse Socken geholt.<\/p>\n<p><iframe height='405' width='590' frameborder='0' allowtransparency='true' scrolling='no' src='https:\/\/www.strava.com\/activities\/1037639041\/embed\/751ce59f9806514f81eb444d27b4bc198132dfe5'><\/iframe><\/p>\n","protected":false},"excerpt":{"rendered":"<p>Sch\u00f6ne Runde mit Papa. Lief nicht wirklich locker, aber am Ende war die Zeit dann doch wieder ok: 1:21h wie immer. So langsam k\u00f6nnen wir die Uhr danach stellen. Da es in der Nacht geregnet hatte, war die Strecke mit Pf\u00fctzen \u00fcbers\u00e4ht und wir haben uns beide nasse Socken geholt.<\/p>\n","protected":false},"author":2,"featured_media":0,"comment_status":"open","ping_status":"open","sticky":false,"template":"","format":"standard","meta":{"jetpack_post_was_ever_published":false,"_jetpack_newsletter_access":"","_jetpack_dont_email_post_to_subs":false,"_jetpack_newsletter_tier_id":0,"_jetpack_memberships_contains_paywalled_content":false,"_jetpack_memberships_contains_paid_content":false,"footnotes":""},"categories":[10],"tags":[],"class_list":["post-371","post","type-post","status-publish","format-standard","hentry","category-laufen"],"jetpack_featured_media_url":"","jetpack_shortlink":"https:\/\/wp.me\/p8Cxe7-5Z","jetpack-related-posts":[{"id":18702,"url":"https:\/\/blog.kunstgriff.net\/?p=18702","url_meta":{"origin":371,"position":0},"title":"P\u00e4wesin-Runde #6","author":"Georg","date":"August 19, 2018","format":false,"excerpt":"Kuchen-Hunni mit Oliver, Sebastian und Oleg Nach der doch recht belastenden gestrigen Einheit\u00a0wollte ich es heute etwas ruhiger angehen. Alleine sollte es aber trotzdem nicht auf die Piste gehen, und so bot ich meine P\u00e4wesin-Runde auf den bekannten Kan\u00e4len an. Zu viert ging es dann \u00fcber Gatow raus aus der\u2026","rel":"","context":"In &quot;Cake-Ride&quot;","block_context":{"text":"Cake-Ride","link":"https:\/\/blog.kunstgriff.net\/?cat=34"},"img":{"alt_text":"","src":"https:\/\/i0.wp.com\/blog.kunstgriff.net\/wp-content\/uploads\/2018\/08\/kurz-vor-Wustermark.jpg?fit=1200%2C800&ssl=1&resize=350%2C200","width":350,"height":200,"srcset":"https:\/\/i0.wp.com\/blog.kunstgriff.net\/wp-content\/uploads\/2018\/08\/kurz-vor-Wustermark.jpg?fit=1200%2C800&ssl=1&resize=350%2C200 1x, https:\/\/i0.wp.com\/blog.kunstgriff.net\/wp-content\/uploads\/2018\/08\/kurz-vor-Wustermark.jpg?fit=1200%2C800&ssl=1&resize=525%2C300 1.5x, https:\/\/i0.wp.com\/blog.kunstgriff.net\/wp-content\/uploads\/2018\/08\/kurz-vor-Wustermark.jpg?fit=1200%2C800&ssl=1&resize=700%2C400 2x, https:\/\/i0.wp.com\/blog.kunstgriff.net\/wp-content\/uploads\/2018\/08\/kurz-vor-Wustermark.jpg?fit=1200%2C800&ssl=1&resize=1050%2C600 3x"},"classes":[]},{"id":6233,"url":"https:\/\/blog.kunstgriff.net\/?p=6233","url_meta":{"origin":371,"position":1},"title":"Hamburg->Berlin 2011","author":"Georg","date":"Oktober 15, 2011","format":false,"excerpt":"oder \u00bbFab-Five auf neuen Wegen\u00ab Der Wecker klingelte p\u00fcnktlich um 5:20 Uhr, nach einer sehr unruhigen Nacht. Immer wieder wurden wir durch Ger\u00e4usche von drau\u00dfen durch das offene Fenster geweckt. Sicher war es auch die Aufregung Vorfreude, welche uns wenige Tiefschlafphasen bescherte. Egal, denn wir wollten ja p\u00fcnktlich auf der\u2026","rel":"","context":"In &quot;Besonderes Ereignis&quot;","block_context":{"text":"Besonderes Ereignis","link":"https:\/\/blog.kunstgriff.net\/?cat=25"},"img":{"alt_text":"","src":"https:\/\/i0.wp.com\/blog.kunstgriff.net\/wp-content\/uploads\/2011\/10\/Weiter-auf-dem-Deich-nach-Wittenberge.jpg?fit=900%2C675&ssl=1&resize=350%2C200","width":350,"height":200,"srcset":"https:\/\/i0.wp.com\/blog.kunstgriff.net\/wp-content\/uploads\/2011\/10\/Weiter-auf-dem-Deich-nach-Wittenberge.jpg?fit=900%2C675&ssl=1&resize=350%2C200 1x, https:\/\/i0.wp.com\/blog.kunstgriff.net\/wp-content\/uploads\/2011\/10\/Weiter-auf-dem-Deich-nach-Wittenberge.jpg?fit=900%2C675&ssl=1&resize=525%2C300 1.5x, https:\/\/i0.wp.com\/blog.kunstgriff.net\/wp-content\/uploads\/2011\/10\/Weiter-auf-dem-Deich-nach-Wittenberge.jpg?fit=900%2C675&ssl=1&resize=700%2C400 2x"},"classes":[]},{"id":4708,"url":"https:\/\/blog.kunstgriff.net\/?p=4708","url_meta":{"origin":371,"position":2},"title":"Auf Friedensfahrt \u2013 Kurs 2011 3. Tag Altenberg -> M\u011bln\u00edk","author":"Georg","date":"Juni 3, 2011","format":false,"excerpt":"149,95 km | 1.424 H\u00f6henmeter\u00a0| 12,6 % maximale Steigung P\u00fcnktlich um 8:30 Uhr verliessen wir die Jugendherberge in Altenberg in Richtung Zinnwald. Nach der steilen Abfahrt ging es gleich mit einigen Prozenten in den Berg und das erste Anschwitzen im grossen Feld war f\u00e4llig, bevor es eine herrlich lange Abfahrt\u2026","rel":"","context":"In &quot;Besonderes Ereignis&quot;","block_context":{"text":"Besonderes Ereignis","link":"https:\/\/blog.kunstgriff.net\/?cat=25"},"img":{"alt_text":"","src":"https:\/\/i0.wp.com\/blog.kunstgriff.net\/wp-content\/uploads\/2011\/06\/Burg.jpg?resize=350%2C200","width":350,"height":200,"srcset":"https:\/\/i0.wp.com\/blog.kunstgriff.net\/wp-content\/uploads\/2011\/06\/Burg.jpg?resize=350%2C200 1x, https:\/\/i0.wp.com\/blog.kunstgriff.net\/wp-content\/uploads\/2011\/06\/Burg.jpg?resize=525%2C300 1.5x, https:\/\/i0.wp.com\/blog.kunstgriff.net\/wp-content\/uploads\/2011\/06\/Burg.jpg?resize=700%2C400 2x"},"classes":[]},{"id":16991,"url":"https:\/\/blog.kunstgriff.net\/?p=16991","url_meta":{"origin":371,"position":3},"title":"Schwielowsee-Runde","author":"Georg","date":"Oktober 15, 2017","format":false,"excerpt":"Mit Thilo ab in den S\u00fcden Wieder war einiges im Touren-K\u00f6cher, aber ich entschied mich f\u00fcr die Runde mit Thilo um den Schwielowsee. Bekanntes und bew\u00e4hrtes Terrain, welches ich im Herbst sehr gerne unter die R\u00e4der nehme. Treffpunkt war, wie so oft am Sonntag, um 10 Uhr am Auerbachtunnel. Dort\u2026","rel":"","context":"In &quot;Cake-Ride&quot;","block_context":{"text":"Cake-Ride","link":"https:\/\/blog.kunstgriff.net\/?cat=34"},"img":{"alt_text":"","src":"https:\/\/i0.wp.com\/blog.kunstgriff.net\/wp-content\/uploads\/2017\/10\/Herbstliches-Dreilinden.jpg?fit=1200%2C800&ssl=1&resize=350%2C200","width":350,"height":200,"srcset":"https:\/\/i0.wp.com\/blog.kunstgriff.net\/wp-content\/uploads\/2017\/10\/Herbstliches-Dreilinden.jpg?fit=1200%2C800&ssl=1&resize=350%2C200 1x, https:\/\/i0.wp.com\/blog.kunstgriff.net\/wp-content\/uploads\/2017\/10\/Herbstliches-Dreilinden.jpg?fit=1200%2C800&ssl=1&resize=525%2C300 1.5x, https:\/\/i0.wp.com\/blog.kunstgriff.net\/wp-content\/uploads\/2017\/10\/Herbstliches-Dreilinden.jpg?fit=1200%2C800&ssl=1&resize=700%2C400 2x, https:\/\/i0.wp.com\/blog.kunstgriff.net\/wp-content\/uploads\/2017\/10\/Herbstliches-Dreilinden.jpg?fit=1200%2C800&ssl=1&resize=1050%2C600 3x"},"classes":[]},{"id":111,"url":"https:\/\/blog.kunstgriff.net\/?p=111","url_meta":{"origin":371,"position":4},"title":"Bericht vom Zeitfahren Hamburg -> Berlin 2009","author":"Georg","date":"Oktober 17, 2009","format":false,"excerpt":"Nach einem ausgiebigen Dinner in unserem wundersch\u00f6nen\u00a0Hotel -Brasserie Lindenhof und dem Verstauen der Rennr\u00e4der im Heizungskeller des Hotels haben wir uns auf unsere Zwei- und Dreibett-Zimmer zur\u00fcckgezogen.\u00a0Der Schlaf war bedingt durch das bevorstehende Event unruhig und so erwachten Christoph und ich schon 15 Minuten bevor der Wecker um 5:05 Uhr\u2026","rel":"","context":"In &quot;Besonderes Ereignis&quot;","block_context":{"text":"Besonderes Ereignis","link":"https:\/\/blog.kunstgriff.net\/?cat=25"},"img":{"alt_text":"","src":"https:\/\/i0.wp.com\/blog.kunstgriff.net\/wp-content\/uploads\/2009\/10\/IMG_0307.jpg?fit=640%2C426&ssl=1&resize=350%2C200","width":350,"height":200,"srcset":"https:\/\/i0.wp.com\/blog.kunstgriff.net\/wp-content\/uploads\/2009\/10\/IMG_0307.jpg?fit=640%2C426&ssl=1&resize=350%2C200 1x, https:\/\/i0.wp.com\/blog.kunstgriff.net\/wp-content\/uploads\/2009\/10\/IMG_0307.jpg?fit=640%2C426&ssl=1&resize=525%2C300 1.5x"},"classes":[]},{"id":13105,"url":"https:\/\/blog.kunstgriff.net\/?p=13105","url_meta":{"origin":371,"position":5},"title":"Kuba 2016 \u2013 Tag 5: Matanzas &#8211; Varadero","author":"Georg","date":"Februar 24, 2016","format":false,"excerpt":"oder \u00bbZum weissen Sandstrand und azurblauen Meer\u00abHeute stand nur eine recht kurze Etappe von rund 40 km auf dem Programm. Das Ziel war die Touri-Strandurlaub-Metropole Varadero. Es ging schon um 8:30 Uhr los, sodass wir den Tag am azurblauen Meer\u00a0 mit Badehose und schwimmen genie\u00dfen konnten. Abseits vom Strand ist\u2026","rel":"","context":"In &quot;Besonderes Ereignis&quot;","block_context":{"text":"Besonderes Ereignis","link":"https:\/\/blog.kunstgriff.net\/?cat=25"},"img":{"alt_text":"","src":"https:\/\/i0.wp.com\/blog.kunstgriff.net\/wp-content\/uploads\/2016\/03\/Weisser-Sandstrand-und-azurblaues-Meer-in-Varadero.jpg?fit=1200%2C900&ssl=1&resize=350%2C200","width":350,"height":200,"srcset":"https:\/\/i0.wp.com\/blog.kunstgriff.net\/wp-content\/uploads\/2016\/03\/Weisser-Sandstrand-und-azurblaues-Meer-in-Varadero.jpg?fit=1200%2C900&ssl=1&resize=350%2C200 1x, https:\/\/i0.wp.com\/blog.kunstgriff.net\/wp-content\/uploads\/2016\/03\/Weisser-Sandstrand-und-azurblaues-Meer-in-Varadero.jpg?fit=1200%2C900&ssl=1&resize=525%2C300 1.5x, https:\/\/i0.wp.com\/blog.kunstgriff.net\/wp-content\/uploads\/2016\/03\/Weisser-Sandstrand-und-azurblaues-Meer-in-Varadero.jpg?fit=1200%2C900&ssl=1&resize=700%2C400 2x, https:\/\/i0.wp.com\/blog.kunstgriff.net\/wp-content\/uploads\/2016\/03\/Weisser-Sandstrand-und-azurblaues-Meer-in-Varadero.jpg?fit=1200%2C900&ssl=1&resize=1050%2C600 3x"},"classes":[]}],"jetpack_likes_enabled":true,"jetpack_sharing_enabled":true,"_links":{"self":[{"href":"https:\/\/blog.kunstgriff.net\/index.php?rest_route=\/wp\/v2\/posts\/371","targetHints":{"allow":["GET"]}}],"collection":[{"href":"https:\/\/blog.kunstgriff.net\/index.php?rest_route=\/wp\/v2\/posts"}],"about":[{"href":"https:\/\/blog.kunstgriff.net\/index.php?rest_route=\/wp\/v2\/types\/post"}],"author":[{"embeddable":true,"href":"https:\/\/blog.kunstgriff.net\/index.php?rest_route=\/wp\/v2\/users\/2"}],"replies":[{"embeddable":true,"href":"https:\/\/blog.kunstgriff.net\/index.php?rest_route=%2Fwp%2Fv2%2Fcomments&post=371"}],"version-history":[{"count":0,"href":"https:\/\/blog.kunstgriff.net\/index.php?rest_route=\/wp\/v2\/posts\/371\/revisions"}],"wp:attachment":[{"href":"https:\/\/blog.kunstgriff.net\/index.php?rest_route=%2Fwp%2Fv2%2Fmedia&parent=371"}],"wp:term":[{"taxonomy":"category","embeddable":true,"href":"https:\/\/blog.kunstgriff.net\/index.php?rest_route=%2Fwp%2Fv2%2Fcategories&post=371"},{"taxonomy":"post_tag","embeddable":true,"href":"https:\/\/blog.kunstgriff.net\/index.php?rest_route=%2Fwp%2Fv2%2Ftags&post=371"}],"curies":[{"name":"wp","href":"https:\/\/api.w.org\/{rel}","templated":true}]}}