{"id":3807,"date":"2011-03-06T18:40:06","date_gmt":"2011-03-06T17:40:06","guid":{"rendered":"http:\/\/blog.kunstgriff.net\/?p=3807"},"modified":"2016-09-04T18:15:38","modified_gmt":"2016-09-04T16:15:38","slug":"backerrunde-nach-fehrbellin-2","status":"publish","type":"post","link":"https:\/\/blog.kunstgriff.net\/?p=3807","title":{"rendered":"B\u00e4ckerrunde nach Fehrbellin"},"content":{"rendered":"<span class=\"span-reading-time rt-reading-time\" style=\"display: block;\"><span class=\"rt-label rt-prefix\">Lesezeit: <\/span> <span class=\"rt-time\"> &lt; 1<\/span> <span class=\"rt-label rt-postfix\">Minute<\/span><\/span><h4>oder &#8222;Mit den Havellandriders auf Tour&#8220;<\/h4>\n<hr \/>\n<p>Die Vorfreude auf die heutige B\u00e4ckerrunde,\u00a0zu der\u00a0<a style=\"color: #14568a !important;\" href=\"http:\/\/rr-saison.blogspot.com\/\" target=\"_blank\">Alexander<\/a> aufgerufen hatte,\u00a0war gro\u00df,. Am <a href=\"http:\/\/blog.kunstgriff.net\/?p=2622\" target=\"_blank\">30. Oktober 2010<\/a> bin ich diese Strecke das letzte mal gefahren und es ist immer wieder ein Highlight, den leckeren <del datetime=\"2011-03-06T17:09:34+00:00\">Kuchenb\u00e4cker<\/del> Konditor\u00a0<a href=\"http:\/\/www.konditorei-schmiedel.de\/\" target=\"_blank\">Schmiedel<\/a> in Fehrbellin zu <em>betouren<\/em>.<\/p>\n<p>Wir sieben Fahrer (Eric, Tom, Karsten, Mike, Alexander, Wolfgang und ich) harmonierten trotz teilweise starken Gegenwinds aus Nord sehr gut und so war unsere Kaffeepause nach 70 km und 2:30h Fahrzeit erreicht. Es gab, wie immer leckersten Kuchen und Torte, dazu einen Pott Kaffee und nette Kettengespr\u00e4che. Das Aufbrechen nach der St\u00e4rkung fiel, wie immer, schwer.<\/p>\n<p>Nun kam der angenehme Strecken-Teil, denn der Wind pustete uns f\u00f6rmlich zur\u00fcck nach Kremmen. Weiter ging es nach Vehlefanz, wo wir uns von Mike, Tom und Eric verabschiedeten. Noch knapp 30 km bis Siemensstadt, welche aber dank des freundlichen Windes, locker zu treten waren.<\/p>\n<p><em>Fazit:<\/em> Eine klasse Runde bei herrlichem Sonnenschein mit netten Mitfahrern, welche ich teilweise in diesem Jahr noch gar nicht gesehen hatte.<\/p>\n<p>Solche <em>Sonntags-B\u00e4cker-Touren<\/em> d\u00fcrfen wieder \u00f6fter folgen.<\/p>\n<div class=\"tiled-gallery type-rectangular tiled-gallery-unresized\" data-original-width=\"525\" data-carousel-extra='{&quot;blog_id&quot;:1,&quot;permalink&quot;:&quot;https:\\\/\\\/blog.kunstgriff.net\\\/?p=3807&quot;,&quot;likes_blog_id&quot;:127394879}' itemscope itemtype=\"http:\/\/schema.org\/ImageGallery\" > <div class=\"gallery-row\" style=\"width: 525px; height: 264px;\" data-original-width=\"525\" data-original-height=\"264\" > <div class=\"gallery-group images-1\" style=\"width: 350px; height: 264px;\" data-original-width=\"350\" data-original-height=\"264\" > <div class=\"tiled-gallery-item tiled-gallery-item-large\" itemprop=\"associatedMedia\" itemscope itemtype=\"http:\/\/schema.org\/ImageObject\"> <a href=\"https:\/\/i0.wp.com\/blog.kunstgriff.net\/wp-content\/uploads\/2011\/03\/IMG_1418.jpg?ssl=1\" border=\"0\" itemprop=\"url\"> <meta itemprop=\"width\" content=\"346\"> <meta itemprop=\"height\" content=\"260\"> <img decoding=\"async\" class=\"\" data-attachment-id=\"3814\" data-orig-file=\"https:\/\/blog.kunstgriff.net\/wp-content\/uploads\/2011\/03\/IMG_1418.jpg\" data-orig-size=\"800,600\" data-comments-opened=\"1\" data-image-meta=\"{&quot;aperture&quot;:&quot;2.8&quot;,&quot;credit&quot;:&quot;&quot;,&quot;camera&quot;:&quot;Canon DIGITAL IXUS 870 IS&quot;,&quot;caption&quot;:&quot;&quot;,&quot;created_timestamp&quot;:&quot;1299409324&quot;,&quot;copyright&quot;:&quot;&quot;,&quot;focal_length&quot;:&quot;5&quot;,&quot;iso&quot;:&quot;80&quot;,&quot;shutter_speed&quot;:&quot;0.005&quot;,&quot;title&quot;:&quot;&quot;}\" data-image-title=\"IMG_1418\" data-image-description=\"\" data-medium-file=\"https:\/\/i0.wp.com\/blog.kunstgriff.net\/wp-content\/uploads\/2011\/03\/IMG_1418.jpg?fit=300%2C225&#038;ssl=1\" data-large-file=\"https:\/\/i0.wp.com\/blog.kunstgriff.net\/wp-content\/uploads\/2011\/03\/IMG_1418.jpg?fit=800%2C600&#038;ssl=1\" src=\"https:\/\/i0.wp.com\/blog.kunstgriff.net\/wp-content\/uploads\/2011\/03\/IMG_1418.jpg?w=346&#038;h=260&#038;ssl=1\" srcset=\"https:\/\/i0.wp.com\/blog.kunstgriff.net\/wp-content\/uploads\/2011\/03\/IMG_1418.jpg?w=800&amp;ssl=1 800w, https:\/\/i0.wp.com\/blog.kunstgriff.net\/wp-content\/uploads\/2011\/03\/IMG_1418.jpg?resize=300%2C225&amp;ssl=1 300w\" width=\"346\" height=\"260\" loading=\"lazy\" data-original-width=\"346\" data-original-height=\"260\" itemprop=\"http:\/\/schema.org\/image\" title=\"IMG_1418\" alt=\"IMG_1418\" style=\"width: 346px; height: 260px;\" \/> <\/a> <\/div> <\/div> <!-- close group --> <div class=\"gallery-group images-2\" style=\"width: 175px; height: 264px;\" data-original-width=\"175\" data-original-height=\"264\" > <div class=\"tiled-gallery-item tiled-gallery-item-small\" itemprop=\"associatedMedia\" itemscope itemtype=\"http:\/\/schema.org\/ImageObject\"> <a href=\"https:\/\/i0.wp.com\/blog.kunstgriff.net\/wp-content\/uploads\/2011\/03\/IMG_1419.jpg?ssl=1\" border=\"0\" itemprop=\"url\"> <meta itemprop=\"width\" content=\"171\"> <meta itemprop=\"height\" content=\"128\"> <img decoding=\"async\" class=\"\" data-attachment-id=\"3815\" data-orig-file=\"https:\/\/blog.kunstgriff.net\/wp-content\/uploads\/2011\/03\/IMG_1419.jpg\" data-orig-size=\"800,600\" data-comments-opened=\"1\" data-image-meta=\"{&quot;aperture&quot;:&quot;2.8&quot;,&quot;credit&quot;:&quot;&quot;,&quot;camera&quot;:&quot;Canon DIGITAL IXUS 870 IS&quot;,&quot;caption&quot;:&quot;&quot;,&quot;created_timestamp&quot;:&quot;1299409335&quot;,&quot;copyright&quot;:&quot;&quot;,&quot;focal_length&quot;:&quot;5&quot;,&quot;iso&quot;:&quot;80&quot;,&quot;shutter_speed&quot;:&quot;0.0025&quot;,&quot;title&quot;:&quot;&quot;}\" data-image-title=\"IMG_1419\" data-image-description=\"\" data-medium-file=\"https:\/\/i0.wp.com\/blog.kunstgriff.net\/wp-content\/uploads\/2011\/03\/IMG_1419.jpg?fit=300%2C225&#038;ssl=1\" data-large-file=\"https:\/\/i0.wp.com\/blog.kunstgriff.net\/wp-content\/uploads\/2011\/03\/IMG_1419.jpg?fit=800%2C600&#038;ssl=1\" src=\"https:\/\/i0.wp.com\/blog.kunstgriff.net\/wp-content\/uploads\/2011\/03\/IMG_1419.jpg?w=171&#038;h=128&#038;ssl=1\" srcset=\"https:\/\/i0.wp.com\/blog.kunstgriff.net\/wp-content\/uploads\/2011\/03\/IMG_1419.jpg?w=800&amp;ssl=1 800w, https:\/\/i0.wp.com\/blog.kunstgriff.net\/wp-content\/uploads\/2011\/03\/IMG_1419.jpg?resize=300%2C225&amp;ssl=1 300w\" width=\"171\" height=\"128\" loading=\"lazy\" data-original-width=\"171\" data-original-height=\"128\" itemprop=\"http:\/\/schema.org\/image\" title=\"IMG_1419\" alt=\"IMG_1419\" style=\"width: 171px; height: 128px;\" \/> <\/a> <\/div> <div class=\"tiled-gallery-item tiled-gallery-item-small\" itemprop=\"associatedMedia\" itemscope itemtype=\"http:\/\/schema.org\/ImageObject\"> <a href=\"https:\/\/i0.wp.com\/blog.kunstgriff.net\/wp-content\/uploads\/2011\/03\/IMG_1424.jpg?ssl=1\" border=\"0\" itemprop=\"url\"> <meta itemprop=\"width\" content=\"171\"> <meta itemprop=\"height\" content=\"128\"> <img decoding=\"async\" class=\"\" data-attachment-id=\"3816\" data-orig-file=\"https:\/\/blog.kunstgriff.net\/wp-content\/uploads\/2011\/03\/IMG_1424.jpg\" data-orig-size=\"800,600\" data-comments-opened=\"1\" data-image-meta=\"{&quot;aperture&quot;:&quot;5.6&quot;,&quot;credit&quot;:&quot;&quot;,&quot;camera&quot;:&quot;Canon DIGITAL IXUS 870 IS&quot;,&quot;caption&quot;:&quot;&quot;,&quot;created_timestamp&quot;:&quot;1299411006&quot;,&quot;copyright&quot;:&quot;&quot;,&quot;focal_length&quot;:&quot;5&quot;,&quot;iso&quot;:&quot;80&quot;,&quot;shutter_speed&quot;:&quot;0.0025&quot;,&quot;title&quot;:&quot;&quot;}\" data-image-title=\"IMG_1424\" data-image-description=\"\" data-medium-file=\"https:\/\/i0.wp.com\/blog.kunstgriff.net\/wp-content\/uploads\/2011\/03\/IMG_1424.jpg?fit=300%2C225&#038;ssl=1\" data-large-file=\"https:\/\/i0.wp.com\/blog.kunstgriff.net\/wp-content\/uploads\/2011\/03\/IMG_1424.jpg?fit=800%2C600&#038;ssl=1\" src=\"https:\/\/i0.wp.com\/blog.kunstgriff.net\/wp-content\/uploads\/2011\/03\/IMG_1424.jpg?w=171&#038;h=128&#038;ssl=1\" srcset=\"https:\/\/i0.wp.com\/blog.kunstgriff.net\/wp-content\/uploads\/2011\/03\/IMG_1424.jpg?w=800&amp;ssl=1 800w, https:\/\/i0.wp.com\/blog.kunstgriff.net\/wp-content\/uploads\/2011\/03\/IMG_1424.jpg?resize=300%2C225&amp;ssl=1 300w\" width=\"171\" height=\"128\" loading=\"lazy\" data-original-width=\"171\" data-original-height=\"128\" itemprop=\"http:\/\/schema.org\/image\" title=\"IMG_1424\" alt=\"IMG_1424\" style=\"width: 171px; height: 128px;\" \/> <\/a> <\/div> <\/div> <!-- close group --> <\/div> <!-- close row --> <div class=\"gallery-row\" style=\"width: 525px; height: 132px;\" data-original-width=\"525\" data-original-height=\"132\" > <div class=\"gallery-group images-1\" style=\"width: 175px; height: 132px;\" data-original-width=\"175\" data-original-height=\"132\" > <div class=\"tiled-gallery-item tiled-gallery-item-small\" itemprop=\"associatedMedia\" itemscope itemtype=\"http:\/\/schema.org\/ImageObject\"> <a href=\"https:\/\/i0.wp.com\/blog.kunstgriff.net\/wp-content\/uploads\/2011\/03\/IMG_1431.jpg?ssl=1\" border=\"0\" itemprop=\"url\"> <meta itemprop=\"width\" content=\"171\"> <meta itemprop=\"height\" content=\"128\"> <img decoding=\"async\" class=\"\" data-attachment-id=\"3817\" data-orig-file=\"https:\/\/blog.kunstgriff.net\/wp-content\/uploads\/2011\/03\/IMG_1431.jpg\" data-orig-size=\"800,600\" data-comments-opened=\"1\" data-image-meta=\"{&quot;aperture&quot;:&quot;2.8&quot;,&quot;credit&quot;:&quot;&quot;,&quot;camera&quot;:&quot;Canon DIGITAL IXUS 870 IS&quot;,&quot;caption&quot;:&quot;&quot;,&quot;created_timestamp&quot;:&quot;1299411034&quot;,&quot;copyright&quot;:&quot;&quot;,&quot;focal_length&quot;:&quot;5&quot;,&quot;iso&quot;:&quot;80&quot;,&quot;shutter_speed&quot;:&quot;0.0015625&quot;,&quot;title&quot;:&quot;&quot;}\" data-image-title=\"IMG_1431\" data-image-description=\"\" data-medium-file=\"https:\/\/i0.wp.com\/blog.kunstgriff.net\/wp-content\/uploads\/2011\/03\/IMG_1431.jpg?fit=300%2C225&#038;ssl=1\" data-large-file=\"https:\/\/i0.wp.com\/blog.kunstgriff.net\/wp-content\/uploads\/2011\/03\/IMG_1431.jpg?fit=800%2C600&#038;ssl=1\" src=\"https:\/\/i0.wp.com\/blog.kunstgriff.net\/wp-content\/uploads\/2011\/03\/IMG_1431.jpg?w=171&#038;h=128&#038;ssl=1\" srcset=\"https:\/\/i0.wp.com\/blog.kunstgriff.net\/wp-content\/uploads\/2011\/03\/IMG_1431.jpg?w=800&amp;ssl=1 800w, https:\/\/i0.wp.com\/blog.kunstgriff.net\/wp-content\/uploads\/2011\/03\/IMG_1431.jpg?resize=300%2C225&amp;ssl=1 300w\" width=\"171\" height=\"128\" loading=\"lazy\" data-original-width=\"171\" data-original-height=\"128\" itemprop=\"http:\/\/schema.org\/image\" title=\"IMG_1431\" alt=\"IMG_1431\" style=\"width: 171px; height: 128px;\" \/> <\/a> <\/div> <\/div> <!-- close group --> <div class=\"gallery-group images-1\" style=\"width: 175px; height: 132px;\" data-original-width=\"175\" data-original-height=\"132\" > <div class=\"tiled-gallery-item tiled-gallery-item-small\" itemprop=\"associatedMedia\" itemscope itemtype=\"http:\/\/schema.org\/ImageObject\"> <a href=\"https:\/\/i0.wp.com\/blog.kunstgriff.net\/wp-content\/uploads\/2011\/03\/IMG_1432.jpg?ssl=1\" border=\"0\" itemprop=\"url\"> <meta itemprop=\"width\" content=\"171\"> <meta itemprop=\"height\" content=\"128\"> <img decoding=\"async\" class=\"\" data-attachment-id=\"3818\" data-orig-file=\"https:\/\/blog.kunstgriff.net\/wp-content\/uploads\/2011\/03\/IMG_1432.jpg\" data-orig-size=\"800,600\" data-comments-opened=\"1\" data-image-meta=\"{&quot;aperture&quot;:&quot;2.8&quot;,&quot;credit&quot;:&quot;&quot;,&quot;camera&quot;:&quot;Canon DIGITAL IXUS 870 IS&quot;,&quot;caption&quot;:&quot;&quot;,&quot;created_timestamp&quot;:&quot;1299411038&quot;,&quot;copyright&quot;:&quot;&quot;,&quot;focal_length&quot;:&quot;5&quot;,&quot;iso&quot;:&quot;80&quot;,&quot;shutter_speed&quot;:&quot;0.0025&quot;,&quot;title&quot;:&quot;&quot;}\" data-image-title=\"IMG_1432\" data-image-description=\"\" data-medium-file=\"https:\/\/i0.wp.com\/blog.kunstgriff.net\/wp-content\/uploads\/2011\/03\/IMG_1432.jpg?fit=300%2C225&#038;ssl=1\" data-large-file=\"https:\/\/i0.wp.com\/blog.kunstgriff.net\/wp-content\/uploads\/2011\/03\/IMG_1432.jpg?fit=800%2C600&#038;ssl=1\" src=\"https:\/\/i0.wp.com\/blog.kunstgriff.net\/wp-content\/uploads\/2011\/03\/IMG_1432.jpg?w=171&#038;h=128&#038;ssl=1\" srcset=\"https:\/\/i0.wp.com\/blog.kunstgriff.net\/wp-content\/uploads\/2011\/03\/IMG_1432.jpg?w=800&amp;ssl=1 800w, https:\/\/i0.wp.com\/blog.kunstgriff.net\/wp-content\/uploads\/2011\/03\/IMG_1432.jpg?resize=300%2C225&amp;ssl=1 300w\" width=\"171\" height=\"128\" loading=\"lazy\" data-original-width=\"171\" data-original-height=\"128\" itemprop=\"http:\/\/schema.org\/image\" title=\"IMG_1432\" alt=\"IMG_1432\" style=\"width: 171px; height: 128px;\" \/> <\/a> <\/div> <\/div> <!-- close group --> <div class=\"gallery-group images-1\" style=\"width: 175px; height: 132px;\" data-original-width=\"175\" data-original-height=\"132\" > <div class=\"tiled-gallery-item tiled-gallery-item-small\" itemprop=\"associatedMedia\" itemscope itemtype=\"http:\/\/schema.org\/ImageObject\"> <a href=\"https:\/\/i0.wp.com\/blog.kunstgriff.net\/wp-content\/uploads\/2011\/03\/IMG_1441.jpg?ssl=1\" border=\"0\" itemprop=\"url\"> <meta itemprop=\"width\" content=\"171\"> <meta itemprop=\"height\" content=\"128\"> <img decoding=\"async\" class=\"\" data-attachment-id=\"3819\" data-orig-file=\"https:\/\/blog.kunstgriff.net\/wp-content\/uploads\/2011\/03\/IMG_1441.jpg\" data-orig-size=\"800,600\" data-comments-opened=\"1\" data-image-meta=\"{&quot;aperture&quot;:&quot;2.8&quot;,&quot;credit&quot;:&quot;&quot;,&quot;camera&quot;:&quot;Canon DIGITAL IXUS 870 IS&quot;,&quot;caption&quot;:&quot;&quot;,&quot;created_timestamp&quot;:&quot;1299411919&quot;,&quot;copyright&quot;:&quot;&quot;,&quot;focal_length&quot;:&quot;5&quot;,&quot;iso&quot;:&quot;80&quot;,&quot;shutter_speed&quot;:&quot;0.002&quot;,&quot;title&quot;:&quot;&quot;}\" data-image-title=\"IMG_1441\" data-image-description=\"\" data-medium-file=\"https:\/\/i0.wp.com\/blog.kunstgriff.net\/wp-content\/uploads\/2011\/03\/IMG_1441.jpg?fit=300%2C225&#038;ssl=1\" data-large-file=\"https:\/\/i0.wp.com\/blog.kunstgriff.net\/wp-content\/uploads\/2011\/03\/IMG_1441.jpg?fit=800%2C600&#038;ssl=1\" src=\"https:\/\/i0.wp.com\/blog.kunstgriff.net\/wp-content\/uploads\/2011\/03\/IMG_1441.jpg?w=171&#038;h=128&#038;ssl=1\" srcset=\"https:\/\/i0.wp.com\/blog.kunstgriff.net\/wp-content\/uploads\/2011\/03\/IMG_1441.jpg?w=800&amp;ssl=1 800w, https:\/\/i0.wp.com\/blog.kunstgriff.net\/wp-content\/uploads\/2011\/03\/IMG_1441.jpg?resize=300%2C225&amp;ssl=1 300w\" width=\"171\" height=\"128\" loading=\"lazy\" data-original-width=\"171\" data-original-height=\"128\" itemprop=\"http:\/\/schema.org\/image\" title=\"IMG_1441\" alt=\"IMG_1441\" style=\"width: 171px; height: 128px;\" \/> <\/a> <\/div> <\/div> <!-- close group --> <\/div> <!-- close row --> <div class=\"gallery-row\" style=\"width: 525px; height: 99px;\" data-original-width=\"525\" data-original-height=\"99\" > <div class=\"gallery-group images-1\" style=\"width: 132px; height: 99px;\" data-original-width=\"132\" data-original-height=\"99\" > <div class=\"tiled-gallery-item tiled-gallery-item-small\" itemprop=\"associatedMedia\" itemscope itemtype=\"http:\/\/schema.org\/ImageObject\"> <a href=\"https:\/\/i0.wp.com\/blog.kunstgriff.net\/wp-content\/uploads\/2011\/03\/IMG_1442.jpg?ssl=1\" border=\"0\" itemprop=\"url\"> <meta itemprop=\"width\" content=\"128\"> <meta itemprop=\"height\" content=\"95\"> <img decoding=\"async\" class=\"\" data-attachment-id=\"3820\" data-orig-file=\"https:\/\/blog.kunstgriff.net\/wp-content\/uploads\/2011\/03\/IMG_1442.jpg\" data-orig-size=\"800,600\" data-comments-opened=\"1\" data-image-meta=\"{&quot;aperture&quot;:&quot;2.8&quot;,&quot;credit&quot;:&quot;&quot;,&quot;camera&quot;:&quot;Canon DIGITAL IXUS 870 IS&quot;,&quot;caption&quot;:&quot;&quot;,&quot;created_timestamp&quot;:&quot;1299411938&quot;,&quot;copyright&quot;:&quot;&quot;,&quot;focal_length&quot;:&quot;5&quot;,&quot;iso&quot;:&quot;200&quot;,&quot;shutter_speed&quot;:&quot;0.016666666666667&quot;,&quot;title&quot;:&quot;&quot;}\" data-image-title=\"IMG_1442\" data-image-description=\"\" data-medium-file=\"https:\/\/i0.wp.com\/blog.kunstgriff.net\/wp-content\/uploads\/2011\/03\/IMG_1442.jpg?fit=300%2C225&#038;ssl=1\" data-large-file=\"https:\/\/i0.wp.com\/blog.kunstgriff.net\/wp-content\/uploads\/2011\/03\/IMG_1442.jpg?fit=800%2C600&#038;ssl=1\" src=\"https:\/\/i0.wp.com\/blog.kunstgriff.net\/wp-content\/uploads\/2011\/03\/IMG_1442.jpg?w=128&#038;h=95&#038;ssl=1\" srcset=\"https:\/\/i0.wp.com\/blog.kunstgriff.net\/wp-content\/uploads\/2011\/03\/IMG_1442.jpg?w=800&amp;ssl=1 800w, https:\/\/i0.wp.com\/blog.kunstgriff.net\/wp-content\/uploads\/2011\/03\/IMG_1442.jpg?resize=300%2C225&amp;ssl=1 300w\" width=\"128\" height=\"95\" loading=\"lazy\" data-original-width=\"128\" data-original-height=\"95\" itemprop=\"http:\/\/schema.org\/image\" title=\"IMG_1442\" alt=\"IMG_1442\" style=\"width: 128px; height: 95px;\" \/> <\/a> <\/div> <\/div> <!-- close group --> <div class=\"gallery-group images-1\" style=\"width: 131px; height: 99px;\" data-original-width=\"131\" data-original-height=\"99\" > <div class=\"tiled-gallery-item tiled-gallery-item-small\" itemprop=\"associatedMedia\" itemscope itemtype=\"http:\/\/schema.org\/ImageObject\"> <a href=\"https:\/\/i0.wp.com\/blog.kunstgriff.net\/wp-content\/uploads\/2011\/03\/IMG_1443.jpg?ssl=1\" border=\"0\" itemprop=\"url\"> <meta itemprop=\"width\" content=\"127\"> <meta itemprop=\"height\" content=\"95\"> <img decoding=\"async\" class=\"\" data-attachment-id=\"3821\" data-orig-file=\"https:\/\/blog.kunstgriff.net\/wp-content\/uploads\/2011\/03\/IMG_1443.jpg\" data-orig-size=\"800,600\" data-comments-opened=\"1\" data-image-meta=\"{&quot;aperture&quot;:&quot;2.8&quot;,&quot;credit&quot;:&quot;&quot;,&quot;camera&quot;:&quot;Canon DIGITAL IXUS 870 IS&quot;,&quot;caption&quot;:&quot;&quot;,&quot;created_timestamp&quot;:&quot;1299411944&quot;,&quot;copyright&quot;:&quot;&quot;,&quot;focal_length&quot;:&quot;5&quot;,&quot;iso&quot;:&quot;200&quot;,&quot;shutter_speed&quot;:&quot;0.02&quot;,&quot;title&quot;:&quot;&quot;}\" data-image-title=\"IMG_1443\" data-image-description=\"\" data-medium-file=\"https:\/\/i0.wp.com\/blog.kunstgriff.net\/wp-content\/uploads\/2011\/03\/IMG_1443.jpg?fit=300%2C225&#038;ssl=1\" data-large-file=\"https:\/\/i0.wp.com\/blog.kunstgriff.net\/wp-content\/uploads\/2011\/03\/IMG_1443.jpg?fit=800%2C600&#038;ssl=1\" src=\"https:\/\/i0.wp.com\/blog.kunstgriff.net\/wp-content\/uploads\/2011\/03\/IMG_1443.jpg?w=127&#038;h=95&#038;ssl=1\" srcset=\"https:\/\/i0.wp.com\/blog.kunstgriff.net\/wp-content\/uploads\/2011\/03\/IMG_1443.jpg?w=800&amp;ssl=1 800w, https:\/\/i0.wp.com\/blog.kunstgriff.net\/wp-content\/uploads\/2011\/03\/IMG_1443.jpg?resize=300%2C225&amp;ssl=1 300w\" width=\"127\" height=\"95\" loading=\"lazy\" data-original-width=\"127\" data-original-height=\"95\" itemprop=\"http:\/\/schema.org\/image\" title=\"IMG_1443\" alt=\"IMG_1443\" style=\"width: 127px; height: 95px;\" \/> <\/a> <\/div> <\/div> <!-- close group --> <div class=\"gallery-group images-1\" style=\"width: 131px; height: 99px;\" data-original-width=\"131\" data-original-height=\"99\" > <div class=\"tiled-gallery-item tiled-gallery-item-small\" itemprop=\"associatedMedia\" itemscope itemtype=\"http:\/\/schema.org\/ImageObject\"> <a href=\"https:\/\/i0.wp.com\/blog.kunstgriff.net\/wp-content\/uploads\/2011\/03\/IMG_1445.jpg?ssl=1\" border=\"0\" itemprop=\"url\"> <meta itemprop=\"width\" content=\"127\"> <meta itemprop=\"height\" content=\"95\"> <img decoding=\"async\" class=\"\" data-attachment-id=\"3822\" data-orig-file=\"https:\/\/blog.kunstgriff.net\/wp-content\/uploads\/2011\/03\/IMG_1445.jpg\" data-orig-size=\"800,600\" data-comments-opened=\"1\" data-image-meta=\"{&quot;aperture&quot;:&quot;5.6&quot;,&quot;credit&quot;:&quot;&quot;,&quot;camera&quot;:&quot;Canon DIGITAL IXUS 870 IS&quot;,&quot;caption&quot;:&quot;&quot;,&quot;created_timestamp&quot;:&quot;1299412171&quot;,&quot;copyright&quot;:&quot;&quot;,&quot;focal_length&quot;:&quot;5&quot;,&quot;iso&quot;:&quot;250&quot;,&quot;shutter_speed&quot;:&quot;0.016666666666667&quot;,&quot;title&quot;:&quot;&quot;}\" data-image-title=\"IMG_1445\" data-image-description=\"\" data-medium-file=\"https:\/\/i0.wp.com\/blog.kunstgriff.net\/wp-content\/uploads\/2011\/03\/IMG_1445.jpg?fit=300%2C225&#038;ssl=1\" data-large-file=\"https:\/\/i0.wp.com\/blog.kunstgriff.net\/wp-content\/uploads\/2011\/03\/IMG_1445.jpg?fit=800%2C600&#038;ssl=1\" src=\"https:\/\/i0.wp.com\/blog.kunstgriff.net\/wp-content\/uploads\/2011\/03\/IMG_1445.jpg?w=127&#038;h=95&#038;ssl=1\" srcset=\"https:\/\/i0.wp.com\/blog.kunstgriff.net\/wp-content\/uploads\/2011\/03\/IMG_1445.jpg?w=800&amp;ssl=1 800w, https:\/\/i0.wp.com\/blog.kunstgriff.net\/wp-content\/uploads\/2011\/03\/IMG_1445.jpg?resize=300%2C225&amp;ssl=1 300w\" width=\"127\" height=\"95\" loading=\"lazy\" data-original-width=\"127\" data-original-height=\"95\" itemprop=\"http:\/\/schema.org\/image\" title=\"IMG_1445\" alt=\"IMG_1445\" style=\"width: 127px; height: 95px;\" \/> <\/a> <\/div> <\/div> <!-- close group --> <div class=\"gallery-group images-1\" style=\"width: 131px; height: 99px;\" data-original-width=\"131\" data-original-height=\"99\" > <div class=\"tiled-gallery-item tiled-gallery-item-small\" itemprop=\"associatedMedia\" itemscope itemtype=\"http:\/\/schema.org\/ImageObject\"> <a href=\"https:\/\/i0.wp.com\/blog.kunstgriff.net\/wp-content\/uploads\/2011\/03\/IMG_1447.jpg?ssl=1\" border=\"0\" itemprop=\"url\"> <meta itemprop=\"width\" content=\"127\"> <meta itemprop=\"height\" content=\"95\"> <img decoding=\"async\" class=\"\" data-attachment-id=\"3823\" data-orig-file=\"https:\/\/blog.kunstgriff.net\/wp-content\/uploads\/2011\/03\/IMG_1447.jpg\" data-orig-size=\"800,600\" data-comments-opened=\"1\" data-image-meta=\"{&quot;aperture&quot;:&quot;2.8&quot;,&quot;credit&quot;:&quot;&quot;,&quot;camera&quot;:&quot;Canon DIGITAL IXUS 870 IS&quot;,&quot;caption&quot;:&quot;&quot;,&quot;created_timestamp&quot;:&quot;1299412203&quot;,&quot;copyright&quot;:&quot;&quot;,&quot;focal_length&quot;:&quot;5&quot;,&quot;iso&quot;:&quot;200&quot;,&quot;shutter_speed&quot;:&quot;0.016666666666667&quot;,&quot;title&quot;:&quot;&quot;}\" data-image-title=\"IMG_1447\" data-image-description=\"\" data-medium-file=\"https:\/\/i0.wp.com\/blog.kunstgriff.net\/wp-content\/uploads\/2011\/03\/IMG_1447.jpg?fit=300%2C225&#038;ssl=1\" data-large-file=\"https:\/\/i0.wp.com\/blog.kunstgriff.net\/wp-content\/uploads\/2011\/03\/IMG_1447.jpg?fit=800%2C600&#038;ssl=1\" src=\"https:\/\/i0.wp.com\/blog.kunstgriff.net\/wp-content\/uploads\/2011\/03\/IMG_1447.jpg?w=127&#038;h=95&#038;ssl=1\" srcset=\"https:\/\/i0.wp.com\/blog.kunstgriff.net\/wp-content\/uploads\/2011\/03\/IMG_1447.jpg?w=800&amp;ssl=1 800w, https:\/\/i0.wp.com\/blog.kunstgriff.net\/wp-content\/uploads\/2011\/03\/IMG_1447.jpg?resize=300%2C225&amp;ssl=1 300w\" width=\"127\" height=\"95\" loading=\"lazy\" data-original-width=\"127\" data-original-height=\"95\" itemprop=\"http:\/\/schema.org\/image\" title=\"IMG_1447\" alt=\"IMG_1447\" style=\"width: 127px; height: 95px;\" \/> <\/a> <\/div> <\/div> <!-- close group --> <\/div> <!-- close row --> <\/div>\n<p><iframe height='405' width='590' frameborder='0' allowtransparency='true' scrolling='no' src='https:\/\/www.strava.com\/activities\/700444857\/embed\/cf0b87e0367ac6496e65b8dfe35494d808e6c49d'><\/iframe><\/p>\n","protected":false},"excerpt":{"rendered":"<p>oder &#8222;Mit den Havellandriders auf Tour&#8220; Die Vorfreude auf die heutige B\u00e4ckerrunde,\u00a0zu der\u00a0Alexander aufgerufen hatte,\u00a0war gro\u00df,. Am 30. Oktober 2010 bin ich diese Strecke das letzte mal gefahren und es ist immer wieder ein Highlight, den leckeren Kuchenb\u00e4cker Konditor\u00a0Schmiedel in Fehrbellin zu betouren. Wir sieben Fahrer (Eric, Tom, Karsten, Mike, Alexander, Wolfgang und ich) harmonierten &hellip; <\/p>\n<p class=\"link-more\"><a href=\"https:\/\/blog.kunstgriff.net\/?p=3807\" class=\"more-link\"><span class=\"screen-reader-text\">\u201eB\u00e4ckerrunde nach Fehrbellin\u201c <\/span>weiterlesen<\/a><\/p>\n","protected":false},"author":2,"featured_media":0,"comment_status":"open","ping_status":"open","sticky":false,"template":"","format":"standard","meta":{"jetpack_post_was_ever_published":false,"_jetpack_newsletter_access":"","_jetpack_dont_email_post_to_subs":false,"_jetpack_newsletter_tier_id":0,"_jetpack_memberships_contains_paywalled_content":false,"_jetpack_memberships_contains_paid_content":false,"footnotes":""},"categories":[14,7],"tags":[],"class_list":["post-3807","post","type-post","status-publish","format-standard","hentry","category-radfahren","category-rennradfahren"],"jetpack_featured_media_url":"","jetpack_shortlink":"https:\/\/wp.me\/p8Cxe7-Zp","jetpack-related-posts":[{"id":13363,"url":"https:\/\/blog.kunstgriff.net\/?p=13363","url_meta":{"origin":3807,"position":0},"title":"B\u00e4ckerrunde nach Fehrbellin","author":"Georg","date":"Mai 1, 2016","format":false,"excerpt":"oder \u00bbKleine Gruppe \u2013 grosser Wind v3.0\u00abAch, was habe ich mich gefreut, als Karsten die B\u00e4ckerrunde nach Fehrbellin am Samstag annonciert hatte. Lange war ich dort schon nicht mehr gewesen und in sch\u00f6ner Gruppe mit neuem Renner w\u00fcrde die Ausfahrt\u00a0gleich doppelt Spass machen. So traf ich mich mit Alexander um\u2026","rel":"","context":"In &quot;Cake-Ride&quot;","block_context":{"text":"Cake-Ride","link":"https:\/\/blog.kunstgriff.net\/?cat=34"},"img":{"alt_text":"","src":"https:\/\/i0.wp.com\/blog.kunstgriff.net\/wp-content\/uploads\/2016\/05\/Kuchen-bei-Konditorei-Schmiedel-in-der-Sonne.jpg?fit=1200%2C900&ssl=1&resize=350%2C200","width":350,"height":200,"srcset":"https:\/\/i0.wp.com\/blog.kunstgriff.net\/wp-content\/uploads\/2016\/05\/Kuchen-bei-Konditorei-Schmiedel-in-der-Sonne.jpg?fit=1200%2C900&ssl=1&resize=350%2C200 1x, https:\/\/i0.wp.com\/blog.kunstgriff.net\/wp-content\/uploads\/2016\/05\/Kuchen-bei-Konditorei-Schmiedel-in-der-Sonne.jpg?fit=1200%2C900&ssl=1&resize=525%2C300 1.5x, https:\/\/i0.wp.com\/blog.kunstgriff.net\/wp-content\/uploads\/2016\/05\/Kuchen-bei-Konditorei-Schmiedel-in-der-Sonne.jpg?fit=1200%2C900&ssl=1&resize=700%2C400 2x, https:\/\/i0.wp.com\/blog.kunstgriff.net\/wp-content\/uploads\/2016\/05\/Kuchen-bei-Konditorei-Schmiedel-in-der-Sonne.jpg?fit=1200%2C900&ssl=1&resize=1050%2C600 3x"},"classes":[]},{"id":9137,"url":"https:\/\/blog.kunstgriff.net\/?p=9137","url_meta":{"origin":3807,"position":1},"title":"Kleine B\u00e4ckerrunde nach Fehrbellin","author":"Georg","date":"September 16, 2012","format":false,"excerpt":"oder \u00bbVierundzwanzig Radler wollen nur Eins: Kuchen\u00ab Heute stand wieder eine entspannte B\u00e4ckerrunde auf dem Zettel, zu der Alexander und ich uns um 10:30 Uhr auf den Weg zum bekannten Treffpunkt am Rathaus Falkensee machten. Wir staunten nicht schlecht, \u00fcber die gro\u00dfe Zahl an Radlern die heute die Konditorei Schmiedel\u2026","rel":"","context":"In &quot;Radfahren&quot;","block_context":{"text":"Radfahren","link":"https:\/\/blog.kunstgriff.net\/?cat=14"},"img":{"alt_text":"","src":"https:\/\/i0.wp.com\/blog.kunstgriff.net\/wp-content\/uploads\/2012\/09\/Rathaus-Gruppenfoto-mit-24-Radlern.jpg?fit=1000%2C750&ssl=1&resize=350%2C200","width":350,"height":200,"srcset":"https:\/\/i0.wp.com\/blog.kunstgriff.net\/wp-content\/uploads\/2012\/09\/Rathaus-Gruppenfoto-mit-24-Radlern.jpg?fit=1000%2C750&ssl=1&resize=350%2C200 1x, https:\/\/i0.wp.com\/blog.kunstgriff.net\/wp-content\/uploads\/2012\/09\/Rathaus-Gruppenfoto-mit-24-Radlern.jpg?fit=1000%2C750&ssl=1&resize=525%2C300 1.5x, https:\/\/i0.wp.com\/blog.kunstgriff.net\/wp-content\/uploads\/2012\/09\/Rathaus-Gruppenfoto-mit-24-Radlern.jpg?fit=1000%2C750&ssl=1&resize=700%2C400 2x"},"classes":[]},{"id":7428,"url":"https:\/\/blog.kunstgriff.net\/?p=7428","url_meta":{"origin":3807,"position":2},"title":"1. B\u00e4ckerrunde nach Fehrbellin in 2012","author":"Georg","date":"M\u00e4rz 4, 2012","format":false,"excerpt":"oder \u00bbRiesen Spass in gro\u00dfer Gruppe\u00abHeute stand endlich wieder einmal die B\u00e4cker-Runde nach Fehrbellin auf dem Zettel. Alexander hatte die Runde ausgerufen und mit ein wenig Werbung f\u00fcr die tolle Runde kamen fast zwanzig RadlerInnen zusammen um den Havell\u00e4nder Asphalt unter die R\u00e4der zu nehmen. Wie schon gestern freute ich\u2026","rel":"","context":"In &quot;Rennradfahren&quot;","block_context":{"text":"Rennradfahren","link":"https:\/\/blog.kunstgriff.net\/?cat=7"},"img":{"alt_text":"","src":"https:\/\/i0.wp.com\/blog.kunstgriff.net\/wp-content\/uploads\/2012\/03\/Die-ganze-grosse-Gruppe-kurz-vor-Fehrbellin-300x225.jpg?resize=350%2C200","width":350,"height":200},"classes":[]},{"id":10665,"url":"https:\/\/blog.kunstgriff.net\/?p=10665","url_meta":{"origin":3807,"position":3},"title":"B\u00e4ckerrunde nach Fehrbellin","author":"Georg","date":"Juli 21, 2013","format":false,"excerpt":"oder \u00bbSommer-Sonntags-Tour\u00ab Seit dem Pfingsmontag gab es schon keinen Konditor-Schmiedel Kuchen mehr f\u00fcr mich und so war es heute wirklich an der Zeit, dort mal wieder hin zu rollen. Bei Temperaturen jenseits der 20\u00b0C und strahlend blauem Himmel muss sowieso das Rennrad genutzt werden. Zu zehnt ging es vom bekannten\u2026","rel":"","context":"In &quot;Allgemein&quot;","block_context":{"text":"Allgemein","link":"https:\/\/blog.kunstgriff.net\/?cat=1"},"img":{"alt_text":"","src":"https:\/\/i0.wp.com\/blog.kunstgriff.net\/wp-content\/uploads\/2013\/07\/Paulinenaue-wir-kommen.jpg?fit=1200%2C900&ssl=1&resize=350%2C200","width":350,"height":200,"srcset":"https:\/\/i0.wp.com\/blog.kunstgriff.net\/wp-content\/uploads\/2013\/07\/Paulinenaue-wir-kommen.jpg?fit=1200%2C900&ssl=1&resize=350%2C200 1x, https:\/\/i0.wp.com\/blog.kunstgriff.net\/wp-content\/uploads\/2013\/07\/Paulinenaue-wir-kommen.jpg?fit=1200%2C900&ssl=1&resize=525%2C300 1.5x, https:\/\/i0.wp.com\/blog.kunstgriff.net\/wp-content\/uploads\/2013\/07\/Paulinenaue-wir-kommen.jpg?fit=1200%2C900&ssl=1&resize=700%2C400 2x, https:\/\/i0.wp.com\/blog.kunstgriff.net\/wp-content\/uploads\/2013\/07\/Paulinenaue-wir-kommen.jpg?fit=1200%2C900&ssl=1&resize=1050%2C600 3x"},"classes":[]},{"id":2622,"url":"https:\/\/blog.kunstgriff.net\/?p=2622","url_meta":{"origin":3807,"position":4},"title":"B\u00e4ckerrunde nach Fehrbellin","author":"Georg","date":"Oktober 30, 2010","format":false,"excerpt":"oder \"Endlich wieder Radfahren!\"Seit Hamburg -> Berlin bin ich nicht mehr auf dem Rennrad gesessen und das ist schon 14 Tage her! Solch lange Radpausen sind mir eigentlich fern, aber meine Erk\u00e4ltung und die Qu\u00e4lerei bei der Veranstaltung haben mir ein wenig mein liebstes Hobby verdorben. Nun riefen aber die\u2026","rel":"","context":"In &quot;Radfahren&quot;","block_context":{"text":"Radfahren","link":"https:\/\/blog.kunstgriff.net\/?cat=14"},"img":{"alt_text":"","src":"","width":0,"height":0},"classes":[]},{"id":8996,"url":"https:\/\/blog.kunstgriff.net\/?p=8996","url_meta":{"origin":3807,"position":5},"title":"Kleine B\u00e4ckerrunde nach Fehrbellin","author":"Georg","date":"August 26, 2012","format":false,"excerpt":"oder \u00bbwie aus einer GA2-Runde dann doch nur GA1 wurde\u00abNachdem wir gestern ein wenig l\u00e4nger unterwegs waren, sollte es heute eine Geniesser-GA2-Runde werden. Alexander und Christian passten mich um \u00bd-10 an der Metro ab und wir machten uns gemeinsam auf die Anreise zum Rathaus Falkensee. Dort wartete schon Adrian und\u2026","rel":"","context":"In &quot;Radfahren&quot;","block_context":{"text":"Radfahren","link":"https:\/\/blog.kunstgriff.net\/?cat=14"},"img":{"alt_text":"","src":"https:\/\/i0.wp.com\/blog.kunstgriff.net\/wp-content\/uploads\/2012\/08\/Lecker-Kuchen-bei-Konditor-Schmiedel.jpg?fit=1000%2C750&ssl=1&resize=350%2C200","width":350,"height":200,"srcset":"https:\/\/i0.wp.com\/blog.kunstgriff.net\/wp-content\/uploads\/2012\/08\/Lecker-Kuchen-bei-Konditor-Schmiedel.jpg?fit=1000%2C750&ssl=1&resize=350%2C200 1x, https:\/\/i0.wp.com\/blog.kunstgriff.net\/wp-content\/uploads\/2012\/08\/Lecker-Kuchen-bei-Konditor-Schmiedel.jpg?fit=1000%2C750&ssl=1&resize=525%2C300 1.5x, https:\/\/i0.wp.com\/blog.kunstgriff.net\/wp-content\/uploads\/2012\/08\/Lecker-Kuchen-bei-Konditor-Schmiedel.jpg?fit=1000%2C750&ssl=1&resize=700%2C400 2x"},"classes":[]}],"jetpack_likes_enabled":true,"jetpack_sharing_enabled":true,"_links":{"self":[{"href":"https:\/\/blog.kunstgriff.net\/index.php?rest_route=\/wp\/v2\/posts\/3807","targetHints":{"allow":["GET"]}}],"collection":[{"href":"https:\/\/blog.kunstgriff.net\/index.php?rest_route=\/wp\/v2\/posts"}],"about":[{"href":"https:\/\/blog.kunstgriff.net\/index.php?rest_route=\/wp\/v2\/types\/post"}],"author":[{"embeddable":true,"href":"https:\/\/blog.kunstgriff.net\/index.php?rest_route=\/wp\/v2\/users\/2"}],"replies":[{"embeddable":true,"href":"https:\/\/blog.kunstgriff.net\/index.php?rest_route=%2Fwp%2Fv2%2Fcomments&post=3807"}],"version-history":[{"count":0,"href":"https:\/\/blog.kunstgriff.net\/index.php?rest_route=\/wp\/v2\/posts\/3807\/revisions"}],"wp:attachment":[{"href":"https:\/\/blog.kunstgriff.net\/index.php?rest_route=%2Fwp%2Fv2%2Fmedia&parent=3807"}],"wp:term":[{"taxonomy":"category","embeddable":true,"href":"https:\/\/blog.kunstgriff.net\/index.php?rest_route=%2Fwp%2Fv2%2Fcategories&post=3807"},{"taxonomy":"post_tag","embeddable":true,"href":"https:\/\/blog.kunstgriff.net\/index.php?rest_route=%2Fwp%2Fv2%2Ftags&post=3807"}],"curies":[{"name":"wp","href":"https:\/\/api.w.org\/{rel}","templated":true}]}}