{"id":394,"date":"2009-05-20T18:20:51","date_gmt":"2009-05-20T17:20:51","guid":{"rendered":"http:\/\/blog.kunstgriff.net\/?p=394"},"modified":"2017-06-15T14:22:27","modified_gmt":"2017-06-15T12:22:27","slug":"itf-1-etappe-ludwigsfelde-meissen","status":"publish","type":"post","link":"https:\/\/blog.kunstgriff.net\/?p=394","title":{"rendered":"ITF 1. Etappe Ludwigsfelde -> Meissen"},"content":{"rendered":"<span class=\"span-reading-time rt-reading-time\" style=\"display: block;\"><span class=\"rt-label rt-prefix\">Lesezeit: <\/span> <span class=\"rt-time\"> 3<\/span> <span class=\"rt-label rt-postfix\">Minuten<\/span><\/span><p><strong>162,6 km \u2022&nbsp;412 H\u00f6henmeter<\/strong><\/p>\n<p>Christoph und ich trafen uns um 8 Uhr auf dem Bahnhof Gesundbrunnen um mit unseren R\u00e4dern und R\u00fccks\u00e4cken den Regionalexpress nach Ludwigsfelde zu nehmen. Auf dem Bahnhofsvorplatz dort sollte der Start zur Friedensfahrt 2009 stattfinden.<\/p>\n<p>Es erwarteten uns schon ca. 20 Rennradfahrer. Die Meisten im etwas gesetzteren Alter von 50+, ja auch Einige mit 70+ wo ich mich fragte, wie diese Herren eine solch lange Tour durchstehen w\u00fcrden. Aber dazu sp\u00e4ter mehr.<\/p>\n<p>Ein gro\u00dfer Fiat Ducato stand bereit um unsere Rucks\u00e4cke aufzunehmen. Vorher gab es noch die obligatorischen Namenschilder f\u00fcr das Gep\u00e4ck und den Rennradrahmen, sodass nichts verloren bzw. verwechselt werden konnte.<\/p>\n<p>Bei herrlichem Sonnenschein lie\u00df sich dann auch noch der B\u00fcrgermeister von Ludwigsfelde blicken und w\u00fcnschte allen Friedensfahrern ein gutes gelingen und posierte f\u00fcr das Gruppenfoto.<\/p>\n<p>P\u00fcnktlich um 9 Uhr ging es dann auch los auf die 160 km lange Etappe nach Mei\u00dfen. Aus Ludwigsfelde heraus wurde das Feld von trekkingrad-fahrenden Senioren angef\u00fchrt und ich machte mir ernsthaft Sorgen, wie wir das Tagesziel vor Sonnenuntergang wohl erreichen w\u00fcrden.<\/p>\n<p>Als wir dann das Ortsausgangsschild erreichten und keine Radwege zum Befahren mehr vorhanden waren ging auch die virtuelle Tachonadel nach oben und es pendelte sich eine Geschwindigkeit von 30 km\/h ein. Wir fuhren \u00fcber, aus dem M\u00f6we-Britz-RTF, bekannte Stra\u00dfen nach S\u00fcden. Den ersten Defekt eines Mitfahrers gab es nach ca. 80 km und es wurde ein Schlauch gewechselt und es gab ein wenig Zeit zum sonnen, plaudern und telefonieren.<\/p>\n<p>Nach 55 km wartete auf einer Lichtung Peter Scheunemann mit seiner Frau Christel mit einem Buffet, welches uns leckere Stullen mit vielen variablen Bel\u00e4gen bot, aber auch \u00c4pfel und Bananen wurden gereicht. Container mit Wasser und Tee standen bereit um die, bei manchen geleerten Trinkflaschen, zu f\u00fcllen. So sieht perfekte Organisation aus!<\/p>\n<p>Die Kilometer rollten sich prima durch herrliche Landschaften und es wurde selten langweilig da ich von vielen &#8222;Silberr\u00fccken&#8220; zu meinem Garmin-GPS befragt wurde. Ich hatte mir zuhause alle Strecken und Wegepunkte der Tour auf meinem MacBookPro zusammengeklickt und den Garmin die Etappe berechnen lassen. So war sichergestellt das wenn wir den vorgegebenen Weg verlassen w\u00fcrden, uns das Ger\u00e4t wieder auf den richtigen Weg f\u00fchren w\u00fcrde.<\/p>\n<p>Je weiter wir gen Meissen kamen, um so kleiner wurden die Ortschaften und um so weniger deutlich wurden die Ausschilderungen. Der ideale Zeitpunkt um den Touren-Guide Detlef zu entlasten und die F\u00fchrung zu \u00fcbernehmen.<\/p>\n<p>So erreichten wir nach 3:48 h und 110 km das zweite Buffet. Wir st\u00e4rkten uns erneut mit Nutella-Stullen und machten uns dann auf die letzten knapp 50 km des Tages nach Meissen.<\/p>\n<p>Die perfekt geplante Route f\u00fchrte uns bei herrlichem Sonnenschein entlang der Elbe: Links der kleinen Nebenstra\u00dfe Weinberge und rechts der breite Fluss, hinter mir 20 Radfahrer die flei\u00dfig folgten: Herrlich.<\/p>\n<p>Unser Ziel in Meissen war der Hauptbahnhof, von wo aus wir mit der S-Bahn nach Pirna, unserem Nachtquartier, fahren wollten. Wir nahmen die S-Bahn, da eine Durchfahrung der Landeshauptstadt Dresden mit so vielen Radfahrern doch ein zu nervenaufreibendes Unterfangen geworden w\u00e4re.<\/p>\n<p>Der <a href=\"http:\/\/www.amazon.de\/gp\/product\/B001690VC6\/ref=as_li_ss_tl?ie=UTF8&#038;tag=gaba08-21&#038;linkCode=as2&#038;camp=1638&#038;creative=19454&#038;creativeASIN=B001690VC6\">Garmin Edge 705<\/a><img loading=\"lazy\" decoding=\"async\" src=\"http:\/\/www.assoc-amazon.de\/e\/ir?t=&#038;l=as2&#038;o=3&#038;a=B001690VC6\" width=\"1\" height=\"1\" border=\"0\" alt=\"\" style=\"border:none !important; margin:0px !important;\" \/> f\u00fchrte mich und die mir folgende Gruppe pr\u00e4zise durch kleine Stra\u00dfen in Meissen geradewegs zum Bahnhof.<\/p>\n<p>Alle waren zufrieden, das es keine Verfahrer, Umwege oder Wendeman\u00f6ver nach 160 km auf dem Rad gab.<\/p>\n<p>Nach der rund 40 min\u00fctigen S-Bahn-Fahrt radelten wir mit unseren R\u00e4dern in die etwa 2 km entfernte Jugendherberge, welche unser erstes Nachtquartier werden sollte. Der wenig charmante Plattenbau direkt neben einem Sportplatz erwies sich jedoch als grundsaniert und die Etagenbetten waren recht komfortabel. Nach dem Abendessen &#8211; Gulasch mit Serviettenkn\u00f6deln und Kartoffeln ging es dann auch ersch\u00f6pft aber zufrieden in das selbst bezogene Etagenbett.<\/p>\n<p>Gegen drei Uhr in der Fr\u00fch wurde ich durch ein starkes Gewitter geweckt: Es donnerte und blitzte so stark das mir Angst und Bange f\u00fcr die folgende Etappe wurde.<\/p>\n<p><iframe height='405' width='590' frameborder='0' allowtransparency='true' scrolling='no' src='https:\/\/www.strava.com\/activities\/698664574\/embed\/2985ece99777dfc7983f71d43cc4df9aa902337f'><\/iframe><\/p>\n","protected":false},"excerpt":{"rendered":"<p>162,6 km \u2022&nbsp;412 H\u00f6henmeter Christoph und ich trafen uns um 8 Uhr auf dem Bahnhof Gesundbrunnen um mit unseren R\u00e4dern und R\u00fccks\u00e4cken den Regionalexpress nach Ludwigsfelde zu nehmen. Auf dem Bahnhofsvorplatz dort sollte der Start zur Friedensfahrt 2009 stattfinden. Es erwarteten uns schon ca. 20 Rennradfahrer. Die Meisten im etwas gesetzteren Alter von 50+, ja &hellip; <\/p>\n<p class=\"link-more\"><a href=\"https:\/\/blog.kunstgriff.net\/?p=394\" class=\"more-link\"><span class=\"screen-reader-text\">\u201eITF 1. Etappe Ludwigsfelde -> Meissen\u201c <\/span>weiterlesen<\/a><\/p>\n","protected":false},"author":2,"featured_media":0,"comment_status":"open","ping_status":"open","sticky":false,"template":"","format":"standard","meta":{"jetpack_post_was_ever_published":false,"_jetpack_newsletter_access":"","_jetpack_dont_email_post_to_subs":false,"_jetpack_newsletter_tier_id":0,"_jetpack_memberships_contains_paywalled_content":false,"_jetpack_memberships_contains_paid_content":false,"footnotes":""},"categories":[35,14,13,7,36],"tags":[],"class_list":["post-394","post","type-post","status-publish","format-standard","hentry","category-garmin","category-radfahren","category-radreise","category-rennradfahren","category-veranstaltungen"],"jetpack_featured_media_url":"","jetpack_shortlink":"https:\/\/wp.me\/p8Cxe7-6m","jetpack-related-posts":[{"id":4699,"url":"https:\/\/blog.kunstgriff.net\/?p=4699","url_meta":{"origin":394,"position":0},"title":"Auf Friedensfahrt\u2013Kurs 2011 1. Tag Prolog von Ludwigsfelde -> Leipzig","author":"Georg","date":"Juni 1, 2011","format":false,"excerpt":"150,42 km | 303 H\u00f6henmeter Treffpunkt war Dienstag um 9:15 am Bahnhof S\u00fcdkreuz um gemeinsam mit dem Regionalexpress zum Startpunkt des Prologs zur ITF 2011 in Ludwigsfelde zu fahren. Als wir dort um 9:30 Uhr eintrafen waren der B\u00fcrgermeister von Ludwigsfelde, Peter Scheunemann, etliche Radfahrer und viele dunkle Wolken schon\u2026","rel":"","context":"In &quot;Besonderes Ereignis&quot;","block_context":{"text":"Besonderes Ereignis","link":"https:\/\/blog.kunstgriff.net\/?cat=25"},"img":{"alt_text":"","src":"https:\/\/i0.wp.com\/blog.kunstgriff.net\/wp-content\/uploads\/2011\/06\/IMG_2165-300x225.jpg?resize=350%2C200","width":350,"height":200},"classes":[]},{"id":1605,"url":"https:\/\/blog.kunstgriff.net\/?p=1605","url_meta":{"origin":394,"position":1},"title":"Ludwigsfelde->Constappel (Stopp-o-mat)","author":"Georg","date":"Juni 12, 2010","format":false,"excerpt":"F\u00fcr den heutigen Samstag hatte Peter H. eine interessante Tour geplant, welche ich mir nicht entgehen lassen wollte: Es sollte mit dem RegionalExpress ins nahe Ludwigsfelde gehen, von dort wollten wir ca. 170 km zum Stopp-O-Mat in Constappel, nahe Mei\u00dfen fahren und diesen auch austesten. Die Strecke war Peter und\u2026","rel":"","context":"In &quot;Garmin&quot;","block_context":{"text":"Garmin","link":"https:\/\/blog.kunstgriff.net\/?cat=35"},"img":{"alt_text":"","src":"https:\/\/i0.wp.com\/blog.kunstgriff.net\/wp-content\/uploads\/2010\/06\/DSCF1188.jpg?fit=800%2C600&ssl=1&resize=350%2C200","width":350,"height":200,"srcset":"https:\/\/i0.wp.com\/blog.kunstgriff.net\/wp-content\/uploads\/2010\/06\/DSCF1188.jpg?fit=800%2C600&ssl=1&resize=350%2C200 1x, https:\/\/i0.wp.com\/blog.kunstgriff.net\/wp-content\/uploads\/2010\/06\/DSCF1188.jpg?fit=800%2C600&ssl=1&resize=525%2C300 1.5x, https:\/\/i0.wp.com\/blog.kunstgriff.net\/wp-content\/uploads\/2010\/06\/DSCF1188.jpg?fit=800%2C600&ssl=1&resize=700%2C400 2x"},"classes":[]},{"id":10243,"url":"https:\/\/blog.kunstgriff.net\/?p=10243","url_meta":{"origin":394,"position":2},"title":"Auf Friedensfahrt\u2013Kurs 2013 1. Tag: Ludwigsfelde -> Leipzig","author":"Georg","date":"Mai 7, 2013","format":false,"excerpt":"156,56 km | 342 H\u00f6henmeterEndlich war es wieder soweit und ca. 30 Radler trafen sich in Ludwigsfelde um sich auf den Pre-Prolog nach Leipzig zu machen. Bevor es raus aus der Stadt ging, wurden noch die umgesetzten Findlinge vor einem Altenheim besichtigt. Danach dann \u00bbSport frei\u00ab und mit einer netten\u2026","rel":"","context":"In &quot;Besonderes Ereignis&quot;","block_context":{"text":"Besonderes Ereignis","link":"https:\/\/blog.kunstgriff.net\/?cat=25"},"img":{"alt_text":"","src":"https:\/\/i0.wp.com\/blog.kunstgriff.net\/wp-content\/uploads\/2013\/05\/On-the-road-to-Leipzig.jpg?fit=1000%2C750&ssl=1&resize=350%2C200","width":350,"height":200,"srcset":"https:\/\/i0.wp.com\/blog.kunstgriff.net\/wp-content\/uploads\/2013\/05\/On-the-road-to-Leipzig.jpg?fit=1000%2C750&ssl=1&resize=350%2C200 1x, https:\/\/i0.wp.com\/blog.kunstgriff.net\/wp-content\/uploads\/2013\/05\/On-the-road-to-Leipzig.jpg?fit=1000%2C750&ssl=1&resize=525%2C300 1.5x, https:\/\/i0.wp.com\/blog.kunstgriff.net\/wp-content\/uploads\/2013\/05\/On-the-road-to-Leipzig.jpg?fit=1000%2C750&ssl=1&resize=700%2C400 2x"},"classes":[]},{"id":7900,"url":"https:\/\/blog.kunstgriff.net\/?p=7900","url_meta":{"origin":394,"position":3},"title":"Auf Friedensfahrt \u2013 Kurs 2012 1. Tag: Ludwigsfelde -> Magdeburg","author":"Georg","date":"Mai 15, 2012","format":false,"excerpt":"143,68 km | 390 H\u00f6henmeter Alle Rennradbuddies waren bereits im RE5 nach Ludwigsfelde, als ich zustieg. In dem kleinen Ort s\u00fcdlich von Berlin, erwartete uns schon ein freudig strahlender Peter Scheunemann, der uns nach dem Gep\u00e4ckverladen und dem notorischen Gruppenfoto auf die Reise gen Westen nach Magdeburg schickte. Schnell merkte\u2026","rel":"","context":"In &quot;Besonderes Ereignis&quot;","block_context":{"text":"Besonderes Ereignis","link":"https:\/\/blog.kunstgriff.net\/?cat=25"},"img":{"alt_text":"","src":"https:\/\/i0.wp.com\/blog.kunstgriff.net\/wp-content\/uploads\/2012\/05\/Start-auf-Friedensfahrt-Kurs-2012-in-Ludwigsfelde.jpg?resize=350%2C200","width":350,"height":200,"srcset":"https:\/\/i0.wp.com\/blog.kunstgriff.net\/wp-content\/uploads\/2012\/05\/Start-auf-Friedensfahrt-Kurs-2012-in-Ludwigsfelde.jpg?resize=350%2C200 1x, https:\/\/i0.wp.com\/blog.kunstgriff.net\/wp-content\/uploads\/2012\/05\/Start-auf-Friedensfahrt-Kurs-2012-in-Ludwigsfelde.jpg?resize=525%2C300 1.5x, https:\/\/i0.wp.com\/blog.kunstgriff.net\/wp-content\/uploads\/2012\/05\/Start-auf-Friedensfahrt-Kurs-2012-in-Ludwigsfelde.jpg?resize=700%2C400 2x"},"classes":[]},{"id":17798,"url":"https:\/\/blog.kunstgriff.net\/?p=17798","url_meta":{"origin":394,"position":4},"title":"Auf Friedensfahrt\u2013Kurs 2018 1. Tag: Ludwigsfelde -> Elsterwerda","author":"Georg","date":"Mai 8, 2018","format":false,"excerpt":"126 km | 443 H\u00f6henmeter Perfekte Bedingungen f\u00fcr den ersten Tag der ITF 2018: Temperaturen jenseits der 20\u00b0C und wolkenloser Himmel. So fuhr ich mit einem breiten Grinsen nach Ludwigsfelde Bahnhof. Peter und Christel und seine Crew erwarteten uns schon zum Gep\u00e4ck verladen. Alles bereits j\u00e4hrliche Routine. Zum 9. mal\u2026","rel":"","context":"In &quot;Radfahren&quot;","block_context":{"text":"Radfahren","link":"https:\/\/blog.kunstgriff.net\/?cat=14"},"img":{"alt_text":"","src":"https:\/\/i0.wp.com\/blog.kunstgriff.net\/wp-content\/uploads\/2018\/05\/Gruppenfoto.jpg?fit=1200%2C800&ssl=1&resize=350%2C200","width":350,"height":200,"srcset":"https:\/\/i0.wp.com\/blog.kunstgriff.net\/wp-content\/uploads\/2018\/05\/Gruppenfoto.jpg?fit=1200%2C800&ssl=1&resize=350%2C200 1x, https:\/\/i0.wp.com\/blog.kunstgriff.net\/wp-content\/uploads\/2018\/05\/Gruppenfoto.jpg?fit=1200%2C800&ssl=1&resize=525%2C300 1.5x, https:\/\/i0.wp.com\/blog.kunstgriff.net\/wp-content\/uploads\/2018\/05\/Gruppenfoto.jpg?fit=1200%2C800&ssl=1&resize=700%2C400 2x, https:\/\/i0.wp.com\/blog.kunstgriff.net\/wp-content\/uploads\/2018\/05\/Gruppenfoto.jpg?fit=1200%2C800&ssl=1&resize=1050%2C600 3x"},"classes":[]},{"id":21169,"url":"https:\/\/blog.kunstgriff.net\/?p=21169","url_meta":{"origin":394,"position":5},"title":"Tiri-Breakfast-Club Ausfahrt #1","author":"Georg","date":"Mai 19, 2020","format":false,"excerpt":"Ohne Kuchen kann man auch Radfahren Das Wetter sah vielversprechend aus und auf alleine Fahren hatte ich in meinem Urlaub keine Lust. Da kommt Olegs Breakfast-Cycle-Club sehr gelegen. Dieser findet regelm\u00e4\u00dfig unter der Woche statt und zieht meist einige MitfahrerInnen an. Rechtzeitige Meldung ist Pflicht und dann geht es auch\u2026","rel":"","context":"In &quot;Radfahren&quot;","block_context":{"text":"Radfahren","link":"https:\/\/blog.kunstgriff.net\/?cat=14"},"img":{"alt_text":"Richtung Ludwigsfelde","src":"https:\/\/i0.wp.com\/blog.kunstgriff.net\/wp-content\/uploads\/2020\/05\/Richtung-Ludwigsfelde.jpg?fit=1200%2C800&ssl=1&resize=350%2C200","width":350,"height":200,"srcset":"https:\/\/i0.wp.com\/blog.kunstgriff.net\/wp-content\/uploads\/2020\/05\/Richtung-Ludwigsfelde.jpg?fit=1200%2C800&ssl=1&resize=350%2C200 1x, https:\/\/i0.wp.com\/blog.kunstgriff.net\/wp-content\/uploads\/2020\/05\/Richtung-Ludwigsfelde.jpg?fit=1200%2C800&ssl=1&resize=525%2C300 1.5x, https:\/\/i0.wp.com\/blog.kunstgriff.net\/wp-content\/uploads\/2020\/05\/Richtung-Ludwigsfelde.jpg?fit=1200%2C800&ssl=1&resize=700%2C400 2x, https:\/\/i0.wp.com\/blog.kunstgriff.net\/wp-content\/uploads\/2020\/05\/Richtung-Ludwigsfelde.jpg?fit=1200%2C800&ssl=1&resize=1050%2C600 3x"},"classes":[]}],"jetpack_likes_enabled":true,"jetpack_sharing_enabled":true,"_links":{"self":[{"href":"https:\/\/blog.kunstgriff.net\/index.php?rest_route=\/wp\/v2\/posts\/394","targetHints":{"allow":["GET"]}}],"collection":[{"href":"https:\/\/blog.kunstgriff.net\/index.php?rest_route=\/wp\/v2\/posts"}],"about":[{"href":"https:\/\/blog.kunstgriff.net\/index.php?rest_route=\/wp\/v2\/types\/post"}],"author":[{"embeddable":true,"href":"https:\/\/blog.kunstgriff.net\/index.php?rest_route=\/wp\/v2\/users\/2"}],"replies":[{"embeddable":true,"href":"https:\/\/blog.kunstgriff.net\/index.php?rest_route=%2Fwp%2Fv2%2Fcomments&post=394"}],"version-history":[{"count":0,"href":"https:\/\/blog.kunstgriff.net\/index.php?rest_route=\/wp\/v2\/posts\/394\/revisions"}],"wp:attachment":[{"href":"https:\/\/blog.kunstgriff.net\/index.php?rest_route=%2Fwp%2Fv2%2Fmedia&parent=394"}],"wp:term":[{"taxonomy":"category","embeddable":true,"href":"https:\/\/blog.kunstgriff.net\/index.php?rest_route=%2Fwp%2Fv2%2Fcategories&post=394"},{"taxonomy":"post_tag","embeddable":true,"href":"https:\/\/blog.kunstgriff.net\/index.php?rest_route=%2Fwp%2Fv2%2Ftags&post=394"}],"curies":[{"name":"wp","href":"https:\/\/api.w.org\/{rel}","templated":true}]}}