{"id":4030,"date":"2011-03-27T16:42:52","date_gmt":"2011-03-27T14:42:52","guid":{"rendered":"http:\/\/blog.kunstgriff.net\/?p=4030"},"modified":"2016-09-01T14:12:18","modified_gmt":"2016-09-01T12:12:18","slug":"kurze-nordrunde-uber-kremmen-5","status":"publish","type":"post","link":"https:\/\/blog.kunstgriff.net\/?p=4030","title":{"rendered":"Kurze Nordrunde \u00fcber Kremmen"},"content":{"rendered":"<span class=\"span-reading-time rt-reading-time\" style=\"display: block;\"><span class=\"rt-label rt-prefix\">Lesezeit: <\/span> <span class=\"rt-time\"> &lt; 1<\/span> <span class=\"rt-label rt-postfix\">Minute<\/span><\/span><h4>oder &#8222;Fr\u00fchlings- oder doch Winter-Training?&#8220;<\/h4>\n<hr \/>\n<p>Leider schaffte ich es nicht, mit den Runden, welche heute angeboten wurden, mitzufahren. Da blieb mir nur, alleine eine Runde zu drehen. 4\u00b0C waren mir heute zu kalt f\u00fcr ein <em>100-Plus-Kilometer-<\/em>Runde, so entschloss ich mich, meine beliebte Referenzstrecke abzuradeln.<\/p>\n<p>Leider f\u00fchlte ich mich leer und ohne Energie. Der Puls war f\u00fcr die Belastung normal, es dauerte aber bis hinter Germensdorf (30 km) bis die Sonne richtig herauskam und auch meine Laune stieg. Ordentlich Druck auf den Pedalen war aber trotzdem nicht da. Keine Ahnung woran das lag, ich hoffe nicht, das mir irgendein Mineral fehlt. Vielleicht sollte ich mich wieder ausgewogener Ern\u00e4hren oder mir bekommt das kalte Wetter einfach nicht. <em>Kurz\/Kurz-<\/em>Fahren ist einfach eine ganz andere Nummer, also das dick eingepackte Radeln in Winter-Radsportkleidung.<\/p>\n<p>Die Strecke war gut zu befahren und mit der Sonne war es dann auch wirklich angenehm, aber wehe ich kam in ein dunkles Waldst\u00fcck, dort wurde es sofort merklich k\u00fchler. Eben echtes <em>Fr\u00fchlings<\/em>wetter, welches sich dann doch noch einstellte.<\/p>\n<p style=\"text-align: center;\"><a href=\"https:\/\/i0.wp.com\/blog.kunstgriff.net\/wp-content\/uploads\/2011\/03\/IMG_1701.jpg\"><img data-recalc-dims=\"1\" loading=\"lazy\" decoding=\"async\" data-attachment-id=\"4033\" data-permalink=\"https:\/\/blog.kunstgriff.net\/?attachment_id=4033\" data-orig-file=\"https:\/\/i0.wp.com\/blog.kunstgriff.net\/wp-content\/uploads\/2011\/03\/IMG_1701.jpg?fit=1000%2C750&amp;ssl=1\" data-orig-size=\"1000,750\" data-comments-opened=\"1\" data-image-meta=\"{&quot;aperture&quot;:&quot;2.8&quot;,&quot;credit&quot;:&quot;&quot;,&quot;camera&quot;:&quot;Canon DIGITAL IXUS 870 IS&quot;,&quot;caption&quot;:&quot;&quot;,&quot;created_timestamp&quot;:&quot;1301222397&quot;,&quot;copyright&quot;:&quot;&quot;,&quot;focal_length&quot;:&quot;5&quot;,&quot;iso&quot;:&quot;80&quot;,&quot;shutter_speed&quot;:&quot;0.0025&quot;,&quot;title&quot;:&quot;&quot;}\" data-image-title=\"IMG_1701\" data-image-description=\"\" data-image-caption=\"\" data-large-file=\"https:\/\/i0.wp.com\/blog.kunstgriff.net\/wp-content\/uploads\/2011\/03\/IMG_1701.jpg?fit=1000%2C750&amp;ssl=1\" class=\"aligncenter size-full wp-image-4033\" title=\"IMG_1701\" src=\"https:\/\/i0.wp.com\/blog.kunstgriff.net\/wp-content\/uploads\/2011\/03\/IMG_1701.jpg?resize=525%2C394\" alt=\"\" width=\"525\" height=\"394\" srcset=\"https:\/\/i0.wp.com\/blog.kunstgriff.net\/wp-content\/uploads\/2011\/03\/IMG_1701.jpg?w=1000&amp;ssl=1 1000w, https:\/\/i0.wp.com\/blog.kunstgriff.net\/wp-content\/uploads\/2011\/03\/IMG_1701.jpg?resize=300%2C225&amp;ssl=1 300w\" sizes=\"auto, (max-width: 525px) 100vw, 525px\" \/><\/a><\/p>\n<p style=\"text-align: center;\"><a href=\"https:\/\/i0.wp.com\/blog.kunstgriff.net\/wp-content\/uploads\/2011\/03\/IMG_1708.jpg\"><img data-recalc-dims=\"1\" loading=\"lazy\" decoding=\"async\" data-attachment-id=\"4040\" data-permalink=\"https:\/\/blog.kunstgriff.net\/?attachment_id=4040\" data-orig-file=\"https:\/\/i0.wp.com\/blog.kunstgriff.net\/wp-content\/uploads\/2011\/03\/IMG_1708.jpg?fit=1000%2C750&amp;ssl=1\" data-orig-size=\"1000,750\" data-comments-opened=\"1\" data-image-meta=\"{&quot;aperture&quot;:&quot;2.8&quot;,&quot;credit&quot;:&quot;&quot;,&quot;camera&quot;:&quot;Canon DIGITAL IXUS 870 IS&quot;,&quot;caption&quot;:&quot;&quot;,&quot;created_timestamp&quot;:&quot;1301222449&quot;,&quot;copyright&quot;:&quot;&quot;,&quot;focal_length&quot;:&quot;5&quot;,&quot;iso&quot;:&quot;80&quot;,&quot;shutter_speed&quot;:&quot;0.003125&quot;,&quot;title&quot;:&quot;&quot;}\" data-image-title=\"IMG_1708\" data-image-description=\"\" data-image-caption=\"\" data-large-file=\"https:\/\/i0.wp.com\/blog.kunstgriff.net\/wp-content\/uploads\/2011\/03\/IMG_1708.jpg?fit=1000%2C750&amp;ssl=1\" class=\"aligncenter size-full wp-image-4040\" title=\"IMG_1708\" src=\"https:\/\/i0.wp.com\/blog.kunstgriff.net\/wp-content\/uploads\/2011\/03\/IMG_1708.jpg?resize=525%2C394\" alt=\"\" width=\"525\" height=\"394\" srcset=\"https:\/\/i0.wp.com\/blog.kunstgriff.net\/wp-content\/uploads\/2011\/03\/IMG_1708.jpg?w=1000&amp;ssl=1 1000w, https:\/\/i0.wp.com\/blog.kunstgriff.net\/wp-content\/uploads\/2011\/03\/IMG_1708.jpg?resize=300%2C225&amp;ssl=1 300w\" sizes=\"auto, (max-width: 525px) 100vw, 525px\" \/><\/a><\/p>\n<p style=\"text-align: center;\">\n<p><iframe height='405' width='590' frameborder='0' allowtransparency='true' scrolling='no' src='https:\/\/www.strava.com\/activities\/13532700\/embed\/c15cd97137d6eca3e60e3e093cf4147838138dd4'><\/iframe><\/p>\n","protected":false},"excerpt":{"rendered":"<p>oder &#8222;Fr\u00fchlings- oder doch Winter-Training?&#8220; Leider schaffte ich es nicht, mit den Runden, welche heute angeboten wurden, mitzufahren. Da blieb mir nur, alleine eine Runde zu drehen. 4\u00b0C waren mir heute zu kalt f\u00fcr ein 100-Plus-Kilometer-Runde, so entschloss ich mich, meine beliebte Referenzstrecke abzuradeln. Leider f\u00fchlte ich mich leer und ohne Energie. Der Puls war &hellip; <\/p>\n<p class=\"link-more\"><a href=\"https:\/\/blog.kunstgriff.net\/?p=4030\" class=\"more-link\"><span class=\"screen-reader-text\">\u201eKurze Nordrunde \u00fcber Kremmen\u201c <\/span>weiterlesen<\/a><\/p>\n","protected":false},"author":2,"featured_media":0,"comment_status":"open","ping_status":"open","sticky":false,"template":"","format":"standard","meta":{"jetpack_post_was_ever_published":false,"_jetpack_newsletter_access":"","_jetpack_dont_email_post_to_subs":false,"_jetpack_newsletter_tier_id":0,"_jetpack_memberships_contains_paywalled_content":false,"_jetpack_memberships_contains_paid_content":false,"footnotes":""},"categories":[14,7],"tags":[],"class_list":["post-4030","post","type-post","status-publish","format-standard","hentry","category-radfahren","category-rennradfahren"],"jetpack_featured_media_url":"","jetpack_shortlink":"https:\/\/wp.me\/p8Cxe7-130","jetpack-related-posts":[{"id":1910,"url":"https:\/\/blog.kunstgriff.net\/?p=1910","url_meta":{"origin":4030,"position":0},"title":"Feierabenrunde Nonne -> Ferch","author":"Georg","date":"Juni 30, 2010","format":false,"excerpt":"oder \"Wie man den Schweinehund mit moderner Fitnesssoftware \u00fcberlisten kann\"Eigentlich war mir heute gar nicht nach Training: Da waren zum einen die 6.700 H\u00f6henmeter vom Wochenende, welche mir noch in den Beinen steckten, zum anderen war es irgendwie einfach zu warm um heute einen 100er zu fahren. Auch hatte ich\u2026","rel":"","context":"In &quot;Garmin&quot;","block_context":{"text":"Garmin","link":"https:\/\/blog.kunstgriff.net\/?cat=35"},"img":{"alt_text":"","src":"https:\/\/i0.wp.com\/blog.kunstgriff.net\/wp-content\/uploads\/2010\/06\/Kilometer2010.png?resize=350%2C200","width":350,"height":200},"classes":[]},{"id":2740,"url":"https:\/\/blog.kunstgriff.net\/?p=2740","url_meta":{"origin":4030,"position":1},"title":"Nordrunde \u00fcber Kremmen","author":"Georg","date":"November 7, 2010","format":false,"excerpt":"oder \"Kalt und verlaubt\"Obwohl mein Kettenbruder Sven F. heute eine Tour im Nordosten angeboten hat, und auch Christian und Bernd mit mir fahren wollten, zog ich es vor alleine meine Runde zu drehen. Zum Einen hatte ich nur ein begrenztes Zeitfenster f\u00fcr die Ausfahrt zum Anderen wollte ich mein Tempo\u2026","rel":"","context":"In &quot;Rennradfahren&quot;","block_context":{"text":"Rennradfahren","link":"https:\/\/blog.kunstgriff.net\/?cat=7"},"img":{"alt_text":"","src":"","width":0,"height":0},"classes":[]},{"id":7753,"url":"https:\/\/blog.kunstgriff.net\/?p=7753","url_meta":{"origin":4030,"position":2},"title":"Kurze Nordrunde \u00fcber Kremmen","author":"Georg","date":"April 19, 2012","format":false,"excerpt":"oder \u00bbPremiere in 2012\u00abDa heute nicht endlos Zeit zum Trainieren war, w\u00e4hle ich meine kurze Referenz-Strecke \u00fcber Kremmen. Ich bin sie in diesem Jahr noch nicht gefahren. Sie ist abwechslungsreich, in unter drei Stunden zu fahren und dient mir als idealer Benchmark meiner momentanen Leistungsf\u00e4higkeit. Die Beine f\u00fchlten sich heute\u2026","rel":"","context":"In &quot;Radfahren&quot;","block_context":{"text":"Radfahren","link":"https:\/\/blog.kunstgriff.net\/?cat=14"},"img":{"alt_text":"","src":"https:\/\/i0.wp.com\/blog.kunstgriff.net\/wp-content\/uploads\/2012\/04\/16-Minuten-Vorsprung.jpg?resize=350%2C200","width":350,"height":200,"srcset":"https:\/\/i0.wp.com\/blog.kunstgriff.net\/wp-content\/uploads\/2012\/04\/16-Minuten-Vorsprung.jpg?resize=350%2C200 1x, https:\/\/i0.wp.com\/blog.kunstgriff.net\/wp-content\/uploads\/2012\/04\/16-Minuten-Vorsprung.jpg?resize=525%2C300 1.5x"},"classes":[]},{"id":1143,"url":"https:\/\/blog.kunstgriff.net\/?p=1143","url_meta":{"origin":4030,"position":3},"title":"\u00bb10-Uhr-Gruppe\u00ab am Oster-Samstag","author":"Georg","date":"April 3, 2010","format":false,"excerpt":"Heute wollte ich es das Erste mal in diesem Jahr wagen mit der \u00bb10-Uhr-Gruppe\u00ab eine flotte Runde zu fahren. So startet ich um kurz nach halb 10 um p\u00fcnktlich am Auerbachtunnel zu sein. Ich war der Erste um f\u00fcnf vor 10 dort und machte mir Sorgen ob die Runde heute\u2026","rel":"","context":"In &quot;Radfahren&quot;","block_context":{"text":"Radfahren","link":"https:\/\/blog.kunstgriff.net\/?cat=14"},"img":{"alt_text":"","src":"","width":0,"height":0},"classes":[]},{"id":2339,"url":"https:\/\/blog.kunstgriff.net\/?p=2339","url_meta":{"origin":4030,"position":4},"title":"Nordrunde \u00fcber Kremmen","author":"Georg","date":"September 5, 2010","format":false,"excerpt":"oder \"3. Lunge & Top-Laune = Bestzeit?\"Heute, an diesem sonnigen Sonntag, war um 10 Uhr das informelle Treffen von Holger zur S\u00fcdafrika Reise angesetzt. Das Kennenlernen war sehr angenehm und ich freute mich bei diesem herrlichen fr\u00fch-Herbst-Wetter auf meine Trainingsrunde. F\u00fcr eine der diversen angebotenen Gruppen-Ausfahrten war es aber leider\u2026","rel":"","context":"In &quot;Garmin&quot;","block_context":{"text":"Garmin","link":"https:\/\/blog.kunstgriff.net\/?cat=35"},"img":{"alt_text":"","src":"http:\/\/www.assoc-amazon.de\/e\/ir?t=&l=as2&o=3&a=B001690VC6","width":350,"height":200},"classes":[]},{"id":6907,"url":"https:\/\/blog.kunstgriff.net\/?p=6907","url_meta":{"origin":4030,"position":5},"title":"ErgoPlanet-Puerto Vallarta otra vez","author":"Georg","date":"Dezember 11, 2011","format":false,"excerpt":"oder \u00bbVerlegenheitsrunde\u00abEigentlich war heute der 1. Lauf der ErgoBikeTrophy 2011\/2012 f\u00fcr mich auf dem Zettel. Ein Online-Rennen zu dem sich 150 (!) Ergonauten eingeschrieben hatten und dieses gleichzeitig gegeneinander fahren wollten. Ein Leckerbissen, den auch ich mir nicht entgehen lassen wollte. Die vorherige Feiernacht ist leider nicht ganz spurlos an\u2026","rel":"","context":"In &quot;Ergometer Training&quot;","block_context":{"text":"Ergometer Training","link":"https:\/\/blog.kunstgriff.net\/?cat=15"},"img":{"alt_text":"","src":"http:\/\/www.assoc-amazon.de\/e\/ir?t=gaba08-21&l=as2&o=3&a=B000K7DK5K","width":350,"height":200},"classes":[]}],"jetpack_likes_enabled":true,"jetpack_sharing_enabled":true,"_links":{"self":[{"href":"https:\/\/blog.kunstgriff.net\/index.php?rest_route=\/wp\/v2\/posts\/4030","targetHints":{"allow":["GET"]}}],"collection":[{"href":"https:\/\/blog.kunstgriff.net\/index.php?rest_route=\/wp\/v2\/posts"}],"about":[{"href":"https:\/\/blog.kunstgriff.net\/index.php?rest_route=\/wp\/v2\/types\/post"}],"author":[{"embeddable":true,"href":"https:\/\/blog.kunstgriff.net\/index.php?rest_route=\/wp\/v2\/users\/2"}],"replies":[{"embeddable":true,"href":"https:\/\/blog.kunstgriff.net\/index.php?rest_route=%2Fwp%2Fv2%2Fcomments&post=4030"}],"version-history":[{"count":0,"href":"https:\/\/blog.kunstgriff.net\/index.php?rest_route=\/wp\/v2\/posts\/4030\/revisions"}],"wp:attachment":[{"href":"https:\/\/blog.kunstgriff.net\/index.php?rest_route=%2Fwp%2Fv2%2Fmedia&parent=4030"}],"wp:term":[{"taxonomy":"category","embeddable":true,"href":"https:\/\/blog.kunstgriff.net\/index.php?rest_route=%2Fwp%2Fv2%2Fcategories&post=4030"},{"taxonomy":"post_tag","embeddable":true,"href":"https:\/\/blog.kunstgriff.net\/index.php?rest_route=%2Fwp%2Fv2%2Ftags&post=4030"}],"curies":[{"name":"wp","href":"https:\/\/api.w.org\/{rel}","templated":true}]}}