{"id":405,"date":"2009-11-21T21:36:56","date_gmt":"2009-11-21T20:36:56","guid":{"rendered":"http:\/\/blog.kunstgriff.net\/?p=405"},"modified":"2017-06-15T13:45:08","modified_gmt":"2017-06-15T11:45:08","slug":"prenzlauer-allee-strausberg-bernau-nonne","status":"publish","type":"post","link":"https:\/\/blog.kunstgriff.net\/?p=405","title":{"rendered":"Prenzlauer Allee->Strausberg->Bernau->Nonne"},"content":{"rendered":"<span class=\"span-reading-time rt-reading-time\" style=\"display: block;\"><span class=\"rt-label rt-prefix\">Lesezeit: <\/span> <span class=\"rt-time\"> &lt; 1<\/span> <span class=\"rt-label rt-postfix\">Minute<\/span><\/span><p>Bei Sonnenschein und angenehmen 14\u00baC hat Oliver zu dieser Tour eingeladen. Es kamen 8 Radler und eine Radlerin um diese Entschleunigte-Herbstrunde zu fahren.<\/p>\n<p>Es wurde dann aber, als wir aus der Stadt raus waren doch schneller gefahren als angesagt, woran ich nicht ganz unschuldig war. Ich war trotz Brauerreibesichtigung am Vorabend gut drauf und hatte jede Menge K\u00f6rner. Vor Bernau verloren wir dann noch einen Mitfahrer. In Karow bogen Christoph und ich rechts ab, da wir ja nicht zur\u00fcck nach Prenzlauer Berg wollten, sonder gen Westen. So fuhren wir \u00fcber L\u00fcbars zur\u00fcck in die Hauptstadt.<\/p>\n<p>Wir machten beide ganz sch\u00f6n Druck auf den letzten Kilometern, da wir beide Termine hatten die wir trotzdem nicht p\u00fcnktlich erreichen sollten.<\/p>\n<p><iframe height='405' width='590' frameborder='0' allowtransparency='true' scrolling='no' src='https:\/\/www.strava.com\/activities\/698672355\/embed\/69e028d311d204f11bf1ae0f4862ddd4e82fe3e9'><\/iframe><\/p>\n","protected":false},"excerpt":{"rendered":"<p>Bei Sonnenschein und angenehmen 14\u00baC hat Oliver zu dieser Tour eingeladen. Es kamen 8 Radler und eine Radlerin um diese Entschleunigte-Herbstrunde zu fahren. Es wurde dann aber, als wir aus der Stadt raus waren doch schneller gefahren als angesagt, woran ich nicht ganz unschuldig war. Ich war trotz Brauerreibesichtigung am Vorabend gut drauf und hatte &hellip; <\/p>\n<p class=\"link-more\"><a href=\"https:\/\/blog.kunstgriff.net\/?p=405\" class=\"more-link\"><span class=\"screen-reader-text\">\u201ePrenzlauer Allee->Strausberg->Bernau->Nonne\u201c <\/span>weiterlesen<\/a><\/p>\n","protected":false},"author":2,"featured_media":0,"comment_status":"open","ping_status":"open","sticky":false,"template":"","format":"standard","meta":{"jetpack_post_was_ever_published":false,"_jetpack_newsletter_access":"","_jetpack_dont_email_post_to_subs":false,"_jetpack_newsletter_tier_id":0,"_jetpack_memberships_contains_paywalled_content":false,"_jetpack_memberships_contains_paid_content":false,"footnotes":""},"categories":[14,7],"tags":[],"class_list":["post-405","post","type-post","status-publish","format-standard","hentry","category-radfahren","category-rennradfahren"],"jetpack_featured_media_url":"","jetpack_shortlink":"https:\/\/wp.me\/p8Cxe7-6x","jetpack-related-posts":[{"id":2366,"url":"https:\/\/blog.kunstgriff.net\/?p=2366","url_meta":{"origin":405,"position":0},"title":"Niederfinow-Frau K\u00fchn-Tour","author":"Georg","date":"September 11, 2010","format":false,"excerpt":"oder \"Viel Schweiss f\u00fcr ein paar Kartoffelpuffer\"Eigentlich wollte ich heute am Bodensee den Marathon fahren, aber da meine B\u00e4ren gestern so fr\u00fch los fahren wollten und ich viel Arbeit in meiner Firma zu erledigen hatte, musste dieses Event leider auf 2011 verschoben werden. Der Samstag war aber frei, das Wetter\u2026","rel":"","context":"In &quot;Rennradfahren&quot;","block_context":{"text":"Rennradfahren","link":"https:\/\/blog.kunstgriff.net\/?cat=7"},"img":{"alt_text":"","src":"","width":0,"height":0},"classes":[]},{"id":225,"url":"https:\/\/blog.kunstgriff.net\/?p=225","url_meta":{"origin":405,"position":1},"title":"Rennrad Herbsttraining: Prenzlauer Allee->Strausberg->Bernau->Home","author":"Georg","date":"Oktober 31, 2009","format":false,"excerpt":"Sch\u00f6ne Runde mit Oliver, Marcin, Christoph, Wolfgang und Bj\u00f6rn. Es ging relativ moderat \u00fcber doch recht volle Stra\u00dfen raus aus der Stadt. Das Wetter war herrlich: Fast wolkenloser Himmel und Sonnenschein bei 8\u00b0C. Hat sehr viel Spass gemacht, endlich mal wieder auf meinem Renner zu sitzen. Bin ja seit HH\u2026","rel":"","context":"In &quot;Radfahren&quot;","block_context":{"text":"Radfahren","link":"https:\/\/blog.kunstgriff.net\/?cat=14"},"img":{"alt_text":"Bildschirmfoto 2009-10-31 um 15.41.04","src":"https:\/\/i0.wp.com\/blog.kunstgriff.net\/wp-content\/uploads\/2009\/10\/Bildschirmfoto-2009-10-31-um-15.41.04.png?resize=350%2C200","width":350,"height":200},"classes":[]},{"id":2511,"url":"https:\/\/blog.kunstgriff.net\/?p=2511","url_meta":{"origin":405,"position":2},"title":"6. Prenzlauer H\u00fcgelmarathon 2010","author":"Georg","date":"Oktober 2, 2010","format":false,"excerpt":"oder \"H\u00fcgel & Wind - die Vierte\"Die Nacht war um 4:50 Uhr rum, denn ich musste die S-Bahn zur Sch\u00f6nhauser-Allee in den fernen Prenzlauer Berg erreichen. Dort wartete bereits um Punkt 6 mein Kettenbruder Christoph R. mit offenem Kofferraumdeckel um mein Rennrad zu verladen. Dies war schnell erledigt und schon\u2026","rel":"","context":"In &quot;Radfahren&quot;","block_context":{"text":"Radfahren","link":"https:\/\/blog.kunstgriff.net\/?cat=14"},"img":{"alt_text":"","src":"https:\/\/i0.wp.com\/blog.kunstgriff.net\/wp-content\/uploads\/2010\/10\/Bildschirmfoto-2010-10-02-um-19.10.11.png?resize=350%2C200","width":350,"height":200},"classes":[]},{"id":1149,"url":"https:\/\/blog.kunstgriff.net\/?p=1149","url_meta":{"origin":405,"position":3},"title":"Nordrunde &#8211; Ostermontag","author":"Georg","date":"April 5, 2010","format":false,"excerpt":"Matthias aka \u00bbOldboy\u00ab hatte schon am Karfreitag zu dieser sch\u00f6nen Nordrunde geladen, und da ich dieses Jahr noch nicht im Nord-Osten unterwegs war, freute ich mich auch die Strecke auf teils bekannten und unbekannten Wegen. Nach 15 km durch Tegel und Waidmannslust Anreise mit dem Rennrad trafen wir uns unter\u2026","rel":"","context":"In &quot;Radfahren&quot;","block_context":{"text":"Radfahren","link":"https:\/\/blog.kunstgriff.net\/?cat=14"},"img":{"alt_text":"","src":"","width":0,"height":0},"classes":[]},{"id":529,"url":"https:\/\/blog.kunstgriff.net\/?p=529","url_meta":{"origin":405,"position":4},"title":"lange Herbstrunde um den Werbelinsee","author":"Georg","date":"Dezember 5, 2009","format":false,"excerpt":"Irgendwie konnte ich mich fast gar nicht aufraffen um heute eine Tour zu fahren. Zum Einen liegt mir die Anfahrt nach Pankow durch die Stadt nicht sonderlich, zum Anderen machte der Blick auf den Au\u00dfenthermometer die Sache auch nicht einfacher: 2\u00b0C. Also ich dann um 9 Uhr zum B\u00e4cker ging\u2026","rel":"","context":"In &quot;Garmin&quot;","block_context":{"text":"Garmin","link":"https:\/\/blog.kunstgriff.net\/?cat=35"},"img":{"alt_text":"","src":"","width":0,"height":0},"classes":[]},{"id":323,"url":"https:\/\/blog.kunstgriff.net\/?p=323","url_meta":{"origin":405,"position":5},"title":"Nordrunde in netter Begleitung","author":"Georg","date":"November 14, 2009","format":false,"excerpt":"Nach einer ereignisreichen Wochen ohne eine einziges mal auf den Rad gesessen zu haben, war die Vorfreude gro\u00dfe auf eine Tour mit gleich-gesinnten Rennrad-Enthusiasten. Sotraf ich Wolfgang, der die Tour organisierte, Oliver und noch ein paar anderen Radler um Viertel nach Zehn in Tegel zu einer Runde n\u00f6rdlich von Berlin.\u2026","rel":"","context":"In &quot;Radfahren&quot;","block_context":{"text":"Radfahren","link":"https:\/\/blog.kunstgriff.net\/?cat=14"},"img":{"alt_text":"","src":"","width":0,"height":0},"classes":[]}],"jetpack_likes_enabled":true,"jetpack_sharing_enabled":true,"_links":{"self":[{"href":"https:\/\/blog.kunstgriff.net\/index.php?rest_route=\/wp\/v2\/posts\/405","targetHints":{"allow":["GET"]}}],"collection":[{"href":"https:\/\/blog.kunstgriff.net\/index.php?rest_route=\/wp\/v2\/posts"}],"about":[{"href":"https:\/\/blog.kunstgriff.net\/index.php?rest_route=\/wp\/v2\/types\/post"}],"author":[{"embeddable":true,"href":"https:\/\/blog.kunstgriff.net\/index.php?rest_route=\/wp\/v2\/users\/2"}],"replies":[{"embeddable":true,"href":"https:\/\/blog.kunstgriff.net\/index.php?rest_route=%2Fwp%2Fv2%2Fcomments&post=405"}],"version-history":[{"count":0,"href":"https:\/\/blog.kunstgriff.net\/index.php?rest_route=\/wp\/v2\/posts\/405\/revisions"}],"wp:attachment":[{"href":"https:\/\/blog.kunstgriff.net\/index.php?rest_route=%2Fwp%2Fv2%2Fmedia&parent=405"}],"wp:term":[{"taxonomy":"category","embeddable":true,"href":"https:\/\/blog.kunstgriff.net\/index.php?rest_route=%2Fwp%2Fv2%2Fcategories&post=405"},{"taxonomy":"post_tag","embeddable":true,"href":"https:\/\/blog.kunstgriff.net\/index.php?rest_route=%2Fwp%2Fv2%2Ftags&post=405"}],"curies":[{"name":"wp","href":"https:\/\/api.w.org\/{rel}","templated":true}]}}