{"id":4052,"date":"2011-04-03T18:18:05","date_gmt":"2011-04-03T16:18:05","guid":{"rendered":"http:\/\/blog.kunstgriff.net\/?p=4052"},"modified":"2016-09-01T14:09:13","modified_gmt":"2016-09-01T12:09:13","slug":"mallorca-trainingscamp-tag-1-sineu","status":"publish","type":"post","link":"https:\/\/blog.kunstgriff.net\/?p=4052","title":{"rendered":"Mallorca Trainingscamp &#8211; Tag 1 &#8211; Sineu"},"content":{"rendered":"<span class=\"span-reading-time rt-reading-time\" style=\"display: block;\"><span class=\"rt-label rt-prefix\">Lesezeit: <\/span> <span class=\"rt-time\"> 2<\/span> <span class=\"rt-label rt-postfix\">Minuten<\/span><\/span><p><strong>oder \u00bbErstmal aklimatisieren\u00ab<\/strong><\/p>\n<hr \/>\n<p>Nach eine kurzen Nacht und einem schlaflosen aber angenehmen Flug nach Palma, sa\u00dfen wir um kurz nach Neun in unserem Transferbus der uns ins Hotel Pollentia Club Resorts brachte. <em>Wird<\/em>, das waren Michael, Heiko, Holger, Ralph-Udo und ich.<\/p>\n<p>Nach dem flotten Einchecken machte sich Freude \u00fcber die W\u00e4rme, das tolle Zimmer im ersten Stock und die nahende Ausfahrt breit.<\/p>\n<p>Wir schauten, ob am Fr\u00fchst\u00fccksbuffet noch etwas vor unserer Ausfahrt zu holen war und entdeckten dabei Karin und Christoph, die noch am Fr\u00fchst\u00fccken waren. Die Freude \u00fcber das Wiedersehen war gro\u00df! Wenig sp\u00e4ter kamen auch Susanne, Ralph, Eric, Tom, Mike, Tine, Herbert und Urbi in den Fr\u00fchst\u00fccksraum und wir verabredeten eine Abfahrt f\u00fcr 12:30 Uhr.<\/p>\n<p>Leider hatte die Feinjustierung am Schaltwerk meines Renners den Transport nicht \u00fcberlebt und so musste ein au\u00dferplanm\u00e4\u00dfiger Boxenstop in der H\u00fcrzeler Werkstatt eingelegt werden. Gl\u00fccklicherweise hatte die Werkstatt das Teil und wechselte es professionell in wenigen Minuten\u00a0f\u00fcr 10 \u20ac aus. In S\u00fcdafrika hatte mich die gleiche Reparatur noch 20 \u20ac gekostet. Aber in der Not sind das Peanuts. Was ist eine gelungene, stressfreie Ausfahrt Wert? <em>Priceless\u2026<\/em><\/p>\n<p>Nun war ich zeitlich ein wenig in Verzug, denn der Garmin wollte noch scharf gemacht werden und umziehen und mit Sonnenmilch eincremen war ja durchaus auch noch irgendwie wichtig.<\/p>\n<p>Kurz nach halb Eins traf ich auf dem gro\u00dfen Hotelvorplatz ein. Alle warteten schon geduldig und freuten sich auf die gemeinsame Ausfahrt fern der Heimat. Karin, Christoph und Herbert wollten eine andere Runde fahren, da sie unsere Tour gestern schon genossen hatten. So fuhren wir gemeinsam durch Alcudia, f\u00fcllten unsere Flaschen an einem Supermarkt und fuhren gem\u00fctlich in Zweierreihen die K\u00fcstenstra\u00dfe entlang, bis sich unser Weg hinter dem <em>Platya de Muro<\/em> trennte. In<em> Petra<\/em> wollten wir uns im Stadtzentrum wieder sehen, um gemeinsam Mandelkuchen und Orangenh\u00e4lften zu verspeisen. Daraus wurde aber leider nichts, denn der <em>Cheftrainer <\/em><del datetime=\"2011-04-03T15:46:28+00:00\">wollte nicht mehr<\/del> hatte andere Pl\u00e4ne und so fuhren wir \u00fcber Llubi zur\u00fcck nach <a href=\"http:\/\/de.webcams.travel\/webcam\/1228499249-Wetter-View-from-Barnard-Hamilton-Properties-Puerto-Pollensa-Port-de-Pollen\u00e7a\" target=\"_blank\">Port de Pollen\u00e7a<\/a> um dort zu unserem Kaffee und Kuchen zu kommen. Dort genossen wir die w\u00e4rmende Sonne im Jachthafen, bevor es zur\u00fcck in die <em>HomeBase<\/em> ging.<\/p>\n<p><em>Fazit:<\/em> ein sch\u00f6ner erster Tag auf <em>der <\/em>Rennradinsel. Die DIstanz ist steigerungsf\u00e4hig, aber wir haben ja noch viel Zeit f\u00fcr mehr Kilometer und H\u00f6henmeter. <em>Freu mich auf Morgen!<\/em><\/p>\n<div class=\"tiled-gallery type-rectangular tiled-gallery-unresized\" data-original-width=\"525\" data-carousel-extra='{&quot;blog_id&quot;:1,&quot;permalink&quot;:&quot;https:\\\/\\\/blog.kunstgriff.net\\\/?p=4052&quot;,&quot;likes_blog_id&quot;:127394879}' itemscope itemtype=\"http:\/\/schema.org\/ImageGallery\" > <div class=\"gallery-row\" style=\"width: 525px; height: 264px;\" data-original-width=\"525\" data-original-height=\"264\" > <div class=\"gallery-group images-1\" style=\"width: 350px; height: 264px;\" data-original-width=\"350\" data-original-height=\"264\" > <div class=\"tiled-gallery-item tiled-gallery-item-large\" itemprop=\"associatedMedia\" itemscope itemtype=\"http:\/\/schema.org\/ImageObject\"> <a href=\"https:\/\/i0.wp.com\/blog.kunstgriff.net\/wp-content\/uploads\/2011\/04\/IMG_1709.jpg?ssl=1\" border=\"0\" itemprop=\"url\"> <meta itemprop=\"width\" content=\"346\"> <meta itemprop=\"height\" content=\"260\"> <img decoding=\"async\" class=\"\" data-attachment-id=\"4055\" data-orig-file=\"https:\/\/blog.kunstgriff.net\/wp-content\/uploads\/2011\/04\/IMG_1709.jpg\" data-orig-size=\"600,450\" data-comments-opened=\"1\" data-image-meta=\"{&quot;aperture&quot;:&quot;5.6&quot;,&quot;credit&quot;:&quot;&quot;,&quot;camera&quot;:&quot;Canon DIGITAL IXUS 870 IS&quot;,&quot;caption&quot;:&quot;&quot;,&quot;created_timestamp&quot;:&quot;1301827429&quot;,&quot;copyright&quot;:&quot;&quot;,&quot;focal_length&quot;:&quot;5&quot;,&quot;iso&quot;:&quot;80&quot;,&quot;shutter_speed&quot;:&quot;0.00125&quot;,&quot;title&quot;:&quot;&quot;}\" data-image-title=\"IMG_1709\" data-image-description=\"\" data-medium-file=\"https:\/\/i0.wp.com\/blog.kunstgriff.net\/wp-content\/uploads\/2011\/04\/IMG_1709.jpg?fit=300%2C225&#038;ssl=1\" data-large-file=\"https:\/\/i0.wp.com\/blog.kunstgriff.net\/wp-content\/uploads\/2011\/04\/IMG_1709.jpg?fit=600%2C450&#038;ssl=1\" src=\"https:\/\/i0.wp.com\/blog.kunstgriff.net\/wp-content\/uploads\/2011\/04\/IMG_1709.jpg?w=346&#038;h=260&#038;ssl=1\" srcset=\"https:\/\/i0.wp.com\/blog.kunstgriff.net\/wp-content\/uploads\/2011\/04\/IMG_1709.jpg?w=600&amp;ssl=1 600w, https:\/\/i0.wp.com\/blog.kunstgriff.net\/wp-content\/uploads\/2011\/04\/IMG_1709.jpg?resize=300%2C225&amp;ssl=1 300w\" width=\"346\" height=\"260\" loading=\"lazy\" data-original-width=\"346\" data-original-height=\"260\" itemprop=\"http:\/\/schema.org\/image\" title=\"IMG_1709\" alt=\"IMG_1709\" style=\"width: 346px; height: 260px;\" \/> <\/a> <\/div> <\/div> <!-- close group --> <div class=\"gallery-group images-2\" style=\"width: 175px; height: 264px;\" data-original-width=\"175\" data-original-height=\"264\" > <div class=\"tiled-gallery-item tiled-gallery-item-small\" itemprop=\"associatedMedia\" itemscope itemtype=\"http:\/\/schema.org\/ImageObject\"> <a href=\"https:\/\/i0.wp.com\/blog.kunstgriff.net\/wp-content\/uploads\/2011\/04\/IMG_1711.jpg?ssl=1\" border=\"0\" itemprop=\"url\"> <meta itemprop=\"width\" content=\"171\"> <meta itemprop=\"height\" content=\"128\"> <img decoding=\"async\" class=\"\" data-attachment-id=\"4056\" data-orig-file=\"https:\/\/blog.kunstgriff.net\/wp-content\/uploads\/2011\/04\/IMG_1711.jpg\" data-orig-size=\"600,450\" data-comments-opened=\"1\" data-image-meta=\"{&quot;aperture&quot;:&quot;5.6&quot;,&quot;credit&quot;:&quot;&quot;,&quot;camera&quot;:&quot;Canon DIGITAL IXUS 870 IS&quot;,&quot;caption&quot;:&quot;&quot;,&quot;created_timestamp&quot;:&quot;1301827435&quot;,&quot;copyright&quot;:&quot;&quot;,&quot;focal_length&quot;:&quot;5&quot;,&quot;iso&quot;:&quot;80&quot;,&quot;shutter_speed&quot;:&quot;0.002&quot;,&quot;title&quot;:&quot;&quot;}\" data-image-title=\"IMG_1711\" data-image-description=\"\" data-medium-file=\"https:\/\/i0.wp.com\/blog.kunstgriff.net\/wp-content\/uploads\/2011\/04\/IMG_1711.jpg?fit=300%2C225&#038;ssl=1\" data-large-file=\"https:\/\/i0.wp.com\/blog.kunstgriff.net\/wp-content\/uploads\/2011\/04\/IMG_1711.jpg?fit=600%2C450&#038;ssl=1\" src=\"https:\/\/i0.wp.com\/blog.kunstgriff.net\/wp-content\/uploads\/2011\/04\/IMG_1711.jpg?w=171&#038;h=128&#038;ssl=1\" srcset=\"https:\/\/i0.wp.com\/blog.kunstgriff.net\/wp-content\/uploads\/2011\/04\/IMG_1711.jpg?w=600&amp;ssl=1 600w, https:\/\/i0.wp.com\/blog.kunstgriff.net\/wp-content\/uploads\/2011\/04\/IMG_1711.jpg?resize=300%2C225&amp;ssl=1 300w\" width=\"171\" height=\"128\" loading=\"lazy\" data-original-width=\"171\" data-original-height=\"128\" itemprop=\"http:\/\/schema.org\/image\" title=\"IMG_1711\" alt=\"IMG_1711\" style=\"width: 171px; height: 128px;\" \/> <\/a> <\/div> <div class=\"tiled-gallery-item tiled-gallery-item-small\" itemprop=\"associatedMedia\" itemscope itemtype=\"http:\/\/schema.org\/ImageObject\"> <a href=\"https:\/\/i0.wp.com\/blog.kunstgriff.net\/wp-content\/uploads\/2011\/04\/IMG_1717.jpg?ssl=1\" border=\"0\" itemprop=\"url\"> <meta itemprop=\"width\" content=\"171\"> <meta itemprop=\"height\" content=\"128\"> <img decoding=\"async\" class=\"\" data-attachment-id=\"4057\" data-orig-file=\"https:\/\/blog.kunstgriff.net\/wp-content\/uploads\/2011\/04\/IMG_1717.jpg\" data-orig-size=\"600,450\" data-comments-opened=\"1\" data-image-meta=\"{&quot;aperture&quot;:&quot;5.6&quot;,&quot;credit&quot;:&quot;&quot;,&quot;camera&quot;:&quot;Canon DIGITAL IXUS 870 IS&quot;,&quot;caption&quot;:&quot;&quot;,&quot;created_timestamp&quot;:&quot;1301827476&quot;,&quot;copyright&quot;:&quot;&quot;,&quot;focal_length&quot;:&quot;5&quot;,&quot;iso&quot;:&quot;80&quot;,&quot;shutter_speed&quot;:&quot;0.0015625&quot;,&quot;title&quot;:&quot;&quot;}\" data-image-title=\"IMG_1717\" data-image-description=\"\" data-medium-file=\"https:\/\/i0.wp.com\/blog.kunstgriff.net\/wp-content\/uploads\/2011\/04\/IMG_1717.jpg?fit=300%2C225&#038;ssl=1\" data-large-file=\"https:\/\/i0.wp.com\/blog.kunstgriff.net\/wp-content\/uploads\/2011\/04\/IMG_1717.jpg?fit=600%2C450&#038;ssl=1\" src=\"https:\/\/i0.wp.com\/blog.kunstgriff.net\/wp-content\/uploads\/2011\/04\/IMG_1717.jpg?w=171&#038;h=128&#038;ssl=1\" srcset=\"https:\/\/i0.wp.com\/blog.kunstgriff.net\/wp-content\/uploads\/2011\/04\/IMG_1717.jpg?w=600&amp;ssl=1 600w, https:\/\/i0.wp.com\/blog.kunstgriff.net\/wp-content\/uploads\/2011\/04\/IMG_1717.jpg?resize=300%2C225&amp;ssl=1 300w\" width=\"171\" height=\"128\" loading=\"lazy\" data-original-width=\"171\" data-original-height=\"128\" itemprop=\"http:\/\/schema.org\/image\" title=\"IMG_1717\" alt=\"IMG_1717\" style=\"width: 171px; height: 128px;\" \/> <\/a> <\/div> <\/div> <!-- close group --> <\/div> <!-- close row --> <div class=\"gallery-row\" style=\"width: 525px; height: 395px;\" data-original-width=\"525\" data-original-height=\"395\" > <div class=\"gallery-group images-1\" style=\"width: 525px; height: 395px;\" data-original-width=\"525\" data-original-height=\"395\" > <div class=\"tiled-gallery-item tiled-gallery-item-large\" itemprop=\"associatedMedia\" itemscope itemtype=\"http:\/\/schema.org\/ImageObject\"> <a href=\"https:\/\/i0.wp.com\/blog.kunstgriff.net\/wp-content\/uploads\/2011\/04\/IMG_1719.jpg?ssl=1\" border=\"0\" itemprop=\"url\"> <meta itemprop=\"width\" content=\"521\"> <meta itemprop=\"height\" content=\"391\"> <img decoding=\"async\" class=\"\" data-attachment-id=\"4058\" data-orig-file=\"https:\/\/blog.kunstgriff.net\/wp-content\/uploads\/2011\/04\/IMG_1719.jpg\" data-orig-size=\"600,450\" data-comments-opened=\"1\" data-image-meta=\"{&quot;aperture&quot;:&quot;5.6&quot;,&quot;credit&quot;:&quot;&quot;,&quot;camera&quot;:&quot;Canon DIGITAL IXUS 870 IS&quot;,&quot;caption&quot;:&quot;&quot;,&quot;created_timestamp&quot;:&quot;1301834765&quot;,&quot;copyright&quot;:&quot;&quot;,&quot;focal_length&quot;:&quot;5&quot;,&quot;iso&quot;:&quot;80&quot;,&quot;shutter_speed&quot;:&quot;0.004&quot;,&quot;title&quot;:&quot;&quot;}\" data-image-title=\"IMG_1719\" data-image-description=\"\" data-medium-file=\"https:\/\/i0.wp.com\/blog.kunstgriff.net\/wp-content\/uploads\/2011\/04\/IMG_1719.jpg?fit=300%2C225&#038;ssl=1\" data-large-file=\"https:\/\/i0.wp.com\/blog.kunstgriff.net\/wp-content\/uploads\/2011\/04\/IMG_1719.jpg?fit=600%2C450&#038;ssl=1\" src=\"https:\/\/i0.wp.com\/blog.kunstgriff.net\/wp-content\/uploads\/2011\/04\/IMG_1719.jpg?w=521&#038;h=391&#038;ssl=1\" srcset=\"https:\/\/i0.wp.com\/blog.kunstgriff.net\/wp-content\/uploads\/2011\/04\/IMG_1719.jpg?w=600&amp;ssl=1 600w, https:\/\/i0.wp.com\/blog.kunstgriff.net\/wp-content\/uploads\/2011\/04\/IMG_1719.jpg?resize=300%2C225&amp;ssl=1 300w\" width=\"521\" height=\"391\" loading=\"lazy\" data-original-width=\"521\" data-original-height=\"391\" itemprop=\"http:\/\/schema.org\/image\" title=\"IMG_1719\" alt=\"IMG_1719\" style=\"width: 521px; height: 391px;\" \/> <\/a> <\/div> <\/div> <!-- close group --> <\/div> <!-- close row --> <\/div>\n<p><iframe loading=\"lazy\" src=\"https:\/\/www.strava.com\/activities\/13532712\/embed\/5b7a87e6ee7faafcebb4aa6f75758f29835af5c2\" width=\"590\" height=\"405\" frameborder=\"0\" scrolling=\"no\"><\/iframe><\/p>\n","protected":false},"excerpt":{"rendered":"<p>oder \u00bbErstmal aklimatisieren\u00ab Nach eine kurzen Nacht und einem schlaflosen aber angenehmen Flug nach Palma, sa\u00dfen wir um kurz nach Neun in unserem Transferbus der uns ins Hotel Pollentia Club Resorts brachte. Wird, das waren Michael, Heiko, Holger, Ralph-Udo und ich. Nach dem flotten Einchecken machte sich Freude \u00fcber die W\u00e4rme, das tolle Zimmer im &hellip; <\/p>\n<p class=\"link-more\"><a href=\"https:\/\/blog.kunstgriff.net\/?p=4052\" class=\"more-link\"><span class=\"screen-reader-text\">\u201eMallorca Trainingscamp &#8211; Tag 1 &#8211; Sineu\u201c <\/span>weiterlesen<\/a><\/p>\n","protected":false},"author":2,"featured_media":0,"comment_status":"open","ping_status":"open","sticky":false,"template":"","format":"standard","meta":{"jetpack_post_was_ever_published":false,"_jetpack_newsletter_access":"","_jetpack_dont_email_post_to_subs":false,"_jetpack_newsletter_tier_id":0,"_jetpack_memberships_contains_paywalled_content":false,"_jetpack_memberships_contains_paid_content":false,"footnotes":""},"categories":[14,13,7],"tags":[],"class_list":["post-4052","post","type-post","status-publish","format-standard","hentry","category-radfahren","category-radreise","category-rennradfahren"],"jetpack_featured_media_url":"","jetpack_shortlink":"https:\/\/wp.me\/p8Cxe7-13m","jetpack-related-posts":[{"id":3595,"url":"https:\/\/blog.kunstgriff.net\/?p=3595","url_meta":{"origin":4052,"position":0},"title":"R1-Beelitz-Runde","author":"Georg","date":"Februar 12, 2011","format":false,"excerpt":"oder \u00bbErste Ausfahrt 2011\u00ab F\u00fcr heute waren kalte 0\u00b0C aber Sonnenschein und Trockenheit vorhergesagt. Genau das richtige Wetter um meine erste Ausfahrt in 2011 mit meinem neuen Renner zu wagen. Diesen wollte ich ja vor S\u00fcdafrika in 25 Tagen noch ausgiebig auf der Stra\u00dfe testen. Die richtige Sattelh\u00f6he war schnell\u2026","rel":"","context":"In &quot;Garmin&quot;","block_context":{"text":"Garmin","link":"https:\/\/blog.kunstgriff.net\/?cat=35"},"img":{"alt_text":"","src":"https:\/\/i0.wp.com\/blog.kunstgriff.net\/wp-content\/uploads\/2011\/02\/4ManGroup.jpg?fit=720%2C537&ssl=1&resize=350%2C200","width":350,"height":200,"srcset":"https:\/\/i0.wp.com\/blog.kunstgriff.net\/wp-content\/uploads\/2011\/02\/4ManGroup.jpg?fit=720%2C537&ssl=1&resize=350%2C200 1x, https:\/\/i0.wp.com\/blog.kunstgriff.net\/wp-content\/uploads\/2011\/02\/4ManGroup.jpg?fit=720%2C537&ssl=1&resize=525%2C300 1.5x, https:\/\/i0.wp.com\/blog.kunstgriff.net\/wp-content\/uploads\/2011\/02\/4ManGroup.jpg?fit=720%2C537&ssl=1&resize=700%2C400 2x"},"classes":[]},{"id":4180,"url":"https:\/\/blog.kunstgriff.net\/?p=4180","url_meta":{"origin":4052,"position":1},"title":"Mallorca Trainingscamp &#8211; Tag 8 &#8211; Inselumrundung","author":"Georg","date":"April 12, 2011","format":false,"excerpt":"oder \u00bb6 Mann - 1 Plan\u00ab Schon im Trainingscamp 2010 wurde der Wunsch ge\u00e4u\u00dfert, mal die Insel zu umrunden, aber verworfen. In diesem Jahr wollten wir ernst machen und dieses Vorhaben in die Tat umsetzen. Ohne ausgiebige Planung war das nicht m\u00f6glich. Viele Parameter waren im Vorfeld zu besprechen und\u2026","rel":"","context":"In &quot;200er&quot;","block_context":{"text":"200er","link":"https:\/\/blog.kunstgriff.net\/?cat=48"},"img":{"alt_text":"","src":"https:\/\/i0.wp.com\/blog.kunstgriff.net\/wp-content\/uploads\/2011\/04\/IMG_1876.jpg?resize=350%2C200","width":350,"height":200,"srcset":"https:\/\/i0.wp.com\/blog.kunstgriff.net\/wp-content\/uploads\/2011\/04\/IMG_1876.jpg?resize=350%2C200 1x, https:\/\/i0.wp.com\/blog.kunstgriff.net\/wp-content\/uploads\/2011\/04\/IMG_1876.jpg?resize=525%2C300 1.5x, https:\/\/i0.wp.com\/blog.kunstgriff.net\/wp-content\/uploads\/2011\/04\/IMG_1876.jpg?resize=700%2C400 2x"},"classes":[]},{"id":111,"url":"https:\/\/blog.kunstgriff.net\/?p=111","url_meta":{"origin":4052,"position":2},"title":"Bericht vom Zeitfahren Hamburg -> Berlin 2009","author":"Georg","date":"Oktober 17, 2009","format":false,"excerpt":"Nach einem ausgiebigen Dinner in unserem wundersch\u00f6nen\u00a0Hotel -Brasserie Lindenhof und dem Verstauen der Rennr\u00e4der im Heizungskeller des Hotels haben wir uns auf unsere Zwei- und Dreibett-Zimmer zur\u00fcckgezogen.\u00a0Der Schlaf war bedingt durch das bevorstehende Event unruhig und so erwachten Christoph und ich schon 15 Minuten bevor der Wecker um 5:05 Uhr\u2026","rel":"","context":"In &quot;Besonderes Ereignis&quot;","block_context":{"text":"Besonderes Ereignis","link":"https:\/\/blog.kunstgriff.net\/?cat=25"},"img":{"alt_text":"","src":"https:\/\/i0.wp.com\/blog.kunstgriff.net\/wp-content\/uploads\/2009\/10\/IMG_0307.jpg?fit=640%2C426&ssl=1&resize=350%2C200","width":350,"height":200,"srcset":"https:\/\/i0.wp.com\/blog.kunstgriff.net\/wp-content\/uploads\/2009\/10\/IMG_0307.jpg?fit=640%2C426&ssl=1&resize=350%2C200 1x, https:\/\/i0.wp.com\/blog.kunstgriff.net\/wp-content\/uploads\/2009\/10\/IMG_0307.jpg?fit=640%2C426&ssl=1&resize=525%2C300 1.5x"},"classes":[]},{"id":7528,"url":"https:\/\/blog.kunstgriff.net\/?p=7528","url_meta":{"origin":4052,"position":3},"title":"Mallorca Trainingscamp 2012 &#8211; Tag 6 &#8211; K\u00fcstenklassiker","author":"Georg","date":"M\u00e4rz 15, 2012","format":false,"excerpt":"oder \u00bbK\u00f6nigs-Etappe\u00abHeute stand die lange K\u00fcstenstrasse auf dem Programm. Aufgrund der langen Strecke war der Start schon auf 8:30 Uhr gelegt, was dazu f\u00fchrte das ausnahmsweise eine Stunde vorher im Fr\u00fchst\u00fccksraum schon rege Betriebsamkeit herrschte. Es war neblig und frisch und so war es nicht wirklich leicht, eine richtige Garderobenwahl\u2026","rel":"","context":"In &quot;200er&quot;","block_context":{"text":"200er","link":"https:\/\/blog.kunstgriff.net\/?cat=48"},"img":{"alt_text":"","src":"https:\/\/i0.wp.com\/blog.kunstgriff.net\/wp-content\/uploads\/2012\/03\/Boxentstop-hinter-Santa-Maria.jpg?resize=350%2C200","width":350,"height":200,"srcset":"https:\/\/i0.wp.com\/blog.kunstgriff.net\/wp-content\/uploads\/2012\/03\/Boxentstop-hinter-Santa-Maria.jpg?resize=350%2C200 1x, https:\/\/i0.wp.com\/blog.kunstgriff.net\/wp-content\/uploads\/2012\/03\/Boxentstop-hinter-Santa-Maria.jpg?resize=525%2C300 1.5x, https:\/\/i0.wp.com\/blog.kunstgriff.net\/wp-content\/uploads\/2012\/03\/Boxentstop-hinter-Santa-Maria.jpg?resize=700%2C400 2x"},"classes":[]},{"id":3698,"url":"https:\/\/blog.kunstgriff.net\/?p=3698","url_meta":{"origin":4052,"position":4},"title":"In die Rauener-Berge","author":"Georg","date":"Februar 26, 2011","format":false,"excerpt":"oder \"Winterausfahrt mit der Rennradliste\" Heute sollte mich meine Rennradbegeisterung mal wieder an den S-Bhf. Neuk\u00f6lln verschlagen, denn Ralf H. von der Rennradliste.de hatte zu einer gemeinsamen Ausfahrt gerufen. Als ich um 10 vor 10 aus der relativ warmen U-Bahn am Treffpunkt ankam, war noch niemand dort. Schnell kamen aber\u2026","rel":"","context":"In &quot;Radfahren&quot;","block_context":{"text":"Radfahren","link":"https:\/\/blog.kunstgriff.net\/?cat=14"},"img":{"alt_text":"","src":"https:\/\/i0.wp.com\/blog.kunstgriff.net\/wp-content\/uploads\/2011\/02\/100_0435.jpg?fit=640%2C426&ssl=1&resize=350%2C200","width":350,"height":200,"srcset":"https:\/\/i0.wp.com\/blog.kunstgriff.net\/wp-content\/uploads\/2011\/02\/100_0435.jpg?fit=640%2C426&ssl=1&resize=350%2C200 1x, https:\/\/i0.wp.com\/blog.kunstgriff.net\/wp-content\/uploads\/2011\/02\/100_0435.jpg?fit=640%2C426&ssl=1&resize=525%2C300 1.5x"},"classes":[]},{"id":8124,"url":"https:\/\/blog.kunstgriff.net\/?p=8124","url_meta":{"origin":4052,"position":5},"title":"Bernds-Blankensee-Feierabendrunde","author":"Georg","date":"Juni 5, 2012","format":false,"excerpt":"oder \u00bbBolzen wie in alten Zeiten\u00abFr\u00fcher\u2122 hatte ich an Dienstagen \u00f6fter meine Schwielowsee-Runde als Feierabendrunde angeboten. In diesem Jahr fehlte mir dazu die Lust und Motivation und so war ich sehr froh, dass Bernd die Initiative ergriffen und eine immer Dienstags stattfindende Runde etablieren m\u00f6chte. Mir passte eine Bolzer-Runde heute\u2026","rel":"","context":"In &quot;Radfahren&quot;","block_context":{"text":"Radfahren","link":"https:\/\/blog.kunstgriff.net\/?cat=14"},"img":{"alt_text":"","src":"https:\/\/i0.wp.com\/blog.kunstgriff.net\/wp-content\/uploads\/2012\/06\/Illustrer-Haufen-am-Auerbach-Tunnel-300x225.jpg?resize=350%2C200","width":350,"height":200},"classes":[]}],"jetpack_likes_enabled":true,"jetpack_sharing_enabled":true,"_links":{"self":[{"href":"https:\/\/blog.kunstgriff.net\/index.php?rest_route=\/wp\/v2\/posts\/4052","targetHints":{"allow":["GET"]}}],"collection":[{"href":"https:\/\/blog.kunstgriff.net\/index.php?rest_route=\/wp\/v2\/posts"}],"about":[{"href":"https:\/\/blog.kunstgriff.net\/index.php?rest_route=\/wp\/v2\/types\/post"}],"author":[{"embeddable":true,"href":"https:\/\/blog.kunstgriff.net\/index.php?rest_route=\/wp\/v2\/users\/2"}],"replies":[{"embeddable":true,"href":"https:\/\/blog.kunstgriff.net\/index.php?rest_route=%2Fwp%2Fv2%2Fcomments&post=4052"}],"version-history":[{"count":0,"href":"https:\/\/blog.kunstgriff.net\/index.php?rest_route=\/wp\/v2\/posts\/4052\/revisions"}],"wp:attachment":[{"href":"https:\/\/blog.kunstgriff.net\/index.php?rest_route=%2Fwp%2Fv2%2Fmedia&parent=4052"}],"wp:term":[{"taxonomy":"category","embeddable":true,"href":"https:\/\/blog.kunstgriff.net\/index.php?rest_route=%2Fwp%2Fv2%2Fcategories&post=4052"},{"taxonomy":"post_tag","embeddable":true,"href":"https:\/\/blog.kunstgriff.net\/index.php?rest_route=%2Fwp%2Fv2%2Ftags&post=4052"}],"curies":[{"name":"wp","href":"https:\/\/api.w.org\/{rel}","templated":true}]}}