{"id":4132,"date":"2011-04-09T18:14:10","date_gmt":"2011-04-09T16:14:10","guid":{"rendered":"http:\/\/blog.kunstgriff.net\/?p=4132"},"modified":"2016-09-01T14:01:22","modified_gmt":"2016-09-01T12:01:22","slug":"mallorca-trainingscamp-tag-6-san-salvador","status":"publish","type":"post","link":"https:\/\/blog.kunstgriff.net\/?p=4132","title":{"rendered":"Mallorca Trainingscamp &#8211; Tag 6 &#8211; San Salvador"},"content":{"rendered":"<span class=\"span-reading-time rt-reading-time\" style=\"display: block;\"><span class=\"rt-label rt-prefix\">Lesezeit: <\/span> <span class=\"rt-time\"> 2<\/span> <span class=\"rt-label rt-postfix\">Minuten<\/span><\/span><h4>oder \u00bbAuch bei sch\u00f6nem Wetter \u2019ne anstrengende Runde\u00ab<\/h4>\n<hr \/>\n<p>Die erste Woche des Trainingscamps ist vor\u00fcber und so hie\u00df es von einigen Rennrad-Freunden abschied nehmen. Ein letztes gemeinsames Erinnerungsfoto und schon ging es f\u00fcr das <em>A-<\/em> und das <em>B-Team<\/em> auf die geplanten Ausfahrts-Runden.<\/p>\n<p>F\u00fcr uns stand heute San Salvador auf dem Programm. Eine eher flache Runde, auf der sich die Beine von den Strapazen von gestern erholen sollten. Wir fuhren, raus \u00fcber <a href=\"http:\/\/de.wikipedia.org\/wiki\/Santa_Margalida\" target=\"_blank\">Can Picaford<\/a> und dann die lange Gerade in Richtung Petra, bevor wir scharf nach Links in Richtung Mancor abbogen. Hinab in ein wundersch\u00f6nes Tal,\u00a0auf steilen Serpentinen. Einige kleine H\u00fcgel mussten noch <em>geb\u00fcgelt <\/em>werden, bevor wir in der <del datetime=\"2011-04-09T15:38:14+00:00\">Gro\u00df<\/del>Stadt Manacor eintrafen. Der Autoverkehr meinte es heute gut mit uns und wir konnten den Innenstadtautoverkehr ohne Zwischenf\u00e4lle hinter uns lassen und San Salvador anpeilen.<\/p>\n<p>Ohne die notorische <em>P-Pause<\/em> konnte nicht in den Berg gefahren werden und so legten wir vor dem Abzweig noch einen kurzen Stop ein. Zuerst konnten wir es gar nicht glauben als Michael und Tom erkl\u00e4rten, sie w\u00fcrden lieber unten warten und pausieren, w\u00e4hrend wir die weniger als 500 H\u00f6henmeter zum Kloster hochkurbeln w\u00fcrden. Auch flotten Spr\u00fcche und \u00dcberredungsarbeit mit Engelszungen half nix: Ihr Entschluss stand fest und so machten sich Karin, Eric, Heiko, Christoph, Herbert und ich auf den Weg nach oben. Der Anstieg lie\u00df sich bei herrlich blauem Himmel und wenig Wind hervorragend fahren. Ich fand schnell meinen Tritt und es machte Laune mich auszubelasten. Da hatten die Beiden echt was verpasst!<\/p>\n<p><a href=\"https:\/\/i0.wp.com\/blog.kunstgriff.net\/wp-content\/uploads\/2011\/04\/IMG_1827.jpg\"><img data-recalc-dims=\"1\" loading=\"lazy\" decoding=\"async\" data-attachment-id=\"4142\" data-permalink=\"https:\/\/blog.kunstgriff.net\/?attachment_id=4142\" data-orig-file=\"https:\/\/i0.wp.com\/blog.kunstgriff.net\/wp-content\/uploads\/2011\/04\/IMG_1827.jpg?fit=400%2C300&amp;ssl=1\" data-orig-size=\"400,300\" data-comments-opened=\"1\" data-image-meta=\"{&quot;aperture&quot;:&quot;5.6&quot;,&quot;credit&quot;:&quot;&quot;,&quot;camera&quot;:&quot;Canon DIGITAL IXUS 870 IS&quot;,&quot;caption&quot;:&quot;&quot;,&quot;created_timestamp&quot;:&quot;1302343693&quot;,&quot;copyright&quot;:&quot;&quot;,&quot;focal_length&quot;:&quot;5&quot;,&quot;iso&quot;:&quot;80&quot;,&quot;shutter_speed&quot;:&quot;0.0015625&quot;,&quot;title&quot;:&quot;&quot;}\" data-image-title=\"IMG_1827\" data-image-description=\"\" data-image-caption=\"\" data-large-file=\"https:\/\/i0.wp.com\/blog.kunstgriff.net\/wp-content\/uploads\/2011\/04\/IMG_1827.jpg?fit=400%2C300&amp;ssl=1\" class=\"alignright size-full wp-image-4142\" style=\"margin: 5px; border: 5px solid white;\" title=\"IMG_1827\" src=\"https:\/\/i0.wp.com\/blog.kunstgriff.net\/wp-content\/uploads\/2011\/04\/IMG_1827.jpg?resize=240%2C180\" alt=\"\" width=\"240\" height=\"180\" srcset=\"https:\/\/i0.wp.com\/blog.kunstgriff.net\/wp-content\/uploads\/2011\/04\/IMG_1827.jpg?w=400&amp;ssl=1 400w, https:\/\/i0.wp.com\/blog.kunstgriff.net\/wp-content\/uploads\/2011\/04\/IMG_1827.jpg?resize=300%2C225&amp;ssl=1 300w\" sizes=\"auto, (max-width: 240px) 100vw, 240px\" \/><\/a><\/p>\n<p>Oben tranken wir aus der frischen Wasserquelle reichlich leckeres, frisches Wasser und machten eine kleine Brotzeit, bevor es wieder nach unten ging. Unten warteten die Beiden auf uns. Weiter ging es nun gemeinsam Richtung Norden. Eine Pause war erst in Can Picaford geplant. Dort kannte Heiko eine Restauration, welche die Combo: Leckerer Erdbeerkuchen+Sahne+Getr\u00e4nk+Meerblick+Strand f\u00fcr 3,75 \u20ac im Angebot hatte. Leider war diese Restauration nur 15 km von unserer Haust\u00fcr entfernt und bis dorthin waren es noch rund 60 km zu fahren. Immer wieder wurde es ungem\u00fctlich uns wirklich anstrengend. Aber da muss man einfach <em>Klappe halten und durch, <\/em>was auch hervorragend funktionierte.<\/p>\n<p>In Petra gab es einen kurzen Zwischenstop zum Flaschen f\u00fcllen und ColaZero trinken. Jetzt kam der letzte 20-km-Sektor und ein paar weitere H\u00f6henmeter zum Erdbeerkuchen.<\/p>\n<p>In der Restauration angekommen gab es nach kurzen Anlaufschwierigkeiten der Bedienung prompt unsere Bestellung. Michael erhielt sogar ein halbes St\u00fcck mehr, als die \u00fcbrigen Rennfahrer. Ob das gerecht war, stellte Heiko zur Diskussion. Wir wollten keinen Futterneid aufkommen lassen und widmeten uns anderen Kettengespr\u00e4chen bevor die Rechnung beglichen wurde und der letzte Sektor Richtung <em>Home-Base<\/em> pedaliert wurde.<\/p>\n<p><em>Fazit:<\/em> Eine Runde, die ich nicht so anstrengend in Erinnerung hatte. Habe ordentlich K\u00f6rner lassen m\u00fcssen, besonders auf dem R\u00fcckweg. Morgen ist Ruhetag und das ist auch gut so!<\/p>\n<div class=\"tiled-gallery type-rectangular tiled-gallery-unresized\" data-original-width=\"525\" data-carousel-extra='{&quot;blog_id&quot;:1,&quot;permalink&quot;:&quot;https:\\\/\\\/blog.kunstgriff.net\\\/?p=4132&quot;,&quot;likes_blog_id&quot;:127394879}' itemscope itemtype=\"http:\/\/schema.org\/ImageGallery\" > <div class=\"gallery-row\" style=\"width: 525px; height: 264px;\" data-original-width=\"525\" data-original-height=\"264\" > <div class=\"gallery-group images-1\" style=\"width: 350px; height: 264px;\" data-original-width=\"350\" data-original-height=\"264\" > <div class=\"tiled-gallery-item tiled-gallery-item-large\" itemprop=\"associatedMedia\" itemscope itemtype=\"http:\/\/schema.org\/ImageObject\"> <a href=\"https:\/\/i0.wp.com\/blog.kunstgriff.net\/wp-content\/uploads\/2011\/04\/IMG_1821.jpg?ssl=1\" border=\"0\" itemprop=\"url\"> <meta itemprop=\"width\" content=\"346\"> <meta itemprop=\"height\" content=\"260\"> <img decoding=\"async\" class=\"\" data-attachment-id=\"4136\" data-orig-file=\"https:\/\/blog.kunstgriff.net\/wp-content\/uploads\/2011\/04\/IMG_1821.jpg\" data-orig-size=\"900,675\" data-comments-opened=\"1\" data-image-meta=\"{&quot;aperture&quot;:&quot;5.6&quot;,&quot;credit&quot;:&quot;&quot;,&quot;camera&quot;:&quot;Canon DIGITAL IXUS 870 IS&quot;,&quot;caption&quot;:&quot;&quot;,&quot;created_timestamp&quot;:&quot;1302332952&quot;,&quot;copyright&quot;:&quot;&quot;,&quot;focal_length&quot;:&quot;5&quot;,&quot;iso&quot;:&quot;80&quot;,&quot;shutter_speed&quot;:&quot;0.0025&quot;,&quot;title&quot;:&quot;&quot;}\" data-image-title=\"IMG_1821\" data-image-description=\"\" data-medium-file=\"https:\/\/i0.wp.com\/blog.kunstgriff.net\/wp-content\/uploads\/2011\/04\/IMG_1821.jpg?fit=300%2C225&#038;ssl=1\" data-large-file=\"https:\/\/i0.wp.com\/blog.kunstgriff.net\/wp-content\/uploads\/2011\/04\/IMG_1821.jpg?fit=900%2C675&#038;ssl=1\" src=\"https:\/\/i0.wp.com\/blog.kunstgriff.net\/wp-content\/uploads\/2011\/04\/IMG_1821.jpg?w=346&#038;h=260&#038;ssl=1\" srcset=\"https:\/\/i0.wp.com\/blog.kunstgriff.net\/wp-content\/uploads\/2011\/04\/IMG_1821.jpg?w=900&amp;ssl=1 900w, https:\/\/i0.wp.com\/blog.kunstgriff.net\/wp-content\/uploads\/2011\/04\/IMG_1821.jpg?resize=300%2C225&amp;ssl=1 300w\" width=\"346\" height=\"260\" loading=\"lazy\" data-original-width=\"346\" data-original-height=\"260\" itemprop=\"http:\/\/schema.org\/image\" title=\"IMG_1821\" alt=\"IMG_1821\" style=\"width: 346px; height: 260px;\" \/> <\/a> <\/div> <\/div> <!-- close group --> <div class=\"gallery-group images-2\" style=\"width: 175px; height: 264px;\" data-original-width=\"175\" data-original-height=\"264\" > <div class=\"tiled-gallery-item tiled-gallery-item-small\" itemprop=\"associatedMedia\" itemscope itemtype=\"http:\/\/schema.org\/ImageObject\"> <a href=\"https:\/\/i0.wp.com\/blog.kunstgriff.net\/wp-content\/uploads\/2011\/04\/IMG_1831.jpg?ssl=1\" border=\"0\" itemprop=\"url\"> <meta itemprop=\"width\" content=\"171\"> <meta itemprop=\"height\" content=\"128\"> <img decoding=\"async\" class=\"\" data-attachment-id=\"4137\" data-orig-file=\"https:\/\/blog.kunstgriff.net\/wp-content\/uploads\/2011\/04\/IMG_1831.jpg\" data-orig-size=\"900,675\" data-comments-opened=\"1\" data-image-meta=\"{&quot;aperture&quot;:&quot;5.6&quot;,&quot;credit&quot;:&quot;&quot;,&quot;camera&quot;:&quot;Canon DIGITAL IXUS 870 IS&quot;,&quot;caption&quot;:&quot;&quot;,&quot;created_timestamp&quot;:&quot;1302344832&quot;,&quot;copyright&quot;:&quot;&quot;,&quot;focal_length&quot;:&quot;5&quot;,&quot;iso&quot;:&quot;80&quot;,&quot;shutter_speed&quot;:&quot;0.002&quot;,&quot;title&quot;:&quot;&quot;}\" data-image-title=\"IMG_1831\" data-image-description=\"\" data-medium-file=\"https:\/\/i0.wp.com\/blog.kunstgriff.net\/wp-content\/uploads\/2011\/04\/IMG_1831.jpg?fit=300%2C225&#038;ssl=1\" data-large-file=\"https:\/\/i0.wp.com\/blog.kunstgriff.net\/wp-content\/uploads\/2011\/04\/IMG_1831.jpg?fit=900%2C675&#038;ssl=1\" src=\"https:\/\/i0.wp.com\/blog.kunstgriff.net\/wp-content\/uploads\/2011\/04\/IMG_1831.jpg?w=171&#038;h=128&#038;ssl=1\" srcset=\"https:\/\/i0.wp.com\/blog.kunstgriff.net\/wp-content\/uploads\/2011\/04\/IMG_1831.jpg?w=900&amp;ssl=1 900w, https:\/\/i0.wp.com\/blog.kunstgriff.net\/wp-content\/uploads\/2011\/04\/IMG_1831.jpg?resize=300%2C225&amp;ssl=1 300w\" width=\"171\" height=\"128\" loading=\"lazy\" data-original-width=\"171\" data-original-height=\"128\" itemprop=\"http:\/\/schema.org\/image\" title=\"IMG_1831\" alt=\"IMG_1831\" style=\"width: 171px; height: 128px;\" \/> <\/a> <\/div> <div class=\"tiled-gallery-item tiled-gallery-item-small\" itemprop=\"associatedMedia\" itemscope itemtype=\"http:\/\/schema.org\/ImageObject\"> <a href=\"https:\/\/i0.wp.com\/blog.kunstgriff.net\/wp-content\/uploads\/2011\/04\/IMG_1836.jpg?ssl=1\" border=\"0\" itemprop=\"url\"> <meta itemprop=\"width\" content=\"171\"> <meta itemprop=\"height\" content=\"128\"> <img decoding=\"async\" class=\"\" data-attachment-id=\"4138\" data-orig-file=\"https:\/\/blog.kunstgriff.net\/wp-content\/uploads\/2011\/04\/IMG_1836.jpg\" data-orig-size=\"900,675\" data-comments-opened=\"1\" data-image-meta=\"{&quot;aperture&quot;:&quot;5.6&quot;,&quot;credit&quot;:&quot;&quot;,&quot;camera&quot;:&quot;Canon DIGITAL IXUS 870 IS&quot;,&quot;caption&quot;:&quot;&quot;,&quot;created_timestamp&quot;:&quot;1302352754&quot;,&quot;copyright&quot;:&quot;&quot;,&quot;focal_length&quot;:&quot;5&quot;,&quot;iso&quot;:&quot;125&quot;,&quot;shutter_speed&quot;:&quot;0.00125&quot;,&quot;title&quot;:&quot;&quot;}\" data-image-title=\"IMG_1836\" data-image-description=\"\" data-medium-file=\"https:\/\/i0.wp.com\/blog.kunstgriff.net\/wp-content\/uploads\/2011\/04\/IMG_1836.jpg?fit=300%2C225&#038;ssl=1\" data-large-file=\"https:\/\/i0.wp.com\/blog.kunstgriff.net\/wp-content\/uploads\/2011\/04\/IMG_1836.jpg?fit=900%2C675&#038;ssl=1\" src=\"https:\/\/i0.wp.com\/blog.kunstgriff.net\/wp-content\/uploads\/2011\/04\/IMG_1836.jpg?w=171&#038;h=128&#038;ssl=1\" srcset=\"https:\/\/i0.wp.com\/blog.kunstgriff.net\/wp-content\/uploads\/2011\/04\/IMG_1836.jpg?w=900&amp;ssl=1 900w, https:\/\/i0.wp.com\/blog.kunstgriff.net\/wp-content\/uploads\/2011\/04\/IMG_1836.jpg?resize=300%2C225&amp;ssl=1 300w\" width=\"171\" height=\"128\" loading=\"lazy\" data-original-width=\"171\" data-original-height=\"128\" itemprop=\"http:\/\/schema.org\/image\" title=\"IMG_1836\" alt=\"IMG_1836\" style=\"width: 171px; height: 128px;\" \/> <\/a> <\/div> <\/div> <!-- close group --> <\/div> <!-- close row --> <div class=\"gallery-row\" style=\"width: 525px; height: 132px;\" data-original-width=\"525\" data-original-height=\"132\" > <div class=\"gallery-group images-1\" style=\"width: 175px; height: 132px;\" data-original-width=\"175\" data-original-height=\"132\" > <div class=\"tiled-gallery-item tiled-gallery-item-small\" itemprop=\"associatedMedia\" itemscope itemtype=\"http:\/\/schema.org\/ImageObject\"> <a href=\"https:\/\/i0.wp.com\/blog.kunstgriff.net\/wp-content\/uploads\/2011\/04\/IMG_1850.jpg?ssl=1\" border=\"0\" itemprop=\"url\"> <meta itemprop=\"width\" content=\"171\"> <meta itemprop=\"height\" content=\"128\"> <img decoding=\"async\" class=\"\" data-attachment-id=\"4140\" data-orig-file=\"https:\/\/blog.kunstgriff.net\/wp-content\/uploads\/2011\/04\/IMG_1850.jpg\" data-orig-size=\"900,675\" data-comments-opened=\"1\" data-image-meta=\"{&quot;aperture&quot;:&quot;2.8&quot;,&quot;credit&quot;:&quot;&quot;,&quot;camera&quot;:&quot;Canon DIGITAL IXUS 870 IS&quot;,&quot;caption&quot;:&quot;&quot;,&quot;created_timestamp&quot;:&quot;1302354638&quot;,&quot;copyright&quot;:&quot;&quot;,&quot;focal_length&quot;:&quot;5&quot;,&quot;iso&quot;:&quot;80&quot;,&quot;shutter_speed&quot;:&quot;0.001&quot;,&quot;title&quot;:&quot;&quot;}\" data-image-title=\"IMG_1850\" data-image-description=\"\" data-medium-file=\"https:\/\/i0.wp.com\/blog.kunstgriff.net\/wp-content\/uploads\/2011\/04\/IMG_1850.jpg?fit=300%2C225&#038;ssl=1\" data-large-file=\"https:\/\/i0.wp.com\/blog.kunstgriff.net\/wp-content\/uploads\/2011\/04\/IMG_1850.jpg?fit=900%2C675&#038;ssl=1\" src=\"https:\/\/i0.wp.com\/blog.kunstgriff.net\/wp-content\/uploads\/2011\/04\/IMG_1850.jpg?w=171&#038;h=128&#038;ssl=1\" srcset=\"https:\/\/i0.wp.com\/blog.kunstgriff.net\/wp-content\/uploads\/2011\/04\/IMG_1850.jpg?w=900&amp;ssl=1 900w, https:\/\/i0.wp.com\/blog.kunstgriff.net\/wp-content\/uploads\/2011\/04\/IMG_1850.jpg?resize=300%2C225&amp;ssl=1 300w\" width=\"171\" height=\"128\" loading=\"lazy\" data-original-width=\"171\" data-original-height=\"128\" itemprop=\"http:\/\/schema.org\/image\" title=\"IMG_1850\" alt=\"IMG_1850\" style=\"width: 171px; height: 128px;\" \/> <\/a> <\/div> <\/div> <!-- close group --> <div class=\"gallery-group images-1\" style=\"width: 175px; height: 132px;\" data-original-width=\"175\" data-original-height=\"132\" > <div class=\"tiled-gallery-item tiled-gallery-item-small\" itemprop=\"associatedMedia\" itemscope itemtype=\"http:\/\/schema.org\/ImageObject\"> <a href=\"https:\/\/i0.wp.com\/blog.kunstgriff.net\/wp-content\/uploads\/2011\/04\/IMG_1854.jpg?ssl=1\" border=\"0\" itemprop=\"url\"> <meta itemprop=\"width\" content=\"171\"> <meta itemprop=\"height\" content=\"128\"> <img decoding=\"async\" class=\"\" data-attachment-id=\"4141\" data-orig-file=\"https:\/\/blog.kunstgriff.net\/wp-content\/uploads\/2011\/04\/IMG_1854.jpg\" data-orig-size=\"900,675\" data-comments-opened=\"1\" data-image-meta=\"{&quot;aperture&quot;:&quot;5.6&quot;,&quot;credit&quot;:&quot;&quot;,&quot;camera&quot;:&quot;Canon DIGITAL IXUS 870 IS&quot;,&quot;caption&quot;:&quot;&quot;,&quot;created_timestamp&quot;:&quot;1302354719&quot;,&quot;copyright&quot;:&quot;&quot;,&quot;focal_length&quot;:&quot;5&quot;,&quot;iso&quot;:&quot;80&quot;,&quot;shutter_speed&quot;:&quot;0.002&quot;,&quot;title&quot;:&quot;&quot;}\" data-image-title=\"IMG_1854\" data-image-description=\"\" data-medium-file=\"https:\/\/i0.wp.com\/blog.kunstgriff.net\/wp-content\/uploads\/2011\/04\/IMG_1854.jpg?fit=300%2C225&#038;ssl=1\" data-large-file=\"https:\/\/i0.wp.com\/blog.kunstgriff.net\/wp-content\/uploads\/2011\/04\/IMG_1854.jpg?fit=900%2C675&#038;ssl=1\" src=\"https:\/\/i0.wp.com\/blog.kunstgriff.net\/wp-content\/uploads\/2011\/04\/IMG_1854.jpg?w=171&#038;h=128&#038;ssl=1\" srcset=\"https:\/\/i0.wp.com\/blog.kunstgriff.net\/wp-content\/uploads\/2011\/04\/IMG_1854.jpg?w=900&amp;ssl=1 900w, https:\/\/i0.wp.com\/blog.kunstgriff.net\/wp-content\/uploads\/2011\/04\/IMG_1854.jpg?resize=300%2C225&amp;ssl=1 300w\" width=\"171\" height=\"128\" loading=\"lazy\" data-original-width=\"171\" data-original-height=\"128\" itemprop=\"http:\/\/schema.org\/image\" title=\"IMG_1854\" alt=\"IMG_1854\" style=\"width: 171px; height: 128px;\" \/> <\/a> <\/div> <\/div> <!-- close group --> <div class=\"gallery-group images-1\" style=\"width: 175px; height: 132px;\" data-original-width=\"175\" data-original-height=\"132\" > <div class=\"tiled-gallery-item tiled-gallery-item-small\" itemprop=\"associatedMedia\" itemscope itemtype=\"http:\/\/schema.org\/ImageObject\"> <a href=\"https:\/\/i0.wp.com\/blog.kunstgriff.net\/wp-content\/uploads\/2011\/04\/IMG_1827.jpg?ssl=1\" border=\"0\" itemprop=\"url\"> <meta itemprop=\"width\" content=\"171\"> <meta itemprop=\"height\" content=\"128\"> <img decoding=\"async\" class=\"\" data-attachment-id=\"4142\" data-orig-file=\"https:\/\/blog.kunstgriff.net\/wp-content\/uploads\/2011\/04\/IMG_1827.jpg\" data-orig-size=\"400,300\" data-comments-opened=\"1\" data-image-meta=\"{&quot;aperture&quot;:&quot;5.6&quot;,&quot;credit&quot;:&quot;&quot;,&quot;camera&quot;:&quot;Canon DIGITAL IXUS 870 IS&quot;,&quot;caption&quot;:&quot;&quot;,&quot;created_timestamp&quot;:&quot;1302343693&quot;,&quot;copyright&quot;:&quot;&quot;,&quot;focal_length&quot;:&quot;5&quot;,&quot;iso&quot;:&quot;80&quot;,&quot;shutter_speed&quot;:&quot;0.0015625&quot;,&quot;title&quot;:&quot;&quot;}\" data-image-title=\"IMG_1827\" data-image-description=\"\" data-medium-file=\"https:\/\/i0.wp.com\/blog.kunstgriff.net\/wp-content\/uploads\/2011\/04\/IMG_1827.jpg?fit=300%2C225&#038;ssl=1\" data-large-file=\"https:\/\/i0.wp.com\/blog.kunstgriff.net\/wp-content\/uploads\/2011\/04\/IMG_1827.jpg?fit=400%2C300&#038;ssl=1\" src=\"https:\/\/i0.wp.com\/blog.kunstgriff.net\/wp-content\/uploads\/2011\/04\/IMG_1827.jpg?w=171&#038;h=128&#038;ssl=1\" srcset=\"https:\/\/i0.wp.com\/blog.kunstgriff.net\/wp-content\/uploads\/2011\/04\/IMG_1827.jpg?w=400&amp;ssl=1 400w, https:\/\/i0.wp.com\/blog.kunstgriff.net\/wp-content\/uploads\/2011\/04\/IMG_1827.jpg?resize=300%2C225&amp;ssl=1 300w\" width=\"171\" height=\"128\" loading=\"lazy\" data-original-width=\"171\" data-original-height=\"128\" itemprop=\"http:\/\/schema.org\/image\" title=\"IMG_1827\" alt=\"IMG_1827\" style=\"width: 171px; height: 128px;\" \/> <\/a> <\/div> <\/div> <!-- close group --> <\/div> <!-- close row --> <\/div>\n<p><iframe height='405' width='590' frameborder='0' allowtransparency='true' scrolling='no' src='https:\/\/www.strava.com\/activities\/13532735\/embed\/1ae1c20d98adba3aa4241eaabac033887dc94e2d'><\/iframe><\/p>\n","protected":false},"excerpt":{"rendered":"<p>oder \u00bbAuch bei sch\u00f6nem Wetter \u2019ne anstrengende Runde\u00ab Die erste Woche des Trainingscamps ist vor\u00fcber und so hie\u00df es von einigen Rennrad-Freunden abschied nehmen. Ein letztes gemeinsames Erinnerungsfoto und schon ging es f\u00fcr das A- und das B-Team auf die geplanten Ausfahrts-Runden. F\u00fcr uns stand heute San Salvador auf dem Programm. Eine eher flache Runde, &hellip; <\/p>\n<p class=\"link-more\"><a href=\"https:\/\/blog.kunstgriff.net\/?p=4132\" class=\"more-link\"><span class=\"screen-reader-text\">\u201eMallorca Trainingscamp &#8211; Tag 6 &#8211; San Salvador\u201c <\/span>weiterlesen<\/a><\/p>\n","protected":false},"author":2,"featured_media":0,"comment_status":"open","ping_status":"open","sticky":false,"template":"","format":"standard","meta":{"jetpack_post_was_ever_published":false,"_jetpack_newsletter_access":"","_jetpack_dont_email_post_to_subs":false,"_jetpack_newsletter_tier_id":0,"_jetpack_memberships_contains_paywalled_content":false,"_jetpack_memberships_contains_paid_content":false,"footnotes":""},"categories":[14,13,7],"tags":[],"class_list":["post-4132","post","type-post","status-publish","format-standard","hentry","category-radfahren","category-radreise","category-rennradfahren"],"jetpack_featured_media_url":"","jetpack_shortlink":"https:\/\/wp.me\/p8Cxe7-14E","jetpack-related-posts":[{"id":6216,"url":"https:\/\/blog.kunstgriff.net\/?p=6216","url_meta":{"origin":4132,"position":0},"title":"Gro\u00dfe B\u00e4cker-Runde nach Fehrbellin","author":"Georg","date":"Oktober 9, 2011","format":false,"excerpt":"oder \u00bbM\u00e4nner-Ausfahrt mit Einkehr\u00abDa in den \u00fcblichen Quellen f\u00fcr heute keine langen Touren angeboten wurden, entschloss ich mich, die Gro\u00dfe B\u00e4cker-Runde selbst anzubieten. Wer weiss, wie oft wir diese klasse Runde in diesem Jahr noch fahren k\u00f6nnen!? So dachten auch meine MItfahrer. Christoph und Sven warteten bei mir vor der\u2026","rel":"","context":"In &quot;Radfahren&quot;","block_context":{"text":"Radfahren","link":"https:\/\/blog.kunstgriff.net\/?cat=14"},"img":{"alt_text":"","src":"https:\/\/i0.wp.com\/blog.kunstgriff.net\/wp-content\/uploads\/2011\/10\/endlich-Kaffee-und-Kuchen-bei-Konditorei-Schmiedel.jpg?resize=350%2C200","width":350,"height":200,"srcset":"https:\/\/i0.wp.com\/blog.kunstgriff.net\/wp-content\/uploads\/2011\/10\/endlich-Kaffee-und-Kuchen-bei-Konditorei-Schmiedel.jpg?resize=350%2C200 1x, https:\/\/i0.wp.com\/blog.kunstgriff.net\/wp-content\/uploads\/2011\/10\/endlich-Kaffee-und-Kuchen-bei-Konditorei-Schmiedel.jpg?resize=525%2C300 1.5x, https:\/\/i0.wp.com\/blog.kunstgriff.net\/wp-content\/uploads\/2011\/10\/endlich-Kaffee-und-Kuchen-bei-Konditorei-Schmiedel.jpg?resize=700%2C400 2x"},"classes":[]},{"id":5878,"url":"https:\/\/blog.kunstgriff.net\/?p=5878","url_meta":{"origin":4132,"position":1},"title":"Durchs L\u00f6wenberger Land","author":"Georg","date":"September 11, 2011","format":false,"excerpt":"oder \u00bbSonntags-Tour in grosser Gruppe\u00ab Heute war Startzeit erst um High-Noon f\u00fcr eine Runde ins L\u00f6wenberger Land. Eigentlich zu sp\u00e4t f\u00fcr eine 100-Kilometer-Plus-Runde, aber auf die gute Gesellschaft wollte ich heute nicht verzichten und so machte ich mich erst am sp\u00e4ten Vormittag zum Rathaus Falkensee auf. Dort warteten bereits eine\u2026","rel":"","context":"In &quot;Radfahren&quot;","block_context":{"text":"Radfahren","link":"https:\/\/blog.kunstgriff.net\/?cat=14"},"img":{"alt_text":"","src":"https:\/\/i0.wp.com\/blog.kunstgriff.net\/wp-content\/uploads\/2011\/09\/Gruppenfoto-am-Rathaus-Falkensee.jpg?resize=350%2C200","width":350,"height":200,"srcset":"https:\/\/i0.wp.com\/blog.kunstgriff.net\/wp-content\/uploads\/2011\/09\/Gruppenfoto-am-Rathaus-Falkensee.jpg?resize=350%2C200 1x, https:\/\/i0.wp.com\/blog.kunstgriff.net\/wp-content\/uploads\/2011\/09\/Gruppenfoto-am-Rathaus-Falkensee.jpg?resize=525%2C300 1.5x, https:\/\/i0.wp.com\/blog.kunstgriff.net\/wp-content\/uploads\/2011\/09\/Gruppenfoto-am-Rathaus-Falkensee.jpg?resize=700%2C400 2x"},"classes":[]},{"id":8059,"url":"https:\/\/blog.kunstgriff.net\/?p=8059","url_meta":{"origin":4132,"position":2},"title":"Beelitz- &#038; Kloster-Lehnin-Runde am Pfingstmontag","author":"Georg","date":"Mai 28, 2012","format":false,"excerpt":"oder \u00bbOrdentliches Gebolze mit den Jungs\u00ab Sch\u00f6n, dass Mike diese Runde vom 14. August 2011 rausgekramt hatte und f\u00fcr heute anbot. Schade nur, dass er nicht erschien. Thomas telefonische Nachfrage um 11:07 Uhr ergab, dass Mike einen irreparablen Defekt an seinem Rad auf der langen Anfahrt hatte und deshalb nicht\u2026","rel":"","context":"In &quot;Radfahren&quot;","block_context":{"text":"Radfahren","link":"https:\/\/blog.kunstgriff.net\/?cat=14"},"img":{"alt_text":"","src":"http:\/\/www.assoc-amazon.de\/e\/ir?t=&l=as2&o=3&a=B00424LN5G","width":350,"height":200},"classes":[]},{"id":4679,"url":"https:\/\/blog.kunstgriff.net\/?p=4679","url_meta":{"origin":4132,"position":3},"title":"Golzow-Runde","author":"Georg","date":"Mai 27, 2011","format":false,"excerpt":"oder \u00bb190 km auf dem Rad in bester Begleitung\u00abUm 9 Uhr war ich heute mit Isabell, Andi S., Dirk P. und Dirk S. auf der Br\u00fccke am S-Bhf. Heerstra\u00dfe zu meiner langen Runde verabredet. Um kurz nach 9 ging es los Richtung Westen. Mit Andi musste ich eine Weile plaudern,\u2026","rel":"","context":"In &quot;Radfahren&quot;","block_context":{"text":"Radfahren","link":"https:\/\/blog.kunstgriff.net\/?cat=14"},"img":{"alt_text":"","src":"","width":0,"height":0},"classes":[]},{"id":9878,"url":"https:\/\/blog.kunstgriff.net\/?p=9878","url_meta":{"origin":4132,"position":4},"title":"Mallorca Trainingscamp 2013 &#8211; Tag 4 &#8211; San Salvador","author":"Georg","date":"M\u00e4rz 14, 2013","format":false,"excerpt":"oder \u00bbDer Klassiker wegen des Wetters\u00ab Viele Tourenvorschl\u00e4ge wurden am Fr\u00fchst\u00fcckstisch er\u00f6rtert, verworfen und wieder aufgegriffen. Da der Cheftrainer nicht vor Ort war, musste viel diskutiert werden. Die geplante Runde \u00fcber den Puig Major\u00a0musste\u00a0ausfallen,\u00a0denn es hatte dort oben geschneit und der Gipfel versteckte sich unter einer dichten Schneedecke. Niemand hatte\u2026","rel":"","context":"In &quot;Radfahren&quot;","block_context":{"text":"Radfahren","link":"https:\/\/blog.kunstgriff.net\/?cat=14"},"img":{"alt_text":"","src":"https:\/\/i0.wp.com\/blog.kunstgriff.net\/wp-content\/uploads\/2013\/03\/Schnee-auf-dem-Puig-Major.jpg?fit=1000%2C750&ssl=1&resize=350%2C200","width":350,"height":200,"srcset":"https:\/\/i0.wp.com\/blog.kunstgriff.net\/wp-content\/uploads\/2013\/03\/Schnee-auf-dem-Puig-Major.jpg?fit=1000%2C750&ssl=1&resize=350%2C200 1x, https:\/\/i0.wp.com\/blog.kunstgriff.net\/wp-content\/uploads\/2013\/03\/Schnee-auf-dem-Puig-Major.jpg?fit=1000%2C750&ssl=1&resize=525%2C300 1.5x, https:\/\/i0.wp.com\/blog.kunstgriff.net\/wp-content\/uploads\/2013\/03\/Schnee-auf-dem-Puig-Major.jpg?fit=1000%2C750&ssl=1&resize=700%2C400 2x"},"classes":[]},{"id":10036,"url":"https:\/\/blog.kunstgriff.net\/?p=10036","url_meta":{"origin":4132,"position":5},"title":"Potsdam-Ketzin-Runde","author":"Georg","date":"April 7, 2013","format":false,"excerpt":"oder \u00bbAb in den Fr\u00fchling\u00abMein Kettenbruder Christoph N. hatte heute zu einer Fr\u00fchlingsrunde auf fb gerufen. Genau der richtige Wiedereinstieg nach drei Wochen Rennrad-Abstinentz. So trafen wir uns um 11 Uhr am Auerbachtunnel um diese, mir bekannte Strecke unter die Laufr\u00e4der zu nehmen. Recht geordnet ging es in gro\u00dfer Gruppe\u2026","rel":"","context":"In &quot;Radfahren&quot;","block_context":{"text":"Radfahren","link":"https:\/\/blog.kunstgriff.net\/?cat=14"},"img":{"alt_text":"Unfreiwilliger Stop an der Glienicker Br\u00fccke","src":"https:\/\/i0.wp.com\/blog.kunstgriff.net\/wp-content\/uploads\/2013\/04\/Unfreiwilliger-Stop-an-der-Glienicker-Br%C3%BCcke-300x225.jpg?resize=350%2C200","width":350,"height":200},"classes":[]}],"jetpack_likes_enabled":true,"jetpack_sharing_enabled":true,"_links":{"self":[{"href":"https:\/\/blog.kunstgriff.net\/index.php?rest_route=\/wp\/v2\/posts\/4132","targetHints":{"allow":["GET"]}}],"collection":[{"href":"https:\/\/blog.kunstgriff.net\/index.php?rest_route=\/wp\/v2\/posts"}],"about":[{"href":"https:\/\/blog.kunstgriff.net\/index.php?rest_route=\/wp\/v2\/types\/post"}],"author":[{"embeddable":true,"href":"https:\/\/blog.kunstgriff.net\/index.php?rest_route=\/wp\/v2\/users\/2"}],"replies":[{"embeddable":true,"href":"https:\/\/blog.kunstgriff.net\/index.php?rest_route=%2Fwp%2Fv2%2Fcomments&post=4132"}],"version-history":[{"count":0,"href":"https:\/\/blog.kunstgriff.net\/index.php?rest_route=\/wp\/v2\/posts\/4132\/revisions"}],"wp:attachment":[{"href":"https:\/\/blog.kunstgriff.net\/index.php?rest_route=%2Fwp%2Fv2%2Fmedia&parent=4132"}],"wp:term":[{"taxonomy":"category","embeddable":true,"href":"https:\/\/blog.kunstgriff.net\/index.php?rest_route=%2Fwp%2Fv2%2Fcategories&post=4132"},{"taxonomy":"post_tag","embeddable":true,"href":"https:\/\/blog.kunstgriff.net\/index.php?rest_route=%2Fwp%2Fv2%2Ftags&post=4132"}],"curies":[{"name":"wp","href":"https:\/\/api.w.org\/{rel}","templated":true}]}}