{"id":4152,"date":"2011-04-11T17:54:11","date_gmt":"2011-04-11T15:54:11","guid":{"rendered":"http:\/\/blog.kunstgriff.net\/?p=4152"},"modified":"2016-09-01T13:59:59","modified_gmt":"2016-09-01T11:59:59","slug":"mallorca-trainingscamp-tag-7-kloster-lluc-und-cap-formentor","status":"publish","type":"post","link":"https:\/\/blog.kunstgriff.net\/?p=4152","title":{"rendered":"Mallorca Trainingscamp &#8211; Tag 7 &#8211; Kloster Lluc und Cap Formentor"},"content":{"rendered":"<span class=\"span-reading-time rt-reading-time\" style=\"display: block;\"><span class=\"rt-label rt-prefix\">Lesezeit: <\/span> <span class=\"rt-time\"> 2<\/span> <span class=\"rt-label rt-postfix\">Minuten<\/span><\/span><h4>oder \u00bbLockere 100-km-Runde\u00ab<\/h4>\n<hr \/>\n<p>Lange hat es gedauert bis wir uns heute f\u00fcr eine Tour entscheiden konnten. Schlussendlich entschied der Cheftrainer, was heute gut f\u00fcr uns sein w\u00fcrde. Es ging <em>nicht<\/em> auf die <a href=\"http:\/\/www.tour-magazin.de\/?p=9915\" target=\"_blank\">Br\u00e4gel Tour #4<\/a> sondern auf direktem Wege durch das <a href=\"http:\/\/www.cansureda.es\/de\/home.php\" target=\"_blank\">Peter Maffay Tal <\/a>nach Caimari, um dort rechts in den Berg hoch zum Kloster Lluc abzubiegen.<\/p>\n<p>Allgemein waren die Kettenbr\u00fcder nicht zu Wettrennen aufgelegt &#8211; trotz Ruhetages. Das passte mir sehr gut, denn ich hatte Schwierigkeiten einen runden Tritt zu finden. Als die Tankstelle dort oben erreicht war, war ich froh, das es nun nicht weiter hinauf ging, nur noch ein paar kleine Wellen, vor der Abfahrt hinunter nach <a href=\"http:\/\/de.wikipedia.org\/wiki\/Pollen\u00e7a\" target=\"_blank\">Pollen\u00e7a.<\/a><\/p>\n<p>In einer Kurve passierte mir wieder, was auch schon auf der Abfahrt in San Salvador passiert war: Das Hinterrad blockierte, hob von der Stra\u00dfe ab und drohte, mich links zu \u00fcberholen. Schrecksekunde, denn die Leitplanke kam n\u00e4her. Ich l\u00f6ste die Bremse blitzschnell und konnte so ein Aufschaukeln meines Rades verhindern. Unmittelbar als das Rad wieder sicher rollte bremste ich beherzt ein Zweites mal und konnte so eine Kollision verhindern.<\/p>\n<p>Lange gr\u00fcbelte ich in der Abfahrt, was wohl der Grund f\u00fcr das sich anhebende Hinterrad gewesen war!? Ob die neuen Bremsen einfach g<em>iftiger<\/em> zupackten? Ob ich nicht mehr richtig bremsen, uns somit auch nicht mehr richtig bergabfahren konnte? Vielleicht lag es auch einfach nur am neuen Rad, das dieses giftiger lief? Leider konnte ich die Frage nicht eindeutig beantworten.\u00a0Nun fuhr ich allerdings wieder erheblich vorsichtiger den Berg hinunter.<\/p>\n<p>Unten im Tal verabschiedete sich Timo nach einem kurzen Fotostop &#8211; er wollte noch mehr flache Kilometer abspulen und zum Radladen, wohingegen wir hoch zum Cap Formentor fuhren.<\/p>\n<p>Auch diese H\u00fcgel fuhr ich wieder eher gem\u00fctlich, den Puls blo\u00df nicht in den roten Bereich bringen. Zu gro\u00df die Ehrfurcht vor der Runde, welche uns morgen bevor steht.<\/p>\n<p>Am Cap gab es die notorische Cola Light f\u00fcr 3,10 \u20ac. Wir trafen auch noch Ralf-Udo, der auch dort hinaus gefahren war.\u00a0Nach der kurzen Brotzeit machten wir uns auf den R\u00fcckweg, nicht ohne in Port de Polen\u00e7a noch ein St\u00fcck Apfelkuchen zu verdr\u00fccken.<\/p>\n<p><em>Fazit:<\/em> Eine sch\u00f6ne Runde, die nicht all zu viele K\u00f6rner gekostet hat. Zum Gl\u00fcck, denn morgen wird fr\u00fcher aufgestanden.<\/p>\n<div class=\"tiled-gallery type-rectangular tiled-gallery-unresized\" data-original-width=\"525\" data-carousel-extra='{&quot;blog_id&quot;:1,&quot;permalink&quot;:&quot;https:\\\/\\\/blog.kunstgriff.net\\\/?p=4152&quot;,&quot;likes_blog_id&quot;:127394879}' itemscope itemtype=\"http:\/\/schema.org\/ImageGallery\" > <div class=\"gallery-row\" style=\"width: 525px; height: 154px;\" data-original-width=\"525\" data-original-height=\"154\" > <div class=\"gallery-group images-1\" style=\"width: 204px; height: 154px;\" data-original-width=\"204\" data-original-height=\"154\" > <div class=\"tiled-gallery-item tiled-gallery-item-small\" itemprop=\"associatedMedia\" itemscope itemtype=\"http:\/\/schema.org\/ImageObject\"> <a href=\"https:\/\/blog.kunstgriff.net\/?attachment_id=4154\" border=\"0\" itemprop=\"url\"> <meta itemprop=\"width\" content=\"200\"> <meta itemprop=\"height\" content=\"150\"> <img decoding=\"async\" class=\"\" data-attachment-id=\"4154\" data-orig-file=\"https:\/\/blog.kunstgriff.net\/wp-content\/uploads\/2011\/04\/IMG_1860.jpg\" data-orig-size=\"800,600\" data-comments-opened=\"1\" data-image-meta=\"{&quot;aperture&quot;:&quot;2.8&quot;,&quot;credit&quot;:&quot;&quot;,&quot;camera&quot;:&quot;Canon DIGITAL IXUS 870 IS&quot;,&quot;caption&quot;:&quot;&quot;,&quot;created_timestamp&quot;:&quot;1302512141&quot;,&quot;copyright&quot;:&quot;&quot;,&quot;focal_length&quot;:&quot;5&quot;,&quot;iso&quot;:&quot;100&quot;,&quot;shutter_speed&quot;:&quot;0.002&quot;,&quot;title&quot;:&quot;&quot;}\" data-image-title=\"IMG_1860\" data-image-description=\"\" data-medium-file=\"https:\/\/i0.wp.com\/blog.kunstgriff.net\/wp-content\/uploads\/2011\/04\/IMG_1860.jpg?fit=300%2C225&#038;ssl=1\" data-large-file=\"https:\/\/i0.wp.com\/blog.kunstgriff.net\/wp-content\/uploads\/2011\/04\/IMG_1860.jpg?fit=800%2C600&#038;ssl=1\" src=\"https:\/\/i0.wp.com\/blog.kunstgriff.net\/wp-content\/uploads\/2011\/04\/IMG_1860.jpg?w=200&#038;h=150&#038;ssl=1\" srcset=\"https:\/\/i0.wp.com\/blog.kunstgriff.net\/wp-content\/uploads\/2011\/04\/IMG_1860.jpg?w=800&amp;ssl=1 800w, https:\/\/i0.wp.com\/blog.kunstgriff.net\/wp-content\/uploads\/2011\/04\/IMG_1860.jpg?resize=300%2C225&amp;ssl=1 300w\" width=\"200\" height=\"150\" loading=\"lazy\" data-original-width=\"200\" data-original-height=\"150\" itemprop=\"http:\/\/schema.org\/image\" title=\"IMG_1860\" alt=\"IMG_1860\" style=\"width: 200px; height: 150px;\" \/> <\/a> <\/div> <\/div> <!-- close group --> <div class=\"gallery-group images-1\" style=\"width: 117px; height: 154px;\" data-original-width=\"117\" data-original-height=\"154\" > <div class=\"tiled-gallery-item tiled-gallery-item-small\" itemprop=\"associatedMedia\" itemscope itemtype=\"http:\/\/schema.org\/ImageObject\"> <a href=\"https:\/\/blog.kunstgriff.net\/?attachment_id=4156\" border=\"0\" itemprop=\"url\"> <meta itemprop=\"width\" content=\"113\"> <meta itemprop=\"height\" content=\"150\"> <img decoding=\"async\" class=\"\" data-attachment-id=\"4156\" data-orig-file=\"https:\/\/blog.kunstgriff.net\/wp-content\/uploads\/2011\/04\/IMG_1865.jpg\" data-orig-size=\"600,800\" data-comments-opened=\"1\" data-image-meta=\"{&quot;aperture&quot;:&quot;5.6&quot;,&quot;credit&quot;:&quot;&quot;,&quot;camera&quot;:&quot;Canon DIGITAL IXUS 870 IS&quot;,&quot;caption&quot;:&quot;&quot;,&quot;created_timestamp&quot;:&quot;1302519424&quot;,&quot;copyright&quot;:&quot;&quot;,&quot;focal_length&quot;:&quot;5&quot;,&quot;iso&quot;:&quot;125&quot;,&quot;shutter_speed&quot;:&quot;0.00125&quot;,&quot;title&quot;:&quot;&quot;}\" data-image-title=\"IMG_1865\" data-image-description=\"\" data-medium-file=\"https:\/\/i0.wp.com\/blog.kunstgriff.net\/wp-content\/uploads\/2011\/04\/IMG_1865.jpg?fit=225%2C300&#038;ssl=1\" data-large-file=\"https:\/\/i0.wp.com\/blog.kunstgriff.net\/wp-content\/uploads\/2011\/04\/IMG_1865.jpg?fit=600%2C800&#038;ssl=1\" src=\"https:\/\/i0.wp.com\/blog.kunstgriff.net\/wp-content\/uploads\/2011\/04\/IMG_1865.jpg?w=113&#038;h=150&#038;ssl=1\" srcset=\"https:\/\/i0.wp.com\/blog.kunstgriff.net\/wp-content\/uploads\/2011\/04\/IMG_1865.jpg?w=600&amp;ssl=1 600w, https:\/\/i0.wp.com\/blog.kunstgriff.net\/wp-content\/uploads\/2011\/04\/IMG_1865.jpg?resize=225%2C300&amp;ssl=1 225w\" width=\"113\" height=\"150\" loading=\"lazy\" data-original-width=\"113\" data-original-height=\"150\" itemprop=\"http:\/\/schema.org\/image\" title=\"IMG_1865\" alt=\"IMG_1865\" style=\"width: 113px; height: 150px;\" \/> <\/a> <\/div> <\/div> <!-- close group --> <div class=\"gallery-group images-1\" style=\"width: 204px; height: 154px;\" data-original-width=\"204\" data-original-height=\"154\" > <div class=\"tiled-gallery-item tiled-gallery-item-small\" itemprop=\"associatedMedia\" itemscope itemtype=\"http:\/\/schema.org\/ImageObject\"> <a href=\"https:\/\/blog.kunstgriff.net\/?attachment_id=4157\" border=\"0\" itemprop=\"url\"> <meta itemprop=\"width\" content=\"200\"> <meta itemprop=\"height\" content=\"150\"> <img decoding=\"async\" class=\"\" data-attachment-id=\"4157\" data-orig-file=\"https:\/\/blog.kunstgriff.net\/wp-content\/uploads\/2011\/04\/IMG_1867.jpg\" data-orig-size=\"800,600\" data-comments-opened=\"1\" data-image-meta=\"{&quot;aperture&quot;:&quot;5.6&quot;,&quot;credit&quot;:&quot;&quot;,&quot;camera&quot;:&quot;Canon DIGITAL IXUS 870 IS&quot;,&quot;caption&quot;:&quot;&quot;,&quot;created_timestamp&quot;:&quot;1302519644&quot;,&quot;copyright&quot;:&quot;&quot;,&quot;focal_length&quot;:&quot;5&quot;,&quot;iso&quot;:&quot;80&quot;,&quot;shutter_speed&quot;:&quot;0.002&quot;,&quot;title&quot;:&quot;&quot;}\" data-image-title=\"IMG_1867\" data-image-description=\"\" data-medium-file=\"https:\/\/i0.wp.com\/blog.kunstgriff.net\/wp-content\/uploads\/2011\/04\/IMG_1867.jpg?fit=300%2C225&#038;ssl=1\" data-large-file=\"https:\/\/i0.wp.com\/blog.kunstgriff.net\/wp-content\/uploads\/2011\/04\/IMG_1867.jpg?fit=800%2C600&#038;ssl=1\" src=\"https:\/\/i0.wp.com\/blog.kunstgriff.net\/wp-content\/uploads\/2011\/04\/IMG_1867.jpg?w=200&#038;h=150&#038;ssl=1\" srcset=\"https:\/\/i0.wp.com\/blog.kunstgriff.net\/wp-content\/uploads\/2011\/04\/IMG_1867.jpg?w=800&amp;ssl=1 800w, https:\/\/i0.wp.com\/blog.kunstgriff.net\/wp-content\/uploads\/2011\/04\/IMG_1867.jpg?resize=300%2C225&amp;ssl=1 300w\" width=\"200\" height=\"150\" loading=\"lazy\" data-original-width=\"200\" data-original-height=\"150\" itemprop=\"http:\/\/schema.org\/image\" title=\"IMG_1867\" alt=\"IMG_1867\" style=\"width: 200px; height: 150px;\" \/> <\/a> <\/div> <\/div> <!-- close group --> <\/div> <!-- close row --> <\/div>\n<p><iframe height='405' width='590' frameborder='0' allowtransparency='true' scrolling='no' src='https:\/\/www.strava.com\/activities\/13532739\/embed\/4c12e0c5b07650e91ad70cb90019f9fa6734e9e4'><\/iframe><\/p>\n","protected":false},"excerpt":{"rendered":"<p>oder \u00bbLockere 100-km-Runde\u00ab Lange hat es gedauert bis wir uns heute f\u00fcr eine Tour entscheiden konnten. Schlussendlich entschied der Cheftrainer, was heute gut f\u00fcr uns sein w\u00fcrde. Es ging nicht auf die Br\u00e4gel Tour #4 sondern auf direktem Wege durch das Peter Maffay Tal nach Caimari, um dort rechts in den Berg hoch zum Kloster &hellip; <\/p>\n<p class=\"link-more\"><a href=\"https:\/\/blog.kunstgriff.net\/?p=4152\" class=\"more-link\"><span class=\"screen-reader-text\">\u201eMallorca Trainingscamp &#8211; Tag 7 &#8211; Kloster Lluc und Cap Formentor\u201c <\/span>weiterlesen<\/a><\/p>\n","protected":false},"author":2,"featured_media":0,"comment_status":"open","ping_status":"open","sticky":false,"template":"","format":"standard","meta":{"jetpack_post_was_ever_published":false,"_jetpack_newsletter_access":"","_jetpack_dont_email_post_to_subs":false,"_jetpack_newsletter_tier_id":0,"_jetpack_memberships_contains_paywalled_content":false,"_jetpack_memberships_contains_paid_content":false,"footnotes":""},"categories":[14,13,7],"tags":[],"class_list":["post-4152","post","type-post","status-publish","format-standard","hentry","category-radfahren","category-radreise","category-rennradfahren"],"jetpack_featured_media_url":"","jetpack_shortlink":"https:\/\/wp.me\/p8Cxe7-14Y","jetpack-related-posts":[{"id":12433,"url":"https:\/\/blog.kunstgriff.net\/?p=12433","url_meta":{"origin":4152,"position":0},"title":"Mallorca Trainingscamp 2015 &#8211; Tag 9 &#8211; Lluc &#8211; Pollentia","author":"Georg","date":"M\u00e4rz 29, 2015","format":false,"excerpt":"oder \u00bbKurze Abschlussrunde\u00abSo schnell ist der Mallorca-Rennradurlaub 2015 also wieder vorbei! 9 Tage auf dem Renner liegen hinter mir. Zwei Ruhetage wegen\u00a0schlechten Wetters. Auch der Abflugtag wollte von den\u00a0Compa\u00f1eros genutzt werden um es wieder in den Berg krachen zu lassen. Bei mir krachte nichts mehr. Die Beine waren so m\u00fcde,\u2026","rel":"","context":"In &quot;Radfahren&quot;","block_context":{"text":"Radfahren","link":"https:\/\/blog.kunstgriff.net\/?cat=14"},"img":{"alt_text":"","src":"https:\/\/i0.wp.com\/blog.kunstgriff.net\/wp-content\/uploads\/2015\/03\/Grosser-Spass-auf-der-flotten-Abfahrt.jpg?fit=1200%2C900&ssl=1&resize=350%2C200","width":350,"height":200,"srcset":"https:\/\/i0.wp.com\/blog.kunstgriff.net\/wp-content\/uploads\/2015\/03\/Grosser-Spass-auf-der-flotten-Abfahrt.jpg?fit=1200%2C900&ssl=1&resize=350%2C200 1x, https:\/\/i0.wp.com\/blog.kunstgriff.net\/wp-content\/uploads\/2015\/03\/Grosser-Spass-auf-der-flotten-Abfahrt.jpg?fit=1200%2C900&ssl=1&resize=525%2C300 1.5x, https:\/\/i0.wp.com\/blog.kunstgriff.net\/wp-content\/uploads\/2015\/03\/Grosser-Spass-auf-der-flotten-Abfahrt.jpg?fit=1200%2C900&ssl=1&resize=700%2C400 2x, https:\/\/i0.wp.com\/blog.kunstgriff.net\/wp-content\/uploads\/2015\/03\/Grosser-Spass-auf-der-flotten-Abfahrt.jpg?fit=1200%2C900&ssl=1&resize=1050%2C600 3x"},"classes":[]},{"id":11629,"url":"https:\/\/blog.kunstgriff.net\/?p=11629","url_meta":{"origin":4152,"position":1},"title":"Mallorca Trainingscamp 2014 &#8211; Tag 6 &#8211; Esporles &#8211; Palma &#8211; Lluc","author":"Georg","date":"April 6, 2014","format":false,"excerpt":"oder \u00bbAuf nen Caf\u00e9 in die Inselhauptstadt\u00abHeute war die lange, eigentlich flache Etappe nach Palma geplant. Schon im letzten Jahr hatte wir viel Freude auf der Runde, die wir heute auf jeden Fall toppen wollten. Mit relativ schweren Beinen ging es raus zum Schilf. Dank der ordentlichen Wechsel musste auch\u2026","rel":"","context":"In &quot;Radfahren&quot;","block_context":{"text":"Radfahren","link":"https:\/\/blog.kunstgriff.net\/?cat=14"},"img":{"alt_text":"","src":"https:\/\/i0.wp.com\/blog.kunstgriff.net\/wp-content\/uploads\/2014\/04\/Cafe-im-Hafen-in-der-Sonne.jpg?fit=1200%2C900&ssl=1&resize=350%2C200","width":350,"height":200,"srcset":"https:\/\/i0.wp.com\/blog.kunstgriff.net\/wp-content\/uploads\/2014\/04\/Cafe-im-Hafen-in-der-Sonne.jpg?fit=1200%2C900&ssl=1&resize=350%2C200 1x, https:\/\/i0.wp.com\/blog.kunstgriff.net\/wp-content\/uploads\/2014\/04\/Cafe-im-Hafen-in-der-Sonne.jpg?fit=1200%2C900&ssl=1&resize=525%2C300 1.5x, https:\/\/i0.wp.com\/blog.kunstgriff.net\/wp-content\/uploads\/2014\/04\/Cafe-im-Hafen-in-der-Sonne.jpg?fit=1200%2C900&ssl=1&resize=700%2C400 2x, https:\/\/i0.wp.com\/blog.kunstgriff.net\/wp-content\/uploads\/2014\/04\/Cafe-im-Hafen-in-der-Sonne.jpg?fit=1200%2C900&ssl=1&resize=1050%2C600 3x"},"classes":[]},{"id":7557,"url":"https:\/\/blog.kunstgriff.net\/?p=7557","url_meta":{"origin":4152,"position":2},"title":"Mallorca Trainingscamp 2012 &#8211; Tag 8 &#8211; Cap Formentor","author":"Georg","date":"M\u00e4rz 17, 2012","format":false,"excerpt":"oder \u00bbLeider heute nicht ganz nach Plan\u00abNachdem heute f\u00fcr die Meisten Abreisetag war, konnten nur Christian, Alexander und ich, noch den vollen Sonnentag auf der Insel genie\u00dfen. Daf\u00fcr hatten wir uns einiges vorgenommen: Kloster Lluc, Sacalobra und Cap Formentor wollten in einem Rutsch gefahren werden. Das bedeutete rund 160 km\u2026","rel":"","context":"In &quot;Radreise&quot;","block_context":{"text":"Radreise","link":"https:\/\/blog.kunstgriff.net\/?cat=13"},"img":{"alt_text":"","src":"https:\/\/i0.wp.com\/blog.kunstgriff.net\/wp-content\/uploads\/2012\/03\/R%C3%BCckweg-von-Cap-Formentor.jpg?fit=750%2C1000&ssl=1&resize=350%2C200","width":350,"height":200,"srcset":"https:\/\/i0.wp.com\/blog.kunstgriff.net\/wp-content\/uploads\/2012\/03\/R%C3%BCckweg-von-Cap-Formentor.jpg?fit=750%2C1000&ssl=1&resize=350%2C200 1x, https:\/\/i0.wp.com\/blog.kunstgriff.net\/wp-content\/uploads\/2012\/03\/R%C3%BCckweg-von-Cap-Formentor.jpg?fit=750%2C1000&ssl=1&resize=525%2C300 1.5x, https:\/\/i0.wp.com\/blog.kunstgriff.net\/wp-content\/uploads\/2012\/03\/R%C3%BCckweg-von-Cap-Formentor.jpg?fit=750%2C1000&ssl=1&resize=700%2C400 2x"},"classes":[]},{"id":1004,"url":"https:\/\/blog.kunstgriff.net\/?p=1004","url_meta":{"origin":4152,"position":3},"title":"Trainingslager Mallorca 8. Tag Orient &#038; Kloster Luc","author":"Georg","date":"M\u00e4rz 13, 2010","format":false,"excerpt":"Heute war die K\u00f6nigsetappe f\u00fcr mich geplant, d. h. es sollte f\u00fcr mich am L\u00e4ngsten und mit den meisten H\u00f6henmetern gefahren werden. Bedingt durch den ausgefallenen Ruhetag gestern und das nasskalte Wetter - es hatte in der Nacht stark geregnet - f\u00fchlte ich mich bei Abfahrt um 10 Uhr gar\u2026","rel":"","context":"In &quot;Radfahren&quot;","block_context":{"text":"Radfahren","link":"https:\/\/blog.kunstgriff.net\/?cat=14"},"img":{"alt_text":"","src":"https:\/\/i0.wp.com\/blog.kunstgriff.net\/wp-content\/uploads\/2010\/03\/IMG_0113.jpg?fit=700%2C525&ssl=1&resize=350%2C200","width":350,"height":200,"srcset":"https:\/\/i0.wp.com\/blog.kunstgriff.net\/wp-content\/uploads\/2010\/03\/IMG_0113.jpg?fit=700%2C525&ssl=1&resize=350%2C200 1x, https:\/\/i0.wp.com\/blog.kunstgriff.net\/wp-content\/uploads\/2010\/03\/IMG_0113.jpg?fit=700%2C525&ssl=1&resize=525%2C300 1.5x, https:\/\/i0.wp.com\/blog.kunstgriff.net\/wp-content\/uploads\/2010\/03\/IMG_0113.jpg?fit=700%2C525&ssl=1&resize=700%2C400 2x"},"classes":[]},{"id":12393,"url":"https:\/\/blog.kunstgriff.net\/?p=12393","url_meta":{"origin":4152,"position":4},"title":"Mallorca Trainingscamp 2015 &#8211; Tag 6 &#8211; Puig &#8211; Soller &#8211; Orient","author":"Georg","date":"M\u00e4rz 26, 2015","format":false,"excerpt":"oder \u00bbH\u00f6henmeter ohne Ende\u00ab Nach zwei regenreichen Ruhetagen wollte heute endlich wieder das Rennrad bewegt werden. Nicht nur ein bisschen in der Horizontalen, nein auch ein paar Steigungen sollten gefahren werden. Daf\u00fcr ging es von Pollen\u00e7a die 14 Kilometer zum Kloster Lluc hoch. Die mitfahrenden Compa\u00f1eros waren schnell entschwunden und\u2026","rel":"","context":"In &quot;Radfahren&quot;","block_context":{"text":"Radfahren","link":"https:\/\/blog.kunstgriff.net\/?cat=14"},"img":{"alt_text":"","src":"https:\/\/i0.wp.com\/blog.kunstgriff.net\/wp-content\/uploads\/2015\/03\/Alles-f%C3%BCr-diesen-Moment.jpg?fit=1200%2C900&ssl=1&resize=350%2C200","width":350,"height":200,"srcset":"https:\/\/i0.wp.com\/blog.kunstgriff.net\/wp-content\/uploads\/2015\/03\/Alles-f%C3%BCr-diesen-Moment.jpg?fit=1200%2C900&ssl=1&resize=350%2C200 1x, https:\/\/i0.wp.com\/blog.kunstgriff.net\/wp-content\/uploads\/2015\/03\/Alles-f%C3%BCr-diesen-Moment.jpg?fit=1200%2C900&ssl=1&resize=525%2C300 1.5x, https:\/\/i0.wp.com\/blog.kunstgriff.net\/wp-content\/uploads\/2015\/03\/Alles-f%C3%BCr-diesen-Moment.jpg?fit=1200%2C900&ssl=1&resize=700%2C400 2x, https:\/\/i0.wp.com\/blog.kunstgriff.net\/wp-content\/uploads\/2015\/03\/Alles-f%C3%BCr-diesen-Moment.jpg?fit=1200%2C900&ssl=1&resize=1050%2C600 3x"},"classes":[]},{"id":12333,"url":"https:\/\/blog.kunstgriff.net\/?p=12333","url_meta":{"origin":4152,"position":5},"title":"Mallorca Trainingscamp 2015 &#8211; Tag 2 &#8211; Santa Maria &#8211; Kloster Lluc","author":"Georg","date":"M\u00e4rz 19, 2015","format":false,"excerpt":"oder \u00bbMal nen Berg\u00abNach der doch recht flachen gestrigen Einrollrunde, sollte heute ein echter Anstieg gefahren werden. Daf\u00fcr trafen wir uns um kurz nach 10 Uhr am Kreisverkehr am Schilf und begr\u00fcssten freudig die Compa\u00f1eros aus dem Club Pollentia, die schon vollz\u00e4hlig am Treffpunkt warteten. Auch Heiko und Felix waren\u2026","rel":"","context":"In &quot;Radfahren&quot;","block_context":{"text":"Radfahren","link":"https:\/\/blog.kunstgriff.net\/?cat=14"},"img":{"alt_text":"","src":"https:\/\/i0.wp.com\/blog.kunstgriff.net\/wp-content\/uploads\/2015\/03\/Oben-an-der-Tankstelle-nach-dem-Anstieg.jpg?fit=1200%2C900&ssl=1&resize=350%2C200","width":350,"height":200,"srcset":"https:\/\/i0.wp.com\/blog.kunstgriff.net\/wp-content\/uploads\/2015\/03\/Oben-an-der-Tankstelle-nach-dem-Anstieg.jpg?fit=1200%2C900&ssl=1&resize=350%2C200 1x, https:\/\/i0.wp.com\/blog.kunstgriff.net\/wp-content\/uploads\/2015\/03\/Oben-an-der-Tankstelle-nach-dem-Anstieg.jpg?fit=1200%2C900&ssl=1&resize=525%2C300 1.5x, https:\/\/i0.wp.com\/blog.kunstgriff.net\/wp-content\/uploads\/2015\/03\/Oben-an-der-Tankstelle-nach-dem-Anstieg.jpg?fit=1200%2C900&ssl=1&resize=700%2C400 2x, https:\/\/i0.wp.com\/blog.kunstgriff.net\/wp-content\/uploads\/2015\/03\/Oben-an-der-Tankstelle-nach-dem-Anstieg.jpg?fit=1200%2C900&ssl=1&resize=1050%2C600 3x"},"classes":[]}],"jetpack_likes_enabled":true,"jetpack_sharing_enabled":true,"_links":{"self":[{"href":"https:\/\/blog.kunstgriff.net\/index.php?rest_route=\/wp\/v2\/posts\/4152","targetHints":{"allow":["GET"]}}],"collection":[{"href":"https:\/\/blog.kunstgriff.net\/index.php?rest_route=\/wp\/v2\/posts"}],"about":[{"href":"https:\/\/blog.kunstgriff.net\/index.php?rest_route=\/wp\/v2\/types\/post"}],"author":[{"embeddable":true,"href":"https:\/\/blog.kunstgriff.net\/index.php?rest_route=\/wp\/v2\/users\/2"}],"replies":[{"embeddable":true,"href":"https:\/\/blog.kunstgriff.net\/index.php?rest_route=%2Fwp%2Fv2%2Fcomments&post=4152"}],"version-history":[{"count":0,"href":"https:\/\/blog.kunstgriff.net\/index.php?rest_route=\/wp\/v2\/posts\/4152\/revisions"}],"wp:attachment":[{"href":"https:\/\/blog.kunstgriff.net\/index.php?rest_route=%2Fwp%2Fv2%2Fmedia&parent=4152"}],"wp:term":[{"taxonomy":"category","embeddable":true,"href":"https:\/\/blog.kunstgriff.net\/index.php?rest_route=%2Fwp%2Fv2%2Fcategories&post=4152"},{"taxonomy":"post_tag","embeddable":true,"href":"https:\/\/blog.kunstgriff.net\/index.php?rest_route=%2Fwp%2Fv2%2Ftags&post=4152"}],"curies":[{"name":"wp","href":"https:\/\/api.w.org\/{rel}","templated":true}]}}