{"id":4247,"date":"2011-04-14T19:08:04","date_gmt":"2011-04-14T17:08:04","guid":{"rendered":"http:\/\/blog.kunstgriff.net\/?p=4247"},"modified":"2016-09-01T13:55:45","modified_gmt":"2016-09-01T11:55:45","slug":"mallorca-trainingscamp-tag-9-lluc-und-sa-calobra","status":"publish","type":"post","link":"https:\/\/blog.kunstgriff.net\/?p=4247","title":{"rendered":"Mallorca Trainingscamp &#8211; Tag 9 &#8211; Lluc und Sa Calobra"},"content":{"rendered":"<span class=\"span-reading-time rt-reading-time\" style=\"display: block;\"><span class=\"rt-label rt-prefix\">Lesezeit: <\/span> <span class=\"rt-time\"> 3<\/span> <span class=\"rt-label rt-postfix\">Minuten<\/span><\/span><h4>oder \u00bbSchlechte Beine &amp; viele H\u00f6henmeter\u00ab<\/h4>\n<hr \/>\n<p>Der Ruhetag gestern war zwar hilfreich, aber nicht ausreichend um vollst\u00e4ndig zu regenerieren. Das merkte ich schon auf den ersten Kilometern durch das <a href=\"http:\/\/www.abendblatt.de\/kultur-live\/article559497\/Der-gute-Mensch-von-Pollenca.html\" target=\"_blank\">Peter Maffay Tal<\/a>. Richtig Druck auf den Pedalen war nicht drin und der Spass fehlte fast komplett am Rad fahren. Karsten und Alexander waren nach dem Ruhetag richtig heiss aufs Bolzen und so hatte ich wenig Freude mitzufahren.<\/p>\n<p>Beim Einstieg hoch nach Lluc legte Alexander gleich ordentlich vor, das sogar Herbert Schwierigkeiten hatte zu folgen. Weiter ging es zum Kiosk, der Weggabelung nach Sa Calobra. Um in diesen K\u00fcstenort zu gelangen muss man erst einen 2 km langen Pass hinauf fahre, bevor es f\u00fcr mehr als 10 km steil bergab \u00fcber viele Serpentinen auf Meeresh\u00f6he geht. Der Asphalt ist klasse und so sind dort herunter neben Rennradlern auch gro\u00dfe Reisebusse und Motorr\u00e4der unterwegs, die <a href=\"http:\/\/www.google.com\/imgres?imgurl=http:\/\/traveler-forum.de\/phpmyforum\/attachment.php%3Fid%3D4311%26inline%3D1%26s%3D814e8517367f40a7a22bfc01059f5565&amp;imgrefurl=http:\/\/traveler-forum.de\/phpmyforum\/topic.php%3Fprint%3D1%26id%3D3214%26page%3D1%26s%3D814e8517367f40a7a22bfc01059f5565&amp;usg=__oee8MIfolwW6zfSPTLBoz9oWATA=&amp;h=533&amp;w=800&amp;sz=148&amp;hl=de&amp;start=0&amp;sig2=cYNAsmYzHNU8P8uFA6erIA&amp;zoom=0&amp;tbnid=xfei_wjiAy5txM:&amp;tbnh=95&amp;tbnw=143&amp;ei=8CGnTfjzNMeW8QP3uKSnBg&amp;prev=\/images%3Fq%3Dbusunfall%2Bsa%2Bcalobra%26um%3D1%26hl%3Dde%26client%3Dsafari%26sa%3DN%26rls%3Den%26biw%3D1455%26bih%3D1006%26tbm%3Disch&amp;um=1&amp;itbs=1&amp;iact=hc&amp;vpx=202&amp;vpy=143&amp;dur=157&amp;hovh=95&amp;hovw=143&amp;tx=117&amp;ty=73&amp;oei=8CGnTfjzNMeW8QP3uKSnBg&amp;page=1&amp;ndsp=8&amp;ved=1t:429,r:0,s:0\" target=\"_blank\">gerne mal umst\u00fcrzen<\/a> und nicht geborgen werden.<\/p>\n<p><a href=\"https:\/\/i0.wp.com\/blog.kunstgriff.net\/wp-content\/uploads\/2011\/04\/IMG_2046.jpg\"><img data-recalc-dims=\"1\" loading=\"lazy\" decoding=\"async\" data-attachment-id=\"4251\" data-permalink=\"https:\/\/blog.kunstgriff.net\/?attachment_id=4251\" data-orig-file=\"https:\/\/i0.wp.com\/blog.kunstgriff.net\/wp-content\/uploads\/2011\/04\/IMG_2046.jpg?fit=800%2C600&amp;ssl=1\" data-orig-size=\"800,600\" data-comments-opened=\"1\" data-image-meta=\"{&quot;aperture&quot;:&quot;5.6&quot;,&quot;credit&quot;:&quot;&quot;,&quot;camera&quot;:&quot;Canon DIGITAL IXUS 870 IS&quot;,&quot;caption&quot;:&quot;&quot;,&quot;created_timestamp&quot;:&quot;1302772868&quot;,&quot;copyright&quot;:&quot;&quot;,&quot;focal_length&quot;:&quot;5&quot;,&quot;iso&quot;:&quot;80&quot;,&quot;shutter_speed&quot;:&quot;0.0025&quot;,&quot;title&quot;:&quot;&quot;}\" data-image-title=\"IMG_2046\" data-image-description=\"\" data-image-caption=\"\" data-large-file=\"https:\/\/i0.wp.com\/blog.kunstgriff.net\/wp-content\/uploads\/2011\/04\/IMG_2046.jpg?fit=800%2C600&amp;ssl=1\" class=\"alignleft wp-image-4251 size-medium\" style=\"margin: 5px; border: 5px solid white;\" title=\"IMG_2046\" src=\"https:\/\/i0.wp.com\/blog.kunstgriff.net\/wp-content\/uploads\/2011\/04\/IMG_2046-300x225.jpg?resize=300%2C225\" width=\"300\" height=\"225\" srcset=\"https:\/\/i0.wp.com\/blog.kunstgriff.net\/wp-content\/uploads\/2011\/04\/IMG_2046.jpg?resize=300%2C225&amp;ssl=1 300w, https:\/\/i0.wp.com\/blog.kunstgriff.net\/wp-content\/uploads\/2011\/04\/IMG_2046.jpg?w=800&amp;ssl=1 800w\" sizes=\"auto, (max-width: 300px) 100vw, 300px\" \/><\/a>Wir hatten Gl\u00fcck und keiner dieser Unget\u00fcme war zu der Zeit unterwegs, als wir herunter und sp\u00e4ter wieder hinauf wollten. Als wir unten in dem beschaulichen Ort ankamen, konnten wir auch sehen warum: Auf dem gro\u00dfen Parkplatz standen die Reisebusse alle geparkt und die Touristenscharen machten sich \u00fcber das Buffet des gro\u00dfen Restaurants her. Daf\u00fcr war f\u00fcr uns heute keine Zeit, denn wir mussten ja die gleiche Strecke wieder 10 km nach oben radeln. Eine tolles Training, aber der Spass wollte sich nicht einstellen. Mit iPod und 130er Puls kurbelte ich entsprechende gem\u00fctlich dort hoch. F\u00fcr eine pers\u00f6nliche Bestzeit war heute nicht der richtige Tag.<\/p>\n<p><a href=\"https:\/\/i0.wp.com\/blog.kunstgriff.net\/wp-content\/uploads\/2011\/04\/IMG_2051.jpg\"><img data-recalc-dims=\"1\" loading=\"lazy\" decoding=\"async\" data-attachment-id=\"4252\" data-permalink=\"https:\/\/blog.kunstgriff.net\/?attachment_id=4252\" data-orig-file=\"https:\/\/i0.wp.com\/blog.kunstgriff.net\/wp-content\/uploads\/2011\/04\/IMG_2051.jpg?fit=800%2C600&amp;ssl=1\" data-orig-size=\"800,600\" data-comments-opened=\"1\" data-image-meta=\"{&quot;aperture&quot;:&quot;2.8&quot;,&quot;credit&quot;:&quot;&quot;,&quot;camera&quot;:&quot;Canon DIGITAL IXUS 870 IS&quot;,&quot;caption&quot;:&quot;&quot;,&quot;created_timestamp&quot;:&quot;1302776840&quot;,&quot;copyright&quot;:&quot;&quot;,&quot;focal_length&quot;:&quot;5&quot;,&quot;iso&quot;:&quot;80&quot;,&quot;shutter_speed&quot;:&quot;0.0008&quot;,&quot;title&quot;:&quot;&quot;}\" data-image-title=\"IMG_2051\" data-image-description=\"\" data-image-caption=\"\" data-large-file=\"https:\/\/i0.wp.com\/blog.kunstgriff.net\/wp-content\/uploads\/2011\/04\/IMG_2051.jpg?fit=800%2C600&amp;ssl=1\" class=\"alignright wp-image-4252 size-medium\" style=\"margin: 5px; border: 5px solid white;\" title=\"IMG_2051\" src=\"https:\/\/i0.wp.com\/blog.kunstgriff.net\/wp-content\/uploads\/2011\/04\/IMG_2051-300x225.jpg?resize=300%2C225\" width=\"300\" height=\"225\" srcset=\"https:\/\/i0.wp.com\/blog.kunstgriff.net\/wp-content\/uploads\/2011\/04\/IMG_2051.jpg?resize=300%2C225&amp;ssl=1 300w, https:\/\/i0.wp.com\/blog.kunstgriff.net\/wp-content\/uploads\/2011\/04\/IMG_2051.jpg?w=800&amp;ssl=1 800w\" sizes=\"auto, (max-width: 300px) 100vw, 300px\" \/><\/a>Zur\u00fcck am Kiosk gab es mein mitgebrachtes Baguette mit leckerem Serano-Schinken und K\u00e4se, dazu eine Dose Coca-Cola light zu Zweifuffzich und einen Platz in der Sonne gratis dazu. Eigentlich ein Platz zum l\u00e4ngeren Verweilen. Allerdings wollten wir weiter nach Cala de Sant Vicen\u00e7, einem kleinen vertr\u00e4umten \u00d6rtchen n\u00f6rdlich von Pollen\u00e7a, in dem wir mit Heiko zum Caf\u00e9 trinken verabredet waren.<\/p>\n<p>Der Plan war, das wir an der Abfahrt unten im Tal an Kilometerstein 6 wieder zusammen finden w\u00fcrden und gemeinsam nach Cala de Sant Vicen\u00e7 rollen w\u00fcrden. Leider fehlten dort dann zwei der vier Kettenbr\u00fcder. Karsten kam aber nach kurzer Wartezeit zur\u00fcck. Er war in einer Gruppe mitgerollt und hatte den Kilometerstein \u00fcbersehen, wo Alexander abgeblieben war haben wir nicht herausfinden k\u00f6nnen.<\/p>\n<p>So ging es nur noch zu viert weiter nach Cala de Sant Vicen\u00e7. Heiko kam uns schon entgegen und war zu Recht erstaunt \u00fcber unsere lange Fahrzeit. Nach Caf\u00e9 <em>ohne<\/em> Schokokuchen f\u00fcr mich, ging es weiter auf die 7 km lange Heimfahrt.<\/p>\n<p>In der Home-Base f\u00fchlte ich mich schlapp. Aber die Tour war auch nicht ohne: Zwar nur 116 km mit einem 22,5er Schnitt, aber \u00fcber 2.000 H\u00f6henmeter wurden es dann doch.<\/p>\n<p>Zum Abschluss war ich noch mit Holger und Heiko in der Sauna, die die m\u00fcden Knochen wieder munter machen sollte. Dabei zeigte uns Holger wie man(n) richtig sauniert: Mit einer frischen kalten Dose <a href=\"http:\/\/de.wikipedia.org\/wiki\/San_Miguel_Corporation\" target=\"_blank\">San Miguel<\/a> w\u00e4hrend des Saunagangs. Der Aufguss mit wenigen Spritzern davon hat interessant gerochen und uns Appetit auf das nahende Abendessen gemacht!<\/p>\n<p><em>Mal schauen was Morgen so geht!?<\/em><\/p>\n<div class=\"tiled-gallery type-rectangular tiled-gallery-unresized\" data-original-width=\"525\" data-carousel-extra='{&quot;blog_id&quot;:1,&quot;permalink&quot;:&quot;https:\\\/\\\/blog.kunstgriff.net\\\/?p=4247&quot;,&quot;likes_blog_id&quot;:127394879}' itemscope itemtype=\"http:\/\/schema.org\/ImageGallery\" > <div class=\"gallery-row\" style=\"width: 525px; height: 440px;\" data-original-width=\"525\" data-original-height=\"440\" > <div class=\"gallery-group images-3\" style=\"width: 194px; height: 440px;\" data-original-width=\"194\" data-original-height=\"440\" > <div class=\"tiled-gallery-item tiled-gallery-item-small\" itemprop=\"associatedMedia\" itemscope itemtype=\"http:\/\/schema.org\/ImageObject\"> <a href=\"https:\/\/i0.wp.com\/blog.kunstgriff.net\/wp-content\/uploads\/2011\/04\/IMG_2045.jpg?ssl=1\" border=\"0\" itemprop=\"url\"> <meta itemprop=\"width\" content=\"190\"> <meta itemprop=\"height\" content=\"143\"> <img decoding=\"async\" class=\"\" data-attachment-id=\"4250\" data-orig-file=\"https:\/\/blog.kunstgriff.net\/wp-content\/uploads\/2011\/04\/IMG_2045.jpg\" data-orig-size=\"800,600\" data-comments-opened=\"1\" data-image-meta=\"{&quot;aperture&quot;:&quot;2.8&quot;,&quot;credit&quot;:&quot;&quot;,&quot;camera&quot;:&quot;Canon DIGITAL IXUS 870 IS&quot;,&quot;caption&quot;:&quot;&quot;,&quot;created_timestamp&quot;:&quot;1302771329&quot;,&quot;copyright&quot;:&quot;&quot;,&quot;focal_length&quot;:&quot;5&quot;,&quot;iso&quot;:&quot;80&quot;,&quot;shutter_speed&quot;:&quot;0.0015625&quot;,&quot;title&quot;:&quot;&quot;}\" data-image-title=\"IMG_2045\" data-image-description=\"\" data-medium-file=\"https:\/\/i0.wp.com\/blog.kunstgriff.net\/wp-content\/uploads\/2011\/04\/IMG_2045.jpg?fit=300%2C225&#038;ssl=1\" data-large-file=\"https:\/\/i0.wp.com\/blog.kunstgriff.net\/wp-content\/uploads\/2011\/04\/IMG_2045.jpg?fit=800%2C600&#038;ssl=1\" src=\"https:\/\/i0.wp.com\/blog.kunstgriff.net\/wp-content\/uploads\/2011\/04\/IMG_2045.jpg?w=190&#038;h=143&#038;ssl=1\" srcset=\"https:\/\/i0.wp.com\/blog.kunstgriff.net\/wp-content\/uploads\/2011\/04\/IMG_2045.jpg?w=800&amp;ssl=1 800w, https:\/\/i0.wp.com\/blog.kunstgriff.net\/wp-content\/uploads\/2011\/04\/IMG_2045.jpg?resize=300%2C225&amp;ssl=1 300w\" width=\"190\" height=\"143\" loading=\"lazy\" data-original-width=\"190\" data-original-height=\"143\" itemprop=\"http:\/\/schema.org\/image\" title=\"IMG_2045\" alt=\"IMG_2045\" style=\"width: 190px; height: 143px;\" \/> <\/a> <\/div> <div class=\"tiled-gallery-item tiled-gallery-item-small\" itemprop=\"associatedMedia\" itemscope itemtype=\"http:\/\/schema.org\/ImageObject\"> <a href=\"https:\/\/i0.wp.com\/blog.kunstgriff.net\/wp-content\/uploads\/2011\/04\/IMG_2046.jpg?ssl=1\" border=\"0\" itemprop=\"url\"> <meta itemprop=\"width\" content=\"190\"> <meta itemprop=\"height\" content=\"143\"> <img decoding=\"async\" class=\"\" data-attachment-id=\"4251\" data-orig-file=\"https:\/\/blog.kunstgriff.net\/wp-content\/uploads\/2011\/04\/IMG_2046.jpg\" data-orig-size=\"800,600\" data-comments-opened=\"1\" data-image-meta=\"{&quot;aperture&quot;:&quot;5.6&quot;,&quot;credit&quot;:&quot;&quot;,&quot;camera&quot;:&quot;Canon DIGITAL IXUS 870 IS&quot;,&quot;caption&quot;:&quot;&quot;,&quot;created_timestamp&quot;:&quot;1302772868&quot;,&quot;copyright&quot;:&quot;&quot;,&quot;focal_length&quot;:&quot;5&quot;,&quot;iso&quot;:&quot;80&quot;,&quot;shutter_speed&quot;:&quot;0.0025&quot;,&quot;title&quot;:&quot;&quot;}\" data-image-title=\"IMG_2046\" data-image-description=\"\" data-medium-file=\"https:\/\/i0.wp.com\/blog.kunstgriff.net\/wp-content\/uploads\/2011\/04\/IMG_2046.jpg?fit=300%2C225&#038;ssl=1\" data-large-file=\"https:\/\/i0.wp.com\/blog.kunstgriff.net\/wp-content\/uploads\/2011\/04\/IMG_2046.jpg?fit=800%2C600&#038;ssl=1\" src=\"https:\/\/i0.wp.com\/blog.kunstgriff.net\/wp-content\/uploads\/2011\/04\/IMG_2046.jpg?w=190&#038;h=143&#038;ssl=1\" srcset=\"https:\/\/i0.wp.com\/blog.kunstgriff.net\/wp-content\/uploads\/2011\/04\/IMG_2046.jpg?w=800&amp;ssl=1 800w, https:\/\/i0.wp.com\/blog.kunstgriff.net\/wp-content\/uploads\/2011\/04\/IMG_2046.jpg?resize=300%2C225&amp;ssl=1 300w\" width=\"190\" height=\"143\" loading=\"lazy\" data-original-width=\"190\" data-original-height=\"143\" itemprop=\"http:\/\/schema.org\/image\" title=\"IMG_2046\" alt=\"IMG_2046\" style=\"width: 190px; height: 143px;\" \/> <\/a> <\/div> <div class=\"tiled-gallery-item tiled-gallery-item-small\" itemprop=\"associatedMedia\" itemscope itemtype=\"http:\/\/schema.org\/ImageObject\"> <a href=\"https:\/\/i0.wp.com\/blog.kunstgriff.net\/wp-content\/uploads\/2011\/04\/IMG_2051.jpg?ssl=1\" border=\"0\" itemprop=\"url\"> <meta itemprop=\"width\" content=\"190\"> <meta itemprop=\"height\" content=\"142\"> <img decoding=\"async\" class=\"\" data-attachment-id=\"4252\" data-orig-file=\"https:\/\/blog.kunstgriff.net\/wp-content\/uploads\/2011\/04\/IMG_2051.jpg\" data-orig-size=\"800,600\" data-comments-opened=\"1\" data-image-meta=\"{&quot;aperture&quot;:&quot;2.8&quot;,&quot;credit&quot;:&quot;&quot;,&quot;camera&quot;:&quot;Canon DIGITAL IXUS 870 IS&quot;,&quot;caption&quot;:&quot;&quot;,&quot;created_timestamp&quot;:&quot;1302776840&quot;,&quot;copyright&quot;:&quot;&quot;,&quot;focal_length&quot;:&quot;5&quot;,&quot;iso&quot;:&quot;80&quot;,&quot;shutter_speed&quot;:&quot;0.0008&quot;,&quot;title&quot;:&quot;&quot;}\" data-image-title=\"IMG_2051\" data-image-description=\"\" data-medium-file=\"https:\/\/i0.wp.com\/blog.kunstgriff.net\/wp-content\/uploads\/2011\/04\/IMG_2051.jpg?fit=300%2C225&#038;ssl=1\" data-large-file=\"https:\/\/i0.wp.com\/blog.kunstgriff.net\/wp-content\/uploads\/2011\/04\/IMG_2051.jpg?fit=800%2C600&#038;ssl=1\" src=\"https:\/\/i0.wp.com\/blog.kunstgriff.net\/wp-content\/uploads\/2011\/04\/IMG_2051.jpg?w=190&#038;h=142&#038;ssl=1\" srcset=\"https:\/\/i0.wp.com\/blog.kunstgriff.net\/wp-content\/uploads\/2011\/04\/IMG_2051.jpg?w=800&amp;ssl=1 800w, https:\/\/i0.wp.com\/blog.kunstgriff.net\/wp-content\/uploads\/2011\/04\/IMG_2051.jpg?resize=300%2C225&amp;ssl=1 300w\" width=\"190\" height=\"142\" loading=\"lazy\" data-original-width=\"190\" data-original-height=\"142\" itemprop=\"http:\/\/schema.org\/image\" title=\"IMG_2051\" alt=\"IMG_2051\" style=\"width: 190px; height: 142px;\" \/> <\/a> <\/div> <\/div> <!-- close group --> <div class=\"gallery-group images-1\" style=\"width: 331px; height: 440px;\" data-original-width=\"331\" data-original-height=\"440\" > <div class=\"tiled-gallery-item tiled-gallery-item-large\" itemprop=\"associatedMedia\" itemscope itemtype=\"http:\/\/schema.org\/ImageObject\"> <a href=\"https:\/\/i0.wp.com\/blog.kunstgriff.net\/wp-content\/uploads\/2011\/04\/IMG_2056.jpg?ssl=1\" border=\"0\" itemprop=\"url\"> <meta itemprop=\"width\" content=\"327\"> <meta itemprop=\"height\" content=\"436\"> <img decoding=\"async\" class=\"\" data-attachment-id=\"4253\" data-orig-file=\"https:\/\/blog.kunstgriff.net\/wp-content\/uploads\/2011\/04\/IMG_2056.jpg\" data-orig-size=\"600,800\" data-comments-opened=\"1\" data-image-meta=\"{&quot;aperture&quot;:&quot;2.8&quot;,&quot;credit&quot;:&quot;&quot;,&quot;camera&quot;:&quot;Canon DIGITAL IXUS 870 IS&quot;,&quot;caption&quot;:&quot;&quot;,&quot;created_timestamp&quot;:&quot;1302776949&quot;,&quot;copyright&quot;:&quot;&quot;,&quot;focal_length&quot;:&quot;5&quot;,&quot;iso&quot;:&quot;80&quot;,&quot;shutter_speed&quot;:&quot;0.0008&quot;,&quot;title&quot;:&quot;&quot;}\" data-image-title=\"IMG_2056\" data-image-description=\"\" data-medium-file=\"https:\/\/i0.wp.com\/blog.kunstgriff.net\/wp-content\/uploads\/2011\/04\/IMG_2056.jpg?fit=225%2C300&#038;ssl=1\" data-large-file=\"https:\/\/i0.wp.com\/blog.kunstgriff.net\/wp-content\/uploads\/2011\/04\/IMG_2056.jpg?fit=600%2C800&#038;ssl=1\" src=\"https:\/\/i0.wp.com\/blog.kunstgriff.net\/wp-content\/uploads\/2011\/04\/IMG_2056.jpg?w=327&#038;h=436&#038;ssl=1\" srcset=\"https:\/\/i0.wp.com\/blog.kunstgriff.net\/wp-content\/uploads\/2011\/04\/IMG_2056.jpg?w=600&amp;ssl=1 600w, https:\/\/i0.wp.com\/blog.kunstgriff.net\/wp-content\/uploads\/2011\/04\/IMG_2056.jpg?resize=225%2C300&amp;ssl=1 225w\" width=\"327\" height=\"436\" loading=\"lazy\" data-original-width=\"327\" data-original-height=\"436\" itemprop=\"http:\/\/schema.org\/image\" title=\"IMG_2056\" alt=\"IMG_2056\" style=\"width: 327px; height: 436px;\" \/> <\/a> <\/div> <\/div> <!-- close group --> <\/div> <!-- close row --> <\/div>\n<p><iframe loading=\"lazy\" src=\"https:\/\/www.strava.com\/activities\/13532752\/embed\/6df2f52cc03160cfbf09d34c01c783f2a0157f39\" width=\"590\" height=\"405\" frameborder=\"0\" scrolling=\"no\"><\/iframe><\/p>\n","protected":false},"excerpt":{"rendered":"<p>oder \u00bbSchlechte Beine &amp; viele H\u00f6henmeter\u00ab Der Ruhetag gestern war zwar hilfreich, aber nicht ausreichend um vollst\u00e4ndig zu regenerieren. Das merkte ich schon auf den ersten Kilometern durch das Peter Maffay Tal. Richtig Druck auf den Pedalen war nicht drin und der Spass fehlte fast komplett am Rad fahren. Karsten und Alexander waren nach dem &hellip; <\/p>\n<p class=\"link-more\"><a href=\"https:\/\/blog.kunstgriff.net\/?p=4247\" class=\"more-link\"><span class=\"screen-reader-text\">\u201eMallorca Trainingscamp &#8211; Tag 9 &#8211; Lluc und Sa Calobra\u201c <\/span>weiterlesen<\/a><\/p>\n","protected":false},"author":2,"featured_media":0,"comment_status":"open","ping_status":"open","sticky":false,"template":"","format":"standard","meta":{"jetpack_post_was_ever_published":false,"_jetpack_newsletter_access":"","_jetpack_dont_email_post_to_subs":false,"_jetpack_newsletter_tier_id":0,"_jetpack_memberships_contains_paywalled_content":false,"_jetpack_memberships_contains_paid_content":false,"footnotes":""},"categories":[14,13,7],"tags":[],"class_list":["post-4247","post","type-post","status-publish","format-standard","hentry","category-radfahren","category-radreise","category-rennradfahren"],"jetpack_featured_media_url":"","jetpack_shortlink":"https:\/\/wp.me\/p8Cxe7-16v","jetpack-related-posts":[{"id":11629,"url":"https:\/\/blog.kunstgriff.net\/?p=11629","url_meta":{"origin":4247,"position":0},"title":"Mallorca Trainingscamp 2014 &#8211; Tag 6 &#8211; Esporles &#8211; Palma &#8211; Lluc","author":"Georg","date":"April 6, 2014","format":false,"excerpt":"oder \u00bbAuf nen Caf\u00e9 in die Inselhauptstadt\u00abHeute war die lange, eigentlich flache Etappe nach Palma geplant. Schon im letzten Jahr hatte wir viel Freude auf der Runde, die wir heute auf jeden Fall toppen wollten. Mit relativ schweren Beinen ging es raus zum Schilf. Dank der ordentlichen Wechsel musste auch\u2026","rel":"","context":"In &quot;Radfahren&quot;","block_context":{"text":"Radfahren","link":"https:\/\/blog.kunstgriff.net\/?cat=14"},"img":{"alt_text":"","src":"https:\/\/i0.wp.com\/blog.kunstgriff.net\/wp-content\/uploads\/2014\/04\/Cafe-im-Hafen-in-der-Sonne.jpg?fit=1200%2C900&ssl=1&resize=350%2C200","width":350,"height":200,"srcset":"https:\/\/i0.wp.com\/blog.kunstgriff.net\/wp-content\/uploads\/2014\/04\/Cafe-im-Hafen-in-der-Sonne.jpg?fit=1200%2C900&ssl=1&resize=350%2C200 1x, https:\/\/i0.wp.com\/blog.kunstgriff.net\/wp-content\/uploads\/2014\/04\/Cafe-im-Hafen-in-der-Sonne.jpg?fit=1200%2C900&ssl=1&resize=525%2C300 1.5x, https:\/\/i0.wp.com\/blog.kunstgriff.net\/wp-content\/uploads\/2014\/04\/Cafe-im-Hafen-in-der-Sonne.jpg?fit=1200%2C900&ssl=1&resize=700%2C400 2x, https:\/\/i0.wp.com\/blog.kunstgriff.net\/wp-content\/uploads\/2014\/04\/Cafe-im-Hafen-in-der-Sonne.jpg?fit=1200%2C900&ssl=1&resize=1050%2C600 3x"},"classes":[]},{"id":4152,"url":"https:\/\/blog.kunstgriff.net\/?p=4152","url_meta":{"origin":4247,"position":1},"title":"Mallorca Trainingscamp &#8211; Tag 7 &#8211; Kloster Lluc und Cap Formentor","author":"Georg","date":"April 11, 2011","format":false,"excerpt":"oder \u00bbLockere 100-km-Runde\u00abLange hat es gedauert bis wir uns heute f\u00fcr eine Tour entscheiden konnten. Schlussendlich entschied der Cheftrainer, was heute gut f\u00fcr uns sein w\u00fcrde. Es ging nicht auf die Br\u00e4gel Tour #4 sondern auf direktem Wege durch das Peter Maffay Tal nach Caimari, um dort rechts in den\u2026","rel":"","context":"In &quot;Radfahren&quot;","block_context":{"text":"Radfahren","link":"https:\/\/blog.kunstgriff.net\/?cat=14"},"img":{"alt_text":"","src":"https:\/\/i0.wp.com\/blog.kunstgriff.net\/wp-content\/uploads\/2011\/04\/IMG_1860.jpg?resize=350%2C200","width":350,"height":200},"classes":[]},{"id":4265,"url":"https:\/\/blog.kunstgriff.net\/?p=4265","url_meta":{"origin":4247,"position":2},"title":"Mallorca Trainingscamp &#8211; Tag 10 &#8211; Esporles &#038; Puig Major","author":"Georg","date":"April 15, 2011","format":false,"excerpt":"oder \u00bbK\u00f6nigsetappe Teil 2 & nix mehr auf\u2019m Zettel\u00ab Die eigentliche K\u00f6nigsetappe hatte wir ja schon am Dienstag, es hat sich aber trotzdem so etabliert, das die letzte lange Einheit auf Mallorca so genannt wird. So starteten wir heute um 9:30 Uhr in die K\u00f6nigsetappe Teil 2. Timo hatte noch\u2026","rel":"","context":"In &quot;Radfahren&quot;","block_context":{"text":"Radfahren","link":"https:\/\/blog.kunstgriff.net\/?cat=14"},"img":{"alt_text":"","src":"https:\/\/i0.wp.com\/blog.kunstgriff.net\/wp-content\/uploads\/2011\/04\/IMG_2062.jpg?resize=350%2C200","width":350,"height":200,"srcset":"https:\/\/i0.wp.com\/blog.kunstgriff.net\/wp-content\/uploads\/2011\/04\/IMG_2062.jpg?resize=350%2C200 1x, https:\/\/i0.wp.com\/blog.kunstgriff.net\/wp-content\/uploads\/2011\/04\/IMG_2062.jpg?resize=525%2C300 1.5x, https:\/\/i0.wp.com\/blog.kunstgriff.net\/wp-content\/uploads\/2011\/04\/IMG_2062.jpg?resize=700%2C400 2x"},"classes":[]},{"id":24329,"url":"https:\/\/blog.kunstgriff.net\/?p=24329","url_meta":{"origin":4247,"position":3},"title":"Mallorca 2025","author":"Georg","date":"M\u00e4rz 16, 2025","format":false,"excerpt":"oder bestes Training\u2122 \u2013 kann Mallorca 2024 noch verbessert werden? Nun ist es ebenfalls schon fast wieder ein Jahr her, da\u00df ich meine wertvolle Lebens- Urlaubszeit auf meiner Lieblingsinsel verbrachte. Viele Extrem-Highlights gab es in 2024. Das MA312 Rennen, welches in 2025 f\u00fcr mich aus fehlendem Interesse auf eine Wiederholung\u2026","rel":"","context":"In &quot;Cake-Ride&quot;","block_context":{"text":"Cake-Ride","link":"https:\/\/blog.kunstgriff.net\/?cat=34"},"img":{"alt_text":"Sa Calobra","src":"https:\/\/i0.wp.com\/blog.kunstgriff.net\/wp-content\/uploads\/2025\/03\/IMG_6135.jpeg?fit=1200%2C900&ssl=1&resize=350%2C200","width":350,"height":200,"srcset":"https:\/\/i0.wp.com\/blog.kunstgriff.net\/wp-content\/uploads\/2025\/03\/IMG_6135.jpeg?fit=1200%2C900&ssl=1&resize=350%2C200 1x, https:\/\/i0.wp.com\/blog.kunstgriff.net\/wp-content\/uploads\/2025\/03\/IMG_6135.jpeg?fit=1200%2C900&ssl=1&resize=525%2C300 1.5x, https:\/\/i0.wp.com\/blog.kunstgriff.net\/wp-content\/uploads\/2025\/03\/IMG_6135.jpeg?fit=1200%2C900&ssl=1&resize=700%2C400 2x, https:\/\/i0.wp.com\/blog.kunstgriff.net\/wp-content\/uploads\/2025\/03\/IMG_6135.jpeg?fit=1200%2C900&ssl=1&resize=1050%2C600 3x"},"classes":[]},{"id":12393,"url":"https:\/\/blog.kunstgriff.net\/?p=12393","url_meta":{"origin":4247,"position":4},"title":"Mallorca Trainingscamp 2015 &#8211; Tag 6 &#8211; Puig &#8211; Soller &#8211; Orient","author":"Georg","date":"M\u00e4rz 26, 2015","format":false,"excerpt":"oder \u00bbH\u00f6henmeter ohne Ende\u00ab Nach zwei regenreichen Ruhetagen wollte heute endlich wieder das Rennrad bewegt werden. Nicht nur ein bisschen in der Horizontalen, nein auch ein paar Steigungen sollten gefahren werden. Daf\u00fcr ging es von Pollen\u00e7a die 14 Kilometer zum Kloster Lluc hoch. Die mitfahrenden Compa\u00f1eros waren schnell entschwunden und\u2026","rel":"","context":"In &quot;Radfahren&quot;","block_context":{"text":"Radfahren","link":"https:\/\/blog.kunstgriff.net\/?cat=14"},"img":{"alt_text":"","src":"https:\/\/i0.wp.com\/blog.kunstgriff.net\/wp-content\/uploads\/2015\/03\/Alles-f%C3%BCr-diesen-Moment.jpg?fit=1200%2C900&ssl=1&resize=350%2C200","width":350,"height":200,"srcset":"https:\/\/i0.wp.com\/blog.kunstgriff.net\/wp-content\/uploads\/2015\/03\/Alles-f%C3%BCr-diesen-Moment.jpg?fit=1200%2C900&ssl=1&resize=350%2C200 1x, https:\/\/i0.wp.com\/blog.kunstgriff.net\/wp-content\/uploads\/2015\/03\/Alles-f%C3%BCr-diesen-Moment.jpg?fit=1200%2C900&ssl=1&resize=525%2C300 1.5x, https:\/\/i0.wp.com\/blog.kunstgriff.net\/wp-content\/uploads\/2015\/03\/Alles-f%C3%BCr-diesen-Moment.jpg?fit=1200%2C900&ssl=1&resize=700%2C400 2x, https:\/\/i0.wp.com\/blog.kunstgriff.net\/wp-content\/uploads\/2015\/03\/Alles-f%C3%BCr-diesen-Moment.jpg?fit=1200%2C900&ssl=1&resize=1050%2C600 3x"},"classes":[]},{"id":23636,"url":"https:\/\/blog.kunstgriff.net\/?p=23636","url_meta":{"origin":4247,"position":5},"title":"ERT Vogesen 2024","author":"Georg","date":"Juli 21, 2024","format":false,"excerpt":"7 Tage - 7 Touren Gesamt: 835 km - 11.418 H\u00f6henmeter Wieder einmal war es soweit und mein Lieblings-Rad-Verein lud zu einer Radreise in die Vogesen. Die Vorfreude zog sich schon \u00fcber mehrere Monate und so war ich sehr froh, als ich am Samstag Morgen den ICE nach Freiburg besteigen\u2026","rel":"","context":"In &quot;Besonderes Ereignis&quot;","block_context":{"text":"Besonderes Ereignis","link":"https:\/\/blog.kunstgriff.net\/?cat=25"},"img":{"alt_text":"","src":"https:\/\/i0.wp.com\/blog.kunstgriff.net\/wp-content\/uploads\/2024\/07\/Abfahrt-in-Freiburg.jpeg?fit=1200%2C900&ssl=1&resize=350%2C200","width":350,"height":200,"srcset":"https:\/\/i0.wp.com\/blog.kunstgriff.net\/wp-content\/uploads\/2024\/07\/Abfahrt-in-Freiburg.jpeg?fit=1200%2C900&ssl=1&resize=350%2C200 1x, https:\/\/i0.wp.com\/blog.kunstgriff.net\/wp-content\/uploads\/2024\/07\/Abfahrt-in-Freiburg.jpeg?fit=1200%2C900&ssl=1&resize=525%2C300 1.5x, https:\/\/i0.wp.com\/blog.kunstgriff.net\/wp-content\/uploads\/2024\/07\/Abfahrt-in-Freiburg.jpeg?fit=1200%2C900&ssl=1&resize=700%2C400 2x, https:\/\/i0.wp.com\/blog.kunstgriff.net\/wp-content\/uploads\/2024\/07\/Abfahrt-in-Freiburg.jpeg?fit=1200%2C900&ssl=1&resize=1050%2C600 3x"},"classes":[]}],"jetpack_likes_enabled":true,"jetpack_sharing_enabled":true,"_links":{"self":[{"href":"https:\/\/blog.kunstgriff.net\/index.php?rest_route=\/wp\/v2\/posts\/4247","targetHints":{"allow":["GET"]}}],"collection":[{"href":"https:\/\/blog.kunstgriff.net\/index.php?rest_route=\/wp\/v2\/posts"}],"about":[{"href":"https:\/\/blog.kunstgriff.net\/index.php?rest_route=\/wp\/v2\/types\/post"}],"author":[{"embeddable":true,"href":"https:\/\/blog.kunstgriff.net\/index.php?rest_route=\/wp\/v2\/users\/2"}],"replies":[{"embeddable":true,"href":"https:\/\/blog.kunstgriff.net\/index.php?rest_route=%2Fwp%2Fv2%2Fcomments&post=4247"}],"version-history":[{"count":0,"href":"https:\/\/blog.kunstgriff.net\/index.php?rest_route=\/wp\/v2\/posts\/4247\/revisions"}],"wp:attachment":[{"href":"https:\/\/blog.kunstgriff.net\/index.php?rest_route=%2Fwp%2Fv2%2Fmedia&parent=4247"}],"wp:term":[{"taxonomy":"category","embeddable":true,"href":"https:\/\/blog.kunstgriff.net\/index.php?rest_route=%2Fwp%2Fv2%2Fcategories&post=4247"},{"taxonomy":"post_tag","embeddable":true,"href":"https:\/\/blog.kunstgriff.net\/index.php?rest_route=%2Fwp%2Fv2%2Ftags&post=4247"}],"curies":[{"name":"wp","href":"https:\/\/api.w.org\/{rel}","templated":true}]}}