{"id":4265,"date":"2011-04-15T18:29:43","date_gmt":"2011-04-15T16:29:43","guid":{"rendered":"http:\/\/blog.kunstgriff.net\/?p=4265"},"modified":"2016-09-01T13:54:23","modified_gmt":"2016-09-01T11:54:23","slug":"mallorca-trainingscamp-tag-10-esporles-puig-major","status":"publish","type":"post","link":"https:\/\/blog.kunstgriff.net\/?p=4265","title":{"rendered":"Mallorca Trainingscamp &#8211; Tag 10 &#8211; Esporles &#038; Puig Major"},"content":{"rendered":"<span class=\"span-reading-time rt-reading-time\" style=\"display: block;\"><span class=\"rt-label rt-prefix\">Lesezeit: <\/span> <span class=\"rt-time\"> 2<\/span> <span class=\"rt-label rt-postfix\">Minuten<\/span><\/span><h4>oder \u00bbK\u00f6nigsetappe Teil 2 &amp; nix mehr auf\u2019m Zettel\u00ab<\/h4>\n<hr \/>\n<p>Die <a href=\"http:\/\/blog.kunstgriff.net\/?p=4180\" target=\"_blank\">eigentliche K\u00f6nigsetappe<\/a> hatte wir ja schon am Dienstag, es hat sich aber trotzdem so etabliert, das die letzte lange Einheit auf Mallorca so genannt wird. So starteten wir heute um 9:30 Uhr in die K\u00f6nigsetappe Teil 2. Timo hatte noch den A3K\u00e4mpfer Bernd gemeldet und so holten wir diesen am <a href=\"http:\/\/www.burgerking.de\/\" target=\"_blank\">BK<\/a> von Alkudia ab.<\/p>\n<p>Es ging seit langem mal wieder durchs Schilf und es konnte dank des stetigen R\u00fcckenwindes ordentlich flott gefahren werden. Immer stand eine <em>3<\/em> vorne auf dem Tacho und die Wechsel klappten wie geschmiert. Durch die flotte Fahrt erreichten wir Santa Maria nach knapp zwei Stunden und so langsam bereitete wir uns auf die nahenden <del datetime=\"2011-04-15T15:53:45+00:00\">Berge<\/del> H\u00fcgel vor. In Esporles trennten sich unsere Wege denn Heiko, Bernd, Timo und Herbert (!) wollten noch eine ca. 17 km lange Bergnase einlegen. Mir war heute nicht nach noch mehr H\u00f6henmetern und so verabschiedeten wir uns nach einem Erinnerungsfoto an der Tankstelle.<\/p>\n<p><a href=\"https:\/\/i0.wp.com\/blog.kunstgriff.net\/wp-content\/uploads\/2011\/04\/IMG_2062.jpg\"><img data-recalc-dims=\"1\" loading=\"lazy\" decoding=\"async\" data-attachment-id=\"4273\" data-permalink=\"https:\/\/blog.kunstgriff.net\/?attachment_id=4273\" data-orig-file=\"https:\/\/i0.wp.com\/blog.kunstgriff.net\/wp-content\/uploads\/2011\/04\/IMG_2062.jpg?fit=800%2C600&amp;ssl=1\" data-orig-size=\"800,600\" data-comments-opened=\"1\" data-image-meta=\"{&quot;aperture&quot;:&quot;2.8&quot;,&quot;credit&quot;:&quot;&quot;,&quot;camera&quot;:&quot;Canon DIGITAL IXUS 870 IS&quot;,&quot;caption&quot;:&quot;&quot;,&quot;created_timestamp&quot;:&quot;1302857355&quot;,&quot;copyright&quot;:&quot;&quot;,&quot;focal_length&quot;:&quot;5&quot;,&quot;iso&quot;:&quot;80&quot;,&quot;shutter_speed&quot;:&quot;0.0008&quot;,&quot;title&quot;:&quot;&quot;}\" data-image-title=\"IMG_2062\" data-image-description=\"\" data-image-caption=\"\" data-large-file=\"https:\/\/i0.wp.com\/blog.kunstgriff.net\/wp-content\/uploads\/2011\/04\/IMG_2062.jpg?fit=800%2C600&amp;ssl=1\" class=\"alignleft wp-image-4273 size-medium\" style=\"margin: 5px; border: 5px solid white;\" title=\"IMG_2062\" src=\"https:\/\/i0.wp.com\/blog.kunstgriff.net\/wp-content\/uploads\/2011\/04\/IMG_2062-300x225.jpg?resize=300%2C225\" width=\"300\" height=\"225\" srcset=\"https:\/\/i0.wp.com\/blog.kunstgriff.net\/wp-content\/uploads\/2011\/04\/IMG_2062.jpg?resize=300%2C225&amp;ssl=1 300w, https:\/\/i0.wp.com\/blog.kunstgriff.net\/wp-content\/uploads\/2011\/04\/IMG_2062.jpg?w=800&amp;ssl=1 800w\" sizes=\"auto, (max-width: 300px) 100vw, 300px\" \/><\/a>Alexander, Karsten und ich w\u00e4hlten den direkten Weg nach De\u00eca, wo wir wieder Kaffee trinken und Mandelkuchen essen wollten. Gerade als wir aufbrachen erreichte das A-Team den Boxenstop. Wir teilten noch den Wasserkanister, bevor es zu Dritt weiter nach Soller ging. Dort wartete der lange Anstieg hoch zum Puig Major auf uns. Nun merkte ich endg\u00fcltig, das der eine Ruhetag nach der <a href=\"http:\/\/blog.kunstgriff.net\/?p=4180\" target=\"_blank\">m305<\/a> zu wenig war. Wie Herbert das wegsteckte ist mir schleierhaft. Heiko hatte einen Ruhetag mehr und Timo ist sowieso von einem anderen Stern.<\/p>\n<p>Meine Beine wollten jedenfalls nicht mehr Druck machen. Herbert behauptet zwar, das sei <em>Kopfsache &#8211; <\/em>ich sah aber das dem nicht so ist: Der Puls kam am Berg nicht mehr an die 140 bpm Marke und der Auftrieb den Berg hoch war dementsprechend.<\/p>\n<p>Auf den restlichen Kilometern versuchte ich immer wieder Dampf zu machen, was aber durch einen niedrigen Puls und schlaffe Beine quittiert wurde. Eigentlich auch nicht weiter schlimm, denn die Heimfahrt mit Karsten und Alexander hat trotzdem Laune gemacht und alles was auf dem Zettel war ist auch erledigt, oder habe ich was vergessen, was in 2012 noch drauf muss?<\/p>\n<p><img data-recalc-dims=\"1\" loading=\"lazy\" decoding=\"async\" class=\"aligncenter\" title=\"Zettel\" src=\"https:\/\/i0.wp.com\/blog.kunstgriff.net\/Bilda\/Zettel.png?resize=487%2C532\" alt=\"\" width=\"487\" height=\"532\" \/><\/p>\n<div class=\"tiled-gallery type-rectangular tiled-gallery-unresized\" data-original-width=\"525\" data-carousel-extra='{&quot;blog_id&quot;:1,&quot;permalink&quot;:&quot;https:\\\/\\\/blog.kunstgriff.net\\\/?p=4265&quot;,&quot;likes_blog_id&quot;:127394879}' itemscope itemtype=\"http:\/\/schema.org\/ImageGallery\" > <div class=\"gallery-row\" style=\"width: 525px; height: 198px;\" data-original-width=\"525\" data-original-height=\"198\" > <div class=\"gallery-group images-1\" style=\"width: 263px; height: 198px;\" data-original-width=\"263\" data-original-height=\"198\" > <div class=\"tiled-gallery-item tiled-gallery-item-large\" itemprop=\"associatedMedia\" itemscope itemtype=\"http:\/\/schema.org\/ImageObject\"> <a href=\"https:\/\/i0.wp.com\/blog.kunstgriff.net\/wp-content\/uploads\/2011\/04\/IMG_2060.jpg?ssl=1\" border=\"0\" itemprop=\"url\"> <meta itemprop=\"width\" content=\"259\"> <meta itemprop=\"height\" content=\"194\"> <img decoding=\"async\" class=\"\" data-attachment-id=\"4272\" data-orig-file=\"https:\/\/blog.kunstgriff.net\/wp-content\/uploads\/2011\/04\/IMG_2060.jpg\" data-orig-size=\"800,600\" data-comments-opened=\"1\" data-image-meta=\"{&quot;aperture&quot;:&quot;3.2&quot;,&quot;credit&quot;:&quot;&quot;,&quot;camera&quot;:&quot;Canon DIGITAL IXUS 870 IS&quot;,&quot;caption&quot;:&quot;&quot;,&quot;created_timestamp&quot;:&quot;1302849684&quot;,&quot;copyright&quot;:&quot;&quot;,&quot;focal_length&quot;:&quot;6.935&quot;,&quot;iso&quot;:&quot;80&quot;,&quot;shutter_speed&quot;:&quot;0.0008&quot;,&quot;title&quot;:&quot;&quot;}\" data-image-title=\"IMG_2060\" data-image-description=\"\" data-medium-file=\"https:\/\/i0.wp.com\/blog.kunstgriff.net\/wp-content\/uploads\/2011\/04\/IMG_2060.jpg?fit=300%2C225&#038;ssl=1\" data-large-file=\"https:\/\/i0.wp.com\/blog.kunstgriff.net\/wp-content\/uploads\/2011\/04\/IMG_2060.jpg?fit=800%2C600&#038;ssl=1\" src=\"https:\/\/i0.wp.com\/blog.kunstgriff.net\/wp-content\/uploads\/2011\/04\/IMG_2060.jpg?w=259&#038;h=194&#038;ssl=1\" srcset=\"https:\/\/i0.wp.com\/blog.kunstgriff.net\/wp-content\/uploads\/2011\/04\/IMG_2060.jpg?w=800&amp;ssl=1 800w, https:\/\/i0.wp.com\/blog.kunstgriff.net\/wp-content\/uploads\/2011\/04\/IMG_2060.jpg?resize=300%2C225&amp;ssl=1 300w\" width=\"259\" height=\"194\" loading=\"lazy\" data-original-width=\"259\" data-original-height=\"194\" itemprop=\"http:\/\/schema.org\/image\" title=\"IMG_2060\" alt=\"IMG_2060\" style=\"width: 259px; height: 194px;\" \/> <\/a> <\/div> <\/div> <!-- close group --> <div class=\"gallery-group images-1\" style=\"width: 262px; height: 198px;\" data-original-width=\"262\" data-original-height=\"198\" > <div class=\"tiled-gallery-item tiled-gallery-item-large\" itemprop=\"associatedMedia\" itemscope itemtype=\"http:\/\/schema.org\/ImageObject\"> <a href=\"https:\/\/i0.wp.com\/blog.kunstgriff.net\/wp-content\/uploads\/2011\/04\/IMG_2062.jpg?ssl=1\" border=\"0\" itemprop=\"url\"> <meta itemprop=\"width\" content=\"258\"> <meta itemprop=\"height\" content=\"194\"> <img decoding=\"async\" class=\"\" data-attachment-id=\"4273\" data-orig-file=\"https:\/\/blog.kunstgriff.net\/wp-content\/uploads\/2011\/04\/IMG_2062.jpg\" data-orig-size=\"800,600\" data-comments-opened=\"1\" data-image-meta=\"{&quot;aperture&quot;:&quot;2.8&quot;,&quot;credit&quot;:&quot;&quot;,&quot;camera&quot;:&quot;Canon DIGITAL IXUS 870 IS&quot;,&quot;caption&quot;:&quot;&quot;,&quot;created_timestamp&quot;:&quot;1302857355&quot;,&quot;copyright&quot;:&quot;&quot;,&quot;focal_length&quot;:&quot;5&quot;,&quot;iso&quot;:&quot;80&quot;,&quot;shutter_speed&quot;:&quot;0.0008&quot;,&quot;title&quot;:&quot;&quot;}\" data-image-title=\"IMG_2062\" data-image-description=\"\" data-medium-file=\"https:\/\/i0.wp.com\/blog.kunstgriff.net\/wp-content\/uploads\/2011\/04\/IMG_2062.jpg?fit=300%2C225&#038;ssl=1\" data-large-file=\"https:\/\/i0.wp.com\/blog.kunstgriff.net\/wp-content\/uploads\/2011\/04\/IMG_2062.jpg?fit=800%2C600&#038;ssl=1\" src=\"https:\/\/i0.wp.com\/blog.kunstgriff.net\/wp-content\/uploads\/2011\/04\/IMG_2062.jpg?w=258&#038;h=194&#038;ssl=1\" srcset=\"https:\/\/i0.wp.com\/blog.kunstgriff.net\/wp-content\/uploads\/2011\/04\/IMG_2062.jpg?w=800&amp;ssl=1 800w, https:\/\/i0.wp.com\/blog.kunstgriff.net\/wp-content\/uploads\/2011\/04\/IMG_2062.jpg?resize=300%2C225&amp;ssl=1 300w\" width=\"258\" height=\"194\" loading=\"lazy\" data-original-width=\"258\" data-original-height=\"194\" itemprop=\"http:\/\/schema.org\/image\" title=\"IMG_2062\" alt=\"IMG_2062\" style=\"width: 258px; height: 194px;\" \/> <\/a> <\/div> <\/div> <!-- close group --> <\/div> <!-- close row --> <\/div>\n<p><iframe loading=\"lazy\" src=\"https:\/\/www.strava.com\/activities\/13532757\/embed\/46caec6c55cf98e69645a4d62651c5ac906443f0\" width=\"590\" height=\"405\" frameborder=\"0\" scrolling=\"no\"><\/iframe><\/p>\n","protected":false},"excerpt":{"rendered":"<p>oder \u00bbK\u00f6nigsetappe Teil 2 &amp; nix mehr auf\u2019m Zettel\u00ab Die eigentliche K\u00f6nigsetappe hatte wir ja schon am Dienstag, es hat sich aber trotzdem so etabliert, das die letzte lange Einheit auf Mallorca so genannt wird. So starteten wir heute um 9:30 Uhr in die K\u00f6nigsetappe Teil 2. Timo hatte noch den A3K\u00e4mpfer Bernd gemeldet und &hellip; <\/p>\n<p class=\"link-more\"><a href=\"https:\/\/blog.kunstgriff.net\/?p=4265\" class=\"more-link\"><span class=\"screen-reader-text\">\u201eMallorca Trainingscamp &#8211; Tag 10 &#8211; Esporles &#038; Puig Major\u201c <\/span>weiterlesen<\/a><\/p>\n","protected":false},"author":2,"featured_media":0,"comment_status":"open","ping_status":"open","sticky":false,"template":"","format":"standard","meta":{"jetpack_post_was_ever_published":false,"_jetpack_newsletter_access":"","_jetpack_dont_email_post_to_subs":false,"_jetpack_newsletter_tier_id":0,"_jetpack_memberships_contains_paywalled_content":false,"_jetpack_memberships_contains_paid_content":false,"footnotes":""},"categories":[14,13,7],"tags":[],"class_list":["post-4265","post","type-post","status-publish","format-standard","hentry","category-radfahren","category-radreise","category-rennradfahren"],"jetpack_featured_media_url":"","jetpack_shortlink":"https:\/\/wp.me\/p8Cxe7-16N","jetpack-related-posts":[{"id":19237,"url":"https:\/\/blog.kunstgriff.net\/?p=19237","url_meta":{"origin":4265,"position":0},"title":"Mallorca Trainingscamp 2019 &#8211; Tag 8 &#8211; Puig Major, Dei\u00e0 und Esporles","author":"Georg","date":"April 11, 2019","format":false,"excerpt":"\u00bbK\u00f6nigsetappe\u00ab In den vergangenen Trainingscamps hier auf Mallorca, ging die K\u00f6nigsetappe meist runter bis nach Andrax und Calvi\u00e0. Irgendwie war in diesem Jahr aber die Luft raus und keiner, au\u00dfer Stefan H. wollte sich den Ritt antun. Auch gut. Die Einen (Heiko und Micha) standen mehr auf Uhrzeigersinn und sp\u00e4ter\u2026","rel":"","context":"In &quot;Cake-Ride&quot;","block_context":{"text":"Cake-Ride","link":"https:\/\/blog.kunstgriff.net\/?cat=34"},"img":{"alt_text":"","src":"https:\/\/i0.wp.com\/blog.kunstgriff.net\/wp-content\/uploads\/2019\/04\/Gorg-Blau.jpg?fit=1200%2C800&ssl=1&resize=350%2C200","width":350,"height":200,"srcset":"https:\/\/i0.wp.com\/blog.kunstgriff.net\/wp-content\/uploads\/2019\/04\/Gorg-Blau.jpg?fit=1200%2C800&ssl=1&resize=350%2C200 1x, https:\/\/i0.wp.com\/blog.kunstgriff.net\/wp-content\/uploads\/2019\/04\/Gorg-Blau.jpg?fit=1200%2C800&ssl=1&resize=525%2C300 1.5x, https:\/\/i0.wp.com\/blog.kunstgriff.net\/wp-content\/uploads\/2019\/04\/Gorg-Blau.jpg?fit=1200%2C800&ssl=1&resize=700%2C400 2x, https:\/\/i0.wp.com\/blog.kunstgriff.net\/wp-content\/uploads\/2019\/04\/Gorg-Blau.jpg?fit=1200%2C800&ssl=1&resize=1050%2C600 3x"},"classes":[]},{"id":22795,"url":"https:\/\/blog.kunstgriff.net\/?p=22795","url_meta":{"origin":4265,"position":1},"title":"Mallorca Trainingscamp 2022 &#8211; Tag 9 &#8211; Esporles-Valdemossa-Runde","author":"Georg","date":"April 9, 2022","format":false,"excerpt":"das Sch\u00f6ne und das Traurige liegen hier so dicht beieinander Die Nacht war unruhig, denn meine Gedanken kreisten um die krassen Geschehnisse des Vortages. Es erschien mir, als w\u00e4re es stiller beim Fr\u00fchst\u00fcck als sonst. Sonst viel Routine: Tourenbesprechung: Wer ist dabei \u2013 wann fahren wir los? Eigentlich ein toller\u2026","rel":"","context":"In &quot;Cake-Ride&quot;","block_context":{"text":"Cake-Ride","link":"https:\/\/blog.kunstgriff.net\/?cat=34"},"img":{"alt_text":"Letzte Ausfahrt 2022 auf Mallorca","src":"https:\/\/i0.wp.com\/blog.kunstgriff.net\/wp-content\/uploads\/2022\/04\/Letzte-Ausfahrt-2022-auf-Mallorca.jpg?fit=1200%2C800&ssl=1&resize=350%2C200","width":350,"height":200,"srcset":"https:\/\/i0.wp.com\/blog.kunstgriff.net\/wp-content\/uploads\/2022\/04\/Letzte-Ausfahrt-2022-auf-Mallorca.jpg?fit=1200%2C800&ssl=1&resize=350%2C200 1x, https:\/\/i0.wp.com\/blog.kunstgriff.net\/wp-content\/uploads\/2022\/04\/Letzte-Ausfahrt-2022-auf-Mallorca.jpg?fit=1200%2C800&ssl=1&resize=525%2C300 1.5x, https:\/\/i0.wp.com\/blog.kunstgriff.net\/wp-content\/uploads\/2022\/04\/Letzte-Ausfahrt-2022-auf-Mallorca.jpg?fit=1200%2C800&ssl=1&resize=700%2C400 2x, https:\/\/i0.wp.com\/blog.kunstgriff.net\/wp-content\/uploads\/2022\/04\/Letzte-Ausfahrt-2022-auf-Mallorca.jpg?fit=1200%2C800&ssl=1&resize=1050%2C600 3x"},"classes":[]},{"id":7516,"url":"https:\/\/blog.kunstgriff.net\/?p=7516","url_meta":{"origin":4265,"position":2},"title":"Mallorca Trainingscamp 2012 &#8211; Tag 5 &#8211; Esporles &#038; Palma","author":"Georg","date":"M\u00e4rz 14, 2012","format":false,"excerpt":"oder \u00bbzum 'caf\u00e9 con leche' in die Inselhauptstadt\u00ab Vor der morgigen K\u00f6nigsetappe \u00fcber die K\u00fcstenstrasse stand heute erneut eine relativ flache und lange Etappe auf dem Zettel. Schon nach dem Fr\u00fchst\u00fcck war es so erfreulich warm und der Himmel zeigte sich wolkenlos, wie schon in den letzten Tagen, dass ich\u2026","rel":"","context":"In &quot;Radreise&quot;","block_context":{"text":"Radreise","link":"https:\/\/blog.kunstgriff.net\/?cat=13"},"img":{"alt_text":"","src":"https:\/\/i0.wp.com\/blog.kunstgriff.net\/wp-content\/uploads\/2012\/03\/Zur%C3%BCck-in-Pollen%C3%A7a.jpg?fit=1000%2C750&ssl=1&resize=350%2C200","width":350,"height":200,"srcset":"https:\/\/i0.wp.com\/blog.kunstgriff.net\/wp-content\/uploads\/2012\/03\/Zur%C3%BCck-in-Pollen%C3%A7a.jpg?fit=1000%2C750&ssl=1&resize=350%2C200 1x, https:\/\/i0.wp.com\/blog.kunstgriff.net\/wp-content\/uploads\/2012\/03\/Zur%C3%BCck-in-Pollen%C3%A7a.jpg?fit=1000%2C750&ssl=1&resize=525%2C300 1.5x, https:\/\/i0.wp.com\/blog.kunstgriff.net\/wp-content\/uploads\/2012\/03\/Zur%C3%BCck-in-Pollen%C3%A7a.jpg?fit=1000%2C750&ssl=1&resize=700%2C400 2x"},"classes":[]},{"id":1004,"url":"https:\/\/blog.kunstgriff.net\/?p=1004","url_meta":{"origin":4265,"position":3},"title":"Trainingslager Mallorca 8. Tag Orient &#038; Kloster Luc","author":"Georg","date":"M\u00e4rz 13, 2010","format":false,"excerpt":"Heute war die K\u00f6nigsetappe f\u00fcr mich geplant, d. h. es sollte f\u00fcr mich am L\u00e4ngsten und mit den meisten H\u00f6henmetern gefahren werden. Bedingt durch den ausgefallenen Ruhetag gestern und das nasskalte Wetter - es hatte in der Nacht stark geregnet - f\u00fchlte ich mich bei Abfahrt um 10 Uhr gar\u2026","rel":"","context":"In &quot;Radfahren&quot;","block_context":{"text":"Radfahren","link":"https:\/\/blog.kunstgriff.net\/?cat=14"},"img":{"alt_text":"","src":"https:\/\/i0.wp.com\/blog.kunstgriff.net\/wp-content\/uploads\/2010\/03\/IMG_0113.jpg?fit=700%2C525&ssl=1&resize=350%2C200","width":350,"height":200,"srcset":"https:\/\/i0.wp.com\/blog.kunstgriff.net\/wp-content\/uploads\/2010\/03\/IMG_0113.jpg?fit=700%2C525&ssl=1&resize=350%2C200 1x, https:\/\/i0.wp.com\/blog.kunstgriff.net\/wp-content\/uploads\/2010\/03\/IMG_0113.jpg?fit=700%2C525&ssl=1&resize=525%2C300 1.5x, https:\/\/i0.wp.com\/blog.kunstgriff.net\/wp-content\/uploads\/2010\/03\/IMG_0113.jpg?fit=700%2C525&ssl=1&resize=700%2C400 2x"},"classes":[]},{"id":12402,"url":"https:\/\/blog.kunstgriff.net\/?p=12402","url_meta":{"origin":4265,"position":4},"title":"Mallorca Trainingscamp 2015 &#8211; Tag 7 &#8211; K\u00fcstenklassiker","author":"Georg","date":"M\u00e4rz 27, 2015","format":false,"excerpt":"oder \u00bbH\u00f6henmeter ohne Ende die Zweite\u00abWie auch schon in 2012 und 2014, quasi aus Tradition wird zum Ende des Trainingscamps der so genannte K\u00fcstenklassiker gefahren. Nicht nur um den Trainingsstand zu \u00fcberpr\u00fcfen, auch um den atemberaubenden, gut 110 km langen, K\u00fcstenstreifen zu genie\u00dfen. Der Track war schnell auf die Garmins\u2026","rel":"","context":"In &quot;Radfahren&quot;","block_context":{"text":"Radfahren","link":"https:\/\/blog.kunstgriff.net\/?cat=14"},"img":{"alt_text":"","src":"https:\/\/i0.wp.com\/blog.kunstgriff.net\/wp-content\/uploads\/2015\/03\/Nochmal-oben-am-Puig-Major.jpg?fit=1200%2C900&ssl=1&resize=350%2C200","width":350,"height":200,"srcset":"https:\/\/i0.wp.com\/blog.kunstgriff.net\/wp-content\/uploads\/2015\/03\/Nochmal-oben-am-Puig-Major.jpg?fit=1200%2C900&ssl=1&resize=350%2C200 1x, https:\/\/i0.wp.com\/blog.kunstgriff.net\/wp-content\/uploads\/2015\/03\/Nochmal-oben-am-Puig-Major.jpg?fit=1200%2C900&ssl=1&resize=525%2C300 1.5x, https:\/\/i0.wp.com\/blog.kunstgriff.net\/wp-content\/uploads\/2015\/03\/Nochmal-oben-am-Puig-Major.jpg?fit=1200%2C900&ssl=1&resize=700%2C400 2x, https:\/\/i0.wp.com\/blog.kunstgriff.net\/wp-content\/uploads\/2015\/03\/Nochmal-oben-am-Puig-Major.jpg?fit=1200%2C900&ssl=1&resize=1050%2C600 3x"},"classes":[]},{"id":11610,"url":"https:\/\/blog.kunstgriff.net\/?p=11610","url_meta":{"origin":4265,"position":5},"title":"Mallorca Trainingscamp 2014 &#8211; Tag 5 &#8211; Soller &#8211; Bunyola","author":"Georg","date":"April 5, 2014","format":false,"excerpt":"oder \u00bbPleiten-Pech & Pannen\u00abDer Plan war heute, nicht nur mehr H\u00f6henmeter zu sammeln, sondern auch ein paar Kilometer drauf zu packen. Start war, wie immer um 10 Uhr vor dem Hotel. In einer grossen Gruppe sollte es los gehen, durch das Maffay-Tal \u00fcber Alaro in den ersten Berg, nach Soller.\u2026","rel":"","context":"In &quot;Radfahren&quot;","block_context":{"text":"Radfahren","link":"https:\/\/blog.kunstgriff.net\/?cat=14"},"img":{"alt_text":"","src":"https:\/\/i0.wp.com\/blog.kunstgriff.net\/wp-content\/uploads\/2014\/04\/Teure-Kuchenpause.jpg?fit=1000%2C750&ssl=1&resize=350%2C200","width":350,"height":200,"srcset":"https:\/\/i0.wp.com\/blog.kunstgriff.net\/wp-content\/uploads\/2014\/04\/Teure-Kuchenpause.jpg?fit=1000%2C750&ssl=1&resize=350%2C200 1x, https:\/\/i0.wp.com\/blog.kunstgriff.net\/wp-content\/uploads\/2014\/04\/Teure-Kuchenpause.jpg?fit=1000%2C750&ssl=1&resize=525%2C300 1.5x, https:\/\/i0.wp.com\/blog.kunstgriff.net\/wp-content\/uploads\/2014\/04\/Teure-Kuchenpause.jpg?fit=1000%2C750&ssl=1&resize=700%2C400 2x"},"classes":[]}],"jetpack_likes_enabled":true,"jetpack_sharing_enabled":true,"_links":{"self":[{"href":"https:\/\/blog.kunstgriff.net\/index.php?rest_route=\/wp\/v2\/posts\/4265","targetHints":{"allow":["GET"]}}],"collection":[{"href":"https:\/\/blog.kunstgriff.net\/index.php?rest_route=\/wp\/v2\/posts"}],"about":[{"href":"https:\/\/blog.kunstgriff.net\/index.php?rest_route=\/wp\/v2\/types\/post"}],"author":[{"embeddable":true,"href":"https:\/\/blog.kunstgriff.net\/index.php?rest_route=\/wp\/v2\/users\/2"}],"replies":[{"embeddable":true,"href":"https:\/\/blog.kunstgriff.net\/index.php?rest_route=%2Fwp%2Fv2%2Fcomments&post=4265"}],"version-history":[{"count":0,"href":"https:\/\/blog.kunstgriff.net\/index.php?rest_route=\/wp\/v2\/posts\/4265\/revisions"}],"wp:attachment":[{"href":"https:\/\/blog.kunstgriff.net\/index.php?rest_route=%2Fwp%2Fv2%2Fmedia&parent=4265"}],"wp:term":[{"taxonomy":"category","embeddable":true,"href":"https:\/\/blog.kunstgriff.net\/index.php?rest_route=%2Fwp%2Fv2%2Fcategories&post=4265"},{"taxonomy":"post_tag","embeddable":true,"href":"https:\/\/blog.kunstgriff.net\/index.php?rest_route=%2Fwp%2Fv2%2Ftags&post=4265"}],"curies":[{"name":"wp","href":"https:\/\/api.w.org\/{rel}","templated":true}]}}