{"id":4485,"date":"2011-05-07T20:49:12","date_gmt":"2011-05-07T18:49:12","guid":{"rendered":"http:\/\/blog.kunstgriff.net\/?p=4485"},"modified":"2011-05-07T20:49:12","modified_gmt":"2011-05-07T18:49:12","slug":"dr-strunz-seminar-tag-2-2","status":"publish","type":"post","link":"https:\/\/blog.kunstgriff.net\/?p=4485","title":{"rendered":"Dr. Strunz Seminar Tag 2"},"content":{"rendered":"<span class=\"span-reading-time rt-reading-time\" style=\"display: block;\"><span class=\"rt-label rt-prefix\">Lesezeit: <\/span> <span class=\"rt-time\"> 2<\/span> <span class=\"rt-label rt-postfix\">Minuten<\/span><\/span><h4>oder \u00bbLaktat, Ern\u00e4hrung und Yoga\u00ab<\/h4>\n<p>Um 7:15 Uhr fanden wir uns in langer Laufkleidung vor dem Hotel ein, um den Laktattest zu absolvieren. <a href=\"http:\/\/www.strunz.com\/team\/trainer.php\" target=\"_blank\">Holle<\/a> erl\u00e4rte uns den Ablauf: Nach 10-min\u00fctigem Einlaufen, sollten wir wieder an den Messtisch, welcher vor dem Hotel aufgebaut war, zur\u00fcck kehren. Dort wurde uns dann in den Finger gepieckt und ein Tropfen Blut entnommen. Nach einer Minute war der Laktatwert bestimmt und ich wurde mit 5 Schl\u00e4gen mehr wieder auf eine F\u00fcnf-Minuten-Runde geschickt. Dann wurde erneut gemessen. Nach einer weiteren Runde mit 5 Schl\u00e4gen mehr stand meine <a href=\"http:\/\/de.wikipedia.org\/wiki\/Anaerobe_Schwelle\" target=\"_blank\">an\u00e4robe Schwelle<\/a> fest. Diese liegt bei 154 bpm.\u00a0Nicht wirklich neu, aber trotzdem sehr interessant, das mal Schwarz auf Weiss zu haben. Durch meine vielen Lauf- und Radkilometer war mir diese Zahl ja bereits ann\u00e4hernd bekannt.<\/p>\n<p><a href=\"https:\/\/i0.wp.com\/blog.kunstgriff.net\/wp-content\/uploads\/2011\/05\/DSC2008.jpg\"><img data-recalc-dims=\"1\" loading=\"lazy\" decoding=\"async\" data-attachment-id=\"4481\" data-permalink=\"https:\/\/blog.kunstgriff.net\/?attachment_id=4481\" data-orig-file=\"https:\/\/i0.wp.com\/blog.kunstgriff.net\/wp-content\/uploads\/2011\/05\/DSC2008.jpg?fit=800%2C532&amp;ssl=1\" data-orig-size=\"800,532\" data-comments-opened=\"1\" data-image-meta=\"{&quot;aperture&quot;:&quot;7.1&quot;,&quot;credit&quot;:&quot;&quot;,&quot;camera&quot;:&quot;NIKON D3&quot;,&quot;caption&quot;:&quot;&quot;,&quot;created_timestamp&quot;:&quot;1304758804&quot;,&quot;copyright&quot;:&quot;&quot;,&quot;focal_length&quot;:&quot;200&quot;,&quot;iso&quot;:&quot;800&quot;,&quot;shutter_speed&quot;:&quot;0.016666666666667&quot;,&quot;title&quot;:&quot;&quot;}\" data-image-title=\"Dr. Strunz Seminar Herzogenaurach 2011\" data-image-description=\"\" data-image-caption=\"\" data-large-file=\"https:\/\/i0.wp.com\/blog.kunstgriff.net\/wp-content\/uploads\/2011\/05\/DSC2008.jpg?fit=800%2C532&amp;ssl=1\" class=\"alignleft size-thumbnail wp-image-4481\" style=\"margin: 5px;\" title=\"Dr. Strunz Seminar Herzogenaurach 2011\" src=\"https:\/\/i0.wp.com\/blog.kunstgriff.net\/wp-content\/uploads\/2011\/05\/DSC2008-150x150.jpg?resize=150%2C150\" alt=\"Dr. Strunz Seminar Herzogenaurach 2011\" width=\"150\" height=\"150\" srcset=\"https:\/\/i0.wp.com\/blog.kunstgriff.net\/wp-content\/uploads\/2011\/05\/DSC2008.jpg?resize=150%2C150&amp;ssl=1 150w, https:\/\/i0.wp.com\/blog.kunstgriff.net\/wp-content\/uploads\/2011\/05\/DSC2008.jpg?zoom=2&amp;resize=150%2C150&amp;ssl=1 300w, https:\/\/i0.wp.com\/blog.kunstgriff.net\/wp-content\/uploads\/2011\/05\/DSC2008.jpg?zoom=3&amp;resize=150%2C150&amp;ssl=1 450w\" sizes=\"auto, (max-width: 150px) 100vw, 150px\" \/><\/a>Gut ausgelastet und gelaunt ging es zum Fr\u00fchst\u00fcck. Im Anschluss folgte ein weiterer mehrst\u00fcndiger Vortrag von Dr. Strunz, in dessen Verlauf auch diese Fotos entstanden sind. Wie unschwer zu erkennen ist, referierte er auch \u00fcber die Unwichtigkeit von Bananen. Die drei essentiellen Nahrungsmittel sind Eiwei\u00df, Omega3 und Vitamine&amp;Co. Leere Kohlenhydrate wurden auch angeschnitten. Die Ern\u00e4hrungsempfehlunge wurden nat\u00fcrlich von Dr. Strunz mit vielen kleinen Anekdoten und Geschichten unterf\u00fcttert. Immer wieder wurden auch die Beispiele mit Quellen aus wissenschaftlichen Studien untermauert, was die Glaubw\u00fcrdigkeit weiter erh\u00f6hte. Sehr beeindruckend.<\/p>\n<p><a href=\"https:\/\/i0.wp.com\/blog.kunstgriff.net\/wp-content\/uploads\/2011\/05\/DSC2011.jpg\"><img data-recalc-dims=\"1\" loading=\"lazy\" decoding=\"async\" data-attachment-id=\"4482\" data-permalink=\"https:\/\/blog.kunstgriff.net\/?attachment_id=4482\" data-orig-file=\"https:\/\/i0.wp.com\/blog.kunstgriff.net\/wp-content\/uploads\/2011\/05\/DSC2011.jpg?fit=800%2C532&amp;ssl=1\" data-orig-size=\"800,532\" data-comments-opened=\"1\" data-image-meta=\"{&quot;aperture&quot;:&quot;7.1&quot;,&quot;credit&quot;:&quot;&quot;,&quot;camera&quot;:&quot;NIKON D3&quot;,&quot;caption&quot;:&quot;&quot;,&quot;created_timestamp&quot;:&quot;1304760398&quot;,&quot;copyright&quot;:&quot;&quot;,&quot;focal_length&quot;:&quot;32&quot;,&quot;iso&quot;:&quot;800&quot;,&quot;shutter_speed&quot;:&quot;0.016666666666667&quot;,&quot;title&quot;:&quot;&quot;}\" data-image-title=\"Dr. Strunz bei seinem Vortrag KREATIVIT\u00c4T UND H\u00d6CHSTLEISTUNG\" data-image-description=\"\" data-image-caption=\"\" data-large-file=\"https:\/\/i0.wp.com\/blog.kunstgriff.net\/wp-content\/uploads\/2011\/05\/DSC2011.jpg?fit=800%2C532&amp;ssl=1\" class=\"alignright size-thumbnail wp-image-4482\" style=\"margin: 5px; border: 5px solid white;\" title=\"Dr. Strunz bei seinem Vortrag KREATIVIT\u00c4T UND H\u00d6CHSTLEISTUNG\" src=\"https:\/\/i0.wp.com\/blog.kunstgriff.net\/wp-content\/uploads\/2011\/05\/DSC2011-150x150.jpg?resize=150%2C150\" alt=\"Dr. Strunz bei seinem Vortrag KREATIVIT\u00c4T UND H\u00d6CHSTLEISTUNG\" width=\"150\" height=\"150\" srcset=\"https:\/\/i0.wp.com\/blog.kunstgriff.net\/wp-content\/uploads\/2011\/05\/DSC2011.jpg?resize=150%2C150&amp;ssl=1 150w, https:\/\/i0.wp.com\/blog.kunstgriff.net\/wp-content\/uploads\/2011\/05\/DSC2011.jpg?zoom=2&amp;resize=150%2C150&amp;ssl=1 300w, https:\/\/i0.wp.com\/blog.kunstgriff.net\/wp-content\/uploads\/2011\/05\/DSC2011.jpg?zoom=3&amp;resize=150%2C150&amp;ssl=1 450w\" sizes=\"auto, (max-width: 150px) 100vw, 150px\" \/><\/a>Nach dem Vortrag wurden uns unsere Blutwerte ausgeh\u00e4ndigt und die Bedeutung der einzelnen Bestandteile erl\u00e4utert. Die wichtigsten <em>Frohmedizin-<\/em>Werte sind Eiweiss, Magnesium und <a href=\"http:\/\/de.wikipedia.org\/wiki\/H\u00e4moglobin\" target=\"_blank\">H\u00e4moglobin.<\/a> Letztere Wert ist bei mir leider immer noch erschreckend niedrig. <em>Drohmedizin-<\/em>Werte wie Cholesterin und andere Mineralien wurden unter den Teppich gekehrt. Interessant.<\/p>\n<p>Nach den Vortr\u00e4gen wurde wieder in die Sportkleidung gewechselt, um Dehn\u00fcbungen mit dem Terraband zu erlernen. Danach gab es noch eine Yogaeinf\u00fchrung bevor es mit den neuartigen Sportger\u00e4ten <a href=\"http:\/\/www.xco-trainer.de\/\" target=\"_blank\">X-Co<\/a> in den Wald ging. Papa gefiel dieses unterst\u00fctzende Ger\u00e4t sehr gut, wohingegen ich es sehr gew\u00f6hnungsbed\u00fcrftig finde. Mal schauen ob es gegebenenfalls doch angeschaffte wird.<\/p>\n<p style=\"text-align: center;\"><a href=\"https:\/\/i0.wp.com\/blog.kunstgriff.net\/wp-content\/uploads\/2011\/05\/DSC2026.jpg\"><img data-recalc-dims=\"1\" loading=\"lazy\" decoding=\"async\" data-attachment-id=\"4483\" data-permalink=\"https:\/\/blog.kunstgriff.net\/?attachment_id=4483\" data-orig-file=\"https:\/\/i0.wp.com\/blog.kunstgriff.net\/wp-content\/uploads\/2011\/05\/DSC2026.jpg?fit=800%2C532&amp;ssl=1\" data-orig-size=\"800,532\" data-comments-opened=\"1\" data-image-meta=\"{&quot;aperture&quot;:&quot;7.1&quot;,&quot;credit&quot;:&quot;&quot;,&quot;camera&quot;:&quot;NIKON D3&quot;,&quot;caption&quot;:&quot;&quot;,&quot;created_timestamp&quot;:&quot;1304768321&quot;,&quot;copyright&quot;:&quot;&quot;,&quot;focal_length&quot;:&quot;50&quot;,&quot;iso&quot;:&quot;800&quot;,&quot;shutter_speed&quot;:&quot;0.016666666666667&quot;,&quot;title&quot;:&quot;&quot;}\" data-image-title=\"Blogautor, Dr. Strunz und Papa\" data-image-description=\"\" data-image-caption=\"\" data-large-file=\"https:\/\/i0.wp.com\/blog.kunstgriff.net\/wp-content\/uploads\/2011\/05\/DSC2026.jpg?fit=800%2C532&amp;ssl=1\" class=\"aligncenter size-full wp-image-4483\" title=\"_DSC2026\" src=\"https:\/\/i0.wp.com\/blog.kunstgriff.net\/wp-content\/uploads\/2011\/05\/DSC2026.jpg?resize=525%2C349\" alt=\"\" width=\"525\" height=\"349\" srcset=\"https:\/\/i0.wp.com\/blog.kunstgriff.net\/wp-content\/uploads\/2011\/05\/DSC2026.jpg?w=800&amp;ssl=1 800w, https:\/\/i0.wp.com\/blog.kunstgriff.net\/wp-content\/uploads\/2011\/05\/DSC2026.jpg?resize=300%2C199&amp;ssl=1 300w\" sizes=\"auto, (max-width: 525px) 100vw, 525px\" \/><\/a><\/p>\n<p>Der zweite Tag bot ein klasse Sport- und Seminarprogramm. Ich freu mich auf Morgen!<\/p>\n","protected":false},"excerpt":{"rendered":"<p>oder \u00bbLaktat, Ern\u00e4hrung und Yoga\u00ab Um 7:15 Uhr fanden wir uns in langer Laufkleidung vor dem Hotel ein, um den Laktattest zu absolvieren. Holle erl\u00e4rte uns den Ablauf: Nach 10-min\u00fctigem Einlaufen, sollten wir wieder an den Messtisch, welcher vor dem Hotel aufgebaut war, zur\u00fcck kehren. Dort wurde uns dann in den Finger gepieckt und ein &hellip; <\/p>\n<p class=\"link-more\"><a href=\"https:\/\/blog.kunstgriff.net\/?p=4485\" class=\"more-link\"><span class=\"screen-reader-text\">\u201eDr. Strunz Seminar Tag 2\u201c <\/span>weiterlesen<\/a><\/p>\n","protected":false},"author":2,"featured_media":0,"comment_status":"open","ping_status":"open","sticky":false,"template":"","format":"standard","meta":{"jetpack_post_was_ever_published":false,"_jetpack_newsletter_access":"","_jetpack_dont_email_post_to_subs":false,"_jetpack_newsletter_tier_id":0,"_jetpack_memberships_contains_paywalled_content":false,"_jetpack_memberships_contains_paid_content":false,"footnotes":""},"categories":[25,16,10,36],"tags":[],"class_list":["post-4485","post","type-post","status-publish","format-standard","hentry","category-besonderes-ereignis","category-fruhsport","category-laufen","category-veranstaltungen"],"jetpack_featured_media_url":"","jetpack_shortlink":"https:\/\/wp.me\/p8Cxe7-1al","jetpack-related-posts":[{"id":5620,"url":"https:\/\/blog.kunstgriff.net\/?p=5620","url_meta":{"origin":4485,"position":0},"title":"Werbellinsee-Runde reloaded","author":"Georg","date":"August 21, 2011","format":false,"excerpt":"oder \u00bbWieder so eine sch\u00f6ne Runde wie in 2010?\u00abVor fast genau einem Jahr sind wir diese Runde klasse Runde um den See im hohen Osten schon gefahren. Mitte der Woche annoncierte Mike dann wieder diese Runde und mir war klar, das ich wieder dabei sein werde. Es gab drei Treffpunkte:\u2026","rel":"","context":"In &quot;200er&quot;","block_context":{"text":"200er","link":"https:\/\/blog.kunstgriff.net\/?cat=48"},"img":{"alt_text":"","src":"https:\/\/i0.wp.com\/blog.kunstgriff.net\/wp-content\/uploads\/2011\/08\/Schwitzen-am-Werbellinsee.jpg?resize=350%2C200","width":350,"height":200,"srcset":"https:\/\/i0.wp.com\/blog.kunstgriff.net\/wp-content\/uploads\/2011\/08\/Schwitzen-am-Werbellinsee.jpg?resize=350%2C200 1x, https:\/\/i0.wp.com\/blog.kunstgriff.net\/wp-content\/uploads\/2011\/08\/Schwitzen-am-Werbellinsee.jpg?resize=525%2C300 1.5x"},"classes":[]},{"id":4672,"url":"https:\/\/blog.kunstgriff.net\/?p=4672","url_meta":{"origin":4485,"position":1},"title":"Schwielowsee-Feierabendrunde","author":"Georg","date":"Mai 25, 2011","format":false,"excerpt":"oder \u00bbImmer wieder Mittwochs\u00abMeine email an die rennradliste und rennradgruppe im Internet hatte heute, bei dem sch\u00f6nen Wetter wieder \u00fcber 10 Radler animiert mit mir diese Feierabendrunde in Angriff zu nehmen. Eine bunte Mischung aus alt bekannten Gesichtern und auch neuen, die diese Runde wagen wollten, fanden sich um kurz\u2026","rel":"","context":"In &quot;Radfahren&quot;","block_context":{"text":"Radfahren","link":"https:\/\/blog.kunstgriff.net\/?cat=14"},"img":{"alt_text":"","src":"","width":0,"height":0},"classes":[]},{"id":1143,"url":"https:\/\/blog.kunstgriff.net\/?p=1143","url_meta":{"origin":4485,"position":2},"title":"\u00bb10-Uhr-Gruppe\u00ab am Oster-Samstag","author":"Georg","date":"April 3, 2010","format":false,"excerpt":"Heute wollte ich es das Erste mal in diesem Jahr wagen mit der \u00bb10-Uhr-Gruppe\u00ab eine flotte Runde zu fahren. So startet ich um kurz nach halb 10 um p\u00fcnktlich am Auerbachtunnel zu sein. Ich war der Erste um f\u00fcnf vor 10 dort und machte mir Sorgen ob die Runde heute\u2026","rel":"","context":"In &quot;Radfahren&quot;","block_context":{"text":"Radfahren","link":"https:\/\/blog.kunstgriff.net\/?cat=14"},"img":{"alt_text":"","src":"","width":0,"height":0},"classes":[]},{"id":7428,"url":"https:\/\/blog.kunstgriff.net\/?p=7428","url_meta":{"origin":4485,"position":3},"title":"1. B\u00e4ckerrunde nach Fehrbellin in 2012","author":"Georg","date":"M\u00e4rz 4, 2012","format":false,"excerpt":"oder \u00bbRiesen Spass in gro\u00dfer Gruppe\u00abHeute stand endlich wieder einmal die B\u00e4cker-Runde nach Fehrbellin auf dem Zettel. Alexander hatte die Runde ausgerufen und mit ein wenig Werbung f\u00fcr die tolle Runde kamen fast zwanzig RadlerInnen zusammen um den Havell\u00e4nder Asphalt unter die R\u00e4der zu nehmen. Wie schon gestern freute ich\u2026","rel":"","context":"In &quot;Rennradfahren&quot;","block_context":{"text":"Rennradfahren","link":"https:\/\/blog.kunstgriff.net\/?cat=7"},"img":{"alt_text":"","src":"https:\/\/i0.wp.com\/blog.kunstgriff.net\/wp-content\/uploads\/2012\/03\/Die-ganze-grosse-Gruppe-kurz-vor-Fehrbellin-300x225.jpg?resize=350%2C200","width":350,"height":200},"classes":[]},{"id":9194,"url":"https:\/\/blog.kunstgriff.net\/?p=9194","url_meta":{"origin":4485,"position":4},"title":"Saschas-Oderbruch-Runde","author":"Georg","date":"September 30, 2012","format":false,"excerpt":"oder \u00bbLange Runde durch den wilden Osten\u00abDa ich lange (eine Woche) nicht auf meinem Renner sa\u00df, sollte heute mal wieder lang gefahren werden. Diese Logik gefiel mir und so machte ich mich um 20 nach 9 auf nach Neuk\u00f6lln um dort meine Rennrad-Peeps zu treffen. Einige waren gekommen, meist bekannte\u2026","rel":"","context":"In &quot;Radfahren&quot;","block_context":{"text":"Radfahren","link":"https:\/\/blog.kunstgriff.net\/?cat=14"},"img":{"alt_text":"","src":"https:\/\/i0.wp.com\/blog.kunstgriff.net\/wp-content\/uploads\/2012\/09\/Kurz-vor-Eberswalde.jpg?fit=1000%2C750&ssl=1&resize=350%2C200","width":350,"height":200,"srcset":"https:\/\/i0.wp.com\/blog.kunstgriff.net\/wp-content\/uploads\/2012\/09\/Kurz-vor-Eberswalde.jpg?fit=1000%2C750&ssl=1&resize=350%2C200 1x, https:\/\/i0.wp.com\/blog.kunstgriff.net\/wp-content\/uploads\/2012\/09\/Kurz-vor-Eberswalde.jpg?fit=1000%2C750&ssl=1&resize=525%2C300 1.5x, https:\/\/i0.wp.com\/blog.kunstgriff.net\/wp-content\/uploads\/2012\/09\/Kurz-vor-Eberswalde.jpg?fit=1000%2C750&ssl=1&resize=700%2C400 2x"},"classes":[]},{"id":22757,"url":"https:\/\/blog.kunstgriff.net\/?p=22757","url_meta":{"origin":4485,"position":5},"title":"Mallorca Trainingscamp 2022 &#8211; Tag 6 &#8211; Kloster Lluc-Runde","author":"Georg","date":"April 6, 2022","format":false,"excerpt":"100 km - 1.000 H\u00f6henmeter - check Erstmal gab es Regen. Bis Mittag. Nix f\u00fcr Radfahrer. Paar H\u00f6henmeter wollten wir trotzdem sammeln und so bat mich die Bande, eine Runde hoch zum Kloster Lluc zu planen. Nach wenigen Klicks war der 100er finalisiert und die Einladung zum Strava-Club-Event verschickt. So\u2026","rel":"","context":"In &quot;Radfahren&quot;","block_context":{"text":"Radfahren","link":"https:\/\/blog.kunstgriff.net\/?cat=14"},"img":{"alt_text":"Tankstellen-Foto-2022","src":"https:\/\/i0.wp.com\/blog.kunstgriff.net\/wp-content\/uploads\/2022\/04\/Tankstellen-Foto-2022.jpg?fit=1200%2C900&ssl=1&resize=350%2C200","width":350,"height":200,"srcset":"https:\/\/i0.wp.com\/blog.kunstgriff.net\/wp-content\/uploads\/2022\/04\/Tankstellen-Foto-2022.jpg?fit=1200%2C900&ssl=1&resize=350%2C200 1x, https:\/\/i0.wp.com\/blog.kunstgriff.net\/wp-content\/uploads\/2022\/04\/Tankstellen-Foto-2022.jpg?fit=1200%2C900&ssl=1&resize=525%2C300 1.5x, https:\/\/i0.wp.com\/blog.kunstgriff.net\/wp-content\/uploads\/2022\/04\/Tankstellen-Foto-2022.jpg?fit=1200%2C900&ssl=1&resize=700%2C400 2x, https:\/\/i0.wp.com\/blog.kunstgriff.net\/wp-content\/uploads\/2022\/04\/Tankstellen-Foto-2022.jpg?fit=1200%2C900&ssl=1&resize=1050%2C600 3x"},"classes":[]}],"jetpack_likes_enabled":true,"jetpack_sharing_enabled":true,"_links":{"self":[{"href":"https:\/\/blog.kunstgriff.net\/index.php?rest_route=\/wp\/v2\/posts\/4485","targetHints":{"allow":["GET"]}}],"collection":[{"href":"https:\/\/blog.kunstgriff.net\/index.php?rest_route=\/wp\/v2\/posts"}],"about":[{"href":"https:\/\/blog.kunstgriff.net\/index.php?rest_route=\/wp\/v2\/types\/post"}],"author":[{"embeddable":true,"href":"https:\/\/blog.kunstgriff.net\/index.php?rest_route=\/wp\/v2\/users\/2"}],"replies":[{"embeddable":true,"href":"https:\/\/blog.kunstgriff.net\/index.php?rest_route=%2Fwp%2Fv2%2Fcomments&post=4485"}],"version-history":[{"count":0,"href":"https:\/\/blog.kunstgriff.net\/index.php?rest_route=\/wp\/v2\/posts\/4485\/revisions"}],"wp:attachment":[{"href":"https:\/\/blog.kunstgriff.net\/index.php?rest_route=%2Fwp%2Fv2%2Fmedia&parent=4485"}],"wp:term":[{"taxonomy":"category","embeddable":true,"href":"https:\/\/blog.kunstgriff.net\/index.php?rest_route=%2Fwp%2Fv2%2Fcategories&post=4485"},{"taxonomy":"post_tag","embeddable":true,"href":"https:\/\/blog.kunstgriff.net\/index.php?rest_route=%2Fwp%2Fv2%2Ftags&post=4485"}],"curies":[{"name":"wp","href":"https:\/\/api.w.org\/{rel}","templated":true}]}}