{"id":4497,"date":"2011-05-08T20:12:21","date_gmt":"2011-05-08T18:12:21","guid":{"rendered":"http:\/\/blog.kunstgriff.net\/?p=4497"},"modified":"2016-09-01T13:37:40","modified_gmt":"2016-09-01T11:37:40","slug":"dr-strunz-seminar-tag-3","status":"publish","type":"post","link":"https:\/\/blog.kunstgriff.net\/?p=4497","title":{"rendered":"Dr. Strunz Seminar Tag 3"},"content":{"rendered":"<span class=\"span-reading-time rt-reading-time\" style=\"display: block;\"><span class=\"rt-label rt-prefix\">Lesezeit: <\/span> <span class=\"rt-time\"> 2<\/span> <span class=\"rt-label rt-postfix\">Minuten<\/span><\/span><h4>oder \u00bbFr\u00fchsport, Pulsbereichsauswertung und Denken\u00ab<\/h4>\n<hr \/>\n<p>Der Tag begann mit einem Lauf mit Papa. Das Programm bot einen 30-min\u00fctigen Lauf ab 8 Uhr, wir wollten aber schon vorher eine Runde drehen und so machten wir uns um kurz nach 7 auf eine <em>Stundenrunde.<\/em> Leider hatte ich heute gar keinen Spass am Laufen. Ich weiss nicht wirklich was es war, ob es der Gedanke an meinen niedrigen <a href=\"http:\/\/de.wikipedia.org\/wiki\/H\u00e4moglobin\" target=\"_blank\">H\u00e4moglobin<\/a>-Wert war, den ich gestern wieder Schwarz auf Weiss pr\u00e4sentiert bekam oder einfach ein nach unten zeigender <a href=\"http:\/\/\" target=\"_blank\">Biorhythmus<\/a>. Aber wie Wikipedia mit sagt ist das <em>\u00bbeine unbelegte Theorie\u00ab\u2026<\/em><\/p>\n<p><em>Whatever,<\/em> es lief nicht gut. Ein wenig Spass kam aber dann doch beim gemeinsamen Lauf auf, bei dem ich mich mit einem der Trainer \u00fcber <a href=\"http:\/\/de.wikipedia.org\/wiki\/Eisenmangel\" target=\"_blank\">Eisenmangel<\/a> unterhielt.<\/p>\n<p>Nach dem, unter Anleitung von <a href=\"http:\/\/naradayoga.com\/cms\/website.php?id=\/de\/narada\/holle.htm\" target=\"_blank\">Holle<\/a>, durchgef\u00fchrten Stretching ging es unter die warme Dusche. Im Anschluss an das Fr\u00fchst\u00fcck ohne Brot erl\u00e4uterte <a href=\"http:\/\/naradayoga.com\/cms\/website.php?id=\/de\/narada\/holle.htm\" target=\"_blank\">Holle<\/a> die anaerobe Schwelle und was der gemessene Pulsbereich f\u00fcr jeden einzelnen bedeutet. Nichts wirklich Neues f\u00fcr mich, aber doch interessant, es mal wieder zu h\u00f6ren. Der Test war ja nur ein kleiner Einblick. Wirklich Aufschluss gibt nur eine echte <a href=\"http:\/\/de.wikipedia.org\/wiki\/Leistungsdiagnostik\" target=\"_blank\">Leistungsdiagnostik<\/a>, welche ich <del datetime=\"2011-05-09T18:06:22+00:00\">eventuell<\/del> auch mal durchf\u00fchren werde.<\/p>\n<p style=\"text-align: center;\"><a href=\"https:\/\/i0.wp.com\/blog.kunstgriff.net\/wp-content\/uploads\/2011\/05\/Strunz.jpg\"><img data-recalc-dims=\"1\" loading=\"lazy\" decoding=\"async\" data-attachment-id=\"4520\" data-permalink=\"https:\/\/blog.kunstgriff.net\/?attachment_id=4520\" data-orig-file=\"https:\/\/i0.wp.com\/blog.kunstgriff.net\/wp-content\/uploads\/2011\/05\/Strunz.jpg?fit=800%2C532&amp;ssl=1\" data-orig-size=\"800,532\" data-comments-opened=\"1\" data-image-meta=\"{&quot;aperture&quot;:&quot;7.1&quot;,&quot;credit&quot;:&quot;&quot;,&quot;camera&quot;:&quot;NIKON D3&quot;,&quot;caption&quot;:&quot;&quot;,&quot;created_timestamp&quot;:&quot;1304758005&quot;,&quot;copyright&quot;:&quot;&quot;,&quot;focal_length&quot;:&quot;105&quot;,&quot;iso&quot;:&quot;800&quot;,&quot;shutter_speed&quot;:&quot;0.016666666666667&quot;,&quot;title&quot;:&quot;&quot;}\" data-image-title=\"Strunz\" data-image-description=\"\" data-image-caption=\"\" data-large-file=\"https:\/\/i0.wp.com\/blog.kunstgriff.net\/wp-content\/uploads\/2011\/05\/Strunz.jpg?fit=800%2C532&amp;ssl=1\" class=\"aligncenter size-full wp-image-4520\" title=\"Strunz\" src=\"https:\/\/i0.wp.com\/blog.kunstgriff.net\/wp-content\/uploads\/2011\/05\/Strunz.jpg?resize=525%2C349\" alt=\"Dr. Strunz Seminar\" width=\"525\" height=\"349\" srcset=\"https:\/\/i0.wp.com\/blog.kunstgriff.net\/wp-content\/uploads\/2011\/05\/Strunz.jpg?w=800&amp;ssl=1 800w, https:\/\/i0.wp.com\/blog.kunstgriff.net\/wp-content\/uploads\/2011\/05\/Strunz.jpg?resize=300%2C199&amp;ssl=1 300w\" sizes=\"auto, (max-width: 525px) 100vw, 525px\" \/><\/a><\/p>\n<p>Im Anschluss f\u00fchrt Dr. Strunz das Seminar fort und referierte \u00fcber das Denken bzw. die Macht der Gedanken, den kontrollierten Tiefschlaf, den Zugang zum Unterbewusstsein und mentale Techniken zur Erzielung von H\u00f6chstleistung.<\/p>\n<p>Sehr interessante Erkenntnisse, die mir vorher so nicht bekannt waren und die ich gerne selber an mir ausprobieren m\u00f6chte.<\/p>\n<p><em>Fazit:<\/em> Ein hochinteressantes Seminarwochenende mit viel Bewegung und Informationen um Ern\u00e4hrung, Sport und positives Denken. Sicher kann man die vielen Informationen auch aus den vielen B\u00fcchern von Dr. Strunz herauslesen. Die <a href=\"http:\/\/www.strunz.com\/\" target=\"_blank\">t\u00e4glichen Newsletter<\/a> sind auch hochinteressant. Er hat keine Neuheiten auf seinem Seminar pr\u00e4sentiert, welche er nicht auch schon niedergeschrieben hat. Das Charisma welches er ausstrahlt, macht seine These dann aber noch einmal erheblich glaubw\u00fcrdiger. Er sieht einfach nicht aus wie ein 76 Jahre alter Mann. Er strotzt vor Energie man sieht seinen Bewegungs- und Tatendrang. Das ist faszinierend und inspirierend zugleich. Die Glaubw\u00fcrdigkeit steigt, weil man sieht, das er das lebt, was er sagt und nicht <em>Wasser predigt<\/em> und <em>Wein s\u00e4uft<\/em>, wie so viele andere <em>Vorbilder<\/em> heute.<\/p>\n<p><iframe height='405' width='590' frameborder='0' allowtransparency='true' scrolling='no' src='https:\/\/www.strava.com\/activities\/696612128\/embed\/70177d978e87822b635f468330cf13260bd8184a'><\/iframe><\/p>\n","protected":false},"excerpt":{"rendered":"<p>oder \u00bbFr\u00fchsport, Pulsbereichsauswertung und Denken\u00ab Der Tag begann mit einem Lauf mit Papa. Das Programm bot einen 30-min\u00fctigen Lauf ab 8 Uhr, wir wollten aber schon vorher eine Runde drehen und so machten wir uns um kurz nach 7 auf eine Stundenrunde. Leider hatte ich heute gar keinen Spass am Laufen. Ich weiss nicht wirklich &hellip; <\/p>\n<p class=\"link-more\"><a href=\"https:\/\/blog.kunstgriff.net\/?p=4497\" class=\"more-link\"><span class=\"screen-reader-text\">\u201eDr. Strunz Seminar Tag 3\u201c <\/span>weiterlesen<\/a><\/p>\n","protected":false},"author":2,"featured_media":0,"comment_status":"open","ping_status":"open","sticky":false,"template":"","format":"standard","meta":{"jetpack_post_was_ever_published":false,"_jetpack_newsletter_access":"","_jetpack_dont_email_post_to_subs":false,"_jetpack_newsletter_tier_id":0,"_jetpack_memberships_contains_paywalled_content":false,"_jetpack_memberships_contains_paid_content":false,"footnotes":""},"categories":[25,12,16,10,36],"tags":[],"class_list":["post-4497","post","type-post","status-publish","format-standard","hentry","category-besonderes-ereignis","category-ernahrung","category-fruhsport","category-laufen","category-veranstaltungen"],"jetpack_featured_media_url":"","jetpack_shortlink":"https:\/\/wp.me\/p8Cxe7-1ax","jetpack-related-posts":[{"id":12150,"url":"https:\/\/blog.kunstgriff.net\/?p=12150","url_meta":{"origin":4497,"position":0},"title":"City-Morgenlauf #8-2014","author":"Georg","date":"September 30, 2014","format":false,"excerpt":"oder \u00bbFr\u00fchsport bei milden 18\u00b0C\u00abNachdem gestrigen Arbeitstag\u00a0f\u00fchlte ich mich, als h\u00e4tte ich bereits eine komplette Arbeitswoche hinter mir. Nicht nur mir ging es so, auch die Kollegen w\u00fcnschten ein \u00bbsch\u00f6nes Wochenende\u00ab. Bedauerlicher Weise war dem nicht so und es musste ein Weg gefunden werden, den angeh\u00e4uften Stress abzubauen. Aus Erfahrung\u2026","rel":"","context":"In &quot;Fr\u00fchsport&quot;","block_context":{"text":"Fr\u00fchsport","link":"https:\/\/blog.kunstgriff.net\/?cat=16"},"img":{"alt_text":"","src":"","width":0,"height":0},"classes":[]},{"id":3382,"url":"https:\/\/blog.kunstgriff.net\/?p=3382","url_meta":{"origin":4497,"position":1},"title":"Schmargendorfer-Morgenlauf mit Papa #3","author":"Georg","date":"Januar 18, 2011","format":false,"excerpt":"oder \u00bbFoot Pod Racer\u00abWie auch schon an den beiden vergangenen Dienstagen stand heute wieder eine Schmargendorf-Runde auf dem Programm. Heute wollte ein neuer kleiner schwarzer Begleiter mit auf die Runde gehen: Der Garmin Laufsensor \u00bbFoot pod\u00ab. Dieses kleine schwarze K\u00e4stchen wird, wie auf dem Bild unten zu sehen ist, unter\u2026","rel":"","context":"In &quot;Fr\u00fchsport&quot;","block_context":{"text":"Fr\u00fchsport","link":"https:\/\/blog.kunstgriff.net\/?cat=16"},"img":{"alt_text":"","src":"https:\/\/i0.wp.com\/blog.kunstgriff.net\/wp-content\/uploads\/2011\/01\/FoodPod.jpg?fit=550%2C410&ssl=1&resize=350%2C200","width":350,"height":200,"srcset":"https:\/\/i0.wp.com\/blog.kunstgriff.net\/wp-content\/uploads\/2011\/01\/FoodPod.jpg?fit=550%2C410&ssl=1&resize=350%2C200 1x, https:\/\/i0.wp.com\/blog.kunstgriff.net\/wp-content\/uploads\/2011\/01\/FoodPod.jpg?fit=550%2C410&ssl=1&resize=525%2C300 1.5x"},"classes":[]},{"id":4552,"url":"https:\/\/blog.kunstgriff.net\/?p=4552","url_meta":{"origin":4497,"position":2},"title":"Tiergarten-Morgenlauf mit Papa #17","author":"Georg","date":"Mai 11, 2011","format":false,"excerpt":"oder \u00bbWenig Spass & Sonnenschein\u00abNach der Radeinheit gestern fiel es mir heute sehr schwer in einen runden Tritt zu kommen. Ich \u00a0merkte schon auf den ersten Metern das die Beine schmerzten und sich gegen den Lauf wehrten. Dementsprechend ged\u00e4mpft war meine Laune. Der Tag erwachte mit einer herrlichen blauen Stunde,\u2026","rel":"","context":"In &quot;Fr\u00fchsport&quot;","block_context":{"text":"Fr\u00fchsport","link":"https:\/\/blog.kunstgriff.net\/?cat=16"},"img":{"alt_text":"","src":"","width":0,"height":0},"classes":[]},{"id":11085,"url":"https:\/\/blog.kunstgriff.net\/?p=11085","url_meta":{"origin":4497,"position":3},"title":"3-Seen-Runde","author":"Georg","date":"November 17, 2013","format":false,"excerpt":"oder \u00bbEndlich wieder Laufen!\u00abGestern erreichte mich der Anruf von Papa, dass er unbedingt wieder mit mir Laufen wollte. Nach der \u00fcber zweiw\u00f6chigen Laufpause war das auch wirklich mal wieder n\u00f6tig. Am Wochenende passt die 3-Seen-Runde ja immer hervorragend und so holte ich ihn um 7:30 Uhr ab, um uns gemeinsam\u2026","rel":"","context":"In &quot;Fr\u00fchsport&quot;","block_context":{"text":"Fr\u00fchsport","link":"https:\/\/blog.kunstgriff.net\/?cat=16"},"img":{"alt_text":"","src":"","width":0,"height":0},"classes":[]},{"id":10743,"url":"https:\/\/blog.kunstgriff.net\/?p=10743","url_meta":{"origin":4497,"position":4},"title":"City-Morgenlauf #8-2013","author":"Georg","date":"August 21, 2013","format":false,"excerpt":"oder \u00bbHeute mal ne halbe Stunde fr\u00fcher\u00abDa ich keine Lust auf Eile nach dem Lauf hatte, verabredeten wir uns heute schon um 5:30 Uhr. Gute Entscheidung, denn nicht nur die Luft war frischer, auch der Verkehr auf den Strassen war geringer und es lie\u00df sich noch lockerer durch die City-West\u2026","rel":"","context":"In &quot;Fr\u00fchsport&quot;","block_context":{"text":"Fr\u00fchsport","link":"https:\/\/blog.kunstgriff.net\/?cat=16"},"img":{"alt_text":"","src":"","width":0,"height":0},"classes":[]},{"id":3412,"url":"https:\/\/blog.kunstgriff.net\/?p=3412","url_meta":{"origin":4497,"position":5},"title":"Schmargendorfer-Morgenlauf mit Papa #4","author":"Georg","date":"Januar 21, 2011","format":false,"excerpt":"oder \u00bbFr\u00fchsport ohne Schn\u00f6rkel\u00abWie schon am Dienstag, trafen wir uns wieder um 5:15 Uhr zu unserer gewohnt, sch\u00f6nen Morgenrunde. Diesmal hatte ich den Course in den Garmin Forerunner 405 geladen und so hatten wir, dank des Virtuellen Partners, immer einen \u00dcberblick ob wir vorne oder hinten liegen. Der Lauf lief\u2026","rel":"","context":"In &quot;Fr\u00fchsport&quot;","block_context":{"text":"Fr\u00fchsport","link":"https:\/\/blog.kunstgriff.net\/?cat=16"},"img":{"alt_text":"","src":"http:\/\/www.assoc-amazon.de\/e\/ir?t=&l=as2&o=3&a=B001JAGZC2","width":350,"height":200},"classes":[]}],"jetpack_likes_enabled":true,"jetpack_sharing_enabled":true,"_links":{"self":[{"href":"https:\/\/blog.kunstgriff.net\/index.php?rest_route=\/wp\/v2\/posts\/4497","targetHints":{"allow":["GET"]}}],"collection":[{"href":"https:\/\/blog.kunstgriff.net\/index.php?rest_route=\/wp\/v2\/posts"}],"about":[{"href":"https:\/\/blog.kunstgriff.net\/index.php?rest_route=\/wp\/v2\/types\/post"}],"author":[{"embeddable":true,"href":"https:\/\/blog.kunstgriff.net\/index.php?rest_route=\/wp\/v2\/users\/2"}],"replies":[{"embeddable":true,"href":"https:\/\/blog.kunstgriff.net\/index.php?rest_route=%2Fwp%2Fv2%2Fcomments&post=4497"}],"version-history":[{"count":0,"href":"https:\/\/blog.kunstgriff.net\/index.php?rest_route=\/wp\/v2\/posts\/4497\/revisions"}],"wp:attachment":[{"href":"https:\/\/blog.kunstgriff.net\/index.php?rest_route=%2Fwp%2Fv2%2Fmedia&parent=4497"}],"wp:term":[{"taxonomy":"category","embeddable":true,"href":"https:\/\/blog.kunstgriff.net\/index.php?rest_route=%2Fwp%2Fv2%2Fcategories&post=4497"},{"taxonomy":"post_tag","embeddable":true,"href":"https:\/\/blog.kunstgriff.net\/index.php?rest_route=%2Fwp%2Fv2%2Ftags&post=4497"}],"curies":[{"name":"wp","href":"https:\/\/api.w.org\/{rel}","templated":true}]}}