{"id":450,"date":"2009-05-21T18:41:10","date_gmt":"2009-05-21T17:41:10","guid":{"rendered":"http:\/\/blog.kunstgriff.net\/?p=450"},"modified":"2017-06-15T14:21:33","modified_gmt":"2017-06-15T12:21:33","slug":"itf-2-etappe-pirna-duchcov","status":"publish","type":"post","link":"https:\/\/blog.kunstgriff.net\/?p=450","title":{"rendered":"ITF 2. Etappe Pirna -> Duchcov"},"content":{"rendered":"<span class=\"span-reading-time rt-reading-time\" style=\"display: block;\"><span class=\"rt-label rt-prefix\">Lesezeit: <\/span> <span class=\"rt-time\"> 3<\/span> <span class=\"rt-label rt-postfix\">Minuten<\/span><\/span><p><strong>137,12 km \u2022&nbsp;1.992 H\u00f6henmeter<\/strong><\/p>\n<p>Nach einem eher d\u00fcrftigen Fr\u00fchst\u00fccksbuffet in der Jugendherberge wurden die Rucks\u00e4cke gepackt und in den Fiat Ducato verladen. Dann trafen wir auf einem gro\u00dfen Parkplatz unweit der Jugendherberge auf viele weitere direkt angereiste Radfahrer die auch an der Friedensfahrt teilnehmen wollten.<\/p>\n<p>Der Sportreferent der Stadt Pirna war zur Abfahrt auch zugegen und w\u00fcnschte allen Beteiligten eine gute Fahrt und gutes Gelingen. So ging es dann auch p\u00fcnktlich um 8:56 h auf die erste richtige Bergetappe.<\/p>\n<p>Die Strecke f\u00fchrte uns entlang der Elbe durch den Nationalpark der S\u00e4chsischen Schweiz durch herrliche tiefe Tannenw\u00e4lder und sch\u00f6ne lange Abfahrten, welche wir auf der R\u00fcckreise bergauf &#8222;genie\u00dfen&#8220; durften.<\/p>\n<p>Nach etwa der H\u00e4lfte der Tagesstrecke und einer St\u00e4rkung am Buffet ging es dann vor Petrovice \u00fcber die Grenze nach Tschechien.<\/p>\n<p>Die Route f\u00fchrte uns \u00fcber gut asphaltierte Nebenstra\u00dfen hinauf auf einen sehr windigen Bergkamm der uns einige K\u00f6rner kostete. Die st\u00e4ndigen Anstiegen kombiniert mit starkem Gegenwind zerm\u00fcrbten doch sehr. Zu allem \u00dcberfluss waren wir auch zu schnell f\u00fcr die Buffet-Organisatoren und so war dort wo das zweite Buffet sein sollte nichts.<\/p>\n<p>Die Getr\u00e4nkeflaschen waren leer und die meisten K\u00f6rner verbraucht. Keine guten Voraussetzungen um die n\u00e4chsten 50 km zu bew\u00e4ltigen. Das Wetter meinte es jedoch gut mit uns, die Sonne schien und am Ende des Kamms war eine lange Abfahrt ins Tal nach Litvinov welche dank des guten Asphalts mit &#8222;High-speed&#8220; gefahren werden konnte.<\/p>\n<p>Ich merkte leider sehr sp\u00e4t das meine Truppe: Peter, Christoph, Helge und Uwe nicht mehr da waren und ich mit anderen Fahrern das Feld f\u00fchrte. Ich bekam ein schlechtes Gewissen, denn am Ende der Tagesetappe sollten wir, bedingt durch die hohe Teilnehmerzahl, in einem anderen Hotel untergebracht werden als der Gro\u00dfteil der Gruppe.<\/p>\n<p>Ja sogar in einem anderen Ort. In meinen Garmin hatte ich allerdings nur das Gruppenhotel &#8222;Casanova&#8220; programmiert, wo ich die Gruppe auch hinf\u00fchrte. Dort angekommen musste ich feststellen, da\u00df unser Hotel nicht in <a href=\"http:\/\/de.wikipedia.org\/wiki\/Duchcov\">Duchcov<\/a> (&#8222;Duschkopf&#8220;) sondern im rund 10 km entfernten <a href=\"http:\/\/de.wikipedia.org\/wiki\/Teplice\">Teplice<\/a> lag. Ohne Navigation und Adressezettel, welcher sich ausschlie\u00dflich in meiner Trikottasche befand w\u00fcrde es unm\u00f6glich f\u00fcr meine Jungs sein das Hotel dort zu finden.<\/p>\n<p>Ich wartete ca. 10 Minuten in <a href=\"http:\/\/de.wikipedia.org\/wiki\/Duchcov\">Duchcov<\/a> am Hotel entschloss mich dann aber alleine nach <a href=\"http:\/\/de.wikipedia.org\/wiki\/Teplice\">Teplice<\/a> zu fahren. Ersch\u00f6pft durch die vielen H\u00f6henmeter und Kilometer und den garstigen Wind, sehnte ich mich nach einer erfrischenden Dusche und Koffein aus einer prickelnden kalten Flasche Cola-Light, welche noch nicht gekauft war.<\/p>\n<p>So erreichte ich dank meines <a href=\"http:\/\/www.amazon.de\/gp\/product\/B001690VC6\/ref=as_li_ss_tl?ie=UTF8&#038;tag=gaba08-21&#038;linkCode=as2&#038;camp=1638&#038;creative=19454&#038;creativeASIN=B001690VC6\">Garmin Edge 705<\/a><img loading=\"lazy\" decoding=\"async\" src=\"http:\/\/www.assoc-amazon.de\/e\/ir?t=&#038;l=as2&#038;o=3&#038;a=B001690VC6\" width=\"1\" height=\"1\" border=\"0\" alt=\"\" style=\"border:none !important; margin:0px !important;\" \/>die gut versteckte Pension in <a href=\"http:\/\/de.wikipedia.org\/wiki\/Teplice\">Teplice<\/a>. Das Gep\u00e4ck von allen Radlern, welche dort n\u00e4chtigen sollten war schon in Zimmer #1 deponiert. So entschloss ich mich, auch eben dieses zu beziehen.<\/p>\n<p>Nach der wohl verdienten Dusche wollte ich, um mein schlechtes Gewissen etwas zu erleichtern, einen Supermarkt ausfindig machen, um f\u00fcr meine Jungs Wasserflaschen zu kaufen und mir noch das ein oder andere St\u00fcck Kuchen zu g\u00f6nnen. Die Cola-Light und Schokomilch waren nat\u00fcrlich auch noch in meinem Hinterkopf.<\/p>\n<p>So erweckte ich meinen Garmin erneut zum Leben und lie\u00df mir die Lebensmittelm\u00e4rkte in der Umgebung auflisten: 1,9 km Kaufland &amp; 1,7 km InterSpar. Ich entschied mich f\u00fcr den InterSpar. Ausger\u00fcstet mit dem Garmin in der Hand machte ich mich auf den Fussweg zu dem Lebensmittelmarkt. Mich erwartetet ein gigantischer Super-, ja eher Hyper-Markt der ganz gro\u00dfen Sorte. Es gab alles was das Radler-Herz begehrte und so kaufte ich mir alle gew\u00fcnschten Lebensmittel. Bezahlt wurde in Euro, Wechselgeld gab es in Tschechischen Kronen. Sehr sch\u00f6n.<\/p>\n<p>Nun wurden die 9 Liter PET-Wasser-Flaschen zur\u00fcck ins Hotel gebuckelt, wo mich auch schon meine Jungs erwarteten. Sie wurden durch den Veranstalter Peter Scheunemann pers\u00f6nlich mit seinem VW-Golf-Variant von Duchcov nach <a href=\"http:\/\/de.wikipedia.org\/wiki\/Teplice\">Teplice<\/a> zum Hotel geleitet. Also f\u00fcr mich kein Grund ein schlechtes Gewissen zu haben!<\/p>\n<p>Wir machten uns nachdem alle geduscht hatten und das Zeitfahren beim Giro geguckt war, auf die Suche nach einem Restaurant f\u00fcr unser gemeinsames Abendessen. Dieses wurde auch nach wenig Sucherei gefunden und es gab lecker Pivo (<a href=\"http:\/\/de.wikipedia.org\/wiki\/Pilsner_Urquell\">Pilsner Urquell<\/a>) vom Fass und Schnitzen mit Pommes und <a href=\"http:\/\/de.wikipedia.org\/wiki\/Eierkuchen\">Palatschinken<\/a> mit Vanille-Eis zum Nachtisch. Das alles zusammen f\u00fcr unter 10 Euro. Leckeres Urlaubsland.<\/p>\n<p><iframe height='405' width='590' frameborder='0' allowtransparency='true' scrolling='no' src='https:\/\/www.strava.com\/activities\/698664567\/embed\/8ad5bf30b8ba33777bbffeee39a3308498296a10'><\/iframe><\/p>\n","protected":false},"excerpt":{"rendered":"<p>137,12 km \u2022&nbsp;1.992 H\u00f6henmeter Nach einem eher d\u00fcrftigen Fr\u00fchst\u00fccksbuffet in der Jugendherberge wurden die Rucks\u00e4cke gepackt und in den Fiat Ducato verladen. Dann trafen wir auf einem gro\u00dfen Parkplatz unweit der Jugendherberge auf viele weitere direkt angereiste Radfahrer die auch an der Friedensfahrt teilnehmen wollten. Der Sportreferent der Stadt Pirna war zur Abfahrt auch zugegen &hellip; <\/p>\n<p class=\"link-more\"><a href=\"https:\/\/blog.kunstgriff.net\/?p=450\" class=\"more-link\"><span class=\"screen-reader-text\">\u201eITF 2. Etappe Pirna -> Duchcov\u201c <\/span>weiterlesen<\/a><\/p>\n","protected":false},"author":2,"featured_media":0,"comment_status":"open","ping_status":"open","sticky":false,"template":"","format":"standard","meta":{"jetpack_post_was_ever_published":false,"_jetpack_newsletter_access":"","_jetpack_dont_email_post_to_subs":false,"_jetpack_newsletter_tier_id":0,"_jetpack_memberships_contains_paywalled_content":false,"_jetpack_memberships_contains_paid_content":false,"footnotes":""},"categories":[35,14,13,7,36],"tags":[],"class_list":["post-450","post","type-post","status-publish","format-standard","hentry","category-garmin","category-radfahren","category-radreise","category-rennradfahren","category-veranstaltungen"],"jetpack_featured_media_url":"","jetpack_shortlink":"https:\/\/wp.me\/p8Cxe7-7g","jetpack-related-posts":[{"id":394,"url":"https:\/\/blog.kunstgriff.net\/?p=394","url_meta":{"origin":450,"position":0},"title":"ITF 1. Etappe Ludwigsfelde -> Meissen","author":"Georg","date":"Mai 20, 2009","format":false,"excerpt":"162,6 km \u2022\u00a0412 H\u00f6henmeter Christoph und ich trafen uns um 8 Uhr auf dem Bahnhof Gesundbrunnen um mit unseren R\u00e4dern und R\u00fccks\u00e4cken den Regionalexpress nach Ludwigsfelde zu nehmen. Auf dem Bahnhofsvorplatz dort sollte der Start zur Friedensfahrt 2009 stattfinden. Es erwarteten uns schon ca. 20 Rennradfahrer. Die Meisten im etwas\u2026","rel":"","context":"In &quot;Garmin&quot;","block_context":{"text":"Garmin","link":"https:\/\/blog.kunstgriff.net\/?cat=35"},"img":{"alt_text":"","src":"http:\/\/www.assoc-amazon.de\/e\/ir?t=&l=as2&o=3&a=B001690VC6","width":350,"height":200},"classes":[]},{"id":1731,"url":"https:\/\/blog.kunstgriff.net\/?p=1731","url_meta":{"origin":450,"position":1},"title":"S\u00e4chsische Schweiz &#8211; Tag 1 (Freitag)","author":"Georg","date":"Juni 25, 2010","format":false,"excerpt":"146,7 km | 1.699 H\u00f6henmeter Der Tag begann um 4:30 Uhr mit dem klingeln meines Weckers, denn wir waren um 5:50 Uhr verabredet um ins rund 200 km entfernte Pirna aufzubrechen. Dort sollte unser Quartier f\u00fcr das Trainingslager in der S\u00e4chsischen Schweiz sein. Mina, Jasper, Oleg, Zeljo, Jan und ich\u2026","rel":"","context":"In &quot;Radfahren&quot;","block_context":{"text":"Radfahren","link":"https:\/\/blog.kunstgriff.net\/?cat=14"},"img":{"alt_text":"","src":"https:\/\/i0.wp.com\/blog.kunstgriff.net\/wp-content\/uploads\/2010\/06\/DSCF1312.jpg?fit=1000%2C750&ssl=1&resize=350%2C200","width":350,"height":200,"srcset":"https:\/\/i0.wp.com\/blog.kunstgriff.net\/wp-content\/uploads\/2010\/06\/DSCF1312.jpg?fit=1000%2C750&ssl=1&resize=350%2C200 1x, https:\/\/i0.wp.com\/blog.kunstgriff.net\/wp-content\/uploads\/2010\/06\/DSCF1312.jpg?fit=1000%2C750&ssl=1&resize=525%2C300 1.5x, https:\/\/i0.wp.com\/blog.kunstgriff.net\/wp-content\/uploads\/2010\/06\/DSCF1312.jpg?fit=1000%2C750&ssl=1&resize=700%2C400 2x"},"classes":[]},{"id":10245,"url":"https:\/\/blog.kunstgriff.net\/?p=10245","url_meta":{"origin":450,"position":2},"title":"Auf Friedensfahrt\u2013Kurs 2013 2. Tag: Leipzig -> Saalfeld","author":"Georg","date":"Mai 8, 2013","format":false,"excerpt":"154,21 km | 1.467 H\u00f6henmeterHeute ging es vom Freistaat Sachsen nach Th\u00fcringen, genauer von Leipzig nach Saalfeld. Daf\u00fcr trafen wir uns, wie schon vor zwei Jahre, p\u00fcnktlichen um 9 Uhr auf dem Augustusplatz in Leipzig. Nach verladen der vielen Taschen, Koffer und Rucks\u00e4cke in den LKW ging es auch schon\u2026","rel":"","context":"In &quot;Besonderes Ereignis&quot;","block_context":{"text":"Besonderes Ereignis","link":"https:\/\/blog.kunstgriff.net\/?cat=25"},"img":{"alt_text":"","src":"https:\/\/i0.wp.com\/blog.kunstgriff.net\/wp-content\/uploads\/2013\/05\/warten-an-verschlossenen-Schranken.jpg?fit=1000%2C750&ssl=1&resize=350%2C200","width":350,"height":200,"srcset":"https:\/\/i0.wp.com\/blog.kunstgriff.net\/wp-content\/uploads\/2013\/05\/warten-an-verschlossenen-Schranken.jpg?fit=1000%2C750&ssl=1&resize=350%2C200 1x, https:\/\/i0.wp.com\/blog.kunstgriff.net\/wp-content\/uploads\/2013\/05\/warten-an-verschlossenen-Schranken.jpg?fit=1000%2C750&ssl=1&resize=525%2C300 1.5x, https:\/\/i0.wp.com\/blog.kunstgriff.net\/wp-content\/uploads\/2013\/05\/warten-an-verschlossenen-Schranken.jpg?fit=1000%2C750&ssl=1&resize=700%2C400 2x"},"classes":[]},{"id":12797,"url":"https:\/\/blog.kunstgriff.net\/?p=12797","url_meta":{"origin":450,"position":3},"title":"4. Etappe WfF Europa Radtour 2015","author":"Georg","date":"August 25, 2015","format":false,"excerpt":"L\u00f6rrach \u2013\u00a0BernDas Fr\u00fchst\u00fccksb\u00fcffet vers\u00f6hnte heute vor der Abfahrt f\u00fcr das reduzierte Abendessen am Vortag. Dann ging es auch schon wieder um Punkt 9 auf die Piste. Erstmal sch\u00f6n bergab Rollen und durch die Windungen L\u00f6rrachs und \u00fcber kleine Wege zur einzigen Rheinbr\u00fccke weit und breit. Danach dann weiter durch die\u2026","rel":"","context":"In &quot;Besonderes Ereignis&quot;","block_context":{"text":"Besonderes Ereignis","link":"https:\/\/blog.kunstgriff.net\/?cat=25"},"img":{"alt_text":"Die Meute tummelt sich ums Buffet","src":"https:\/\/i0.wp.com\/blog.kunstgriff.net\/wp-content\/uploads\/2015\/08\/Die-Meute-tummelt-sich-ums-Buffet.jpg?fit=1200%2C900&ssl=1&resize=350%2C200","width":350,"height":200,"srcset":"https:\/\/i0.wp.com\/blog.kunstgriff.net\/wp-content\/uploads\/2015\/08\/Die-Meute-tummelt-sich-ums-Buffet.jpg?fit=1200%2C900&ssl=1&resize=350%2C200 1x, https:\/\/i0.wp.com\/blog.kunstgriff.net\/wp-content\/uploads\/2015\/08\/Die-Meute-tummelt-sich-ums-Buffet.jpg?fit=1200%2C900&ssl=1&resize=525%2C300 1.5x, https:\/\/i0.wp.com\/blog.kunstgriff.net\/wp-content\/uploads\/2015\/08\/Die-Meute-tummelt-sich-ums-Buffet.jpg?fit=1200%2C900&ssl=1&resize=700%2C400 2x, https:\/\/i0.wp.com\/blog.kunstgriff.net\/wp-content\/uploads\/2015\/08\/Die-Meute-tummelt-sich-ums-Buffet.jpg?fit=1200%2C900&ssl=1&resize=1050%2C600 3x"},"classes":[]},{"id":7920,"url":"https:\/\/blog.kunstgriff.net\/?p=7920","url_meta":{"origin":450,"position":4},"title":"Auf Friedensfahrt \u2013 Kurs 2012 5. Tag: Mari\u00e1nsk\u00e9 L\u00e1zn\u011b -> Taltitz","author":"Georg","date":"Mai 19, 2012","format":false,"excerpt":"155,18 km | 1.931 H\u00f6henmeter Nach dem tschechischen\u00a0Fr\u00fchst\u00fcck, hoch oben auf dem Berg \u00fcber Marienbad verlie\u00dfen wir den eleganten Ort, ohne vorher noch eine touristische Ortsdurchfahrt zu absolvieren. Leider hatten wir nicht mehr Zeit, uns die vielen sch\u00f6nen alten Geb\u00e4ude anzusehen. Gemeinsam mit meinem Team ging es auf der geplanten\u2026","rel":"","context":"In &quot;Besonderes Ereignis&quot;","block_context":{"text":"Besonderes Ereignis","link":"https:\/\/blog.kunstgriff.net\/?cat=25"},"img":{"alt_text":"","src":"https:\/\/i0.wp.com\/blog.kunstgriff.net\/wp-content\/uploads\/2012\/05\/Meine-Th%C3%BCringer-Bergziegen-und-icke.jpg?resize=350%2C200","width":350,"height":200,"srcset":"https:\/\/i0.wp.com\/blog.kunstgriff.net\/wp-content\/uploads\/2012\/05\/Meine-Th%C3%BCringer-Bergziegen-und-icke.jpg?resize=350%2C200 1x, https:\/\/i0.wp.com\/blog.kunstgriff.net\/wp-content\/uploads\/2012\/05\/Meine-Th%C3%BCringer-Bergziegen-und-icke.jpg?resize=525%2C300 1.5x, https:\/\/i0.wp.com\/blog.kunstgriff.net\/wp-content\/uploads\/2012\/05\/Meine-Th%C3%BCringer-Bergziegen-und-icke.jpg?resize=700%2C400 2x"},"classes":[]},{"id":18260,"url":"https:\/\/blog.kunstgriff.net\/?p=18260","url_meta":{"origin":450,"position":5},"title":"RuB &#8211; Rund um Berlin","author":"Georg","date":"Juli 14, 2018","format":false,"excerpt":"Einmal rum zu viert Die Einen waren heute auf dem langen Weg zum Brocken, die Anderen mit dem Auto an der Ostsee und ich war bis Ende der Woche relativ ideenlos bez\u00fcglich der \u00fcblichen Rennrad-Wochenend-Touren-Planung. Da kam es sehr gelegen, da\u00df am Freitag Nachmittag der Alex vorschlug, mal wieder Rund\u2026","rel":"","context":"In &quot;200er&quot;","block_context":{"text":"200er","link":"https:\/\/blog.kunstgriff.net\/?cat=48"},"img":{"alt_text":"","src":"https:\/\/i0.wp.com\/blog.kunstgriff.net\/wp-content\/uploads\/2018\/07\/Geschafft-einmal-rum.jpg?fit=1200%2C800&ssl=1&resize=350%2C200","width":350,"height":200,"srcset":"https:\/\/i0.wp.com\/blog.kunstgriff.net\/wp-content\/uploads\/2018\/07\/Geschafft-einmal-rum.jpg?fit=1200%2C800&ssl=1&resize=350%2C200 1x, https:\/\/i0.wp.com\/blog.kunstgriff.net\/wp-content\/uploads\/2018\/07\/Geschafft-einmal-rum.jpg?fit=1200%2C800&ssl=1&resize=525%2C300 1.5x, https:\/\/i0.wp.com\/blog.kunstgriff.net\/wp-content\/uploads\/2018\/07\/Geschafft-einmal-rum.jpg?fit=1200%2C800&ssl=1&resize=700%2C400 2x, https:\/\/i0.wp.com\/blog.kunstgriff.net\/wp-content\/uploads\/2018\/07\/Geschafft-einmal-rum.jpg?fit=1200%2C800&ssl=1&resize=1050%2C600 3x"},"classes":[]}],"jetpack_likes_enabled":true,"jetpack_sharing_enabled":true,"_links":{"self":[{"href":"https:\/\/blog.kunstgriff.net\/index.php?rest_route=\/wp\/v2\/posts\/450","targetHints":{"allow":["GET"]}}],"collection":[{"href":"https:\/\/blog.kunstgriff.net\/index.php?rest_route=\/wp\/v2\/posts"}],"about":[{"href":"https:\/\/blog.kunstgriff.net\/index.php?rest_route=\/wp\/v2\/types\/post"}],"author":[{"embeddable":true,"href":"https:\/\/blog.kunstgriff.net\/index.php?rest_route=\/wp\/v2\/users\/2"}],"replies":[{"embeddable":true,"href":"https:\/\/blog.kunstgriff.net\/index.php?rest_route=%2Fwp%2Fv2%2Fcomments&post=450"}],"version-history":[{"count":0,"href":"https:\/\/blog.kunstgriff.net\/index.php?rest_route=\/wp\/v2\/posts\/450\/revisions"}],"wp:attachment":[{"href":"https:\/\/blog.kunstgriff.net\/index.php?rest_route=%2Fwp%2Fv2%2Fmedia&parent=450"}],"wp:term":[{"taxonomy":"category","embeddable":true,"href":"https:\/\/blog.kunstgriff.net\/index.php?rest_route=%2Fwp%2Fv2%2Fcategories&post=450"},{"taxonomy":"post_tag","embeddable":true,"href":"https:\/\/blog.kunstgriff.net\/index.php?rest_route=%2Fwp%2Fv2%2Ftags&post=450"}],"curies":[{"name":"wp","href":"https:\/\/api.w.org\/{rel}","templated":true}]}}