{"id":4567,"date":"2011-05-14T16:40:15","date_gmt":"2011-05-14T14:40:15","guid":{"rendered":"http:\/\/blog.kunstgriff.net\/?p=4567"},"modified":"2016-09-01T13:24:13","modified_gmt":"2016-09-01T11:24:13","slug":"grose-backer-runde-nach-fehrbellin-2","status":"publish","type":"post","link":"https:\/\/blog.kunstgriff.net\/?p=4567","title":{"rendered":"Gro\u00dfe B\u00e4cker-Runde nach Fehrbellin"},"content":{"rendered":"<span class=\"span-reading-time rt-reading-time\" style=\"display: block;\"><span class=\"rt-label rt-prefix\">Lesezeit: <\/span> <span class=\"rt-time\"> 2<\/span> <span class=\"rt-label rt-postfix\">Minuten<\/span><\/span><h4>oder \u00bbHammer Ausfahrt\u00ab<\/h4>\n<hr \/>\n<p>Heute konnte ich eine sehr interessante Erfahrung machen, die mich wahrlich verbl\u00fcfft hat. Daf\u00fcr muss ich ein wenig ausholen. Auf <a href=\"http:\/\/blog.kunstgriff.net\/?p=4455 \" target=\"_blank\">dem Dr. Strunz Seminar<\/a>, welches ich am letzten Wochenende besucht habe,\u00a0wurde uns erkl\u00e4rt das man t\u00e4glich Laufen soll. Am Besten am Morgen und dann n\u00fcchtern. Ganz wichtig, ohne vorher etwas zu essen, weil sonst der K\u00f6rper nur das zugef\u00fcgte Essen (Kohlenhydrate\/Zucker) verbrennt und nicht in den <em>Fettverbrennungs-Modus<\/em> schaltet. Soweit eigentlich einleuchtend.<\/p>\n<p>Nun wollte ich das auch einmal beim Radfahren ausprobieren. Ich wusste, dass das heute keine GA1-Einheit werden w\u00fcrde und wir ordentlich flott unterwegs sein werden. Deshalb habe ich mich auch nicht n\u00fcchtern auf den Weg gemacht, sondern statt Br\u00f6tchen mit Quark und Honig nur einen Eiweiss-Shake und ein Glas <a href=\"http:\/\/de.wikipedia.org\/wiki\/Arginin\" target=\"_blank\">Arginin<\/a> gegessen und getrunken. In den Flaschen hatte ich meine \u00fcbliche Malto-PowerBar-Mischung. Diese wollte ich aber erstmal nicht anfassen, was auch nicht n\u00f6tig war, denn ich hatte vor dem Losfahren ordentlich Wasser (pur) zu mir genommen.<\/p>\n<p>Nach 60 Minuten waren keine Leistungseinbu\u00dfen zu bemerken. Das hatte ich aber auch nicht anders erwartet, denn vom Laufen her wusste ich, das ein 90-min\u00fctiger-Lauf n\u00fcchtern kein Problem f\u00fcr mich ist. Mit <em>Problem<\/em> meine ich Unterzuckerung im Volksmund auch\u00a0<em>Hungerast.<\/em> Also pedallierte ich weiter ohne zu trinken. Als es dann nach rund 100 Minuten Fahrt doch sehr anstrengend wurde nahm ich einen Schluck aus der Flasche.<\/p>\n<p>Was nun passierte verbl\u00fcffte mich: Das Getr\u00e4nk gab mir nun einen richtigen Schub, den ich so nicht kannte, weil ich ja sonst immer schon vom Start weg voll mit Kohlenhydraten bin. Eine extrem interessante Erfahrung.<\/p>\n<p>Beim <a href=\"http:\/\/www.konditorei-schmiedel.de\/cafe.htm\" target=\"_blank\">Caf\u00e9 Schmiedel<\/a> konnte ich dann, wie nicht anders zu erwarten, nicht auf <del datetime=\"2011-05-14T14:03:38+00:00\">ein<\/del> zwei St\u00fcck Kuchen verzichten. Die angebotene Ware wird dort einfach zu lecker pr\u00e4sentiert. Aber auch nach 2 St\u00fcck Kuchen war das K\u00f6rpergef\u00fchl anders als sonst. Ich f\u00fchlte mich nicht total schlapp und hatte keine Lust mehr weiter zu fahren wie \u00fcblich. Nein das Fahren ging sauber weiter und ich merkte einen weiteren Energieschub, welcher nun wohl durch den Kuchen ausgel\u00f6st wurde.<\/p>\n<p>Meine leer getrunkene Flasche f\u00fcllte ich beim <a href=\"http:\/\/www.konditorei-schmiedel.de\/cafe.htm\" target=\"_blank\">Caf\u00e9 Schmiedel<\/a> mit klarem Wasser ohne Iso-Malto-Mix, denn die zweite Flasche war ja noch voll davon. Nun trank ich auf dem anstrengenden Heimweg viel von dem klaren Wasser und nur wenn es wirklich hart wurde und ich gleich mit <em>im Wind fahren<\/em> dran war, nahm ich einen Schluck aus der Iso-Pulle. Und immernoch gab es Energiesch\u00fcbe, die ich sonst nur hatte, wenn ich ein <a href=\"http:\/\/www.powerbar.de\/products\/102\/powerbarsup\/sup-power-gels.aspx\" target=\"_blank\">PowerBar Gel<\/a> verdr\u00fcckt habe.<\/p>\n<p>Ein interessantes Kohlenhydrat-Experiment, welches ich unbedingt zum selber ausprobieren empfehlen kann. Diese neue Erfahrung bereitete mir nat\u00fcrlich viel Freude aber viel sch\u00f6ner war es noch, mit drei <em>Kettenbr\u00fcdern<\/em> durch das sonnig, gr\u00fcne Havelland zu <em>heizen<\/em>. Sebastian, Eric und Tom waren 100%ig motiviert und konditioniert, das ein super Team-Gef\u00fchl bei den vielen Wechseln, gerade auf dem R\u00fcckweg, mit <del datetime=\"2011-05-14T14:23:20+00:00\">elendigem<\/del> Gegenwind aufkam.<\/p>\n<p>In Vehlefanz verabschiedeten wir uns von Eric und Tom und Sebastian zog mich noch bis zum Kreisverkehr kurz vor Hennigsdorf, wo er rechts nach Falkensee abbog und ich weiter Richtung Spandauer Forst fuhr.<\/p>\n<p><em>Fazit: <\/em>Eine klasse flotte Runde mit einem kleinen aber sehr feinen Team. Interessante Erfahrung gesammelt zum Thema Ern\u00e4hrung vor und w\u00e4hrend der Ausfahrt. Ich werde das auf jeden Fall weiter beobachten und verfeinern.<\/p>\n<p><em> Hast Du \u00e4hnliche Erfahrungen im Umgang mit Kohlehydraten gemacht? Ich freue mich schon auf Deinen Kommentar!<\/em><\/p>\n<p><iframe height='405' width='590' frameborder='0' allowtransparency='true' scrolling='no' src='https:\/\/www.strava.com\/activities\/13532765\/embed\/7c432c70870f5a0b3dbd671d72328107f1cb4943'><\/iframe><\/p>\n","protected":false},"excerpt":{"rendered":"<p>oder \u00bbHammer Ausfahrt\u00ab Heute konnte ich eine sehr interessante Erfahrung machen, die mich wahrlich verbl\u00fcfft hat. Daf\u00fcr muss ich ein wenig ausholen. Auf dem Dr. Strunz Seminar, welches ich am letzten Wochenende besucht habe,\u00a0wurde uns erkl\u00e4rt das man t\u00e4glich Laufen soll. Am Besten am Morgen und dann n\u00fcchtern. Ganz wichtig, ohne vorher etwas zu essen, &hellip; <\/p>\n<p class=\"link-more\"><a href=\"https:\/\/blog.kunstgriff.net\/?p=4567\" class=\"more-link\"><span class=\"screen-reader-text\">\u201eGro\u00dfe B\u00e4cker-Runde nach Fehrbellin\u201c <\/span>weiterlesen<\/a><\/p>\n","protected":false},"author":2,"featured_media":0,"comment_status":"open","ping_status":"open","sticky":false,"template":"","format":"standard","meta":{"jetpack_post_was_ever_published":false,"_jetpack_newsletter_access":"","_jetpack_dont_email_post_to_subs":false,"_jetpack_newsletter_tier_id":0,"_jetpack_memberships_contains_paywalled_content":false,"_jetpack_memberships_contains_paid_content":false,"footnotes":""},"categories":[12,14,7],"tags":[],"class_list":["post-4567","post","type-post","status-publish","format-standard","hentry","category-ernahrung","category-radfahren","category-rennradfahren"],"jetpack_featured_media_url":"","jetpack_shortlink":"https:\/\/wp.me\/p8Cxe7-1bF","jetpack-related-posts":[{"id":18052,"url":"https:\/\/blog.kunstgriff.net\/?p=18052","url_meta":{"origin":4567,"position":0},"title":"P\u00e4wesin-Runde #3","author":"Georg","date":"Juni 2, 2018","format":false,"excerpt":"N\u00fcchtern und mit Food-logging Niemand hatte heute die Absicht eine Mauer zu bauen eine Runde zu fahren und so musste ich mich selbst motivieren aufs Rad zu steigen. Das war nicht all zu schwer, denn mein Arbeitgeber hat weltweit eine neue Gesundheits-Herausforderung ausgerufen. Neu-deutsch Lose-It-Challenge. Wie geht das? \u00dcber einen\u2026","rel":"","context":"In &quot;Cake-Ride&quot;","block_context":{"text":"Cake-Ride","link":"https:\/\/blog.kunstgriff.net\/?cat=34"},"img":{"alt_text":"","src":"https:\/\/i0.wp.com\/blog.kunstgriff.net\/wp-content\/uploads\/2018\/06\/bei-Sacrow-herrlich-gr%C3%BCn.jpg?fit=1200%2C800&ssl=1&resize=350%2C200","width":350,"height":200,"srcset":"https:\/\/i0.wp.com\/blog.kunstgriff.net\/wp-content\/uploads\/2018\/06\/bei-Sacrow-herrlich-gr%C3%BCn.jpg?fit=1200%2C800&ssl=1&resize=350%2C200 1x, https:\/\/i0.wp.com\/blog.kunstgriff.net\/wp-content\/uploads\/2018\/06\/bei-Sacrow-herrlich-gr%C3%BCn.jpg?fit=1200%2C800&ssl=1&resize=525%2C300 1.5x, https:\/\/i0.wp.com\/blog.kunstgriff.net\/wp-content\/uploads\/2018\/06\/bei-Sacrow-herrlich-gr%C3%BCn.jpg?fit=1200%2C800&ssl=1&resize=700%2C400 2x, https:\/\/i0.wp.com\/blog.kunstgriff.net\/wp-content\/uploads\/2018\/06\/bei-Sacrow-herrlich-gr%C3%BCn.jpg?fit=1200%2C800&ssl=1&resize=1050%2C600 3x"},"classes":[]},{"id":19328,"url":"https:\/\/blog.kunstgriff.net\/?p=19328","url_meta":{"origin":4567,"position":1},"title":"3-Seen-Runde auf dem Renner","author":"Georg","date":"Mai 1, 2019","format":false,"excerpt":"vom Sacrower See zum Schwielowsee nach Blankensee In Ermangelung geeigneter Tourenangebote der \u00fcblichen Quellen, musste ich mir am heutigen Feiertag selber eine Strecke zusammen klicken. Das geht mit dem Routenplaner von Strava einfach von der Hand. Nicht das ich Angst h\u00e4tte mich zu verfahren, aber ich wollte vorher sehen, wie\u2026","rel":"","context":"In &quot;Cake-Ride&quot;","block_context":{"text":"Cake-Ride","link":"https:\/\/blog.kunstgriff.net\/?cat=34"},"img":{"alt_text":"","src":"https:\/\/i0.wp.com\/blog.kunstgriff.net\/wp-content\/uploads\/2019\/05\/Sacrow-nach-Fahrland.jpg?fit=1200%2C800&ssl=1&resize=350%2C200","width":350,"height":200,"srcset":"https:\/\/i0.wp.com\/blog.kunstgriff.net\/wp-content\/uploads\/2019\/05\/Sacrow-nach-Fahrland.jpg?fit=1200%2C800&ssl=1&resize=350%2C200 1x, https:\/\/i0.wp.com\/blog.kunstgriff.net\/wp-content\/uploads\/2019\/05\/Sacrow-nach-Fahrland.jpg?fit=1200%2C800&ssl=1&resize=525%2C300 1.5x, https:\/\/i0.wp.com\/blog.kunstgriff.net\/wp-content\/uploads\/2019\/05\/Sacrow-nach-Fahrland.jpg?fit=1200%2C800&ssl=1&resize=700%2C400 2x, https:\/\/i0.wp.com\/blog.kunstgriff.net\/wp-content\/uploads\/2019\/05\/Sacrow-nach-Fahrland.jpg?fit=1200%2C800&ssl=1&resize=1050%2C600 3x"},"classes":[]},{"id":20962,"url":"https:\/\/blog.kunstgriff.net\/?p=20962","url_meta":{"origin":4567,"position":2},"title":"Blankensee-Runde #1","author":"Georg","date":"April 12, 2020","format":false,"excerpt":"Ostersonntags-Dreier Heute wurde versucht, halbwegs wieder zur Normalit\u00e4t zur\u00fcck zu kehren. Wir wollten uns auf eine minimalistische Gruppenausfahrt wagen. Nat\u00fcrlich immer mit entsprechendem Sicherheitsabstand. Nur nix verbotenes tun, in dieser angespannten Zeit. Marc traf ich quasi vor meiner Haust\u00fcr, Alex sammelten wir am ICC ein. Raus \u00fcber die Krone, die\u2026","rel":"","context":"In &quot;Cake-Ride&quot;","block_context":{"text":"Cake-Ride","link":"https:\/\/blog.kunstgriff.net\/?cat=34"},"img":{"alt_text":"Nu habe ich sie verloren","src":"https:\/\/i0.wp.com\/blog.kunstgriff.net\/wp-content\/uploads\/2020\/04\/Nu-habe-ich-sie-verloren.jpg?fit=1200%2C800&ssl=1&resize=350%2C200","width":350,"height":200,"srcset":"https:\/\/i0.wp.com\/blog.kunstgriff.net\/wp-content\/uploads\/2020\/04\/Nu-habe-ich-sie-verloren.jpg?fit=1200%2C800&ssl=1&resize=350%2C200 1x, https:\/\/i0.wp.com\/blog.kunstgriff.net\/wp-content\/uploads\/2020\/04\/Nu-habe-ich-sie-verloren.jpg?fit=1200%2C800&ssl=1&resize=525%2C300 1.5x, https:\/\/i0.wp.com\/blog.kunstgriff.net\/wp-content\/uploads\/2020\/04\/Nu-habe-ich-sie-verloren.jpg?fit=1200%2C800&ssl=1&resize=700%2C400 2x, https:\/\/i0.wp.com\/blog.kunstgriff.net\/wp-content\/uploads\/2020\/04\/Nu-habe-ich-sie-verloren.jpg?fit=1200%2C800&ssl=1&resize=1050%2C600 3x"},"classes":[]},{"id":19266,"url":"https:\/\/blog.kunstgriff.net\/?p=19266","url_meta":{"origin":4567,"position":3},"title":"Nach Motzen und Trebbin mit den TiRis","author":"Georg","date":"April 19, 2019","format":false,"excerpt":"Fast kein Kuchen in Brandenburg Heute war mal wieder Tiri angesagt. Mit An- & Abreise satte 174 km. Eigentlich zuviel f\u00fcr den Einstieg ins Osterwochenende. Aber ich wollte mal wieder mit der G\u00e4ng fahren und so musste ich da durch. Die Anfahrt verlief routiniert, au\u00dfer da\u00df ich mich heute mal\u2026","rel":"","context":"In &quot;Cake-Ride&quot;","block_context":{"text":"Cake-Ride","link":"https:\/\/blog.kunstgriff.net\/?cat=34"},"img":{"alt_text":"","src":"https:\/\/i0.wp.com\/blog.kunstgriff.net\/wp-content\/uploads\/2019\/04\/Bl%C3%BChendes-Trebbin.jpg?fit=1200%2C800&ssl=1&resize=350%2C200","width":350,"height":200,"srcset":"https:\/\/i0.wp.com\/blog.kunstgriff.net\/wp-content\/uploads\/2019\/04\/Bl%C3%BChendes-Trebbin.jpg?fit=1200%2C800&ssl=1&resize=350%2C200 1x, https:\/\/i0.wp.com\/blog.kunstgriff.net\/wp-content\/uploads\/2019\/04\/Bl%C3%BChendes-Trebbin.jpg?fit=1200%2C800&ssl=1&resize=525%2C300 1.5x, https:\/\/i0.wp.com\/blog.kunstgriff.net\/wp-content\/uploads\/2019\/04\/Bl%C3%BChendes-Trebbin.jpg?fit=1200%2C800&ssl=1&resize=700%2C400 2x, https:\/\/i0.wp.com\/blog.kunstgriff.net\/wp-content\/uploads\/2019\/04\/Bl%C3%BChendes-Trebbin.jpg?fit=1200%2C800&ssl=1&resize=1050%2C600 3x"},"classes":[]},{"id":8519,"url":"https:\/\/blog.kunstgriff.net\/?p=8519","url_meta":{"origin":4567,"position":4},"title":"Harz-Tour 2012 &#8211; Tag 2","author":"Georg","date":"Juli 14, 2012","format":false,"excerpt":"oder \u00bbHeute mal mein echter Rennrad-Blues\u00abDie ganze Nacht prasselte der Regen auf unsere Fensterbank und auch beim Br\u00f6tchen holen nach dem Aufstehen wurden wir ordentlich eingeregnet. Suboptimale Bedingungen f\u00fcr einen sch\u00f6nen Tag auf unseren Rennern. Uns blieb nicht anderes \u00fcbrig, als ausgiebig zu Fr\u00fchst\u00fccken und auf Regenl\u00f6cher bzw. ein abziehendes\u2026","rel":"","context":"In &quot;Radfahren&quot;","block_context":{"text":"Radfahren","link":"https:\/\/blog.kunstgriff.net\/?cat=14"},"img":{"alt_text":"","src":"https:\/\/i0.wp.com\/blog.kunstgriff.net\/wp-content\/uploads\/2012\/07\/Noch-scheint-die-Sonne-150x150.jpg?resize=350%2C200","width":350,"height":200},"classes":[]},{"id":19811,"url":"https:\/\/blog.kunstgriff.net\/?p=19811","url_meta":{"origin":4567,"position":5},"title":"Tiri-Burg Rabenstein 2019","author":"Georg","date":"Juli 20, 2019","format":false,"excerpt":"harter 200er Schon Mitte der Woche hat mich Alex gebeten doch mal wieder beim Tiri zur Burg Rabenstein mitzufahren. Da ich wusste, da\u00df die Woche anstrengend werden w\u00fcrde und ich 200er eher nicht mehr so lieb habe, sagte ich dann trotzdem zu. Schon eine gef\u00fchlte Ewigkeit war ich da nicht\u2026","rel":"","context":"In &quot;200er&quot;","block_context":{"text":"200er","link":"https:\/\/blog.kunstgriff.net\/?cat=48"},"img":{"alt_text":"hoch zur Burg - Sport frei","src":"https:\/\/i0.wp.com\/blog.kunstgriff.net\/wp-content\/uploads\/2019\/07\/hoch-zur-Burg-Sport-frei.jpg?fit=1200%2C800&ssl=1&resize=350%2C200","width":350,"height":200,"srcset":"https:\/\/i0.wp.com\/blog.kunstgriff.net\/wp-content\/uploads\/2019\/07\/hoch-zur-Burg-Sport-frei.jpg?fit=1200%2C800&ssl=1&resize=350%2C200 1x, https:\/\/i0.wp.com\/blog.kunstgriff.net\/wp-content\/uploads\/2019\/07\/hoch-zur-Burg-Sport-frei.jpg?fit=1200%2C800&ssl=1&resize=525%2C300 1.5x, https:\/\/i0.wp.com\/blog.kunstgriff.net\/wp-content\/uploads\/2019\/07\/hoch-zur-Burg-Sport-frei.jpg?fit=1200%2C800&ssl=1&resize=700%2C400 2x, https:\/\/i0.wp.com\/blog.kunstgriff.net\/wp-content\/uploads\/2019\/07\/hoch-zur-Burg-Sport-frei.jpg?fit=1200%2C800&ssl=1&resize=1050%2C600 3x"},"classes":[]}],"jetpack_likes_enabled":true,"jetpack_sharing_enabled":true,"_links":{"self":[{"href":"https:\/\/blog.kunstgriff.net\/index.php?rest_route=\/wp\/v2\/posts\/4567","targetHints":{"allow":["GET"]}}],"collection":[{"href":"https:\/\/blog.kunstgriff.net\/index.php?rest_route=\/wp\/v2\/posts"}],"about":[{"href":"https:\/\/blog.kunstgriff.net\/index.php?rest_route=\/wp\/v2\/types\/post"}],"author":[{"embeddable":true,"href":"https:\/\/blog.kunstgriff.net\/index.php?rest_route=\/wp\/v2\/users\/2"}],"replies":[{"embeddable":true,"href":"https:\/\/blog.kunstgriff.net\/index.php?rest_route=%2Fwp%2Fv2%2Fcomments&post=4567"}],"version-history":[{"count":0,"href":"https:\/\/blog.kunstgriff.net\/index.php?rest_route=\/wp\/v2\/posts\/4567\/revisions"}],"wp:attachment":[{"href":"https:\/\/blog.kunstgriff.net\/index.php?rest_route=%2Fwp%2Fv2%2Fmedia&parent=4567"}],"wp:term":[{"taxonomy":"category","embeddable":true,"href":"https:\/\/blog.kunstgriff.net\/index.php?rest_route=%2Fwp%2Fv2%2Fcategories&post=4567"},{"taxonomy":"post_tag","embeddable":true,"href":"https:\/\/blog.kunstgriff.net\/index.php?rest_route=%2Fwp%2Fv2%2Ftags&post=4567"}],"curies":[{"name":"wp","href":"https:\/\/api.w.org\/{rel}","templated":true}]}}