{"id":4708,"date":"2011-06-03T20:39:41","date_gmt":"2011-06-03T18:39:41","guid":{"rendered":"http:\/\/blog.kunstgriff.net\/?p=4708"},"modified":"2016-09-01T13:04:23","modified_gmt":"2016-09-01T11:04:23","slug":"auf-friedensfahrt-%e2%80%93-kurs-2011-3-tag-altenberg-melnik","status":"publish","type":"post","link":"https:\/\/blog.kunstgriff.net\/?p=4708","title":{"rendered":"Auf Friedensfahrt \u2013 Kurs 2011 3. Tag Altenberg -> M\u011bln\u00edk"},"content":{"rendered":"<span class=\"span-reading-time rt-reading-time\" style=\"display: block;\"><span class=\"rt-label rt-prefix\">Lesezeit: <\/span> <span class=\"rt-time\"> 2<\/span> <span class=\"rt-label rt-postfix\">Minuten<\/span><\/span><h4>149,95 km | 1.424 H\u00f6henmeter\u00a0| 12,6 % maximale Steigung<\/h4>\n<hr \/>\n<p>P\u00fcnktlich um 8:30 Uhr verliessen wir die <a href=\"http:\/\/www.jugendherberge-altenberg.de\/\" target=\"_blank\">Jugendherberge in Altenberg<\/a> in Richtung Zinnwald. Nach der steilen Abfahrt ging es gleich mit einigen Prozenten in den Berg und das erste Anschwitzen im grossen Feld war f\u00e4llig, bevor es eine herrlich lange Abfahrt hinunter nach Ml\u00fdny ging.<\/p>\n<p>Jetzt war es an der Zeit uns vom grossen Feld abzusetzen und uns in einer kleinen Gruppe alleine auf den Weg zum ersten Buffet zu machen. Leider verloren wir Alexander und so waren die Berliner nicht mehr vollz\u00e4hlig unterwegs. Das Buffet war heute auf einem Schlosshof versteckt, welches wir leider nicht mitnahmen, obwohl wir der original Strecke folgten.<\/p>\n<p>Wir merkten leider erst 10 km zu sp\u00e4t das wir die <em><a href=\"http:\/\/www.google.de\/search?source=ig&amp;hl=de&amp;rlz=&amp;q=Banane&amp;btnG=Google-Suche\" target=\"_blank\">Ban\u00e4nschen<\/a><\/em> und geschmierten Stullen verpasst hatten. Nun waren die Flaschen und Energiespeicher an diesem heissen Tag leer. Die Stimmung in der Gruppe war sehr ged\u00e4mpft.<\/p>\n<p>Wir entschlossen uns trotzdem weiter zu fahren. Was sollten wir auch anderes tun? Auf dem Weg nach M\u011bln\u00edk\u00a0wollten wir noch einen Abstecher auf heiligen Berg der Tschechen, den <a href=\"http:\/\/de.wikipedia.org\/wiki\/\u0158%C3%ADp\" target=\"_blank\">\u0158\u00edp<\/a> machen. Auf halbe Weg dort hoch war allerdings die asphaltierte Strasse zu Ende und wir <del datetime=\"2011-06-07T14:32:05+00:00\">konnten<\/del> wollten nicht weiter zum Gipfel hoch fahren. Auf Schotterpiste hatten wir keine Lust &#8211; <em>schade, <\/em>denn ich h\u00e4tte gerne den Ausblick von dort oben genossen.<\/p>\n<p>Nach weiteren 10 km erreichten wir <a href=\"http:\/\/de.wikipedia.org\/wiki\/\u0160t\u011bt%C3%AD\" target=\"_blank\">\u0160t\u011bt\u00ed<\/a> an der Elbe. Dort wurde der <a style=\"border: none;\" href=\"&lt;a href=&quot;http:\/\/www.amazon.de\/gp\/product\/B00424LN5G\/ref=as_li_ss_tl?ie=UTF8&amp;tag=gaba08-21&amp;linkCode=as2&amp;camp=1638&amp;creative=19454&amp;creativeASIN=B00424LN5G&quot;&gt;Garmin Edge 800&lt;\/a&gt;&lt;img src=\" target=\"_blank\">Garmin Edge 800<\/a> kurzfristig umprogrammiert und auf eine <a href=\"http:\/\/de.wikipedia.org\/wiki\/Tesco\" target=\"_blank\">Tesco<\/a>-Supermarkt eingestellt, den wir auch nach rund 500 Metern in Richtung Stadtkern erreichten. Dort gab es frisches Wasser, Quark und diverse tschechische Backwaren. <em>Lecker!<\/em><\/p>\n<p>Gest\u00e4rkt tauchten wir in den letzen 50 km langen Sektor des <em>b\u00f6mischen Paradieses<\/em>. Der Asphalt konnte damit nicht gemeint sein, den der war <em>unter aller Kanone.<\/em> Die herrliche Landschaft lie\u00df uns diesen vergessen und die Kilometer schwanden dahin. Am letzten Imbiss fuhr Alexander wieder auf uns auf, der die ganze Strecke davor alleine <em>gewuppt<\/em> hatte &#8211; <em>Respekt!<\/em><\/p>\n<p style=\"text-align: center;\"><em><a href=\"https:\/\/i0.wp.com\/blog.kunstgriff.net\/wp-content\/uploads\/2011\/06\/Burg.jpg\"><img data-recalc-dims=\"1\" loading=\"lazy\" decoding=\"async\" data-attachment-id=\"4767\" data-permalink=\"https:\/\/blog.kunstgriff.net\/?attachment_id=4767\" data-orig-file=\"https:\/\/i0.wp.com\/blog.kunstgriff.net\/wp-content\/uploads\/2011\/06\/Burg.jpg?fit=720%2C155&amp;ssl=1\" data-orig-size=\"720,155\" data-comments-opened=\"1\" data-image-meta=\"{&quot;aperture&quot;:&quot;0&quot;,&quot;credit&quot;:&quot;&quot;,&quot;camera&quot;:&quot;&quot;,&quot;caption&quot;:&quot;&quot;,&quot;created_timestamp&quot;:&quot;0&quot;,&quot;copyright&quot;:&quot;&quot;,&quot;focal_length&quot;:&quot;0&quot;,&quot;iso&quot;:&quot;0&quot;,&quot;shutter_speed&quot;:&quot;0&quot;,&quot;title&quot;:&quot;&quot;}\" data-image-title=\"Burg\" data-image-description=\"\" data-image-caption=\"\" data-large-file=\"https:\/\/i0.wp.com\/blog.kunstgriff.net\/wp-content\/uploads\/2011\/06\/Burg.jpg?fit=720%2C155&amp;ssl=1\" class=\"aligncenter wp-image-4767 size-full\" title=\"Burg\" src=\"https:\/\/i0.wp.com\/blog.kunstgriff.net\/wp-content\/uploads\/2011\/06\/Burg.jpg?resize=525%2C113\" width=\"525\" height=\"113\" srcset=\"https:\/\/i0.wp.com\/blog.kunstgriff.net\/wp-content\/uploads\/2011\/06\/Burg.jpg?w=720&amp;ssl=1 720w, https:\/\/i0.wp.com\/blog.kunstgriff.net\/wp-content\/uploads\/2011\/06\/Burg.jpg?resize=300%2C64&amp;ssl=1 300w\" sizes=\"auto, (max-width: 525px) 100vw, 525px\" \/><\/a><\/em><\/p>\n<p>Bevor wir M\u011bln\u00edk\u00a0erreichten war noch eine Bergwertung zur <a href=\"http:\/\/www.hrad-kokorin.cz\/deutsch\/home.html\" target=\"_blank\">Burg Koko\u0159\u00edn<\/a> zu bew\u00e4ltigen, dann ging es mit 40+ km\/h zum Ortsschild von M\u011bln\u00edk, welches Christoph knapp f\u00fcr sich entscheiden konnte.\u00a0Mit reduzierter Geschwindigkeit rollten wir zu unserem sch\u00f6nen Hotel, wo erst einmal ein grosses <a href=\"http:\/\/de.wikipedia.org\/wiki\/Gambrinus_(Pilsen)\" target=\"_blank\">Gambrinus<\/a> f\u00e4llig war.<\/p>\n<p><em>Fazit:<\/em> nach der harten gestrigen Etappe ein sch\u00f6nes Kontrastprogramm mit <del datetime=\"2011-06-07T14:11:16+00:00\">gef\u00fchlt<\/del> mehr Abfahrten als Anstiegen. <em>Mal schaun, was da morgen so auf uns wartet!<\/em><\/p>\n<p style=\"text-align: center;\"><em><a href=\"https:\/\/i0.wp.com\/blog.kunstgriff.net\/wp-content\/uploads\/2011\/06\/IMG_2183.jpg\"><img data-recalc-dims=\"1\" loading=\"lazy\" decoding=\"async\" data-attachment-id=\"4769\" data-permalink=\"https:\/\/blog.kunstgriff.net\/?attachment_id=4769\" data-orig-file=\"https:\/\/i0.wp.com\/blog.kunstgriff.net\/wp-content\/uploads\/2011\/06\/IMG_2183.jpg?fit=800%2C600&amp;ssl=1\" data-orig-size=\"800,600\" data-comments-opened=\"1\" data-image-meta=\"{&quot;aperture&quot;:&quot;2.8&quot;,&quot;credit&quot;:&quot;&quot;,&quot;camera&quot;:&quot;Canon DIGITAL IXUS 870 IS&quot;,&quot;caption&quot;:&quot;&quot;,&quot;created_timestamp&quot;:&quot;1307121261&quot;,&quot;copyright&quot;:&quot;&quot;,&quot;focal_length&quot;:&quot;5&quot;,&quot;iso&quot;:&quot;320&quot;,&quot;shutter_speed&quot;:&quot;0.002&quot;,&quot;title&quot;:&quot;&quot;}\" data-image-title=\"IMG_2183\" data-image-description=\"\" data-image-caption=\"\" data-large-file=\"https:\/\/i0.wp.com\/blog.kunstgriff.net\/wp-content\/uploads\/2011\/06\/IMG_2183.jpg?fit=800%2C600&amp;ssl=1\" class=\"aligncenter wp-image-4769 size-full\" title=\"IMG_2183\" src=\"https:\/\/i0.wp.com\/blog.kunstgriff.net\/wp-content\/uploads\/2011\/06\/IMG_2183.jpg?resize=525%2C394\" width=\"525\" height=\"394\" srcset=\"https:\/\/i0.wp.com\/blog.kunstgriff.net\/wp-content\/uploads\/2011\/06\/IMG_2183.jpg?w=800&amp;ssl=1 800w, https:\/\/i0.wp.com\/blog.kunstgriff.net\/wp-content\/uploads\/2011\/06\/IMG_2183.jpg?resize=300%2C225&amp;ssl=1 300w\" sizes=\"auto, (max-width: 767px) 89vw, (max-width: 1000px) 54vw, (max-width: 1071px) 543px, 580px\" \/><\/a><br \/>\n<\/em><\/p>\n<p><iframe loading=\"lazy\" src=\"https:\/\/www.strava.com\/activities\/13532827\/embed\/398d6bc4f681f40f4eb06a618cd33b0e2cfeb559\" width=\"590\" height=\"405\" frameborder=\"0\" scrolling=\"no\"><\/iframe><\/p>\n","protected":false},"excerpt":{"rendered":"<p>149,95 km | 1.424 H\u00f6henmeter\u00a0| 12,6 % maximale Steigung P\u00fcnktlich um 8:30 Uhr verliessen wir die Jugendherberge in Altenberg in Richtung Zinnwald. Nach der steilen Abfahrt ging es gleich mit einigen Prozenten in den Berg und das erste Anschwitzen im grossen Feld war f\u00e4llig, bevor es eine herrlich lange Abfahrt hinunter nach Ml\u00fdny ging. Jetzt &hellip; <\/p>\n<p class=\"link-more\"><a href=\"https:\/\/blog.kunstgriff.net\/?p=4708\" class=\"more-link\"><span class=\"screen-reader-text\">\u201eAuf Friedensfahrt \u2013 Kurs 2011 3. Tag Altenberg -> M\u011bln\u00edk\u201c <\/span>weiterlesen<\/a><\/p>\n","protected":false},"author":2,"featured_media":0,"comment_status":"open","ping_status":"open","sticky":false,"template":"","format":"standard","meta":{"jetpack_post_was_ever_published":false,"_jetpack_newsletter_access":"","_jetpack_dont_email_post_to_subs":false,"_jetpack_newsletter_tier_id":0,"_jetpack_memberships_contains_paywalled_content":false,"_jetpack_memberships_contains_paid_content":false,"footnotes":""},"categories":[25,14,13,7,36],"tags":[],"class_list":["post-4708","post","type-post","status-publish","format-standard","hentry","category-besonderes-ereignis","category-radfahren","category-radreise","category-rennradfahren","category-veranstaltungen"],"jetpack_featured_media_url":"","jetpack_shortlink":"https:\/\/wp.me\/p8Cxe7-1dW","jetpack-related-posts":[{"id":4699,"url":"https:\/\/blog.kunstgriff.net\/?p=4699","url_meta":{"origin":4708,"position":0},"title":"Auf Friedensfahrt\u2013Kurs 2011 1. Tag Prolog von Ludwigsfelde -> Leipzig","author":"Georg","date":"Juni 1, 2011","format":false,"excerpt":"150,42 km | 303 H\u00f6henmeter Treffpunkt war Dienstag um 9:15 am Bahnhof S\u00fcdkreuz um gemeinsam mit dem Regionalexpress zum Startpunkt des Prologs zur ITF 2011 in Ludwigsfelde zu fahren. Als wir dort um 9:30 Uhr eintrafen waren der B\u00fcrgermeister von Ludwigsfelde, Peter Scheunemann, etliche Radfahrer und viele dunkle Wolken schon\u2026","rel":"","context":"In &quot;Besonderes Ereignis&quot;","block_context":{"text":"Besonderes Ereignis","link":"https:\/\/blog.kunstgriff.net\/?cat=25"},"img":{"alt_text":"","src":"https:\/\/i0.wp.com\/blog.kunstgriff.net\/wp-content\/uploads\/2011\/06\/IMG_2165-300x225.jpg?resize=350%2C200","width":350,"height":200},"classes":[]},{"id":10251,"url":"https:\/\/blog.kunstgriff.net\/?p=10251","url_meta":{"origin":4708,"position":1},"title":"Auf Friedensfahrt\u2013Kurs 2013 5. Tag: Domazlice -> Cheb","author":"Georg","date":"Mai 11, 2013","format":false,"excerpt":"166,35 km | 1.974 H\u00f6henmeterDie Nacht war unbequem in dem schmalen Bett zu zweit und das Fr\u00fchst\u00fcck leider auch nicht besser im Tiffanys. Einzig die hilfsbereiten Eigent\u00fcmer und das kostenlose WLAN konnten \u00fcberzeugen. Egal, wir waren zum Radfahren hier, also schnell in die noch nicht ganz trockenen Radklamotten, Gep\u00e4ck verladen\u2026","rel":"","context":"In &quot;Besonderes Ereignis&quot;","block_context":{"text":"Besonderes Ereignis","link":"https:\/\/blog.kunstgriff.net\/?cat=25"},"img":{"alt_text":"","src":"https:\/\/i0.wp.com\/blog.kunstgriff.net\/wp-content\/uploads\/2013\/05\/M%C3%A4nner-im-Wald-warten-auf-den-Ende-des-Regens.jpg?fit=1200%2C900&ssl=1&resize=350%2C200","width":350,"height":200,"srcset":"https:\/\/i0.wp.com\/blog.kunstgriff.net\/wp-content\/uploads\/2013\/05\/M%C3%A4nner-im-Wald-warten-auf-den-Ende-des-Regens.jpg?fit=1200%2C900&ssl=1&resize=350%2C200 1x, https:\/\/i0.wp.com\/blog.kunstgriff.net\/wp-content\/uploads\/2013\/05\/M%C3%A4nner-im-Wald-warten-auf-den-Ende-des-Regens.jpg?fit=1200%2C900&ssl=1&resize=525%2C300 1.5x, https:\/\/i0.wp.com\/blog.kunstgriff.net\/wp-content\/uploads\/2013\/05\/M%C3%A4nner-im-Wald-warten-auf-den-Ende-des-Regens.jpg?fit=1200%2C900&ssl=1&resize=700%2C400 2x, https:\/\/i0.wp.com\/blog.kunstgriff.net\/wp-content\/uploads\/2013\/05\/M%C3%A4nner-im-Wald-warten-auf-den-Ende-des-Regens.jpg?fit=1200%2C900&ssl=1&resize=1050%2C600 3x"},"classes":[]},{"id":10245,"url":"https:\/\/blog.kunstgriff.net\/?p=10245","url_meta":{"origin":4708,"position":2},"title":"Auf Friedensfahrt\u2013Kurs 2013 2. Tag: Leipzig -> Saalfeld","author":"Georg","date":"Mai 8, 2013","format":false,"excerpt":"154,21 km | 1.467 H\u00f6henmeterHeute ging es vom Freistaat Sachsen nach Th\u00fcringen, genauer von Leipzig nach Saalfeld. Daf\u00fcr trafen wir uns, wie schon vor zwei Jahre, p\u00fcnktlichen um 9 Uhr auf dem Augustusplatz in Leipzig. Nach verladen der vielen Taschen, Koffer und Rucks\u00e4cke in den LKW ging es auch schon\u2026","rel":"","context":"In &quot;Besonderes Ereignis&quot;","block_context":{"text":"Besonderes Ereignis","link":"https:\/\/blog.kunstgriff.net\/?cat=25"},"img":{"alt_text":"","src":"https:\/\/i0.wp.com\/blog.kunstgriff.net\/wp-content\/uploads\/2013\/05\/warten-an-verschlossenen-Schranken.jpg?fit=1000%2C750&ssl=1&resize=350%2C200","width":350,"height":200,"srcset":"https:\/\/i0.wp.com\/blog.kunstgriff.net\/wp-content\/uploads\/2013\/05\/warten-an-verschlossenen-Schranken.jpg?fit=1000%2C750&ssl=1&resize=350%2C200 1x, https:\/\/i0.wp.com\/blog.kunstgriff.net\/wp-content\/uploads\/2013\/05\/warten-an-verschlossenen-Schranken.jpg?fit=1000%2C750&ssl=1&resize=525%2C300 1.5x, https:\/\/i0.wp.com\/blog.kunstgriff.net\/wp-content\/uploads\/2013\/05\/warten-an-verschlossenen-Schranken.jpg?fit=1000%2C750&ssl=1&resize=700%2C400 2x"},"classes":[]},{"id":4933,"url":"https:\/\/blog.kunstgriff.net\/?p=4933","url_meta":{"origin":4708,"position":3},"title":"V\u00e4tternrundan 2011","author":"Georg","date":"Juni 18, 2011","format":false,"excerpt":"oder \u00bbEine Strecke nach meinem Geschmack\u00ab Um 3:10 Uhr klingelte der Wecker, den ich zum Gl\u00fcck nicht h\u00f6rte, weil ich mit Ohrst\u00f6psel schlief. Mein Kettenbruder Christoph h\u00f6rt ihn aber, weckte mich, schl\u00fcpfte in seine Radklamotten und machte Fr\u00fchst\u00fcck, bevor ich mir das Gesicht gewaschen hatte. Super! Nach Pulverkaffee, Br\u00f6tchen mit\u2026","rel":"","context":"In &quot;Besonderes Ereignis&quot;","block_context":{"text":"Besonderes Ereignis","link":"https:\/\/blog.kunstgriff.net\/?cat=25"},"img":{"alt_text":"","src":"https:\/\/i0.wp.com\/blog.kunstgriff.net\/wp-content\/uploads\/2011\/06\/Vrlogo.gif?resize=350%2C200","width":350,"height":200},"classes":[]},{"id":4247,"url":"https:\/\/blog.kunstgriff.net\/?p=4247","url_meta":{"origin":4708,"position":4},"title":"Mallorca Trainingscamp &#8211; Tag 9 &#8211; Lluc und Sa Calobra","author":"Georg","date":"April 14, 2011","format":false,"excerpt":"oder \u00bbSchlechte Beine & viele H\u00f6henmeter\u00ab Der Ruhetag gestern war zwar hilfreich, aber nicht ausreichend um vollst\u00e4ndig zu regenerieren. Das merkte ich schon auf den ersten Kilometern durch das Peter Maffay Tal. Richtig Druck auf den Pedalen war nicht drin und der Spass fehlte fast komplett am Rad fahren. Karsten\u2026","rel":"","context":"In &quot;Radfahren&quot;","block_context":{"text":"Radfahren","link":"https:\/\/blog.kunstgriff.net\/?cat=14"},"img":{"alt_text":"","src":"https:\/\/i0.wp.com\/blog.kunstgriff.net\/wp-content\/uploads\/2011\/04\/IMG_2046.jpg?resize=350%2C200","width":350,"height":200,"srcset":"https:\/\/i0.wp.com\/blog.kunstgriff.net\/wp-content\/uploads\/2011\/04\/IMG_2046.jpg?resize=350%2C200 1x, https:\/\/i0.wp.com\/blog.kunstgriff.net\/wp-content\/uploads\/2011\/04\/IMG_2046.jpg?resize=525%2C300 1.5x, https:\/\/i0.wp.com\/blog.kunstgriff.net\/wp-content\/uploads\/2011\/04\/IMG_2046.jpg?resize=700%2C400 2x"},"classes":[]},{"id":450,"url":"https:\/\/blog.kunstgriff.net\/?p=450","url_meta":{"origin":4708,"position":5},"title":"ITF 2. Etappe Pirna -> Duchcov","author":"Georg","date":"Mai 21, 2009","format":false,"excerpt":"137,12 km \u2022\u00a01.992 H\u00f6henmeter Nach einem eher d\u00fcrftigen Fr\u00fchst\u00fccksbuffet in der Jugendherberge wurden die Rucks\u00e4cke gepackt und in den Fiat Ducato verladen. Dann trafen wir auf einem gro\u00dfen Parkplatz unweit der Jugendherberge auf viele weitere direkt angereiste Radfahrer die auch an der Friedensfahrt teilnehmen wollten. Der Sportreferent der Stadt Pirna\u2026","rel":"","context":"In &quot;Garmin&quot;","block_context":{"text":"Garmin","link":"https:\/\/blog.kunstgriff.net\/?cat=35"},"img":{"alt_text":"","src":"http:\/\/www.assoc-amazon.de\/e\/ir?t=&l=as2&o=3&a=B001690VC6","width":350,"height":200},"classes":[]}],"jetpack_likes_enabled":true,"jetpack_sharing_enabled":true,"_links":{"self":[{"href":"https:\/\/blog.kunstgriff.net\/index.php?rest_route=\/wp\/v2\/posts\/4708","targetHints":{"allow":["GET"]}}],"collection":[{"href":"https:\/\/blog.kunstgriff.net\/index.php?rest_route=\/wp\/v2\/posts"}],"about":[{"href":"https:\/\/blog.kunstgriff.net\/index.php?rest_route=\/wp\/v2\/types\/post"}],"author":[{"embeddable":true,"href":"https:\/\/blog.kunstgriff.net\/index.php?rest_route=\/wp\/v2\/users\/2"}],"replies":[{"embeddable":true,"href":"https:\/\/blog.kunstgriff.net\/index.php?rest_route=%2Fwp%2Fv2%2Fcomments&post=4708"}],"version-history":[{"count":0,"href":"https:\/\/blog.kunstgriff.net\/index.php?rest_route=\/wp\/v2\/posts\/4708\/revisions"}],"wp:attachment":[{"href":"https:\/\/blog.kunstgriff.net\/index.php?rest_route=%2Fwp%2Fv2%2Fmedia&parent=4708"}],"wp:term":[{"taxonomy":"category","embeddable":true,"href":"https:\/\/blog.kunstgriff.net\/index.php?rest_route=%2Fwp%2Fv2%2Fcategories&post=4708"},{"taxonomy":"post_tag","embeddable":true,"href":"https:\/\/blog.kunstgriff.net\/index.php?rest_route=%2Fwp%2Fv2%2Ftags&post=4708"}],"curies":[{"name":"wp","href":"https:\/\/api.w.org\/{rel}","templated":true}]}}