{"id":4711,"date":"2011-06-04T21:15:59","date_gmt":"2011-06-04T19:15:59","guid":{"rendered":"http:\/\/blog.kunstgriff.net\/?p=4711"},"modified":"2016-09-01T13:02:14","modified_gmt":"2016-09-01T11:02:14","slug":"auf-friedensfahrt-%e2%80%93-kurs-2011-4-tag-melnik-horni-bradlo","status":"publish","type":"post","link":"https:\/\/blog.kunstgriff.net\/?p=4711","title":{"rendered":"Auf Friedensfahrt \u2013 Kurs 2011 4. Tag M\u011bln\u00edk -> Horn\u00ed Bradlo"},"content":{"rendered":"<span class=\"span-reading-time rt-reading-time\" style=\"display: block;\"><span class=\"rt-label rt-prefix\">Lesezeit: <\/span> <span class=\"rt-time\"> 4<\/span> <span class=\"rt-label rt-postfix\">Minuten<\/span><\/span><h4>160,65 km | 1.573 H\u00f6henmeter\u00a0| 11,4 % maximale Steigung<\/h4>\n<hr \/>\n<p>Nach dem tschechischen Fr\u00fchst\u00fcck in unserem sch\u00f6nen Hotel in M\u011bln\u00edk\u00a0ging es um 8:30 Uhr nach kurzer Streckeneinweisung von Peter Scheunemann raus auf der breiten Ausfallstrasse in Richtung Prag.<\/p>\n<p><a href=\"https:\/\/i0.wp.com\/blog.kunstgriff.net\/wp-content\/uploads\/2011\/06\/IMG_2185.jpg\"><img data-recalc-dims=\"1\" loading=\"lazy\" decoding=\"async\" data-attachment-id=\"4780\" data-permalink=\"https:\/\/blog.kunstgriff.net\/?attachment_id=4780\" data-orig-file=\"https:\/\/i0.wp.com\/blog.kunstgriff.net\/wp-content\/uploads\/2011\/06\/IMG_2185.jpg?fit=600%2C450&amp;ssl=1\" data-orig-size=\"600,450\" data-comments-opened=\"1\" data-image-meta=\"{&quot;aperture&quot;:&quot;2.8&quot;,&quot;credit&quot;:&quot;&quot;,&quot;camera&quot;:&quot;Canon DIGITAL IXUS 870 IS&quot;,&quot;caption&quot;:&quot;&quot;,&quot;created_timestamp&quot;:&quot;1307166404&quot;,&quot;copyright&quot;:&quot;&quot;,&quot;focal_length&quot;:&quot;5&quot;,&quot;iso&quot;:&quot;80&quot;,&quot;shutter_speed&quot;:&quot;0.0008&quot;,&quot;title&quot;:&quot;&quot;}\" data-image-title=\"IMG_2185\" data-image-description=\"\" data-image-caption=\"\" data-large-file=\"https:\/\/i0.wp.com\/blog.kunstgriff.net\/wp-content\/uploads\/2011\/06\/IMG_2185.jpg?fit=600%2C450&amp;ssl=1\" class=\"alignleft wp-image-4780 size-medium\" style=\"margin: 5px;\" title=\"IMG_2185\" src=\"https:\/\/i0.wp.com\/blog.kunstgriff.net\/wp-content\/uploads\/2011\/06\/IMG_2185-300x225.jpg?resize=300%2C225\" width=\"300\" height=\"225\" srcset=\"https:\/\/i0.wp.com\/blog.kunstgriff.net\/wp-content\/uploads\/2011\/06\/IMG_2185.jpg?resize=300%2C225&amp;ssl=1 300w, https:\/\/i0.wp.com\/blog.kunstgriff.net\/wp-content\/uploads\/2011\/06\/IMG_2185.jpg?w=600&amp;ssl=1 600w\" sizes=\"auto, (max-width: 300px) 100vw, 300px\" \/><\/a>Nach wenigen Kilometern hatten wir Streckenteilung und die Mehrzahl der Teilnehmer fuhr <del datetime=\"2011-06-07T18:57:18+00:00\">leider<\/del> die kurze Strecke. 25 Radler wollten aber die <em>Geniesser-Runde<\/em> \u00fcber Prag wagen. Alexander und ich wurden auserkoren die Gruppe durch den <em>Grossstadt-Jungle<\/em> zur <a href=\"http:\/\/de.wikipedia.org\/wiki\/Karlsbr\u00fccke\" target=\"_blank\">Karlsbr\u00fccke<\/a> zu f\u00fchren, da wir die Strecke in unseren <a href=\"http:\/\/www.amazon.de\/gp\/product\/B00424LN5G\/ref=as_li_ss_tl?ie=UTF8&amp;tag=gaba08-21&amp;linkCode=as2&amp;camp=1638&amp;creative=19454&amp;creativeASIN=B00424LN5G\">Garmin Edge 800<\/a><img loading=\"lazy\" decoding=\"async\" style=\"border: none !important; margin: 0px !important;\" src=\"http:\/\/www.assoc-amazon.de\/e\/ir?t=&amp;l=as2&amp;o=3&amp;a=B00424LN5G\" alt=\"\" width=\"1\" height=\"1\" border=\"0\" \/><br \/>\ngespeichert hatten und ge\u00fcbt in der Navigation und Gruppenf\u00fchrung sind.<\/p>\n<p><a href=\"https:\/\/i0.wp.com\/blog.kunstgriff.net\/wp-content\/uploads\/2011\/06\/IMG_2195.jpg\"><img data-recalc-dims=\"1\" loading=\"lazy\" decoding=\"async\" data-attachment-id=\"4782\" data-permalink=\"https:\/\/blog.kunstgriff.net\/?attachment_id=4782\" data-orig-file=\"https:\/\/i0.wp.com\/blog.kunstgriff.net\/wp-content\/uploads\/2011\/06\/IMG_2195.jpg?fit=600%2C450&amp;ssl=1\" data-orig-size=\"600,450\" data-comments-opened=\"1\" data-image-meta=\"{&quot;aperture&quot;:&quot;2.8&quot;,&quot;credit&quot;:&quot;&quot;,&quot;camera&quot;:&quot;Canon DIGITAL IXUS 870 IS&quot;,&quot;caption&quot;:&quot;&quot;,&quot;created_timestamp&quot;:&quot;1307171595&quot;,&quot;copyright&quot;:&quot;&quot;,&quot;focal_length&quot;:&quot;5&quot;,&quot;iso&quot;:&quot;80&quot;,&quot;shutter_speed&quot;:&quot;0.001&quot;,&quot;title&quot;:&quot;&quot;}\" data-image-title=\"IMG_2195\" data-image-description=\"\" data-image-caption=\"\" data-large-file=\"https:\/\/i0.wp.com\/blog.kunstgriff.net\/wp-content\/uploads\/2011\/06\/IMG_2195.jpg?fit=600%2C450&amp;ssl=1\" class=\"alignright wp-image-4782 size-medium\" style=\"margin: 5px;\" title=\"IMG_2195\" src=\"https:\/\/i0.wp.com\/blog.kunstgriff.net\/wp-content\/uploads\/2011\/06\/IMG_2195-300x225.jpg?resize=300%2C225\" width=\"300\" height=\"225\" srcset=\"https:\/\/i0.wp.com\/blog.kunstgriff.net\/wp-content\/uploads\/2011\/06\/IMG_2195.jpg?resize=300%2C225&amp;ssl=1 300w, https:\/\/i0.wp.com\/blog.kunstgriff.net\/wp-content\/uploads\/2011\/06\/IMG_2195.jpg?w=600&amp;ssl=1 600w\" sizes=\"auto, (max-width: 300px) 100vw, 300px\" \/><\/a>Auf der <a href=\"http:\/\/de.wikipedia.org\/wiki\/Karlsbr\u00fccke\" target=\"_blank\">Karlsbr\u00fccke<\/a> mussten wir unsere R\u00e4der schieben, da einfach zu viele Fu\u00dfg\u00e4nger die Br\u00fccke \u00fcberquerten.\u00a0Es bot sich ein herrliches Bild der Prager Altstadt und der <del datetime=\"2011-06-07T20:31:50+00:00\">Don<\/del>Moldau. Eine sehr sehr sch\u00f6ne Stadt, welche ich wohl nicht zum Ersten und Letzten mal besucht haben werde!<\/p>\n<p><a href=\"https:\/\/i0.wp.com\/blog.kunstgriff.net\/wp-content\/uploads\/2011\/06\/IMG_2200.jpg\"><img data-recalc-dims=\"1\" loading=\"lazy\" decoding=\"async\" data-attachment-id=\"4783\" data-permalink=\"https:\/\/blog.kunstgriff.net\/?attachment_id=4783\" data-orig-file=\"https:\/\/i0.wp.com\/blog.kunstgriff.net\/wp-content\/uploads\/2011\/06\/IMG_2200.jpg?fit=450%2C600&amp;ssl=1\" data-orig-size=\"450,600\" data-comments-opened=\"1\" data-image-meta=\"{&quot;aperture&quot;:&quot;5.6&quot;,&quot;credit&quot;:&quot;&quot;,&quot;camera&quot;:&quot;Canon DIGITAL IXUS 870 IS&quot;,&quot;caption&quot;:&quot;&quot;,&quot;created_timestamp&quot;:&quot;1307172103&quot;,&quot;copyright&quot;:&quot;&quot;,&quot;focal_length&quot;:&quot;5&quot;,&quot;iso&quot;:&quot;80&quot;,&quot;shutter_speed&quot;:&quot;0.002&quot;,&quot;title&quot;:&quot;&quot;}\" data-image-title=\"IMG_2200\" data-image-description=\"\" data-image-caption=\"\" data-large-file=\"https:\/\/i0.wp.com\/blog.kunstgriff.net\/wp-content\/uploads\/2011\/06\/IMG_2200.jpg?fit=450%2C600&amp;ssl=1\" class=\"alignleft wp-image-4783 size-medium\" style=\"margin: 5px; border: 5px solid white;\" title=\"IMG_2200\" src=\"https:\/\/i0.wp.com\/blog.kunstgriff.net\/wp-content\/uploads\/2011\/06\/IMG_2200-225x300.jpg?resize=225%2C300\" width=\"225\" height=\"300\" srcset=\"https:\/\/i0.wp.com\/blog.kunstgriff.net\/wp-content\/uploads\/2011\/06\/IMG_2200.jpg?resize=225%2C300&amp;ssl=1 225w, https:\/\/i0.wp.com\/blog.kunstgriff.net\/wp-content\/uploads\/2011\/06\/IMG_2200.jpg?w=450&amp;ssl=1 450w\" sizes=\"auto, (max-width: 225px) 100vw, 225px\" \/><\/a>Der <a href=\"http:\/\/de.wikipedia.org\/wiki\/Wenzelsplatz\" target=\"_blank\">Wenzelsplatz<\/a> wurde \u00fcberfahren und der Weg aus Prag heraus, erneut mit Hilfe unserer <a href=\"http:\/\/www.amazon.de\/gp\/product\/B00424LN5G\/ref=as_li_ss_tl?ie=UTF8&amp;tag=gaba08-21&amp;linkCode=as2&amp;camp=1638&amp;creative=19454&amp;creativeASIN=B00424LN5G\">Garmin Edge<\/a><img loading=\"lazy\" decoding=\"async\" style=\"border: none !important; margin: 0px !important;\" src=\"http:\/\/www.assoc-amazon.de\/e\/ir?t=&amp;l=as2&amp;o=3&amp;a=B00424LN5G\" alt=\"\" width=\"1\" height=\"1\" border=\"0\" \/><br \/>\nerfolgreich navigiert.<\/p>\n<p>Eine grosse Aufgabe und Verantwortung, solche ein Feld durch eine fremde Stadt zu f\u00fchren, die nicht nur Alexander Freude bereitete.<\/p>\n<p>Nach weiteren 15 km waren wir dann froh, dass wir die viel befahrene Ausfallstrasse endlich verlassen konnten und auch schon das erste Buffet mit frischen Erdbeeren auf uns wartete.<\/p>\n<p><a href=\"https:\/\/i0.wp.com\/blog.kunstgriff.net\/wp-content\/uploads\/2011\/06\/IMG_2206.jpg\"><img data-recalc-dims=\"1\" loading=\"lazy\" decoding=\"async\" data-attachment-id=\"4784\" data-permalink=\"https:\/\/blog.kunstgriff.net\/?attachment_id=4784\" data-orig-file=\"https:\/\/i0.wp.com\/blog.kunstgriff.net\/wp-content\/uploads\/2011\/06\/IMG_2206.jpg?fit=600%2C450&amp;ssl=1\" data-orig-size=\"600,450\" data-comments-opened=\"1\" data-image-meta=\"{&quot;aperture&quot;:&quot;2.8&quot;,&quot;credit&quot;:&quot;&quot;,&quot;camera&quot;:&quot;Canon DIGITAL IXUS 870 IS&quot;,&quot;caption&quot;:&quot;&quot;,&quot;created_timestamp&quot;:&quot;1307180292&quot;,&quot;copyright&quot;:&quot;&quot;,&quot;focal_length&quot;:&quot;5&quot;,&quot;iso&quot;:&quot;80&quot;,&quot;shutter_speed&quot;:&quot;0.0015625&quot;,&quot;title&quot;:&quot;&quot;}\" data-image-title=\"IMG_2206\" data-image-description=\"\" data-image-caption=\"\" data-large-file=\"https:\/\/i0.wp.com\/blog.kunstgriff.net\/wp-content\/uploads\/2011\/06\/IMG_2206.jpg?fit=600%2C450&amp;ssl=1\" class=\"alignright wp-image-4784 size-medium\" style=\"margin: 5px;\" title=\"IMG_2206\" src=\"https:\/\/i0.wp.com\/blog.kunstgriff.net\/wp-content\/uploads\/2011\/06\/IMG_2206-300x225.jpg?resize=300%2C225\" width=\"300\" height=\"225\" srcset=\"https:\/\/i0.wp.com\/blog.kunstgriff.net\/wp-content\/uploads\/2011\/06\/IMG_2206.jpg?resize=300%2C225&amp;ssl=1 300w, https:\/\/i0.wp.com\/blog.kunstgriff.net\/wp-content\/uploads\/2011\/06\/IMG_2206.jpg?w=600&amp;ssl=1 600w\" sizes=\"auto, (max-width: 300px) 100vw, 300px\" \/><\/a>Nach der recht erholsamen Pause machten die Th\u00fcringer Berziegen Druck und wollten flott weiter fahren. Es wurde flott weiter gefahren und <em>keine Gefangenen gemacht<\/em> was darin resultierte das wir leider einige Mitfahrer\/innen verloren und nur noch zu Zw\u00f6lft unterwegs waren.<\/p>\n<p>Einradfahrer wurden am Wegesrand eingesammelt und Theo von den Berziegen hatte riesen Freude mit seinem <em>abgehangenen<\/em> PowerBar auf dem Oberrohr.<\/p>\n<p><a href=\"https:\/\/i0.wp.com\/blog.kunstgriff.net\/wp-content\/uploads\/2011\/06\/IMG_2214.jpg\"><img data-recalc-dims=\"1\" loading=\"lazy\" decoding=\"async\" data-attachment-id=\"4785\" data-permalink=\"https:\/\/blog.kunstgriff.net\/?attachment_id=4785\" data-orig-file=\"https:\/\/i0.wp.com\/blog.kunstgriff.net\/wp-content\/uploads\/2011\/06\/IMG_2214.jpg?fit=600%2C450&amp;ssl=1\" data-orig-size=\"600,450\" data-comments-opened=\"1\" data-image-meta=\"{&quot;aperture&quot;:&quot;3.5&quot;,&quot;credit&quot;:&quot;&quot;,&quot;camera&quot;:&quot;Canon DIGITAL IXUS 870 IS&quot;,&quot;caption&quot;:&quot;&quot;,&quot;created_timestamp&quot;:&quot;1307181036&quot;,&quot;copyright&quot;:&quot;&quot;,&quot;focal_length&quot;:&quot;8.118&quot;,&quot;iso&quot;:&quot;80&quot;,&quot;shutter_speed&quot;:&quot;0.00125&quot;,&quot;title&quot;:&quot;&quot;}\" data-image-title=\"IMG_2214\" data-image-description=\"\" data-image-caption=\"\" data-large-file=\"https:\/\/i0.wp.com\/blog.kunstgriff.net\/wp-content\/uploads\/2011\/06\/IMG_2214.jpg?fit=600%2C450&amp;ssl=1\" class=\"alignleft wp-image-4785 size-medium\" style=\"margin: 5px;\" title=\"IMG_2214\" src=\"https:\/\/i0.wp.com\/blog.kunstgriff.net\/wp-content\/uploads\/2011\/06\/IMG_2214-300x225.jpg?resize=300%2C225\" width=\"300\" height=\"225\" srcset=\"https:\/\/i0.wp.com\/blog.kunstgriff.net\/wp-content\/uploads\/2011\/06\/IMG_2214.jpg?resize=300%2C225&amp;ssl=1 300w, https:\/\/i0.wp.com\/blog.kunstgriff.net\/wp-content\/uploads\/2011\/06\/IMG_2214.jpg?w=600&amp;ssl=1 600w\" sizes=\"auto, (max-width: 300px) 100vw, 300px\" \/><\/a>Es folgten viele kurze, aber nicht all zu steile Anstiege. Ein Terrain das mir sehr liegt und so fand ich mich oft in der F\u00fchrung wieder.<\/p>\n<p>Auf einer langen Kammstrasse hatte Wolfgang einen unachtsamen Moment, wollte wohl etwas zu essen aus seiner Trikottasche holen und fuhr in diesem Moment seinem Vordermann ins Hinterrad, was zu einem Sturz von ihm f\u00fchrte. <em>Mist! <\/em>Wolfgang lag regungslos auf dem Asphalt und hielt sich seine linke Schulter. Wir machte uns grosse Sorgen.<\/p>\n<p>Stephan von den Th\u00fcringer Berziegen ist, wie sich sp\u00e4ter herausstellte, Arzt und k\u00fcmmerte sich ausgezeichnet um die Erstversorgung. Wolfgang hatte riesen Schwein, denn nichts war gebrochen und auch die Absch\u00fcrfungen sahen auf den ersten Blick nicht wirklich tragisch aus. Die Geschwindigkeit bei der der Sturz stattfand liess schlimmereres erahnen.<\/p>\n<p><a href=\"https:\/\/i0.wp.com\/blog.kunstgriff.net\/wp-content\/uploads\/2011\/06\/IMG_2220.jpg\"><img data-recalc-dims=\"1\" loading=\"lazy\" decoding=\"async\" data-attachment-id=\"4787\" data-permalink=\"https:\/\/blog.kunstgriff.net\/?attachment_id=4787\" data-orig-file=\"https:\/\/i0.wp.com\/blog.kunstgriff.net\/wp-content\/uploads\/2011\/06\/IMG_2220.jpg?fit=450%2C600&amp;ssl=1\" data-orig-size=\"450,600\" data-comments-opened=\"1\" data-image-meta=\"{&quot;aperture&quot;:&quot;2.8&quot;,&quot;credit&quot;:&quot;&quot;,&quot;camera&quot;:&quot;Canon DIGITAL IXUS 870 IS&quot;,&quot;caption&quot;:&quot;&quot;,&quot;created_timestamp&quot;:&quot;1307185546&quot;,&quot;copyright&quot;:&quot;&quot;,&quot;focal_length&quot;:&quot;5&quot;,&quot;iso&quot;:&quot;125&quot;,&quot;shutter_speed&quot;:&quot;0.002&quot;,&quot;title&quot;:&quot;&quot;}\" data-image-title=\"IMG_2220\" data-image-description=\"\" data-image-caption=\"\" data-large-file=\"https:\/\/i0.wp.com\/blog.kunstgriff.net\/wp-content\/uploads\/2011\/06\/IMG_2220.jpg?fit=450%2C600&amp;ssl=1\" class=\"alignright wp-image-4787 size-medium\" style=\"margin: 5px;\" title=\"IMG_2220\" src=\"https:\/\/i0.wp.com\/blog.kunstgriff.net\/wp-content\/uploads\/2011\/06\/IMG_2220-225x300.jpg?resize=225%2C300\" width=\"225\" height=\"300\" srcset=\"https:\/\/i0.wp.com\/blog.kunstgriff.net\/wp-content\/uploads\/2011\/06\/IMG_2220.jpg?resize=225%2C300&amp;ssl=1 225w, https:\/\/i0.wp.com\/blog.kunstgriff.net\/wp-content\/uploads\/2011\/06\/IMG_2220.jpg?w=450&amp;ssl=1 450w\" sizes=\"auto, (max-width: 225px) 100vw, 225px\" \/><\/a>Nach reinigen der Wunden und richten der Schalthebel am Lenker ging es weiter zum Zweiten und letzten Imbiss, an dem Kuchen gereicht wurde.<\/p>\n<p>Der Himmel vor uns begann nun bedrohlich dunkel zu werden. Sollte heute meine erste Regenfahrt in 2011 werden? <em>Ja,<\/em> denn kurz darauf begann es leicht zu nieseln, dann in dicken, fast erbsengrossen Tropfen zu sch\u00fctten. Bei \u00fcber 30\u00b0 C nicht wirklich tragisch, ja fast erfrischend, aber doch ein wenig unangenehm, den heute war Bergankunft und auf den letzten 15 Kilometern mussten noch mal richtig H\u00fcgel geb\u00fcgelt werden.<\/p>\n<p>Eine Weile gelang es mir mit den Th\u00fcringer Berziegen mit zu fahren. Ich dr\u00fcckte mir noch ein PowerBar Gel rein, aber es half nichts, die Jungs waren einfach zu schnell f\u00fcr mich und ich musste sie rund 8 km vor dem Ziel leider ziehe lassen.<\/p>\n<p>Uwe, Karsten und der Rest der Gruppe waren noch hinter mir. Zwar ausser Sichtweite aber trotzdem hing mir die Angst im Nacken, ich k\u00f6nnte noch eingeholt werden. Angst verleiht manchmal Fl\u00fcgel. Zum Gl\u00fcck auch heute und ich konnte den Vorsprung bis in die Bungalow-Unterkunft im Wald retten, wo mich die Th\u00fcringer Berziegen schon mit lecker <a href=\"http:\/\/de.wiktionary.org\/wiki\/pivo\" target=\"_blank\">Pivo<\/a> in der Sonne erwarteten.<\/p>\n<p><a href=\"https:\/\/i0.wp.com\/blog.kunstgriff.net\/wp-content\/uploads\/2011\/06\/IMG_2221.jpg\"><img data-recalc-dims=\"1\" loading=\"lazy\" decoding=\"async\" data-attachment-id=\"4788\" data-permalink=\"https:\/\/blog.kunstgriff.net\/?attachment_id=4788\" data-orig-file=\"https:\/\/i0.wp.com\/blog.kunstgriff.net\/wp-content\/uploads\/2011\/06\/IMG_2221.jpg?fit=600%2C450&amp;ssl=1\" data-orig-size=\"600,450\" data-comments-opened=\"1\" data-image-meta=\"{&quot;aperture&quot;:&quot;2.8&quot;,&quot;credit&quot;:&quot;&quot;,&quot;camera&quot;:&quot;Canon DIGITAL IXUS 870 IS&quot;,&quot;caption&quot;:&quot;&quot;,&quot;created_timestamp&quot;:&quot;1307193858&quot;,&quot;copyright&quot;:&quot;&quot;,&quot;focal_length&quot;:&quot;5&quot;,&quot;iso&quot;:&quot;80&quot;,&quot;shutter_speed&quot;:&quot;0.001&quot;,&quot;title&quot;:&quot;&quot;}\" data-image-title=\"IMG_2221\" data-image-description=\"\" data-image-caption=\"\" data-large-file=\"https:\/\/i0.wp.com\/blog.kunstgriff.net\/wp-content\/uploads\/2011\/06\/IMG_2221.jpg?fit=600%2C450&amp;ssl=1\" class=\"alignleft wp-image-4788 size-medium\" style=\"margin: 5px;\" title=\"IMG_2221\" src=\"https:\/\/i0.wp.com\/blog.kunstgriff.net\/wp-content\/uploads\/2011\/06\/IMG_2221-300x225.jpg?resize=300%2C225\" width=\"300\" height=\"225\" srcset=\"https:\/\/i0.wp.com\/blog.kunstgriff.net\/wp-content\/uploads\/2011\/06\/IMG_2221.jpg?resize=300%2C225&amp;ssl=1 300w, https:\/\/i0.wp.com\/blog.kunstgriff.net\/wp-content\/uploads\/2011\/06\/IMG_2221.jpg?w=600&amp;ssl=1 600w\" sizes=\"auto, (max-width: 300px) 100vw, 300px\" \/><\/a><\/p>\n<p><em>Fazit: <\/em>Ein super Tag auf dem Rad. Komplette <em>Reiz\u00fcberflutung<\/em> mit dem Abstecher nach Prag, den vielen H\u00fcgelpassagen und der herrliche Landschaft in Tschechien.<\/p>\n<p>Leider steht unsere heutige Herberge dazu in krassem Kontrast: Die Bungalows sind <em>extrem<\/em> einfach und die ganze Anlage wirkt wie in der Zeit des kalten Krieges stehen geblieben. Ich f\u00fchlte mich, als h\u00e4tte ich Europe weit hinter mir gelassen, aber was soll\u2019s: <em>Ich bin ja zum Radfahren hier und nicht im Wellness-Urlaub und in der Natur im Wald schl\u00e4ft es sich einfach am Besten!<\/em><\/p>\n<div class=\"tiled-gallery type-rectangular tiled-gallery-unresized\" data-original-width=\"525\" data-carousel-extra='{&quot;blog_id&quot;:1,&quot;permalink&quot;:&quot;https:\\\/\\\/blog.kunstgriff.net\\\/?p=4711&quot;,&quot;likes_blog_id&quot;:127394879}' itemscope itemtype=\"http:\/\/schema.org\/ImageGallery\" > <div class=\"gallery-row\" style=\"width: 525px; height: 440px;\" data-original-width=\"525\" data-original-height=\"440\" > <div class=\"gallery-group images-3\" style=\"width: 194px; height: 440px;\" data-original-width=\"194\" data-original-height=\"440\" > <div class=\"tiled-gallery-item tiled-gallery-item-small\" itemprop=\"associatedMedia\" itemscope itemtype=\"http:\/\/schema.org\/ImageObject\"> <a href=\"https:\/\/i0.wp.com\/blog.kunstgriff.net\/wp-content\/uploads\/2011\/06\/IMG_2185.jpg?ssl=1\" border=\"0\" itemprop=\"url\"> <meta itemprop=\"width\" content=\"190\"> <meta itemprop=\"height\" content=\"143\"> <img decoding=\"async\" class=\"\" data-attachment-id=\"4780\" data-orig-file=\"https:\/\/blog.kunstgriff.net\/wp-content\/uploads\/2011\/06\/IMG_2185.jpg\" data-orig-size=\"600,450\" data-comments-opened=\"1\" data-image-meta=\"{&quot;aperture&quot;:&quot;2.8&quot;,&quot;credit&quot;:&quot;&quot;,&quot;camera&quot;:&quot;Canon DIGITAL IXUS 870 IS&quot;,&quot;caption&quot;:&quot;&quot;,&quot;created_timestamp&quot;:&quot;1307166404&quot;,&quot;copyright&quot;:&quot;&quot;,&quot;focal_length&quot;:&quot;5&quot;,&quot;iso&quot;:&quot;80&quot;,&quot;shutter_speed&quot;:&quot;0.0008&quot;,&quot;title&quot;:&quot;&quot;}\" data-image-title=\"IMG_2185\" data-image-description=\"\" data-medium-file=\"https:\/\/i0.wp.com\/blog.kunstgriff.net\/wp-content\/uploads\/2011\/06\/IMG_2185.jpg?fit=300%2C225&#038;ssl=1\" data-large-file=\"https:\/\/i0.wp.com\/blog.kunstgriff.net\/wp-content\/uploads\/2011\/06\/IMG_2185.jpg?fit=600%2C450&#038;ssl=1\" src=\"https:\/\/i0.wp.com\/blog.kunstgriff.net\/wp-content\/uploads\/2011\/06\/IMG_2185.jpg?w=190&#038;h=143&#038;ssl=1\" srcset=\"https:\/\/i0.wp.com\/blog.kunstgriff.net\/wp-content\/uploads\/2011\/06\/IMG_2185.jpg?w=600&amp;ssl=1 600w, https:\/\/i0.wp.com\/blog.kunstgriff.net\/wp-content\/uploads\/2011\/06\/IMG_2185.jpg?resize=300%2C225&amp;ssl=1 300w\" width=\"190\" height=\"143\" loading=\"lazy\" data-original-width=\"190\" data-original-height=\"143\" itemprop=\"http:\/\/schema.org\/image\" title=\"IMG_2185\" alt=\"IMG_2185\" style=\"width: 190px; height: 143px;\" \/> <\/a> <\/div> <div class=\"tiled-gallery-item tiled-gallery-item-small\" itemprop=\"associatedMedia\" itemscope itemtype=\"http:\/\/schema.org\/ImageObject\"> <a href=\"https:\/\/i0.wp.com\/blog.kunstgriff.net\/wp-content\/uploads\/2011\/06\/IMG_2189.jpg?ssl=1\" border=\"0\" itemprop=\"url\"> <meta itemprop=\"width\" content=\"190\"> <meta itemprop=\"height\" content=\"143\"> <img decoding=\"async\" class=\"\" data-attachment-id=\"4781\" data-orig-file=\"https:\/\/blog.kunstgriff.net\/wp-content\/uploads\/2011\/06\/IMG_2189.jpg\" data-orig-size=\"600,450\" data-comments-opened=\"1\" data-image-meta=\"{&quot;aperture&quot;:&quot;2.8&quot;,&quot;credit&quot;:&quot;&quot;,&quot;camera&quot;:&quot;Canon DIGITAL IXUS 870 IS&quot;,&quot;caption&quot;:&quot;&quot;,&quot;created_timestamp&quot;:&quot;1307169574&quot;,&quot;copyright&quot;:&quot;&quot;,&quot;focal_length&quot;:&quot;5&quot;,&quot;iso&quot;:&quot;80&quot;,&quot;shutter_speed&quot;:&quot;0.0008&quot;,&quot;title&quot;:&quot;&quot;}\" data-image-title=\"IMG_2189\" data-image-description=\"\" data-medium-file=\"https:\/\/i0.wp.com\/blog.kunstgriff.net\/wp-content\/uploads\/2011\/06\/IMG_2189.jpg?fit=300%2C225&#038;ssl=1\" data-large-file=\"https:\/\/i0.wp.com\/blog.kunstgriff.net\/wp-content\/uploads\/2011\/06\/IMG_2189.jpg?fit=600%2C450&#038;ssl=1\" src=\"https:\/\/i0.wp.com\/blog.kunstgriff.net\/wp-content\/uploads\/2011\/06\/IMG_2189.jpg?w=190&#038;h=143&#038;ssl=1\" srcset=\"https:\/\/i0.wp.com\/blog.kunstgriff.net\/wp-content\/uploads\/2011\/06\/IMG_2189.jpg?w=600&amp;ssl=1 600w, https:\/\/i0.wp.com\/blog.kunstgriff.net\/wp-content\/uploads\/2011\/06\/IMG_2189.jpg?resize=300%2C225&amp;ssl=1 300w\" width=\"190\" height=\"143\" loading=\"lazy\" data-original-width=\"190\" data-original-height=\"143\" itemprop=\"http:\/\/schema.org\/image\" title=\"IMG_2189\" alt=\"IMG_2189\" style=\"width: 190px; height: 143px;\" \/> <\/a> <\/div> <div class=\"tiled-gallery-item tiled-gallery-item-small\" itemprop=\"associatedMedia\" itemscope itemtype=\"http:\/\/schema.org\/ImageObject\"> <a href=\"https:\/\/i0.wp.com\/blog.kunstgriff.net\/wp-content\/uploads\/2011\/06\/IMG_2195.jpg?ssl=1\" border=\"0\" itemprop=\"url\"> <meta itemprop=\"width\" content=\"190\"> <meta itemprop=\"height\" content=\"142\"> <img decoding=\"async\" class=\"\" data-attachment-id=\"4782\" data-orig-file=\"https:\/\/blog.kunstgriff.net\/wp-content\/uploads\/2011\/06\/IMG_2195.jpg\" data-orig-size=\"600,450\" data-comments-opened=\"1\" data-image-meta=\"{&quot;aperture&quot;:&quot;2.8&quot;,&quot;credit&quot;:&quot;&quot;,&quot;camera&quot;:&quot;Canon DIGITAL IXUS 870 IS&quot;,&quot;caption&quot;:&quot;&quot;,&quot;created_timestamp&quot;:&quot;1307171595&quot;,&quot;copyright&quot;:&quot;&quot;,&quot;focal_length&quot;:&quot;5&quot;,&quot;iso&quot;:&quot;80&quot;,&quot;shutter_speed&quot;:&quot;0.001&quot;,&quot;title&quot;:&quot;&quot;}\" data-image-title=\"IMG_2195\" data-image-description=\"\" data-medium-file=\"https:\/\/i0.wp.com\/blog.kunstgriff.net\/wp-content\/uploads\/2011\/06\/IMG_2195.jpg?fit=300%2C225&#038;ssl=1\" data-large-file=\"https:\/\/i0.wp.com\/blog.kunstgriff.net\/wp-content\/uploads\/2011\/06\/IMG_2195.jpg?fit=600%2C450&#038;ssl=1\" src=\"https:\/\/i0.wp.com\/blog.kunstgriff.net\/wp-content\/uploads\/2011\/06\/IMG_2195.jpg?w=190&#038;h=142&#038;ssl=1\" srcset=\"https:\/\/i0.wp.com\/blog.kunstgriff.net\/wp-content\/uploads\/2011\/06\/IMG_2195.jpg?w=600&amp;ssl=1 600w, https:\/\/i0.wp.com\/blog.kunstgriff.net\/wp-content\/uploads\/2011\/06\/IMG_2195.jpg?resize=300%2C225&amp;ssl=1 300w\" width=\"190\" height=\"142\" loading=\"lazy\" data-original-width=\"190\" data-original-height=\"142\" itemprop=\"http:\/\/schema.org\/image\" title=\"IMG_2195\" alt=\"IMG_2195\" style=\"width: 190px; height: 142px;\" \/> <\/a> <\/div> <\/div> <!-- close group --> <div class=\"gallery-group images-1\" style=\"width: 331px; height: 440px;\" data-original-width=\"331\" data-original-height=\"440\" > <div class=\"tiled-gallery-item tiled-gallery-item-large\" itemprop=\"associatedMedia\" itemscope itemtype=\"http:\/\/schema.org\/ImageObject\"> <a href=\"https:\/\/i0.wp.com\/blog.kunstgriff.net\/wp-content\/uploads\/2011\/06\/IMG_2200.jpg?ssl=1\" border=\"0\" itemprop=\"url\"> <meta itemprop=\"width\" content=\"327\"> <meta itemprop=\"height\" content=\"436\"> <img decoding=\"async\" class=\"\" data-attachment-id=\"4783\" data-orig-file=\"https:\/\/blog.kunstgriff.net\/wp-content\/uploads\/2011\/06\/IMG_2200.jpg\" data-orig-size=\"450,600\" data-comments-opened=\"1\" data-image-meta=\"{&quot;aperture&quot;:&quot;5.6&quot;,&quot;credit&quot;:&quot;&quot;,&quot;camera&quot;:&quot;Canon DIGITAL IXUS 870 IS&quot;,&quot;caption&quot;:&quot;&quot;,&quot;created_timestamp&quot;:&quot;1307172103&quot;,&quot;copyright&quot;:&quot;&quot;,&quot;focal_length&quot;:&quot;5&quot;,&quot;iso&quot;:&quot;80&quot;,&quot;shutter_speed&quot;:&quot;0.002&quot;,&quot;title&quot;:&quot;&quot;}\" data-image-title=\"IMG_2200\" data-image-description=\"\" data-medium-file=\"https:\/\/i0.wp.com\/blog.kunstgriff.net\/wp-content\/uploads\/2011\/06\/IMG_2200.jpg?fit=225%2C300&#038;ssl=1\" data-large-file=\"https:\/\/i0.wp.com\/blog.kunstgriff.net\/wp-content\/uploads\/2011\/06\/IMG_2200.jpg?fit=450%2C600&#038;ssl=1\" src=\"https:\/\/i0.wp.com\/blog.kunstgriff.net\/wp-content\/uploads\/2011\/06\/IMG_2200.jpg?w=327&#038;h=436&#038;ssl=1\" srcset=\"https:\/\/i0.wp.com\/blog.kunstgriff.net\/wp-content\/uploads\/2011\/06\/IMG_2200.jpg?w=450&amp;ssl=1 450w, https:\/\/i0.wp.com\/blog.kunstgriff.net\/wp-content\/uploads\/2011\/06\/IMG_2200.jpg?resize=225%2C300&amp;ssl=1 225w\" width=\"327\" height=\"436\" loading=\"lazy\" data-original-width=\"327\" data-original-height=\"436\" itemprop=\"http:\/\/schema.org\/image\" title=\"IMG_2200\" alt=\"IMG_2200\" style=\"width: 327px; height: 436px;\" \/> <\/a> <\/div> <\/div> <!-- close group --> <\/div> <!-- close row --> <div class=\"gallery-row\" style=\"width: 525px; height: 264px;\" data-original-width=\"525\" data-original-height=\"264\" > <div class=\"gallery-group images-1\" style=\"width: 350px; height: 264px;\" data-original-width=\"350\" data-original-height=\"264\" > <div class=\"tiled-gallery-item tiled-gallery-item-large\" itemprop=\"associatedMedia\" itemscope itemtype=\"http:\/\/schema.org\/ImageObject\"> <a href=\"https:\/\/i0.wp.com\/blog.kunstgriff.net\/wp-content\/uploads\/2011\/06\/IMG_2206.jpg?ssl=1\" border=\"0\" itemprop=\"url\"> <meta itemprop=\"width\" content=\"346\"> <meta itemprop=\"height\" content=\"260\"> <img decoding=\"async\" class=\"\" data-attachment-id=\"4784\" data-orig-file=\"https:\/\/blog.kunstgriff.net\/wp-content\/uploads\/2011\/06\/IMG_2206.jpg\" data-orig-size=\"600,450\" data-comments-opened=\"1\" data-image-meta=\"{&quot;aperture&quot;:&quot;2.8&quot;,&quot;credit&quot;:&quot;&quot;,&quot;camera&quot;:&quot;Canon DIGITAL IXUS 870 IS&quot;,&quot;caption&quot;:&quot;&quot;,&quot;created_timestamp&quot;:&quot;1307180292&quot;,&quot;copyright&quot;:&quot;&quot;,&quot;focal_length&quot;:&quot;5&quot;,&quot;iso&quot;:&quot;80&quot;,&quot;shutter_speed&quot;:&quot;0.0015625&quot;,&quot;title&quot;:&quot;&quot;}\" data-image-title=\"IMG_2206\" data-image-description=\"\" data-medium-file=\"https:\/\/i0.wp.com\/blog.kunstgriff.net\/wp-content\/uploads\/2011\/06\/IMG_2206.jpg?fit=300%2C225&#038;ssl=1\" data-large-file=\"https:\/\/i0.wp.com\/blog.kunstgriff.net\/wp-content\/uploads\/2011\/06\/IMG_2206.jpg?fit=600%2C450&#038;ssl=1\" src=\"https:\/\/i0.wp.com\/blog.kunstgriff.net\/wp-content\/uploads\/2011\/06\/IMG_2206.jpg?w=346&#038;h=260&#038;ssl=1\" srcset=\"https:\/\/i0.wp.com\/blog.kunstgriff.net\/wp-content\/uploads\/2011\/06\/IMG_2206.jpg?w=600&amp;ssl=1 600w, https:\/\/i0.wp.com\/blog.kunstgriff.net\/wp-content\/uploads\/2011\/06\/IMG_2206.jpg?resize=300%2C225&amp;ssl=1 300w\" width=\"346\" height=\"260\" loading=\"lazy\" data-original-width=\"346\" data-original-height=\"260\" itemprop=\"http:\/\/schema.org\/image\" title=\"IMG_2206\" alt=\"IMG_2206\" style=\"width: 346px; height: 260px;\" \/> <\/a> <\/div> <\/div> <!-- close group --> <div class=\"gallery-group images-2\" style=\"width: 175px; height: 264px;\" data-original-width=\"175\" data-original-height=\"264\" > <div class=\"tiled-gallery-item tiled-gallery-item-small\" itemprop=\"associatedMedia\" itemscope itemtype=\"http:\/\/schema.org\/ImageObject\"> <a href=\"https:\/\/i0.wp.com\/blog.kunstgriff.net\/wp-content\/uploads\/2011\/06\/IMG_2214.jpg?ssl=1\" border=\"0\" itemprop=\"url\"> <meta itemprop=\"width\" content=\"171\"> <meta itemprop=\"height\" content=\"128\"> <img decoding=\"async\" class=\"\" data-attachment-id=\"4785\" data-orig-file=\"https:\/\/blog.kunstgriff.net\/wp-content\/uploads\/2011\/06\/IMG_2214.jpg\" data-orig-size=\"600,450\" data-comments-opened=\"1\" data-image-meta=\"{&quot;aperture&quot;:&quot;3.5&quot;,&quot;credit&quot;:&quot;&quot;,&quot;camera&quot;:&quot;Canon DIGITAL IXUS 870 IS&quot;,&quot;caption&quot;:&quot;&quot;,&quot;created_timestamp&quot;:&quot;1307181036&quot;,&quot;copyright&quot;:&quot;&quot;,&quot;focal_length&quot;:&quot;8.118&quot;,&quot;iso&quot;:&quot;80&quot;,&quot;shutter_speed&quot;:&quot;0.00125&quot;,&quot;title&quot;:&quot;&quot;}\" data-image-title=\"IMG_2214\" data-image-description=\"\" data-medium-file=\"https:\/\/i0.wp.com\/blog.kunstgriff.net\/wp-content\/uploads\/2011\/06\/IMG_2214.jpg?fit=300%2C225&#038;ssl=1\" data-large-file=\"https:\/\/i0.wp.com\/blog.kunstgriff.net\/wp-content\/uploads\/2011\/06\/IMG_2214.jpg?fit=600%2C450&#038;ssl=1\" src=\"https:\/\/i0.wp.com\/blog.kunstgriff.net\/wp-content\/uploads\/2011\/06\/IMG_2214.jpg?w=171&#038;h=128&#038;ssl=1\" srcset=\"https:\/\/i0.wp.com\/blog.kunstgriff.net\/wp-content\/uploads\/2011\/06\/IMG_2214.jpg?w=600&amp;ssl=1 600w, https:\/\/i0.wp.com\/blog.kunstgriff.net\/wp-content\/uploads\/2011\/06\/IMG_2214.jpg?resize=300%2C225&amp;ssl=1 300w\" width=\"171\" height=\"128\" loading=\"lazy\" data-original-width=\"171\" data-original-height=\"128\" itemprop=\"http:\/\/schema.org\/image\" title=\"IMG_2214\" alt=\"IMG_2214\" style=\"width: 171px; height: 128px;\" \/> <\/a> <\/div> <div class=\"tiled-gallery-item tiled-gallery-item-small\" itemprop=\"associatedMedia\" itemscope itemtype=\"http:\/\/schema.org\/ImageObject\"> <a href=\"https:\/\/i0.wp.com\/blog.kunstgriff.net\/wp-content\/uploads\/2011\/06\/IMG_2216.jpg?ssl=1\" border=\"0\" itemprop=\"url\"> <meta itemprop=\"width\" content=\"171\"> <meta itemprop=\"height\" content=\"128\"> <img decoding=\"async\" class=\"\" data-attachment-id=\"4786\" data-orig-file=\"https:\/\/blog.kunstgriff.net\/wp-content\/uploads\/2011\/06\/IMG_2216.jpg\" data-orig-size=\"600,450\" data-comments-opened=\"1\" data-image-meta=\"{&quot;aperture&quot;:&quot;2.8&quot;,&quot;credit&quot;:&quot;&quot;,&quot;camera&quot;:&quot;Canon DIGITAL IXUS 870 IS&quot;,&quot;caption&quot;:&quot;&quot;,&quot;created_timestamp&quot;:&quot;1307181048&quot;,&quot;copyright&quot;:&quot;&quot;,&quot;focal_length&quot;:&quot;5&quot;,&quot;iso&quot;:&quot;80&quot;,&quot;shutter_speed&quot;:&quot;0.0008&quot;,&quot;title&quot;:&quot;&quot;}\" data-image-title=\"IMG_2216\" data-image-description=\"\" data-medium-file=\"https:\/\/i0.wp.com\/blog.kunstgriff.net\/wp-content\/uploads\/2011\/06\/IMG_2216.jpg?fit=300%2C225&#038;ssl=1\" data-large-file=\"https:\/\/i0.wp.com\/blog.kunstgriff.net\/wp-content\/uploads\/2011\/06\/IMG_2216.jpg?fit=600%2C450&#038;ssl=1\" src=\"https:\/\/i0.wp.com\/blog.kunstgriff.net\/wp-content\/uploads\/2011\/06\/IMG_2216.jpg?w=171&#038;h=128&#038;ssl=1\" srcset=\"https:\/\/i0.wp.com\/blog.kunstgriff.net\/wp-content\/uploads\/2011\/06\/IMG_2216.jpg?w=600&amp;ssl=1 600w, https:\/\/i0.wp.com\/blog.kunstgriff.net\/wp-content\/uploads\/2011\/06\/IMG_2216.jpg?resize=300%2C225&amp;ssl=1 300w\" width=\"171\" height=\"128\" loading=\"lazy\" data-original-width=\"171\" data-original-height=\"128\" itemprop=\"http:\/\/schema.org\/image\" title=\"IMG_2216\" alt=\"IMG_2216\" style=\"width: 171px; height: 128px;\" \/> <\/a> <\/div> <\/div> <!-- close group --> <\/div> <!-- close row --> <div class=\"gallery-row\" style=\"width: 525px; height: 440px;\" data-original-width=\"525\" data-original-height=\"440\" > <div class=\"gallery-group images-1\" style=\"width: 331px; height: 440px;\" data-original-width=\"331\" data-original-height=\"440\" > <div class=\"tiled-gallery-item tiled-gallery-item-large\" itemprop=\"associatedMedia\" itemscope itemtype=\"http:\/\/schema.org\/ImageObject\"> <a href=\"https:\/\/i0.wp.com\/blog.kunstgriff.net\/wp-content\/uploads\/2011\/06\/IMG_2220.jpg?ssl=1\" border=\"0\" itemprop=\"url\"> <meta itemprop=\"width\" content=\"327\"> <meta itemprop=\"height\" content=\"436\"> <img decoding=\"async\" class=\"\" data-attachment-id=\"4787\" data-orig-file=\"https:\/\/blog.kunstgriff.net\/wp-content\/uploads\/2011\/06\/IMG_2220.jpg\" data-orig-size=\"450,600\" data-comments-opened=\"1\" data-image-meta=\"{&quot;aperture&quot;:&quot;2.8&quot;,&quot;credit&quot;:&quot;&quot;,&quot;camera&quot;:&quot;Canon DIGITAL IXUS 870 IS&quot;,&quot;caption&quot;:&quot;&quot;,&quot;created_timestamp&quot;:&quot;1307185546&quot;,&quot;copyright&quot;:&quot;&quot;,&quot;focal_length&quot;:&quot;5&quot;,&quot;iso&quot;:&quot;125&quot;,&quot;shutter_speed&quot;:&quot;0.002&quot;,&quot;title&quot;:&quot;&quot;}\" data-image-title=\"IMG_2220\" data-image-description=\"\" data-medium-file=\"https:\/\/i0.wp.com\/blog.kunstgriff.net\/wp-content\/uploads\/2011\/06\/IMG_2220.jpg?fit=225%2C300&#038;ssl=1\" data-large-file=\"https:\/\/i0.wp.com\/blog.kunstgriff.net\/wp-content\/uploads\/2011\/06\/IMG_2220.jpg?fit=450%2C600&#038;ssl=1\" src=\"https:\/\/i0.wp.com\/blog.kunstgriff.net\/wp-content\/uploads\/2011\/06\/IMG_2220.jpg?w=327&#038;h=436&#038;ssl=1\" srcset=\"https:\/\/i0.wp.com\/blog.kunstgriff.net\/wp-content\/uploads\/2011\/06\/IMG_2220.jpg?w=450&amp;ssl=1 450w, https:\/\/i0.wp.com\/blog.kunstgriff.net\/wp-content\/uploads\/2011\/06\/IMG_2220.jpg?resize=225%2C300&amp;ssl=1 225w\" width=\"327\" height=\"436\" loading=\"lazy\" data-original-width=\"327\" data-original-height=\"436\" itemprop=\"http:\/\/schema.org\/image\" title=\"IMG_2220\" alt=\"IMG_2220\" style=\"width: 327px; height: 436px;\" \/> <\/a> <\/div> <\/div> <!-- close group --> <div class=\"gallery-group images-3\" style=\"width: 194px; height: 440px;\" data-original-width=\"194\" data-original-height=\"440\" > <div class=\"tiled-gallery-item tiled-gallery-item-small\" itemprop=\"associatedMedia\" itemscope itemtype=\"http:\/\/schema.org\/ImageObject\"> <a href=\"https:\/\/i0.wp.com\/blog.kunstgriff.net\/wp-content\/uploads\/2011\/06\/IMG_2221.jpg?ssl=1\" border=\"0\" itemprop=\"url\"> <meta itemprop=\"width\" content=\"190\"> <meta itemprop=\"height\" content=\"143\"> <img decoding=\"async\" class=\"\" data-attachment-id=\"4788\" data-orig-file=\"https:\/\/blog.kunstgriff.net\/wp-content\/uploads\/2011\/06\/IMG_2221.jpg\" data-orig-size=\"600,450\" data-comments-opened=\"1\" data-image-meta=\"{&quot;aperture&quot;:&quot;2.8&quot;,&quot;credit&quot;:&quot;&quot;,&quot;camera&quot;:&quot;Canon DIGITAL IXUS 870 IS&quot;,&quot;caption&quot;:&quot;&quot;,&quot;created_timestamp&quot;:&quot;1307193858&quot;,&quot;copyright&quot;:&quot;&quot;,&quot;focal_length&quot;:&quot;5&quot;,&quot;iso&quot;:&quot;80&quot;,&quot;shutter_speed&quot;:&quot;0.001&quot;,&quot;title&quot;:&quot;&quot;}\" data-image-title=\"IMG_2221\" data-image-description=\"\" data-medium-file=\"https:\/\/i0.wp.com\/blog.kunstgriff.net\/wp-content\/uploads\/2011\/06\/IMG_2221.jpg?fit=300%2C225&#038;ssl=1\" data-large-file=\"https:\/\/i0.wp.com\/blog.kunstgriff.net\/wp-content\/uploads\/2011\/06\/IMG_2221.jpg?fit=600%2C450&#038;ssl=1\" src=\"https:\/\/i0.wp.com\/blog.kunstgriff.net\/wp-content\/uploads\/2011\/06\/IMG_2221.jpg?w=190&#038;h=143&#038;ssl=1\" srcset=\"https:\/\/i0.wp.com\/blog.kunstgriff.net\/wp-content\/uploads\/2011\/06\/IMG_2221.jpg?w=600&amp;ssl=1 600w, https:\/\/i0.wp.com\/blog.kunstgriff.net\/wp-content\/uploads\/2011\/06\/IMG_2221.jpg?resize=300%2C225&amp;ssl=1 300w\" width=\"190\" height=\"143\" loading=\"lazy\" data-original-width=\"190\" data-original-height=\"143\" itemprop=\"http:\/\/schema.org\/image\" title=\"IMG_2221\" alt=\"IMG_2221\" style=\"width: 190px; height: 143px;\" \/> <\/a> <\/div> <div class=\"tiled-gallery-item tiled-gallery-item-small\" itemprop=\"associatedMedia\" itemscope itemtype=\"http:\/\/schema.org\/ImageObject\"> <a href=\"https:\/\/i0.wp.com\/blog.kunstgriff.net\/wp-content\/uploads\/2011\/06\/IMG_2222.jpg?ssl=1\" border=\"0\" itemprop=\"url\"> <meta itemprop=\"width\" content=\"190\"> <meta itemprop=\"height\" content=\"143\"> <img decoding=\"async\" class=\"\" data-attachment-id=\"4789\" data-orig-file=\"https:\/\/blog.kunstgriff.net\/wp-content\/uploads\/2011\/06\/IMG_2222.jpg\" data-orig-size=\"600,450\" data-comments-opened=\"1\" data-image-meta=\"{&quot;aperture&quot;:&quot;3.2&quot;,&quot;credit&quot;:&quot;&quot;,&quot;camera&quot;:&quot;Canon DIGITAL IXUS 870 IS&quot;,&quot;caption&quot;:&quot;&quot;,&quot;created_timestamp&quot;:&quot;1307195920&quot;,&quot;copyright&quot;:&quot;&quot;,&quot;focal_length&quot;:&quot;6.935&quot;,&quot;iso&quot;:&quot;80&quot;,&quot;shutter_speed&quot;:&quot;0.002&quot;,&quot;title&quot;:&quot;&quot;}\" data-image-title=\"IMG_2222\" data-image-description=\"\" data-medium-file=\"https:\/\/i0.wp.com\/blog.kunstgriff.net\/wp-content\/uploads\/2011\/06\/IMG_2222.jpg?fit=300%2C225&#038;ssl=1\" data-large-file=\"https:\/\/i0.wp.com\/blog.kunstgriff.net\/wp-content\/uploads\/2011\/06\/IMG_2222.jpg?fit=600%2C450&#038;ssl=1\" src=\"https:\/\/i0.wp.com\/blog.kunstgriff.net\/wp-content\/uploads\/2011\/06\/IMG_2222.jpg?w=190&#038;h=143&#038;ssl=1\" srcset=\"https:\/\/i0.wp.com\/blog.kunstgriff.net\/wp-content\/uploads\/2011\/06\/IMG_2222.jpg?w=600&amp;ssl=1 600w, https:\/\/i0.wp.com\/blog.kunstgriff.net\/wp-content\/uploads\/2011\/06\/IMG_2222.jpg?resize=300%2C225&amp;ssl=1 300w\" width=\"190\" height=\"143\" loading=\"lazy\" data-original-width=\"190\" data-original-height=\"143\" itemprop=\"http:\/\/schema.org\/image\" title=\"IMG_2222\" alt=\"IMG_2222\" style=\"width: 190px; height: 143px;\" \/> <\/a> <\/div> <div class=\"tiled-gallery-item tiled-gallery-item-small\" itemprop=\"associatedMedia\" itemscope itemtype=\"http:\/\/schema.org\/ImageObject\"> <a href=\"https:\/\/i0.wp.com\/blog.kunstgriff.net\/wp-content\/uploads\/2011\/06\/IMG_2225.jpg?ssl=1\" border=\"0\" itemprop=\"url\"> <meta itemprop=\"width\" content=\"190\"> <meta itemprop=\"height\" content=\"142\"> <img decoding=\"async\" class=\"\" data-attachment-id=\"4790\" data-orig-file=\"https:\/\/blog.kunstgriff.net\/wp-content\/uploads\/2011\/06\/IMG_2225.jpg\" data-orig-size=\"600,450\" data-comments-opened=\"1\" data-image-meta=\"{&quot;aperture&quot;:&quot;2.8&quot;,&quot;credit&quot;:&quot;&quot;,&quot;camera&quot;:&quot;Canon DIGITAL IXUS 870 IS&quot;,&quot;caption&quot;:&quot;&quot;,&quot;created_timestamp&quot;:&quot;1307211680&quot;,&quot;copyright&quot;:&quot;&quot;,&quot;focal_length&quot;:&quot;5&quot;,&quot;iso&quot;:&quot;800&quot;,&quot;shutter_speed&quot;:&quot;0.1&quot;,&quot;title&quot;:&quot;&quot;}\" data-image-title=\"IMG_2225\" data-image-description=\"\" data-medium-file=\"https:\/\/i0.wp.com\/blog.kunstgriff.net\/wp-content\/uploads\/2011\/06\/IMG_2225.jpg?fit=300%2C225&#038;ssl=1\" data-large-file=\"https:\/\/i0.wp.com\/blog.kunstgriff.net\/wp-content\/uploads\/2011\/06\/IMG_2225.jpg?fit=600%2C450&#038;ssl=1\" src=\"https:\/\/i0.wp.com\/blog.kunstgriff.net\/wp-content\/uploads\/2011\/06\/IMG_2225.jpg?w=190&#038;h=142&#038;ssl=1\" srcset=\"https:\/\/i0.wp.com\/blog.kunstgriff.net\/wp-content\/uploads\/2011\/06\/IMG_2225.jpg?w=600&amp;ssl=1 600w, https:\/\/i0.wp.com\/blog.kunstgriff.net\/wp-content\/uploads\/2011\/06\/IMG_2225.jpg?resize=300%2C225&amp;ssl=1 300w\" width=\"190\" height=\"142\" loading=\"lazy\" data-original-width=\"190\" data-original-height=\"142\" itemprop=\"http:\/\/schema.org\/image\" title=\"IMG_2225\" alt=\"IMG_2225\" style=\"width: 190px; height: 142px;\" \/> <\/a> <\/div> <\/div> <!-- close group --> <\/div> <!-- close row --> <div class=\"gallery-row\" style=\"width: 525px; height: 395px;\" data-original-width=\"525\" data-original-height=\"395\" > <div class=\"gallery-group images-1\" style=\"width: 525px; height: 395px;\" data-original-width=\"525\" data-original-height=\"395\" > <div class=\"tiled-gallery-item tiled-gallery-item-large\" itemprop=\"associatedMedia\" itemscope itemtype=\"http:\/\/schema.org\/ImageObject\"> <a href=\"https:\/\/i0.wp.com\/blog.kunstgriff.net\/wp-content\/uploads\/2011\/06\/IMG_2228.jpg?ssl=1\" border=\"0\" itemprop=\"url\"> <meta itemprop=\"width\" content=\"521\"> <meta itemprop=\"height\" content=\"391\"> <img decoding=\"async\" class=\"\" data-attachment-id=\"4791\" data-orig-file=\"https:\/\/blog.kunstgriff.net\/wp-content\/uploads\/2011\/06\/IMG_2228.jpg\" data-orig-size=\"600,450\" data-comments-opened=\"1\" data-image-meta=\"{&quot;aperture&quot;:&quot;2.8&quot;,&quot;credit&quot;:&quot;&quot;,&quot;camera&quot;:&quot;Canon DIGITAL IXUS 870 IS&quot;,&quot;caption&quot;:&quot;&quot;,&quot;created_timestamp&quot;:&quot;1307211729&quot;,&quot;copyright&quot;:&quot;&quot;,&quot;focal_length&quot;:&quot;5&quot;,&quot;iso&quot;:&quot;800&quot;,&quot;shutter_speed&quot;:&quot;0.125&quot;,&quot;title&quot;:&quot;&quot;}\" data-image-title=\"IMG_2228\" data-image-description=\"\" data-medium-file=\"https:\/\/i0.wp.com\/blog.kunstgriff.net\/wp-content\/uploads\/2011\/06\/IMG_2228.jpg?fit=300%2C225&#038;ssl=1\" data-large-file=\"https:\/\/i0.wp.com\/blog.kunstgriff.net\/wp-content\/uploads\/2011\/06\/IMG_2228.jpg?fit=600%2C450&#038;ssl=1\" src=\"https:\/\/i0.wp.com\/blog.kunstgriff.net\/wp-content\/uploads\/2011\/06\/IMG_2228.jpg?w=521&#038;h=391&#038;ssl=1\" srcset=\"https:\/\/i0.wp.com\/blog.kunstgriff.net\/wp-content\/uploads\/2011\/06\/IMG_2228.jpg?w=600&amp;ssl=1 600w, https:\/\/i0.wp.com\/blog.kunstgriff.net\/wp-content\/uploads\/2011\/06\/IMG_2228.jpg?resize=300%2C225&amp;ssl=1 300w\" width=\"521\" height=\"391\" loading=\"lazy\" data-original-width=\"521\" data-original-height=\"391\" itemprop=\"http:\/\/schema.org\/image\" title=\"IMG_2228\" alt=\"IMG_2228\" style=\"width: 521px; height: 391px;\" \/> <\/a> <\/div> <\/div> <!-- close group --> <\/div> <!-- close row --> <\/div>\n<p><iframe loading=\"lazy\" src=\"https:\/\/www.strava.com\/activities\/13532825\/embed\/66bb5c5dae58a41d4ab2c836b60d5a3c9602d1fd\" width=\"590\" height=\"405\" frameborder=\"0\" scrolling=\"no\"><\/iframe><\/p>\n","protected":false},"excerpt":{"rendered":"<p>160,65 km | 1.573 H\u00f6henmeter\u00a0| 11,4 % maximale Steigung Nach dem tschechischen Fr\u00fchst\u00fcck in unserem sch\u00f6nen Hotel in M\u011bln\u00edk\u00a0ging es um 8:30 Uhr nach kurzer Streckeneinweisung von Peter Scheunemann raus auf der breiten Ausfallstrasse in Richtung Prag. Nach wenigen Kilometern hatten wir Streckenteilung und die Mehrzahl der Teilnehmer fuhr leider die kurze Strecke. 25 Radler &hellip; <\/p>\n<p class=\"link-more\"><a href=\"https:\/\/blog.kunstgriff.net\/?p=4711\" class=\"more-link\"><span class=\"screen-reader-text\">\u201eAuf Friedensfahrt \u2013 Kurs 2011 4. Tag M\u011bln\u00edk -> Horn\u00ed Bradlo\u201c <\/span>weiterlesen<\/a><\/p>\n","protected":false},"author":2,"featured_media":0,"comment_status":"open","ping_status":"open","sticky":false,"template":"","format":"standard","meta":{"jetpack_post_was_ever_published":false,"_jetpack_newsletter_access":"","_jetpack_dont_email_post_to_subs":false,"_jetpack_newsletter_tier_id":0,"_jetpack_memberships_contains_paywalled_content":false,"_jetpack_memberships_contains_paid_content":false,"footnotes":""},"categories":[25,14,13,7,36],"tags":[],"class_list":["post-4711","post","type-post","status-publish","format-standard","hentry","category-besonderes-ereignis","category-radfahren","category-radreise","category-rennradfahren","category-veranstaltungen"],"jetpack_featured_media_url":"","jetpack_shortlink":"https:\/\/wp.me\/p8Cxe7-1dZ","jetpack-related-posts":[{"id":4708,"url":"https:\/\/blog.kunstgriff.net\/?p=4708","url_meta":{"origin":4711,"position":0},"title":"Auf Friedensfahrt \u2013 Kurs 2011 3. Tag Altenberg -> M\u011bln\u00edk","author":"Georg","date":"Juni 3, 2011","format":false,"excerpt":"149,95 km | 1.424 H\u00f6henmeter\u00a0| 12,6 % maximale Steigung P\u00fcnktlich um 8:30 Uhr verliessen wir die Jugendherberge in Altenberg in Richtung Zinnwald. Nach der steilen Abfahrt ging es gleich mit einigen Prozenten in den Berg und das erste Anschwitzen im grossen Feld war f\u00e4llig, bevor es eine herrlich lange Abfahrt\u2026","rel":"","context":"In &quot;Besonderes Ereignis&quot;","block_context":{"text":"Besonderes Ereignis","link":"https:\/\/blog.kunstgriff.net\/?cat=25"},"img":{"alt_text":"","src":"https:\/\/i0.wp.com\/blog.kunstgriff.net\/wp-content\/uploads\/2011\/06\/Burg.jpg?resize=350%2C200","width":350,"height":200,"srcset":"https:\/\/i0.wp.com\/blog.kunstgriff.net\/wp-content\/uploads\/2011\/06\/Burg.jpg?resize=350%2C200 1x, https:\/\/i0.wp.com\/blog.kunstgriff.net\/wp-content\/uploads\/2011\/06\/Burg.jpg?resize=525%2C300 1.5x, https:\/\/i0.wp.com\/blog.kunstgriff.net\/wp-content\/uploads\/2011\/06\/Burg.jpg?resize=700%2C400 2x"},"classes":[]},{"id":22966,"url":"https:\/\/blog.kunstgriff.net\/?p=22966","url_meta":{"origin":4711,"position":1},"title":"Auf Friedensfahrt\u2013Kurs 2022 3. Tag: Prag \u2013 Chomutov","author":"Georg","date":"Mai 28, 2022","format":false,"excerpt":"128 km | 1.287 H\u00f6henmeter Nach dem leckeren Fr\u00fchst\u00fcck im A&O ging es recht p\u00fcnktlich auf die kleine Stadt-Tour durch Prag. Ziel war die Karls-Br\u00fccke, der bekannte Foto-Spot an der Moldau. Ein Erinnerungs-Gruppenfoto sollte auf diesem historischen Bauwerk geschossen werden. Gar nicht so einfach bei rund 80 Teilnehmer:innen. Irgendwie gelang\u2026","rel":"","context":"In &quot;Radfahren&quot;","block_context":{"text":"Radfahren","link":"https:\/\/blog.kunstgriff.net\/?cat=14"},"img":{"alt_text":"Erinnerungsfoto auf der Karlsbr\u00fccke","src":"https:\/\/i0.wp.com\/blog.kunstgriff.net\/wp-content\/uploads\/2022\/05\/Erinnerungsfoto-auf-der-Karlsbruecke.jpg?fit=1200%2C800&ssl=1&resize=350%2C200","width":350,"height":200,"srcset":"https:\/\/i0.wp.com\/blog.kunstgriff.net\/wp-content\/uploads\/2022\/05\/Erinnerungsfoto-auf-der-Karlsbruecke.jpg?fit=1200%2C800&ssl=1&resize=350%2C200 1x, https:\/\/i0.wp.com\/blog.kunstgriff.net\/wp-content\/uploads\/2022\/05\/Erinnerungsfoto-auf-der-Karlsbruecke.jpg?fit=1200%2C800&ssl=1&resize=525%2C300 1.5x, https:\/\/i0.wp.com\/blog.kunstgriff.net\/wp-content\/uploads\/2022\/05\/Erinnerungsfoto-auf-der-Karlsbruecke.jpg?fit=1200%2C800&ssl=1&resize=700%2C400 2x, https:\/\/i0.wp.com\/blog.kunstgriff.net\/wp-content\/uploads\/2022\/05\/Erinnerungsfoto-auf-der-Karlsbruecke.jpg?fit=1200%2C800&ssl=1&resize=1050%2C600 3x"},"classes":[]},{"id":22960,"url":"https:\/\/blog.kunstgriff.net\/?p=22960","url_meta":{"origin":4711,"position":2},"title":"Auf Friedensfahrt\u2013Kurs 2022 2. Tag: Teplice \u2013 Prag","author":"Georg","date":"Mai 27, 2022","format":false,"excerpt":"115 km | 971 H\u00f6henmeter Nach einem tiefen und erholsamen Schlaf und einem leckeren Fr\u00fchst\u00fcck mit warmen Porridge ging es nach dem routinierten Gep\u00e4ck-Verladen auf die \u00bbkurze\u00ab Strecke: etwas \u00fcber 110 Kilometer mit rund 900 H\u00f6henmeter sollten mich gut nach Prag bringen. So zumindest der Plan. Der ging auch erstmal\u2026","rel":"","context":"In &quot;Radfahren&quot;","block_context":{"text":"Radfahren","link":"https:\/\/blog.kunstgriff.net\/?cat=14"},"img":{"alt_text":"Feld","src":"https:\/\/i0.wp.com\/blog.kunstgriff.net\/wp-content\/uploads\/2022\/05\/Feld.jpg?fit=1200%2C800&ssl=1&resize=350%2C200","width":350,"height":200,"srcset":"https:\/\/i0.wp.com\/blog.kunstgriff.net\/wp-content\/uploads\/2022\/05\/Feld.jpg?fit=1200%2C800&ssl=1&resize=350%2C200 1x, https:\/\/i0.wp.com\/blog.kunstgriff.net\/wp-content\/uploads\/2022\/05\/Feld.jpg?fit=1200%2C800&ssl=1&resize=525%2C300 1.5x, https:\/\/i0.wp.com\/blog.kunstgriff.net\/wp-content\/uploads\/2022\/05\/Feld.jpg?fit=1200%2C800&ssl=1&resize=700%2C400 2x, https:\/\/i0.wp.com\/blog.kunstgriff.net\/wp-content\/uploads\/2022\/05\/Feld.jpg?fit=1200%2C800&ssl=1&resize=1050%2C600 3x"},"classes":[]},{"id":20675,"url":"https:\/\/blog.kunstgriff.net\/?p=20675","url_meta":{"origin":4711,"position":3},"title":"ERT 2020: Portugal\/Algarve 2. Tag","author":"Georg","date":"M\u00e4rz 2, 2020","format":false,"excerpt":"von Alcoutim nach S\u00e3o Br\u00e1s de Alportel Nach dem leckeren Fr\u00fchst\u00fcck ging es heute p\u00fcnktlich um 9 Uhr auf die Strecke. Der Plan war lang-kurz zu fahren, also erst die Nase der\u00a0 langen Strecke und nach dem Buffet zum Domizil f\u00fcr die Nacht. Das hatte einige Vorteile: wir konnten mit\u2026","rel":"","context":"In &quot;Radfahren&quot;","block_context":{"text":"Radfahren","link":"https:\/\/blog.kunstgriff.net\/?cat=14"},"img":{"alt_text":"endlose Landschaften","src":"https:\/\/i0.wp.com\/blog.kunstgriff.net\/wp-content\/uploads\/2020\/03\/endlose-Landschaften-scaled.jpg?fit=1200%2C1200&ssl=1&resize=350%2C200","width":350,"height":200,"srcset":"https:\/\/i0.wp.com\/blog.kunstgriff.net\/wp-content\/uploads\/2020\/03\/endlose-Landschaften-scaled.jpg?fit=1200%2C1200&ssl=1&resize=350%2C200 1x, https:\/\/i0.wp.com\/blog.kunstgriff.net\/wp-content\/uploads\/2020\/03\/endlose-Landschaften-scaled.jpg?fit=1200%2C1200&ssl=1&resize=525%2C300 1.5x, https:\/\/i0.wp.com\/blog.kunstgriff.net\/wp-content\/uploads\/2020\/03\/endlose-Landschaften-scaled.jpg?fit=1200%2C1200&ssl=1&resize=700%2C400 2x, https:\/\/i0.wp.com\/blog.kunstgriff.net\/wp-content\/uploads\/2020\/03\/endlose-Landschaften-scaled.jpg?fit=1200%2C1200&ssl=1&resize=1050%2C600 3x"},"classes":[]},{"id":22942,"url":"https:\/\/blog.kunstgriff.net\/?p=22942","url_meta":{"origin":4711,"position":4},"title":"Auf Friedensfahrt\u2013Kurs 2022 1. Tag: Chemnitz \u2013 Teplice","author":"Georg","date":"Mai 26, 2022","format":false,"excerpt":"120 km | 2.363 H\u00f6henmeter Nach drei Jahren \u00bbITF-Abstinenz\u00ab wollte ich doch mal wieder dabei sein und nach der doppelten Covid-Zwangspause die Berge in der tschechischen Grenzregion unter die R\u00e4der nehmen. Die Nacht war kurz, und die Autofahrt nach Chemnitz schnell erledigt. Ne Stunde vor Abfahrt hatte ich noch die\u2026","rel":"","context":"In &quot;Radfahren&quot;","block_context":{"text":"Radfahren","link":"https:\/\/blog.kunstgriff.net\/?cat=14"},"img":{"alt_text":"Da hinten ist die Augustusburg","src":"https:\/\/i0.wp.com\/blog.kunstgriff.net\/wp-content\/uploads\/2022\/05\/Da-hinten-ist-die-Augustusburg.jpg?fit=1200%2C800&ssl=1&resize=350%2C200","width":350,"height":200,"srcset":"https:\/\/i0.wp.com\/blog.kunstgriff.net\/wp-content\/uploads\/2022\/05\/Da-hinten-ist-die-Augustusburg.jpg?fit=1200%2C800&ssl=1&resize=350%2C200 1x, https:\/\/i0.wp.com\/blog.kunstgriff.net\/wp-content\/uploads\/2022\/05\/Da-hinten-ist-die-Augustusburg.jpg?fit=1200%2C800&ssl=1&resize=525%2C300 1.5x, https:\/\/i0.wp.com\/blog.kunstgriff.net\/wp-content\/uploads\/2022\/05\/Da-hinten-ist-die-Augustusburg.jpg?fit=1200%2C800&ssl=1&resize=700%2C400 2x, https:\/\/i0.wp.com\/blog.kunstgriff.net\/wp-content\/uploads\/2022\/05\/Da-hinten-ist-die-Augustusburg.jpg?fit=1200%2C800&ssl=1&resize=1050%2C600 3x"},"classes":[]},{"id":1753,"url":"https:\/\/blog.kunstgriff.net\/?p=1753","url_meta":{"origin":4711,"position":5},"title":"S\u00e4chsische Schweiz &#8211; Tag 2 (Samstag)","author":"Georg","date":"Juni 26, 2010","format":false,"excerpt":"148,3 km | 2.292 H\u00f6henmeter Der Tag begann ausgeruht, mit stark bew\u00f6lktem Himmel und einem sehr leckeren Fr\u00fchst\u00fcck um acht Uhr. Anschlie\u00dfend sollte es auf die rund 2.000 H\u00f6henmeter umfassende Tour gehen. Wir waren alle guter Dinge, denn die ersten Kilometer waren flach und die Steigungen begannen sehr moderat. Auch\u2026","rel":"","context":"In &quot;Allgemein&quot;","block_context":{"text":"Allgemein","link":"https:\/\/blog.kunstgriff.net\/?cat=1"},"img":{"alt_text":"","src":"https:\/\/i0.wp.com\/blog.kunstgriff.net\/wp-content\/uploads\/2010\/06\/DSCF1391.jpg?fit=750%2C1000&ssl=1&resize=350%2C200","width":350,"height":200,"srcset":"https:\/\/i0.wp.com\/blog.kunstgriff.net\/wp-content\/uploads\/2010\/06\/DSCF1391.jpg?fit=750%2C1000&ssl=1&resize=350%2C200 1x, https:\/\/i0.wp.com\/blog.kunstgriff.net\/wp-content\/uploads\/2010\/06\/DSCF1391.jpg?fit=750%2C1000&ssl=1&resize=525%2C300 1.5x, https:\/\/i0.wp.com\/blog.kunstgriff.net\/wp-content\/uploads\/2010\/06\/DSCF1391.jpg?fit=750%2C1000&ssl=1&resize=700%2C400 2x"},"classes":[]}],"jetpack_likes_enabled":true,"jetpack_sharing_enabled":true,"_links":{"self":[{"href":"https:\/\/blog.kunstgriff.net\/index.php?rest_route=\/wp\/v2\/posts\/4711","targetHints":{"allow":["GET"]}}],"collection":[{"href":"https:\/\/blog.kunstgriff.net\/index.php?rest_route=\/wp\/v2\/posts"}],"about":[{"href":"https:\/\/blog.kunstgriff.net\/index.php?rest_route=\/wp\/v2\/types\/post"}],"author":[{"embeddable":true,"href":"https:\/\/blog.kunstgriff.net\/index.php?rest_route=\/wp\/v2\/users\/2"}],"replies":[{"embeddable":true,"href":"https:\/\/blog.kunstgriff.net\/index.php?rest_route=%2Fwp%2Fv2%2Fcomments&post=4711"}],"version-history":[{"count":0,"href":"https:\/\/blog.kunstgriff.net\/index.php?rest_route=\/wp\/v2\/posts\/4711\/revisions"}],"wp:attachment":[{"href":"https:\/\/blog.kunstgriff.net\/index.php?rest_route=%2Fwp%2Fv2%2Fmedia&parent=4711"}],"wp:term":[{"taxonomy":"category","embeddable":true,"href":"https:\/\/blog.kunstgriff.net\/index.php?rest_route=%2Fwp%2Fv2%2Fcategories&post=4711"},{"taxonomy":"post_tag","embeddable":true,"href":"https:\/\/blog.kunstgriff.net\/index.php?rest_route=%2Fwp%2Fv2%2Ftags&post=4711"}],"curies":[{"name":"wp","href":"https:\/\/api.w.org\/{rel}","templated":true}]}}