{"id":4714,"date":"2011-06-05T22:27:42","date_gmt":"2011-06-05T20:27:42","guid":{"rendered":"http:\/\/blog.kunstgriff.net\/?p=4714"},"modified":"2016-09-01T12:59:40","modified_gmt":"2016-09-01T10:59:40","slug":"auf-friedensfahrt-%e2%80%93-kurs-2011-5-tag-horni-bradlo-brno","status":"publish","type":"post","link":"https:\/\/blog.kunstgriff.net\/?p=4714","title":{"rendered":"Auf Friedensfahrt \u2013 Kurs 2011 5. Tag Horn\u00ed Bradlo -> Brno"},"content":{"rendered":"<span class=\"span-reading-time rt-reading-time\" style=\"display: block;\"><span class=\"rt-label rt-prefix\">Lesezeit: <\/span> <span class=\"rt-time\"> 3<\/span> <span class=\"rt-label rt-postfix\">Minuten<\/span><\/span><h4>168,61 km | 2.242 H\u00f6henmeter\u00a0| 14,6 % maximale Steigung<\/h4>\n<hr \/>\n<p>Die Nacht war erstaunlich komfortabel in der einfachen Unterkunft. Nach kurzer <em>Katzenw\u00e4sche<\/em> machten wir uns zum gro\u00dfen Fr\u00fchst\u00fccksraum auf. Die Auswahl war leider sehr bescheiden: Ein Joghurt, Brot, Honig, Marmelade. Einen Plastikbecher mit gezuckertem Wasser, als Tee deklariert. Kaffee &#8211; Fehlanzeige. Dann ein morgendlicher Gruss von Peter Scheunemann <em>\u00bbLasst Euch das Fr\u00fchst\u00fcck schmecken!\u00ab<\/em><\/p>\n<p>Nach dem <del datetime=\"2011-06-07T19:37:08+00:00\">Fr\u00fchst\u00fcck<\/del> Snack dann schnell Taschen packen, in den LKW verladen und Abfahrt! Lockeres Einrollen durch den Wald,\u00a0auf fast trockenen Strassen\u00a0gegen die aufgehende Sonne. Dann die ersten l\u00e4ngeren Anstiege hinauf. Anschwitzen.\u00a0<em>Herrlich!<\/em><\/p>\n<p><a href=\"https:\/\/i0.wp.com\/blog.kunstgriff.net\/wp-content\/uploads\/2011\/06\/IMG_2231.jpg\"><img data-recalc-dims=\"1\" loading=\"lazy\" decoding=\"async\" data-attachment-id=\"4817\" data-permalink=\"https:\/\/blog.kunstgriff.net\/?attachment_id=4817\" data-orig-file=\"https:\/\/i0.wp.com\/blog.kunstgriff.net\/wp-content\/uploads\/2011\/06\/IMG_2231.jpg?fit=800%2C600&amp;ssl=1\" data-orig-size=\"800,600\" data-comments-opened=\"1\" data-image-meta=\"{&quot;aperture&quot;:&quot;2.8&quot;,&quot;credit&quot;:&quot;&quot;,&quot;camera&quot;:&quot;Canon DIGITAL IXUS 870 IS&quot;,&quot;caption&quot;:&quot;&quot;,&quot;created_timestamp&quot;:&quot;1307252507&quot;,&quot;copyright&quot;:&quot;&quot;,&quot;focal_length&quot;:&quot;5&quot;,&quot;iso&quot;:&quot;250&quot;,&quot;shutter_speed&quot;:&quot;0.002&quot;,&quot;title&quot;:&quot;&quot;}\" data-image-title=\"IMG_2231\" data-image-description=\"\" data-image-caption=\"\" data-large-file=\"https:\/\/i0.wp.com\/blog.kunstgriff.net\/wp-content\/uploads\/2011\/06\/IMG_2231.jpg?fit=800%2C600&amp;ssl=1\" class=\"alignleft wp-image-4817 size-medium\" style=\"margin: 5px;\" title=\"IMG_2231\" src=\"https:\/\/i0.wp.com\/blog.kunstgriff.net\/wp-content\/uploads\/2011\/06\/IMG_2231-300x225.jpg?resize=300%2C225\" width=\"300\" height=\"225\" srcset=\"https:\/\/i0.wp.com\/blog.kunstgriff.net\/wp-content\/uploads\/2011\/06\/IMG_2231.jpg?resize=300%2C225&amp;ssl=1 300w, https:\/\/i0.wp.com\/blog.kunstgriff.net\/wp-content\/uploads\/2011\/06\/IMG_2231.jpg?w=800&amp;ssl=1 800w\" sizes=\"auto, (max-width: 300px) 100vw, 300px\" \/><\/a>Aber was war das?\u00a0Meine Beine machten nicht was der Kopf wollte und <em>\u00bbDas Wiesel\u00ab<\/em> freute sich riesig, den <em>\u00bbGarmin Schorsch\u00ab<\/em> am Berg abgekocht zu haben. Schon erstaunlich, welche Leistung tagelange Enthaltsamkeit gepaart mit der richtigen Dosis Koffein bei<em> \u00bbDas Wiesel\u00ab<\/em> entfalten kann. Sie hatte n\u00e4mlich noch einen Kaffee ergattern k\u00f6nnen.<\/p>\n<p>Die Landschaft war, wie schon an den vorherigen Tagen, bezaubernd und die kleine Gruppe harmonierte hervorragend. Es ging entlang eines Stausees und an dem gro\u00dfen Staudamm am Ende des Sees hatte das Orga-Team wieder ein leckeres Buffet f\u00fcr uns vorbereitet.<\/p>\n<p><a href=\"https:\/\/i0.wp.com\/blog.kunstgriff.net\/wp-content\/uploads\/2011\/06\/IMG_2238.jpg\"><img data-recalc-dims=\"1\" loading=\"lazy\" decoding=\"async\" data-attachment-id=\"4818\" data-permalink=\"https:\/\/blog.kunstgriff.net\/?attachment_id=4818\" data-orig-file=\"https:\/\/i0.wp.com\/blog.kunstgriff.net\/wp-content\/uploads\/2011\/06\/IMG_2238.jpg?fit=800%2C600&amp;ssl=1\" data-orig-size=\"800,600\" data-comments-opened=\"1\" data-image-meta=\"{&quot;aperture&quot;:&quot;5.6&quot;,&quot;credit&quot;:&quot;&quot;,&quot;camera&quot;:&quot;Canon DIGITAL IXUS 870 IS&quot;,&quot;caption&quot;:&quot;&quot;,&quot;created_timestamp&quot;:&quot;1307262056&quot;,&quot;copyright&quot;:&quot;&quot;,&quot;focal_length&quot;:&quot;5&quot;,&quot;iso&quot;:&quot;100&quot;,&quot;shutter_speed&quot;:&quot;0.00125&quot;,&quot;title&quot;:&quot;&quot;}\" data-image-title=\"IMG_2238\" data-image-description=\"\" data-image-caption=\"\" data-large-file=\"https:\/\/i0.wp.com\/blog.kunstgriff.net\/wp-content\/uploads\/2011\/06\/IMG_2238.jpg?fit=800%2C600&amp;ssl=1\" class=\"alignright wp-image-4818 size-medium\" style=\"margin: 5px; border: 5px solid white;\" title=\"IMG_2238\" src=\"https:\/\/i0.wp.com\/blog.kunstgriff.net\/wp-content\/uploads\/2011\/06\/IMG_2238-300x225.jpg?resize=300%2C225\" width=\"300\" height=\"225\" srcset=\"https:\/\/i0.wp.com\/blog.kunstgriff.net\/wp-content\/uploads\/2011\/06\/IMG_2238.jpg?resize=300%2C225&amp;ssl=1 300w, https:\/\/i0.wp.com\/blog.kunstgriff.net\/wp-content\/uploads\/2011\/06\/IMG_2238.jpg?w=800&amp;ssl=1 800w\" sizes=\"auto, (max-width: 300px) 100vw, 300px\" \/><\/a>Nun teilte sich die Strecke erneut und wir bogen Links in den Berg auf die <em>Geniesser Runde<\/em> ein. Ordentlich Anstiege waren zu bew\u00e4ltigen, die die Gruppe mit viel Schweiss und Freude hochdr\u00fcckte.<\/p>\n<p>Es war Mittag und \u00fcber 30\u00b0 C und so musste ein Zwischenstopp an einer Tankstelle zum Flaschenf\u00fcllen, Pepsi und Dr. Pepper trinken eingelegt werden, bevor es zum Vierten und letzten mal in die Berge ging.<\/p>\n<p>Auf dem Kamm erwartete uns starker Gegenwind, der das Weiterkommen nach Brno nicht leichter machte. Ein paar H\u00fcgel sp\u00e4ter, 20 km vor Brno erwarteten uns dann drei Polizeifahrzeuge und eine Abgesandte des B\u00fcrgermeisters auf ihrem Tracking-Rad, um uns nach Brno zu eskortieren.<\/p>\n<p><a href=\"https:\/\/i0.wp.com\/blog.kunstgriff.net\/wp-content\/uploads\/2011\/06\/IMG_2241.jpg\"><img data-recalc-dims=\"1\" loading=\"lazy\" decoding=\"async\" data-attachment-id=\"4819\" data-permalink=\"https:\/\/blog.kunstgriff.net\/?attachment_id=4819\" data-orig-file=\"https:\/\/i0.wp.com\/blog.kunstgriff.net\/wp-content\/uploads\/2011\/06\/IMG_2241.jpg?fit=800%2C600&amp;ssl=1\" data-orig-size=\"800,600\" data-comments-opened=\"1\" data-image-meta=\"{&quot;aperture&quot;:&quot;2.8&quot;,&quot;credit&quot;:&quot;&quot;,&quot;camera&quot;:&quot;Canon DIGITAL IXUS 870 IS&quot;,&quot;caption&quot;:&quot;&quot;,&quot;created_timestamp&quot;:&quot;1307276398&quot;,&quot;copyright&quot;:&quot;&quot;,&quot;focal_length&quot;:&quot;5&quot;,&quot;iso&quot;:&quot;200&quot;,&quot;shutter_speed&quot;:&quot;0.002&quot;,&quot;title&quot;:&quot;&quot;}\" data-image-title=\"IMG_2241\" data-image-description=\"\" data-image-caption=\"\" data-large-file=\"https:\/\/i0.wp.com\/blog.kunstgriff.net\/wp-content\/uploads\/2011\/06\/IMG_2241.jpg?fit=800%2C600&amp;ssl=1\" class=\"alignleft wp-image-4819 size-medium\" style=\"margin: 5px; border: 5px solid white;\" title=\"IMG_2241\" src=\"https:\/\/i0.wp.com\/blog.kunstgriff.net\/wp-content\/uploads\/2011\/06\/IMG_2241-300x225.jpg?resize=300%2C225\" width=\"300\" height=\"225\" srcset=\"https:\/\/i0.wp.com\/blog.kunstgriff.net\/wp-content\/uploads\/2011\/06\/IMG_2241.jpg?resize=300%2C225&amp;ssl=1 300w, https:\/\/i0.wp.com\/blog.kunstgriff.net\/wp-content\/uploads\/2011\/06\/IMG_2241.jpg?w=800&amp;ssl=1 800w\" sizes=\"auto, (max-width: 300px) 100vw, 300px\" \/><\/a>Nach etwa 5 km mit Blaulicht-F\u00fchrung auf der Landstrasse bogen wir rechts in einen asphaltierten Waldweg ein, der wohl eine Art Trainingsstrecke der Br\u00fcnner Radsportfreunde war. Wir rollten bei sengender Hitze deren Haus-Berg hinauf. Alle waren wenig begeistert und tr\u00e4umten schon von Dusche und kaltem Pivo.<\/p>\n<p><a href=\"https:\/\/i0.wp.com\/blog.kunstgriff.net\/wp-content\/uploads\/2011\/06\/IMG_2254.jpg\"><img data-recalc-dims=\"1\" loading=\"lazy\" decoding=\"async\" data-attachment-id=\"4820\" data-permalink=\"https:\/\/blog.kunstgriff.net\/?attachment_id=4820\" data-orig-file=\"https:\/\/i0.wp.com\/blog.kunstgriff.net\/wp-content\/uploads\/2011\/06\/IMG_2254.jpg?fit=800%2C600&amp;ssl=1\" data-orig-size=\"800,600\" data-comments-opened=\"1\" data-image-meta=\"{&quot;aperture&quot;:&quot;2.8&quot;,&quot;credit&quot;:&quot;&quot;,&quot;camera&quot;:&quot;Canon DIGITAL IXUS 870 IS&quot;,&quot;caption&quot;:&quot;&quot;,&quot;created_timestamp&quot;:&quot;1307282231&quot;,&quot;copyright&quot;:&quot;&quot;,&quot;focal_length&quot;:&quot;5&quot;,&quot;iso&quot;:&quot;400&quot;,&quot;shutter_speed&quot;:&quot;0.04&quot;,&quot;title&quot;:&quot;&quot;}\" data-image-title=\"IMG_2254\" data-image-description=\"\" data-image-caption=\"\" data-large-file=\"https:\/\/i0.wp.com\/blog.kunstgriff.net\/wp-content\/uploads\/2011\/06\/IMG_2254.jpg?fit=800%2C600&amp;ssl=1\" class=\"alignright wp-image-4820 size-medium\" style=\"margin: 5px; border: 5px solid white;\" title=\"IMG_2254\" src=\"https:\/\/i0.wp.com\/blog.kunstgriff.net\/wp-content\/uploads\/2011\/06\/IMG_2254-300x225.jpg?resize=300%2C225\" width=\"300\" height=\"225\" srcset=\"https:\/\/i0.wp.com\/blog.kunstgriff.net\/wp-content\/uploads\/2011\/06\/IMG_2254.jpg?resize=300%2C225&amp;ssl=1 300w, https:\/\/i0.wp.com\/blog.kunstgriff.net\/wp-content\/uploads\/2011\/06\/IMG_2254.jpg?w=800&amp;ssl=1 800w\" sizes=\"auto, (max-width: 300px) 100vw, 300px\" \/><\/a>Peter hatte aber eine weitere \u00dcberraschung f\u00fcr uns parat: ein Besuch der Br\u00fcnner Grand-Prix Strecke, auf der gerade ein Jedermann-Motorradrennen stattfand, wurde noch in den Tagesablauf eingebaut, bevor es endlich auf <strong>in<\/strong>direktem Weg zum Hotel ging.<\/p>\n<p><a href=\"https:\/\/i0.wp.com\/blog.kunstgriff.net\/wp-content\/uploads\/2011\/06\/IMG_2262.jpg\"><img data-recalc-dims=\"1\" loading=\"lazy\" decoding=\"async\" data-attachment-id=\"4822\" data-permalink=\"https:\/\/blog.kunstgriff.net\/?attachment_id=4822\" data-orig-file=\"https:\/\/i0.wp.com\/blog.kunstgriff.net\/wp-content\/uploads\/2011\/06\/IMG_2262.jpg?fit=800%2C600&amp;ssl=1\" data-orig-size=\"800,600\" data-comments-opened=\"1\" data-image-meta=\"{&quot;aperture&quot;:&quot;2.8&quot;,&quot;credit&quot;:&quot;&quot;,&quot;camera&quot;:&quot;Canon DIGITAL IXUS 870 IS&quot;,&quot;caption&quot;:&quot;&quot;,&quot;created_timestamp&quot;:&quot;1307287580&quot;,&quot;copyright&quot;:&quot;&quot;,&quot;focal_length&quot;:&quot;5&quot;,&quot;iso&quot;:&quot;125&quot;,&quot;shutter_speed&quot;:&quot;0.002&quot;,&quot;title&quot;:&quot;&quot;}\" data-image-title=\"IMG_2262\" data-image-description=\"\" data-image-caption=\"\" data-large-file=\"https:\/\/i0.wp.com\/blog.kunstgriff.net\/wp-content\/uploads\/2011\/06\/IMG_2262.jpg?fit=800%2C600&amp;ssl=1\" class=\"alignleft wp-image-4822 size-medium\" style=\"margin: 5px; border: 5px solid white;\" title=\"IMG_2262\" src=\"https:\/\/i0.wp.com\/blog.kunstgriff.net\/wp-content\/uploads\/2011\/06\/IMG_2262-300x225.jpg?resize=300%2C225\" width=\"300\" height=\"225\" srcset=\"https:\/\/i0.wp.com\/blog.kunstgriff.net\/wp-content\/uploads\/2011\/06\/IMG_2262.jpg?resize=300%2C225&amp;ssl=1 300w, https:\/\/i0.wp.com\/blog.kunstgriff.net\/wp-content\/uploads\/2011\/06\/IMG_2262.jpg?w=800&amp;ssl=1 800w\" sizes=\"auto, (max-width: 300px) 100vw, 300px\" \/><\/a>Das Hotel im Zentrum der 400.000 Einwohner Stadt bot uns l\u00e4ngst vergessenen Komfort: Dusche, Handwaschbescken und WC auf dem Zimmer, kostenloses WLAN, Betten die schon bezogen waren und Flachbildschirm-TV.<\/p>\n<p>Das leckere Abendessen und unser t\u00e4glicher Abendspaziergang mit Absacker-Pivo rundeten den erlebnisreichen Tag und die Friedensfahrt 2011 ab.<\/p>\n<p><em><strong>Fazit:<\/strong><\/em> eine sehr gelungene Friedensfahrt 2011. Dem professionellen Einsatz von Christel und Peter war es zu verdanken, das wir dieses Jahr wieder so unbeschwert auf dem Rad unterwegs sein konnten.<\/p>\n<p>Ich habe wieder viele tolle Rennfahrer getroffen und wieder gesehen. Ich freue mich schon <em>sehr<\/em> auf die Veranstaltung in 2012!<\/p>\n<table border=\"1\" cellspacing=\"0\" cellpadding=\"0\">\n<tbody>\n<tr>\n<td valign=\"top\" width=\"176\">Gesamtkilometer:<\/td>\n<td valign=\"top\" width=\"78\">787,30 km<\/td>\n<\/tr>\n<tr>\n<td valign=\"top\" width=\"176\">Rad gefahren:<\/td>\n<td valign=\"top\" width=\"78\">29:22:09 h<\/td>\n<\/tr>\n<tr>\n<td valign=\"top\" width=\"176\">Gesamth\u00f6henmeter:<\/td>\n<td valign=\"top\" width=\"78\">7.573 hm<\/td>\n<\/tr>\n<tr>\n<td valign=\"top\" width=\"176\">Kalorien verbrannt:<\/td>\n<td valign=\"top\" width=\"78\">18.841<\/td>\n<\/tr>\n<tr>\n<td valign=\"top\" width=\"176\">H\u00f6chstgeschwindigkeit:<\/td>\n<td valign=\"top\" width=\"78\">83,4 km\/h<\/td>\n<\/tr>\n<tr>\n<td valign=\"top\" width=\"176\">Maximale Steigung:<\/td>\n<td valign=\"top\" width=\"78\">16,4 %<\/td>\n<\/tr>\n<tr>\n<td valign=\"top\" width=\"176\">Durchschnittliche Wattzahl:<\/td>\n<td valign=\"top\" width=\"78\">ca. 166<\/td>\n<\/tr>\n<tr>\n<td valign=\"top\" width=\"176\">Durchschnittliche Aufstehzeit:<\/td>\n<td valign=\"top\" width=\"78\">6:34 Uhr<\/td>\n<\/tr>\n<tr>\n<td valign=\"top\" width=\"176\">Kuchenst\u00fccke gegessen:<\/td>\n<td valign=\"top\" width=\"78\">14<\/td>\n<\/tr>\n<tr>\n<td valign=\"top\" width=\"176\">Nutella-Vollkornbrot:<\/td>\n<td valign=\"top\" width=\"78\">25<\/td>\n<\/tr>\n<tr>\n<td valign=\"top\" width=\"176\">Ban\u00e4nschen:<\/td>\n<td valign=\"top\" width=\"78\">4<\/td>\n<\/tr>\n<tr>\n<td valign=\"top\" width=\"176\">Pivos<\/td>\n<td valign=\"top\" width=\"78\">7 \u2013 10<\/td>\n<\/tr>\n<tr>\n<td valign=\"top\" width=\"176\">Getroffene Schlagl\u00f6cher:<\/td>\n<td valign=\"top\" width=\"78\">0,4 %<\/td>\n<\/tr>\n<tr>\n<td valign=\"top\" width=\"176\">Spass gehabt:<\/td>\n<td valign=\"top\" width=\"78\">97 %<\/td>\n<\/tr>\n<\/tbody>\n<\/table>\n<p style=\"text-align: center;\"><a href=\"https:\/\/i0.wp.com\/blog.kunstgriff.net\/wp-content\/uploads\/2011\/06\/IMG_2258.jpg\"><span style=\"line-height: normal; font-size: small;\"><br \/>\n<\/span> <img data-recalc-dims=\"1\" loading=\"lazy\" decoding=\"async\" data-attachment-id=\"4821\" data-permalink=\"https:\/\/blog.kunstgriff.net\/?attachment_id=4821\" data-orig-file=\"https:\/\/i0.wp.com\/blog.kunstgriff.net\/wp-content\/uploads\/2011\/06\/IMG_2258.jpg?fit=800%2C600&amp;ssl=1\" data-orig-size=\"800,600\" data-comments-opened=\"1\" data-image-meta=\"{&quot;aperture&quot;:&quot;3.5&quot;,&quot;credit&quot;:&quot;&quot;,&quot;camera&quot;:&quot;Canon DIGITAL IXUS 870 IS&quot;,&quot;caption&quot;:&quot;&quot;,&quot;created_timestamp&quot;:&quot;1307283595&quot;,&quot;copyright&quot;:&quot;&quot;,&quot;focal_length&quot;:&quot;8.118&quot;,&quot;iso&quot;:&quot;80&quot;,&quot;shutter_speed&quot;:&quot;0.001&quot;,&quot;title&quot;:&quot;&quot;}\" data-image-title=\"IMG_2258\" data-image-description=\"\" data-image-caption=\"\" data-large-file=\"https:\/\/i0.wp.com\/blog.kunstgriff.net\/wp-content\/uploads\/2011\/06\/IMG_2258.jpg?fit=800%2C600&amp;ssl=1\" class=\"aligncenter size-full wp-image-4821\" title=\"IMG_2258\" src=\"https:\/\/i0.wp.com\/blog.kunstgriff.net\/wp-content\/uploads\/2011\/06\/IMG_2258.jpg?resize=504%2C378\" alt=\"\" width=\"504\" height=\"378\" srcset=\"https:\/\/i0.wp.com\/blog.kunstgriff.net\/wp-content\/uploads\/2011\/06\/IMG_2258.jpg?w=800&amp;ssl=1 800w, https:\/\/i0.wp.com\/blog.kunstgriff.net\/wp-content\/uploads\/2011\/06\/IMG_2258.jpg?resize=300%2C225&amp;ssl=1 300w\" sizes=\"auto, (max-width: 504px) 100vw, 504px\" \/><\/a><\/p>\n<p><iframe loading=\"lazy\" src=\"https:\/\/www.strava.com\/activities\/13532883\/embed\/887c448761fece90398d73cd40d25ebcdb7672d4\" width=\"590\" height=\"405\" frameborder=\"0\" scrolling=\"no\"><\/iframe><\/p>\n","protected":false},"excerpt":{"rendered":"<p>168,61 km | 2.242 H\u00f6henmeter\u00a0| 14,6 % maximale Steigung Die Nacht war erstaunlich komfortabel in der einfachen Unterkunft. Nach kurzer Katzenw\u00e4sche machten wir uns zum gro\u00dfen Fr\u00fchst\u00fccksraum auf. Die Auswahl war leider sehr bescheiden: Ein Joghurt, Brot, Honig, Marmelade. Einen Plastikbecher mit gezuckertem Wasser, als Tee deklariert. Kaffee &#8211; Fehlanzeige. Dann ein morgendlicher Gruss von &hellip; <\/p>\n<p class=\"link-more\"><a href=\"https:\/\/blog.kunstgriff.net\/?p=4714\" class=\"more-link\"><span class=\"screen-reader-text\">\u201eAuf Friedensfahrt \u2013 Kurs 2011 5. Tag Horn\u00ed Bradlo -> Brno\u201c <\/span>weiterlesen<\/a><\/p>\n","protected":false},"author":2,"featured_media":0,"comment_status":"open","ping_status":"open","sticky":false,"template":"","format":"standard","meta":{"jetpack_post_was_ever_published":false,"_jetpack_newsletter_access":"","_jetpack_dont_email_post_to_subs":false,"_jetpack_newsletter_tier_id":0,"_jetpack_memberships_contains_paywalled_content":false,"_jetpack_memberships_contains_paid_content":false,"footnotes":""},"categories":[25,14,13,7,36],"tags":[],"class_list":["post-4714","post","type-post","status-publish","format-standard","hentry","category-besonderes-ereignis","category-radfahren","category-radreise","category-rennradfahren","category-veranstaltungen"],"jetpack_featured_media_url":"","jetpack_shortlink":"https:\/\/wp.me\/p8Cxe7-1e2","jetpack-related-posts":[{"id":15616,"url":"https:\/\/blog.kunstgriff.net\/?p=15616","url_meta":{"origin":4714,"position":0},"title":"Auf Friedensfahrt\u2013Kurs 2017 2. Tag: Falkenberg -> Dresden (Prolog)","author":"Georg","date":"Mai 24, 2017","format":false,"excerpt":"128,4 km | 1.011 H\u00f6henmeter Recht windig und bew\u00f6lkt begann der Tag nach einem leckeren Fr\u00fchst\u00fcck in der Schloss-Herberge. Der auferlegte Plan war erst Einmal die restlichen Mitfahrer vom f\u00fcnf Kilometer entfernten Bahnhof abzuholen. Dort Ausharren war dort nicht das gr\u00f6\u00dfte Vergn\u00fcgen, zumal wir schon in Radbuchsen beim Fr\u00fchst\u00fcck erscheinen\u2026","rel":"","context":"In &quot;Radfahren&quot;","block_context":{"text":"Radfahren","link":"https:\/\/blog.kunstgriff.net\/?cat=14"},"img":{"alt_text":"","src":"https:\/\/i0.wp.com\/blog.kunstgriff.net\/wp-content\/uploads\/2017\/05\/Stoppomat-l%C3%A4uft-nicht-so-gut-wie-2011.jpg?fit=1200%2C800&ssl=1&resize=350%2C200","width":350,"height":200,"srcset":"https:\/\/i0.wp.com\/blog.kunstgriff.net\/wp-content\/uploads\/2017\/05\/Stoppomat-l%C3%A4uft-nicht-so-gut-wie-2011.jpg?fit=1200%2C800&ssl=1&resize=350%2C200 1x, https:\/\/i0.wp.com\/blog.kunstgriff.net\/wp-content\/uploads\/2017\/05\/Stoppomat-l%C3%A4uft-nicht-so-gut-wie-2011.jpg?fit=1200%2C800&ssl=1&resize=525%2C300 1.5x, https:\/\/i0.wp.com\/blog.kunstgriff.net\/wp-content\/uploads\/2017\/05\/Stoppomat-l%C3%A4uft-nicht-so-gut-wie-2011.jpg?fit=1200%2C800&ssl=1&resize=700%2C400 2x, https:\/\/i0.wp.com\/blog.kunstgriff.net\/wp-content\/uploads\/2017\/05\/Stoppomat-l%C3%A4uft-nicht-so-gut-wie-2011.jpg?fit=1200%2C800&ssl=1&resize=1050%2C600 3x"},"classes":[]},{"id":23276,"url":"https:\/\/blog.kunstgriff.net\/?p=23276","url_meta":{"origin":4714,"position":1},"title":"ERT Andalusien 2023 &#8211; Tag 3 &#8211; Manilva -> Ronda","author":"Georg","date":"M\u00e4rz 21, 2023","format":false,"excerpt":"93 km - 2.513 H\u00f6henmeter Nach einer Nacht in meinem Miniaturen-Zimmer ging es nach einem Miniaturen-Fr\u00fchst\u00fcck bestehend aus einer Tasse Kaffee, einem Orangensaft, einem sehr fettigen Croissant und einem Br\u00f6tchen - Nachschlag ausgeschlossen - heute auf die Piste nach Ronda. Endlich wieder Platz um sich haben auf dem Rad und\u2026","rel":"","context":"In &quot;Radfahren&quot;","block_context":{"text":"Radfahren","link":"https:\/\/blog.kunstgriff.net\/?cat=14"},"img":{"alt_text":"wundersch\u00f6ner Sonnenaufgang in Manilva","src":"https:\/\/i0.wp.com\/blog.kunstgriff.net\/wp-content\/uploads\/2023\/03\/wunderschoener-Sonnenaufgang-in-Manilva.jpeg?fit=1200%2C900&ssl=1&resize=350%2C200","width":350,"height":200,"srcset":"https:\/\/i0.wp.com\/blog.kunstgriff.net\/wp-content\/uploads\/2023\/03\/wunderschoener-Sonnenaufgang-in-Manilva.jpeg?fit=1200%2C900&ssl=1&resize=350%2C200 1x, https:\/\/i0.wp.com\/blog.kunstgriff.net\/wp-content\/uploads\/2023\/03\/wunderschoener-Sonnenaufgang-in-Manilva.jpeg?fit=1200%2C900&ssl=1&resize=525%2C300 1.5x, https:\/\/i0.wp.com\/blog.kunstgriff.net\/wp-content\/uploads\/2023\/03\/wunderschoener-Sonnenaufgang-in-Manilva.jpeg?fit=1200%2C900&ssl=1&resize=700%2C400 2x, https:\/\/i0.wp.com\/blog.kunstgriff.net\/wp-content\/uploads\/2023\/03\/wunderschoener-Sonnenaufgang-in-Manilva.jpeg?fit=1200%2C900&ssl=1&resize=1050%2C600 3x"},"classes":[]},{"id":15622,"url":"https:\/\/blog.kunstgriff.net\/?p=15622","url_meta":{"origin":4714,"position":2},"title":"Auf Friedensfahrt\u2013Kurs 2017 5. Tag: Vrchlab\u00ed -> Zittau","author":"Georg","date":"Mai 27, 2017","format":false,"excerpt":"123,7 km | 1.676\u00a0H\u00f6henmeter Der Tag begann extrem entspannt, denn die Vorgaben waren folgenderma\u00dfen: Ab 8 Uhr Fr\u00fchst\u00fcck und ab 9 Uhr Gep\u00e4ck verladen. Wir konnten uns also entspannt um kurz vor 8 zum Fr\u00fchst\u00fcck einfinden. Gut war \u00bbkurz vor\u00ab denn bereits um \u00bbkurz nach\u00ab bildete sich eine lange Schlange.\u2026","rel":"","context":"In &quot;Radfahren&quot;","block_context":{"text":"Radfahren","link":"https:\/\/blog.kunstgriff.net\/?cat=14"},"img":{"alt_text":"","src":"https:\/\/i0.wp.com\/blog.kunstgriff.net\/wp-content\/uploads\/2017\/05\/Noch-so-ein-Kanten.jpg?fit=1200%2C800&ssl=1&resize=350%2C200","width":350,"height":200,"srcset":"https:\/\/i0.wp.com\/blog.kunstgriff.net\/wp-content\/uploads\/2017\/05\/Noch-so-ein-Kanten.jpg?fit=1200%2C800&ssl=1&resize=350%2C200 1x, https:\/\/i0.wp.com\/blog.kunstgriff.net\/wp-content\/uploads\/2017\/05\/Noch-so-ein-Kanten.jpg?fit=1200%2C800&ssl=1&resize=525%2C300 1.5x, https:\/\/i0.wp.com\/blog.kunstgriff.net\/wp-content\/uploads\/2017\/05\/Noch-so-ein-Kanten.jpg?fit=1200%2C800&ssl=1&resize=700%2C400 2x, https:\/\/i0.wp.com\/blog.kunstgriff.net\/wp-content\/uploads\/2017\/05\/Noch-so-ein-Kanten.jpg?fit=1200%2C800&ssl=1&resize=1050%2C600 3x"},"classes":[]},{"id":16702,"url":"https:\/\/blog.kunstgriff.net\/?p=16702","url_meta":{"origin":4714,"position":3},"title":"ERT 2017: Pyren\u00e4en 7. Etappe","author":"Georg","date":"September 24, 2017","format":false,"excerpt":"Banca \u2013 Gourette Unser erstes franz\u00f6sisches Fr\u00fchst\u00fcck war lecker und f\u00fcr den entlegenen Bergort eigentlich recht sehr umfangreich. Einziger Wermutstropfen war die etwas ungewohnte Begr\u00fc\u00dfung eines Teammitglieds der Leistungstr\u00e4ger: Ich wurde mit der Frage begr\u00fcsst, was ich denn schon um 6.30 Uhr beim Fr\u00fchst\u00fcck wollte. Diese Urzeit sei den Fr\u00fchstartern\u2026","rel":"","context":"In &quot;Radfahren&quot;","block_context":{"text":"Radfahren","link":"https:\/\/blog.kunstgriff.net\/?cat=14"},"img":{"alt_text":"","src":"https:\/\/i0.wp.com\/blog.kunstgriff.net\/wp-content\/uploads\/2017\/10\/Morgennebel.jpg?fit=1200%2C800&ssl=1&resize=350%2C200","width":350,"height":200,"srcset":"https:\/\/i0.wp.com\/blog.kunstgriff.net\/wp-content\/uploads\/2017\/10\/Morgennebel.jpg?fit=1200%2C800&ssl=1&resize=350%2C200 1x, https:\/\/i0.wp.com\/blog.kunstgriff.net\/wp-content\/uploads\/2017\/10\/Morgennebel.jpg?fit=1200%2C800&ssl=1&resize=525%2C300 1.5x, https:\/\/i0.wp.com\/blog.kunstgriff.net\/wp-content\/uploads\/2017\/10\/Morgennebel.jpg?fit=1200%2C800&ssl=1&resize=700%2C400 2x, https:\/\/i0.wp.com\/blog.kunstgriff.net\/wp-content\/uploads\/2017\/10\/Morgennebel.jpg?fit=1200%2C800&ssl=1&resize=1050%2C600 3x"},"classes":[]},{"id":20675,"url":"https:\/\/blog.kunstgriff.net\/?p=20675","url_meta":{"origin":4714,"position":4},"title":"ERT 2020: Portugal\/Algarve 2. Tag","author":"Georg","date":"M\u00e4rz 2, 2020","format":false,"excerpt":"von Alcoutim nach S\u00e3o Br\u00e1s de Alportel Nach dem leckeren Fr\u00fchst\u00fcck ging es heute p\u00fcnktlich um 9 Uhr auf die Strecke. Der Plan war lang-kurz zu fahren, also erst die Nase der\u00a0 langen Strecke und nach dem Buffet zum Domizil f\u00fcr die Nacht. Das hatte einige Vorteile: wir konnten mit\u2026","rel":"","context":"In &quot;Radfahren&quot;","block_context":{"text":"Radfahren","link":"https:\/\/blog.kunstgriff.net\/?cat=14"},"img":{"alt_text":"endlose Landschaften","src":"https:\/\/i0.wp.com\/blog.kunstgriff.net\/wp-content\/uploads\/2020\/03\/endlose-Landschaften-scaled.jpg?fit=1200%2C1200&ssl=1&resize=350%2C200","width":350,"height":200,"srcset":"https:\/\/i0.wp.com\/blog.kunstgriff.net\/wp-content\/uploads\/2020\/03\/endlose-Landschaften-scaled.jpg?fit=1200%2C1200&ssl=1&resize=350%2C200 1x, https:\/\/i0.wp.com\/blog.kunstgriff.net\/wp-content\/uploads\/2020\/03\/endlose-Landschaften-scaled.jpg?fit=1200%2C1200&ssl=1&resize=525%2C300 1.5x, https:\/\/i0.wp.com\/blog.kunstgriff.net\/wp-content\/uploads\/2020\/03\/endlose-Landschaften-scaled.jpg?fit=1200%2C1200&ssl=1&resize=700%2C400 2x, https:\/\/i0.wp.com\/blog.kunstgriff.net\/wp-content\/uploads\/2020\/03\/endlose-Landschaften-scaled.jpg?fit=1200%2C1200&ssl=1&resize=1050%2C600 3x"},"classes":[]},{"id":13415,"url":"https:\/\/blog.kunstgriff.net\/?p=13415","url_meta":{"origin":4714,"position":5},"title":"Auf Friedensfahrt\u2013Kurs 2016 2. Tag: G\u00f6rlitz -> Liberec","author":"Georg","date":"Mai 5, 2016","format":false,"excerpt":"117 km | 1.891 H\u00f6henmeterNach dem entspannten Fr\u00fchst\u00fcck wurde um 9 Uhr das Gep\u00e4ck verladen. Dann ging es zum Hauptbahnhof um die restlichen 100 Mitfahrer zu begr\u00fc\u00dfen. Nach Peters Ansprache gingen dann die mehr als 100 Radlerinnen und Radler\u00a0auf die Strecke. Ein imposanter Anblick. Erst zur Landeskrone, dann gen S\u00fcden.\u2026","rel":"","context":"In &quot;Besonderes Ereignis&quot;","block_context":{"text":"Besonderes Ereignis","link":"https:\/\/blog.kunstgriff.net\/?cat=25"},"img":{"alt_text":"","src":"https:\/\/i0.wp.com\/blog.kunstgriff.net\/wp-content\/uploads\/2016\/05\/07-Heftige-Anstiege-mit-17.jpg?fit=1200%2C900&ssl=1&resize=350%2C200","width":350,"height":200,"srcset":"https:\/\/i0.wp.com\/blog.kunstgriff.net\/wp-content\/uploads\/2016\/05\/07-Heftige-Anstiege-mit-17.jpg?fit=1200%2C900&ssl=1&resize=350%2C200 1x, https:\/\/i0.wp.com\/blog.kunstgriff.net\/wp-content\/uploads\/2016\/05\/07-Heftige-Anstiege-mit-17.jpg?fit=1200%2C900&ssl=1&resize=525%2C300 1.5x, https:\/\/i0.wp.com\/blog.kunstgriff.net\/wp-content\/uploads\/2016\/05\/07-Heftige-Anstiege-mit-17.jpg?fit=1200%2C900&ssl=1&resize=700%2C400 2x, https:\/\/i0.wp.com\/blog.kunstgriff.net\/wp-content\/uploads\/2016\/05\/07-Heftige-Anstiege-mit-17.jpg?fit=1200%2C900&ssl=1&resize=1050%2C600 3x"},"classes":[]}],"jetpack_likes_enabled":true,"jetpack_sharing_enabled":true,"_links":{"self":[{"href":"https:\/\/blog.kunstgriff.net\/index.php?rest_route=\/wp\/v2\/posts\/4714","targetHints":{"allow":["GET"]}}],"collection":[{"href":"https:\/\/blog.kunstgriff.net\/index.php?rest_route=\/wp\/v2\/posts"}],"about":[{"href":"https:\/\/blog.kunstgriff.net\/index.php?rest_route=\/wp\/v2\/types\/post"}],"author":[{"embeddable":true,"href":"https:\/\/blog.kunstgriff.net\/index.php?rest_route=\/wp\/v2\/users\/2"}],"replies":[{"embeddable":true,"href":"https:\/\/blog.kunstgriff.net\/index.php?rest_route=%2Fwp%2Fv2%2Fcomments&post=4714"}],"version-history":[{"count":0,"href":"https:\/\/blog.kunstgriff.net\/index.php?rest_route=\/wp\/v2\/posts\/4714\/revisions"}],"wp:attachment":[{"href":"https:\/\/blog.kunstgriff.net\/index.php?rest_route=%2Fwp%2Fv2%2Fmedia&parent=4714"}],"wp:term":[{"taxonomy":"category","embeddable":true,"href":"https:\/\/blog.kunstgriff.net\/index.php?rest_route=%2Fwp%2Fv2%2Fcategories&post=4714"},{"taxonomy":"post_tag","embeddable":true,"href":"https:\/\/blog.kunstgriff.net\/index.php?rest_route=%2Fwp%2Fv2%2Ftags&post=4714"}],"curies":[{"name":"wp","href":"https:\/\/api.w.org\/{rel}","templated":true}]}}