{"id":5036,"date":"2011-06-27T19:33:00","date_gmt":"2011-06-27T17:33:00","guid":{"rendered":"http:\/\/blog.kunstgriff.net\/?p=5036"},"modified":"2016-08-31T14:17:45","modified_gmt":"2016-08-31T12:17:45","slug":"14-fichkona-2011","status":"publish","type":"post","link":"https:\/\/blog.kunstgriff.net\/?p=5036","title":{"rendered":"14. Fichkona 2011"},"content":{"rendered":"<span class=\"span-reading-time rt-reading-time\" style=\"display: block;\"><span class=\"rt-label rt-prefix\">Lesezeit: <\/span> <span class=\"rt-time\"> 10<\/span> <span class=\"rt-label rt-postfix\">Minuten<\/span><\/span><h4>oder \u00bbschlaflos im Sattel\u00ab<\/h4>\n<hr \/>\n<p>Die ganze Woche hatte ich gehadert: Fahr ich oder fahr ich nicht. Zuletzt war die Anreise an den Fichtelberg nicht 100%ig gekl\u00e4rt und mein Schweinehund hatte diese Schwierigkeit als Absagegrund interpretiert.<\/p>\n<p>Doch die Anreiseschwierigkeiten wurden gegl\u00e4ttet. In einem Bully von Anna hatten mein Rad und ich eine komfortable Anreise ins rund 300 km entfernte <a href=\"http:\/\/www.burkhardtsdorf.de\/\" target=\"_blank\">Burkhardtsdorf<\/a>. Dort durfte ich mit meinen Sportkameraden Diana, Alex, Uwe und Raoul \u00fcbernachten und am Samstag Morgen ein leckeres Fr\u00fchst\u00fcck bei den Gro\u00dfeltern genie\u00dfen, bevor es mit dem Bus hoch auf den Fichtelberg ging.<\/p>\n<p><a href=\"https:\/\/i0.wp.com\/blog.kunstgriff.net\/wp-content\/uploads\/2011\/06\/01-Auf-dem-Fichtelberg-vor-dem-Start.jpg\"><img data-recalc-dims=\"1\" loading=\"lazy\" decoding=\"async\" data-attachment-id=\"5060\" data-permalink=\"https:\/\/blog.kunstgriff.net\/?attachment_id=5060\" data-orig-file=\"https:\/\/i0.wp.com\/blog.kunstgriff.net\/wp-content\/uploads\/2011\/06\/01-Auf-dem-Fichtelberg-vor-dem-Start.jpg?fit=800%2C600&amp;ssl=1\" data-orig-size=\"800,600\" data-comments-opened=\"1\" data-image-meta=\"{&quot;aperture&quot;:&quot;2.8&quot;,&quot;credit&quot;:&quot;&quot;,&quot;camera&quot;:&quot;Canon DIGITAL IXUS 870 IS&quot;,&quot;caption&quot;:&quot;&quot;,&quot;created_timestamp&quot;:&quot;1308988463&quot;,&quot;copyright&quot;:&quot;&quot;,&quot;focal_length&quot;:&quot;5&quot;,&quot;iso&quot;:&quot;80&quot;,&quot;shutter_speed&quot;:&quot;0.001&quot;,&quot;title&quot;:&quot;&quot;}\" data-image-title=\"01 Auf dem Fichtelberg vor dem Start\" data-image-description=\"\" data-image-caption=\"\" data-large-file=\"https:\/\/i0.wp.com\/blog.kunstgriff.net\/wp-content\/uploads\/2011\/06\/01-Auf-dem-Fichtelberg-vor-dem-Start.jpg?fit=800%2C600&amp;ssl=1\" class=\"alignleft wp-image-5060 size-medium\" style=\"margin: 5px;\" title=\"01 Auf dem Fichtelberg vor dem Start\" src=\"https:\/\/i0.wp.com\/blog.kunstgriff.net\/wp-content\/uploads\/2011\/06\/01-Auf-dem-Fichtelberg-vor-dem-Start-300x225.jpg?resize=300%2C225\" width=\"300\" height=\"225\" srcset=\"https:\/\/i0.wp.com\/blog.kunstgriff.net\/wp-content\/uploads\/2011\/06\/01-Auf-dem-Fichtelberg-vor-dem-Start.jpg?resize=300%2C225&amp;ssl=1 300w, https:\/\/i0.wp.com\/blog.kunstgriff.net\/wp-content\/uploads\/2011\/06\/01-Auf-dem-Fichtelberg-vor-dem-Start.jpg?w=800&amp;ssl=1 800w\" sizes=\"auto, (max-width: 300px) 100vw, 300px\" \/><\/a>Nun stand ich hier, mit 178 verr\u00fcckten Radler\/innen und mein Schweinehund begegnet mir erneut und fragte: <em>\u00bbBist du wirklich so verr\u00fcckt und m\u00f6chtest 24 Stunden auf deinem Rad verbringen um mindestens 600 km abzukurbeln?\u00ab<\/em> Die Antwort war bei bei 8\u00b0C und starkem Wind nicht wirklich leicht, aber ein leises <em>\u00bbJa, ich will!\u00ab<\/em> kam \u00fcber meine Lippen. Nach Glockengel\u00e4ut, ging es dann endlich gemeinsam den Fichtelberg hinunter.<\/p>\n<p><a href=\"https:\/\/i0.wp.com\/blog.kunstgriff.net\/wp-content\/uploads\/2011\/06\/02-entspanntes-Warten-auf-den-Start-zur-14.-Fichkona-2011.jpg\"><img data-recalc-dims=\"1\" loading=\"lazy\" decoding=\"async\" data-attachment-id=\"5061\" data-permalink=\"https:\/\/blog.kunstgriff.net\/?attachment_id=5061\" data-orig-file=\"https:\/\/i0.wp.com\/blog.kunstgriff.net\/wp-content\/uploads\/2011\/06\/02-entspanntes-Warten-auf-den-Start-zur-14.-Fichkona-2011.jpg?fit=800%2C600&amp;ssl=1\" data-orig-size=\"800,600\" data-comments-opened=\"1\" data-image-meta=\"{&quot;aperture&quot;:&quot;2.8&quot;,&quot;credit&quot;:&quot;&quot;,&quot;camera&quot;:&quot;Canon DIGITAL IXUS 870 IS&quot;,&quot;caption&quot;:&quot;&quot;,&quot;created_timestamp&quot;:&quot;1308988634&quot;,&quot;copyright&quot;:&quot;&quot;,&quot;focal_length&quot;:&quot;5&quot;,&quot;iso&quot;:&quot;100&quot;,&quot;shutter_speed&quot;:&quot;0.002&quot;,&quot;title&quot;:&quot;&quot;}\" data-image-title=\"02 entspanntes Warten auf den Start zur 14. Fichkona 2011\" data-image-description=\"\" data-image-caption=\"\" data-large-file=\"https:\/\/i0.wp.com\/blog.kunstgriff.net\/wp-content\/uploads\/2011\/06\/02-entspanntes-Warten-auf-den-Start-zur-14.-Fichkona-2011.jpg?fit=800%2C600&amp;ssl=1\" class=\"alignright wp-image-5061 size-medium\" style=\"margin: 5px;\" title=\"02 entspanntes Warten auf den Start zur 14. Fichkona 2011\" src=\"https:\/\/i0.wp.com\/blog.kunstgriff.net\/wp-content\/uploads\/2011\/06\/02-entspanntes-Warten-auf-den-Start-zur-14.-Fichkona-2011-300x225.jpg?resize=300%2C225\" width=\"300\" height=\"225\" srcset=\"https:\/\/i0.wp.com\/blog.kunstgriff.net\/wp-content\/uploads\/2011\/06\/02-entspanntes-Warten-auf-den-Start-zur-14.-Fichkona-2011.jpg?resize=300%2C225&amp;ssl=1 300w, https:\/\/i0.wp.com\/blog.kunstgriff.net\/wp-content\/uploads\/2011\/06\/02-entspanntes-Warten-auf-den-Start-zur-14.-Fichkona-2011.jpg?w=800&amp;ssl=1 800w\" sizes=\"auto, (max-width: 300px) 100vw, 300px\" \/><\/a>Die ersten Kilometer rollen hervorragend, die grosse Gruppe bot komfortablen Windschatten und es ging auch fast ausschlie\u00dflich bergab. Das Erzgebirge hielt aber auch gleich einige knackige Anstiege bereit, die es warm werden lie\u00dfen, unter meiner Windweste.<\/p>\n<p>Trotz stark bew\u00f6lkten Himmels blitzt immer wieder die Sonne hinter der dichten Wolkendecke hervor und zaubert mir ein L\u00e4cheln ins Gesicht. Der Blick auf den <a href=\"http:\/\/www.amazon.de\/gp\/product\/B00424LN5G\/ref=as_li_ss_tl?ie=UTF8&amp;tag=gaba08-21&amp;linkCode=as2&amp;camp=1638&amp;creative=19454&amp;creativeASIN=B00424LN5G\">Garmin Edge 800<\/a><img loading=\"lazy\" decoding=\"async\" style=\"border: none !important; margin: 0px !important;\" src=\"http:\/\/www.assoc-amazon.de\/e\/ir?t=&amp;l=as2&amp;o=3&amp;a=B00424LN5G\" alt=\"\" width=\"1\" height=\"1\" border=\"0\" \/> nach einer Stunde lie\u00df mich aber erschauern und brachte mich wieder hart auf den Boden zur\u00fcck: Erst 34 km gefahren und noch mindestens 570 km <em>\u00bbto go\u00ab<\/em>. Diese Zahl kreiste eine Weile in meinem Kopf. Sie ist nicht erfassbar, nicht vorstellbar, nicht kalkulierbar f\u00fcr mich. Meine l\u00e4ngste Strecke die ich auf dem Rad am St\u00fcck zur\u00fcck gelegt hatte, waren knapp \u00fcber 300 km, also etwa die H\u00e4lfte von dem, was mir in den n\u00e4chsten 24 Stunden noch bevorstehen w\u00fcrde.<\/p>\n<p>Nach 40 km k<a href=\"https:\/\/i0.wp.com\/blog.kunstgriff.net\/wp-content\/uploads\/2011\/06\/03-Meine-lieben-Mitfahrer.jpg\"><img data-recalc-dims=\"1\" loading=\"lazy\" decoding=\"async\" data-attachment-id=\"5062\" data-permalink=\"https:\/\/blog.kunstgriff.net\/?attachment_id=5062\" data-orig-file=\"https:\/\/i0.wp.com\/blog.kunstgriff.net\/wp-content\/uploads\/2011\/06\/03-Meine-lieben-Mitfahrer.jpg?fit=800%2C600&amp;ssl=1\" data-orig-size=\"800,600\" data-comments-opened=\"1\" data-image-meta=\"{&quot;aperture&quot;:&quot;2.8&quot;,&quot;credit&quot;:&quot;&quot;,&quot;camera&quot;:&quot;Canon DIGITAL IXUS 870 IS&quot;,&quot;caption&quot;:&quot;&quot;,&quot;created_timestamp&quot;:&quot;1308988803&quot;,&quot;copyright&quot;:&quot;&quot;,&quot;focal_length&quot;:&quot;5&quot;,&quot;iso&quot;:&quot;80&quot;,&quot;shutter_speed&quot;:&quot;0.0015625&quot;,&quot;title&quot;:&quot;&quot;}\" data-image-title=\"03 Meine lieben Mitfahrer\" data-image-description=\"\" data-image-caption=\"\" data-large-file=\"https:\/\/i0.wp.com\/blog.kunstgriff.net\/wp-content\/uploads\/2011\/06\/03-Meine-lieben-Mitfahrer.jpg?fit=800%2C600&amp;ssl=1\" class=\"alignleft wp-image-5062 size-medium\" style=\"margin: 5px;\" title=\"03 Meine lieben Mitfahrer\" src=\"https:\/\/i0.wp.com\/blog.kunstgriff.net\/wp-content\/uploads\/2011\/06\/03-Meine-lieben-Mitfahrer-300x225.jpg?resize=300%2C225\" width=\"300\" height=\"225\" srcset=\"https:\/\/i0.wp.com\/blog.kunstgriff.net\/wp-content\/uploads\/2011\/06\/03-Meine-lieben-Mitfahrer.jpg?resize=300%2C225&amp;ssl=1 300w, https:\/\/i0.wp.com\/blog.kunstgriff.net\/wp-content\/uploads\/2011\/06\/03-Meine-lieben-Mitfahrer.jpg?w=800&amp;ssl=1 800w\" sizes=\"auto, (max-width: 300px) 100vw, 300px\" \/><\/a>m gab es dann den ersten kurzen Halt f\u00fcr eine <a href=\"http:\/\/blog.kunstgriff.net\/Bilda\/PPause.html\" target=\"_blank\">P-Pause<\/a> und eine Gruppenaufteilung. Das gro\u00dfe Feld wurde nun in vier Leistungsklassen aufgeteilt. Diana, Raoul, Uwe und ich \u00fcberlegen ob wir es wagen sollen, uns der ersten Gruppe anzuschliessen. Verwarfen den Plan aber. Nicht weil wir bef\u00fcrchteten, deren hohes Tempo nicht fahren zu k\u00f6nnen, sondern weil wir wussten, das in dieser Gruppe an den Verpflegungspunkten nur extrem kurz pausiert werden w\u00fcrde. Das wollen wir uns aufgrund der Un\u00fcberschaubarkeit der Distanz und Fahrzeit dann doch nicht antun.\u00a0<em>Gute Entscheidung.<\/em><\/p>\n<p>Nach ewig langen zehn Minuten machen wir uns hinter dem Mercedes Vito F\u00fchrungsfahrzeug weiter auf den Weg nach Norden. Es blieb wellig. Das deutschen Mittelgebirge will geb\u00fcgelt werden. Leider fuhr der F\u00fchrungswagen nicht so homogen wie wir Radler uns das w\u00fcnschten, denn in Senken, die wir zum Schwung nehmen nutzen k\u00f6nnten, um den n\u00e4chsten H\u00fcgel mit weniger Kraftanstrengung zu erklimmen, bremst er aus nicht ersichtlichen Gr\u00fcnden ab, und das Feld somit ein.<\/p>\n<p>Der mit gelb blinkenden Dachlicht des F\u00fchrungswagen durfte nicht \u00fcberholt werden und so blieb uns nichts anderes \u00fcbrig als abzubremsen, zu schalten und den Anstieg mit mehr Kraftaufwand zu \u00fcberqueren, als eigentlich n\u00f6tig gewesen w\u00e4re.<\/p>\n<p>An Kreuzungen und Einm\u00fcndungen in Bundesstrassen \u00fcbernahm das Fahrzeug aber auch die Aufgabe des <em>\u00bbroad-blockers\u00ab<\/em>, und brachte den fliessenden Kfz-Verkehr f\u00fcr uns Radler zu einem Halt. Auch rote Ampeln wurden oft, f\u00fcr uns Radfahrer, blockiert. <em>Frei Fahrt. Grosses Kino.<\/em><\/p>\n<p><a href=\"https:\/\/i0.wp.com\/blog.kunstgriff.net\/wp-content\/uploads\/2011\/06\/04-hier-muss-niemand-hungrig-weiterfahren.jpg\"><img data-recalc-dims=\"1\" loading=\"lazy\" decoding=\"async\" data-attachment-id=\"5063\" data-permalink=\"https:\/\/blog.kunstgriff.net\/?attachment_id=5063\" data-orig-file=\"https:\/\/i0.wp.com\/blog.kunstgriff.net\/wp-content\/uploads\/2011\/06\/04-hier-muss-niemand-hungrig-weiterfahren.jpg?fit=800%2C600&amp;ssl=1\" data-orig-size=\"800,600\" data-comments-opened=\"1\" data-image-meta=\"{&quot;aperture&quot;:&quot;5.6&quot;,&quot;credit&quot;:&quot;&quot;,&quot;camera&quot;:&quot;Canon DIGITAL IXUS 870 IS&quot;,&quot;caption&quot;:&quot;&quot;,&quot;created_timestamp&quot;:&quot;1309000707&quot;,&quot;copyright&quot;:&quot;&quot;,&quot;focal_length&quot;:&quot;5&quot;,&quot;iso&quot;:&quot;80&quot;,&quot;shutter_speed&quot;:&quot;0.0015625&quot;,&quot;title&quot;:&quot;&quot;}\" data-image-title=\"04 hier muss niemand hungrig weiterfahren\" data-image-description=\"\" data-image-caption=\"\" data-large-file=\"https:\/\/i0.wp.com\/blog.kunstgriff.net\/wp-content\/uploads\/2011\/06\/04-hier-muss-niemand-hungrig-weiterfahren.jpg?fit=800%2C600&amp;ssl=1\" class=\"alignright wp-image-5063 size-medium\" style=\"margin: 5px;\" title=\"04 hier muss niemand hungrig weiterfahren\" src=\"https:\/\/i0.wp.com\/blog.kunstgriff.net\/wp-content\/uploads\/2011\/06\/04-hier-muss-niemand-hungrig-weiterfahren-300x225.jpg?resize=300%2C225\" width=\"300\" height=\"225\" srcset=\"https:\/\/i0.wp.com\/blog.kunstgriff.net\/wp-content\/uploads\/2011\/06\/04-hier-muss-niemand-hungrig-weiterfahren.jpg?resize=300%2C225&amp;ssl=1 300w, https:\/\/i0.wp.com\/blog.kunstgriff.net\/wp-content\/uploads\/2011\/06\/04-hier-muss-niemand-hungrig-weiterfahren.jpg?w=800&amp;ssl=1 800w\" sizes=\"auto, (max-width: 300px) 100vw, 300px\" \/><\/a>Nach knapp 90 Kilometern wartete die erste Verpflegungsstation auf uns. Ein perfekt organisierter Imbiss: Es gab alles, was das darbende Radfahrerherz begehrte. Vom Carbo-Riegel \u00fcber lecker geschmierte Br\u00f6tchen, Iso-Drinks, Bananen, Haferschleim, Br\u00fche, Nudelsalat, zu viel um alles aufzuz\u00e4hlen oder gar zu verk\u00f6stigen.<\/p>\n<p>Mit vollem Bauch ging es nach rund zwanzig Minuten weiter Richtung Norden. Chemnitz und Grimma und auch das Mittelgebirge hatten wir jetzt hinter uns gelassen.<\/p>\n<p>Auf einer la<a href=\"https:\/\/i0.wp.com\/blog.kunstgriff.net\/wp-content\/uploads\/2011\/06\/05-alles-im-Angebot.jpg\"><img data-recalc-dims=\"1\" loading=\"lazy\" decoding=\"async\" data-attachment-id=\"5064\" data-permalink=\"https:\/\/blog.kunstgriff.net\/?attachment_id=5064\" data-orig-file=\"https:\/\/i0.wp.com\/blog.kunstgriff.net\/wp-content\/uploads\/2011\/06\/05-alles-im-Angebot.jpg?fit=800%2C600&amp;ssl=1\" data-orig-size=\"800,600\" data-comments-opened=\"1\" data-image-meta=\"{&quot;aperture&quot;:&quot;2.8&quot;,&quot;credit&quot;:&quot;&quot;,&quot;camera&quot;:&quot;Canon DIGITAL IXUS 870 IS&quot;,&quot;caption&quot;:&quot;&quot;,&quot;created_timestamp&quot;:&quot;1309001020&quot;,&quot;copyright&quot;:&quot;&quot;,&quot;focal_length&quot;:&quot;5&quot;,&quot;iso&quot;:&quot;80&quot;,&quot;shutter_speed&quot;:&quot;0.0015625&quot;,&quot;title&quot;:&quot;&quot;}\" data-image-title=\"05 alles im Angebot\" data-image-description=\"\" data-image-caption=\"\" data-large-file=\"https:\/\/i0.wp.com\/blog.kunstgriff.net\/wp-content\/uploads\/2011\/06\/05-alles-im-Angebot.jpg?fit=800%2C600&amp;ssl=1\" class=\"alignleft wp-image-5064 size-medium\" style=\"margin: 5px;\" title=\"05 alles im Angebot\" src=\"https:\/\/i0.wp.com\/blog.kunstgriff.net\/wp-content\/uploads\/2011\/06\/05-alles-im-Angebot-300x225.jpg?resize=300%2C225\" width=\"300\" height=\"225\" srcset=\"https:\/\/i0.wp.com\/blog.kunstgriff.net\/wp-content\/uploads\/2011\/06\/05-alles-im-Angebot.jpg?resize=300%2C225&amp;ssl=1 300w, https:\/\/i0.wp.com\/blog.kunstgriff.net\/wp-content\/uploads\/2011\/06\/05-alles-im-Angebot.jpg?w=800&amp;ssl=1 800w\" sizes=\"auto, (max-width: 300px) 100vw, 300px\" \/><\/a>ngen und baumlosen Gegenwind-Passage gab es etwa f\u00fcnf R\u00e4der vor mir pl\u00f6tzlich einen Knall und ich sah einen Radler vor mir durch die Luft fliegen. Der Radler direkt vor mir wich gleich ins Grasbett rechts neben der Fahrbahn aus und landet weich. Ich legte eine Vollbremsung hin und kam ohne Auffahren oder Sturz zum stehen. Was war passiert? Der \u00bbBruchpilot\u00ab war wohl unkonzentriert gefahren und dabei seinem Hintermann ins Hinterrad gefahren, dadurch platzte sein Reifen was zum Sturz f\u00fchrte. Einige Sch\u00fcrfwunden und ein reparaturbed\u00fcrftiges Vorderrad blieben, dann konnte die Fahrt weiter gehen. Dies war der Erste und Einzige Sturz bei der Fichkona 2011. <em>Besser ist das!<\/em><\/p>\n<p><a href=\"https:\/\/i0.wp.com\/blog.kunstgriff.net\/wp-content\/uploads\/2011\/06\/07-Zwangspause-wegen-Sturz.jpg\"><img data-recalc-dims=\"1\" loading=\"lazy\" decoding=\"async\" data-attachment-id=\"5066\" data-permalink=\"https:\/\/blog.kunstgriff.net\/?attachment_id=5066\" data-orig-file=\"https:\/\/i0.wp.com\/blog.kunstgriff.net\/wp-content\/uploads\/2011\/06\/07-Zwangspause-wegen-Sturz.jpg?fit=800%2C600&amp;ssl=1\" data-orig-size=\"800,600\" data-comments-opened=\"1\" data-image-meta=\"{&quot;aperture&quot;:&quot;2.8&quot;,&quot;credit&quot;:&quot;&quot;,&quot;camera&quot;:&quot;Canon DIGITAL IXUS 870 IS&quot;,&quot;caption&quot;:&quot;&quot;,&quot;created_timestamp&quot;:&quot;1309009164&quot;,&quot;copyright&quot;:&quot;&quot;,&quot;focal_length&quot;:&quot;5&quot;,&quot;iso&quot;:&quot;80&quot;,&quot;shutter_speed&quot;:&quot;0.001&quot;,&quot;title&quot;:&quot;&quot;}\" data-image-title=\"07 Zwangspause wegen Sturz\" data-image-description=\"\" data-image-caption=\"\" data-large-file=\"https:\/\/i0.wp.com\/blog.kunstgriff.net\/wp-content\/uploads\/2011\/06\/07-Zwangspause-wegen-Sturz.jpg?fit=800%2C600&amp;ssl=1\" class=\"alignright wp-image-5066 size-medium\" style=\"margin: 5px;\" title=\"07 Zwangspause wegen Sturz\" src=\"https:\/\/i0.wp.com\/blog.kunstgriff.net\/wp-content\/uploads\/2011\/06\/07-Zwangspause-wegen-Sturz-300x225.jpg?resize=300%2C225\" width=\"300\" height=\"225\" srcset=\"https:\/\/i0.wp.com\/blog.kunstgriff.net\/wp-content\/uploads\/2011\/06\/07-Zwangspause-wegen-Sturz.jpg?resize=300%2C225&amp;ssl=1 300w, https:\/\/i0.wp.com\/blog.kunstgriff.net\/wp-content\/uploads\/2011\/06\/07-Zwangspause-wegen-Sturz.jpg?w=800&amp;ssl=1 800w\" sizes=\"auto, (max-width: 300px) 100vw, 300px\" \/><\/a>Jetzt wurde es flacher und der aufziehende S\u00fcdwind half uns, eine ordentliche Durchschnittsgeschwindigkeit zu halten. Es rollte nun richtig gut. Radfahren macht mir wieder total Freude. Die <a href=\"http:\/\/de.wikipedia.org\/wiki\/Lutherstadt_Wittenberg\" target=\"_blank\">Lutherstadt Wittenberg<\/a> wurde abgehakt und es ging in bekanntes Trainingsrevier. Beelitz und das s\u00fcdliche Havelland wurden durchquert, bevor es nach rund 270 km die dritten Verpflegung, kurz vor den Toren Potsdams, gab. Wieder war das Angebot\u00a0reichhaltig an Nahrungsmitteln, wie schon an den beiden Verpflegungspunkten zuvor. <em>Herrlich.<\/em><\/p>\n<p><a href=\"https:\/\/i0.wp.com\/blog.kunstgriff.net\/wp-content\/uploads\/2011\/06\/06-on-the-road.jpg\"><img data-recalc-dims=\"1\" loading=\"lazy\" decoding=\"async\" data-attachment-id=\"5065\" data-permalink=\"https:\/\/blog.kunstgriff.net\/?attachment_id=5065\" data-orig-file=\"https:\/\/i0.wp.com\/blog.kunstgriff.net\/wp-content\/uploads\/2011\/06\/06-on-the-road.jpg?fit=600%2C800&amp;ssl=1\" data-orig-size=\"600,800\" data-comments-opened=\"1\" data-image-meta=\"{&quot;aperture&quot;:&quot;2.8&quot;,&quot;credit&quot;:&quot;&quot;,&quot;camera&quot;:&quot;Canon DIGITAL IXUS 870 IS&quot;,&quot;caption&quot;:&quot;&quot;,&quot;created_timestamp&quot;:&quot;1309005229&quot;,&quot;copyright&quot;:&quot;&quot;,&quot;focal_length&quot;:&quot;5&quot;,&quot;iso&quot;:&quot;125&quot;,&quot;shutter_speed&quot;:&quot;0.002&quot;,&quot;title&quot;:&quot;&quot;}\" data-image-title=\"06 on the road\" data-image-description=\"\" data-image-caption=\"\" data-large-file=\"https:\/\/i0.wp.com\/blog.kunstgriff.net\/wp-content\/uploads\/2011\/06\/06-on-the-road.jpg?fit=600%2C800&amp;ssl=1\" class=\"alignleft wp-image-5065 size-medium\" style=\"margin: 5px;\" title=\"06 on the road\" src=\"https:\/\/i0.wp.com\/blog.kunstgriff.net\/wp-content\/uploads\/2011\/06\/06-on-the-road-225x300.jpg?resize=225%2C300\" width=\"225\" height=\"300\" srcset=\"https:\/\/i0.wp.com\/blog.kunstgriff.net\/wp-content\/uploads\/2011\/06\/06-on-the-road.jpg?resize=225%2C300&amp;ssl=1 225w, https:\/\/i0.wp.com\/blog.kunstgriff.net\/wp-content\/uploads\/2011\/06\/06-on-the-road.jpg?w=600&amp;ssl=1 600w\" sizes=\"auto, (max-width: 225px) 100vw, 225px\" \/><\/a>Auch die wartenden Polizisten freuen sich sichtlich \u00fcber das kostenlose Abendbrot. Nach Anbringen der Beleuchtung, welche wir in unseren pers\u00f6nliche Leihs\u00e4cken deponiert hatten, f\u00fchrte uns dann um kurz nach 20 Uhr die Potsdamer Motorradstaffel der Polizei durch die Landeshauptstadt von Brandenburg. Der Kfz-Verkehr kam extra f\u00fcr uns zum erliegen und wir mussten die n\u00e4chsten 15 km nicht mehr anhalten. <em>Very V.I.P. Very nice.<\/em><\/p>\n<p>An der Ausfallstrasse hinter der Landeshauptstadt wartete mein Kettenbruder Christoph T.\u00a0mit einer eisgek\u00fchlten Cola Zero\u00a0auf seinem Renner auf mich. Genau das was ich jetzt brauchte, vor der bevorstehenden Nacht auf dem Rennrad. Hundert mal besser als der Pulverkaffee an den Verpflegungspunkten. Koffein musste nun sein. Keine Lust auf Sekundenschlaf oder erh\u00f6hten Leistungsabfall bedingt durch M\u00fcdigkeit.<\/p>\n<p>Christoph begleitete uns bis zum Kreisverkehr Glienicke. Dieser kurze Sektor war kurzweilig und das Gespr\u00e4ch eine willkommene Abwechslung.<\/p>\n<p><img data-recalc-dims=\"1\" loading=\"lazy\" decoding=\"async\" data-attachment-id=\"5067\" data-permalink=\"https:\/\/blog.kunstgriff.net\/?attachment_id=5067\" data-orig-file=\"https:\/\/i0.wp.com\/blog.kunstgriff.net\/wp-content\/uploads\/2011\/06\/08-Pers%C3%B6nliche-Beutel-sauber-aufgereiht-an-der-Verpflegung.jpg?fit=800%2C600&amp;ssl=1\" data-orig-size=\"800,600\" data-comments-opened=\"1\" data-image-meta=\"{&quot;aperture&quot;:&quot;2.8&quot;,&quot;credit&quot;:&quot;&quot;,&quot;camera&quot;:&quot;Canon DIGITAL IXUS 870 IS&quot;,&quot;caption&quot;:&quot;&quot;,&quot;created_timestamp&quot;:&quot;1309025093&quot;,&quot;copyright&quot;:&quot;&quot;,&quot;focal_length&quot;:&quot;5&quot;,&quot;iso&quot;:&quot;125&quot;,&quot;shutter_speed&quot;:&quot;0.01&quot;,&quot;title&quot;:&quot;&quot;}\" data-image-title=\"08 Pers\u00f6nliche Beutel sauber aufgereiht an der Verpflegung\" data-image-description=\"\" data-image-caption=\"\" data-large-file=\"https:\/\/i0.wp.com\/blog.kunstgriff.net\/wp-content\/uploads\/2011\/06\/08-Pers%C3%B6nliche-Beutel-sauber-aufgereiht-an-der-Verpflegung.jpg?fit=800%2C600&amp;ssl=1\" class=\"alignright wp-image-5067 size-medium\" title=\"08 Pers\u00f6nliche Beutel sauber aufgereiht an der Verpflegung\" src=\"https:\/\/i0.wp.com\/blog.kunstgriff.net\/wp-content\/uploads\/2011\/06\/08-Pers%C3%B6nliche-Beutel-sauber-aufgereiht-an-der-Verpflegung-300x225.jpg?resize=300%2C225\" width=\"300\" height=\"225\" srcset=\"https:\/\/i0.wp.com\/blog.kunstgriff.net\/wp-content\/uploads\/2011\/06\/08-Pers%C3%B6nliche-Beutel-sauber-aufgereiht-an-der-Verpflegung.jpg?resize=300%2C225&amp;ssl=1 300w, https:\/\/i0.wp.com\/blog.kunstgriff.net\/wp-content\/uploads\/2011\/06\/08-Pers%C3%B6nliche-Beutel-sauber-aufgereiht-an-der-Verpflegung.jpg?w=800&amp;ssl=1 800w\" sizes=\"auto, (max-width: 300px) 100vw, 300px\" \/>Leider bog das F\u00fchrungsfahrzeug am Kreisverkehr in Glienicke falsch ab und f\u00fchrte uns statt nach Falkensee zum Rathaus Spandau. Ich fuhr nun zum wiederholten mal nach vorne zum Vito und versuchte dem Fahrer klar zu machen, das wir der offiziellen Strecke nicht mehr folgen. Leider war dieser nicht wirklich gespr\u00e4chsbereit und quittierte meinen Einwand mit <em>\u00bbNa dann fahr doch nach Deinem Navi\u00ab<\/em>. Nicht sehr hilfreich. Eigentlich h\u00e4tte es mir ja egal sein k\u00f6nnen, wie wir fahren, Hauptsache aus den 601 Kilometern werden nicht 650. Das wir Falkensee auslie\u00dfen war aber unsch\u00f6n, weil Uwes Familie und auch Susanne K. uns dort an der Strecke erwarteten.<\/p>\n<p>Hinter Velten war das F\u00fchrungsfahrzeug komplett verwirrt und wusste nicht mehr, wo es uns hinf\u00fchren sollte. Wir diskutierten kurz, woraufhin Uwe, der in Falkensee zu Hause ist, ich und mein <a href=\"http:\/\/www.amazon.de\/gp\/product\/B00424LN5G\/ref=as_li_ss_tl?ie=UTF8&amp;tag=gaba08-21&amp;linkCode=as2&amp;camp=1638&amp;creative=19454&amp;creativeASIN=B00424LN5G\">Garmin Edge 800<\/a><img loading=\"lazy\" decoding=\"async\" style=\"border: none !important; margin: 0px !important;\" src=\"http:\/\/www.assoc-amazon.de\/e\/ir?t=&amp;l=as2&amp;o=3&amp;a=B00424LN5G\" alt=\"\" width=\"1\" height=\"1\" border=\"0\" \/> die F\u00fchrung \u00fcbernahmen. Sehr angenehm mal <em>kein<\/em> blinkendes Fahrzeug vor sich zu haben und einfach in die Nacht zu pedallieren. Hinter Vehlefanz, in Schwante bogen wir rechts ab, um in Germendorf wieder den offiziellen Track zu erreichen. Uwe bemerkte als Erster, das uns das F\u00fchrungsfahrzeug nicht mehr folgte. Er wurde nerv\u00f6s, denn im Reglement steht ja <em>\u00bbdem F\u00fchrungsfahrzeug muss unter allen Umst\u00e4nden gefolgt werden, sonst droht Disqualifikation\u00ab<\/em><\/p>\n<p>Ich blieb entspannt. Was sollten wir auch tun? Umdrehen und den Vito suchen? <em>No way!<\/em> So ging es weiter durch den dunklen Wald. Schlagartig war es richtig dunkel und ich freute mich \u00fcber <a href=\"http:\/\/www.dealextreme.com\/p\/mj-808e-ha-iii-cree-xm-lt60-3-mode-1000-lumen-led-bike-light-set-4x18650-57100\" target=\"_blank\">meine helle Beleuchtungsanlage<\/a>, dessen Akku die ganzen 7 Stunden in der Nacht durchhielt.\u00a0F\u00fcnf Kilometer hinter Germendorf holte uns der Vito wieder ein. Uwe war gl\u00fccklich den wir hatten den gelben Blinker wieder vor uns.<\/p>\n<p>Nach Oranienburg begann die wirklich stille Zeit. Wenige Gespr\u00e4che wurden gef\u00fchrt, nur das n\u00f6tigste gesagt. Die einzigen Ger\u00e4usche die uns durch die dunkle Nacht begleiteten waren nun die surrenden Ketten. Der <em>Zen des Radfahrens<\/em> begann: Bei sich sein, in sich hinein horchen, an sch\u00f6ne Dinge denken, Dinge die einem momentan fehlten, die man vermisste, aber auch seinen K\u00f6rper sp\u00fcren und Eins werden mit dem Rad, der Strasse und der unsichtbaren schwarzen Natur um sich herum.<\/p>\n<p>Raoul schloss zu mir auf und fragte, wie weit es noch bis zur <em>\u00bbkleinen Banane\u00ab<\/em> sei. Er wusste das ich alle Verpflegungspunkte auf meinem <a href=\"http:\/\/www.amazon.de\/gp\/product\/B00424LN5G\/ref=as_li_ss_tl?ie=UTF8&amp;tag=gaba08-21&amp;linkCode=as2&amp;camp=1638&amp;creative=19454&amp;creativeASIN=B00424LN5G\">Garmin Edge 800<\/a><img loading=\"lazy\" decoding=\"async\" style=\"border: none !important; margin: 0px !important;\" src=\"http:\/\/www.assoc-amazon.de\/e\/ir?t=&amp;l=as2&amp;o=3&amp;a=B00424LN5G\" alt=\"\" width=\"1\" height=\"1\" border=\"0\" \/> gespeichert hatte und somit metergenaue Angaben machen konnte, wie weit es noch bis zum <em>\u00bbFutter\u00ab<\/em> war. 23 Kilometer bis Gransee. An der Tankstelle dort gab es wieder die gewohnte reichhaltige Auswahl an Speisen und Getr\u00e4nken. Auch Red-Bull wurde gereicht, was ich aber noch nicht zu mir nehmen wollte. Nach diesem &#8222;Ultra-Wachmacher&#8220; wollte ich erst greifen, wenn ich sehr m\u00fcde sein w\u00fcrde. Diesen Zeitpunkt erwartete ich erst kurz vor dem Sonnenaufgang.<\/p>\n<p><a href=\"https:\/\/i0.wp.com\/blog.kunstgriff.net\/wp-content\/uploads\/2011\/06\/09-Gruppe-3-Ankunft-in-Gransee.jpg\"><img data-recalc-dims=\"1\" loading=\"lazy\" decoding=\"async\" data-attachment-id=\"5068\" data-permalink=\"https:\/\/blog.kunstgriff.net\/?attachment_id=5068\" data-orig-file=\"https:\/\/i0.wp.com\/blog.kunstgriff.net\/wp-content\/uploads\/2011\/06\/09-Gruppe-3-Ankunft-in-Gransee.jpg?fit=800%2C600&amp;ssl=1\" data-orig-size=\"800,600\" data-comments-opened=\"1\" data-image-meta=\"{&quot;aperture&quot;:&quot;2.8&quot;,&quot;credit&quot;:&quot;&quot;,&quot;camera&quot;:&quot;Canon DIGITAL IXUS 870 IS&quot;,&quot;caption&quot;:&quot;&quot;,&quot;created_timestamp&quot;:&quot;1309040081&quot;,&quot;copyright&quot;:&quot;&quot;,&quot;focal_length&quot;:&quot;5&quot;,&quot;iso&quot;:&quot;800&quot;,&quot;shutter_speed&quot;:&quot;0.125&quot;,&quot;title&quot;:&quot;&quot;}\" data-image-title=\"09 Gruppe 3 Ankunft in Gransee\" data-image-description=\"\" data-image-caption=\"\" data-large-file=\"https:\/\/i0.wp.com\/blog.kunstgriff.net\/wp-content\/uploads\/2011\/06\/09-Gruppe-3-Ankunft-in-Gransee.jpg?fit=800%2C600&amp;ssl=1\" class=\"alignleft wp-image-5068 size-medium\" style=\"margin: 5px;\" title=\"09 Gruppe 3 Ankunft in Gransee\" src=\"https:\/\/i0.wp.com\/blog.kunstgriff.net\/wp-content\/uploads\/2011\/06\/09-Gruppe-3-Ankunft-in-Gransee-300x225.jpg?resize=300%2C225\" width=\"300\" height=\"225\" srcset=\"https:\/\/i0.wp.com\/blog.kunstgriff.net\/wp-content\/uploads\/2011\/06\/09-Gruppe-3-Ankunft-in-Gransee.jpg?resize=300%2C225&amp;ssl=1 300w, https:\/\/i0.wp.com\/blog.kunstgriff.net\/wp-content\/uploads\/2011\/06\/09-Gruppe-3-Ankunft-in-Gransee.jpg?w=800&amp;ssl=1 800w\" sizes=\"auto, (max-width: 300px) 100vw, 300px\" \/><\/a>Gruppe Drei kam nun auf die grosse Shell-Tankstelle. Ein klasse Bild, die vielen leuchtenden R\u00e4der. Jetzt war es f\u00fcr uns an der Zeit, wieder in die dunkle Nacht aufzubrechen. Der Sektor bis zur Verpflegung #5, der wieder rund 90 km lang war, fuhren wir komplett bei Dunkelheit. Die erste Stunde hinter der Verpflegung ging es mir gar nicht gut. Ich hatte zu viel gegessen. Die Haferkekse waren einfach zu lecker. Nun bekam ich die Quittung: Mir war \u00fcbel, alles drehte sich und ich war angeschlagen. Die Beine f\u00fchlten sich aber gut an. Das gab mir Mut und ich wusste, das es weiter gehen w\u00fcrde. Die Blase dr\u00fcckte aber wieder und ich freute mich, das uns das F\u00fchrungsfahrzeug einbremste und an den Stra\u00dfenrand zur <a href=\"http:\/\/blog.kunstgriff.net\/Bilda\/PPause.html\" target=\"_blank\">P-Pause<\/a> wies. Die Blase war leer, aber das komische Gef\u00fchl exponierte sich weiter. Stehen f\u00fchlte sich irgendwie falsch an. Die Beine mussten sich rotierenden bewegen, sonst war was faul. Ich war froh, als wir wieder in den S\u00e4tteln sa\u00dfen und weiter kurbeln durften. Das komische Gef\u00fchl verschwand langsam und der Spass kehrte zur\u00fcck.<\/p>\n<p>Immer wieder beobachtete ich den Horizont, ob den die Sonne aufgehen w\u00fcrde, aber es blieb bis Klatzow stock-dunkel. Der Akku meiner Beleuchtung hielt, auch das <a href=\"http:\/\/www.amazon.de\/gp\/product\/B003BLQ34M\/ref=as_li_ss_tl?ie=UTF8&amp;tag=gaba08-21&amp;linkCode=as2&amp;camp=1638&amp;creative=19454&amp;creativeASIN=B003BLQ34M\">externe Akku-Pack<\/a><img loading=\"lazy\" decoding=\"async\" style=\"border: none !important; margin: 0px !important;\" src=\"http:\/\/www.assoc-amazon.de\/e\/ir?t=&amp;l=as2&amp;o=3&amp;a=B003BLQ34M\" alt=\"\" width=\"1\" height=\"1\" border=\"0\" \/> f\u00fcr meinen <a href=\"http:\/\/www.amazon.de\/gp\/product\/B00424LN5G\/ref=as_li_ss_tl?ie=UTF8&amp;tag=gaba08-21&amp;linkCode=as2&amp;camp=1638&amp;creative=19454&amp;creativeASIN=B00424LN5G\">Garmin Edge 800<\/a><img loading=\"lazy\" decoding=\"async\" style=\"border: none !important; margin: 0px !important;\" src=\"http:\/\/www.assoc-amazon.de\/e\/ir?t=&amp;l=as2&amp;o=3&amp;a=B00424LN5G\" alt=\"\" width=\"1\" height=\"1\" border=\"0\" \/> machte Freude: ich konnte mit Hintergrundbeleuchtung im Display fahren ohne die doch etwas sp\u00e4rliche Standardlaufleistung von 14 Stunden des internen Akkus nutzen zu m\u00fcssen. Damit war die Versorgung und Lesbarkeit von lebenswichtigen Strecken- und Vitalinformationen \u00fcber die gesamten 600 <em>plus X<\/em> Kilometer, gew\u00e4hrleistet.<\/p>\n<p>Nach rund 500 Kilometern um halb F\u00fcnf zeigte sich die Sonne und meine\u00a0<a href=\"http:\/\/www.amazon.de\/gp\/product\/B003BLQ34M\/ref=as_li_ss_tl?ie=UTF8&amp;tag=gaba08-21&amp;linkCode=as2&amp;camp=1638&amp;creative=19454&amp;creativeASIN=B003BLQ34M\">externes Phillips Akku-Pack<\/a><img loading=\"lazy\" decoding=\"async\" style=\"border: none !important; margin: 0px !important;\" src=\"http:\/\/www.assoc-amazon.de\/e\/ir?t=&amp;l=as2&amp;o=3&amp;a=B003BLQ34M\" alt=\"\" width=\"1\" height=\"1\" border=\"0\" \/> verabschiedete sich ohne Vorwarnung mit der Nachricht im Display <em>\u00bbExterne Stromversorgung nicht verf\u00fcgbar\u00ab<\/em>. Kein Problem, denn der interne Akku war ja noch voll, im Gegensatz zu meinem internen Akku, der war leer und schrie nach Red-Bull.<\/p>\n<p>An der Verpflegung #6 in Grimmen gab es dann zum Fr\u00fchst\u00fcck Cola-Gel und Red-Bull. Ein k\u00fcnstlicher Energieschub durchdrang meinen K\u00f6rper. Auf dem Rad begann ich wieder ausgiebige Gespr\u00e4che. Die Beine brannten eigentlich nie, aber nun begann der Hintern zu schmerzen. Auch eine <a href=\"http:\/\/www.assos.com\/en\/19\/singleProduct.aspx?cat=6,19,24&amp;prod=343\" target=\"_blank\">Assos tK.434_S5<\/a> kann mich an den Sitzh\u00f6ckern keine 600 km schmerzfrei halten. Das war wirklich das Einzige, was mir nun ein wenig die Freude am Radfahren verleidete.<\/p>\n<p><a href=\"https:\/\/i0.wp.com\/blog.kunstgriff.net\/wp-content\/uploads\/2011\/06\/10-Auffart-auf-die-R%C3%BCgenbrucke-in-Stralsund.jpg\"><img data-recalc-dims=\"1\" loading=\"lazy\" decoding=\"async\" data-attachment-id=\"5069\" data-permalink=\"https:\/\/blog.kunstgriff.net\/?attachment_id=5069\" data-orig-file=\"https:\/\/i0.wp.com\/blog.kunstgriff.net\/wp-content\/uploads\/2011\/06\/10-Auffart-auf-die-R%C3%BCgenbrucke-in-Stralsund.jpg?fit=800%2C600&amp;ssl=1\" data-orig-size=\"800,600\" data-comments-opened=\"1\" data-image-meta=\"{&quot;aperture&quot;:&quot;2.8&quot;,&quot;credit&quot;:&quot;&quot;,&quot;camera&quot;:&quot;Canon DIGITAL IXUS 870 IS&quot;,&quot;caption&quot;:&quot;&quot;,&quot;created_timestamp&quot;:&quot;1309062643&quot;,&quot;copyright&quot;:&quot;&quot;,&quot;focal_length&quot;:&quot;5&quot;,&quot;iso&quot;:&quot;80&quot;,&quot;shutter_speed&quot;:&quot;0.002&quot;,&quot;title&quot;:&quot;&quot;}\" data-image-title=\"10 Auffart auf die R\u00fcgenbrucke in Stralsund\" data-image-description=\"\" data-image-caption=\"\" data-large-file=\"https:\/\/i0.wp.com\/blog.kunstgriff.net\/wp-content\/uploads\/2011\/06\/10-Auffart-auf-die-R%C3%BCgenbrucke-in-Stralsund.jpg?fit=800%2C600&amp;ssl=1\" class=\"alignright wp-image-5069 size-medium\" style=\"margin: 5px; border: 5px solid white;\" title=\"10 Auffart auf die R\u00fcgenbrucke in Stralsund\" src=\"https:\/\/i0.wp.com\/blog.kunstgriff.net\/wp-content\/uploads\/2011\/06\/10-Auffart-auf-die-R%C3%BCgenbrucke-in-Stralsund-300x225.jpg?resize=300%2C225\" width=\"300\" height=\"225\" srcset=\"https:\/\/i0.wp.com\/blog.kunstgriff.net\/wp-content\/uploads\/2011\/06\/10-Auffart-auf-die-R%C3%BCgenbrucke-in-Stralsund.jpg?resize=300%2C225&amp;ssl=1 300w, https:\/\/i0.wp.com\/blog.kunstgriff.net\/wp-content\/uploads\/2011\/06\/10-Auffart-auf-die-R%C3%BCgenbrucke-in-Stralsund.jpg?w=800&amp;ssl=1 800w\" sizes=\"auto, (max-width: 300px) 100vw, 300px\" \/><\/a>Das Fahren wurde wieder abwechslungsreicher, denn wir erreichten Stralsund. Ein Polizeifahrzeug wartete dort auf der Zufahrtstrasse zur <a href=\"http:\/\/de.wikipedia.org\/wiki\/Strelasundquerung\" target=\"_blank\">Stralsund-Br\u00fccke<\/a> auf uns. Eine Spur wurde extra f\u00fcr uns dicht gemacht und herrliche 178 H\u00f6henmeter wurden erklommen. Auf der Br\u00fccke bot sich ein \u00fcberragender Blick auf die Bucht von Stralsund.<\/p>\n<p>Jetzt waren es noch wenige Kilometer zur letzten Verpflegung #7. Dort gab es noch ein Salami-Br\u00f6tchen f\u00fcr mich bevor es auf die letzten beschwerlichen 50 km nach Kap Arkona ging. Der Himmel zog richtig zu und es regnete ein paar wenige Tropfen. Die Einzigen auf den letzten 550 Kilometern. Wirklich st\u00f6ren liessen wir uns dadurch nun aber auch nicht mehr. Niemand wollte mehr in der F\u00fchrung fahren und so waren immer wieder die selben Gesichter vorne zu finden. Egal, zweistellige Restkilometer, was will man mehr!<\/p>\n<p><a href=\"https:\/\/i0.wp.com\/blog.kunstgriff.net\/wp-content\/uploads\/2011\/06\/12-ein-letztes-mal-Verpflegung.jpg\"><img data-recalc-dims=\"1\" loading=\"lazy\" decoding=\"async\" data-attachment-id=\"5071\" data-permalink=\"https:\/\/blog.kunstgriff.net\/?attachment_id=5071\" data-orig-file=\"https:\/\/i0.wp.com\/blog.kunstgriff.net\/wp-content\/uploads\/2011\/06\/12-ein-letztes-mal-Verpflegung.jpg?fit=800%2C600&amp;ssl=1\" data-orig-size=\"800,600\" data-comments-opened=\"1\" data-image-meta=\"{&quot;aperture&quot;:&quot;2.8&quot;,&quot;credit&quot;:&quot;&quot;,&quot;camera&quot;:&quot;Canon DIGITAL IXUS 870 IS&quot;,&quot;caption&quot;:&quot;&quot;,&quot;created_timestamp&quot;:&quot;1309064870&quot;,&quot;copyright&quot;:&quot;&quot;,&quot;focal_length&quot;:&quot;5&quot;,&quot;iso&quot;:&quot;125&quot;,&quot;shutter_speed&quot;:&quot;0.002&quot;,&quot;title&quot;:&quot;&quot;}\" data-image-title=\"12 ein letztes mal Verpflegung\" data-image-description=\"\" data-image-caption=\"\" data-large-file=\"https:\/\/i0.wp.com\/blog.kunstgriff.net\/wp-content\/uploads\/2011\/06\/12-ein-letztes-mal-Verpflegung.jpg?fit=800%2C600&amp;ssl=1\" class=\"alignleft wp-image-5071 size-medium\" style=\"border: 5px solid white;\" title=\"12 ein letztes mal Verpflegung\" src=\"https:\/\/i0.wp.com\/blog.kunstgriff.net\/wp-content\/uploads\/2011\/06\/12-ein-letztes-mal-Verpflegung-300x225.jpg?resize=300%2C225\" width=\"300\" height=\"225\" srcset=\"https:\/\/i0.wp.com\/blog.kunstgriff.net\/wp-content\/uploads\/2011\/06\/12-ein-letztes-mal-Verpflegung.jpg?resize=300%2C225&amp;ssl=1 300w, https:\/\/i0.wp.com\/blog.kunstgriff.net\/wp-content\/uploads\/2011\/06\/12-ein-letztes-mal-Verpflegung.jpg?w=800&amp;ssl=1 800w\" sizes=\"auto, (max-width: 300px) 100vw, 300px\" \/><\/a>F\u00fcnf Kilometer vor dem Kap verlie\u00df uns das F\u00fchrungsfahrzeug um den Kap-Sprint einzul\u00e4uten. Erst wollte ich nicht mitgehen, dann war es zu sp\u00e4t: Auch ein beherztes Antreten verhalf mir nicht, wieder an die Ausreisser heran zu fahren. Egal. Zu gewinnen gab es hier f\u00fcr einen Einzelnen nichts mehr. Die Freude dar\u00fcber, mehr als 600 km mit eigener Muskelkraft abspulen zu k\u00f6nnen, das ist der eigentliche Gewinn!<\/p>\n<p>Raoul konnte den Sprint f\u00fcr sich entscheiden und wir freuten uns gemeinsam bei Bratwurst und Radler an dem kleinen Imbiss am Kap \u00fcber die vollbrachte Leistung. Extrem gro\u00dfes Kino, was wir da in den letzten vierundzwanzig Stunden getan haben!<\/p>\n<p><a href=\"https:\/\/i0.wp.com\/blog.kunstgriff.net\/wp-content\/uploads\/2011\/06\/13-geschaft-angekommen-am-Kap-Arkona.jpg\"><img data-recalc-dims=\"1\" loading=\"lazy\" decoding=\"async\" data-attachment-id=\"5072\" data-permalink=\"https:\/\/blog.kunstgriff.net\/?attachment_id=5072\" data-orig-file=\"https:\/\/i0.wp.com\/blog.kunstgriff.net\/wp-content\/uploads\/2011\/06\/13-geschaft-angekommen-am-Kap-Arkona.jpg?fit=800%2C600&amp;ssl=1\" data-orig-size=\"800,600\" data-comments-opened=\"1\" data-image-meta=\"{&quot;aperture&quot;:&quot;2.8&quot;,&quot;credit&quot;:&quot;&quot;,&quot;camera&quot;:&quot;Canon DIGITAL IXUS 870 IS&quot;,&quot;caption&quot;:&quot;&quot;,&quot;created_timestamp&quot;:&quot;1309072522&quot;,&quot;copyright&quot;:&quot;&quot;,&quot;focal_length&quot;:&quot;5&quot;,&quot;iso&quot;:&quot;320&quot;,&quot;shutter_speed&quot;:&quot;0.002&quot;,&quot;title&quot;:&quot;&quot;}\" data-image-title=\"13 geschaft &amp;#8211; angekommen am Kap Arkona\" data-image-description=\"\" data-image-caption=\"\" data-large-file=\"https:\/\/i0.wp.com\/blog.kunstgriff.net\/wp-content\/uploads\/2011\/06\/13-geschaft-angekommen-am-Kap-Arkona.jpg?fit=800%2C600&amp;ssl=1\" class=\"alignright wp-image-5072 size-medium\" style=\"border: 5px solid white;\" title=\"13 geschaft - angekommen am Kap Arkona\" src=\"https:\/\/i0.wp.com\/blog.kunstgriff.net\/wp-content\/uploads\/2011\/06\/13-geschaft-angekommen-am-Kap-Arkona-300x225.jpg?resize=300%2C225\" width=\"300\" height=\"225\" srcset=\"https:\/\/i0.wp.com\/blog.kunstgriff.net\/wp-content\/uploads\/2011\/06\/13-geschaft-angekommen-am-Kap-Arkona.jpg?resize=300%2C225&amp;ssl=1 300w, https:\/\/i0.wp.com\/blog.kunstgriff.net\/wp-content\/uploads\/2011\/06\/13-geschaft-angekommen-am-Kap-Arkona.jpg?w=800&amp;ssl=1 800w\" sizes=\"auto, (max-width: 300px) 100vw, 300px\" \/><\/a>Nach dem Fr\u00fchschoppen meldete sich die M\u00fcdigkeit und ich sehnte mich nach Dusche, frischer Kleidung und einem Bett. Davor mussten aber noch 12 km zur\u00fcck zum Zeltplatz geradelt werden. Das wurde locker angegangen und als \u00bbAusrollrunde\u00ab deklariert.<\/p>\n<p><a href=\"https:\/\/i0.wp.com\/blog.kunstgriff.net\/wp-content\/uploads\/2011\/06\/15-Guter-Schlaf-im-Wohnwagen.jpg\"><img data-recalc-dims=\"1\" loading=\"lazy\" decoding=\"async\" data-attachment-id=\"5074\" data-permalink=\"https:\/\/blog.kunstgriff.net\/?attachment_id=5074\" data-orig-file=\"https:\/\/i0.wp.com\/blog.kunstgriff.net\/wp-content\/uploads\/2011\/06\/15-Guter-Schlaf-im-Wohnwagen.jpg?fit=800%2C600&amp;ssl=1\" data-orig-size=\"800,600\" data-comments-opened=\"1\" data-image-meta=\"{&quot;aperture&quot;:&quot;2.8&quot;,&quot;credit&quot;:&quot;&quot;,&quot;camera&quot;:&quot;Canon DIGITAL IXUS 870 IS&quot;,&quot;caption&quot;:&quot;&quot;,&quot;created_timestamp&quot;:&quot;1309082059&quot;,&quot;copyright&quot;:&quot;&quot;,&quot;focal_length&quot;:&quot;5&quot;,&quot;iso&quot;:&quot;125&quot;,&quot;shutter_speed&quot;:&quot;0.003125&quot;,&quot;title&quot;:&quot;&quot;}\" data-image-title=\"15 Guter Schlaf im Wohnwagen\" data-image-description=\"\" data-image-caption=\"\" data-large-file=\"https:\/\/i0.wp.com\/blog.kunstgriff.net\/wp-content\/uploads\/2011\/06\/15-Guter-Schlaf-im-Wohnwagen.jpg?fit=800%2C600&amp;ssl=1\" class=\"alignleft wp-image-5074 size-medium\" style=\"border: 5px solid white;\" title=\"15 Guter Schlaf im Wohnwagen\" src=\"https:\/\/i0.wp.com\/blog.kunstgriff.net\/wp-content\/uploads\/2011\/06\/15-Guter-Schlaf-im-Wohnwagen-300x225.jpg?resize=300%2C225\" width=\"300\" height=\"225\" srcset=\"https:\/\/i0.wp.com\/blog.kunstgriff.net\/wp-content\/uploads\/2011\/06\/15-Guter-Schlaf-im-Wohnwagen.jpg?resize=300%2C225&amp;ssl=1 300w, https:\/\/i0.wp.com\/blog.kunstgriff.net\/wp-content\/uploads\/2011\/06\/15-Guter-Schlaf-im-Wohnwagen.jpg?w=800&amp;ssl=1 800w\" sizes=\"auto, (max-width: 300px) 100vw, 300px\" \/><\/a>Auf dem Zeltplatz schliefen wir frisch geduscht in unserem bereitgestellten Wohnwagen innerhalb von wenigen Sekunden, p\u00fcnktlich zur Mittagszeit, ein. Auch die vielen M\u00fccken konnten uns nicht von unserem verdienten Schl\u00e4fchen abbringen. Um 17 Uhr rundete ein Strandspaziergang inklusive <em>Anbaden<\/em> einiger Teilnehmer und eine weitere Bratwurst mit Radler und Mit-Radlern diese herrliche Veranstaltung ab.<\/p>\n<p><em><img loading=\"lazy\" decoding=\"async\" class=\"alignright\" style=\"margin: 5px;\" title=\"623km\" src=\"http:\/\/blog.kunstgriff.net\/Bilda\/623km.png \" alt=\"\" width=\"160\" height=\"240\" \/>Fazit:<\/em> Eine ganz besondere pers\u00f6nliche Grenzerfahrung \u00fcber 600 Kilometer am St\u00fcck mit dem Rennrad zur\u00fcckzulegen. Dieses Erlebnis ist jedem zum empfehlen, der gerne lange Rad f\u00e4hrt.<\/p>\n<p>Die <a href=\"http:\/\/www.fichkona-sports.de\/\" target=\"_blank\">Fichkona<\/a> ist professionell und mit viel Liebe organisiert. Die Veranstalter und sein Team sind zu jederzeit freundlich und hilfsbereit und m\u00f6chten die Fahrt so perfekt wie m\u00f6glich durchf\u00fchren. F\u00fcr die 202,- \u20ac Startgeb\u00fchr erh\u00e4lt man eine gute Leistung. Die Verpflegung entlang der Strecke, alle 60 bis 90 km, ist erstklassig. Auch der Zugang zu meinem Kleidersack an den Verpflegungspunkten hat prima geklappt. Das Team rund um Olaf S. war immer hilfsbereit und freundlich und ich merkte, das diese Veranstaltung von dem Team nicht zum Ersten mal ausgerichtet wurde. Der \u00e4lteste von den 178 Teilnehmer war 71 Jahre alt. 6 Frauen waren am Start und ein Mitfahrer hat zum 11. mal teilgenommen.<\/p>\n<p>Ein kleiner Wehrmutstropfen bleibt: Die Streckenf\u00fchrung lief nicht wirklich synchron mit der ins Internet gestellten Originalstrecke. Eigentlich kein Beinbruch, wenn denn der Fahrer des F\u00fchrungsfahrzeugs souver\u00e4ner navigiert h\u00e4tte. Ein Problem, das sich technisch l\u00f6sen l\u00e4sst: Statt Autonavi, einfach einen <a href=\"http:\/\/www.amazon.de\/gp\/product\/B002G1YPIO\/ref=as_li_ss_tl?ie=UTF8&amp;tag=gaba08-21&amp;linkCode=as2&amp;camp=1638&amp;creative=19454&amp;creativeASIN=B002G1YPIO\">Dakota 20<\/a><img loading=\"lazy\" decoding=\"async\" style=\"border: none !important; margin: 0px !important;\" src=\"http:\/\/www.assoc-amazon.de\/e\/ir?t=&amp;l=as2&amp;o=3&amp;a=B002G1YPIO\" alt=\"\" width=\"1\" height=\"1\" border=\"0\" \/> oder ein\u00a0<a href=\"http:\/\/www.amazon.de\/gp\/product\/B0043QPFES\/ref=as_li_ss_tl?ie=UTF8&amp;tag=gaba08-21&amp;linkCode=as2&amp;camp=1638&amp;creative=19454&amp;creativeASIN=B0043QPFES\">n\u00fcvi 2340LT<\/a><img loading=\"lazy\" decoding=\"async\" style=\"border: none !important; margin: 0px !important;\" src=\"http:\/\/www.assoc-amazon.de\/e\/ir?t=&amp;l=as2&amp;o=3&amp;a=B0043QPFES\" alt=\"\" width=\"1\" height=\"1\" border=\"0\" \/> ins F\u00fchrungsfahrzeug, den Track drauf laden und der Lila-Schnur folgen.<\/p>\n<p>Achja und Milchreis neben Haferschleim und ich w\u00e4re an den Verpflegungspunkten noch gl\u00fccklicher gewesen. <a href=\"http:\/\/www.fichkona-sports.de\/\" target=\"_blank\">Fichkona<\/a> habe ich nun auf meinem Zettel abgehakt, mal schauen, ob es in 2012 wieder draufsteht!?<\/p>\n<p style=\"text-align: center;\"><a href=\"https:\/\/i0.wp.com\/blog.kunstgriff.net\/wp-content\/uploads\/2011\/06\/14-Fichkona-2011-abgehakt.jpg\"><img data-recalc-dims=\"1\" loading=\"lazy\" decoding=\"async\" data-attachment-id=\"5073\" data-permalink=\"https:\/\/blog.kunstgriff.net\/?attachment_id=5073\" data-orig-file=\"https:\/\/i0.wp.com\/blog.kunstgriff.net\/wp-content\/uploads\/2011\/06\/14-Fichkona-2011-abgehakt.jpg?fit=800%2C600&amp;ssl=1\" data-orig-size=\"800,600\" data-comments-opened=\"1\" data-image-meta=\"{&quot;aperture&quot;:&quot;2.8&quot;,&quot;credit&quot;:&quot;&quot;,&quot;camera&quot;:&quot;Canon DIGITAL IXUS 870 IS&quot;,&quot;caption&quot;:&quot;&quot;,&quot;created_timestamp&quot;:&quot;1309077332&quot;,&quot;copyright&quot;:&quot;&quot;,&quot;focal_length&quot;:&quot;5&quot;,&quot;iso&quot;:&quot;80&quot;,&quot;shutter_speed&quot;:&quot;0.0015625&quot;,&quot;title&quot;:&quot;&quot;}\" data-image-title=\"14 Fichkona 2011 &amp;#8211; abgehakt\" data-image-description=\"\" data-image-caption=\"\" data-large-file=\"https:\/\/i0.wp.com\/blog.kunstgriff.net\/wp-content\/uploads\/2011\/06\/14-Fichkona-2011-abgehakt.jpg?fit=800%2C600&amp;ssl=1\" class=\"aligncenter size-full wp-image-5073\" title=\"14 Fichkona 2011 - abgehakt\" src=\"https:\/\/i0.wp.com\/blog.kunstgriff.net\/wp-content\/uploads\/2011\/06\/14-Fichkona-2011-abgehakt.jpg?resize=504%2C378\" alt=\"\" width=\"504\" height=\"378\" srcset=\"https:\/\/i0.wp.com\/blog.kunstgriff.net\/wp-content\/uploads\/2011\/06\/14-Fichkona-2011-abgehakt.jpg?w=800&amp;ssl=1 800w, https:\/\/i0.wp.com\/blog.kunstgriff.net\/wp-content\/uploads\/2011\/06\/14-Fichkona-2011-abgehakt.jpg?resize=300%2C225&amp;ssl=1 300w\" sizes=\"auto, (max-width: 504px) 100vw, 504px\" \/><\/a><\/p>\n<p><iframe loading=\"lazy\" src=\"https:\/\/www.strava.com\/activities\/13532902\/embed\/7c2c71d5b15d5d73f4c891a93861e803fa6090d5\" width=\"590\" height=\"405\" frameborder=\"0\" scrolling=\"no\"><\/iframe><\/p>\n","protected":false},"excerpt":{"rendered":"<p>oder \u00bbschlaflos im Sattel\u00ab Die ganze Woche hatte ich gehadert: Fahr ich oder fahr ich nicht. Zuletzt war die Anreise an den Fichtelberg nicht 100%ig gekl\u00e4rt und mein Schweinehund hatte diese Schwierigkeit als Absagegrund interpretiert. Doch die Anreiseschwierigkeiten wurden gegl\u00e4ttet. In einem Bully von Anna hatten mein Rad und ich eine komfortable Anreise ins rund &hellip; <\/p>\n<p class=\"link-more\"><a href=\"https:\/\/blog.kunstgriff.net\/?p=5036\" class=\"more-link\"><span class=\"screen-reader-text\">\u201e14. Fichkona 2011\u201c <\/span>weiterlesen<\/a><\/p>\n","protected":false},"author":2,"featured_media":0,"comment_status":"open","ping_status":"open","sticky":false,"template":"","format":"standard","meta":{"jetpack_post_was_ever_published":false,"_jetpack_newsletter_access":"","_jetpack_dont_email_post_to_subs":false,"_jetpack_newsletter_tier_id":0,"_jetpack_memberships_contains_paywalled_content":false,"_jetpack_memberships_contains_paid_content":false,"footnotes":""},"categories":[25,35,14,13,7,36],"tags":[],"class_list":["post-5036","post","type-post","status-publish","format-standard","hentry","category-besonderes-ereignis","category-garmin","category-radfahren","category-radreise","category-rennradfahren","category-veranstaltungen"],"jetpack_featured_media_url":"","jetpack_shortlink":"https:\/\/wp.me\/p8Cxe7-1je","jetpack-related-posts":[{"id":8229,"url":"https:\/\/blog.kunstgriff.net\/?p=8229","url_meta":{"origin":5036,"position":0},"title":"Berlin -> Fichtelberg 2012","author":"Georg","date":"Juni 16, 2012","format":false,"excerpt":"oder \u00bbHeute mal ein wenig l\u00e4nger unterwegs\u00ab Es muss schon ein besonders Ereignis anstehen, wenn ich mir den Wecker auf 2:50 Uhr stelle. Um p\u00fcnktlich um 4:30 Uhr am Potsdamer Platz zu sein, war diese Ma\u00dfnahme aber n\u00f6tig. In der U-Bahn traf ich, neben einigen Nachtschw\u00e4rmern, auch den verschlafenen Stefan\u2026","rel":"","context":"In &quot;200er&quot;","block_context":{"text":"200er","link":"https:\/\/blog.kunstgriff.net\/?cat=48"},"img":{"alt_text":"","src":"https:\/\/i0.wp.com\/blog.kunstgriff.net\/wp-content\/uploads\/2012\/06\/Jetzt-noch-schnell-runter-nach-Rittersgr%C3%BCn.jpg?resize=350%2C200","width":350,"height":200,"srcset":"https:\/\/i0.wp.com\/blog.kunstgriff.net\/wp-content\/uploads\/2012\/06\/Jetzt-noch-schnell-runter-nach-Rittersgr%C3%BCn.jpg?resize=350%2C200 1x, https:\/\/i0.wp.com\/blog.kunstgriff.net\/wp-content\/uploads\/2012\/06\/Jetzt-noch-schnell-runter-nach-Rittersgr%C3%BCn.jpg?resize=525%2C300 1.5x, https:\/\/i0.wp.com\/blog.kunstgriff.net\/wp-content\/uploads\/2012\/06\/Jetzt-noch-schnell-runter-nach-Rittersgr%C3%BCn.jpg?resize=700%2C400 2x"},"classes":[]},{"id":14056,"url":"https:\/\/blog.kunstgriff.net\/?p=14056","url_meta":{"origin":5036,"position":1},"title":"10-Uhr-Gruppe nach Ferch","author":"Georg","date":"August 6, 2016","format":false,"excerpt":"oder \u00bbLeider nicht mehr mein Niveau\u00ab Die halbe Rennrad-Fahr-Fraktion war in weit entfernten Bundesl\u00e4nder unterwegs und deshalb musste heute mal wieder die alt-bew\u00e4hrte 10-Uhr-Gruppe herhalten, um in den Genuss einer Gruppenausfahrt zu kommen. So war zumindest der Plan. Auch Uwe hatte sich zum Tunnel verirrt, die Sonne schien und alles\u2026","rel":"","context":"In &quot;Radfahren&quot;","block_context":{"text":"Radfahren","link":"https:\/\/blog.kunstgriff.net\/?cat=14"},"img":{"alt_text":"","src":"https:\/\/i0.wp.com\/blog.kunstgriff.net\/wp-content\/uploads\/2016\/08\/P8060001.jpg?fit=1200%2C800&ssl=1&resize=350%2C200","width":350,"height":200,"srcset":"https:\/\/i0.wp.com\/blog.kunstgriff.net\/wp-content\/uploads\/2016\/08\/P8060001.jpg?fit=1200%2C800&ssl=1&resize=350%2C200 1x, https:\/\/i0.wp.com\/blog.kunstgriff.net\/wp-content\/uploads\/2016\/08\/P8060001.jpg?fit=1200%2C800&ssl=1&resize=525%2C300 1.5x, https:\/\/i0.wp.com\/blog.kunstgriff.net\/wp-content\/uploads\/2016\/08\/P8060001.jpg?fit=1200%2C800&ssl=1&resize=700%2C400 2x, https:\/\/i0.wp.com\/blog.kunstgriff.net\/wp-content\/uploads\/2016\/08\/P8060001.jpg?fit=1200%2C800&ssl=1&resize=1050%2C600 3x"},"classes":[]},{"id":12720,"url":"https:\/\/blog.kunstgriff.net\/?p=12720","url_meta":{"origin":5036,"position":2},"title":"P\u00e4wesin-Runde","author":"Georg","date":"Juli 26, 2015","format":false,"excerpt":"oder \u00bbMal wieder den Renner abstauben\u00ab Eine gef\u00fchlte Ewigkeit war ich schon nicht mehr mit meinem Renner unterwegs gewesen. Aber die Berichte vom Arber und vom 24 Stunden Rennen am N\u00fcrburgring motivierten mich, in die Puschen zu kommen. Erst wollte ich nach Fehrbellin fahren, verwarf den Plan aber wieder f\u00fcr\u2026","rel":"","context":"In &quot;Cake-Ride&quot;","block_context":{"text":"Cake-Ride","link":"https:\/\/blog.kunstgriff.net\/?cat=34"},"img":{"alt_text":"","src":"https:\/\/i0.wp.com\/blog.kunstgriff.net\/wp-content\/uploads\/2015\/07\/Sakrower-Forst.jpg?fit=1200%2C900&ssl=1&resize=350%2C200","width":350,"height":200,"srcset":"https:\/\/i0.wp.com\/blog.kunstgriff.net\/wp-content\/uploads\/2015\/07\/Sakrower-Forst.jpg?fit=1200%2C900&ssl=1&resize=350%2C200 1x, https:\/\/i0.wp.com\/blog.kunstgriff.net\/wp-content\/uploads\/2015\/07\/Sakrower-Forst.jpg?fit=1200%2C900&ssl=1&resize=525%2C300 1.5x, https:\/\/i0.wp.com\/blog.kunstgriff.net\/wp-content\/uploads\/2015\/07\/Sakrower-Forst.jpg?fit=1200%2C900&ssl=1&resize=700%2C400 2x, https:\/\/i0.wp.com\/blog.kunstgriff.net\/wp-content\/uploads\/2015\/07\/Sakrower-Forst.jpg?fit=1200%2C900&ssl=1&resize=1050%2C600 3x"},"classes":[]},{"id":16689,"url":"https:\/\/blog.kunstgriff.net\/?p=16689","url_meta":{"origin":5036,"position":3},"title":"ERT 2017: Pyren\u00e4en 1. Etappe","author":"Georg","date":"September 17, 2017","format":false,"excerpt":"Barcelona \u2013 L\u2019Espluga de Francol\u00ed Vorwort: Zum zweiten mal nehme ich jetzt an einer 14-t\u00e4gigen Sommertour des wff teil. Das erste mal ging es in 2015 von Stuttgart nach Nizza. Ein klasse Erlebnis, dass sicher in den Pyren\u00e4en fortsetzten lie\u00dfe \u2013 so der Plan. Mit viel Gl\u00fcck schaffte ich es\u2026","rel":"","context":"In &quot;Radfahren&quot;","block_context":{"text":"Radfahren","link":"https:\/\/blog.kunstgriff.net\/?cat=14"},"img":{"alt_text":"","src":"https:\/\/i0.wp.com\/blog.kunstgriff.net\/wp-content\/uploads\/2017\/10\/Endlich-Meer-und-K%C3%BCstenstrasse.jpg?fit=1200%2C799&ssl=1&resize=350%2C200","width":350,"height":200,"srcset":"https:\/\/i0.wp.com\/blog.kunstgriff.net\/wp-content\/uploads\/2017\/10\/Endlich-Meer-und-K%C3%BCstenstrasse.jpg?fit=1200%2C799&ssl=1&resize=350%2C200 1x, https:\/\/i0.wp.com\/blog.kunstgriff.net\/wp-content\/uploads\/2017\/10\/Endlich-Meer-und-K%C3%BCstenstrasse.jpg?fit=1200%2C799&ssl=1&resize=525%2C300 1.5x, https:\/\/i0.wp.com\/blog.kunstgriff.net\/wp-content\/uploads\/2017\/10\/Endlich-Meer-und-K%C3%BCstenstrasse.jpg?fit=1200%2C799&ssl=1&resize=700%2C400 2x, https:\/\/i0.wp.com\/blog.kunstgriff.net\/wp-content\/uploads\/2017\/10\/Endlich-Meer-und-K%C3%BCstenstrasse.jpg?fit=1200%2C799&ssl=1&resize=1050%2C600 3x"},"classes":[]},{"id":5158,"url":"https:\/\/blog.kunstgriff.net\/?p=5158","url_meta":{"origin":5036,"position":4},"title":"8-Br\u00fccken-Feierabendrunde reloaded","author":"Georg","date":"Juni 28, 2011","format":false,"excerpt":"oder \u00bbRadfahren macht immer noch Spass!\u00ab Nach 72 Stunden Erholung von Fichkona wollte ich mal sehen ob Radfahren immer noch Spass macht und ob mein K\u00f6rper mit der Bewegung noch klar kommt. Alles einwandfrei und die ersten Meter f\u00fchlten sich gleich klasse an, keine Schmerzen - so muss das sein!\u2026","rel":"","context":"In &quot;Radfahren&quot;","block_context":{"text":"Radfahren","link":"https:\/\/blog.kunstgriff.net\/?cat=14"},"img":{"alt_text":"","src":"","width":0,"height":0},"classes":[]},{"id":4311,"url":"https:\/\/blog.kunstgriff.net\/?p=4311","url_meta":{"origin":5036,"position":5},"title":"P\u00e4wesin-Runde am Karfreitag","author":"Georg","date":"April 22, 2011","format":false,"excerpt":"oder \u00bbRennradfahren - geht noch!\u00abNachdem ich gestern \u00a0schon mit dem MTB im Biergarten war, wollte ich heute endlich wieder mit meinem Renner an den Start gehen. Daf\u00fcr kam es sehr gelegen, dass Karsten ab Rathaus Falkensee eine Tour ausgelobt hatte. Diese war nicht all zu lang und bot so einen\u2026","rel":"","context":"In &quot;Radfahren&quot;","block_context":{"text":"Radfahren","link":"https:\/\/blog.kunstgriff.net\/?cat=14"},"img":{"alt_text":"","src":"https:\/\/i0.wp.com\/blog.kunstgriff.net\/wp-content\/uploads\/2011\/04\/IMG_2145.jpg?resize=350%2C200","width":350,"height":200},"classes":[]}],"jetpack_likes_enabled":true,"jetpack_sharing_enabled":true,"_links":{"self":[{"href":"https:\/\/blog.kunstgriff.net\/index.php?rest_route=\/wp\/v2\/posts\/5036","targetHints":{"allow":["GET"]}}],"collection":[{"href":"https:\/\/blog.kunstgriff.net\/index.php?rest_route=\/wp\/v2\/posts"}],"about":[{"href":"https:\/\/blog.kunstgriff.net\/index.php?rest_route=\/wp\/v2\/types\/post"}],"author":[{"embeddable":true,"href":"https:\/\/blog.kunstgriff.net\/index.php?rest_route=\/wp\/v2\/users\/2"}],"replies":[{"embeddable":true,"href":"https:\/\/blog.kunstgriff.net\/index.php?rest_route=%2Fwp%2Fv2%2Fcomments&post=5036"}],"version-history":[{"count":0,"href":"https:\/\/blog.kunstgriff.net\/index.php?rest_route=\/wp\/v2\/posts\/5036\/revisions"}],"wp:attachment":[{"href":"https:\/\/blog.kunstgriff.net\/index.php?rest_route=%2Fwp%2Fv2%2Fmedia&parent=5036"}],"wp:term":[{"taxonomy":"category","embeddable":true,"href":"https:\/\/blog.kunstgriff.net\/index.php?rest_route=%2Fwp%2Fv2%2Fcategories&post=5036"},{"taxonomy":"post_tag","embeddable":true,"href":"https:\/\/blog.kunstgriff.net\/index.php?rest_route=%2Fwp%2Fv2%2Ftags&post=5036"}],"curies":[{"name":"wp","href":"https:\/\/api.w.org\/{rel}","templated":true}]}}