{"id":5174,"date":"2011-07-11T15:07:43","date_gmt":"2011-07-11T13:07:43","guid":{"rendered":"http:\/\/blog.kunstgriff.net\/?p=5174"},"modified":"2016-08-31T14:07:42","modified_gmt":"2016-08-31T12:07:42","slug":"quaeldich-de-deutschland-rundfahrt-2011","status":"publish","type":"post","link":"https:\/\/blog.kunstgriff.net\/?p=5174","title":{"rendered":"quaeldich.de-Deutschland Rundfahrt 2011"},"content":{"rendered":"<span class=\"span-reading-time rt-reading-time\" style=\"display: block;\"><span class=\"rt-label rt-prefix\">Lesezeit: <\/span> <span class=\"rt-time\"> 9<\/span> <span class=\"rt-label rt-postfix\">Minuten<\/span><\/span><p><a href=\"https:\/\/i0.wp.com\/blog.kunstgriff.net\/wp-content\/uploads\/2011\/07\/dtour_skizze_2011_190.png\"><img data-recalc-dims=\"1\" loading=\"lazy\" decoding=\"async\" data-attachment-id=\"5223\" data-permalink=\"https:\/\/blog.kunstgriff.net\/?attachment_id=5223\" data-orig-file=\"https:\/\/i0.wp.com\/blog.kunstgriff.net\/wp-content\/uploads\/2011\/07\/dtour_skizze_2011_190.png?fit=190%2C219&amp;ssl=1\" data-orig-size=\"190,219\" data-comments-opened=\"1\" data-image-meta=\"{&quot;aperture&quot;:&quot;0&quot;,&quot;credit&quot;:&quot;&quot;,&quot;camera&quot;:&quot;&quot;,&quot;caption&quot;:&quot;&quot;,&quot;created_timestamp&quot;:&quot;0&quot;,&quot;copyright&quot;:&quot;&quot;,&quot;focal_length&quot;:&quot;0&quot;,&quot;iso&quot;:&quot;0&quot;,&quot;shutter_speed&quot;:&quot;0&quot;,&quot;title&quot;:&quot;&quot;}\" data-image-title=\"dtour_skizze_2011_190\" data-image-description=\"\" data-image-caption=\"\" data-large-file=\"https:\/\/i0.wp.com\/blog.kunstgriff.net\/wp-content\/uploads\/2011\/07\/dtour_skizze_2011_190.png?fit=190%2C219&amp;ssl=1\" class=\"alignright size-full wp-image-5223\" style=\"margin: 5px;\" title=\"dtour_skizze_2011_190\" src=\"https:\/\/i0.wp.com\/blog.kunstgriff.net\/wp-content\/uploads\/2011\/07\/dtour_skizze_2011_190.png?resize=190%2C219\" alt=\"\" width=\"190\" height=\"219\" \/><\/a>An einem kalten Wintertag im Januar kam Peter die Idee doch bei der <a href=\"http:\/\/www.quaeldich.de\/veranstaltungen\/quaeldich-de-deutschland-rundfahrt-2011\/\" target=\"_blank\">qu\u00e4lDich-Deutschland-Rundfahrt 2011<\/a> mitzumachen. Christoph, Uwe und ich waren sofort Feuer und Flamme und so buchten wir kurzerhand die neunt\u00e4gige Rundfahrt.<\/p>\n<p>Erst wenige Tage vor Abfahrt wurde mir klar, auf welches <del datetime=\"2011-07-11T12:35:48+00:00\">kleine<\/del> Abenteuer ich mich da eingelassen hatte: In neun Tagen waren 1.380 km und 23.300 H\u00f6henmeter zu bew\u00e4ltigen. Ein ganz sch\u00f6ner Kanten. Kein Ruhetag und so viele H\u00f6henmeter am St\u00fcck bin ich auch noch nicht gefahren. Aber man w\u00e4chst ja an seinen Aufgaben.<\/p>\n<h4>Tag 1: Bad Krozingen Kurpark &#8211; Bad Peterstal<\/h4>\n<h3>154,25\u00a0km | 3.047\u00a0Hm<\/h3>\n<p>Am 2. Juli trafen wir, schlecht im Nachtzug gen\u00e4chtigt, im Kurpark von Bad Krotzingen im Schwarzwald ein. Wir hatten gen\u00fcgend Zeit uns anzumelden, unser Gep\u00e4ck in die Gitterboxen zu stellen und der Tourenbeschreibung von Jan zu folgen.<\/p>\n<p>Die 170 Fahrer\/innen wurden in f\u00fcnf Leistungsgruppen aufgeteilt, die mit kurzem Abstand zueinander starten. Von Guides begleitet wurde jede Gruppe durch den Verkehr und die Landschaft gef\u00fchrt. Immer mindestens Einer ganz vorne und einer ganz hinten, um aufzupassen, das niemand zur\u00fcck bleibt. Ein klasse Konzept, mit dem es sich sicher touren lie\u00df.<\/p>\n<p><a href=\"https:\/\/i0.wp.com\/blog.kunstgriff.net\/wp-content\/uploads\/2011\/07\/NetteSteigung.png\"><img data-recalc-dims=\"1\" loading=\"lazy\" decoding=\"async\" data-attachment-id=\"5221\" data-permalink=\"https:\/\/blog.kunstgriff.net\/?attachment_id=5221\" data-orig-file=\"https:\/\/i0.wp.com\/blog.kunstgriff.net\/wp-content\/uploads\/2011\/07\/NetteSteigung.png?fit=160%2C240&amp;ssl=1\" data-orig-size=\"160,240\" data-comments-opened=\"1\" data-image-meta=\"{&quot;aperture&quot;:&quot;0&quot;,&quot;credit&quot;:&quot;&quot;,&quot;camera&quot;:&quot;&quot;,&quot;caption&quot;:&quot;&quot;,&quot;created_timestamp&quot;:&quot;0&quot;,&quot;copyright&quot;:&quot;&quot;,&quot;focal_length&quot;:&quot;0&quot;,&quot;iso&quot;:&quot;0&quot;,&quot;shutter_speed&quot;:&quot;0&quot;,&quot;title&quot;:&quot;&quot;}\" data-image-title=\"NetteSteigung\" data-image-description=\"\" data-image-caption=\"\" data-large-file=\"https:\/\/i0.wp.com\/blog.kunstgriff.net\/wp-content\/uploads\/2011\/07\/NetteSteigung.png?fit=160%2C240&amp;ssl=1\" class=\"alignleft size-full wp-image-5221\" style=\"margin: 10px;\" title=\"NetteSteigung\" src=\"https:\/\/i0.wp.com\/blog.kunstgriff.net\/wp-content\/uploads\/2011\/07\/NetteSteigung.png?resize=160%2C240\" alt=\"\" width=\"160\" height=\"240\" \/><\/a>Nur die ersten Kilometer auf dem Renner bei herrlichem Sonnenschein waren flach, dann ging es nach 6 Kilometern gleich auf bekannten Wegen hoch nach Schauinsland.<\/p>\n<p>Flach wurde es nun nicht mehr. Eine sch\u00f6ne Einstimmung auf die folgenden Tage: Immer steil die Berge hoch. Dabei zeigte sich der Hochschwarzwald von seiner sch\u00f6nsten Seite und erfreute uns mit herrlichem Sonnenschein.<\/p>\n<p>Nach einem sehr anstrengende Tag erreichen wir Bad Peterstal. Dort steht zwar unser Gep\u00e4ck in den Gitterboxen, aber die Fahrerin zum 5 Kilometer entfernten Hotel, welche unser Gep\u00e4ck dort hinbringen soll ist nicht zu finden. Nach gef\u00fchlten Stunden k\u00f6nnen wir uns dann aber doch auf den Weg in unsere sch\u00f6ne Ferienwohnung in Bad Grisebach machen, und m\u00fcde unser 4-Bett-Apartment beziehen.<\/p>\n<p>Die Pasta-Party im gro\u00dfen Zelt der \u00f6rtlichen Kirmes rundet den sch\u00f6nen Tag an der frischen Luft ab und l\u00e4\u00dft uns schnell einschlafen.<\/p>\n<p style=\"text-align: center;\"><a href=\"https:\/\/i0.wp.com\/blog.kunstgriff.net\/wp-content\/uploads\/2011\/07\/18Prozent.jpg\"><img data-recalc-dims=\"1\" loading=\"lazy\" decoding=\"async\" data-attachment-id=\"5196\" data-permalink=\"https:\/\/blog.kunstgriff.net\/?attachment_id=5196\" data-orig-file=\"https:\/\/i0.wp.com\/blog.kunstgriff.net\/wp-content\/uploads\/2011\/07\/18Prozent.jpg?fit=800%2C600&amp;ssl=1\" data-orig-size=\"800,600\" data-comments-opened=\"1\" data-image-meta=\"{&quot;aperture&quot;:&quot;2.8&quot;,&quot;credit&quot;:&quot;&quot;,&quot;camera&quot;:&quot;Canon DIGITAL IXUS 870 IS&quot;,&quot;caption&quot;:&quot;&quot;,&quot;created_timestamp&quot;:&quot;1309591574&quot;,&quot;copyright&quot;:&quot;&quot;,&quot;focal_length&quot;:&quot;5&quot;,&quot;iso&quot;:&quot;160&quot;,&quot;shutter_speed&quot;:&quot;0.016666666666667&quot;,&quot;title&quot;:&quot;&quot;}\" data-image-title=\"18Prozent\" data-image-description=\"\" data-image-caption=\"\" data-large-file=\"https:\/\/i0.wp.com\/blog.kunstgriff.net\/wp-content\/uploads\/2011\/07\/18Prozent.jpg?fit=800%2C600&amp;ssl=1\" class=\"aligncenter size-full wp-image-5196\" title=\"18Prozent\" src=\"https:\/\/i0.wp.com\/blog.kunstgriff.net\/wp-content\/uploads\/2011\/07\/18Prozent.jpg?resize=525%2C394\" alt=\"\" width=\"525\" height=\"394\" srcset=\"https:\/\/i0.wp.com\/blog.kunstgriff.net\/wp-content\/uploads\/2011\/07\/18Prozent.jpg?w=800&amp;ssl=1 800w, https:\/\/i0.wp.com\/blog.kunstgriff.net\/wp-content\/uploads\/2011\/07\/18Prozent.jpg?resize=300%2C225&amp;ssl=1 300w\" sizes=\"auto, (max-width: 525px) 100vw, 525px\" \/><\/a><\/p>\n<p style=\"text-align: center;\"><a href=\"https:\/\/i0.wp.com\/blog.kunstgriff.net\/wp-content\/uploads\/2011\/07\/Wassertankstelle.jpg\"><img data-recalc-dims=\"1\" loading=\"lazy\" decoding=\"async\" data-attachment-id=\"5206\" data-permalink=\"https:\/\/blog.kunstgriff.net\/?attachment_id=5206\" data-orig-file=\"https:\/\/i0.wp.com\/blog.kunstgriff.net\/wp-content\/uploads\/2011\/07\/Wassertankstelle.jpg?fit=800%2C600&amp;ssl=1\" data-orig-size=\"800,600\" data-comments-opened=\"1\" data-image-meta=\"{&quot;aperture&quot;:&quot;2.8&quot;,&quot;credit&quot;:&quot;&quot;,&quot;camera&quot;:&quot;Canon DIGITAL IXUS 870 IS&quot;,&quot;caption&quot;:&quot;&quot;,&quot;created_timestamp&quot;:&quot;1309595403&quot;,&quot;copyright&quot;:&quot;&quot;,&quot;focal_length&quot;:&quot;5&quot;,&quot;iso&quot;:&quot;125&quot;,&quot;shutter_speed&quot;:&quot;0.002&quot;,&quot;title&quot;:&quot;&quot;}\" data-image-title=\"Wassertankstelle\" data-image-description=\"\" data-image-caption=\"\" data-large-file=\"https:\/\/i0.wp.com\/blog.kunstgriff.net\/wp-content\/uploads\/2011\/07\/Wassertankstelle.jpg?fit=800%2C600&amp;ssl=1\" class=\"aligncenter size-full wp-image-5206\" title=\"Wassertankstelle\" src=\"https:\/\/i0.wp.com\/blog.kunstgriff.net\/wp-content\/uploads\/2011\/07\/Wassertankstelle.jpg?resize=525%2C394\" alt=\"\" width=\"525\" height=\"394\" srcset=\"https:\/\/i0.wp.com\/blog.kunstgriff.net\/wp-content\/uploads\/2011\/07\/Wassertankstelle.jpg?w=800&amp;ssl=1 800w, https:\/\/i0.wp.com\/blog.kunstgriff.net\/wp-content\/uploads\/2011\/07\/Wassertankstelle.jpg?resize=300%2C225&amp;ssl=1 300w\" sizes=\"auto, (max-width: 525px) 100vw, 525px\" \/><\/a><\/p>\n<p><iframe loading=\"lazy\" src=\"https:\/\/www.strava.com\/activities\/13532847\/embed\/3bd1a7a275a909a579f7ad7e35935ccefdd7cdad\" width=\"590\" height=\"405\" frameborder=\"0\" scrolling=\"no\"><\/iframe><\/p>\n<h4>Tag 2: Bad Peterstal &#8211; Landau<\/h4>\n<h3>165\u00a0km | 2.111\u00a0Hm<\/h3>\n<p><a href=\"http:\/\/connect.garmin.com\/activity\/98366936\" target=\"_blank\">Link zu GarminConnect<\/a><\/p>\n<p>Routiniert erfolgte der Start und alle Gruppen machten sich wieder nacheinander auf den Weg in die Rheinebene nach Landau. Auf einer langen Abfahrt, durch einen Wald kam es in der blauen Gruppe zu einem Sturz einer Mitfahrerin, der im Krankenhaus endete. Auch ich hatte hier einen Defekt: Ein zu schnell durchfahrenes Schlagloch zerst\u00f6rte meine Felgenflanke und das fast neue Laufrad musste gewechselt werden.<\/p>\n<p>Nach den vielen H\u00fcgeln kamen wir nun in die Rheinebene die uns mit sattem Gegenwind begr\u00fc\u00dfte und ich war froh als wir die Rheinf\u00e4hre erreichten und es von nun an nur noch relativ flach zu unserem Etappenziel ging.<\/p>\n<p>Vor den Toren der Stadt erwartete uns ein Motorradpolizist, der uns zum Rathausplatz f\u00fchrte. Ein tolles Willkommen!<\/p>\n<p style=\"text-align: center;\"><a href=\"https:\/\/i0.wp.com\/blog.kunstgriff.net\/wp-content\/uploads\/2011\/07\/Gepaech-verladen.jpg\"><img data-recalc-dims=\"1\" loading=\"lazy\" decoding=\"async\" data-attachment-id=\"5200\" data-permalink=\"https:\/\/blog.kunstgriff.net\/?attachment_id=5200\" data-orig-file=\"https:\/\/i0.wp.com\/blog.kunstgriff.net\/wp-content\/uploads\/2011\/07\/Gepaech-verladen.jpg?fit=800%2C600&amp;ssl=1\" data-orig-size=\"800,600\" data-comments-opened=\"1\" data-image-meta=\"{&quot;aperture&quot;:&quot;4.5&quot;,&quot;credit&quot;:&quot;&quot;,&quot;camera&quot;:&quot;Canon DIGITAL IXUS 870 IS&quot;,&quot;caption&quot;:&quot;&quot;,&quot;created_timestamp&quot;:&quot;1309673918&quot;,&quot;copyright&quot;:&quot;&quot;,&quot;focal_length&quot;:&quot;12.524&quot;,&quot;iso&quot;:&quot;100&quot;,&quot;shutter_speed&quot;:&quot;0.002&quot;,&quot;title&quot;:&quot;&quot;}\" data-image-title=\"Gepaech verladen\" data-image-description=\"\" data-image-caption=\"\" data-large-file=\"https:\/\/i0.wp.com\/blog.kunstgriff.net\/wp-content\/uploads\/2011\/07\/Gepaech-verladen.jpg?fit=800%2C600&amp;ssl=1\" class=\"aligncenter size-full wp-image-5200\" title=\"Gepaech verladen\" src=\"https:\/\/i0.wp.com\/blog.kunstgriff.net\/wp-content\/uploads\/2011\/07\/Gepaech-verladen.jpg?resize=525%2C394\" alt=\"\" width=\"525\" height=\"394\" srcset=\"https:\/\/i0.wp.com\/blog.kunstgriff.net\/wp-content\/uploads\/2011\/07\/Gepaech-verladen.jpg?w=800&amp;ssl=1 800w, https:\/\/i0.wp.com\/blog.kunstgriff.net\/wp-content\/uploads\/2011\/07\/Gepaech-verladen.jpg?resize=300%2C225&amp;ssl=1 300w\" sizes=\"auto, (max-width: 525px) 100vw, 525px\" \/><\/a><\/p>\n<p style=\"text-align: center;\"><a href=\"https:\/\/i0.wp.com\/blog.kunstgriff.net\/wp-content\/uploads\/2011\/07\/zufrieden-oben.jpg\"><img data-recalc-dims=\"1\" loading=\"lazy\" decoding=\"async\" data-attachment-id=\"5207\" data-permalink=\"https:\/\/blog.kunstgriff.net\/?attachment_id=5207\" data-orig-file=\"https:\/\/i0.wp.com\/blog.kunstgriff.net\/wp-content\/uploads\/2011\/07\/zufrieden-oben.jpg?fit=800%2C600&amp;ssl=1\" data-orig-size=\"800,600\" data-comments-opened=\"1\" data-image-meta=\"{&quot;aperture&quot;:&quot;2.8&quot;,&quot;credit&quot;:&quot;&quot;,&quot;camera&quot;:&quot;Canon DIGITAL IXUS 870 IS&quot;,&quot;caption&quot;:&quot;&quot;,&quot;created_timestamp&quot;:&quot;1309679641&quot;,&quot;copyright&quot;:&quot;&quot;,&quot;focal_length&quot;:&quot;5&quot;,&quot;iso&quot;:&quot;80&quot;,&quot;shutter_speed&quot;:&quot;0.00125&quot;,&quot;title&quot;:&quot;&quot;}\" data-image-title=\"zufrieden oben\" data-image-description=\"\" data-image-caption=\"\" data-large-file=\"https:\/\/i0.wp.com\/blog.kunstgriff.net\/wp-content\/uploads\/2011\/07\/zufrieden-oben.jpg?fit=800%2C600&amp;ssl=1\" class=\"aligncenter size-full wp-image-5207\" title=\"zufrieden oben\" src=\"https:\/\/i0.wp.com\/blog.kunstgriff.net\/wp-content\/uploads\/2011\/07\/zufrieden-oben.jpg?resize=525%2C394\" alt=\"\" width=\"525\" height=\"394\" srcset=\"https:\/\/i0.wp.com\/blog.kunstgriff.net\/wp-content\/uploads\/2011\/07\/zufrieden-oben.jpg?w=800&amp;ssl=1 800w, https:\/\/i0.wp.com\/blog.kunstgriff.net\/wp-content\/uploads\/2011\/07\/zufrieden-oben.jpg?resize=300%2C225&amp;ssl=1 300w\" sizes=\"auto, (max-width: 525px) 100vw, 525px\" \/><\/a><\/p>\n<p><iframe loading=\"lazy\" src=\"https:\/\/www.strava.com\/activities\/13532864\/embed\/7c4e265d2bb7dd73bbbee8af134fd74f2fbf5c91\" width=\"590\" height=\"405\" frameborder=\"0\" scrolling=\"no\"><\/iframe><\/p>\n<h4>Tag 3: Landau &#8211; Saarlouis<\/h4>\n<h3>173\u00a0km | 2.080\u00a0Hm<\/h3>\n<p><a href=\"http:\/\/connect.garmin.com\/activity\/98366919\" target=\"_blank\">Link zu GarminConnect<\/a><\/p>\n<p>Der dritte Tag f\u00fchrte erst einmal durch herrliche, fast autofreie, Passagen im sattgr\u00fcnen Pf\u00e4lzerwald. W\u00e4re der Stra\u00dfenbelag besser gewesen, k\u00f6nnten man diese Region als ideales Rennradrevier bezeichnen. Die Gruppe harmonierte gut und die Guides waren kaum gefordert. Allerdings verloren wir im Wald einige <em>Nicht-so-schnelle-Abfahrer<\/em> und Jan musste warten. Wir fuhren schon zur n\u00e4chsten Nass-Verpflegung weiter.<\/p>\n<p>Es war nun heiss und so wellig hatte ich mir das Saarland nicht vorgestellt. Ich z\u00e4hlte die Kilometer r\u00fcckw\u00e4rts bis zum Ortsschild Saarlouis und war heilfroh als wir endlich diese sch\u00f6ne Stadt erreicht hatten. Erst der dritte Tag und ich machte mir bereits Sorgen wie ich das bis zum Ende durchstehen sollte.<\/p>\n<p>Im Hotel dann wieder das selbe Ritual wie schon in den Tagen zuvor: Pastaparty. F\u00fcnfzehn Minuten vor dem Termin in Lauerstellung stehen, um nicht in der Schlange der hungrigen Radfahrer am Ende zu landen. Beim n\u00e4chsten Mal werden wir das sicher anders buchen und auch mal Abseits der Radfahrer-Meute unser Abendbrot zu uns nehmen.<\/p>\n<p>Apropos Essen: Die Mittagsverpflegung erfreute mich am ersten Tag aufgrund ihrer Vielfalt. Nach dem dritten Tag wurde es ein wenig fad, da die Abwechslung fehlte. Immer das Gleiche: Streusel-Kuchen, Schokoriegel, Kartoffelsalat, Nudelsalat, K\u00e4sebrote, Bananen und Schinkenknacker.<\/p>\n<p>Schnell verwertbare Energie liefern diese Speisen leider nicht. Besonders hart wird es, wenn Nudelsalat mit Mayonnaise und Schinkenknacker vor den harten Anstiegen verzehrt wurde, die meist nach der Mittagspause folgten. Aber so gro\u00df war der Appetit dann beim mir zum Gl\u00fcck doch nie.<\/p>\n<p>Im n\u00e4chsten Jahr sollen Milchreis und Frischei-Waffeln mit auf den Speiseplan kommen. Vielleicht auch mal ein K\u00e4sekuchen statt des fettigen Streuselkuchens. Mein Radfahrerherz w\u00e4re dann noch gl\u00fccklicher.<\/p>\n<p>Die Verpflegung mit <a href=\"http:\/\/www.dextro-energy.de\/sports_nutrition\/die-produkte.asp\" target=\"_blank\">Dextro Energy<\/a> Carbohydrate Bars und Liquid Gels, eines der Hauptsponsoren, war vorbildlich. Auch der Carbo-Mineral-Drink war immer in ausreichender Menge verf\u00fcgbar. <em>Sehr l\u00f6blich!<\/em><\/p>\n<p style=\"text-align: center;\"><a href=\"https:\/\/i0.wp.com\/blog.kunstgriff.net\/wp-content\/uploads\/2011\/07\/Laufrad-zentrieren.jpg\"><img data-recalc-dims=\"1\" loading=\"lazy\" decoding=\"async\" data-attachment-id=\"5203\" data-permalink=\"https:\/\/blog.kunstgriff.net\/?attachment_id=5203\" data-orig-file=\"https:\/\/i0.wp.com\/blog.kunstgriff.net\/wp-content\/uploads\/2011\/07\/Laufrad-zentrieren.jpg?fit=800%2C600&amp;ssl=1\" data-orig-size=\"800,600\" data-comments-opened=\"1\" data-image-meta=\"{&quot;aperture&quot;:&quot;3.2&quot;,&quot;credit&quot;:&quot;&quot;,&quot;camera&quot;:&quot;Canon DIGITAL IXUS 870 IS&quot;,&quot;caption&quot;:&quot;&quot;,&quot;created_timestamp&quot;:&quot;1309692805&quot;,&quot;copyright&quot;:&quot;&quot;,&quot;focal_length&quot;:&quot;5.984&quot;,&quot;iso&quot;:&quot;80&quot;,&quot;shutter_speed&quot;:&quot;0.0015625&quot;,&quot;title&quot;:&quot;&quot;}\" data-image-title=\"Laufrad zentrieren\" data-image-description=\"\" data-image-caption=\"\" data-large-file=\"https:\/\/i0.wp.com\/blog.kunstgriff.net\/wp-content\/uploads\/2011\/07\/Laufrad-zentrieren.jpg?fit=800%2C600&amp;ssl=1\" class=\"aligncenter size-full wp-image-5203\" title=\"Laufrad zentrieren\" src=\"https:\/\/i0.wp.com\/blog.kunstgriff.net\/wp-content\/uploads\/2011\/07\/Laufrad-zentrieren.jpg?resize=525%2C394\" alt=\"\" width=\"525\" height=\"394\" srcset=\"https:\/\/i0.wp.com\/blog.kunstgriff.net\/wp-content\/uploads\/2011\/07\/Laufrad-zentrieren.jpg?w=800&amp;ssl=1 800w, https:\/\/i0.wp.com\/blog.kunstgriff.net\/wp-content\/uploads\/2011\/07\/Laufrad-zentrieren.jpg?resize=300%2C225&amp;ssl=1 300w\" sizes=\"auto, (max-width: 525px) 100vw, 525px\" \/><\/a><\/p>\n<p><iframe loading=\"lazy\" src=\"https:\/\/www.strava.com\/activities\/13532879\/embed\/e09c7e53a69ba54fa1749d170a47a083d1ba887b\" width=\"590\" height=\"405\" frameborder=\"0\" scrolling=\"no\"><\/iframe><\/p>\n<h4>Tag 4: Saarlouis &#8211; Bitburg<\/h4>\n<h3>153\u00a0km | 2.132\u00a0Hm<\/h3>\n<p>Der Blick aus dem Hotelfenster zeigt sofort das das ein herrlicher Sonnentag werden wird und so ist ohne Diskussion klar, das heute wieder \u00bbkurz\/kurz\u00ab gefahren werden kann.<\/p>\n<p>Nach dem notorischen verladen des Gep\u00e4cks, Verabschiedung des B\u00fcrgermeisters und Gruppenfoto vor der Lokalpresse setzten wir uns in Richtung Eifel in Bewegung. Eine herrliche Etappe wartete auf uns, auf meist verkehrsarmen Nebenstra\u00dfen. Die Gr\u00fcne-Gruppe hat sich gefunden und es lief wie schon an den vergangenen Tagen, sehr harmonisch und rund.<\/p>\n<p>Am Mittagsbuffet gibt es zur Abwechslung Maultaschen, die ich aber links liegen lie\u00df, da der Respekt vor den bevorstehenden Anstiegen gr\u00f6\u00dfer war als der Appetit auf diese K\u00f6stlichkeit. Daf\u00fcr gab es Zucker-Kuchen statt Streusel-Kuchen und ich war fast gl\u00fccklich.<\/p>\n<p>Es rollt bei diesem tollen Wetter hervorragend und ich war fast ein wenig entt\u00e4uscht, als wir nach knapp 160 km die ehemalige US-Kaserne Bitburg erreichten, die nun ins Mega-Hotel <a href=\"http:\/\/www.eifelstern.com\/\" target=\"_blank\">\u00bbEifelstern\u00ab<\/a> verwandelt wurde.<\/p>\n<p style=\"text-align: center;\"><a href=\"https:\/\/i0.wp.com\/blog.kunstgriff.net\/wp-content\/uploads\/2011\/07\/GruppenfotoSarlois.jpg\"><img data-recalc-dims=\"1\" loading=\"lazy\" decoding=\"async\" data-attachment-id=\"5210\" data-permalink=\"https:\/\/blog.kunstgriff.net\/?attachment_id=5210\" data-orig-file=\"https:\/\/i0.wp.com\/blog.kunstgriff.net\/wp-content\/uploads\/2011\/07\/GruppenfotoSarlois.jpg?fit=800%2C600&amp;ssl=1\" data-orig-size=\"800,600\" data-comments-opened=\"1\" data-image-meta=\"{&quot;aperture&quot;:&quot;5.6&quot;,&quot;credit&quot;:&quot;&quot;,&quot;camera&quot;:&quot;Canon DIGITAL IXUS 870 IS&quot;,&quot;caption&quot;:&quot;&quot;,&quot;created_timestamp&quot;:&quot;1309847611&quot;,&quot;copyright&quot;:&quot;&quot;,&quot;focal_length&quot;:&quot;5&quot;,&quot;iso&quot;:&quot;80&quot;,&quot;shutter_speed&quot;:&quot;0.002&quot;,&quot;title&quot;:&quot;&quot;}\" data-image-title=\"GruppenfotoSarlois\" data-image-description=\"\" data-image-caption=\"\" data-large-file=\"https:\/\/i0.wp.com\/blog.kunstgriff.net\/wp-content\/uploads\/2011\/07\/GruppenfotoSarlois.jpg?fit=800%2C600&amp;ssl=1\" class=\"aligncenter size-full wp-image-5210\" title=\"GruppenfotoSarlois\" src=\"https:\/\/i0.wp.com\/blog.kunstgriff.net\/wp-content\/uploads\/2011\/07\/GruppenfotoSarlois.jpg?resize=525%2C394\" alt=\"\" width=\"525\" height=\"394\" srcset=\"https:\/\/i0.wp.com\/blog.kunstgriff.net\/wp-content\/uploads\/2011\/07\/GruppenfotoSarlois.jpg?w=800&amp;ssl=1 800w, https:\/\/i0.wp.com\/blog.kunstgriff.net\/wp-content\/uploads\/2011\/07\/GruppenfotoSarlois.jpg?resize=300%2C225&amp;ssl=1 300w\" sizes=\"auto, (max-width: 525px) 100vw, 525px\" \/><\/a><\/p>\n<p style=\"text-align: left;\">Die abendliche Pastaparty bot zwar verschiedene Nudelvariationen und sogar Nachtisch. Wirklich gekocht wurde aber nicht. Nur T\u00fcten aufgerissen und erhitzt. Convenience l\u00e4sst gr\u00fc\u00dfen! Aber bei dem Preis f\u00fcr das Abendmahl ist auch nicht mehr zu erwarten und hungrige Radler machte es satt.<\/p>\n<p style=\"text-align: left;\">Die gro\u00dfen Doppelzimmer waren komfortabel ausgestattet und machten Lust auf einen l\u00e4ngeren Aufenthalt.<\/p>\n<p><iframe loading=\"lazy\" src=\"https:\/\/www.strava.com\/activities\/13532876\/embed\/b60eabccf7864c6f7032976675fcf8d2b5c95d35\" width=\"590\" height=\"405\" frameborder=\"0\" scrolling=\"no\"><\/iframe><\/p>\n<h4>Tag 5: Bitburg &#8211; Linz am Rhein<\/h4>\n<h3>160\u00a0km | 2.299\u00a0Hm<\/h3>\n<p>Heute sollte die Eifel geb\u00fcgelt werden und ich startete mit viel Vorfreude in diese 5. Etappe, denn ich hatte die Region rund um den N\u00fcrburgring noch in guter Erinnerung von der 24 Stunden <a href=\"http:\/\/www.radamring.de\/\" target=\"_blank\">Rad Am Ring<\/a> Veranstaltung: Herrlicher Asphalt auf verkehrsarmen Stra\u00dfen erwartete uns. Dazu ein fast wolkenloser Himmel, geschmeidige Wellen \u2013 da schl\u00e4gt jedes Rad-Rennfahrer Herz h\u00f6her!<\/p>\n<p>Nach der Mittagspause in Adenau ging es entlang des Rings zur Hohen Acht hoch, bevor wir \u00fcber rasante Abfahrten noch einige mittelschwere Anstiege zu bew\u00e4ltigen hatten.<\/p>\n<p>Heute lief es gut, allerdings empfand ich diese Etappe als kr\u00e4ftezehrendste. Sicher auch bedingt durch die hohen Temperaturen und so war ich froh als wir die Rheinf\u00e4hre erreichten, die uns hin\u00fcber nach Linz bringen sollte, wo auf dem Marktplatz auch schon ein Gassenhauer-DJ und ein lokaler Radladen mit Apfelschorle in gesponserten Getr\u00e4nkeflaschen auf uns warteten.<\/p>\n<p style=\"text-align: center;\"><a href=\"https:\/\/i0.wp.com\/blog.kunstgriff.net\/wp-content\/uploads\/2011\/07\/die-Blauen-kommen.jpg\"><img data-recalc-dims=\"1\" loading=\"lazy\" decoding=\"async\" data-attachment-id=\"5197\" data-permalink=\"https:\/\/blog.kunstgriff.net\/?attachment_id=5197\" data-orig-file=\"https:\/\/i0.wp.com\/blog.kunstgriff.net\/wp-content\/uploads\/2011\/07\/die-Blauen-kommen.jpg?fit=800%2C600&amp;ssl=1\" data-orig-size=\"800,600\" data-comments-opened=\"1\" data-image-meta=\"{&quot;aperture&quot;:&quot;2.8&quot;,&quot;credit&quot;:&quot;&quot;,&quot;camera&quot;:&quot;Canon DIGITAL IXUS 870 IS&quot;,&quot;caption&quot;:&quot;&quot;,&quot;created_timestamp&quot;:&quot;1309772629&quot;,&quot;copyright&quot;:&quot;&quot;,&quot;focal_length&quot;:&quot;5&quot;,&quot;iso&quot;:&quot;80&quot;,&quot;shutter_speed&quot;:&quot;0.00125&quot;,&quot;title&quot;:&quot;&quot;}\" data-image-title=\"die Blauen kommen\" data-image-description=\"\" data-image-caption=\"\" data-large-file=\"https:\/\/i0.wp.com\/blog.kunstgriff.net\/wp-content\/uploads\/2011\/07\/die-Blauen-kommen.jpg?fit=800%2C600&amp;ssl=1\" class=\"aligncenter size-full wp-image-5197\" title=\"die Blauen kommen\" src=\"https:\/\/i0.wp.com\/blog.kunstgriff.net\/wp-content\/uploads\/2011\/07\/die-Blauen-kommen.jpg?resize=525%2C394\" alt=\"\" width=\"525\" height=\"394\" srcset=\"https:\/\/i0.wp.com\/blog.kunstgriff.net\/wp-content\/uploads\/2011\/07\/die-Blauen-kommen.jpg?w=800&amp;ssl=1 800w, https:\/\/i0.wp.com\/blog.kunstgriff.net\/wp-content\/uploads\/2011\/07\/die-Blauen-kommen.jpg?resize=300%2C225&amp;ssl=1 300w\" sizes=\"auto, (max-width: 525px) 100vw, 525px\" \/><\/a><\/p>\n<p>Das Gep\u00e4ck war schnell gefunden und so konnten wir der akustischen Untermalung entfliehen und unser Hotel aufsuchen. Das Hotel, fest in rum\u00e4nischer Hand, bot ein beengtes Vierbettzimmer, direkt unter dem Dach, mit extrem sp\u00e4rlichem Fr\u00fchst\u00fcck. Den Spass konnte es uns aber nicht nehmen, es wurde viel gelacht und gut geschlafen haben wir trotzdem.<\/p>\n<p><iframe loading=\"lazy\" src=\"https:\/\/www.strava.com\/activities\/13532866\/embed\/5449bfcdd7db53538c6bbcb9c58d483c75d26b1f\" width=\"590\" height=\"405\" frameborder=\"0\" scrolling=\"no\"><\/iframe><\/p>\n<h4>Tag 6: Linz am Rhein &#8211; Wiehl<\/h4>\n<h3>151\u00a0km | 2.244\u00a0Hm<\/h3>\n<p><a href=\"http:\/\/connect.garmin.com\/activity\/98366879\" target=\"_blank\">Link zu GarminConnect<\/a><\/p>\n<p>Wie schon an den Tagen zuvor, Treffpunkt in der Ortsmitte und Abfahrt der einzelnen Gruppen mit wenigen Minuten Abstand. So sch\u00f6n wie die Etappe gestern war, so wenig nach meinem Geschmack war die Heutige. Viele kleine Wege, abseits der Hauptstra\u00dfen mit teils grauenhafter Decke. Jeder noch so kleine H\u00fcgel musste mitgenommen werden. Da die Stra\u00dfen stets verwinkelt waren und durch viele kleine Ortschaften gefahren wurde, kam selten bis nie <em>der Flow<\/em> auf, den ich beim Rennradfahren so sch\u00e4tze. Immer wieder bremsen, aus dem Sattel, Schalten. Auch <em>Lokals<\/em>, die bei uns mitfuhren sagten, das es weit aus sch\u00f6nere Strecken in dieser Region geben w\u00fcrde.<\/p>\n<p>Keine Ahnung ob wir die kleinen Wege der H\u00f6henmeter willen fahren mussten oder ob es landschaftliche H\u00f6hepunkte gab, welche ich \u00fcbersehen habe. Seis drum, ich war ja zum Radfahren dabei und nicht zum meckern und so freute ich mich, als wir Wiehl erreichten und von Volker im Ziel eine Bratwurst zu Ehren des Geburtstags seines Sohnes in die Hand gedr\u00fcckt bekamen.<\/p>\n<p style=\"text-align: center;\"><a href=\"https:\/\/i0.wp.com\/blog.kunstgriff.net\/wp-content\/uploads\/2011\/07\/Wasser.jpg\"><img data-recalc-dims=\"1\" loading=\"lazy\" decoding=\"async\" data-attachment-id=\"5205\" data-permalink=\"https:\/\/blog.kunstgriff.net\/?attachment_id=5205\" data-orig-file=\"https:\/\/i0.wp.com\/blog.kunstgriff.net\/wp-content\/uploads\/2011\/07\/Wasser.jpg?fit=800%2C600&amp;ssl=1\" data-orig-size=\"800,600\" data-comments-opened=\"1\" data-image-meta=\"{&quot;aperture&quot;:&quot;2.8&quot;,&quot;credit&quot;:&quot;&quot;,&quot;camera&quot;:&quot;Canon DIGITAL IXUS 870 IS&quot;,&quot;caption&quot;:&quot;&quot;,&quot;created_timestamp&quot;:&quot;1310120448&quot;,&quot;copyright&quot;:&quot;&quot;,&quot;focal_length&quot;:&quot;5&quot;,&quot;iso&quot;:&quot;80&quot;,&quot;shutter_speed&quot;:&quot;0.00125&quot;,&quot;title&quot;:&quot;&quot;}\" data-image-title=\"Wasser\" data-image-description=\"\" data-image-caption=\"\" data-large-file=\"https:\/\/i0.wp.com\/blog.kunstgriff.net\/wp-content\/uploads\/2011\/07\/Wasser.jpg?fit=800%2C600&amp;ssl=1\" class=\"aligncenter size-full wp-image-5205\" title=\"Wasser\" src=\"https:\/\/i0.wp.com\/blog.kunstgriff.net\/wp-content\/uploads\/2011\/07\/Wasser.jpg?resize=525%2C394\" alt=\"\" width=\"525\" height=\"394\" srcset=\"https:\/\/i0.wp.com\/blog.kunstgriff.net\/wp-content\/uploads\/2011\/07\/Wasser.jpg?w=800&amp;ssl=1 800w, https:\/\/i0.wp.com\/blog.kunstgriff.net\/wp-content\/uploads\/2011\/07\/Wasser.jpg?resize=300%2C225&amp;ssl=1 300w\" sizes=\"auto, (max-width: 525px) 100vw, 525px\" \/><\/a><\/p>\n<p>Auf dem Weg zum Hotel lotste uns der Garmin \u00fcber unbefestigte Wege und dabei entdeckten wir nach anf\u00e4nglichem Fluchen \u00fcber die Wahl der Wegstrecke des Garmins, einen regungslosen Rentner im Gras liegen. Uwe und ich sprachen ihn an und halfen ihm auf die Beine. Er war verwirrt und konnte nicht alleine gehen. Christoph rief 112 und wir brachten ihn zu Fuss zur\u00fcck zum Hotel. Die Reisegruppe hatte den Mann schon vermisst, ihn dort, wo er lag aber nie finden k\u00f6nnen.<\/p>\n<p>Ein gecharterter Bus brachte uns dann nach Dusche und kurzer Erholungspause zur\u00fcck nach Wiehl, wo heute Gnocchis statt Pasta serviert wurden.<\/p>\n<p><iframe loading=\"lazy\" src=\"https:\/\/www.strava.com\/activities\/13532926\/embed\/00208c6e1b227e94a0cbbeac32e38150e882237a\" width=\"590\" height=\"405\" frameborder=\"0\" scrolling=\"no\"><\/iframe><\/p>\n<h4>Tag 7: Wiehl &#8211; Frankenberg<\/h4>\n<h3>175,85 km | 2.602 Hm<\/h3>\n<p><a href=\"http:\/\/connect.garmin.com\/activity\/98367202\" target=\"_blank\">Link zu GarminConnect<\/a><\/p>\n<p>Der Himmel war grau und es hatte in der Nacht geregnet. Das brachten <em>die Sille<\/em> und den <em>Spaghetti-Fresser-Jan<\/em> aber nicht davon ab, sich heute um 7 Uhr im Standesamt in Whiel das <em>Ja-Wort<\/em> zu geben. Eine willkommene Abwechslung zum morgendlichen Gitterboxen-Vollladen. Es wurden viele Sp\u00e4\u00dfe gemacht und alle waren guter Dinge bevor es fast p\u00fcnktlich um 8:30 in die Berge ging.<\/p>\n<p style=\"text-align: center;\"><a href=\"https:\/\/i0.wp.com\/blog.kunstgriff.net\/wp-content\/uploads\/2011\/07\/dieSille-und-Spaghetti-Jan.jpg\"><img data-recalc-dims=\"1\" loading=\"lazy\" decoding=\"async\" data-attachment-id=\"5199\" data-permalink=\"https:\/\/blog.kunstgriff.net\/?attachment_id=5199\" data-orig-file=\"https:\/\/i0.wp.com\/blog.kunstgriff.net\/wp-content\/uploads\/2011\/07\/dieSille-und-Spaghetti-Jan.jpg?fit=800%2C600&amp;ssl=1\" data-orig-size=\"800,600\" data-comments-opened=\"1\" data-image-meta=\"{&quot;aperture&quot;:&quot;3.2&quot;,&quot;credit&quot;:&quot;&quot;,&quot;camera&quot;:&quot;Canon DIGITAL IXUS 870 IS&quot;,&quot;caption&quot;:&quot;&quot;,&quot;created_timestamp&quot;:&quot;1310105398&quot;,&quot;copyright&quot;:&quot;&quot;,&quot;focal_length&quot;:&quot;5.984&quot;,&quot;iso&quot;:&quot;80&quot;,&quot;shutter_speed&quot;:&quot;0.01&quot;,&quot;title&quot;:&quot;&quot;}\" data-image-title=\"dieSille und Spaghetti Jan\" data-image-description=\"\" data-image-caption=\"\" data-large-file=\"https:\/\/i0.wp.com\/blog.kunstgriff.net\/wp-content\/uploads\/2011\/07\/dieSille-und-Spaghetti-Jan.jpg?fit=800%2C600&amp;ssl=1\" class=\"aligncenter size-full wp-image-5199\" title=\"dieSille und Spaghetti Jan\" src=\"https:\/\/i0.wp.com\/blog.kunstgriff.net\/wp-content\/uploads\/2011\/07\/dieSille-und-Spaghetti-Jan.jpg?resize=525%2C394\" alt=\"\" width=\"525\" height=\"394\" srcset=\"https:\/\/i0.wp.com\/blog.kunstgriff.net\/wp-content\/uploads\/2011\/07\/dieSille-und-Spaghetti-Jan.jpg?w=800&amp;ssl=1 800w, https:\/\/i0.wp.com\/blog.kunstgriff.net\/wp-content\/uploads\/2011\/07\/dieSille-und-Spaghetti-Jan.jpg?resize=300%2C225&amp;ssl=1 300w\" sizes=\"auto, (max-width: 525px) 100vw, 525px\" \/><\/a><\/p>\n<p>Die Stra\u00dfen mussten von uns noch ein wenig trocken gefahren werden, bevor sich dann auch die Sonne blicken lie\u00df und es ging bestens gelaunt durch das Bergische Land.<\/p>\n<p><iframe loading=\"lazy\" src=\"https:\/\/www.strava.com\/activities\/13532925\/embed\/2ef152db82b53e76a9f8b25a8abf87a15a58952e\" width=\"590\" height=\"405\" frameborder=\"0\" scrolling=\"no\"><\/iframe><\/p>\n<h4>Tag 8: Frankenberg &#8211; H\u00fcnfeld<\/h4>\n<h3>172 km | 2.596 Hm<\/h3>\n<p><a href=\"http:\/\/connect.garmin.com\/activity\/98366842\" target=\"_blank\">Link zu GarminConnect<\/a><\/p>\n<p>Heute musste ich schon zeitig aufbrechen, um vor meinen Kettenbr\u00fcdern die beschauliche Altstadt von Frankenberg zu erreichen. Meine Kette sollte noch gewechselt werden und daf\u00fcr braucht auch ein ge\u00fcbter Mechaniker einige Minuten. 6.883 km sind f\u00fcr eine Ultegra Kette genug. Der Mechaniker war fit mit seinen H\u00e4nden und so konnte es mit neuer Kette und v\u00f6llig neuen Tretgef\u00fchl mit einem breiten Grinsen in meinem Gesicht auf die 8. Etappe nach H\u00fcnfeld gehen.<\/p>\n<p style=\"text-align: center;\"><a href=\"https:\/\/i0.wp.com\/blog.kunstgriff.net\/wp-content\/uploads\/2011\/07\/IMG_2557.jpg\"><img data-recalc-dims=\"1\" loading=\"lazy\" decoding=\"async\" data-attachment-id=\"5202\" data-permalink=\"https:\/\/blog.kunstgriff.net\/?attachment_id=5202\" data-orig-file=\"https:\/\/i0.wp.com\/blog.kunstgriff.net\/wp-content\/uploads\/2011\/07\/IMG_2557.jpg?fit=800%2C600&amp;ssl=1\" data-orig-size=\"800,600\" data-comments-opened=\"1\" data-image-meta=\"{&quot;aperture&quot;:&quot;5.6&quot;,&quot;credit&quot;:&quot;&quot;,&quot;camera&quot;:&quot;Canon DIGITAL IXUS 870 IS&quot;,&quot;caption&quot;:&quot;&quot;,&quot;created_timestamp&quot;:&quot;1310211202&quot;,&quot;copyright&quot;:&quot;&quot;,&quot;focal_length&quot;:&quot;5&quot;,&quot;iso&quot;:&quot;80&quot;,&quot;shutter_speed&quot;:&quot;0.002&quot;,&quot;title&quot;:&quot;&quot;}\" data-image-title=\"IMG_2557\" data-image-description=\"\" data-image-caption=\"\" data-large-file=\"https:\/\/i0.wp.com\/blog.kunstgriff.net\/wp-content\/uploads\/2011\/07\/IMG_2557.jpg?fit=800%2C600&amp;ssl=1\" class=\"aligncenter size-full wp-image-5202\" title=\"IMG_2557\" src=\"https:\/\/i0.wp.com\/blog.kunstgriff.net\/wp-content\/uploads\/2011\/07\/IMG_2557.jpg?resize=525%2C394\" alt=\"\" width=\"525\" height=\"394\" srcset=\"https:\/\/i0.wp.com\/blog.kunstgriff.net\/wp-content\/uploads\/2011\/07\/IMG_2557.jpg?w=800&amp;ssl=1 800w, https:\/\/i0.wp.com\/blog.kunstgriff.net\/wp-content\/uploads\/2011\/07\/IMG_2557.jpg?resize=300%2C225&amp;ssl=1 300w\" sizes=\"auto, (max-width: 525px) 100vw, 525px\" \/><\/a><\/p>\n<p>Heute wurde ausschlie\u00dflich in Hessen gefahren. Peter war voller Vorfreude, denn es ging \u00fcber Stra\u00dfen, auf denen er schon in seiner Kindheit trainiert hatte. Vorbei am sch\u00f6nen Edersee wurde die Mittagsrast angesteuert. Heute gab es Streuselkuchen, aber bitte mit Sahne. Danach war nach dem Kn\u00fcllk\u00f6pfchen der Eisenberg, Peters Hausberg, an der Reihe. Insgesamt alles sch\u00f6ne Anstiege, alle sehr gleichm\u00e4\u00dfig und relativ lang.<\/p>\n<p>In den Gruppen wurden die Berge meist gemeinsam gefahren. Lange Anstiege wurden aber frei gegeben, und erst oben wieder gesammelt. Der Eisenberg war solch ein freigegebener Berg und die Meisten in unserer Gruppe bollerten gleich auf den ersten Metern richtig los. Das mag ich gar nicht, denn ich weiss, dank Garmin, wie lange es hoch geht und brauche auch meine Zeit, das richtige Tempo und \u00dcbersetzung f\u00fcr den Anstieg zu finden. Ist das aber erst einmal alles fein-justiert, dann begann die Aufholjagd und ich hatte immer wieder gro\u00dfen Spass an meinen Mitfahrern vorbeizudonnern. Keine Lust auf langes parallel fahren am Berg. Nicht mein Stil: Am Besten mit ordentlich Schmackes vorbei, sodass keine Zeit zum Luftholen, Nachdenken und Runterschalten f\u00fcr den \u00dcberholten bleibt. Das gelang mir nicht nur auf dem Eisenberg-Anstieg. Bergfahren kann doch Spass machen!<\/p>\n<p>In H\u00fcnfeld erwartete uns das pefekt ausgestattete <a href=\"http:\/\/www.konradzuse.bestwestern.de\/\" target=\"_blank\">Best Western Konrad-Zuse Hotel<\/a>. Ein echtes Sahneh\u00e4ubchen im Vergleich zu den Unterk\u00fcnften der letzten Tage. Peter buchte sich eine Massage und wir lie\u00dfen uns am 4 Gang-B\u00fcffet nieder und genossen. So gest\u00e4rkt konnte die letzte Etappe kommen \u2026 und sie kam:<\/p>\n<p><iframe loading=\"lazy\" src=\"https:\/\/www.strava.com\/activities\/13532907\/embed\/2611bf294cc576decace3fbd1482fd85049d9d33\" width=\"590\" height=\"405\" frameborder=\"0\" scrolling=\"no\"><\/iframe><\/p>\n<h3>Tag 9: H\u00fcnfeld &#8211; Bad Neustadt<\/h3>\n<h4>128,5 km | 2.341 Hm<\/h4>\n<p><a href=\"http:\/\/connect.garmin.com\/activity\/98366827\" target=\"_blank\">Link zu GarminConnect<\/a><\/p>\n<p>Heute wollte die Rh\u00f6n geb\u00fcgelt werden. Mir waren die beiden langen Anstiege zur Wasserkuppe und zum Schwedenwall schon vom <a href=\"http:\/\/www.rhoen-radmarathon.de\/\" target=\"_blank\">Bimbacher Radmarathon<\/a> bekannt. Sch\u00f6ne, recht lange Anstiege, die heute in der Mittagshitze genommen werden mussten. Aber aller guten Dinge sind drei und so kam noch der Anstieg zum Kloster Kreuzberg hinzu bevor es mit \u00fcber 90 km\/h nur noch bergab nach Bad Neustadt ging.<\/p>\n<p>Sechs Kilometer vor dem Ziel mussten wir noch eine 40 min\u00fctige Pause einlegen.\u00a0Alle Gruppen sollten gesammelt in den Ort einfahren. Die Feuerwehr hatte noch nicht mit einer solch fr\u00fchen Ankunft gerechnet und die Stra\u00dfen noch nicht f\u00fcr uns gesperrt. Also war Warten angesagt. Die Zeit wurde aber sinnvoll f\u00fcr Gruppenfotos genutzt.<\/p>\n<p style=\"text-align: center;\"><a href=\"https:\/\/i0.wp.com\/blog.kunstgriff.net\/wp-content\/uploads\/2011\/07\/DieGrueneGruppe.jpg\"><img data-recalc-dims=\"1\" loading=\"lazy\" decoding=\"async\" data-attachment-id=\"5198\" data-permalink=\"https:\/\/blog.kunstgriff.net\/?attachment_id=5198\" data-orig-file=\"https:\/\/i0.wp.com\/blog.kunstgriff.net\/wp-content\/uploads\/2011\/07\/DieGrueneGruppe.jpg?fit=800%2C600&amp;ssl=1\" data-orig-size=\"800,600\" data-comments-opened=\"1\" data-image-meta=\"{&quot;aperture&quot;:&quot;2.8&quot;,&quot;credit&quot;:&quot;&quot;,&quot;camera&quot;:&quot;Canon DIGITAL IXUS 870 IS&quot;,&quot;caption&quot;:&quot;&quot;,&quot;created_timestamp&quot;:&quot;1310304433&quot;,&quot;copyright&quot;:&quot;&quot;,&quot;focal_length&quot;:&quot;5&quot;,&quot;iso&quot;:&quot;80&quot;,&quot;shutter_speed&quot;:&quot;0.002&quot;,&quot;title&quot;:&quot;&quot;}\" data-image-title=\"DieGrueneGruppe\" data-image-description=\"\" data-image-caption=\"\" data-large-file=\"https:\/\/i0.wp.com\/blog.kunstgriff.net\/wp-content\/uploads\/2011\/07\/DieGrueneGruppe.jpg?fit=800%2C600&amp;ssl=1\" class=\"aligncenter size-full wp-image-5198\" title=\"DieGrueneGruppe\" src=\"https:\/\/i0.wp.com\/blog.kunstgriff.net\/wp-content\/uploads\/2011\/07\/DieGrueneGruppe.jpg?resize=525%2C394\" alt=\"\" width=\"525\" height=\"394\" srcset=\"https:\/\/i0.wp.com\/blog.kunstgriff.net\/wp-content\/uploads\/2011\/07\/DieGrueneGruppe.jpg?w=800&amp;ssl=1 800w, https:\/\/i0.wp.com\/blog.kunstgriff.net\/wp-content\/uploads\/2011\/07\/DieGrueneGruppe.jpg?resize=300%2C225&amp;ssl=1 300w\" sizes=\"auto, (max-width: 525px) 100vw, 525px\" \/><\/a><\/p>\n<p>Ein wenig ungeduldig waren wir schon, denn wir hatten den Zug zur\u00fcck in die Hauptstadt zu erwischen. Das sollte dann kein Problem werden und die Bad Neust\u00e4dter bereiteten uns einen herrlichen Empfang.<\/p>\n<p style=\"text-align: left;\"><a href=\"https:\/\/i0.wp.com\/blog.kunstgriff.net\/wp-content\/uploads\/2011\/07\/QuaelDichTeam.jpg\"><img data-recalc-dims=\"1\" loading=\"lazy\" decoding=\"async\" data-attachment-id=\"5204\" data-permalink=\"https:\/\/blog.kunstgriff.net\/?attachment_id=5204\" data-orig-file=\"https:\/\/i0.wp.com\/blog.kunstgriff.net\/wp-content\/uploads\/2011\/07\/QuaelDichTeam.jpg?fit=800%2C600&amp;ssl=1\" data-orig-size=\"800,600\" data-comments-opened=\"1\" data-image-meta=\"{&quot;aperture&quot;:&quot;2.8&quot;,&quot;credit&quot;:&quot;&quot;,&quot;camera&quot;:&quot;Canon DIGITAL IXUS 870 IS&quot;,&quot;caption&quot;:&quot;&quot;,&quot;created_timestamp&quot;:&quot;1310307219&quot;,&quot;copyright&quot;:&quot;&quot;,&quot;focal_length&quot;:&quot;5&quot;,&quot;iso&quot;:&quot;250&quot;,&quot;shutter_speed&quot;:&quot;0.002&quot;,&quot;title&quot;:&quot;&quot;}\" data-image-title=\"QuaelDichTeam\" data-image-description=\"\" data-image-caption=\"\" data-large-file=\"https:\/\/i0.wp.com\/blog.kunstgriff.net\/wp-content\/uploads\/2011\/07\/QuaelDichTeam.jpg?fit=800%2C600&amp;ssl=1\" class=\"aligncenter size-full wp-image-5204\" title=\"QuaelDichTeam\" src=\"https:\/\/i0.wp.com\/blog.kunstgriff.net\/wp-content\/uploads\/2011\/07\/QuaelDichTeam.jpg?resize=525%2C394\" alt=\"\" width=\"525\" height=\"394\" srcset=\"https:\/\/i0.wp.com\/blog.kunstgriff.net\/wp-content\/uploads\/2011\/07\/QuaelDichTeam.jpg?w=800&amp;ssl=1 800w, https:\/\/i0.wp.com\/blog.kunstgriff.net\/wp-content\/uploads\/2011\/07\/QuaelDichTeam.jpg?resize=300%2C225&amp;ssl=1 300w\" sizes=\"auto, (max-width: 525px) 100vw, 525px\" \/><\/a><\/p>\n<p style=\"text-align: left;\">Auf dem Marktplatz waren B\u00e4nke und eine B\u00fchne aufgebaut, auf der Live-Musik gespielt wurde. Auch applaudierten viele Einwohner frenetisch unser Ankommen. Nach einem Leberk\u00e4sesemmel und einem Weissbier fuhren wir gest\u00e4rkt zur Bahn um uns dort zu waschen und unserer<em> Fetthosen <\/em>zu entledigen.<\/p>\n<p style=\"text-align: left;\"><strong>Fazit:<\/strong> Eine sehr professionell organisierte Tour von Jan Sahner und seinen vielen freiwilligen Helfern. Stets verspr\u00fchten diese gute Laune und machten die Rundfahrt zu einem Radfest. Auch die Einteilung in verschiedene Leistungsgruppen ist professionell. Medi-, Mechaniker- und Besenwagen waren stets professionell besetzt. Das ganze Drumherum stimmt einfach und es macht Spass, sich und sein Rad den Veranstaltern anzuvertrauen.<\/p>\n<p>Als Kritikpunkte bleiben die wenig abwechslungsreiche Hauptverpflegung zur Mittagszeit. Die Speisen waren wohl fest gebucht und so konnte nicht flexibel auf Teilnehmerw\u00fcnsche eingegangen werden. Nicht nur Vegetarier hatten mit Wurstsalat und Bockwurst so ihre Schwierigkeiten. Auch h\u00e4tte ich bei zwei Etappen gro\u00dfe Stra\u00dfen den verwinkelten kleinen Nebenstra\u00dfen mit schlechtem Belag vorgezogen. Aber es heisst sicher nicht umsonst <em>quaeldich<\/em>.de Deutschland Rundfahrt. Wenn ich die Zeit in 2012 finde bin ich gerne wieder dabei.<\/p>\n<p><iframe loading=\"lazy\" src=\"https:\/\/www.strava.com\/activities\/13532966\/embed\/0a3c21fe26feef958e0be14c176e923461264a06\" width=\"590\" height=\"405\" frameborder=\"0\" scrolling=\"no\"><\/iframe><\/p>\n<p>Die Veranstaltung kann ich uneingeschr\u00e4nkt jedem empfehlen der H\u00fcgel nicht scheut und gerne lange auf dem Rad sitzt. Preis-\/Leistungsverh\u00e4ltnis geht voll in Ordnung.<\/p>\n","protected":false},"excerpt":{"rendered":"<p>An einem kalten Wintertag im Januar kam Peter die Idee doch bei der qu\u00e4lDich-Deutschland-Rundfahrt 2011 mitzumachen. Christoph, Uwe und ich waren sofort Feuer und Flamme und so buchten wir kurzerhand die neunt\u00e4gige Rundfahrt. Erst wenige Tage vor Abfahrt wurde mir klar, auf welches kleine Abenteuer ich mich da eingelassen hatte: In neun Tagen waren 1.380 &hellip; <\/p>\n<p class=\"link-more\"><a href=\"https:\/\/blog.kunstgriff.net\/?p=5174\" class=\"more-link\"><span class=\"screen-reader-text\">\u201equaeldich.de-Deutschland Rundfahrt 2011\u201c <\/span>weiterlesen<\/a><\/p>\n","protected":false},"author":2,"featured_media":0,"comment_status":"open","ping_status":"open","sticky":false,"template":"","format":"standard","meta":{"jetpack_post_was_ever_published":false,"_jetpack_newsletter_access":"","_jetpack_dont_email_post_to_subs":false,"_jetpack_newsletter_tier_id":0,"_jetpack_memberships_contains_paywalled_content":false,"_jetpack_memberships_contains_paid_content":false,"footnotes":""},"categories":[25,14,13,7],"tags":[],"class_list":["post-5174","post","type-post","status-publish","format-standard","hentry","category-besonderes-ereignis","category-radfahren","category-radreise","category-rennradfahren"],"jetpack_featured_media_url":"","jetpack_shortlink":"https:\/\/wp.me\/p8Cxe7-1ls","jetpack-related-posts":[{"id":7091,"url":"https:\/\/blog.kunstgriff.net\/?p=7091","url_meta":{"origin":5174,"position":0},"title":"Mein Sportjahr 2011 &#8211; Eine Retrospektive","author":"Georg","date":"Dezember 31, 2011","format":false,"excerpt":"Was f\u00fcr ein Jahr! Seit 2005 bin ich regelm\u00e4\u00dfig am Sporteln, aber in keinem der letzten sechs aktiven Jahr habe ich so viel unternommen und sportliches geleistet wie in 2011. Klasse ist das ich mich trotz der vielen Kilometer und Stunden, die ich geradelt und gelaufen bin in keinster Weise\u2026","rel":"","context":"In &quot;Allgemein&quot;","block_context":{"text":"Allgemein","link":"https:\/\/blog.kunstgriff.net\/?cat=1"},"img":{"alt_text":"","src":"https:\/\/i0.wp.com\/blog.kunstgriff.net\/wp-content\/uploads\/2011\/12\/Jahreskilometer2011.png?resize=350%2C200","width":350,"height":200},"classes":[]},{"id":18467,"url":"https:\/\/blog.kunstgriff.net\/?p=18467","url_meta":{"origin":5174,"position":1},"title":"ERT 2018: Belgien 7. Etappe","author":"Georg","date":"Juli 28, 2018","format":false,"excerpt":"Oudenaarde \u2013 Br\u00fcssel Nach einer sehr entspannten und ruhigen Nacht in unseren ger\u00e4umigen 4-Sterne-Hotel Zimmern, wartete erstmal das beste Fr\u00fchst\u00fccksb\u00fcffet der Tour auf uns: 4 verschiedene, lokal hergestellte M\u00fcsli-Sorten, eine Waffel-Maschine und frisches Obst waren nur einige Highlights des Buffets. Gute Planung vom Orga-Team erm\u00f6glichte dann noch einen sp\u00e4ten Start\u2026","rel":"","context":"In &quot;Radfahren&quot;","block_context":{"text":"Radfahren","link":"https:\/\/blog.kunstgriff.net\/?cat=14"},"img":{"alt_text":"","src":"https:\/\/i0.wp.com\/blog.kunstgriff.net\/wp-content\/uploads\/2018\/08\/europ%C3%A4ischnes-Parlament.jpg?fit=900%2C1200&ssl=1&resize=350%2C200","width":350,"height":200,"srcset":"https:\/\/i0.wp.com\/blog.kunstgriff.net\/wp-content\/uploads\/2018\/08\/europ%C3%A4ischnes-Parlament.jpg?fit=900%2C1200&ssl=1&resize=350%2C200 1x, https:\/\/i0.wp.com\/blog.kunstgriff.net\/wp-content\/uploads\/2018\/08\/europ%C3%A4ischnes-Parlament.jpg?fit=900%2C1200&ssl=1&resize=525%2C300 1.5x, https:\/\/i0.wp.com\/blog.kunstgriff.net\/wp-content\/uploads\/2018\/08\/europ%C3%A4ischnes-Parlament.jpg?fit=900%2C1200&ssl=1&resize=700%2C400 2x"},"classes":[]},{"id":20009,"url":"https:\/\/blog.kunstgriff.net\/?p=20009","url_meta":{"origin":5174,"position":2},"title":"Wendelstein Rundfahrt 2019","author":"Georg","date":"August 24, 2019","format":false,"excerpt":"Zwei mal 211 Kilometer Diese Rundfahrt wollte ich schon seit mehr als neun Jahren unter die R\u00e4der nehmen. Damals,\u00a0im Mai 2010 beim Rh\u00f6n Marathon schw\u00e4rmte mir Ralph W. vor, da\u00df er diese Rundfahrt unbedingt mal machen wollen w\u00fcrde. Da mir diese Radfahr-Region auch g\u00e4nzlich unbekannt ist, ich den Tegernsee unter\u2026","rel":"","context":"In &quot;Besonderes Ereignis&quot;","block_context":{"text":"Besonderes Ereignis","link":"https:\/\/blog.kunstgriff.net\/?cat=25"},"img":{"alt_text":"tolle Stimmung am Morgen","src":"https:\/\/i0.wp.com\/blog.kunstgriff.net\/wp-content\/uploads\/2019\/08\/tolle-Stimmung-am-Morgen.jpg?fit=1200%2C800&ssl=1&resize=350%2C200","width":350,"height":200,"srcset":"https:\/\/i0.wp.com\/blog.kunstgriff.net\/wp-content\/uploads\/2019\/08\/tolle-Stimmung-am-Morgen.jpg?fit=1200%2C800&ssl=1&resize=350%2C200 1x, https:\/\/i0.wp.com\/blog.kunstgriff.net\/wp-content\/uploads\/2019\/08\/tolle-Stimmung-am-Morgen.jpg?fit=1200%2C800&ssl=1&resize=525%2C300 1.5x, https:\/\/i0.wp.com\/blog.kunstgriff.net\/wp-content\/uploads\/2019\/08\/tolle-Stimmung-am-Morgen.jpg?fit=1200%2C800&ssl=1&resize=700%2C400 2x, https:\/\/i0.wp.com\/blog.kunstgriff.net\/wp-content\/uploads\/2019\/08\/tolle-Stimmung-am-Morgen.jpg?fit=1200%2C800&ssl=1&resize=1050%2C600 3x"},"classes":[]},{"id":20279,"url":"https:\/\/blog.kunstgriff.net\/?p=20279","url_meta":{"origin":5174,"position":3},"title":"Mein Sportjahr 2019 \u2013 Eine Retrospektive","author":"Georg","date":"Dezember 31, 2019","format":false,"excerpt":"Mittlerweile hat es schon fast Blog-Tradition, hier am 31. Dezember einen Jahresr\u00fcckblick zu ver\u00f6ffentlichen. Gerade nach den Ereignissen vom \u00a06. Oktober 2018 eine wichtiges Instrument, nochmal in mich zu gehen und zu reflektieren, wie viele sch\u00f6ne Momente ich im vergangenen Jahr auf dem Rad erleben durfte. Wie kostbar und auch\u2026","rel":"","context":"In &quot;Allgemein&quot;","block_context":{"text":"Allgemein","link":"https:\/\/blog.kunstgriff.net\/?cat=1"},"img":{"alt_text":"","src":"https:\/\/i0.wp.com\/blog.kunstgriff.net\/wp-content\/uploads\/2019\/12\/veloviewerStats2019.png?resize=350%2C200&ssl=1","width":350,"height":200,"srcset":"https:\/\/i0.wp.com\/blog.kunstgriff.net\/wp-content\/uploads\/2019\/12\/veloviewerStats2019.png?resize=350%2C200&ssl=1 1x, https:\/\/i0.wp.com\/blog.kunstgriff.net\/wp-content\/uploads\/2019\/12\/veloviewerStats2019.png?resize=525%2C300&ssl=1 1.5x, https:\/\/i0.wp.com\/blog.kunstgriff.net\/wp-content\/uploads\/2019\/12\/veloviewerStats2019.png?resize=700%2C400&ssl=1 2x, https:\/\/i0.wp.com\/blog.kunstgriff.net\/wp-content\/uploads\/2019\/12\/veloviewerStats2019.png?resize=1050%2C600&ssl=1 3x, https:\/\/i0.wp.com\/blog.kunstgriff.net\/wp-content\/uploads\/2019\/12\/veloviewerStats2019.png?resize=1400%2C800&ssl=1 4x"},"classes":[]},{"id":1771,"url":"https:\/\/blog.kunstgriff.net\/?p=1771","url_meta":{"origin":5174,"position":4},"title":"S\u00e4chsische Schweiz &#8211; Tag 3 (Sonntag)","author":"Georg","date":"Juni 27, 2010","format":false,"excerpt":"184,3 km | 3.184 H\u00f6henmeterHeute stand die K\u00f6nigsetappe auf dem Programm und es sollten noch mal rund 1.000 H\u00f6henmeter mehr als am Samstag werden. Nach einem relativ flotten Fr\u00fchst\u00fcck - wir wollten ja p\u00fcnktlich zur WM Partie Deutschland-England wieder zur\u00fcck sein, ging es los auf die geplanten 180 km. Kein\u2026","rel":"","context":"In &quot;Radfahren&quot;","block_context":{"text":"Radfahren","link":"https:\/\/blog.kunstgriff.net\/?cat=14"},"img":{"alt_text":"","src":"https:\/\/i0.wp.com\/blog.kunstgriff.net\/wp-content\/uploads\/2010\/06\/Foto0047.jpg?fit=1000%2C750&ssl=1&resize=350%2C200","width":350,"height":200,"srcset":"https:\/\/i0.wp.com\/blog.kunstgriff.net\/wp-content\/uploads\/2010\/06\/Foto0047.jpg?fit=1000%2C750&ssl=1&resize=350%2C200 1x, https:\/\/i0.wp.com\/blog.kunstgriff.net\/wp-content\/uploads\/2010\/06\/Foto0047.jpg?fit=1000%2C750&ssl=1&resize=525%2C300 1.5x, https:\/\/i0.wp.com\/blog.kunstgriff.net\/wp-content\/uploads\/2010\/06\/Foto0047.jpg?fit=1000%2C750&ssl=1&resize=700%2C400 2x"},"classes":[]},{"id":7635,"url":"https:\/\/blog.kunstgriff.net\/?p=7635","url_meta":{"origin":5174,"position":5},"title":"Toms Tour nach Harnekop","author":"Georg","date":"April 1, 2012","format":false,"excerpt":"oder \u00bbDer Wind sind unsere Berge\u00ab Lange konnte ich mich nicht entscheiden, welche Tour denn zu fahren sei, aber da das Angebot f\u00fcr diesen Sonntag mehr als \u00fcbersichtlich war, entschied ich mich f\u00fcr die Tour nach Harnekop. Die weite Anreise zum Bahnhof Malchow schreckte mich, aber Alex \u00fcberzeugte mich und\u2026","rel":"","context":"In &quot;Radfahren&quot;","block_context":{"text":"Radfahren","link":"https:\/\/blog.kunstgriff.net\/?cat=14"},"img":{"alt_text":"","src":"https:\/\/i0.wp.com\/blog.kunstgriff.net\/wp-content\/uploads\/2012\/04\/Greeting-from-the-girls.jpg?resize=350%2C200","width":350,"height":200,"srcset":"https:\/\/i0.wp.com\/blog.kunstgriff.net\/wp-content\/uploads\/2012\/04\/Greeting-from-the-girls.jpg?resize=350%2C200 1x, https:\/\/i0.wp.com\/blog.kunstgriff.net\/wp-content\/uploads\/2012\/04\/Greeting-from-the-girls.jpg?resize=525%2C300 1.5x, https:\/\/i0.wp.com\/blog.kunstgriff.net\/wp-content\/uploads\/2012\/04\/Greeting-from-the-girls.jpg?resize=700%2C400 2x"},"classes":[]}],"jetpack_likes_enabled":true,"jetpack_sharing_enabled":true,"_links":{"self":[{"href":"https:\/\/blog.kunstgriff.net\/index.php?rest_route=\/wp\/v2\/posts\/5174","targetHints":{"allow":["GET"]}}],"collection":[{"href":"https:\/\/blog.kunstgriff.net\/index.php?rest_route=\/wp\/v2\/posts"}],"about":[{"href":"https:\/\/blog.kunstgriff.net\/index.php?rest_route=\/wp\/v2\/types\/post"}],"author":[{"embeddable":true,"href":"https:\/\/blog.kunstgriff.net\/index.php?rest_route=\/wp\/v2\/users\/2"}],"replies":[{"embeddable":true,"href":"https:\/\/blog.kunstgriff.net\/index.php?rest_route=%2Fwp%2Fv2%2Fcomments&post=5174"}],"version-history":[{"count":0,"href":"https:\/\/blog.kunstgriff.net\/index.php?rest_route=\/wp\/v2\/posts\/5174\/revisions"}],"wp:attachment":[{"href":"https:\/\/blog.kunstgriff.net\/index.php?rest_route=%2Fwp%2Fv2%2Fmedia&parent=5174"}],"wp:term":[{"taxonomy":"category","embeddable":true,"href":"https:\/\/blog.kunstgriff.net\/index.php?rest_route=%2Fwp%2Fv2%2Fcategories&post=5174"},{"taxonomy":"post_tag","embeddable":true,"href":"https:\/\/blog.kunstgriff.net\/index.php?rest_route=%2Fwp%2Fv2%2Ftags&post=5174"}],"curies":[{"name":"wp","href":"https:\/\/api.w.org\/{rel}","templated":true}]}}