{"id":539,"date":"2009-12-08T07:55:22","date_gmt":"2009-12-08T06:55:22","guid":{"rendered":"http:\/\/blog.kunstgriff.net\/?p=539"},"modified":"2017-06-15T13:28:06","modified_gmt":"2017-06-15T11:28:06","slug":"%c2%bbinner-city-lap%c2%ab-mit-hindernissen","status":"publish","type":"post","link":"https:\/\/blog.kunstgriff.net\/?p=539","title":{"rendered":"\u00bbInner-City-Lap\u00ab mit Hindernissen"},"content":{"rendered":"<span class=\"span-reading-time rt-reading-time\" style=\"display: block;\"><span class=\"rt-label rt-prefix\">Lesezeit: <\/span> <span class=\"rt-time\"> &lt; 1<\/span> <span class=\"rt-label rt-postfix\">Minute<\/span><\/span><p>Leider habe ich nicht gut geschlafen &#8211; ich bin sehr oft in der Nacht aufgewacht und wollte loslaufen. Ob  mir das zu denken geben sollte? Um kurz nach 4 war es dann endlich so weit und ich <em>durfte<\/em> aufstehen. Die Stra\u00dfen waren trocken und die Thermometer zeigte ertr\u00e4gliche 4\u00b0C &#8211; also los!<\/p>\n<p>Papa kam p\u00fcnktlich um 5 Uhr runter auf die Stra\u00dfe und los gings. In gewohnter Pace, z\u00fcgig aber nicht zu schnell. Die ersten Kilometer wurden ruhig abgespult ohne viel Worte.<\/p>\n<p>Auf dem R\u00fcckweg, an der Siegess\u00e4ule, stellte sich dann heraus, das Papa wieder Probleme mit seinem Oberschenkel hatte. Das <em>Zwacken<\/em> hatte sich seit dem letzten Lauf leider nicht neutralisiert und so musste er am Ernst-Reuter-Platz leider doch ein Taxi nach Hause nehmen.<\/p>\n<p>So musste ich die letzten Kilometer alleine laufen, was mich nat\u00fcrlich motivierte die 1:30h zu knacken, was mir mit einer 1:28:46h auch gelang. Richtig gefreut habe ich mich aber nicht, weil Papa dann im Ziel doch gefehlt hat.<\/p>\n<p>Hoffentlich wird das Zwacken bei ihm schnell wieder besser: Ich brauche ihn unbedingt als meinen <em>Early-Mornin&#8216;-Runnin&#8216;-Buddy!<\/em><\/p>\n<p>Der Garmin hat im \u00fcbrigen heute <em>extrem<\/em> sauber aufgezeichnet. Vielleicht weil Obama beim Klimagipfel in Kopenhagen ist, sind alle Satelliten auf Europa gerichtet!?<\/p>\n<p><iframe height='405' width='590' frameborder='0' allowtransparency='true' scrolling='no' src='https:\/\/www.strava.com\/activities\/1037615522\/embed\/1a5672d4219c5deb2883426050e30588395fdb73'><\/iframe><\/p>\n","protected":false},"excerpt":{"rendered":"<p>Leider habe ich nicht gut geschlafen &#8211; ich bin sehr oft in der Nacht aufgewacht und wollte loslaufen. Ob mir das zu denken geben sollte? Um kurz nach 4 war es dann endlich so weit und ich durfte aufstehen. Die Stra\u00dfen waren trocken und die Thermometer zeigte ertr\u00e4gliche 4\u00b0C &#8211; also los! Papa kam p\u00fcnktlich &hellip; <\/p>\n<p class=\"link-more\"><a href=\"https:\/\/blog.kunstgriff.net\/?p=539\" class=\"more-link\"><span class=\"screen-reader-text\">\u201e\u00bbInner-City-Lap\u00ab mit Hindernissen\u201c <\/span>weiterlesen<\/a><\/p>\n","protected":false},"author":2,"featured_media":0,"comment_status":"open","ping_status":"open","sticky":false,"template":"","format":"standard","meta":{"jetpack_post_was_ever_published":false,"_jetpack_newsletter_access":"","_jetpack_dont_email_post_to_subs":false,"_jetpack_newsletter_tier_id":0,"_jetpack_memberships_contains_paywalled_content":false,"_jetpack_memberships_contains_paid_content":false,"footnotes":""},"categories":[35,10],"tags":[],"class_list":["post-539","post","type-post","status-publish","format-standard","hentry","category-garmin","category-laufen"],"jetpack_featured_media_url":"","jetpack_shortlink":"https:\/\/wp.me\/p8Cxe7-8H","jetpack-related-posts":[{"id":11532,"url":"https:\/\/blog.kunstgriff.net\/?p=11532","url_meta":{"origin":539,"position":0},"title":"34. Vattenfall Berliner Halbmarathon","author":"Georg","date":"M\u00e4rz 30, 2014","format":false,"excerpt":"oder \u00bbLaufen mit einer Mission\u00abSchon vor gut sechs Monaten hatten Papa und ich uns zum\u00a034. Vattenfall Berliner Halbmarathon angemeldet. Zum Einen um gut motiviert \u00fcber den Winter zu kommen, zum Anderen um mal wieder gemeinsam an einer sch\u00f6nen Laufveranstaltung teil zu nehmen. W\u00e4hrend unserer vielen gemeinsamen Trainings schmiedeten wir Pl\u00e4nen\u2026","rel":"","context":"In &quot;Besonderes Ereignis&quot;","block_context":{"text":"Besonderes Ereignis","link":"https:\/\/blog.kunstgriff.net\/?cat=25"},"img":{"alt_text":"Da war ich noch ausgeruht frisch und entspannt","src":"https:\/\/i0.wp.com\/blog.kunstgriff.net\/wp-content\/uploads\/2014\/03\/Da-war-ich-noch-ausgeruht-frisch-und-entspannt-152x300.jpg?resize=350%2C200","width":350,"height":200},"classes":[]},{"id":8695,"url":"https:\/\/blog.kunstgriff.net\/?p=8695","url_meta":{"origin":539,"position":1},"title":"Berlin -> Leipzig","author":"Georg","date":"Juli 21, 2012","format":false,"excerpt":"oder \u00bbMit dem Rad zur Hochzeitsfeier in die Sachsenmetropole\u00abElvira und Klaus, zwei gute Freunde von mir, hatten zur Hochzeitsfeier nach Leipzig geladen. Meine Berlin-Buddies wollten mit dem Auto runterfahren. Das war mir zu schn\u00f6de und so beschloss ich schon im Fr\u00fchjahr, die Anfahrt mit meinem Renner zu bestreiten. Die ganze\u2026","rel":"","context":"In &quot;Radfahren&quot;","block_context":{"text":"Radfahren","link":"https:\/\/blog.kunstgriff.net\/?cat=14"},"img":{"alt_text":"","src":"https:\/\/i0.wp.com\/blog.kunstgriff.net\/wp-content\/uploads\/2012\/07\/Geniales-Rennradwetter-und-beeindruckende-Wolkenformation-300x225.jpg?resize=350%2C200","width":350,"height":200},"classes":[]},{"id":5338,"url":"https:\/\/blog.kunstgriff.net\/?p=5338","url_meta":{"origin":539,"position":2},"title":"3-Seen-Runde","author":"Georg","date":"Juli 23, 2011","format":false,"excerpt":"oder \u00bbMal wieder etwas weiter laufen\u00ab Seit dem Ostersonntag bin ich diese Runde nicht mehr gelaufen. Am Donnerstag fragte mich Papa ob wir am Samstag das Ding nicht mal wieder laufen wollen. Ich wollte, denn am Nachmittag des Samstags war ich schon anderweitig verplant und hatte somit keine Zeit f\u00fcr\u2026","rel":"","context":"In &quot;Laufen&quot;","block_context":{"text":"Laufen","link":"https:\/\/blog.kunstgriff.net\/?cat=10"},"img":{"alt_text":"","src":"","width":0,"height":0},"classes":[]},{"id":3279,"url":"https:\/\/blog.kunstgriff.net\/?p=3279","url_meta":{"origin":539,"position":3},"title":"ErgoPlanet-RLV Bimbach Rh\u00f6n-Radmarathon Online Rennen","author":"Georg","date":"Januar 9, 2011","format":false,"excerpt":"oder \u00bb201,45 km | 3.232 hm | 6:52:31 Stunden\u00abSchon seit vor Weihnachten freute ich mich auf dieses Event. Der Wecker klingelte p\u00fcnktlich um 6 Uhr, ich war aber schon zehn Minuten vorher wach. War das die Vorfreude oder Aufregung? Die Stunde zwischen 6 und 7 musste reichen, um zu Fr\u00fchst\u00fccken,\u2026","rel":"","context":"In &quot;Ergometer Training&quot;","block_context":{"text":"Ergometer Training","link":"https:\/\/blog.kunstgriff.net\/?cat=15"},"img":{"alt_text":"","src":"https:\/\/i0.wp.com\/blog.kunstgriff.net\/wp-content\/uploads\/2011\/01\/IMG_0111.jpg?fit=550%2C410&ssl=1&resize=350%2C200","width":350,"height":200,"srcset":"https:\/\/i0.wp.com\/blog.kunstgriff.net\/wp-content\/uploads\/2011\/01\/IMG_0111.jpg?fit=550%2C410&ssl=1&resize=350%2C200 1x, https:\/\/i0.wp.com\/blog.kunstgriff.net\/wp-content\/uploads\/2011\/01\/IMG_0111.jpg?fit=550%2C410&ssl=1&resize=525%2C300 1.5x"},"classes":[]},{"id":2470,"url":"https:\/\/blog.kunstgriff.net\/?p=2470","url_meta":{"origin":539,"position":4},"title":"\u00bbTop-Verpfleger\u00ab beim 37. Berlin Marathon","author":"Georg","date":"September 26, 2010","format":false,"excerpt":"Die Nacht war kurz, denn bedingt durch Mark\u2019s Geburtstagsparty bin ich erst um halb 2 ins Bett gekommen und der Wecker riss mich um 6 Uhr aus dem Tiefschlaf. Benommen riskierte ich einen Blick aus dem Fenster: Vor mir stra\u00dfenlaternen beleuchteter nasser Asphalt und dicke Regentropfen, die auf diesen tropften.\u2026","rel":"","context":"In &quot;Radfahren&quot;","block_context":{"text":"Radfahren","link":"https:\/\/blog.kunstgriff.net\/?cat=14"},"img":{"alt_text":"","src":"https:\/\/i0.wp.com\/blog.kunstgriff.net\/wp-content\/uploads\/2010\/09\/IMG_0003.jpg?resize=350%2C200","width":350,"height":200,"srcset":"https:\/\/i0.wp.com\/blog.kunstgriff.net\/wp-content\/uploads\/2010\/09\/IMG_0003.jpg?resize=350%2C200 1x, https:\/\/i0.wp.com\/blog.kunstgriff.net\/wp-content\/uploads\/2010\/09\/IMG_0003.jpg?resize=525%2C300 1.5x"},"classes":[]},{"id":23282,"url":"https:\/\/blog.kunstgriff.net\/?p=23282","url_meta":{"origin":539,"position":5},"title":"ERT Andalusien 2023 &#8211; Tag 5 &#8211; Ronda -> Alcal\u00e1 del Valle","author":"Georg","date":"M\u00e4rz 23, 2023","format":false,"excerpt":"107 km - 2.384 H\u00f6henmeter Nach dem recht unterhaltsamen Ruhetag in dem historischen Stierkampf-Ort Ronda durfte ich heute endlich wieder Rad fahren. Bewusst w\u00e4hlte ich die kurze Strecke. Kurz ist beim WfF jetzt mindestens 100 Kilometer und mindestens 2.000 H\u00f6henmeter. F\u00fcr meine Verh\u00e4ltnisse viel zu ambitioniert f\u00fcr den Saisonanfang. Dazu\u2026","rel":"","context":"In &quot;Radfahren&quot;","block_context":{"text":"Radfahren","link":"https:\/\/blog.kunstgriff.net\/?cat=14"},"img":{"alt_text":"was f\u00fcr ein Ausblick","src":"https:\/\/i0.wp.com\/blog.kunstgriff.net\/wp-content\/uploads\/2023\/03\/was-fuer-ein-Ausblick.jpeg?fit=1200%2C800&ssl=1&resize=350%2C200","width":350,"height":200,"srcset":"https:\/\/i0.wp.com\/blog.kunstgriff.net\/wp-content\/uploads\/2023\/03\/was-fuer-ein-Ausblick.jpeg?fit=1200%2C800&ssl=1&resize=350%2C200 1x, https:\/\/i0.wp.com\/blog.kunstgriff.net\/wp-content\/uploads\/2023\/03\/was-fuer-ein-Ausblick.jpeg?fit=1200%2C800&ssl=1&resize=525%2C300 1.5x, https:\/\/i0.wp.com\/blog.kunstgriff.net\/wp-content\/uploads\/2023\/03\/was-fuer-ein-Ausblick.jpeg?fit=1200%2C800&ssl=1&resize=700%2C400 2x, https:\/\/i0.wp.com\/blog.kunstgriff.net\/wp-content\/uploads\/2023\/03\/was-fuer-ein-Ausblick.jpeg?fit=1200%2C800&ssl=1&resize=1050%2C600 3x"},"classes":[]}],"jetpack_likes_enabled":true,"jetpack_sharing_enabled":true,"_links":{"self":[{"href":"https:\/\/blog.kunstgriff.net\/index.php?rest_route=\/wp\/v2\/posts\/539","targetHints":{"allow":["GET"]}}],"collection":[{"href":"https:\/\/blog.kunstgriff.net\/index.php?rest_route=\/wp\/v2\/posts"}],"about":[{"href":"https:\/\/blog.kunstgriff.net\/index.php?rest_route=\/wp\/v2\/types\/post"}],"author":[{"embeddable":true,"href":"https:\/\/blog.kunstgriff.net\/index.php?rest_route=\/wp\/v2\/users\/2"}],"replies":[{"embeddable":true,"href":"https:\/\/blog.kunstgriff.net\/index.php?rest_route=%2Fwp%2Fv2%2Fcomments&post=539"}],"version-history":[{"count":0,"href":"https:\/\/blog.kunstgriff.net\/index.php?rest_route=\/wp\/v2\/posts\/539\/revisions"}],"wp:attachment":[{"href":"https:\/\/blog.kunstgriff.net\/index.php?rest_route=%2Fwp%2Fv2%2Fmedia&parent=539"}],"wp:term":[{"taxonomy":"category","embeddable":true,"href":"https:\/\/blog.kunstgriff.net\/index.php?rest_route=%2Fwp%2Fv2%2Fcategories&post=539"},{"taxonomy":"post_tag","embeddable":true,"href":"https:\/\/blog.kunstgriff.net\/index.php?rest_route=%2Fwp%2Fv2%2Ftags&post=539"}],"curies":[{"name":"wp","href":"https:\/\/api.w.org\/{rel}","templated":true}]}}