{"id":549,"date":"2009-12-12T19:50:18","date_gmt":"2009-12-12T18:50:18","guid":{"rendered":"http:\/\/blog.kunstgriff.net\/?p=549"},"modified":"2009-12-13T12:52:20","modified_gmt":"2009-12-13T11:52:20","slug":"radprofis-mussen-auch-mal-lebensmittel-kaufen","status":"publish","type":"post","link":"https:\/\/blog.kunstgriff.net\/?p=549","title":{"rendered":"Radprofis m\u00fcssen auch mal Lebensmittel kaufen"},"content":{"rendered":"<span class=\"span-reading-time rt-reading-time\" style=\"display: block;\"><span class=\"rt-label rt-prefix\">Lesezeit: <\/span> <span class=\"rt-time\"> &lt; 1<\/span> <span class=\"rt-label rt-postfix\">Minute<\/span><\/span><p>Eigentlich gehe ich ja eher selten zum <a href=\"http:\/\/maps.google.com\/places\/de\/berlin\/k\u00f6nigin-elisabeth-stra\u00dfe\/9\/-kaiser's-supermarkt\" target=\"_blank\">Kaisers<\/a> direkt neben Stadler, aber wenn bestimmte Dinge alle sind, welche es beim Diskounter nicht gibt, dann muss ich schon mal zum <em>Vollsortimenter.<\/em><\/p>\n<p>Ich staunte nicht schlecht als ich einen gro\u00df gewachsenen Mann in der Obst- &amp; Gem\u00fcseabteilung mit einem Kind spielen sah, welcher <a href=\"http:\/\/de.wikipedia.org\/wiki\/Jens_Voigt\" target=\"_blank\">Jens Voigt<\/a> sehr \u00e4hnlich sah. Ich ging n\u00e4her an den Mann heran und war mir recht sicher, das er es wirklich war, trotzdem fragte ich:<\/p>\n<p><em>Sind Sie Jens Voigt?<\/em> er grinste und best\u00e4tigte meine Beobachtung. So einfach sollte er aber nicht davon kommen, denn ich wollte noch wissen, <a href=\"http:\/\/www.youtube.com\/watch?v=0QEjuCLcwyM\" target=\"_blank\">was da bei <em>Wetten\u2026das!?<\/em> los war!?<\/a> und \u00fcberhaupt, warum man als Radprofi sowas verliert!?<\/p>\n<p>Jens antwortete mir sehr ausf\u00fchrlich und freundlich:<\/p>\n<blockquote><p>Ein wenig habe ich solch ein kurzes Beschleunigungsrennen schon trainiert. Auf einer abgesperrten Sackgasse hinter dem Olympiastadion, wo die BVG Busse halten. Es wurde mir beim ZDF im Vorab-Briefing zur Sendung aber auch gesagt, das ich nicht unbedingt gewinnen m\u00fcsse.<\/p><\/blockquote>\n<p>Soso, h\u00e4tte mir eigentlich klar sein sollen, das es dem ZDF mehr um Unterhaltung und Gewinne von Underdogs geht als um echten Sportsgeist.<\/p>\n<p>Dann stellte ich noch fest, das er wieder sehr gut aussehe und die Wunden von der TDF bei <a href=\"http:\/\/www.youtube.com\/watch?v=DTlF01PHy8M\" target=\"_blank\">seinem b\u00f6sen Sturz<\/a> sehr gut verheilt seien und verabschiedete mich freundlich.<\/p>\n<p>Sehr netter Kerl, der Jens.<\/p>\n","protected":false},"excerpt":{"rendered":"<p>Eigentlich gehe ich ja eher selten zum Kaisers direkt neben Stadler, aber wenn bestimmte Dinge alle sind, welche es beim Diskounter nicht gibt, dann muss ich schon mal zum Vollsortimenter. Ich staunte nicht schlecht als ich einen gro\u00df gewachsenen Mann in der Obst- &amp; Gem\u00fcseabteilung mit einem Kind spielen sah, welcher Jens Voigt sehr \u00e4hnlich &hellip; <\/p>\n<p class=\"link-more\"><a href=\"https:\/\/blog.kunstgriff.net\/?p=549\" class=\"more-link\"><span class=\"screen-reader-text\">\u201eRadprofis m\u00fcssen auch mal Lebensmittel kaufen\u201c <\/span>weiterlesen<\/a><\/p>\n","protected":false},"author":2,"featured_media":0,"comment_status":"open","ping_status":"open","sticky":false,"template":"","format":"standard","meta":{"jetpack_post_was_ever_published":false,"_jetpack_newsletter_access":"","_jetpack_dont_email_post_to_subs":false,"_jetpack_newsletter_tier_id":0,"_jetpack_memberships_contains_paywalled_content":false,"_jetpack_memberships_contains_paid_content":false,"footnotes":""},"categories":[1],"tags":[],"class_list":["post-549","post","type-post","status-publish","format-standard","hentry","category-allgemein"],"jetpack_featured_media_url":"","jetpack_shortlink":"https:\/\/wp.me\/p8Cxe7-8R","jetpack-related-posts":[{"id":1924,"url":"https:\/\/blog.kunstgriff.net\/?p=1924","url_meta":{"origin":549,"position":0},"title":"Feierabendrunde Nonne->Kremmen","author":"Georg","date":"Juli 1, 2010","format":false,"excerpt":"oder \"Die ersten knapp 90 im Juli\"Heute war ich unentschlossen, welche Runde ich fahren sollte: Zum einen boten die Havellandriders eine Tour mit anschlie\u00dfendem Eisessen an, welche sehr verlockend klang, mir aber mit Start ab Rathaus Falkensee um 18:30 Uhr zu sp\u00e4t und mit 40 km zu kurz war. Erfreulicherweise\u2026","rel":"","context":"In &quot;Radfahren&quot;","block_context":{"text":"Radfahren","link":"https:\/\/blog.kunstgriff.net\/?cat=14"},"img":{"alt_text":"","src":"","width":0,"height":0},"classes":[]},{"id":2970,"url":"https:\/\/blog.kunstgriff.net\/?p=2970","url_meta":{"origin":549,"position":1},"title":"ErgoPlanet-South Africa Cape Argus Pick N Pay 2010","author":"Georg","date":"November 20, 2010","format":false,"excerpt":"oder \"Mein neues Samstag-Winter-Rennen\"Heute stand der zweite Test f\u00fcr die Strecke des South Africa Cape Argus Pick N Pay Rennens an. Ich hatte viele Trackpunkte \u00fcberarbeitet, genauer auf der Sta\u00dfe positioniert und das H\u00f6henprofil intensiver gegl\u00e4ttet, sodass die unsch\u00f6nen Spikes fast vollst\u00e4ndig eliminiert sind. Jetzt wollte ich nat\u00fcrlich meine zweite\u2026","rel":"","context":"In &quot;Ergometer Training&quot;","block_context":{"text":"Ergometer Training","link":"https:\/\/blog.kunstgriff.net\/?cat=15"},"img":{"alt_text":"","src":"https:\/\/i0.wp.com\/blog.kunstgriff.net\/wp-content\/uploads\/2010\/11\/Argus-road-044.jpg?resize=350%2C200","width":350,"height":200},"classes":[]},{"id":12393,"url":"https:\/\/blog.kunstgriff.net\/?p=12393","url_meta":{"origin":549,"position":2},"title":"Mallorca Trainingscamp 2015 &#8211; Tag 6 &#8211; Puig &#8211; Soller &#8211; Orient","author":"Georg","date":"M\u00e4rz 26, 2015","format":false,"excerpt":"oder \u00bbH\u00f6henmeter ohne Ende\u00ab Nach zwei regenreichen Ruhetagen wollte heute endlich wieder das Rennrad bewegt werden. Nicht nur ein bisschen in der Horizontalen, nein auch ein paar Steigungen sollten gefahren werden. Daf\u00fcr ging es von Pollen\u00e7a die 14 Kilometer zum Kloster Lluc hoch. Die mitfahrenden Compa\u00f1eros waren schnell entschwunden und\u2026","rel":"","context":"In &quot;Radfahren&quot;","block_context":{"text":"Radfahren","link":"https:\/\/blog.kunstgriff.net\/?cat=14"},"img":{"alt_text":"","src":"https:\/\/i0.wp.com\/blog.kunstgriff.net\/wp-content\/uploads\/2015\/03\/Alles-f%C3%BCr-diesen-Moment.jpg?fit=1200%2C900&ssl=1&resize=350%2C200","width":350,"height":200,"srcset":"https:\/\/i0.wp.com\/blog.kunstgriff.net\/wp-content\/uploads\/2015\/03\/Alles-f%C3%BCr-diesen-Moment.jpg?fit=1200%2C900&ssl=1&resize=350%2C200 1x, https:\/\/i0.wp.com\/blog.kunstgriff.net\/wp-content\/uploads\/2015\/03\/Alles-f%C3%BCr-diesen-Moment.jpg?fit=1200%2C900&ssl=1&resize=525%2C300 1.5x, https:\/\/i0.wp.com\/blog.kunstgriff.net\/wp-content\/uploads\/2015\/03\/Alles-f%C3%BCr-diesen-Moment.jpg?fit=1200%2C900&ssl=1&resize=700%2C400 2x, https:\/\/i0.wp.com\/blog.kunstgriff.net\/wp-content\/uploads\/2015\/03\/Alles-f%C3%BCr-diesen-Moment.jpg?fit=1200%2C900&ssl=1&resize=1050%2C600 3x"},"classes":[]},{"id":5510,"url":"https:\/\/blog.kunstgriff.net\/?p=5510","url_meta":{"origin":549,"position":3},"title":"Nordrunde \u00fcber Kremmen","author":"Georg","date":"August 6, 2011","format":false,"excerpt":"oder \u00bbNeue PBZ!?\u00abDie Sonne schien und von dem vorhergesagten Regen war auf dem Radar nichts zu sehen, also raus, auf den Renner und meine gro\u00dfe Nordrunde fahren. Sehr neugierig war ich, zu sehen, was geht. Ohne zu viel vorweg zu nehmen: Es ging Einiges. Der Wind half mir bis Germendorf\u2026","rel":"","context":"In &quot;Radfahren&quot;","block_context":{"text":"Radfahren","link":"https:\/\/blog.kunstgriff.net\/?cat=14"},"img":{"alt_text":"","src":"https:\/\/i0.wp.com\/blog.kunstgriff.net\/wp-content\/uploads\/2011\/08\/VP-Vorsprung.png?resize=350%2C200","width":350,"height":200},"classes":[]},{"id":19934,"url":"https:\/\/blog.kunstgriff.net\/?p=19934","url_meta":{"origin":549,"position":4},"title":"Sella Ronda erweitert","author":"Georg","date":"August 18, 2019","format":false,"excerpt":"Vier P\u00e4sse sind genug Gruppen-Radreisen kenne ich ja nun schon seit mehr als 10 Jahren. Deshalb wollte ich mal was neues ausprobieren: Radreise alleine. Der Plan reifte schon vor mehreren Monaten als mir mein Sommer-Urlaubs-Plan mit dem wff zu fahren von meinem Arbeitgeber gestrichen wurde. So war ich auf der\u2026","rel":"","context":"In &quot;Cake-Ride&quot;","block_context":{"text":"Cake-Ride","link":"https:\/\/blog.kunstgriff.net\/?cat=34"},"img":{"alt_text":"kann mich nicht dran sattsehen","src":"https:\/\/i0.wp.com\/blog.kunstgriff.net\/wp-content\/uploads\/2019\/08\/kann-mich-nicht-dran-sattsehen.jpg?fit=1200%2C800&ssl=1&resize=350%2C200","width":350,"height":200,"srcset":"https:\/\/i0.wp.com\/blog.kunstgriff.net\/wp-content\/uploads\/2019\/08\/kann-mich-nicht-dran-sattsehen.jpg?fit=1200%2C800&ssl=1&resize=350%2C200 1x, https:\/\/i0.wp.com\/blog.kunstgriff.net\/wp-content\/uploads\/2019\/08\/kann-mich-nicht-dran-sattsehen.jpg?fit=1200%2C800&ssl=1&resize=525%2C300 1.5x, https:\/\/i0.wp.com\/blog.kunstgriff.net\/wp-content\/uploads\/2019\/08\/kann-mich-nicht-dran-sattsehen.jpg?fit=1200%2C800&ssl=1&resize=700%2C400 2x, https:\/\/i0.wp.com\/blog.kunstgriff.net\/wp-content\/uploads\/2019\/08\/kann-mich-nicht-dran-sattsehen.jpg?fit=1200%2C800&ssl=1&resize=1050%2C600 3x"},"classes":[]},{"id":12072,"url":"https:\/\/blog.kunstgriff.net\/?p=12072","url_meta":{"origin":549,"position":5},"title":"Tiri-Baruth-Petkus-Runde","author":"Georg","date":"August 10, 2014","format":false,"excerpt":"oder \u00bbVielleicht ein bisschen lang!?\u00abNach einer erneuten Woche Rennrad-Abstinenz \u00fcberlegte ich vor dem Losfahren ob es wohl eine gute Idee sei, heute bei den M\u00e4dels und Jungs am TiRi aufzuschlagen. Mein Zweifeln begleitete mich die ersten Kilometer, der sehr sch\u00f6nen Anfahrt durch die, bedingt durch die Sommerferien, fast autofreie und\u2026","rel":"","context":"In &quot;Radfahren&quot;","block_context":{"text":"Radfahren","link":"https:\/\/blog.kunstgriff.net\/?cat=14"},"img":{"alt_text":"","src":"https:\/\/i0.wp.com\/blog.kunstgriff.net\/wp-content\/uploads\/2014\/08\/we-love-cycling.jpg?fit=1200%2C900&ssl=1&resize=350%2C200","width":350,"height":200,"srcset":"https:\/\/i0.wp.com\/blog.kunstgriff.net\/wp-content\/uploads\/2014\/08\/we-love-cycling.jpg?fit=1200%2C900&ssl=1&resize=350%2C200 1x, https:\/\/i0.wp.com\/blog.kunstgriff.net\/wp-content\/uploads\/2014\/08\/we-love-cycling.jpg?fit=1200%2C900&ssl=1&resize=525%2C300 1.5x, https:\/\/i0.wp.com\/blog.kunstgriff.net\/wp-content\/uploads\/2014\/08\/we-love-cycling.jpg?fit=1200%2C900&ssl=1&resize=700%2C400 2x, https:\/\/i0.wp.com\/blog.kunstgriff.net\/wp-content\/uploads\/2014\/08\/we-love-cycling.jpg?fit=1200%2C900&ssl=1&resize=1050%2C600 3x"},"classes":[]}],"jetpack_likes_enabled":true,"jetpack_sharing_enabled":true,"_links":{"self":[{"href":"https:\/\/blog.kunstgriff.net\/index.php?rest_route=\/wp\/v2\/posts\/549","targetHints":{"allow":["GET"]}}],"collection":[{"href":"https:\/\/blog.kunstgriff.net\/index.php?rest_route=\/wp\/v2\/posts"}],"about":[{"href":"https:\/\/blog.kunstgriff.net\/index.php?rest_route=\/wp\/v2\/types\/post"}],"author":[{"embeddable":true,"href":"https:\/\/blog.kunstgriff.net\/index.php?rest_route=\/wp\/v2\/users\/2"}],"replies":[{"embeddable":true,"href":"https:\/\/blog.kunstgriff.net\/index.php?rest_route=%2Fwp%2Fv2%2Fcomments&post=549"}],"version-history":[{"count":0,"href":"https:\/\/blog.kunstgriff.net\/index.php?rest_route=\/wp\/v2\/posts\/549\/revisions"}],"wp:attachment":[{"href":"https:\/\/blog.kunstgriff.net\/index.php?rest_route=%2Fwp%2Fv2%2Fmedia&parent=549"}],"wp:term":[{"taxonomy":"category","embeddable":true,"href":"https:\/\/blog.kunstgriff.net\/index.php?rest_route=%2Fwp%2Fv2%2Fcategories&post=549"},{"taxonomy":"post_tag","embeddable":true,"href":"https:\/\/blog.kunstgriff.net\/index.php?rest_route=%2Fwp%2Fv2%2Ftags&post=549"}],"curies":[{"name":"wp","href":"https:\/\/api.w.org\/{rel}","templated":true}]}}