{"id":5537,"date":"2011-08-13T13:21:37","date_gmt":"2011-08-13T11:21:37","guid":{"rendered":"http:\/\/blog.kunstgriff.net\/?p=5537"},"modified":"2016-08-31T13:26:16","modified_gmt":"2016-08-31T11:26:16","slug":"kurze-nordrunde-uber-kremmen-8","status":"publish","type":"post","link":"https:\/\/blog.kunstgriff.net\/?p=5537","title":{"rendered":"Kurze Nordrunde \u00fcber Kremmen"},"content":{"rendered":"<span class=\"span-reading-time rt-reading-time\" style=\"display: block;\"><span class=\"rt-label rt-prefix\">Lesezeit: <\/span> <span class=\"rt-time\"> &lt; 1<\/span> <span class=\"rt-label rt-postfix\">Minute<\/span><\/span><h4>oder \u00bbRunder Tritt &#8211; erstmal Mangelware\u00ab<\/h4>\n<hr \/>\n<p>Lange Zeit war der Himmel drau\u00dfen bedeckt und ich haderte mit mir, ob ich denn heute trainieren <del datetime=\"2011-08-13T11:06:17+00:00\">w<\/del>sollte oder nicht.<\/p>\n<p>Meine Beine schmerzten noch von den beiden Einheiten an den letzten beiden Tagen und richtig warm war es drau\u00dfen auch nicht. Eigentlich gen\u00fcgend Gr\u00fcnde den Vormittag ohne Ausdauertraining zu verbringen, aber der Schweinehund will ja auch mal besiegt werden! Also raus aufs Rad!<\/p>\n<p>Die erste Stunde konnte ich meinem Sport nicht wirklich viel Spass abgewinnen. Es war frisch, aber die Stra\u00dfen weitestgehend trocken aber kein <em>Flow<\/em> stellte sich ein. Ich fand mich damit ab, es gibt halt <em>diese Tage<\/em> und heute war dann wohl ein <em>solcher<\/em>.<\/p>\n<p>Als dann aber hinter B\u00f6tzow die Sonne hinter den Wolken hervor lugte und sich auch mal l\u00e4nger als drei Minuten zeigte kam meine Freude an meinem Sport schlagartig zur\u00fcck und zauberte mir ein lang anhaltendes breites Grinsen aufs Gesicht (siehe Fotobeweis).<\/p>\n<p>Die Fahrzeit war ok. Bronze Medaille.<\/p>\n<div class=\"tiled-gallery type-rectangular tiled-gallery-unresized\" data-original-width=\"525\" data-carousel-extra='{&quot;blog_id&quot;:1,&quot;permalink&quot;:&quot;https:\\\/\\\/blog.kunstgriff.net\\\/?p=5537&quot;,&quot;likes_blog_id&quot;:127394879}' itemscope itemtype=\"http:\/\/schema.org\/ImageGallery\" > <div class=\"gallery-row\" style=\"width: 525px; height: 198px;\" data-original-width=\"525\" data-original-height=\"198\" > <div class=\"gallery-group images-1\" style=\"width: 263px; height: 198px;\" data-original-width=\"263\" data-original-height=\"198\" > <div class=\"tiled-gallery-item tiled-gallery-item-large\" itemprop=\"associatedMedia\" itemscope itemtype=\"http:\/\/schema.org\/ImageObject\"> <a href=\"https:\/\/i0.wp.com\/blog.kunstgriff.net\/wp-content\/uploads\/2011\/08\/IMG_2722.jpg?ssl=1\" border=\"0\" itemprop=\"url\"> <meta itemprop=\"width\" content=\"259\"> <meta itemprop=\"height\" content=\"194\"> <img decoding=\"async\" class=\"\" data-attachment-id=\"5543\" data-orig-file=\"https:\/\/blog.kunstgriff.net\/wp-content\/uploads\/2011\/08\/IMG_2722.jpg\" data-orig-size=\"900,675\" data-comments-opened=\"1\" data-image-meta=\"{&quot;aperture&quot;:&quot;5.6&quot;,&quot;credit&quot;:&quot;&quot;,&quot;camera&quot;:&quot;Canon DIGITAL IXUS 870 IS&quot;,&quot;caption&quot;:&quot;&quot;,&quot;created_timestamp&quot;:&quot;1313226425&quot;,&quot;copyright&quot;:&quot;&quot;,&quot;focal_length&quot;:&quot;5&quot;,&quot;iso&quot;:&quot;100&quot;,&quot;shutter_speed&quot;:&quot;0.00125&quot;,&quot;title&quot;:&quot;&quot;}\" data-image-title=\"keep smilin&amp;#8216;\" data-image-description=\"\" data-medium-file=\"https:\/\/i0.wp.com\/blog.kunstgriff.net\/wp-content\/uploads\/2011\/08\/IMG_2722.jpg?fit=300%2C225&#038;ssl=1\" data-large-file=\"https:\/\/i0.wp.com\/blog.kunstgriff.net\/wp-content\/uploads\/2011\/08\/IMG_2722.jpg?fit=900%2C675&#038;ssl=1\" src=\"https:\/\/i0.wp.com\/blog.kunstgriff.net\/wp-content\/uploads\/2011\/08\/IMG_2722.jpg?w=259&#038;h=194&#038;ssl=1\" srcset=\"https:\/\/i0.wp.com\/blog.kunstgriff.net\/wp-content\/uploads\/2011\/08\/IMG_2722.jpg?w=900&amp;ssl=1 900w, https:\/\/i0.wp.com\/blog.kunstgriff.net\/wp-content\/uploads\/2011\/08\/IMG_2722.jpg?resize=300%2C225&amp;ssl=1 300w\" width=\"259\" height=\"194\" loading=\"lazy\" data-original-width=\"259\" data-original-height=\"194\" itemprop=\"http:\/\/schema.org\/image\" title=\"keep smilin&#039;\" alt=\"keep smilin&#039;\" style=\"width: 259px; height: 194px;\" \/> <\/a> <\/div> <\/div> <!-- close group --> <div class=\"gallery-group images-1\" style=\"width: 262px; height: 198px;\" data-original-width=\"262\" data-original-height=\"198\" > <div class=\"tiled-gallery-item tiled-gallery-item-large\" itemprop=\"associatedMedia\" itemscope itemtype=\"http:\/\/schema.org\/ImageObject\"> <a href=\"https:\/\/i0.wp.com\/blog.kunstgriff.net\/wp-content\/uploads\/2011\/08\/IMG_2713.jpg?ssl=1\" border=\"0\" itemprop=\"url\"> <meta itemprop=\"width\" content=\"258\"> <meta itemprop=\"height\" content=\"194\"> <img decoding=\"async\" class=\"\" data-attachment-id=\"5542\" data-orig-file=\"https:\/\/blog.kunstgriff.net\/wp-content\/uploads\/2011\/08\/IMG_2713.jpg\" data-orig-size=\"900,675\" data-comments-opened=\"1\" data-image-meta=\"{&quot;aperture&quot;:&quot;2.8&quot;,&quot;credit&quot;:&quot;&quot;,&quot;camera&quot;:&quot;Canon DIGITAL IXUS 870 IS&quot;,&quot;caption&quot;:&quot;&quot;,&quot;created_timestamp&quot;:&quot;1313226403&quot;,&quot;copyright&quot;:&quot;&quot;,&quot;focal_length&quot;:&quot;5&quot;,&quot;iso&quot;:&quot;80&quot;,&quot;shutter_speed&quot;:&quot;0.001&quot;,&quot;title&quot;:&quot;&quot;}\" data-image-title=\"kurz vor Paaren\" data-image-description=\"\" data-medium-file=\"https:\/\/i0.wp.com\/blog.kunstgriff.net\/wp-content\/uploads\/2011\/08\/IMG_2713.jpg?fit=300%2C225&#038;ssl=1\" data-large-file=\"https:\/\/i0.wp.com\/blog.kunstgriff.net\/wp-content\/uploads\/2011\/08\/IMG_2713.jpg?fit=900%2C675&#038;ssl=1\" src=\"https:\/\/i0.wp.com\/blog.kunstgriff.net\/wp-content\/uploads\/2011\/08\/IMG_2713.jpg?w=258&#038;h=194&#038;ssl=1\" srcset=\"https:\/\/i0.wp.com\/blog.kunstgriff.net\/wp-content\/uploads\/2011\/08\/IMG_2713.jpg?w=900&amp;ssl=1 900w, https:\/\/i0.wp.com\/blog.kunstgriff.net\/wp-content\/uploads\/2011\/08\/IMG_2713.jpg?resize=300%2C225&amp;ssl=1 300w\" width=\"258\" height=\"194\" loading=\"lazy\" data-original-width=\"258\" data-original-height=\"194\" itemprop=\"http:\/\/schema.org\/image\" title=\"kurz vor Paaren\" alt=\"kurz vor Paaren\" style=\"width: 258px; height: 194px;\" \/> <\/a> <\/div> <\/div> <!-- close group --> <\/div> <!-- close row --> <\/div>\n<p><iframe loading=\"lazy\" src=\"https:\/\/www.strava.com\/activities\/13532859\/embed\/b54966109557fa25b0daa314770cab05210793f3\" width=\"590\" height=\"405\" frameborder=\"0\" scrolling=\"no\"><\/iframe><\/p>\n","protected":false},"excerpt":{"rendered":"<p>oder \u00bbRunder Tritt &#8211; erstmal Mangelware\u00ab Lange Zeit war der Himmel drau\u00dfen bedeckt und ich haderte mit mir, ob ich denn heute trainieren wsollte oder nicht. Meine Beine schmerzten noch von den beiden Einheiten an den letzten beiden Tagen und richtig warm war es drau\u00dfen auch nicht. Eigentlich gen\u00fcgend Gr\u00fcnde den Vormittag ohne Ausdauertraining zu &hellip; <\/p>\n<p class=\"link-more\"><a href=\"https:\/\/blog.kunstgriff.net\/?p=5537\" class=\"more-link\"><span class=\"screen-reader-text\">\u201eKurze Nordrunde \u00fcber Kremmen\u201c <\/span>weiterlesen<\/a><\/p>\n","protected":false},"author":2,"featured_media":0,"comment_status":"open","ping_status":"open","sticky":false,"template":"","format":"standard","meta":{"jetpack_post_was_ever_published":false,"_jetpack_newsletter_access":"","_jetpack_dont_email_post_to_subs":false,"_jetpack_newsletter_tier_id":0,"_jetpack_memberships_contains_paywalled_content":false,"_jetpack_memberships_contains_paid_content":false,"footnotes":""},"categories":[13,7],"tags":[],"class_list":["post-5537","post","type-post","status-publish","format-standard","hentry","category-radreise","category-rennradfahren"],"jetpack_featured_media_url":"","jetpack_shortlink":"https:\/\/wp.me\/p8Cxe7-1rj","jetpack-related-posts":[{"id":2432,"url":"https:\/\/blog.kunstgriff.net\/?p=2432","url_meta":{"origin":5537,"position":0},"title":"Mal wieder: Kurze Nordrunde \u00fcber Kremmen","author":"Georg","date":"September 20, 2010","format":false,"excerpt":"oder \"Regenradar sagt nicht fahren - ich sage fahren!\"Vielleicht war ich bedingt durch die leckere K\u00fcrbissuppe und den hausgemachten Apfelkuchen, welche meine Mutter uns heute in die Firma brachte so voller Energie, das ich heute trotz nicht gerade herrlichen Wetteraussichten eine Feierabendrunde drehen wollte musste. Die Temperaturen waren auch h\u00f6her\u2026","rel":"","context":"In &quot;Radfahren&quot;","block_context":{"text":"Radfahren","link":"https:\/\/blog.kunstgriff.net\/?cat=14"},"img":{"alt_text":"","src":"https:\/\/i0.wp.com\/blog.kunstgriff.net\/wp-content\/uploads\/2010\/09\/Nordrunde.png?resize=350%2C200","width":350,"height":200},"classes":[]},{"id":18862,"url":"https:\/\/blog.kunstgriff.net\/?p=18862","url_meta":{"origin":5537,"position":1},"title":"P\u00e4wesin-Runde #9","author":"Georg","date":"September 30, 2018","format":false,"excerpt":"wolkenlos & Sonnenschein Nachdem ich gestern einen 100er auf dem Ergometer zur\u00fcck gelegt hatte, der sich r\u00fcckblickend recht anstrengend angef\u00fchlt hat, wollte ich heute drau\u00dfen fahren um mal zu vergleichen, wie die Trainingsbelastung sich so Indoor & Outdoor unterscheidet. Um 8 Uhr war ich aber erstmal hart unmotiviert. Der Balkon\u2026","rel":"","context":"In &quot;Radfahren&quot;","block_context":{"text":"Radfahren","link":"https:\/\/blog.kunstgriff.net\/?cat=14"},"img":{"alt_text":"","src":"https:\/\/i0.wp.com\/blog.kunstgriff.net\/wp-content\/uploads\/2018\/09\/Kurz-vor-Ketzin-klasse-Radweg.jpg?fit=1200%2C799&ssl=1&resize=350%2C200","width":350,"height":200,"srcset":"https:\/\/i0.wp.com\/blog.kunstgriff.net\/wp-content\/uploads\/2018\/09\/Kurz-vor-Ketzin-klasse-Radweg.jpg?fit=1200%2C799&ssl=1&resize=350%2C200 1x, https:\/\/i0.wp.com\/blog.kunstgriff.net\/wp-content\/uploads\/2018\/09\/Kurz-vor-Ketzin-klasse-Radweg.jpg?fit=1200%2C799&ssl=1&resize=525%2C300 1.5x, https:\/\/i0.wp.com\/blog.kunstgriff.net\/wp-content\/uploads\/2018\/09\/Kurz-vor-Ketzin-klasse-Radweg.jpg?fit=1200%2C799&ssl=1&resize=700%2C400 2x, https:\/\/i0.wp.com\/blog.kunstgriff.net\/wp-content\/uploads\/2018\/09\/Kurz-vor-Ketzin-klasse-Radweg.jpg?fit=1200%2C799&ssl=1&resize=1050%2C600 3x"},"classes":[]},{"id":2554,"url":"https:\/\/blog.kunstgriff.net\/?p=2554","url_meta":{"origin":5537,"position":2},"title":"Erweiterte Schwielowseerunde","author":"Georg","date":"Oktober 7, 2010","format":false,"excerpt":"oder \"Kein Druck\"Da gestern Pause war, wollte ich heute mal wieder ein Runde fahren. Den \u00bbKlassiker\u00ab: Diese Runde bin ich in 2009 fast ausschlie\u00dflich als Trainingsrunde gefahren, dieses Jahr aber fast nie, da ich ja die Nordrunde f\u00fcr mich entdeckt habe. Auf meinem Garmin war dieses Training aus 2008 (!)\u2026","rel":"","context":"In &quot;Radfahren&quot;","block_context":{"text":"Radfahren","link":"https:\/\/blog.kunstgriff.net\/?cat=14"},"img":{"alt_text":"","src":"","width":0,"height":0},"classes":[]},{"id":10840,"url":"https:\/\/blog.kunstgriff.net\/?p=10840","url_meta":{"origin":5537,"position":3},"title":"DriveNow oder doch, DriveLater?","author":"Georg","date":"September 15, 2013","format":false,"excerpt":"Heute mal zu was ganz anderem, einer Geschichte, die das digitale Leben schrieb, aber der Reihe nach: Gestern, ein wundersch\u00f6ner Sp\u00e4tsommertag mit viel Sonnenschein, entschied ich mich spontan, doch mal den DriveNow Service zu nutzen, welcher schon seit mehr als sechs Monaten ungenutzt in meiner Brieftasche und auf meinem iPhone\u2026","rel":"","context":"In &quot;Infotainment&quot;","block_context":{"text":"Infotainment","link":"https:\/\/blog.kunstgriff.net\/?cat=26"},"img":{"alt_text":"IMG_1689","src":"https:\/\/i0.wp.com\/blog.kunstgriff.net\/wp-content\/uploads\/2013\/09\/IMG_1689-169x300.png?resize=350%2C200","width":350,"height":200},"classes":[]},{"id":20952,"url":"https:\/\/blog.kunstgriff.net\/?p=20952","url_meta":{"origin":5537,"position":4},"title":"P\u00e4wesin-Runde #01","author":"Georg","date":"April 11, 2020","format":false,"excerpt":"Nichts ist wie es war Eigentlich f\u00e4llt mir der Einstieg in meine Artikel immer leicht. Heute nicht. Zu viele Dinge sind mir bei meiner heutigen Ausfahrt durch den Kopf gegangen. Ich weiss nicht wo ich anfangen soll und auch nicht ob diese Gedanken alle hier hin geh\u00f6ren. Sicher nicht. Oder\u2026","rel":"","context":"In &quot;Cake-Ride&quot;","block_context":{"text":"Cake-Ride","link":"https:\/\/blog.kunstgriff.net\/?cat=34"},"img":{"alt_text":"bei Karzow","src":"https:\/\/i0.wp.com\/blog.kunstgriff.net\/wp-content\/uploads\/2020\/04\/bei-Karzow.jpg?fit=1200%2C800&ssl=1&resize=350%2C200","width":350,"height":200,"srcset":"https:\/\/i0.wp.com\/blog.kunstgriff.net\/wp-content\/uploads\/2020\/04\/bei-Karzow.jpg?fit=1200%2C800&ssl=1&resize=350%2C200 1x, https:\/\/i0.wp.com\/blog.kunstgriff.net\/wp-content\/uploads\/2020\/04\/bei-Karzow.jpg?fit=1200%2C800&ssl=1&resize=525%2C300 1.5x, https:\/\/i0.wp.com\/blog.kunstgriff.net\/wp-content\/uploads\/2020\/04\/bei-Karzow.jpg?fit=1200%2C800&ssl=1&resize=700%2C400 2x, https:\/\/i0.wp.com\/blog.kunstgriff.net\/wp-content\/uploads\/2020\/04\/bei-Karzow.jpg?fit=1200%2C800&ssl=1&resize=1050%2C600 3x"},"classes":[]},{"id":21752,"url":"https:\/\/blog.kunstgriff.net\/?p=21752","url_meta":{"origin":5537,"position":5},"title":"10-Uhr-Gruppe Sonntags-Ausfahrt #7","author":"Georg","date":"September 6, 2020","format":false,"excerpt":"Sport in der gro\u00dfen Gruppe Da ich mich gestern nicht motivieren konnte, drau\u00dfen zu fahren, war heute auf jeden Fall eine Ausfahrt f\u00e4llig. Stefan Har. hatte auch Lust auf 10 Uhr Gruppe und so verabredeten wir uns zu 10 Uhr am Tunnel. Jede Menge Protagonisten kamen. Fast zu viele. Aber\u2026","rel":"","context":"In &quot;Radfahren&quot;","block_context":{"text":"Radfahren","link":"https:\/\/blog.kunstgriff.net\/?cat=14"},"img":{"alt_text":"Aufholjagd hinter Zauchwitz","src":"https:\/\/i0.wp.com\/blog.kunstgriff.net\/wp-content\/uploads\/2020\/09\/Aufholjagd-hinter-Zauchwitz.jpg?fit=1200%2C800&ssl=1&resize=350%2C200","width":350,"height":200,"srcset":"https:\/\/i0.wp.com\/blog.kunstgriff.net\/wp-content\/uploads\/2020\/09\/Aufholjagd-hinter-Zauchwitz.jpg?fit=1200%2C800&ssl=1&resize=350%2C200 1x, https:\/\/i0.wp.com\/blog.kunstgriff.net\/wp-content\/uploads\/2020\/09\/Aufholjagd-hinter-Zauchwitz.jpg?fit=1200%2C800&ssl=1&resize=525%2C300 1.5x, https:\/\/i0.wp.com\/blog.kunstgriff.net\/wp-content\/uploads\/2020\/09\/Aufholjagd-hinter-Zauchwitz.jpg?fit=1200%2C800&ssl=1&resize=700%2C400 2x, https:\/\/i0.wp.com\/blog.kunstgriff.net\/wp-content\/uploads\/2020\/09\/Aufholjagd-hinter-Zauchwitz.jpg?fit=1200%2C800&ssl=1&resize=1050%2C600 3x"},"classes":[]}],"jetpack_likes_enabled":true,"jetpack_sharing_enabled":true,"_links":{"self":[{"href":"https:\/\/blog.kunstgriff.net\/index.php?rest_route=\/wp\/v2\/posts\/5537","targetHints":{"allow":["GET"]}}],"collection":[{"href":"https:\/\/blog.kunstgriff.net\/index.php?rest_route=\/wp\/v2\/posts"}],"about":[{"href":"https:\/\/blog.kunstgriff.net\/index.php?rest_route=\/wp\/v2\/types\/post"}],"author":[{"embeddable":true,"href":"https:\/\/blog.kunstgriff.net\/index.php?rest_route=\/wp\/v2\/users\/2"}],"replies":[{"embeddable":true,"href":"https:\/\/blog.kunstgriff.net\/index.php?rest_route=%2Fwp%2Fv2%2Fcomments&post=5537"}],"version-history":[{"count":0,"href":"https:\/\/blog.kunstgriff.net\/index.php?rest_route=\/wp\/v2\/posts\/5537\/revisions"}],"wp:attachment":[{"href":"https:\/\/blog.kunstgriff.net\/index.php?rest_route=%2Fwp%2Fv2%2Fmedia&parent=5537"}],"wp:term":[{"taxonomy":"category","embeddable":true,"href":"https:\/\/blog.kunstgriff.net\/index.php?rest_route=%2Fwp%2Fv2%2Fcategories&post=5537"},{"taxonomy":"post_tag","embeddable":true,"href":"https:\/\/blog.kunstgriff.net\/index.php?rest_route=%2Fwp%2Fv2%2Ftags&post=5537"}],"curies":[{"name":"wp","href":"https:\/\/api.w.org\/{rel}","templated":true}]}}