{"id":555,"date":"2009-12-13T13:17:51","date_gmt":"2009-12-13T12:17:51","guid":{"rendered":"http:\/\/blog.kunstgriff.net\/?p=555"},"modified":"2017-06-15T13:25:36","modified_gmt":"2017-06-15T11:25:36","slug":"grune-marathonstrecke-am-4-advent","status":"publish","type":"post","link":"https:\/\/blog.kunstgriff.net\/?p=555","title":{"rendered":"Gr\u00fcne Marathonstrecke am 3. Advent"},"content":{"rendered":"<span class=\"span-reading-time rt-reading-time\" style=\"display: block;\"><span class=\"rt-label rt-prefix\">Lesezeit: <\/span> <span class=\"rt-time\"> &lt; 1<\/span> <span class=\"rt-label rt-postfix\">Minute<\/span><\/span><p>Der Himmel war strahlend blau und die Sonne schien, aber der Thermometer zeigte -2\u00b0C. F\u00fcr das Rennrad sicher zu kalt, aber f\u00fcr eine Runde MTB genau richtig und wenn Ilja schon mal zu einer Tour ausruft kann ich ja auf keinen Fall <em>Nein <\/em>sagen.<\/p>\n<p>So machte ich mich um 20 vor 10 auf den Weg in RIchtung <a href=\"http:\/\/maps.google.de\/maps?q=52.492998,13.237082&amp;num=1&amp;t=h&amp;sll=52.483384,13.265805&amp;sspn=0.054378,0.128059&amp;ie=UTF8&amp;ll=52.49304,13.237141&amp;spn=0.002342,0.006174&amp;z=18\" target=\"_blank\">Teufelsseeparkplatz<\/a> wo wir uns treffen wollten. Ilja kam mir schon entgegen und berichtete das J\u00f6rg und Robert abgesagt hatten und wir somit nur zu zweit auf die 20 km lange Runde fahren werden.<\/p>\n<p>Der Grunewald zeigte sich von einer seiner sch\u00f6nsten Seiten und die Sonne blinzelte immer wieder durch die bl\u00e4tterlosen B\u00e4ume. Die Trails waren leicht gefroren und so dreckten wir nicht komplett ein und es lie\u00df sich relativ sicher fahren. Wir unterhielten uns pr\u00e4chtig und so verging die Zeit wie im Flug.<\/p>\n<p>Leider habe ich meinen Garmin mal wieder auf Stop geschaltet, als wir die Runde begonnen haben und somit gibt es keine Aufzeichnung. Ich weiss auch nicht genau wie lange ich eigentlich unterwegs war, was eine genaue Eintragung in den Winterpokal auch erschwert. Da muss ich halt sch\u00e4tzen.<\/p>\n<p>Es war aber nichts desto trotz eine tolle Runde mit Ilja, die ich gerne wiederholen m\u00f6chte. Hoffentlich hat Ilja n\u00e4chstes Wochenende wieder Zeit!<\/p>\n<p>Hier trotzdem ein Link zu <a href=\"http:\/\/connect.garmin.com\/activity\/16951554\" target=\"_blank\">meiner letzten Runde auf der Gr\u00fcnen Marathonstrecke<\/a>.<\/p>\n<p><iframe height='405' width='590' frameborder='0' allowtransparency='true' scrolling='no' src='https:\/\/www.strava.com\/activities\/698672272\/embed\/0bd4d79f3033c7510e05019d991b5028d5603645'><\/iframe><\/p>\n","protected":false},"excerpt":{"rendered":"<p>Der Himmel war strahlend blau und die Sonne schien, aber der Thermometer zeigte -2\u00b0C. F\u00fcr das Rennrad sicher zu kalt, aber f\u00fcr eine Runde MTB genau richtig und wenn Ilja schon mal zu einer Tour ausruft kann ich ja auf keinen Fall Nein sagen. So machte ich mich um 20 vor 10 auf den Weg &hellip; <\/p>\n<p class=\"link-more\"><a href=\"https:\/\/blog.kunstgriff.net\/?p=555\" class=\"more-link\"><span class=\"screen-reader-text\">\u201eGr\u00fcne Marathonstrecke am 3. Advent\u201c <\/span>weiterlesen<\/a><\/p>\n","protected":false},"author":2,"featured_media":0,"comment_status":"open","ping_status":"open","sticky":false,"template":"","format":"standard","meta":{"jetpack_post_was_ever_published":false,"_jetpack_newsletter_access":"","_jetpack_dont_email_post_to_subs":false,"_jetpack_newsletter_tier_id":0,"_jetpack_memberships_contains_paywalled_content":false,"_jetpack_memberships_contains_paid_content":false,"footnotes":""},"categories":[35,9],"tags":[],"class_list":["post-555","post","type-post","status-publish","format-standard","hentry","category-garmin","category-mtb"],"jetpack_featured_media_url":"","jetpack_shortlink":"https:\/\/wp.me\/p8Cxe7-8X","jetpack-related-posts":[{"id":2040,"url":"https:\/\/blog.kunstgriff.net\/?p=2040","url_meta":{"origin":555,"position":0},"title":"Harz-Tour 2010 &#8211; Tag 3","author":"Georg","date":"Juli 18, 2010","format":false,"excerpt":"oder \u00bbEin Ungemach kommt selten allein\u00abDer Sonntag begann um 7:30 Uhr, denn wir wollten zeitig zu unserem letzten H\u00f6henmeter-Training vor dem Arber Radmarathon aufbrechen. Christoph musste um 19 Uhr wieder in Berlin sein und das Haus musste auch bis 10 Uhr verlassen sein. Dadurch herrschte emsige Betriebsamkeit und alle halfen\u2026","rel":"","context":"In &quot;Radfahren&quot;","block_context":{"text":"Radfahren","link":"https:\/\/blog.kunstgriff.net\/?cat=14"},"img":{"alt_text":"","src":"https:\/\/i0.wp.com\/blog.kunstgriff.net\/wp-content\/uploads\/2010\/07\/Bild0386.jpg?fit=900%2C675&ssl=1&resize=350%2C200","width":350,"height":200,"srcset":"https:\/\/i0.wp.com\/blog.kunstgriff.net\/wp-content\/uploads\/2010\/07\/Bild0386.jpg?fit=900%2C675&ssl=1&resize=350%2C200 1x, https:\/\/i0.wp.com\/blog.kunstgriff.net\/wp-content\/uploads\/2010\/07\/Bild0386.jpg?fit=900%2C675&ssl=1&resize=525%2C300 1.5x, https:\/\/i0.wp.com\/blog.kunstgriff.net\/wp-content\/uploads\/2010\/07\/Bild0386.jpg?fit=900%2C675&ssl=1&resize=700%2C400 2x"},"classes":[]},{"id":2366,"url":"https:\/\/blog.kunstgriff.net\/?p=2366","url_meta":{"origin":555,"position":1},"title":"Niederfinow-Frau K\u00fchn-Tour","author":"Georg","date":"September 11, 2010","format":false,"excerpt":"oder \"Viel Schweiss f\u00fcr ein paar Kartoffelpuffer\"Eigentlich wollte ich heute am Bodensee den Marathon fahren, aber da meine B\u00e4ren gestern so fr\u00fch los fahren wollten und ich viel Arbeit in meiner Firma zu erledigen hatte, musste dieses Event leider auf 2011 verschoben werden. Der Samstag war aber frei, das Wetter\u2026","rel":"","context":"In &quot;Rennradfahren&quot;","block_context":{"text":"Rennradfahren","link":"https:\/\/blog.kunstgriff.net\/?cat=7"},"img":{"alt_text":"","src":"","width":0,"height":0},"classes":[]},{"id":7601,"url":"https:\/\/blog.kunstgriff.net\/?p=7601","url_meta":{"origin":555,"position":2},"title":"Gro\u00dfe B\u00e4cker-Runde nach Fehrbellin","author":"Georg","date":"M\u00e4rz 25, 2012","format":false,"excerpt":"oder \u00bbFlott, lang & kalt\u00abDa von der gestrigen Tour noch ein paar wenige K\u00f6rner \u00fcbrig waren, freute ich mich heute mit dem A-Team die lange Runde zum dem Konditor nach Fehrbellin fahren zu d\u00fcrfen. Die Kleiderwahl war heute morgen besonders schwierig, da das Thermometer nur lausige 4\u00b0C anzeigte, f\u00fcr den\u2026","rel":"","context":"In &quot;Radfahren&quot;","block_context":{"text":"Radfahren","link":"https:\/\/blog.kunstgriff.net\/?cat=14"},"img":{"alt_text":"","src":"https:\/\/i0.wp.com\/blog.kunstgriff.net\/wp-content\/uploads\/2012\/03\/Das-A-Team-gegen-den-Wind-bei-Paulunenaue.jpg?resize=350%2C200","width":350,"height":200,"srcset":"https:\/\/i0.wp.com\/blog.kunstgriff.net\/wp-content\/uploads\/2012\/03\/Das-A-Team-gegen-den-Wind-bei-Paulunenaue.jpg?resize=350%2C200 1x, https:\/\/i0.wp.com\/blog.kunstgriff.net\/wp-content\/uploads\/2012\/03\/Das-A-Team-gegen-den-Wind-bei-Paulunenaue.jpg?resize=525%2C300 1.5x"},"classes":[]},{"id":15776,"url":"https:\/\/blog.kunstgriff.net\/?p=15776","url_meta":{"origin":555,"position":3},"title":"ERT 2017 Achensee \u2013 Sterzing","author":"Georg","date":"Juni 5, 2017","format":false,"excerpt":"102,5 km | 1.523 H\u00f6henmeter Der Tag begann mit einem leckeren Fr\u00fchst\u00fcck, mit selbst in kleinen Pf\u00e4nnchen zubereiteten Spiegeleiern und leichtem Nieselregen. Dieser verzog sich gl\u00fccklicherweise just zur Abfahrt und so konnten wir mit bester Laune den sch\u00f6nen Radweg entlang des azurblauen Achensees radeln. Nach nicht mal 20 km hatte\u2026","rel":"","context":"In &quot;Radreise&quot;","block_context":{"text":"Radreise","link":"https:\/\/blog.kunstgriff.net\/?cat=13"},"img":{"alt_text":"","src":"https:\/\/i0.wp.com\/blog.kunstgriff.net\/wp-content\/uploads\/2017\/06\/Etappenpr%C3%A4sentation-vom-Orga-Team.jpg?fit=1200%2C800&ssl=1&resize=350%2C200","width":350,"height":200,"srcset":"https:\/\/i0.wp.com\/blog.kunstgriff.net\/wp-content\/uploads\/2017\/06\/Etappenpr%C3%A4sentation-vom-Orga-Team.jpg?fit=1200%2C800&ssl=1&resize=350%2C200 1x, https:\/\/i0.wp.com\/blog.kunstgriff.net\/wp-content\/uploads\/2017\/06\/Etappenpr%C3%A4sentation-vom-Orga-Team.jpg?fit=1200%2C800&ssl=1&resize=525%2C300 1.5x, https:\/\/i0.wp.com\/blog.kunstgriff.net\/wp-content\/uploads\/2017\/06\/Etappenpr%C3%A4sentation-vom-Orga-Team.jpg?fit=1200%2C800&ssl=1&resize=700%2C400 2x, https:\/\/i0.wp.com\/blog.kunstgriff.net\/wp-content\/uploads\/2017\/06\/Etappenpr%C3%A4sentation-vom-Orga-Team.jpg?fit=1200%2C800&ssl=1&resize=1050%2C600 3x"},"classes":[]},{"id":9371,"url":"https:\/\/blog.kunstgriff.net\/?p=9371","url_meta":{"origin":555,"position":4},"title":"Herberts-Herbst-S\u00fcd-Runde","author":"Georg","date":"November 3, 2012","format":false,"excerpt":"oder \u00bbKlasse Runde mit super Trainingspartnern\u00abDa ich heute schon recht fr\u00fch auf den Beinen war, stellte sich die Frage, ob ich um 10 Uhr am \u00bbTiri\u00ab sein wollte. Oleg hatte zu einer lockeren Herbstrunde gerufen und ich hatte eigentlich bereits per e-mail zugesagt. Auf der Couch war es angenehm warm\u2026","rel":"","context":"In &quot;Radfahren&quot;","block_context":{"text":"Radfahren","link":"https:\/\/blog.kunstgriff.net\/?cat=14"},"img":{"alt_text":"","src":"https:\/\/i0.wp.com\/blog.kunstgriff.net\/wp-content\/uploads\/2012\/11\/Auch-mal-im-Bilde.jpg?fit=1000%2C750&ssl=1&resize=350%2C200","width":350,"height":200,"srcset":"https:\/\/i0.wp.com\/blog.kunstgriff.net\/wp-content\/uploads\/2012\/11\/Auch-mal-im-Bilde.jpg?fit=1000%2C750&ssl=1&resize=350%2C200 1x, https:\/\/i0.wp.com\/blog.kunstgriff.net\/wp-content\/uploads\/2012\/11\/Auch-mal-im-Bilde.jpg?fit=1000%2C750&ssl=1&resize=525%2C300 1.5x, https:\/\/i0.wp.com\/blog.kunstgriff.net\/wp-content\/uploads\/2012\/11\/Auch-mal-im-Bilde.jpg?fit=1000%2C750&ssl=1&resize=700%2C400 2x"},"classes":[]},{"id":4180,"url":"https:\/\/blog.kunstgriff.net\/?p=4180","url_meta":{"origin":555,"position":5},"title":"Mallorca Trainingscamp &#8211; Tag 8 &#8211; Inselumrundung","author":"Georg","date":"April 12, 2011","format":false,"excerpt":"oder \u00bb6 Mann - 1 Plan\u00ab Schon im Trainingscamp 2010 wurde der Wunsch ge\u00e4u\u00dfert, mal die Insel zu umrunden, aber verworfen. In diesem Jahr wollten wir ernst machen und dieses Vorhaben in die Tat umsetzen. Ohne ausgiebige Planung war das nicht m\u00f6glich. Viele Parameter waren im Vorfeld zu besprechen und\u2026","rel":"","context":"In &quot;200er&quot;","block_context":{"text":"200er","link":"https:\/\/blog.kunstgriff.net\/?cat=48"},"img":{"alt_text":"","src":"https:\/\/i0.wp.com\/blog.kunstgriff.net\/wp-content\/uploads\/2011\/04\/IMG_1876.jpg?resize=350%2C200","width":350,"height":200,"srcset":"https:\/\/i0.wp.com\/blog.kunstgriff.net\/wp-content\/uploads\/2011\/04\/IMG_1876.jpg?resize=350%2C200 1x, https:\/\/i0.wp.com\/blog.kunstgriff.net\/wp-content\/uploads\/2011\/04\/IMG_1876.jpg?resize=525%2C300 1.5x, https:\/\/i0.wp.com\/blog.kunstgriff.net\/wp-content\/uploads\/2011\/04\/IMG_1876.jpg?resize=700%2C400 2x"},"classes":[]}],"jetpack_likes_enabled":true,"jetpack_sharing_enabled":true,"_links":{"self":[{"href":"https:\/\/blog.kunstgriff.net\/index.php?rest_route=\/wp\/v2\/posts\/555","targetHints":{"allow":["GET"]}}],"collection":[{"href":"https:\/\/blog.kunstgriff.net\/index.php?rest_route=\/wp\/v2\/posts"}],"about":[{"href":"https:\/\/blog.kunstgriff.net\/index.php?rest_route=\/wp\/v2\/types\/post"}],"author":[{"embeddable":true,"href":"https:\/\/blog.kunstgriff.net\/index.php?rest_route=\/wp\/v2\/users\/2"}],"replies":[{"embeddable":true,"href":"https:\/\/blog.kunstgriff.net\/index.php?rest_route=%2Fwp%2Fv2%2Fcomments&post=555"}],"version-history":[{"count":0,"href":"https:\/\/blog.kunstgriff.net\/index.php?rest_route=\/wp\/v2\/posts\/555\/revisions"}],"wp:attachment":[{"href":"https:\/\/blog.kunstgriff.net\/index.php?rest_route=%2Fwp%2Fv2%2Fmedia&parent=555"}],"wp:term":[{"taxonomy":"category","embeddable":true,"href":"https:\/\/blog.kunstgriff.net\/index.php?rest_route=%2Fwp%2Fv2%2Fcategories&post=555"},{"taxonomy":"post_tag","embeddable":true,"href":"https:\/\/blog.kunstgriff.net\/index.php?rest_route=%2Fwp%2Fv2%2Ftags&post=555"}],"curies":[{"name":"wp","href":"https:\/\/api.w.org\/{rel}","templated":true}]}}