{"id":5578,"date":"2011-08-18T20:12:32","date_gmt":"2011-08-18T18:12:32","guid":{"rendered":"http:\/\/blog.kunstgriff.net\/?p=5578"},"modified":"2016-08-31T13:21:48","modified_gmt":"2016-08-31T11:21:48","slug":"kurze-nordrunde-uber-kremmen-reloaded","status":"publish","type":"post","link":"https:\/\/blog.kunstgriff.net\/?p=5578","title":{"rendered":"Kurze Nordrunde \u00fcber Kremmen reloaded"},"content":{"rendered":"<span class=\"span-reading-time rt-reading-time\" style=\"display: block;\"><span class=\"rt-label rt-prefix\">Lesezeit: <\/span> <span class=\"rt-time\"> 2<\/span> <span class=\"rt-label rt-postfix\">Minuten<\/span><\/span><h4>oder \u00bbLet it roll!\u00ab<\/h4>\n<hr \/>\n<p>Die Runde begann eigentlich wie immer. Es war sch\u00f6n warm, also ideale Bedingungen f\u00fcr eine klasse Trainingsrunde. Es wehte nur ganz leichter S\u00fcd-West-Wind und so viel es nicht schwer, bis nach Germendorf zu kommen.<\/p>\n<p>Die Beine f\u00fchlten sich klasse an und so wollte ich auch schneller vorw\u00e4rts kommen und den <em>Flow<\/em> sp\u00fcren. Hinter Kremmen war mir klar, da\u00df das heute eine gute Zeit werden w\u00fcrde. Wie gut die Zeit werden w\u00fcrde, k\u00f6nnte ich zu diesem Zeitpunkt allerdings noch nicht erahnen.<\/p>\n<p><a href=\"http:\/\/trainingstagebuch.org\/routes\/show\/30444\"><img data-recalc-dims=\"1\" loading=\"lazy\" decoding=\"async\" data-attachment-id=\"5583\" data-permalink=\"https:\/\/blog.kunstgriff.net\/?attachment_id=5583\" data-orig-file=\"https:\/\/i0.wp.com\/blog.kunstgriff.net\/wp-content\/uploads\/2011\/08\/TopZeit.png?fit=233%2C148&amp;ssl=1\" data-orig-size=\"233,148\" data-comments-opened=\"1\" data-image-meta=\"{&quot;aperture&quot;:&quot;0&quot;,&quot;credit&quot;:&quot;&quot;,&quot;camera&quot;:&quot;&quot;,&quot;caption&quot;:&quot;&quot;,&quot;created_timestamp&quot;:&quot;0&quot;,&quot;copyright&quot;:&quot;&quot;,&quot;focal_length&quot;:&quot;0&quot;,&quot;iso&quot;:&quot;0&quot;,&quot;shutter_speed&quot;:&quot;0&quot;,&quot;title&quot;:&quot;&quot;}\" data-image-title=\"TopZeit\" data-image-description=\"\" data-image-caption=\"\" data-large-file=\"https:\/\/i0.wp.com\/blog.kunstgriff.net\/wp-content\/uploads\/2011\/08\/TopZeit.png?fit=233%2C148&amp;ssl=1\" class=\"alignleft size-full wp-image-5583\" style=\"border: 5px solid white;\" title=\"TopZeit\" src=\"https:\/\/i0.wp.com\/blog.kunstgriff.net\/wp-content\/uploads\/2011\/08\/TopZeit.png?resize=233%2C148\" alt=\"\" width=\"233\" height=\"148\" \/><\/a>Die Zeit vom letzten Samstag konnte ich <a href=\"http:\/\/trainingstagebuch.org\/routes\/show\/30444\" target=\"_blank\">um 10 Minuten verbessern und meine PBZ um 3:30 Minuten<\/a>. Der Puls war dabei selten im roten Bereich. <em>Sehr sch\u00f6n<\/em>. Gerne w\u00fcrde ich die Ursache f\u00fcr diesen Formsprung wissen. Wegen des tollen Wetters? Dem wenigen Wind? Der anderen Ern\u00e4hrung? An meinem Gewicht kann es nicht liegen, das ist f\u00fcr Mitte der Saison leider zu hoch. Spass hat das Fahren und Ausbelasten auf jeden Fall gemacht und darum geht es ja haupts\u00e4chlich. Wenn dann noch <em>schneller, h\u00f6her und weiter<\/em> dabei heraus kommt &#8211; <em>um so besser!<\/em><\/p>\n<p>Diesen Blogbeitrag widme ich den <a href=\"http:\/\/www.fahrradfritze.de\/\" target=\"_blank\">Fahrradfritze<\/a>n. Da mein <a href=\"http:\/\/www.mavic.com\/de\/product\/laufr%C3%A4der\/rennrad-triathlon\/laufr%C3%A4der\/Cosmic-Elite\" target=\"_blank\">Mavic Cosmic Elite<\/a> Vorderrad aufgrund von mangelhafter Qualit\u00e4tskontrolle von Mavic innerhalb der Garantiezeit defekt ist und ich kein zweiten Laufradsatz habe der mir als Ersatz f\u00fcr das eingeschickte Laufrad dienen k\u00f6nnte, haben mir die Fahrradfritzen ein <a href=\"http:\/\/www.mavic.com\/de\/product\/laufr%C3%A4der\/rennrad-triathlon\/laufr%C3%A4der\/Ksyrium-Equipe\" target=\"_blank\">Mavic Ksyrium ES<\/a> Vorderrad kostenlos leihweise, bis meins wieder aus der Reparatur zur\u00fcck ist, zur Verf\u00fcgung gestellt.<\/p>\n<p>Vielen Dank daf\u00fcr ohne das Leihlaufrad w\u00e4re diese Trainingsrunde nie m\u00f6glich gewesen!<em> Bester Radladen der Hauptstadt und westlichen Hemisph\u00e4re!<\/em><\/p>\n<p><iframe height='405' width='590' frameborder='0' allowtransparency='true' scrolling='no' src='https:\/\/www.strava.com\/activities\/13532865\/embed\/b240f7b76b0cdfa9e71f9cd81d4c762e0f91dbb6'><\/iframe><\/p>\n","protected":false},"excerpt":{"rendered":"<p>oder \u00bbLet it roll!\u00ab Die Runde begann eigentlich wie immer. Es war sch\u00f6n warm, also ideale Bedingungen f\u00fcr eine klasse Trainingsrunde. Es wehte nur ganz leichter S\u00fcd-West-Wind und so viel es nicht schwer, bis nach Germendorf zu kommen. Die Beine f\u00fchlten sich klasse an und so wollte ich auch schneller vorw\u00e4rts kommen und den Flow &hellip; <\/p>\n<p class=\"link-more\"><a href=\"https:\/\/blog.kunstgriff.net\/?p=5578\" class=\"more-link\"><span class=\"screen-reader-text\">\u201eKurze Nordrunde \u00fcber Kremmen reloaded\u201c <\/span>weiterlesen<\/a><\/p>\n","protected":false},"author":2,"featured_media":0,"comment_status":"open","ping_status":"open","sticky":false,"template":"","format":"standard","meta":{"jetpack_post_was_ever_published":false,"_jetpack_newsletter_access":"","_jetpack_dont_email_post_to_subs":false,"_jetpack_newsletter_tier_id":0,"_jetpack_memberships_contains_paywalled_content":false,"_jetpack_memberships_contains_paid_content":false,"footnotes":""},"categories":[14,7],"tags":[],"class_list":["post-5578","post","type-post","status-publish","format-standard","hentry","category-radfahren","category-rennradfahren"],"jetpack_featured_media_url":"","jetpack_shortlink":"https:\/\/wp.me\/p8Cxe7-1rY","jetpack-related-posts":[{"id":9106,"url":"https:\/\/blog.kunstgriff.net\/?p=9106","url_meta":{"origin":5578,"position":0},"title":"Kurze Nordrunde \u00fcber Kremmen","author":"Georg","date":"September 11, 2012","format":false,"excerpt":"oder \u00bbNo punch - no glory\u00abDer geneigte Leser k\u00f6nnte glatt denken: \u00bbJetzt f\u00e4hrt der schon wieder da lang!\u00ab. Das habe ich mir n\u00e4mlich auf den ersten Kilometer auch gedacht, aber der Reihe nach: Angefixt von der Wettervorhersage f\u00fcr die n\u00e4chsten Tage, dass der Sommer nun wirklich\u00a0morgen vorbei sei, wollte ich\u2026","rel":"","context":"In &quot;Radfahren&quot;","block_context":{"text":"Radfahren","link":"https:\/\/blog.kunstgriff.net\/?cat=14"},"img":{"alt_text":"","src":"https:\/\/i0.wp.com\/blog.kunstgriff.net\/wp-content\/uploads\/2012\/09\/Kurz-vor-dem-Mauerradweg-hinter-Sch%C3%B6nwalde.jpg?fit=1000%2C750&ssl=1&resize=350%2C200","width":350,"height":200,"srcset":"https:\/\/i0.wp.com\/blog.kunstgriff.net\/wp-content\/uploads\/2012\/09\/Kurz-vor-dem-Mauerradweg-hinter-Sch%C3%B6nwalde.jpg?fit=1000%2C750&ssl=1&resize=350%2C200 1x, https:\/\/i0.wp.com\/blog.kunstgriff.net\/wp-content\/uploads\/2012\/09\/Kurz-vor-dem-Mauerradweg-hinter-Sch%C3%B6nwalde.jpg?fit=1000%2C750&ssl=1&resize=525%2C300 1.5x, https:\/\/i0.wp.com\/blog.kunstgriff.net\/wp-content\/uploads\/2012\/09\/Kurz-vor-dem-Mauerradweg-hinter-Sch%C3%B6nwalde.jpg?fit=1000%2C750&ssl=1&resize=700%2C400 2x"},"classes":[]},{"id":10637,"url":"https:\/\/blog.kunstgriff.net\/?p=10637","url_meta":{"origin":5578,"position":1},"title":"Kurze Nordrunde \u00fcber Kremmen","author":"Georg","date":"Juli 14, 2013","format":false,"excerpt":"oder \u00bbErste mal in 2013\u00abWie ich meinem Trainingsarchiv entnehmen kann, bin ich diese alt-bew\u00e4hrte Runde in 2013 noch gar nicht gefahren. Am 30. Dezember 2012 war ich auf der Runde das letzte mal unterwegs. Es war also an der Zeit! Bedingt durch den Westwind war das Fahren m\u00fchsam und die\u2026","rel":"","context":"In &quot;Radfahren&quot;","block_context":{"text":"Radfahren","link":"https:\/\/blog.kunstgriff.net\/?cat=14"},"img":{"alt_text":"","src":"","width":0,"height":0},"classes":[]},{"id":9166,"url":"https:\/\/blog.kunstgriff.net\/?p=9166","url_meta":{"origin":5578,"position":2},"title":"Kurze Nordrunde \u00fcber Kremmen","author":"Georg","date":"September 22, 2012","format":false,"excerpt":"oder \u00bbEndlich wieder Radfahren!\u00abDa ich die ganze Woche unterwegs war, konnte kein Rennrad gefahren werden. Als am Morgen dann, entgegen der Wettervorhersage, die Sonne heraus kam, gab es f\u00fcr mich kein Halten mehr und mein Renner musste startklar gemacht werden. Ich machte mich auf bekannten Wegen auf nach Norden. Sofort\u2026","rel":"","context":"In &quot;Radfahren&quot;","block_context":{"text":"Radfahren","link":"https:\/\/blog.kunstgriff.net\/?cat=14"},"img":{"alt_text":"","src":"https:\/\/i0.wp.com\/blog.kunstgriff.net\/wp-content\/uploads\/2012\/09\/Kurzer-Stop-hinter-Kremmen.jpg?resize=350%2C200","width":350,"height":200,"srcset":"https:\/\/i0.wp.com\/blog.kunstgriff.net\/wp-content\/uploads\/2012\/09\/Kurzer-Stop-hinter-Kremmen.jpg?resize=350%2C200 1x, https:\/\/i0.wp.com\/blog.kunstgriff.net\/wp-content\/uploads\/2012\/09\/Kurzer-Stop-hinter-Kremmen.jpg?resize=525%2C300 1.5x, https:\/\/i0.wp.com\/blog.kunstgriff.net\/wp-content\/uploads\/2012\/09\/Kurzer-Stop-hinter-Kremmen.jpg?resize=700%2C400 2x"},"classes":[]},{"id":22181,"url":"https:\/\/blog.kunstgriff.net\/?p=22181","url_meta":{"origin":5578,"position":3},"title":"Kurze Nordrunde \u00fcber Kremmen #1","author":"Georg","date":"Mai 11, 2021","format":false,"excerpt":"der Versuch, die NP zu erh\u00f6hen Eigentlich ist gerade Friedensfahrt-Woche. Also die Woche um Himmelfahrt herum in der immer unsere \u00f6stlichen Nachbarl\u00e4nder unter die R\u00e4der genommen werden. Diese wundersch\u00f6ne Veranstaltung f\u00e4llt nun schon zum zweiten mal COVID-bedingt aus. Deshalb habe ich in dieser Woche auch Urlaub und Zeit, meinen Renner\u2026","rel":"","context":"In &quot;Radfahren&quot;","block_context":{"text":"Radfahren","link":"https:\/\/blog.kunstgriff.net\/?cat=14"},"img":{"alt_text":"Havellandradweg","src":"https:\/\/i0.wp.com\/blog.kunstgriff.net\/wp-content\/uploads\/2021\/05\/Havellandradweg.jpg?fit=1200%2C800&ssl=1&resize=350%2C200","width":350,"height":200,"srcset":"https:\/\/i0.wp.com\/blog.kunstgriff.net\/wp-content\/uploads\/2021\/05\/Havellandradweg.jpg?fit=1200%2C800&ssl=1&resize=350%2C200 1x, https:\/\/i0.wp.com\/blog.kunstgriff.net\/wp-content\/uploads\/2021\/05\/Havellandradweg.jpg?fit=1200%2C800&ssl=1&resize=525%2C300 1.5x, https:\/\/i0.wp.com\/blog.kunstgriff.net\/wp-content\/uploads\/2021\/05\/Havellandradweg.jpg?fit=1200%2C800&ssl=1&resize=700%2C400 2x, https:\/\/i0.wp.com\/blog.kunstgriff.net\/wp-content\/uploads\/2021\/05\/Havellandradweg.jpg?fit=1200%2C800&ssl=1&resize=1050%2C600 3x"},"classes":[]},{"id":2194,"url":"https:\/\/blog.kunstgriff.net\/?p=2194","url_meta":{"origin":5578,"position":4},"title":"Nordrunde \u00fcber Kremmen","author":"Georg","date":"August 15, 2010","format":false,"excerpt":"oder \"Neue Referenzstrecke abgefahren und f\u00fcr gut befunden\"Der Wecker klingelte f\u00fcr einen Sonntag recht fr\u00fch, denn ich wollte die Bahn nehmen um p\u00fcnktlich um 9 am Treffpunkt S-Bhf Blankenburg zu sein. Das Regenradar zeigt aber eine Niederschlagwolke welche genau um halb 9 Berlin erreichen w\u00fcrde. 190 km Radfahren und gleich\u2026","rel":"","context":"In &quot;Radfahren&quot;","block_context":{"text":"Radfahren","link":"https:\/\/blog.kunstgriff.net\/?cat=14"},"img":{"alt_text":"","src":"https:\/\/i0.wp.com\/blog.kunstgriff.net\/Bilda\/GarminStat.jpg?resize=350%2C200","width":350,"height":200,"srcset":"https:\/\/i0.wp.com\/blog.kunstgriff.net\/Bilda\/GarminStat.jpg?resize=350%2C200 1x, https:\/\/i0.wp.com\/blog.kunstgriff.net\/Bilda\/GarminStat.jpg?resize=525%2C300 1.5x"},"classes":[]},{"id":2339,"url":"https:\/\/blog.kunstgriff.net\/?p=2339","url_meta":{"origin":5578,"position":5},"title":"Nordrunde \u00fcber Kremmen","author":"Georg","date":"September 5, 2010","format":false,"excerpt":"oder \"3. Lunge & Top-Laune = Bestzeit?\"Heute, an diesem sonnigen Sonntag, war um 10 Uhr das informelle Treffen von Holger zur S\u00fcdafrika Reise angesetzt. Das Kennenlernen war sehr angenehm und ich freute mich bei diesem herrlichen fr\u00fch-Herbst-Wetter auf meine Trainingsrunde. F\u00fcr eine der diversen angebotenen Gruppen-Ausfahrten war es aber leider\u2026","rel":"","context":"In &quot;Garmin&quot;","block_context":{"text":"Garmin","link":"https:\/\/blog.kunstgriff.net\/?cat=35"},"img":{"alt_text":"","src":"http:\/\/www.assoc-amazon.de\/e\/ir?t=&l=as2&o=3&a=B001690VC6","width":350,"height":200},"classes":[]}],"jetpack_likes_enabled":true,"jetpack_sharing_enabled":true,"_links":{"self":[{"href":"https:\/\/blog.kunstgriff.net\/index.php?rest_route=\/wp\/v2\/posts\/5578","targetHints":{"allow":["GET"]}}],"collection":[{"href":"https:\/\/blog.kunstgriff.net\/index.php?rest_route=\/wp\/v2\/posts"}],"about":[{"href":"https:\/\/blog.kunstgriff.net\/index.php?rest_route=\/wp\/v2\/types\/post"}],"author":[{"embeddable":true,"href":"https:\/\/blog.kunstgriff.net\/index.php?rest_route=\/wp\/v2\/users\/2"}],"replies":[{"embeddable":true,"href":"https:\/\/blog.kunstgriff.net\/index.php?rest_route=%2Fwp%2Fv2%2Fcomments&post=5578"}],"version-history":[{"count":0,"href":"https:\/\/blog.kunstgriff.net\/index.php?rest_route=\/wp\/v2\/posts\/5578\/revisions"}],"wp:attachment":[{"href":"https:\/\/blog.kunstgriff.net\/index.php?rest_route=%2Fwp%2Fv2%2Fmedia&parent=5578"}],"wp:term":[{"taxonomy":"category","embeddable":true,"href":"https:\/\/blog.kunstgriff.net\/index.php?rest_route=%2Fwp%2Fv2%2Fcategories&post=5578"},{"taxonomy":"post_tag","embeddable":true,"href":"https:\/\/blog.kunstgriff.net\/index.php?rest_route=%2Fwp%2Fv2%2Ftags&post=5578"}],"curies":[{"name":"wp","href":"https:\/\/api.w.org\/{rel}","templated":true}]}}