{"id":567,"date":"2009-12-14T21:24:59","date_gmt":"2009-12-14T20:24:59","guid":{"rendered":"http:\/\/blog.kunstgriff.net\/?p=567"},"modified":"2013-05-21T22:27:49","modified_gmt":"2013-05-21T20:27:49","slug":"garmin-i-love-you","status":"publish","type":"post","link":"https:\/\/blog.kunstgriff.net\/?p=567","title":{"rendered":"Garmin &#8211; I love you!"},"content":{"rendered":"<span class=\"span-reading-time rt-reading-time\" style=\"display: block;\"><span class=\"rt-label rt-prefix\">Lesezeit: <\/span> <span class=\"rt-time\"> 2<\/span> <span class=\"rt-label rt-postfix\">Minuten<\/span><\/span><p><strong><em>Achtung<\/em><\/strong>: Es folgt eine recht technische Abhandlung &#8211; <em>weiterlesen auf eigene Gefahr!<\/em><\/p>\n<p><!--more-->Nach dem Update auf <a href=\"http:\/\/www.apple.com\/de\/macosx\/\" target=\"_blank\">Snow Leopard<\/a> aka 10.6 vor drei Monaten lief auf einmal <a href=\"http:\/\/www8.garmin.com\/support\/download_details.jsp?id=4332\" target=\"_blank\">RoadTrip<\/a> nicht mehr richtig. <a href=\"http:\/\/www8.garmin.com\/support\/download_details.jsp?id=4332\" target=\"_blank\">RoadTrip<\/a> ist eine f\u00fcr mich sehr wichtige Software um Routen auf dem Mac zu planen um sie dann auf <a href=\"https:\/\/buy.garmin.com\/shop\/shop.do?cID=160&amp;pID=10885\" target=\"_blank\">den Garmin<\/a> zu senden. Ich verwende diese Software vor jeder gro\u00dfen Ausfahrt oder Veranstaltung um mir die Strecke anzusehen und bei der Veranstaltung oder der Ausfahrt in unbekanntem Terrain zu wissen wo es lang geht und Abbiegehinweise zu erhalten.<\/p>\n<p>Diese Software lief nun nicht mehr auf meinem <a href=\"http:\/\/www.apple.com\/de\/macbookpro\/\" target=\"_blank\">MacBook Pro<\/a>, welcher mein <em>Hauptarbeitstier<\/em> ist. Zum Routen planen musste ich nun immer auf meinen iMac zur\u00fcckgreifen, welchen ich nur wegen dieser Software noch auf Leopard (10.5.8) belassen habe. Das ist nicht sonderlich komfortabel, da so eine Routenplanung <em>on the Road<\/em> nicht m\u00f6glich ist. Daf\u00fcr ist der iMac einfach zu gro\u00df.<\/p>\n<p>Was die Sache noch weiter verkomplizierte ist der Fakt, das ich einen neuen iMac bestellt habe, welcher ab Werk mit 10.6 ausgeliefert wird und auch <em>kein <\/em>Downgrade auf 10.5.8 m\u00f6glich ist. Der Mac wird in den n\u00e4chsten Tagen geliefert und ich war irgendwie gekniffen. Ich plante einen Mac in der Firma extra mit 10.5.8 f\u00fcr diese eine Software vorzuhalten. Nicht sehr komfortabel. Zumal Garmin im <a href=\"https:\/\/forums.garmin.com\/\" target=\"_blank\">Garmin Forum<\/a> versprach die neue Version <em>real soon<\/em> zu ver\u00f6ffentlichen. Das war vor einem Monat. Alle Threads im Garmin Forum waren abonniert und sogar Dienste wie <a href=\"http:\/\/www.watchthatpage.com\/\" target=\"_blank\">WatchThatPage<\/a> wurden von mir<em> scharf <\/em>gemacht um sofort von einem Release zu erfahren. Aber es passierte nix.<\/p>\n<p>Nun st\u00f6berte ich heute kurz vor Feierabend im <a href=\"https:\/\/forums.garmin.com\/showthread.php?t=4000\" target=\"_blank\">Garmin Forum<\/a> und las, das Garmin eine neue Beta zu <a href=\"http:\/\/www8.garmin.com\/support\/download_details.jsp?id=4732\" target=\"_blank\">Base Camp<\/a> herausgegeben hat. Diese Software habe ich auch auf meinem Mac, sie war aber eigentlich f\u00fcr MountainBiker und <a href=\"http:\/\/de.wikipedia.org\/wiki\/Geocaching\" target=\"_blank\">GeoCacher<\/a> und nicht f\u00fcr Rennradfahrer, da sie den Schwerpunkt auf TopoKarten hatte und auf Wegepunkte spezialisiert war. Die CityNavigator Karte lie\u00df sich nicht aktivieren und auch Routen lie\u00dfen sich nicht planen.<\/p>\n<p>Nun lud ich mir die neue Beta und stellte fest, das Garmin all das in das neue <a href=\"http:\/\/www8.garmin.com\/support\/download_details.jsp?id=4732\" target=\"_blank\">BaseCamp<\/a> integriert hatte, als ich die Beta zuhause auf meinem iMac installierte fragte <a href=\"http:\/\/www8.garmin.com\/support\/download_details.jsp?id=4732\" target=\"_blank\">Base Camp<\/a> sogar ob es die Daten von <a href=\"http:\/\/www8.garmin.com\/support\/download_details.jsp?id=4332\" target=\"_blank\">RoadTrip<\/a> importieren soll! Alles funktionierte total unproblematisch und <a href=\"http:\/\/www8.garmin.com\/support\/download_details.jsp?id=4732\" target=\"_blank\">BaseCamp<\/a> l\u00e4uft total stabil!<\/p>\n<p>Der <a href=\"http:\/\/www.apple.com\/de\/imac\/design.html\" target=\"_blank\">neue iMac<\/a>, die Saison 2010 und das Trainingslager auf Mallorca\u00a0kann kommen!<\/p>\n<p><em><strong>Garmin ick liebe Dir!<\/strong><\/em><\/p>\n","protected":false},"excerpt":{"rendered":"<p>Achtung: Es folgt eine recht technische Abhandlung &#8211; weiterlesen auf eigene Gefahr!<\/p>\n","protected":false},"author":2,"featured_media":0,"comment_status":"open","ping_status":"open","sticky":false,"template":"","format":"standard","meta":{"jetpack_post_was_ever_published":false,"_jetpack_newsletter_access":"","_jetpack_dont_email_post_to_subs":false,"_jetpack_newsletter_tier_id":0,"_jetpack_memberships_contains_paywalled_content":false,"_jetpack_memberships_contains_paid_content":false,"footnotes":""},"categories":[35],"tags":[],"class_list":["post-567","post","type-post","status-publish","format-standard","hentry","category-garmin"],"jetpack_featured_media_url":"","jetpack_shortlink":"https:\/\/wp.me\/p8Cxe7-99","jetpack-related-posts":[{"id":15468,"url":"https:\/\/blog.kunstgriff.net\/?p=15468","url_meta":{"origin":567,"position":0},"title":"Mit den Tiris nach Trebbin","author":"Georg","date":"April 29, 2017","format":false,"excerpt":"\u00bbk\u00fchler 100er\u00ab Zwei Touren waren im Angebot, ich entschloss mich f\u00fcr die Tiri-Bande. Nach dem vergangenen, eher durchwachsenen beiderseitigem \u00bbFahrvergn\u00fcgen\u00ab, wollte ich es heute noch einmal probieren. Gute Entscheidung, wie sich sp\u00e4ter herausstellte. Denn wenn man diszipliniertes Gruppenfahren lernen oder vertiefen m\u00f6chte, ist man hier richtig. Also auf ein neues.\u2026","rel":"","context":"In &quot;Cake-Ride&quot;","block_context":{"text":"Cake-Ride","link":"https:\/\/blog.kunstgriff.net\/?cat=34"},"img":{"alt_text":"","src":"https:\/\/i0.wp.com\/blog.kunstgriff.net\/wp-content\/uploads\/2017\/04\/Brandenburg.jpg?fit=1200%2C800&ssl=1&resize=350%2C200","width":350,"height":200,"srcset":"https:\/\/i0.wp.com\/blog.kunstgriff.net\/wp-content\/uploads\/2017\/04\/Brandenburg.jpg?fit=1200%2C800&ssl=1&resize=350%2C200 1x, https:\/\/i0.wp.com\/blog.kunstgriff.net\/wp-content\/uploads\/2017\/04\/Brandenburg.jpg?fit=1200%2C800&ssl=1&resize=525%2C300 1.5x, https:\/\/i0.wp.com\/blog.kunstgriff.net\/wp-content\/uploads\/2017\/04\/Brandenburg.jpg?fit=1200%2C800&ssl=1&resize=700%2C400 2x, https:\/\/i0.wp.com\/blog.kunstgriff.net\/wp-content\/uploads\/2017\/04\/Brandenburg.jpg?fit=1200%2C800&ssl=1&resize=1050%2C600 3x"},"classes":[]},{"id":3943,"url":"https:\/\/blog.kunstgriff.net\/?p=3943","url_meta":{"origin":567,"position":1},"title":"Aufstieg auf den Tafelberg","author":"Georg","date":"M\u00e4rz 16, 2011","format":false,"excerpt":"oder \u00bbAufstieg auf das vermeintlich 7. geografische Weltwunder\u00abHeute war eine sportliche Aktivit\u00e4t der anderen Art geplant: Es sollte zu Fuss auf den Tafelberg gehen. Es f\u00fchrt zwar auch eine Seilbahn auf das Plateau - wir wollten den Aufstieg aber zu Fuss genie\u00dfen. Die Rund 600 H\u00f6henmeter entpuppten sich als recht\u2026","rel":"","context":"In &quot;Allgemein&quot;","block_context":{"text":"Allgemein","link":"https:\/\/blog.kunstgriff.net\/?cat=1"},"img":{"alt_text":"","src":"http:\/\/www.assoc-amazon.de\/e\/ir?t=&l=as2&o=3&a=B001JAGZC2","width":350,"height":200},"classes":[]},{"id":2040,"url":"https:\/\/blog.kunstgriff.net\/?p=2040","url_meta":{"origin":567,"position":2},"title":"Harz-Tour 2010 &#8211; Tag 3","author":"Georg","date":"Juli 18, 2010","format":false,"excerpt":"oder \u00bbEin Ungemach kommt selten allein\u00abDer Sonntag begann um 7:30 Uhr, denn wir wollten zeitig zu unserem letzten H\u00f6henmeter-Training vor dem Arber Radmarathon aufbrechen. Christoph musste um 19 Uhr wieder in Berlin sein und das Haus musste auch bis 10 Uhr verlassen sein. Dadurch herrschte emsige Betriebsamkeit und alle halfen\u2026","rel":"","context":"In &quot;Radfahren&quot;","block_context":{"text":"Radfahren","link":"https:\/\/blog.kunstgriff.net\/?cat=14"},"img":{"alt_text":"","src":"https:\/\/i0.wp.com\/blog.kunstgriff.net\/wp-content\/uploads\/2010\/07\/Bild0386.jpg?fit=900%2C675&ssl=1&resize=350%2C200","width":350,"height":200,"srcset":"https:\/\/i0.wp.com\/blog.kunstgriff.net\/wp-content\/uploads\/2010\/07\/Bild0386.jpg?fit=900%2C675&ssl=1&resize=350%2C200 1x, https:\/\/i0.wp.com\/blog.kunstgriff.net\/wp-content\/uploads\/2010\/07\/Bild0386.jpg?fit=900%2C675&ssl=1&resize=525%2C300 1.5x, https:\/\/i0.wp.com\/blog.kunstgriff.net\/wp-content\/uploads\/2010\/07\/Bild0386.jpg?fit=900%2C675&ssl=1&resize=700%2C400 2x"},"classes":[]},{"id":2214,"url":"https:\/\/blog.kunstgriff.net\/?p=2214","url_meta":{"origin":567,"position":3},"title":"Kurze Nordrunde \u00fcber Kremmen","author":"Georg","date":"August 18, 2010","format":false,"excerpt":"oder \"Letztes Training vor Rad am Ring inklusive Foto mit rotem Blitz in Boernicke\"Die klassische Feierabendrunden-Hatz am Mittwoch mit meinen Rennrad-Buddies musste heute ausfallen. Zum einen war das Wetter zu unbest\u00e4ndig und zum Anderen, viel wichtiger, wollte ich heute auf keinen Fall mehr Bolzen und mir die Beine kaputt fahren\u2026","rel":"","context":"In &quot;Garmin&quot;","block_context":{"text":"Garmin","link":"https:\/\/blog.kunstgriff.net\/?cat=35"},"img":{"alt_text":"","src":"https:\/\/i0.wp.com\/blog.kunstgriff.net\/wp-content\/uploads\/2010\/08\/BoernickeBlitzer.png?resize=350%2C200","width":350,"height":200,"srcset":"https:\/\/i0.wp.com\/blog.kunstgriff.net\/wp-content\/uploads\/2010\/08\/BoernickeBlitzer.png?resize=350%2C200 1x, https:\/\/i0.wp.com\/blog.kunstgriff.net\/wp-content\/uploads\/2010\/08\/BoernickeBlitzer.png?resize=525%2C300 1.5x"},"classes":[]},{"id":23342,"url":"https:\/\/blog.kunstgriff.net\/?p=23342","url_meta":{"origin":567,"position":4},"title":"Mallorca 2023","author":"Georg","date":"Mai 2, 2023","format":false,"excerpt":"oder bestes Training\u2122 und hammer Urlaub Einige haben mich bereits gefragt, warum ich denn auf Mallorca bin und es keine t\u00e4glichen Blog-Beitr\u00e4ge mehr von mir gibt. Dieses Jahr habe ich mich bewusst dagegen entschieden, jeden Tag zu dokumentieren. Ich wollte frei vom Druck sein, nach jeder Ausfahrt in die Tasten\u2026","rel":"","context":"In &quot;Cake-Ride&quot;","block_context":{"text":"Cake-Ride","link":"https:\/\/blog.kunstgriff.net\/?cat=34"},"img":{"alt_text":"Cap Formentor","src":"https:\/\/i0.wp.com\/blog.kunstgriff.net\/wp-content\/uploads\/2023\/05\/Cap-Formentor.jpeg?fit=1200%2C900&ssl=1&resize=350%2C200","width":350,"height":200,"srcset":"https:\/\/i0.wp.com\/blog.kunstgriff.net\/wp-content\/uploads\/2023\/05\/Cap-Formentor.jpeg?fit=1200%2C900&ssl=1&resize=350%2C200 1x, https:\/\/i0.wp.com\/blog.kunstgriff.net\/wp-content\/uploads\/2023\/05\/Cap-Formentor.jpeg?fit=1200%2C900&ssl=1&resize=525%2C300 1.5x, https:\/\/i0.wp.com\/blog.kunstgriff.net\/wp-content\/uploads\/2023\/05\/Cap-Formentor.jpeg?fit=1200%2C900&ssl=1&resize=700%2C400 2x, https:\/\/i0.wp.com\/blog.kunstgriff.net\/wp-content\/uploads\/2023\/05\/Cap-Formentor.jpeg?fit=1200%2C900&ssl=1&resize=1050%2C600 3x"},"classes":[]},{"id":5598,"url":"https:\/\/blog.kunstgriff.net\/?p=5598","url_meta":{"origin":567,"position":5},"title":"Garmin stellt die Vector Pedalen vor","author":"Georg","date":"August 19, 2011","format":false,"excerpt":"oder \u00bbPedalen f\u00fcr $1.499,00!?\u00ab Lange wurde die Ank\u00fcndigung von Garmin erwartet, nun wurden sie endlich offiziell vorgestellt: Die Garmin Vector Pedale, welche die Kraft-Leistung beim Rennrad fahren direkt an den Pedalen messen k\u00f6nnen. Die Pedale sollen im M\u00e4rz 2012 zu einem Preis von $1.499,00 auf den Markt kommen. Das Garmin\u2026","rel":"","context":"In &quot;Garmin&quot;","block_context":{"text":"Garmin","link":"https:\/\/blog.kunstgriff.net\/?cat=35"},"img":{"alt_text":"","src":"https:\/\/i0.wp.com\/blog.kunstgriff.net\/wp-content\/uploads\/2011\/08\/Vector-an-der-Kurbel.png?resize=350%2C200","width":350,"height":200},"classes":[]}],"jetpack_likes_enabled":true,"jetpack_sharing_enabled":true,"_links":{"self":[{"href":"https:\/\/blog.kunstgriff.net\/index.php?rest_route=\/wp\/v2\/posts\/567","targetHints":{"allow":["GET"]}}],"collection":[{"href":"https:\/\/blog.kunstgriff.net\/index.php?rest_route=\/wp\/v2\/posts"}],"about":[{"href":"https:\/\/blog.kunstgriff.net\/index.php?rest_route=\/wp\/v2\/types\/post"}],"author":[{"embeddable":true,"href":"https:\/\/blog.kunstgriff.net\/index.php?rest_route=\/wp\/v2\/users\/2"}],"replies":[{"embeddable":true,"href":"https:\/\/blog.kunstgriff.net\/index.php?rest_route=%2Fwp%2Fv2%2Fcomments&post=567"}],"version-history":[{"count":0,"href":"https:\/\/blog.kunstgriff.net\/index.php?rest_route=\/wp\/v2\/posts\/567\/revisions"}],"wp:attachment":[{"href":"https:\/\/blog.kunstgriff.net\/index.php?rest_route=%2Fwp%2Fv2%2Fmedia&parent=567"}],"wp:term":[{"taxonomy":"category","embeddable":true,"href":"https:\/\/blog.kunstgriff.net\/index.php?rest_route=%2Fwp%2Fv2%2Fcategories&post=567"},{"taxonomy":"post_tag","embeddable":true,"href":"https:\/\/blog.kunstgriff.net\/index.php?rest_route=%2Fwp%2Fv2%2Ftags&post=567"}],"curies":[{"name":"wp","href":"https:\/\/api.w.org\/{rel}","templated":true}]}}