{"id":581,"date":"2009-12-20T14:48:37","date_gmt":"2009-12-20T13:48:37","guid":{"rendered":"http:\/\/blog.kunstgriff.net\/?p=581"},"modified":"2017-06-15T13:23:33","modified_gmt":"2017-06-15T11:23:33","slug":"kann-man-muss-man-aber-nicht-am-4-advent-machen","status":"publish","type":"post","link":"https:\/\/blog.kunstgriff.net\/?p=581","title":{"rendered":"Kann man, muss man aber nicht am 4. Advent machen:"},"content":{"rendered":"<span class=\"span-reading-time rt-reading-time\" style=\"display: block;\"><span class=\"rt-label rt-prefix\">Lesezeit: <\/span> <span class=\"rt-time\"> &lt; 1<\/span> <span class=\"rt-label rt-postfix\">Minute<\/span><\/span><p>Bei -11\u00b0C und Sonnenschein, sich auf sein Mountain-Bike schwingen und zu einer Runde aufbrechen.<\/p>\n<p>Ich habe es aber getan um zu sehen ob und wie es geht. Es war hart. Sehr hart, trotzdem ich alle w\u00e4rmenden Kleidungsst\u00fccke an hatte, welche mir zur Verf\u00fcgung standen &#8211; inkl. Sturmhaube unterm Helm, war es nach 20 Minuten trotzdem derma\u00dfen kalt, das der Spass am Radfahren auf der Strecke blieb. Auch das Isogetr\u00e4nk in der mitgef\u00fchrten Flasche war eingefroren und so konnte nicht mal ein Schluck genommen werden.<\/p>\n<p>Einzig der Sonnenschein und der klare Himmel halfen ein wenig, das K\u00e4ltegef\u00fchl zu vergessen. Nach 1:36h Fahrt war ich dann aber doch wieder sehr gl\u00fccklich zu Hause zu sein. Nun begannen die Finger und Zehen sich wieder an die W\u00e4rme zu gew\u00f6hnen: Ein sehr unangenehmes Gef\u00fchl. Geschwitzt wurde auch kaum.<\/p>\n<p>Fazit: Nun weiss ich das ich bei solchen Temperaturen auch fahren kann, aber Spass ist was Anderes.<\/p>\n<p><iframe height='405' width='590' frameborder='0' allowtransparency='true' scrolling='no' src='https:\/\/www.strava.com\/activities\/698672289\/embed\/8bded7cabd2b21e089944cb4798cd19adb60b48f'><\/iframe><\/p>\n","protected":false},"excerpt":{"rendered":"<p>Bei -11\u00b0C und Sonnenschein, sich auf sein Mountain-Bike schwingen und zu einer Runde aufbrechen. Ich habe es aber getan um zu sehen ob und wie es geht. Es war hart. Sehr hart, trotzdem ich alle w\u00e4rmenden Kleidungsst\u00fccke an hatte, welche mir zur Verf\u00fcgung standen &#8211; inkl. Sturmhaube unterm Helm, war es nach 20 Minuten trotzdem &hellip; <\/p>\n<p class=\"link-more\"><a href=\"https:\/\/blog.kunstgriff.net\/?p=581\" class=\"more-link\"><span class=\"screen-reader-text\">\u201eKann man, muss man aber nicht am 4. Advent machen:\u201c <\/span>weiterlesen<\/a><\/p>\n","protected":false},"author":2,"featured_media":0,"comment_status":"open","ping_status":"open","sticky":false,"template":"","format":"standard","meta":{"jetpack_post_was_ever_published":false,"_jetpack_newsletter_access":"","_jetpack_dont_email_post_to_subs":false,"_jetpack_newsletter_tier_id":0,"_jetpack_memberships_contains_paywalled_content":false,"_jetpack_memberships_contains_paid_content":false,"footnotes":""},"categories":[9,14],"tags":[],"class_list":["post-581","post","type-post","status-publish","format-standard","hentry","category-mtb","category-radfahren"],"jetpack_featured_media_url":"","jetpack_shortlink":"https:\/\/wp.me\/p8Cxe7-9n","jetpack-related-posts":[{"id":12670,"url":"https:\/\/blog.kunstgriff.net\/?p=12670","url_meta":{"origin":581,"position":0},"title":"Pankow- > Usedom 2015","author":"Georg","date":"Juni 6, 2015","format":false,"excerpt":"oder \u00bbVon der Gro\u00dfstadt an die K\u00fcste\u00abEin gef\u00fchlte Ewigkeit bin ich schon nicht mehr bei einem Tagesausflug an die Ostsee gefahren. In 2014 ist dieses herrliche Unternehmen ganz ausgefallen. So war ich sofort am Gr\u00fcbeln, als Alexander diese Tour anbot. Das allgemeine Interesse an der Tour war jedoch zuerst relativ\u2026","rel":"","context":"In &quot;Besonderes Ereignis&quot;","block_context":{"text":"Besonderes Ereignis","link":"https:\/\/blog.kunstgriff.net\/?cat=25"},"img":{"alt_text":"","src":"https:\/\/i0.wp.com\/blog.kunstgriff.net\/wp-content\/uploads\/2015\/06\/Baustelle-in-Liebenwalde.jpg?fit=1200%2C900&ssl=1&resize=350%2C200","width":350,"height":200,"srcset":"https:\/\/i0.wp.com\/blog.kunstgriff.net\/wp-content\/uploads\/2015\/06\/Baustelle-in-Liebenwalde.jpg?fit=1200%2C900&ssl=1&resize=350%2C200 1x, https:\/\/i0.wp.com\/blog.kunstgriff.net\/wp-content\/uploads\/2015\/06\/Baustelle-in-Liebenwalde.jpg?fit=1200%2C900&ssl=1&resize=525%2C300 1.5x, https:\/\/i0.wp.com\/blog.kunstgriff.net\/wp-content\/uploads\/2015\/06\/Baustelle-in-Liebenwalde.jpg?fit=1200%2C900&ssl=1&resize=700%2C400 2x, https:\/\/i0.wp.com\/blog.kunstgriff.net\/wp-content\/uploads\/2015\/06\/Baustelle-in-Liebenwalde.jpg?fit=1200%2C900&ssl=1&resize=1050%2C600 3x"},"classes":[]},{"id":8841,"url":"https:\/\/blog.kunstgriff.net\/?p=8841","url_meta":{"origin":581,"position":1},"title":"10. Frankenwald Radmarathon 2012","author":"Georg","date":"August 6, 2012","format":false,"excerpt":"oder \u00bbRennradvergn\u00fcgen mit Hindernissen\u00abIm West Wing schellten um 4:45 Uhr syncron zwei iPhones um uns aus den bequemen Betten zu scheuchen. Fast schon gewohnte Sonntags-Aufstehzeit f\u00fcr ambitionierte Rennradfahrer. Nun galt\u00a0der erste Blick dem Regenradar, welches eine breite Regenfront im Aufzug zeigte. Schlechte Laune stellte sich bei mir ein.\u00a0Trotzdem spulten wir\u00a0routiniert\u2026","rel":"","context":"In &quot;Besonderes Ereignis&quot;","block_context":{"text":"Besonderes Ereignis","link":"https:\/\/blog.kunstgriff.net\/?cat=25"},"img":{"alt_text":"","src":"https:\/\/i0.wp.com\/blog.kunstgriff.net\/wp-content\/uploads\/2012\/08\/einer-der-rasanten-Abfahrten.jpg?fit=1000%2C750&ssl=1&resize=350%2C200","width":350,"height":200,"srcset":"https:\/\/i0.wp.com\/blog.kunstgriff.net\/wp-content\/uploads\/2012\/08\/einer-der-rasanten-Abfahrten.jpg?fit=1000%2C750&ssl=1&resize=350%2C200 1x, https:\/\/i0.wp.com\/blog.kunstgriff.net\/wp-content\/uploads\/2012\/08\/einer-der-rasanten-Abfahrten.jpg?fit=1000%2C750&ssl=1&resize=525%2C300 1.5x, https:\/\/i0.wp.com\/blog.kunstgriff.net\/wp-content\/uploads\/2012\/08\/einer-der-rasanten-Abfahrten.jpg?fit=1000%2C750&ssl=1&resize=700%2C400 2x"},"classes":[]},{"id":7721,"url":"https:\/\/blog.kunstgriff.net\/?p=7721","url_meta":{"origin":581,"position":2},"title":"Oranienburg -> Warnem\u00fcnde","author":"Georg","date":"April 14, 2012","format":false,"excerpt":"oder \u00bbEinmal K\u00fcste und zur\u00fcck\u00ab Um 5:50 Uhr stieg ich mit Alexander und Christoph in den Regional Express, der uns nach Oranienburg bringen sollte. Im Zug begr\u00fc\u00dften uns schon Isabelle, Dirk und Uwe. Auch die Eisenschweine waren mit an Board; sie hatten heute allerdings die Strecke nach Usedom auf dem\u2026","rel":"","context":"In &quot;200er&quot;","block_context":{"text":"200er","link":"https:\/\/blog.kunstgriff.net\/?cat=48"},"img":{"alt_text":"","src":"https:\/\/i0.wp.com\/blog.kunstgriff.net\/wp-content\/uploads\/2012\/04\/6Uhr20-kurz-vor-dem-Start-in-Oranienburg.jpg?resize=350%2C200","width":350,"height":200,"srcset":"https:\/\/i0.wp.com\/blog.kunstgriff.net\/wp-content\/uploads\/2012\/04\/6Uhr20-kurz-vor-dem-Start-in-Oranienburg.jpg?resize=350%2C200 1x, https:\/\/i0.wp.com\/blog.kunstgriff.net\/wp-content\/uploads\/2012\/04\/6Uhr20-kurz-vor-dem-Start-in-Oranienburg.jpg?resize=525%2C300 1.5x, https:\/\/i0.wp.com\/blog.kunstgriff.net\/wp-content\/uploads\/2012\/04\/6Uhr20-kurz-vor-dem-Start-in-Oranienburg.jpg?resize=700%2C400 2x"},"classes":[]},{"id":12172,"url":"https:\/\/blog.kunstgriff.net\/?p=12172","url_meta":{"origin":581,"position":3},"title":"Korsika 2014 &#8211; Tag 1","author":"Georg","date":"Oktober 8, 2014","format":false,"excerpt":"oder \u00bbUm den Daumen rum\u00ab Welche Tour am ersten Tag hier, auf der mir unbekannten Insel, fahren? Durch einen sch\u00f6nen Artikel in der Tour lie\u00df ich mich schon ein wenig inspirieren und plante dann mit der kostenlosen Garmin Software BaseCamp die Runde. Knapp 160 km und die H\u00f6henmeter waren nicht\u2026","rel":"","context":"In &quot;Radfahren&quot;","block_context":{"text":"Radfahren","link":"https:\/\/blog.kunstgriff.net\/?cat=14"},"img":{"alt_text":"","src":"https:\/\/i0.wp.com\/blog.kunstgriff.net\/wp-content\/uploads\/2014\/10\/Klasse-Wegesf%C3%BChrung.jpg?fit=1200%2C900&ssl=1&resize=350%2C200","width":350,"height":200,"srcset":"https:\/\/i0.wp.com\/blog.kunstgriff.net\/wp-content\/uploads\/2014\/10\/Klasse-Wegesf%C3%BChrung.jpg?fit=1200%2C900&ssl=1&resize=350%2C200 1x, https:\/\/i0.wp.com\/blog.kunstgriff.net\/wp-content\/uploads\/2014\/10\/Klasse-Wegesf%C3%BChrung.jpg?fit=1200%2C900&ssl=1&resize=525%2C300 1.5x, https:\/\/i0.wp.com\/blog.kunstgriff.net\/wp-content\/uploads\/2014\/10\/Klasse-Wegesf%C3%BChrung.jpg?fit=1200%2C900&ssl=1&resize=700%2C400 2x, https:\/\/i0.wp.com\/blog.kunstgriff.net\/wp-content\/uploads\/2014\/10\/Klasse-Wegesf%C3%BChrung.jpg?fit=1200%2C900&ssl=1&resize=1050%2C600 3x"},"classes":[]},{"id":19430,"url":"https:\/\/blog.kunstgriff.net\/?p=19430","url_meta":{"origin":581,"position":4},"title":"An Himmelfahrt nach Blankensee","author":"Georg","date":"Mai 30, 2019","format":false,"excerpt":"Mit Herbert \u2019nen Kuchenhunni abgerissen Eigentlich bin ich zu dieser Zeit ja immer in Tschechien mit der ITF unterwegs. Aufgrund von Termin-\u00dcberlappungen ging dies in 2019 nicht. Die Merseburg RTF wollte ich aufgrund der weiten Anreise auch nicht mitfahren, also blieb nur eine Runde ohne Gruppe. Herbert meldete sich am\u2026","rel":"","context":"In &quot;Cake-Ride&quot;","block_context":{"text":"Cake-Ride","link":"https:\/\/blog.kunstgriff.net\/?cat=34"},"img":{"alt_text":"Auf dem Weg nach Dobrikow","src":"https:\/\/i0.wp.com\/blog.kunstgriff.net\/wp-content\/uploads\/2019\/05\/Auf-dem-Weg-nach-Dobrikow.jpg?fit=1200%2C800&ssl=1&resize=350%2C200","width":350,"height":200,"srcset":"https:\/\/i0.wp.com\/blog.kunstgriff.net\/wp-content\/uploads\/2019\/05\/Auf-dem-Weg-nach-Dobrikow.jpg?fit=1200%2C800&ssl=1&resize=350%2C200 1x, https:\/\/i0.wp.com\/blog.kunstgriff.net\/wp-content\/uploads\/2019\/05\/Auf-dem-Weg-nach-Dobrikow.jpg?fit=1200%2C800&ssl=1&resize=525%2C300 1.5x, https:\/\/i0.wp.com\/blog.kunstgriff.net\/wp-content\/uploads\/2019\/05\/Auf-dem-Weg-nach-Dobrikow.jpg?fit=1200%2C800&ssl=1&resize=700%2C400 2x, https:\/\/i0.wp.com\/blog.kunstgriff.net\/wp-content\/uploads\/2019\/05\/Auf-dem-Weg-nach-Dobrikow.jpg?fit=1200%2C800&ssl=1&resize=1050%2C600 3x"},"classes":[]},{"id":11781,"url":"https:\/\/blog.kunstgriff.net\/?p=11781","url_meta":{"origin":581,"position":5},"title":"Nationalparkrunde","author":"Georg","date":"Mai 2, 2014","format":false,"excerpt":"oder \u00bbAdventsausfahrt im Mai\u00abWir wussten gestern Abend schon, dass das Wetter nicht sch\u00f6ner werden w\u00fcrde. Als wir heute Morgen die Rennradschuhe vor die T\u00fcr bewegten, wurde mir schlagartig klar, dass das heute keine Sonnenrunde werden w\u00fcrde. Auch die Temperaturen waren fast 10\u00b0C unter dem, was und Petrus gestern zu bieten\u2026","rel":"","context":"In &quot;Radfahren&quot;","block_context":{"text":"Radfahren","link":"https:\/\/blog.kunstgriff.net\/?cat=14"},"img":{"alt_text":"","src":"https:\/\/i0.wp.com\/blog.kunstgriff.net\/wp-content\/uploads\/2014\/05\/Abfahrt.jpg?fit=1200%2C900&ssl=1&resize=350%2C200","width":350,"height":200,"srcset":"https:\/\/i0.wp.com\/blog.kunstgriff.net\/wp-content\/uploads\/2014\/05\/Abfahrt.jpg?fit=1200%2C900&ssl=1&resize=350%2C200 1x, https:\/\/i0.wp.com\/blog.kunstgriff.net\/wp-content\/uploads\/2014\/05\/Abfahrt.jpg?fit=1200%2C900&ssl=1&resize=525%2C300 1.5x, https:\/\/i0.wp.com\/blog.kunstgriff.net\/wp-content\/uploads\/2014\/05\/Abfahrt.jpg?fit=1200%2C900&ssl=1&resize=700%2C400 2x, https:\/\/i0.wp.com\/blog.kunstgriff.net\/wp-content\/uploads\/2014\/05\/Abfahrt.jpg?fit=1200%2C900&ssl=1&resize=1050%2C600 3x"},"classes":[]}],"jetpack_likes_enabled":true,"jetpack_sharing_enabled":true,"_links":{"self":[{"href":"https:\/\/blog.kunstgriff.net\/index.php?rest_route=\/wp\/v2\/posts\/581","targetHints":{"allow":["GET"]}}],"collection":[{"href":"https:\/\/blog.kunstgriff.net\/index.php?rest_route=\/wp\/v2\/posts"}],"about":[{"href":"https:\/\/blog.kunstgriff.net\/index.php?rest_route=\/wp\/v2\/types\/post"}],"author":[{"embeddable":true,"href":"https:\/\/blog.kunstgriff.net\/index.php?rest_route=\/wp\/v2\/users\/2"}],"replies":[{"embeddable":true,"href":"https:\/\/blog.kunstgriff.net\/index.php?rest_route=%2Fwp%2Fv2%2Fcomments&post=581"}],"version-history":[{"count":0,"href":"https:\/\/blog.kunstgriff.net\/index.php?rest_route=\/wp\/v2\/posts\/581\/revisions"}],"wp:attachment":[{"href":"https:\/\/blog.kunstgriff.net\/index.php?rest_route=%2Fwp%2Fv2%2Fmedia&parent=581"}],"wp:term":[{"taxonomy":"category","embeddable":true,"href":"https:\/\/blog.kunstgriff.net\/index.php?rest_route=%2Fwp%2Fv2%2Fcategories&post=581"},{"taxonomy":"post_tag","embeddable":true,"href":"https:\/\/blog.kunstgriff.net\/index.php?rest_route=%2Fwp%2Fv2%2Ftags&post=581"}],"curies":[{"name":"wp","href":"https:\/\/api.w.org\/{rel}","templated":true}]}}