{"id":5954,"date":"2011-09-19T18:48:33","date_gmt":"2011-09-19T16:48:33","guid":{"rendered":"http:\/\/blog.kunstgriff.net\/?p=5954"},"modified":"2016-08-31T12:51:27","modified_gmt":"2016-08-31T10:51:27","slug":"nordrunde-uber-kremmen-reloaded","status":"publish","type":"post","link":"https:\/\/blog.kunstgriff.net\/?p=5954","title":{"rendered":"Nordrunde \u00fcber Kremmen reloaded"},"content":{"rendered":"<span class=\"span-reading-time rt-reading-time\" style=\"display: block;\"><span class=\"rt-label rt-prefix\">Lesezeit: <\/span> <span class=\"rt-time\"> 2<\/span> <span class=\"rt-label rt-postfix\">Minuten<\/span><\/span><h4>oder \u00bbSchon wieder neue PBZ!?\u00ab<\/h4>\n<hr \/>\n<p>Der, durch den Dauerregen gestern bedingte, Ruhetag hat mir gut getan. Heute schien die Sonne und es war angenehm warm. Zwar nicht warm genug f\u00fcr kurze Radbuxen aber immerhin w\u00fcrde ich in den Intermediate-Klamotten nicht zu frieren anfangen. Also nix wie raus aufs Rad!<\/p>\n<p>Die <em>Leise Brise<\/em> (2 Bft) half mir ein wenig hoch nach Germendorf, aber auch die Beine f\u00fchlte sich super an und waren ohne Zwacken oder gar Schmerzen bereit Druck auf die Pedale zu bringen. Ob das wieder die sagenumwobene Superkompensation ist, die mir heute<em> Beine machte<\/em>?<\/p>\n<p><em><a href=\"http:\/\/trainingstagebuch.org\/routes\/show\/28409\"><img data-recalc-dims=\"1\" loading=\"lazy\" decoding=\"async\" data-attachment-id=\"5961\" data-permalink=\"https:\/\/blog.kunstgriff.net\/?attachment_id=5961\" data-orig-file=\"https:\/\/i0.wp.com\/blog.kunstgriff.net\/wp-content\/uploads\/2011\/09\/NeuePBZ.png?fit=232%2C136&amp;ssl=1\" data-orig-size=\"232,136\" data-comments-opened=\"1\" data-image-meta=\"{&quot;aperture&quot;:&quot;0&quot;,&quot;credit&quot;:&quot;&quot;,&quot;camera&quot;:&quot;&quot;,&quot;caption&quot;:&quot;&quot;,&quot;created_timestamp&quot;:&quot;0&quot;,&quot;copyright&quot;:&quot;&quot;,&quot;focal_length&quot;:&quot;0&quot;,&quot;iso&quot;:&quot;0&quot;,&quot;shutter_speed&quot;:&quot;0&quot;,&quot;title&quot;:&quot;&quot;}\" data-image-title=\"NeuePBZ\" data-image-description=\"\" data-image-caption=\"\" data-large-file=\"https:\/\/i0.wp.com\/blog.kunstgriff.net\/wp-content\/uploads\/2011\/09\/NeuePBZ.png?fit=232%2C136&amp;ssl=1\" class=\"alignright size-full wp-image-5961\" title=\"NeuePBZ\" src=\"https:\/\/i0.wp.com\/blog.kunstgriff.net\/wp-content\/uploads\/2011\/09\/NeuePBZ.png?resize=232%2C136\" alt=\"\" width=\"232\" height=\"136\" \/><\/a>Whatever<\/em>, Spass machte es zu fahren und darum geht es mir ja haupts\u00e4chlich. Wenn dann noch eine gute Zeit dabei heraus kommt: Um so besser. Und die kam heute wieder heraus. Trotz eines kurzen Schnacks mit den Stra\u00dfenarbeitern, die zwischen Paaren und Bredow neuen Asphalt gossen, war es mir m\u00f6glich immer ein wenig die Nase vor meinem Virtuellen Partner zu haben und ihm am Ende dann 44 Sekunden auf meine <a href=\"http:\/\/blog.kunstgriff.net\/?p=5510 \" target=\"_blank\">alte Bestzeit vom 6. August 2011<\/a> abzunehmen.<em> I like!<\/em><\/p>\n<p style=\"text-align: center;\"><em><a href=\"https:\/\/i0.wp.com\/blog.kunstgriff.net\/wp-content\/uploads\/2011\/09\/Immer-sch%C3%B6n-auf-den-Weg-achten.jpg\"><img data-recalc-dims=\"1\" loading=\"lazy\" decoding=\"async\" data-attachment-id=\"5960\" data-permalink=\"https:\/\/blog.kunstgriff.net\/?attachment_id=5960\" data-orig-file=\"https:\/\/i0.wp.com\/blog.kunstgriff.net\/wp-content\/uploads\/2011\/09\/Immer-sch%C3%B6n-auf-den-Weg-achten.jpg?fit=900%2C675&amp;ssl=1\" data-orig-size=\"900,675\" data-comments-opened=\"1\" data-image-meta=\"{&quot;aperture&quot;:&quot;2.8&quot;,&quot;credit&quot;:&quot;&quot;,&quot;camera&quot;:&quot;Canon DIGITAL IXUS 870 IS&quot;,&quot;caption&quot;:&quot;&quot;,&quot;created_timestamp&quot;:&quot;1316439110&quot;,&quot;copyright&quot;:&quot;&quot;,&quot;focal_length&quot;:&quot;5&quot;,&quot;iso&quot;:&quot;80&quot;,&quot;shutter_speed&quot;:&quot;0.0015625&quot;,&quot;title&quot;:&quot;&quot;}\" data-image-title=\"Immer sch\u00f6n auf den Weg achten\" data-image-description=\"\" data-image-caption=\"\" data-large-file=\"https:\/\/i0.wp.com\/blog.kunstgriff.net\/wp-content\/uploads\/2011\/09\/Immer-sch%C3%B6n-auf-den-Weg-achten.jpg?fit=900%2C675&amp;ssl=1\" class=\"aligncenter wp-image-5960 size-full\" title=\"Immer sch\u00f6n auf den Weg achten\" src=\"https:\/\/i0.wp.com\/blog.kunstgriff.net\/wp-content\/uploads\/2011\/09\/Immer-sch%C3%B6n-auf-den-Weg-achten.jpg?resize=525%2C394\" width=\"525\" height=\"394\" srcset=\"https:\/\/i0.wp.com\/blog.kunstgriff.net\/wp-content\/uploads\/2011\/09\/Immer-sch%C3%B6n-auf-den-Weg-achten.jpg?w=900&amp;ssl=1 900w, https:\/\/i0.wp.com\/blog.kunstgriff.net\/wp-content\/uploads\/2011\/09\/Immer-sch%C3%B6n-auf-den-Weg-achten.jpg?resize=300%2C225&amp;ssl=1 300w\" sizes=\"auto, (max-width: 767px) 89vw, (max-width: 1000px) 54vw, (max-width: 1071px) 543px, 580px\" \/><\/a><\/em><\/p>\n<p style=\"text-align: center;\"><em><a href=\"https:\/\/i0.wp.com\/blog.kunstgriff.net\/wp-content\/uploads\/2011\/09\/Was-f%C3%BCr-ein-herrlicher-Tag-zum-Radfahren.jpg\"><img data-recalc-dims=\"1\" loading=\"lazy\" decoding=\"async\" data-attachment-id=\"5962\" data-permalink=\"https:\/\/blog.kunstgriff.net\/?attachment_id=5962\" data-orig-file=\"https:\/\/i0.wp.com\/blog.kunstgriff.net\/wp-content\/uploads\/2011\/09\/Was-f%C3%BCr-ein-herrlicher-Tag-zum-Radfahren.jpg?fit=900%2C675&amp;ssl=1\" data-orig-size=\"900,675\" data-comments-opened=\"1\" data-image-meta=\"{&quot;aperture&quot;:&quot;5.6&quot;,&quot;credit&quot;:&quot;&quot;,&quot;camera&quot;:&quot;Canon DIGITAL IXUS 870 IS&quot;,&quot;caption&quot;:&quot;&quot;,&quot;created_timestamp&quot;:&quot;1316442273&quot;,&quot;copyright&quot;:&quot;&quot;,&quot;focal_length&quot;:&quot;5&quot;,&quot;iso&quot;:&quot;80&quot;,&quot;shutter_speed&quot;:&quot;0.0008&quot;,&quot;title&quot;:&quot;&quot;}\" data-image-title=\"Was f\u00fcr ein herrlicher Tag zum Radfahren\" data-image-description=\"\" data-image-caption=\"\" data-large-file=\"https:\/\/i0.wp.com\/blog.kunstgriff.net\/wp-content\/uploads\/2011\/09\/Was-f%C3%BCr-ein-herrlicher-Tag-zum-Radfahren.jpg?fit=900%2C675&amp;ssl=1\" class=\"aligncenter size-full wp-image-5962\" title=\"Was f\u00fcr ein herrlicher Tag zum Radfahren\" src=\"https:\/\/i0.wp.com\/blog.kunstgriff.net\/wp-content\/uploads\/2011\/09\/Was-f%C3%BCr-ein-herrlicher-Tag-zum-Radfahren.jpg?resize=525%2C394\" alt=\"\" width=\"525\" height=\"394\" srcset=\"https:\/\/i0.wp.com\/blog.kunstgriff.net\/wp-content\/uploads\/2011\/09\/Was-f%C3%BCr-ein-herrlicher-Tag-zum-Radfahren.jpg?w=900&amp;ssl=1 900w, https:\/\/i0.wp.com\/blog.kunstgriff.net\/wp-content\/uploads\/2011\/09\/Was-f%C3%BCr-ein-herrlicher-Tag-zum-Radfahren.jpg?resize=300%2C225&amp;ssl=1 300w\" sizes=\"auto, (max-width: 525px) 100vw, 525px\" \/><\/a><br \/>\n<\/em><\/p>\n<p><iframe height='405' width='590' frameborder='0' allowtransparency='true' scrolling='no' src='https:\/\/www.strava.com\/activities\/13532896\/embed\/3c2dbf02eecb8ea8f9b50892f8f5b8cd4f9711b9'><\/iframe><\/p>\n","protected":false},"excerpt":{"rendered":"<p>oder \u00bbSchon wieder neue PBZ!?\u00ab Der, durch den Dauerregen gestern bedingte, Ruhetag hat mir gut getan. Heute schien die Sonne und es war angenehm warm. Zwar nicht warm genug f\u00fcr kurze Radbuxen aber immerhin w\u00fcrde ich in den Intermediate-Klamotten nicht zu frieren anfangen. Also nix wie raus aufs Rad! Die Leise Brise (2 Bft) half &hellip; <\/p>\n<p class=\"link-more\"><a href=\"https:\/\/blog.kunstgriff.net\/?p=5954\" class=\"more-link\"><span class=\"screen-reader-text\">\u201eNordrunde \u00fcber Kremmen reloaded\u201c <\/span>weiterlesen<\/a><\/p>\n","protected":false},"author":2,"featured_media":0,"comment_status":"open","ping_status":"open","sticky":false,"template":"","format":"standard","meta":{"jetpack_post_was_ever_published":false,"_jetpack_newsletter_access":"","_jetpack_dont_email_post_to_subs":false,"_jetpack_newsletter_tier_id":0,"_jetpack_memberships_contains_paywalled_content":false,"_jetpack_memberships_contains_paid_content":false,"footnotes":""},"categories":[14,7],"tags":[],"class_list":["post-5954","post","type-post","status-publish","format-standard","hentry","category-radfahren","category-rennradfahren"],"jetpack_featured_media_url":"","jetpack_shortlink":"https:\/\/wp.me\/p8Cxe7-1y2","jetpack-related-posts":[{"id":5479,"url":"https:\/\/blog.kunstgriff.net\/?p=5479","url_meta":{"origin":5954,"position":0},"title":"Erweiterte Schwielowsee-Feierabendrunde","author":"Georg","date":"August 2, 2011","format":false,"excerpt":"oder \u00bbHeute mal Fettverbrennung\u00ab Dienstags ging es in den letzten beiden Wochen mit den Havellandriders \u00fcber die 8-Br\u00fccken-Tour. Mir war heute aber nach \u00bballeine fahren\u00ab und so probierte ich eine neue Streckenkombination aus. Alles bekannte Wege aber in der Konstellation noch nicht von mir gefahren. Auch praktisch da so keine\u2026","rel":"","context":"In &quot;Radfahren&quot;","block_context":{"text":"Radfahren","link":"https:\/\/blog.kunstgriff.net\/?cat=14"},"img":{"alt_text":"","src":"https:\/\/i0.wp.com\/blog.kunstgriff.net\/wp-content\/uploads\/2011\/08\/ich-liebe-den-Wald-den-Belag-weniger.jpg?resize=350%2C200","width":350,"height":200,"srcset":"https:\/\/i0.wp.com\/blog.kunstgriff.net\/wp-content\/uploads\/2011\/08\/ich-liebe-den-Wald-den-Belag-weniger.jpg?resize=350%2C200 1x, https:\/\/i0.wp.com\/blog.kunstgriff.net\/wp-content\/uploads\/2011\/08\/ich-liebe-den-Wald-den-Belag-weniger.jpg?resize=525%2C300 1.5x, https:\/\/i0.wp.com\/blog.kunstgriff.net\/wp-content\/uploads\/2011\/08\/ich-liebe-den-Wald-den-Belag-weniger.jpg?resize=700%2C400 2x"},"classes":[]},{"id":5284,"url":"https:\/\/blog.kunstgriff.net\/?p=5284","url_meta":{"origin":5954,"position":1},"title":"Kurze Nordrunde \u00fcber Kremmen","author":"Georg","date":"Juli 18, 2011","format":false,"excerpt":"oder \u00bbPBZ pulverisiert\u00abZum Feierabend war ich unentschlossen, ob ich heute fahren sollte. Zum Einen f\u00fchlten sich die Beine nach der Laufeinheit gestern doch noch ein wenig m\u00fcde an, zum Anderen waren einige Regenfelder laut Regenradar im Anmarsch. Davon war aber nichts zu sehen und irgendwie\u00a0waren w\u00e4ren mir ein paar Tropfen\u2026","rel":"","context":"In &quot;Radfahren&quot;","block_context":{"text":"Radfahren","link":"https:\/\/blog.kunstgriff.net\/?cat=14"},"img":{"alt_text":"","src":"https:\/\/i0.wp.com\/blog.kunstgriff.net\/wp-content\/uploads\/2011\/07\/gewonnen1.png?resize=350%2C200","width":350,"height":200},"classes":[]},{"id":4552,"url":"https:\/\/blog.kunstgriff.net\/?p=4552","url_meta":{"origin":5954,"position":2},"title":"Tiergarten-Morgenlauf mit Papa #17","author":"Georg","date":"Mai 11, 2011","format":false,"excerpt":"oder \u00bbWenig Spass & Sonnenschein\u00abNach der Radeinheit gestern fiel es mir heute sehr schwer in einen runden Tritt zu kommen. Ich \u00a0merkte schon auf den ersten Metern das die Beine schmerzten und sich gegen den Lauf wehrten. Dementsprechend ged\u00e4mpft war meine Laune. Der Tag erwachte mit einer herrlichen blauen Stunde,\u2026","rel":"","context":"In &quot;Fr\u00fchsport&quot;","block_context":{"text":"Fr\u00fchsport","link":"https:\/\/blog.kunstgriff.net\/?cat=16"},"img":{"alt_text":"","src":"","width":0,"height":0},"classes":[]},{"id":11167,"url":"https:\/\/blog.kunstgriff.net\/?p=11167","url_meta":{"origin":5954,"position":3},"title":"ErgoPlanet-Freiolsheimer","author":"Georg","date":"Dezember 22, 2013","format":false,"excerpt":"oder \u00bbFreiluft-Alternativ-Training\u00abDer Wetterbericht versprach eigentlich trockene Strassen und H\u00f6chsttemperaturen um die 10\u00b0C. Ideale Vorraussetzungen um mal wieder auf schmalen Reifen das Berliner Umland zu erkunden. Petrus machte mir jedoch einen Strich durch die Rechnung und lie\u00df es in den Morgenstunden kr\u00e4ftig sch\u00fctten. Sehr schade, denn nun musste wieder der Ergometer\u2026","rel":"","context":"In &quot;Ergometer Training&quot;","block_context":{"text":"Ergometer Training","link":"https:\/\/blog.kunstgriff.net\/?cat=15"},"img":{"alt_text":"","src":"","width":0,"height":0},"classes":[]},{"id":9828,"url":"https:\/\/blog.kunstgriff.net\/?p=9828","url_meta":{"origin":5954,"position":4},"title":"Mallorca Trainingscamp 2013 &#8211; Tag 1 &#8211; Orient &#038; Kloster Luc","author":"Georg","date":"M\u00e4rz 10, 2013","format":false,"excerpt":"oder \u00bbSch\u00f6n, wieder hier zu sein.\u00ab Jetzt bin ich wieder hier - auf meiner Rennrad-Insel. Im vierten Jahr, im gleichen Resort mit \u00e4hnlicher Besetzung. Aber diesmal wird alles anders?! Aber was? Der Spass? Das Lachen, das gemeinsame Schwitzen und Leiden die steilen Rampen hinauf? Genau deshalb bin ich in diesem\u2026","rel":"","context":"In &quot;Radreise&quot;","block_context":{"text":"Radreise","link":"https:\/\/blog.kunstgriff.net\/?cat=13"},"img":{"alt_text":"","src":"https:\/\/i0.wp.com\/blog.kunstgriff.net\/wp-content\/uploads\/2013\/03\/IMG_4657.jpg?resize=350%2C200","width":350,"height":200,"srcset":"https:\/\/i0.wp.com\/blog.kunstgriff.net\/wp-content\/uploads\/2013\/03\/IMG_4657.jpg?resize=350%2C200 1x, https:\/\/i0.wp.com\/blog.kunstgriff.net\/wp-content\/uploads\/2013\/03\/IMG_4657.jpg?resize=525%2C300 1.5x, https:\/\/i0.wp.com\/blog.kunstgriff.net\/wp-content\/uploads\/2013\/03\/IMG_4657.jpg?resize=700%2C400 2x"},"classes":[]},{"id":14056,"url":"https:\/\/blog.kunstgriff.net\/?p=14056","url_meta":{"origin":5954,"position":5},"title":"10-Uhr-Gruppe nach Ferch","author":"Georg","date":"August 6, 2016","format":false,"excerpt":"oder \u00bbLeider nicht mehr mein Niveau\u00ab Die halbe Rennrad-Fahr-Fraktion war in weit entfernten Bundesl\u00e4nder unterwegs und deshalb musste heute mal wieder die alt-bew\u00e4hrte 10-Uhr-Gruppe herhalten, um in den Genuss einer Gruppenausfahrt zu kommen. So war zumindest der Plan. Auch Uwe hatte sich zum Tunnel verirrt, die Sonne schien und alles\u2026","rel":"","context":"In &quot;Radfahren&quot;","block_context":{"text":"Radfahren","link":"https:\/\/blog.kunstgriff.net\/?cat=14"},"img":{"alt_text":"","src":"https:\/\/i0.wp.com\/blog.kunstgriff.net\/wp-content\/uploads\/2016\/08\/P8060001.jpg?fit=1200%2C800&ssl=1&resize=350%2C200","width":350,"height":200,"srcset":"https:\/\/i0.wp.com\/blog.kunstgriff.net\/wp-content\/uploads\/2016\/08\/P8060001.jpg?fit=1200%2C800&ssl=1&resize=350%2C200 1x, https:\/\/i0.wp.com\/blog.kunstgriff.net\/wp-content\/uploads\/2016\/08\/P8060001.jpg?fit=1200%2C800&ssl=1&resize=525%2C300 1.5x, https:\/\/i0.wp.com\/blog.kunstgriff.net\/wp-content\/uploads\/2016\/08\/P8060001.jpg?fit=1200%2C800&ssl=1&resize=700%2C400 2x, https:\/\/i0.wp.com\/blog.kunstgriff.net\/wp-content\/uploads\/2016\/08\/P8060001.jpg?fit=1200%2C800&ssl=1&resize=1050%2C600 3x"},"classes":[]}],"jetpack_likes_enabled":true,"jetpack_sharing_enabled":true,"_links":{"self":[{"href":"https:\/\/blog.kunstgriff.net\/index.php?rest_route=\/wp\/v2\/posts\/5954","targetHints":{"allow":["GET"]}}],"collection":[{"href":"https:\/\/blog.kunstgriff.net\/index.php?rest_route=\/wp\/v2\/posts"}],"about":[{"href":"https:\/\/blog.kunstgriff.net\/index.php?rest_route=\/wp\/v2\/types\/post"}],"author":[{"embeddable":true,"href":"https:\/\/blog.kunstgriff.net\/index.php?rest_route=\/wp\/v2\/users\/2"}],"replies":[{"embeddable":true,"href":"https:\/\/blog.kunstgriff.net\/index.php?rest_route=%2Fwp%2Fv2%2Fcomments&post=5954"}],"version-history":[{"count":0,"href":"https:\/\/blog.kunstgriff.net\/index.php?rest_route=\/wp\/v2\/posts\/5954\/revisions"}],"wp:attachment":[{"href":"https:\/\/blog.kunstgriff.net\/index.php?rest_route=%2Fwp%2Fv2%2Fmedia&parent=5954"}],"wp:term":[{"taxonomy":"category","embeddable":true,"href":"https:\/\/blog.kunstgriff.net\/index.php?rest_route=%2Fwp%2Fv2%2Fcategories&post=5954"},{"taxonomy":"post_tag","embeddable":true,"href":"https:\/\/blog.kunstgriff.net\/index.php?rest_route=%2Fwp%2Fv2%2Ftags&post=5954"}],"curies":[{"name":"wp","href":"https:\/\/api.w.org\/{rel}","templated":true}]}}