{"id":6207,"date":"2011-10-08T14:10:46","date_gmt":"2011-10-08T12:10:46","guid":{"rendered":"http:\/\/blog.kunstgriff.net\/?p=6207"},"modified":"2016-08-31T12:29:01","modified_gmt":"2016-08-31T10:29:01","slug":"%c2%bbearly-bird%c2%ab-samstags-runde","status":"publish","type":"post","link":"https:\/\/blog.kunstgriff.net\/?p=6207","title":{"rendered":"\u00bbEarly-bird\u00ab-Samstags-Runde"},"content":{"rendered":"<span class=\"span-reading-time rt-reading-time\" style=\"display: block;\"><span class=\"rt-label rt-prefix\">Lesezeit: <\/span> <span class=\"rt-time\"> &lt; 1<\/span> <span class=\"rt-label rt-postfix\">Minute<\/span><\/span><h4>oder \u00bbZu viert zum B\u00e4cker nach Blankensee\u00ab<\/h4>\n<hr \/>\n<p>Das Tourenangebot war heute recht \u00fcberschaubar. Niels bot eine sch\u00f6ne Runde um 8.30 Uhr in den S\u00fcden, in den <a href=\"http:\/\/de.wikipedia.org\/w\/index.php?title=Datei:Landkreise_Brandenburg.svg&amp;filetimestamp=20090223152204\" target=\"_blank\">Landkreis Teltow-Fl\u00e4ming<\/a> an. Eine Einkehr beim B\u00e4cker in Blankensee war auch vorgesehen. Genau das Richtige f\u00fcr mich an einem Herbst-Samstag-Vormittag.<\/p>\n<p>Um 9 Uhr traf ich auf Niels und Daphne, die noch Sven im Gep\u00e4ck hatten. Nach kurzer Begr\u00fc\u00dfung ging es auch schon recht flott den <a href=\"Kronprinzessinnenweg\" target=\"_blank\">Kronprinzessinnenweg<\/a> stadtausw\u00e4rts. Auf dem Weg nach Saarmund machten uns heute weniger die Autofahrer zu schaffen, als der wirklich garstige Westwind. Beschweren wollte ich mich aber \u00fcber diesen, zu dieser Jahreszeit recht \u00fcblichen, Westwind auch nicht, denn am kommenden Samstag kann er uns helfen, von Hamburg zur\u00fcck nach Berlin zu kommen.<\/p>\n<p>Nach knapp der H\u00e4lfte der Strecke, bei Kilometer\u00a050,\u00a0erreichten wir den B\u00e4cker in Blankensee, und genossen Kaffee und Kuchen in der Sonne im Innenhof. Nach ausgiebigen Kettengespr\u00e4chen ging es nun, mit ordentlich R\u00fcckenwind, nach Trebbin und dann gemeinsam Richtung Nord-Ost, nach Blankenfelde, wo sich unsere Wege trennten. Ich fuhr weiter Richtung Westen, gegen den Wind, \u00fcber Zehlendorf nach Hause. Niels, Daphne und Sven, weiter Richtung Nord-Osten.<\/p>\n<p><strong><em>Fazit:<\/em><\/strong> Eine sch\u00f6ne Tour, bei recht frischen herbstlichen Temperaturen (\u00d8 8,8\u00b0C). Meine Zehen waren oft sehr kalt und ich musste ordentlich Kurbeln, um warm zu bleiben. Dank der netten Mitfahrer kam aber nie Langeweile auf. <em>Gerne wieder!<\/em><\/p>\n<p style=\"text-align: center;\"><em><a href=\"https:\/\/i0.wp.com\/blog.kunstgriff.net\/wp-content\/uploads\/2011\/10\/Treffpunkt-Auerbachtunnel.jpg\"><img data-recalc-dims=\"1\" loading=\"lazy\" decoding=\"async\" data-attachment-id=\"6211\" data-permalink=\"https:\/\/blog.kunstgriff.net\/?attachment_id=6211\" data-orig-file=\"https:\/\/i0.wp.com\/blog.kunstgriff.net\/wp-content\/uploads\/2011\/10\/Treffpunkt-Auerbachtunnel.jpg?fit=900%2C675&amp;ssl=1\" data-orig-size=\"900,675\" data-comments-opened=\"1\" data-image-meta=\"{&quot;aperture&quot;:&quot;2.8&quot;,&quot;credit&quot;:&quot;&quot;,&quot;camera&quot;:&quot;Canon DIGITAL IXUS 870 IS&quot;,&quot;caption&quot;:&quot;&quot;,&quot;created_timestamp&quot;:&quot;1318057371&quot;,&quot;copyright&quot;:&quot;&quot;,&quot;focal_length&quot;:&quot;5&quot;,&quot;iso&quot;:&quot;125&quot;,&quot;shutter_speed&quot;:&quot;0.002&quot;,&quot;title&quot;:&quot;&quot;}\" data-image-title=\"Treffpunkt Auerbachtunnel\" data-image-description=\"\" data-image-caption=\"\" data-large-file=\"https:\/\/i0.wp.com\/blog.kunstgriff.net\/wp-content\/uploads\/2011\/10\/Treffpunkt-Auerbachtunnel.jpg?fit=900%2C675&amp;ssl=1\" class=\"aligncenter wp-image-6211 size-full\" title=\"Treffpunkt Auerbachtunnel\" src=\"https:\/\/i0.wp.com\/blog.kunstgriff.net\/wp-content\/uploads\/2011\/10\/Treffpunkt-Auerbachtunnel.jpg?resize=525%2C394\" width=\"525\" height=\"394\" srcset=\"https:\/\/i0.wp.com\/blog.kunstgriff.net\/wp-content\/uploads\/2011\/10\/Treffpunkt-Auerbachtunnel.jpg?w=900&amp;ssl=1 900w, https:\/\/i0.wp.com\/blog.kunstgriff.net\/wp-content\/uploads\/2011\/10\/Treffpunkt-Auerbachtunnel.jpg?resize=300%2C225&amp;ssl=1 300w\" sizes=\"auto, (max-width: 767px) 89vw, (max-width: 1000px) 54vw, (max-width: 1071px) 543px, 580px\" \/><\/a><br \/>\n<iframe height='405' width='590' frameborder='0' allowtransparency='true' scrolling='no' src='https:\/\/www.strava.com\/activities\/13532961\/embed\/02c85b38d5caab0578d5039992d43921d030b4c8'><\/iframe><\/em><\/p>\n","protected":false},"excerpt":{"rendered":"<p>oder \u00bbZu viert zum B\u00e4cker nach Blankensee\u00ab Das Tourenangebot war heute recht \u00fcberschaubar. Niels bot eine sch\u00f6ne Runde um 8.30 Uhr in den S\u00fcden, in den Landkreis Teltow-Fl\u00e4ming an. Eine Einkehr beim B\u00e4cker in Blankensee war auch vorgesehen. Genau das Richtige f\u00fcr mich an einem Herbst-Samstag-Vormittag. Um 9 Uhr traf ich auf Niels und Daphne, &hellip; <\/p>\n<p class=\"link-more\"><a href=\"https:\/\/blog.kunstgriff.net\/?p=6207\" class=\"more-link\"><span class=\"screen-reader-text\">\u201e\u00bbEarly-bird\u00ab-Samstags-Runde\u201c <\/span>weiterlesen<\/a><\/p>\n","protected":false},"author":2,"featured_media":0,"comment_status":"open","ping_status":"open","sticky":false,"template":"","format":"standard","meta":{"jetpack_post_was_ever_published":false,"_jetpack_newsletter_access":"","_jetpack_dont_email_post_to_subs":false,"_jetpack_newsletter_tier_id":0,"_jetpack_memberships_contains_paywalled_content":false,"_jetpack_memberships_contains_paid_content":false,"footnotes":""},"categories":[14,7],"tags":[],"class_list":["post-6207","post","type-post","status-publish","format-standard","hentry","category-radfahren","category-rennradfahren"],"jetpack_featured_media_url":"","jetpack_shortlink":"https:\/\/wp.me\/p8Cxe7-1C7","jetpack-related-posts":[{"id":12730,"url":"https:\/\/blog.kunstgriff.net\/?p=12730","url_meta":{"origin":6207,"position":0},"title":"Blankensee-Runde","author":"Georg","date":"August 1, 2015","format":false,"excerpt":"oder \u00bbHunderter mit Hindernissen\u00abHeute bin ich bedauerlicherweise\u00a0erst recht sp\u00e4t auf meinen Renner gekommen. Es waren zwar tolle Runden im Angebot aber nicht mit meinem Fitness-Stand zu vereinbaren. So entschloss ich mich, das kleine Zeitfenster zu nutzen und nach Blankensee zu B\u00e4cker R\u00f6hrig aufzubrechen. Die Sonne schien und herrliches Sommerwetter erwartete\u2026","rel":"","context":"In &quot;Radfahren&quot;","block_context":{"text":"Radfahren","link":"https:\/\/blog.kunstgriff.net\/?cat=14"},"img":{"alt_text":"","src":"https:\/\/i0.wp.com\/blog.kunstgriff.net\/wp-content\/uploads\/2015\/08\/Dieses-Jahr-ohne-Prozessionsspinner.jpg?fit=1200%2C900&ssl=1&resize=350%2C200","width":350,"height":200,"srcset":"https:\/\/i0.wp.com\/blog.kunstgriff.net\/wp-content\/uploads\/2015\/08\/Dieses-Jahr-ohne-Prozessionsspinner.jpg?fit=1200%2C900&ssl=1&resize=350%2C200 1x, https:\/\/i0.wp.com\/blog.kunstgriff.net\/wp-content\/uploads\/2015\/08\/Dieses-Jahr-ohne-Prozessionsspinner.jpg?fit=1200%2C900&ssl=1&resize=525%2C300 1.5x, https:\/\/i0.wp.com\/blog.kunstgriff.net\/wp-content\/uploads\/2015\/08\/Dieses-Jahr-ohne-Prozessionsspinner.jpg?fit=1200%2C900&ssl=1&resize=700%2C400 2x, https:\/\/i0.wp.com\/blog.kunstgriff.net\/wp-content\/uploads\/2015\/08\/Dieses-Jahr-ohne-Prozessionsspinner.jpg?fit=1200%2C900&ssl=1&resize=1050%2C600 3x"},"classes":[]},{"id":6414,"url":"https:\/\/blog.kunstgriff.net\/?p=6414","url_meta":{"origin":6207,"position":1},"title":"B\u00e4ckertour nach Blankensee","author":"Georg","date":"Oktober 23, 2011","format":false,"excerpt":"oder \u00bbKalt und Sonne in der Potsdamer-Mittelmark\u00ab Beim Blick auf meinen Au\u00dfenthermometer war mir gar nicht nach Radfahren zu mute, denn er zeigte in der Fr\u00fch +3,4\u00b0C. Beinahe h\u00e4tte ich gekniffen, obwohl das ja auch erst der Anfang einer langen K\u00e4lteperiode ist, aber da kam eine SMS von Christine, das\u2026","rel":"","context":"In &quot;Radfahren&quot;","block_context":{"text":"Radfahren","link":"https:\/\/blog.kunstgriff.net\/?cat=14"},"img":{"alt_text":"","src":"https:\/\/i0.wp.com\/blog.kunstgriff.net\/wp-content\/uploads\/2011\/10\/Leider-geschlossen-bis-2012.jpg?resize=350%2C200","width":350,"height":200,"srcset":"https:\/\/i0.wp.com\/blog.kunstgriff.net\/wp-content\/uploads\/2011\/10\/Leider-geschlossen-bis-2012.jpg?resize=350%2C200 1x, https:\/\/i0.wp.com\/blog.kunstgriff.net\/wp-content\/uploads\/2011\/10\/Leider-geschlossen-bis-2012.jpg?resize=525%2C300 1.5x, https:\/\/i0.wp.com\/blog.kunstgriff.net\/wp-content\/uploads\/2011\/10\/Leider-geschlossen-bis-2012.jpg?resize=700%2C400 2x"},"classes":[]},{"id":10119,"url":"https:\/\/blog.kunstgriff.net\/?p=10119","url_meta":{"origin":6207,"position":2},"title":"Sperenberg-Blankensee-Runde","author":"Georg","date":"April 20, 2013","format":false,"excerpt":"oder \u00bbAuf \u2019ne Buchtel zu B\u00e4cker R\u00f6hrig\u00abHeute war es wieder soweit und ich konnte nach einer Woche Laufsport, endlich wieder einmal mein Rennrad bewegen. Oleg hatte zum\u00a0Tirschenreuther-Ring gerufen und eine Radlerin und sechs Radler folgten dem Aufruf aus dem Internet. Da die weibliche Begleitung, Yvonne, heute das Vetorecht zur Streckenwahl\u2026","rel":"","context":"In &quot;Radfahren&quot;","block_context":{"text":"Radfahren","link":"https:\/\/blog.kunstgriff.net\/?cat=14"},"img":{"alt_text":"Buchteln bein B\u00e4cker R\u00f6hrig in Blankensee","src":"https:\/\/i0.wp.com\/blog.kunstgriff.net\/wp-content\/uploads\/2013\/04\/Buchteln-bein-B%C3%A4cker-R%C3%B6hrig-in-Blankensee-300x225.jpg?resize=350%2C200","width":350,"height":200},"classes":[]},{"id":7698,"url":"https:\/\/blog.kunstgriff.net\/?p=7698","url_meta":{"origin":6207,"position":3},"title":"1. Erweiterte Schwielowsee-Runde 2012","author":"Georg","date":"April 9, 2012","format":false,"excerpt":"oder \u00bbOstermontag-Tour mit super Truppe\u00ab In den letzen Tagen schloss ich mich ja den Touren von Oleg an, heute wollte ich selber wieder einen Vorschlag machen, den ich auch auf der Rennradliste annoncierte: Die Schwielowsee-Runde stand das erste Mal in 2012 auf dem Zettel. Um 11:20 Uhr fanden sich am\u2026","rel":"","context":"In &quot;Radfahren&quot;","block_context":{"text":"Radfahren","link":"https:\/\/blog.kunstgriff.net\/?cat=14"},"img":{"alt_text":"","src":"https:\/\/i0.wp.com\/blog.kunstgriff.net\/wp-content\/uploads\/2012\/04\/D%C3%A9j%C3%A0-vu-beim-B%C3%A4cker-R%C3%B6hrig.jpg?fit=1000%2C750&ssl=1&resize=350%2C200","width":350,"height":200,"srcset":"https:\/\/i0.wp.com\/blog.kunstgriff.net\/wp-content\/uploads\/2012\/04\/D%C3%A9j%C3%A0-vu-beim-B%C3%A4cker-R%C3%B6hrig.jpg?fit=1000%2C750&ssl=1&resize=350%2C200 1x, https:\/\/i0.wp.com\/blog.kunstgriff.net\/wp-content\/uploads\/2012\/04\/D%C3%A9j%C3%A0-vu-beim-B%C3%A4cker-R%C3%B6hrig.jpg?fit=1000%2C750&ssl=1&resize=525%2C300 1.5x, https:\/\/i0.wp.com\/blog.kunstgriff.net\/wp-content\/uploads\/2012\/04\/D%C3%A9j%C3%A0-vu-beim-B%C3%A4cker-R%C3%B6hrig.jpg?fit=1000%2C750&ssl=1&resize=700%2C400 2x"},"classes":[]},{"id":10725,"url":"https:\/\/blog.kunstgriff.net\/?p=10725","url_meta":{"origin":6207,"position":4},"title":"Blankensee-Runde mit LaktatHoch3","author":"Georg","date":"August 18, 2013","format":false,"excerpt":"oder \u00bbSlow-Motion-Riding\u00abHeute war der Plan, mal wieder locker zu fahren. Einige Tourenangebot lagen vor, ich entschied mich aber mit Alexander zu fahren. Er wollte unbedingt mit der recht ruhigen Gruppe von Laktat hoch 3 fahren, da er sich die Beine gestern schon ordentlich ausbelastet hatte. Eigentlich ein wenig zu ruhig\u2026","rel":"","context":"In &quot;Radfahren&quot;","block_context":{"text":"Radfahren","link":"https:\/\/blog.kunstgriff.net\/?cat=14"},"img":{"alt_text":"","src":"https:\/\/i0.wp.com\/blog.kunstgriff.net\/wp-content\/uploads\/2013\/08\/Gleich-gibs-Kaffee-und-Kuchen-in-Blankensee.jpg?fit=1200%2C900&ssl=1&resize=350%2C200","width":350,"height":200,"srcset":"https:\/\/i0.wp.com\/blog.kunstgriff.net\/wp-content\/uploads\/2013\/08\/Gleich-gibs-Kaffee-und-Kuchen-in-Blankensee.jpg?fit=1200%2C900&ssl=1&resize=350%2C200 1x, https:\/\/i0.wp.com\/blog.kunstgriff.net\/wp-content\/uploads\/2013\/08\/Gleich-gibs-Kaffee-und-Kuchen-in-Blankensee.jpg?fit=1200%2C900&ssl=1&resize=525%2C300 1.5x, https:\/\/i0.wp.com\/blog.kunstgriff.net\/wp-content\/uploads\/2013\/08\/Gleich-gibs-Kaffee-und-Kuchen-in-Blankensee.jpg?fit=1200%2C900&ssl=1&resize=700%2C400 2x, https:\/\/i0.wp.com\/blog.kunstgriff.net\/wp-content\/uploads\/2013\/08\/Gleich-gibs-Kaffee-und-Kuchen-in-Blankensee.jpg?fit=1200%2C900&ssl=1&resize=1050%2C600 3x"},"classes":[]},{"id":11752,"url":"https:\/\/blog.kunstgriff.net\/?p=11752","url_meta":{"origin":6207,"position":5},"title":"Tiri &#8211; Baruth &#8211; Petrus &#8211; Luckenwalde &#8211; Runde","author":"Georg","date":"April 27, 2014","format":false,"excerpt":"oder \u00bbMal etwas weiter unterwegs\u00abWie schon gestern Abend geplant, wollte ich heute wieder mit der Tiri-Bande fahren. Als ich mich um 9:01 Uhr auf den Weg dort runter machte, musste ich erst einmal feststellen, dass meine Kleiderwahl suboptimal verlaufen war. Ich hatte keine Armlinge eingepackt und das Thermometer zeigte bei\u2026","rel":"","context":"In &quot;Radfahren&quot;","block_context":{"text":"Radfahren","link":"https:\/\/blog.kunstgriff.net\/?cat=14"},"img":{"alt_text":"","src":"https:\/\/i0.wp.com\/blog.kunstgriff.net\/wp-content\/uploads\/2014\/04\/Au%C3%9Ferplanm%C3%A4ssiger-Stop-in-Blankensee.jpg?fit=1200%2C900&ssl=1&resize=350%2C200","width":350,"height":200,"srcset":"https:\/\/i0.wp.com\/blog.kunstgriff.net\/wp-content\/uploads\/2014\/04\/Au%C3%9Ferplanm%C3%A4ssiger-Stop-in-Blankensee.jpg?fit=1200%2C900&ssl=1&resize=350%2C200 1x, https:\/\/i0.wp.com\/blog.kunstgriff.net\/wp-content\/uploads\/2014\/04\/Au%C3%9Ferplanm%C3%A4ssiger-Stop-in-Blankensee.jpg?fit=1200%2C900&ssl=1&resize=525%2C300 1.5x, https:\/\/i0.wp.com\/blog.kunstgriff.net\/wp-content\/uploads\/2014\/04\/Au%C3%9Ferplanm%C3%A4ssiger-Stop-in-Blankensee.jpg?fit=1200%2C900&ssl=1&resize=700%2C400 2x, https:\/\/i0.wp.com\/blog.kunstgriff.net\/wp-content\/uploads\/2014\/04\/Au%C3%9Ferplanm%C3%A4ssiger-Stop-in-Blankensee.jpg?fit=1200%2C900&ssl=1&resize=1050%2C600 3x"},"classes":[]}],"jetpack_likes_enabled":true,"jetpack_sharing_enabled":true,"_links":{"self":[{"href":"https:\/\/blog.kunstgriff.net\/index.php?rest_route=\/wp\/v2\/posts\/6207","targetHints":{"allow":["GET"]}}],"collection":[{"href":"https:\/\/blog.kunstgriff.net\/index.php?rest_route=\/wp\/v2\/posts"}],"about":[{"href":"https:\/\/blog.kunstgriff.net\/index.php?rest_route=\/wp\/v2\/types\/post"}],"author":[{"embeddable":true,"href":"https:\/\/blog.kunstgriff.net\/index.php?rest_route=\/wp\/v2\/users\/2"}],"replies":[{"embeddable":true,"href":"https:\/\/blog.kunstgriff.net\/index.php?rest_route=%2Fwp%2Fv2%2Fcomments&post=6207"}],"version-history":[{"count":0,"href":"https:\/\/blog.kunstgriff.net\/index.php?rest_route=\/wp\/v2\/posts\/6207\/revisions"}],"wp:attachment":[{"href":"https:\/\/blog.kunstgriff.net\/index.php?rest_route=%2Fwp%2Fv2%2Fmedia&parent=6207"}],"wp:term":[{"taxonomy":"category","embeddable":true,"href":"https:\/\/blog.kunstgriff.net\/index.php?rest_route=%2Fwp%2Fv2%2Fcategories&post=6207"},{"taxonomy":"post_tag","embeddable":true,"href":"https:\/\/blog.kunstgriff.net\/index.php?rest_route=%2Fwp%2Fv2%2Ftags&post=6207"}],"curies":[{"name":"wp","href":"https:\/\/api.w.org\/{rel}","templated":true}]}}