{"id":6216,"date":"2011-10-09T17:05:07","date_gmt":"2011-10-09T15:05:07","guid":{"rendered":"http:\/\/blog.kunstgriff.net\/?p=6216"},"modified":"2016-08-31T12:28:14","modified_gmt":"2016-08-31T10:28:14","slug":"grose-backer-runde-nach-fehrbellin-4","status":"publish","type":"post","link":"https:\/\/blog.kunstgriff.net\/?p=6216","title":{"rendered":"Gro\u00dfe B\u00e4cker-Runde nach Fehrbellin"},"content":{"rendered":"<span class=\"span-reading-time rt-reading-time\" style=\"display: block;\"><span class=\"rt-label rt-prefix\">Lesezeit: <\/span> <span class=\"rt-time\"> 2<\/span> <span class=\"rt-label rt-postfix\">Minuten<\/span><\/span><h4>oder \u00bbM\u00e4nner-Ausfahrt mit Einkehr\u00ab<\/h4>\n<hr \/>\n<p>Da in den \u00fcblichen Quellen f\u00fcr heute keine langen Touren angeboten wurden, entschloss ich mich, die <em>Gro\u00dfe B\u00e4cker-Runde<\/em> selbst anzubieten. Wer weiss, wie oft wir diese klasse Runde in diesem Jahr noch fahren k\u00f6nnen!? So dachten auch meine MItfahrer. Christoph und Sven warteten bei mir vor der Haust\u00fcr, Wolfgang stie\u00df nach einem Kilometer an der Metro hinzu, Sebastian, Herbert und Frank kamen zum Rathaus Falkensee und Tom wartete kurz vor Nauen auf uns. Die Fahrt gen Westen war auch heute wieder kein Zuckerschlecken, denn eine frische Briese blies uns st\u00e4ndig ins Gesicht. Da war es nicht verwunderlich das sich meine Kettenbr\u00fcder nicht drum stritten, vorne im Wind fahren zu fahren und einige <em>Turns<\/em> waren doch von extrem kurzer Dauer.<\/p>\n<p>Erst nach Nackel, rund 70 km der Strecke, gab es dann zum Ersten mal R\u00fcckenwind, was allen nun richtig Spass machte. Besonders weil es ab hier weniger als 20 km zu unserer Einkehr, dem <a href=\"http:\/\/www.konditorei-schmiedel.de\/\" target=\"_blank\">Konditor Schmiedel<\/a> in Fehrbellin waren. Dort angekommen wurden von mir, wie immer, zwei St\u00fcck Kuchen bestellt, denn meine <a href=\"http:\/\/de.wikipedia.org\/wiki\/Glykogen\" target=\"_blank\">Glycogen<\/a>-Speicher waren leer. Klasse M\u00e4nner-Benzin-Gespr\u00e4che wurden gef\u00fchrt, bevor es auf den R\u00fcckweg ging.<\/p>\n<p>Heute war das Aufbrechen, nach der Rast, nicht ganz so z\u00e4h, denn der R\u00fcckenwind half uns ein wenig zur\u00fcck \u00fcber bekannte Wege, erst nach Linum, dann Kremmen, dann Vehlefanz, wo wir uns von Tom verabschiedeten. Am Kreisverkehr hinter Marwitz verabschiedeten wir uns von den Falkenseeern und fuhren \u00fcber Hennigsdorf, wo Sven und Wolle Richtung Nord-ost weiter fuhren. F\u00fcr Christoph und mich, ging es noch durch den Spandauer-Forst bevor nach 144 km die Runde auch f\u00fcr mich ein Ende fand.<\/p>\n<p><em><strong>Fazit: <\/strong><\/em>EIn klasse Tour mit netten Kettenbr\u00fcdern. Teilweise recht ambitioniert gefahren, allerdings ist der Kontrast von F\u00fchrungsfahren und in den hinteren Reihen mitrollen, bei Gegenwind sehr stark. Da hat dann Alleine-Fahren mehr Trainingseffekt. Heute ging es ja auch um den Spass der Gruppenfahrt und der war 100%ig da! <em>Danke an alle Mitfahrer!<\/em><\/p>\n<div class=\"tiled-gallery type-rectangular tiled-gallery-unresized\" data-original-width=\"525\" data-carousel-extra='{&quot;blog_id&quot;:1,&quot;permalink&quot;:&quot;https:\\\/\\\/blog.kunstgriff.net\\\/?p=6216&quot;,&quot;likes_blog_id&quot;:127394879}' itemscope itemtype=\"http:\/\/schema.org\/ImageGallery\" > <div class=\"gallery-row\" style=\"width: 525px; height: 264px;\" data-original-width=\"525\" data-original-height=\"264\" > <div class=\"gallery-group images-1\" style=\"width: 350px; height: 264px;\" data-original-width=\"350\" data-original-height=\"264\" > <div class=\"tiled-gallery-item tiled-gallery-item-large\" itemprop=\"associatedMedia\" itemscope itemtype=\"http:\/\/schema.org\/ImageObject\"> <a href=\"https:\/\/i0.wp.com\/blog.kunstgriff.net\/wp-content\/uploads\/2011\/10\/endlich-Kaffee-und-Kuchen-bei-Konditorei-Schmiedel.jpg?ssl=1\" border=\"0\" itemprop=\"url\"> <meta itemprop=\"width\" content=\"346\"> <meta itemprop=\"height\" content=\"260\"> <img decoding=\"async\" class=\"\" data-attachment-id=\"6222\" data-orig-file=\"https:\/\/blog.kunstgriff.net\/wp-content\/uploads\/2011\/10\/endlich-Kaffee-und-Kuchen-bei-Konditorei-Schmiedel.jpg\" data-orig-size=\"900,675\" data-comments-opened=\"1\" data-image-meta=\"{&quot;aperture&quot;:&quot;2.8&quot;,&quot;credit&quot;:&quot;&quot;,&quot;camera&quot;:&quot;Canon DIGITAL IXUS 870 IS&quot;,&quot;caption&quot;:&quot;&quot;,&quot;created_timestamp&quot;:&quot;1318158490&quot;,&quot;copyright&quot;:&quot;&quot;,&quot;focal_length&quot;:&quot;5&quot;,&quot;iso&quot;:&quot;400&quot;,&quot;shutter_speed&quot;:&quot;0.04&quot;,&quot;title&quot;:&quot;&quot;}\" data-image-title=\"endlich Kaffee und Kuchen bei Konditorei Schmiedel\" data-image-description=\"\" data-medium-file=\"https:\/\/i0.wp.com\/blog.kunstgriff.net\/wp-content\/uploads\/2011\/10\/endlich-Kaffee-und-Kuchen-bei-Konditorei-Schmiedel.jpg?fit=300%2C225&#038;ssl=1\" data-large-file=\"https:\/\/i0.wp.com\/blog.kunstgriff.net\/wp-content\/uploads\/2011\/10\/endlich-Kaffee-und-Kuchen-bei-Konditorei-Schmiedel.jpg?fit=900%2C675&#038;ssl=1\" src=\"https:\/\/i0.wp.com\/blog.kunstgriff.net\/wp-content\/uploads\/2011\/10\/endlich-Kaffee-und-Kuchen-bei-Konditorei-Schmiedel.jpg?w=346&#038;h=260&#038;ssl=1\" srcset=\"https:\/\/i0.wp.com\/blog.kunstgriff.net\/wp-content\/uploads\/2011\/10\/endlich-Kaffee-und-Kuchen-bei-Konditorei-Schmiedel.jpg?w=900&amp;ssl=1 900w, https:\/\/i0.wp.com\/blog.kunstgriff.net\/wp-content\/uploads\/2011\/10\/endlich-Kaffee-und-Kuchen-bei-Konditorei-Schmiedel.jpg?resize=300%2C225&amp;ssl=1 300w\" width=\"346\" height=\"260\" loading=\"lazy\" data-original-width=\"346\" data-original-height=\"260\" itemprop=\"http:\/\/schema.org\/image\" title=\"endlich Kaffee und Kuchen bei Konditorei Schmiedel\" alt=\"endlich Kaffee und Kuchen bei Konditorei Schmiedel\" style=\"width: 346px; height: 260px;\" \/> <\/a> <\/div> <\/div> <!-- close group --> <div class=\"gallery-group images-2\" style=\"width: 175px; height: 264px;\" data-original-width=\"175\" data-original-height=\"264\" > <div class=\"tiled-gallery-item tiled-gallery-item-small\" itemprop=\"associatedMedia\" itemscope itemtype=\"http:\/\/schema.org\/ImageObject\"> <a href=\"https:\/\/i0.wp.com\/blog.kunstgriff.net\/wp-content\/uploads\/2011\/10\/P-Pause-bei-Paulinenaue.jpg?ssl=1\" border=\"0\" itemprop=\"url\"> <meta itemprop=\"width\" content=\"171\"> <meta itemprop=\"height\" content=\"128\"> <img decoding=\"async\" class=\"\" data-attachment-id=\"6223\" data-orig-file=\"https:\/\/blog.kunstgriff.net\/wp-content\/uploads\/2011\/10\/P-Pause-bei-Paulinenaue.jpg\" data-orig-size=\"900,675\" data-comments-opened=\"1\" data-image-meta=\"{&quot;aperture&quot;:&quot;5.6&quot;,&quot;credit&quot;:&quot;&quot;,&quot;camera&quot;:&quot;Canon DIGITAL IXUS 870 IS&quot;,&quot;caption&quot;:&quot;&quot;,&quot;created_timestamp&quot;:&quot;1318153244&quot;,&quot;copyright&quot;:&quot;&quot;,&quot;focal_length&quot;:&quot;5&quot;,&quot;iso&quot;:&quot;400&quot;,&quot;shutter_speed&quot;:&quot;0.004&quot;,&quot;title&quot;:&quot;&quot;}\" data-image-title=\"P-Pause bei Paulinenaue\" data-image-description=\"\" data-medium-file=\"https:\/\/i0.wp.com\/blog.kunstgriff.net\/wp-content\/uploads\/2011\/10\/P-Pause-bei-Paulinenaue.jpg?fit=300%2C225&#038;ssl=1\" data-large-file=\"https:\/\/i0.wp.com\/blog.kunstgriff.net\/wp-content\/uploads\/2011\/10\/P-Pause-bei-Paulinenaue.jpg?fit=900%2C675&#038;ssl=1\" src=\"https:\/\/i0.wp.com\/blog.kunstgriff.net\/wp-content\/uploads\/2011\/10\/P-Pause-bei-Paulinenaue.jpg?w=171&#038;h=128&#038;ssl=1\" srcset=\"https:\/\/i0.wp.com\/blog.kunstgriff.net\/wp-content\/uploads\/2011\/10\/P-Pause-bei-Paulinenaue.jpg?w=900&amp;ssl=1 900w, https:\/\/i0.wp.com\/blog.kunstgriff.net\/wp-content\/uploads\/2011\/10\/P-Pause-bei-Paulinenaue.jpg?resize=300%2C225&amp;ssl=1 300w\" width=\"171\" height=\"128\" loading=\"lazy\" data-original-width=\"171\" data-original-height=\"128\" itemprop=\"http:\/\/schema.org\/image\" title=\"P-Pause bei Paulinenaue\" alt=\"P-Pause bei Paulinenaue\" style=\"width: 171px; height: 128px;\" \/> <\/a> <\/div> <div class=\"tiled-gallery-item tiled-gallery-item-small\" itemprop=\"associatedMedia\" itemscope itemtype=\"http:\/\/schema.org\/ImageObject\"> <a href=\"https:\/\/i0.wp.com\/blog.kunstgriff.net\/wp-content\/uploads\/2011\/10\/dann-doch-lieber-Einer-Reihe.jpg?ssl=1\" border=\"0\" itemprop=\"url\"> <meta itemprop=\"width\" content=\"171\"> <meta itemprop=\"height\" content=\"128\"> <img decoding=\"async\" class=\"\" data-attachment-id=\"6221\" data-orig-file=\"https:\/\/blog.kunstgriff.net\/wp-content\/uploads\/2011\/10\/dann-doch-lieber-Einer-Reihe.jpg\" data-orig-size=\"900,675\" data-comments-opened=\"1\" data-image-meta=\"{&quot;aperture&quot;:&quot;5.6&quot;,&quot;credit&quot;:&quot;&quot;,&quot;camera&quot;:&quot;Canon DIGITAL IXUS 870 IS&quot;,&quot;caption&quot;:&quot;&quot;,&quot;created_timestamp&quot;:&quot;1318152165&quot;,&quot;copyright&quot;:&quot;&quot;,&quot;focal_length&quot;:&quot;5&quot;,&quot;iso&quot;:&quot;400&quot;,&quot;shutter_speed&quot;:&quot;0.000625&quot;,&quot;title&quot;:&quot;&quot;}\" data-image-title=\"dann doch lieber Einer-Reihe\" data-image-description=\"\" data-medium-file=\"https:\/\/i0.wp.com\/blog.kunstgriff.net\/wp-content\/uploads\/2011\/10\/dann-doch-lieber-Einer-Reihe.jpg?fit=300%2C225&#038;ssl=1\" data-large-file=\"https:\/\/i0.wp.com\/blog.kunstgriff.net\/wp-content\/uploads\/2011\/10\/dann-doch-lieber-Einer-Reihe.jpg?fit=900%2C675&#038;ssl=1\" src=\"https:\/\/i0.wp.com\/blog.kunstgriff.net\/wp-content\/uploads\/2011\/10\/dann-doch-lieber-Einer-Reihe.jpg?w=171&#038;h=128&#038;ssl=1\" srcset=\"https:\/\/i0.wp.com\/blog.kunstgriff.net\/wp-content\/uploads\/2011\/10\/dann-doch-lieber-Einer-Reihe.jpg?w=900&amp;ssl=1 900w, https:\/\/i0.wp.com\/blog.kunstgriff.net\/wp-content\/uploads\/2011\/10\/dann-doch-lieber-Einer-Reihe.jpg?resize=300%2C225&amp;ssl=1 300w\" width=\"171\" height=\"128\" loading=\"lazy\" data-original-width=\"171\" data-original-height=\"128\" itemprop=\"http:\/\/schema.org\/image\" title=\"dann doch lieber Einer-Reihe\" alt=\"dann doch lieber Einer-Reihe\" style=\"width: 171px; height: 128px;\" \/> <\/a> <\/div> <\/div> <!-- close group --> <\/div> <!-- close row --> <div class=\"gallery-row\" style=\"width: 525px; height: 395px;\" data-original-width=\"525\" data-original-height=\"395\" > <div class=\"gallery-group images-1\" style=\"width: 525px; height: 395px;\" data-original-width=\"525\" data-original-height=\"395\" > <div class=\"tiled-gallery-item tiled-gallery-item-large\" itemprop=\"associatedMedia\" itemscope itemtype=\"http:\/\/schema.org\/ImageObject\"> <a href=\"https:\/\/i0.wp.com\/blog.kunstgriff.net\/wp-content\/uploads\/2011\/10\/Sonnenschein-und-Gegenwind-hinter-Berge.jpg?ssl=1\" border=\"0\" itemprop=\"url\"> <meta itemprop=\"width\" content=\"521\"> <meta itemprop=\"height\" content=\"391\"> <img decoding=\"async\" class=\"\" data-attachment-id=\"6224\" data-orig-file=\"https:\/\/blog.kunstgriff.net\/wp-content\/uploads\/2011\/10\/Sonnenschein-und-Gegenwind-hinter-Berge.jpg\" data-orig-size=\"900,675\" data-comments-opened=\"1\" data-image-meta=\"{&quot;aperture&quot;:&quot;5.6&quot;,&quot;credit&quot;:&quot;&quot;,&quot;camera&quot;:&quot;Canon DIGITAL IXUS 870 IS&quot;,&quot;caption&quot;:&quot;&quot;,&quot;created_timestamp&quot;:&quot;1318152145&quot;,&quot;copyright&quot;:&quot;&quot;,&quot;focal_length&quot;:&quot;5&quot;,&quot;iso&quot;:&quot;400&quot;,&quot;shutter_speed&quot;:&quot;0.000625&quot;,&quot;title&quot;:&quot;&quot;}\" data-image-title=\"Sonnenschein und Gegenwind hinter Berge\" data-image-description=\"\" data-medium-file=\"https:\/\/i0.wp.com\/blog.kunstgriff.net\/wp-content\/uploads\/2011\/10\/Sonnenschein-und-Gegenwind-hinter-Berge.jpg?fit=300%2C225&#038;ssl=1\" data-large-file=\"https:\/\/i0.wp.com\/blog.kunstgriff.net\/wp-content\/uploads\/2011\/10\/Sonnenschein-und-Gegenwind-hinter-Berge.jpg?fit=900%2C675&#038;ssl=1\" src=\"https:\/\/i0.wp.com\/blog.kunstgriff.net\/wp-content\/uploads\/2011\/10\/Sonnenschein-und-Gegenwind-hinter-Berge.jpg?w=521&#038;h=391&#038;ssl=1\" srcset=\"https:\/\/i0.wp.com\/blog.kunstgriff.net\/wp-content\/uploads\/2011\/10\/Sonnenschein-und-Gegenwind-hinter-Berge.jpg?w=900&amp;ssl=1 900w, https:\/\/i0.wp.com\/blog.kunstgriff.net\/wp-content\/uploads\/2011\/10\/Sonnenschein-und-Gegenwind-hinter-Berge.jpg?resize=300%2C225&amp;ssl=1 300w\" width=\"521\" height=\"391\" loading=\"lazy\" data-original-width=\"521\" data-original-height=\"391\" itemprop=\"http:\/\/schema.org\/image\" title=\"Sonnenschein und Gegenwind hinter Berge\" alt=\"Sonnenschein und Gegenwind hinter Berge\" style=\"width: 521px; height: 391px;\" \/> <\/a> <\/div> <\/div> <!-- close group --> <\/div> <!-- close row --> <\/div>\n<p><iframe height='405' width='590' frameborder='0' allowtransparency='true' scrolling='no' src='https:\/\/www.strava.com\/activities\/13532954\/embed\/51028e2f707e88dc6059c92a9a399a0990b9fd9a'><\/iframe><\/p>\n","protected":false},"excerpt":{"rendered":"<p>oder \u00bbM\u00e4nner-Ausfahrt mit Einkehr\u00ab Da in den \u00fcblichen Quellen f\u00fcr heute keine langen Touren angeboten wurden, entschloss ich mich, die Gro\u00dfe B\u00e4cker-Runde selbst anzubieten. Wer weiss, wie oft wir diese klasse Runde in diesem Jahr noch fahren k\u00f6nnen!? So dachten auch meine MItfahrer. Christoph und Sven warteten bei mir vor der Haust\u00fcr, Wolfgang stie\u00df nach &hellip; <\/p>\n<p class=\"link-more\"><a href=\"https:\/\/blog.kunstgriff.net\/?p=6216\" class=\"more-link\"><span class=\"screen-reader-text\">\u201eGro\u00dfe B\u00e4cker-Runde nach Fehrbellin\u201c <\/span>weiterlesen<\/a><\/p>\n","protected":false},"author":2,"featured_media":0,"comment_status":"open","ping_status":"open","sticky":false,"template":"","format":"standard","meta":{"jetpack_post_was_ever_published":false,"_jetpack_newsletter_access":"","_jetpack_dont_email_post_to_subs":false,"_jetpack_newsletter_tier_id":0,"_jetpack_memberships_contains_paywalled_content":false,"_jetpack_memberships_contains_paid_content":false,"footnotes":""},"categories":[14,7],"tags":[],"class_list":["post-6216","post","type-post","status-publish","format-standard","hentry","category-radfahren","category-rennradfahren"],"jetpack_featured_media_url":"","jetpack_shortlink":"https:\/\/wp.me\/p8Cxe7-1Cg","jetpack-related-posts":[{"id":7601,"url":"https:\/\/blog.kunstgriff.net\/?p=7601","url_meta":{"origin":6216,"position":0},"title":"Gro\u00dfe B\u00e4cker-Runde nach Fehrbellin","author":"Georg","date":"M\u00e4rz 25, 2012","format":false,"excerpt":"oder \u00bbFlott, lang & kalt\u00abDa von der gestrigen Tour noch ein paar wenige K\u00f6rner \u00fcbrig waren, freute ich mich heute mit dem A-Team die lange Runde zum dem Konditor nach Fehrbellin fahren zu d\u00fcrfen. Die Kleiderwahl war heute morgen besonders schwierig, da das Thermometer nur lausige 4\u00b0C anzeigte, f\u00fcr den\u2026","rel":"","context":"In &quot;Radfahren&quot;","block_context":{"text":"Radfahren","link":"https:\/\/blog.kunstgriff.net\/?cat=14"},"img":{"alt_text":"","src":"https:\/\/i0.wp.com\/blog.kunstgriff.net\/wp-content\/uploads\/2012\/03\/Das-A-Team-gegen-den-Wind-bei-Paulunenaue.jpg?resize=350%2C200","width":350,"height":200,"srcset":"https:\/\/i0.wp.com\/blog.kunstgriff.net\/wp-content\/uploads\/2012\/03\/Das-A-Team-gegen-den-Wind-bei-Paulunenaue.jpg?resize=350%2C200 1x, https:\/\/i0.wp.com\/blog.kunstgriff.net\/wp-content\/uploads\/2012\/03\/Das-A-Team-gegen-den-Wind-bei-Paulunenaue.jpg?resize=525%2C300 1.5x"},"classes":[]},{"id":2124,"url":"https:\/\/blog.kunstgriff.net\/?p=2124","url_meta":{"origin":6216,"position":1},"title":"Gro\u00dfe B\u00e4cker-Runde nach Fehrbellin","author":"Georg","date":"August 1, 2010","format":false,"excerpt":"oder \"78 km Anfahrt f\u00fcr zwei St\u00fcck Kuchen\"Die Wettervorhersage k\u00fcndigte leichten Regen f\u00fcr das westliche Havelland an - und genau dort wollte ich heute mit anderen schnellen Havellandridern die gro\u00dfe B\u00e4cker-Runde nach Fehrbellin fahren. Ein kurzer Blick auf das Regenradar zeigte aber, das wir nur sehr kurz nass werden w\u00fcrden\u2026","rel":"","context":"In &quot;Cake-Ride&quot;","block_context":{"text":"Cake-Ride","link":"https:\/\/blog.kunstgriff.net\/?cat=34"},"img":{"alt_text":"","src":"","width":0,"height":0},"classes":[]},{"id":10119,"url":"https:\/\/blog.kunstgriff.net\/?p=10119","url_meta":{"origin":6216,"position":2},"title":"Sperenberg-Blankensee-Runde","author":"Georg","date":"April 20, 2013","format":false,"excerpt":"oder \u00bbAuf \u2019ne Buchtel zu B\u00e4cker R\u00f6hrig\u00abHeute war es wieder soweit und ich konnte nach einer Woche Laufsport, endlich wieder einmal mein Rennrad bewegen. Oleg hatte zum\u00a0Tirschenreuther-Ring gerufen und eine Radlerin und sechs Radler folgten dem Aufruf aus dem Internet. Da die weibliche Begleitung, Yvonne, heute das Vetorecht zur Streckenwahl\u2026","rel":"","context":"In &quot;Radfahren&quot;","block_context":{"text":"Radfahren","link":"https:\/\/blog.kunstgriff.net\/?cat=14"},"img":{"alt_text":"Buchteln bein B\u00e4cker R\u00f6hrig in Blankensee","src":"https:\/\/i0.wp.com\/blog.kunstgriff.net\/wp-content\/uploads\/2013\/04\/Buchteln-bein-B%C3%A4cker-R%C3%B6hrig-in-Blankensee-300x225.jpg?resize=350%2C200","width":350,"height":200},"classes":[]},{"id":11752,"url":"https:\/\/blog.kunstgriff.net\/?p=11752","url_meta":{"origin":6216,"position":3},"title":"Tiri &#8211; Baruth &#8211; Petrus &#8211; Luckenwalde &#8211; Runde","author":"Georg","date":"April 27, 2014","format":false,"excerpt":"oder \u00bbMal etwas weiter unterwegs\u00abWie schon gestern Abend geplant, wollte ich heute wieder mit der Tiri-Bande fahren. Als ich mich um 9:01 Uhr auf den Weg dort runter machte, musste ich erst einmal feststellen, dass meine Kleiderwahl suboptimal verlaufen war. Ich hatte keine Armlinge eingepackt und das Thermometer zeigte bei\u2026","rel":"","context":"In &quot;Radfahren&quot;","block_context":{"text":"Radfahren","link":"https:\/\/blog.kunstgriff.net\/?cat=14"},"img":{"alt_text":"","src":"https:\/\/i0.wp.com\/blog.kunstgriff.net\/wp-content\/uploads\/2014\/04\/Au%C3%9Ferplanm%C3%A4ssiger-Stop-in-Blankensee.jpg?fit=1200%2C900&ssl=1&resize=350%2C200","width":350,"height":200,"srcset":"https:\/\/i0.wp.com\/blog.kunstgriff.net\/wp-content\/uploads\/2014\/04\/Au%C3%9Ferplanm%C3%A4ssiger-Stop-in-Blankensee.jpg?fit=1200%2C900&ssl=1&resize=350%2C200 1x, https:\/\/i0.wp.com\/blog.kunstgriff.net\/wp-content\/uploads\/2014\/04\/Au%C3%9Ferplanm%C3%A4ssiger-Stop-in-Blankensee.jpg?fit=1200%2C900&ssl=1&resize=525%2C300 1.5x, https:\/\/i0.wp.com\/blog.kunstgriff.net\/wp-content\/uploads\/2014\/04\/Au%C3%9Ferplanm%C3%A4ssiger-Stop-in-Blankensee.jpg?fit=1200%2C900&ssl=1&resize=700%2C400 2x, https:\/\/i0.wp.com\/blog.kunstgriff.net\/wp-content\/uploads\/2014\/04\/Au%C3%9Ferplanm%C3%A4ssiger-Stop-in-Blankensee.jpg?fit=1200%2C900&ssl=1&resize=1050%2C600 3x"},"classes":[]},{"id":5351,"url":"https:\/\/blog.kunstgriff.net\/?p=5351","url_meta":{"origin":6216,"position":4},"title":"Gro\u00dfe B\u00e4cker-Runde nach Fehrbellin","author":"Georg","date":"Juli 24, 2011","format":false,"excerpt":"oder \u00bbNo wind - no fun\u00ab Schon am Mittwoch hatten Karsten und ich die Idee, mal wieder am Sonntag die B\u00e4ckerrunde zu fahren. Die Rast beim Caf\u00e9 Schmiedel nach etwas mehr als der H\u00e4lfte der Strecke ist einfach zu k\u00f6stlich verlockend. Gesagt - getan, und so annoncierte\u00a0ich die Tour auf\u2026","rel":"","context":"In &quot;Radfahren&quot;","block_context":{"text":"Radfahren","link":"https:\/\/blog.kunstgriff.net\/?cat=14"},"img":{"alt_text":"","src":"https:\/\/i0.wp.com\/blog.kunstgriff.net\/wp-content\/uploads\/2011\/07\/F%C3%BChrungsarbeit-von-Herbert-hinter-Falkensee.jpg?resize=350%2C200","width":350,"height":200,"srcset":"https:\/\/i0.wp.com\/blog.kunstgriff.net\/wp-content\/uploads\/2011\/07\/F%C3%BChrungsarbeit-von-Herbert-hinter-Falkensee.jpg?resize=350%2C200 1x, https:\/\/i0.wp.com\/blog.kunstgriff.net\/wp-content\/uploads\/2011\/07\/F%C3%BChrungsarbeit-von-Herbert-hinter-Falkensee.jpg?resize=525%2C300 1.5x, https:\/\/i0.wp.com\/blog.kunstgriff.net\/wp-content\/uploads\/2011\/07\/F%C3%BChrungsarbeit-von-Herbert-hinter-Falkensee.jpg?resize=700%2C400 2x"},"classes":[]},{"id":12011,"url":"https:\/\/blog.kunstgriff.net\/?p=12011","url_meta":{"origin":6216,"position":5},"title":"Tiri-Ruhlsdorf-S\u00fcd-Runde rerereloaded","author":"Georg","date":"Juli 6, 2014","format":false,"excerpt":"oder \u00bbTop-Tour zur Tour-de-France\u00ab Es gab nur eine recht \u00fcbersichtliche Zahl an Tourenangeboten und alleine fahren wollten ich nicht. So entschloss ich mich am Samstag, heute mal wieder mit Oleg am \u00bbTiri\u00ab zu fahren. Gute Entscheidung, denn sieben Mann fanden sich ein diese wohlgekannte Runde unter die Laufr\u00e4der zu nehmen.\u2026","rel":"","context":"In &quot;Radfahren&quot;","block_context":{"text":"Radfahren","link":"https:\/\/blog.kunstgriff.net\/?cat=14"},"img":{"alt_text":"","src":"https:\/\/i0.wp.com\/blog.kunstgriff.net\/wp-content\/uploads\/2014\/07\/Brandenburg.jpg?fit=1200%2C900&ssl=1&resize=350%2C200","width":350,"height":200,"srcset":"https:\/\/i0.wp.com\/blog.kunstgriff.net\/wp-content\/uploads\/2014\/07\/Brandenburg.jpg?fit=1200%2C900&ssl=1&resize=350%2C200 1x, https:\/\/i0.wp.com\/blog.kunstgriff.net\/wp-content\/uploads\/2014\/07\/Brandenburg.jpg?fit=1200%2C900&ssl=1&resize=525%2C300 1.5x, https:\/\/i0.wp.com\/blog.kunstgriff.net\/wp-content\/uploads\/2014\/07\/Brandenburg.jpg?fit=1200%2C900&ssl=1&resize=700%2C400 2x, https:\/\/i0.wp.com\/blog.kunstgriff.net\/wp-content\/uploads\/2014\/07\/Brandenburg.jpg?fit=1200%2C900&ssl=1&resize=1050%2C600 3x"},"classes":[]}],"jetpack_likes_enabled":true,"jetpack_sharing_enabled":true,"_links":{"self":[{"href":"https:\/\/blog.kunstgriff.net\/index.php?rest_route=\/wp\/v2\/posts\/6216","targetHints":{"allow":["GET"]}}],"collection":[{"href":"https:\/\/blog.kunstgriff.net\/index.php?rest_route=\/wp\/v2\/posts"}],"about":[{"href":"https:\/\/blog.kunstgriff.net\/index.php?rest_route=\/wp\/v2\/types\/post"}],"author":[{"embeddable":true,"href":"https:\/\/blog.kunstgriff.net\/index.php?rest_route=\/wp\/v2\/users\/2"}],"replies":[{"embeddable":true,"href":"https:\/\/blog.kunstgriff.net\/index.php?rest_route=%2Fwp%2Fv2%2Fcomments&post=6216"}],"version-history":[{"count":0,"href":"https:\/\/blog.kunstgriff.net\/index.php?rest_route=\/wp\/v2\/posts\/6216\/revisions"}],"wp:attachment":[{"href":"https:\/\/blog.kunstgriff.net\/index.php?rest_route=%2Fwp%2Fv2%2Fmedia&parent=6216"}],"wp:term":[{"taxonomy":"category","embeddable":true,"href":"https:\/\/blog.kunstgriff.net\/index.php?rest_route=%2Fwp%2Fv2%2Fcategories&post=6216"},{"taxonomy":"post_tag","embeddable":true,"href":"https:\/\/blog.kunstgriff.net\/index.php?rest_route=%2Fwp%2Fv2%2Ftags&post=6216"}],"curies":[{"name":"wp","href":"https:\/\/api.w.org\/{rel}","templated":true}]}}