{"id":6233,"date":"2011-10-15T20:47:20","date_gmt":"2011-10-15T18:47:20","guid":{"rendered":"http:\/\/blog.kunstgriff.net\/?p=6233"},"modified":"2016-08-31T12:27:06","modified_gmt":"2016-08-31T10:27:06","slug":"hamburg-berlin-2011","status":"publish","type":"post","link":"https:\/\/blog.kunstgriff.net\/?p=6233","title":{"rendered":"Hamburg->Berlin 2011"},"content":{"rendered":"<span class=\"span-reading-time rt-reading-time\" style=\"display: block;\"><span class=\"rt-label rt-prefix\">Lesezeit: <\/span> <span class=\"rt-time\"> 5<\/span> <span class=\"rt-label rt-postfix\">Minuten<\/span><\/span><h4>oder \u00bbFab-Five auf neuen Wegen\u00ab<\/h4>\n<hr \/>\n<p>Der Wecker klingelte p\u00fcnktlich um 5:20 Uhr, nach einer sehr unruhigen Nacht. Immer wieder wurden wir durch Ger\u00e4usche von drau\u00dfen durch das offene Fenster geweckt. Sicher war es auch die <del datetime=\"2011-10-15T18:32:59+00:00\">Aufregung<\/del> Vorfreude, welche uns wenige Tiefschlafphasen bescherte. <em>Egal,<\/em> denn wir wollten ja p\u00fcnktlich auf der Strecke sein und waren nicht zum Ausschlafen nach Altengamme gekommen.<\/p>\n<p>Um 5:45 fuhren wir mit all unseren Habseligkeiten bepackt, zum, wenige 100 Meter entfernten, Altengammer F\u00e4hrhaus. Dort fand wieder die <a href=\"http:\/\/de.wikipedia.org\/wiki\/Akkreditierung_(Sport)\" target=\"_blank\">Akkreditierung<\/a> statt. Zus\u00e4tzlich hatten die Veranstalter wieder, zusammen mit dem Wirt des Altengammer F\u00e4hrhauses, ein sehr leckeres Fr\u00fchst\u00fccksbuffet gezaubert. Da wir heute sehr zeitig am Start waren, konnten wir schnell die Startnummern in Empfang nehmen und in Ruhe zum Fr\u00fchst\u00fcck schreiten. <em>Keine Hektik. Kein Stress. Klasse.<\/em><\/p>\n<p>Nach und nach trudelten nun auch die Elite-Jederm\u00e4nner der Hauptstadt ein, sowie die beiden <a href=\"http:\/\/eisenschweinkader.org\/\" target=\"_blank\">ESK<\/a>-Teams, welche ich freudig begr\u00fc\u00dfte. Die Zeit bis zu unserem Start verging wie im Flug und bevor wir uns versahen, wurden wir auch schon um 6:49 Uhr angez\u00e4hlt, und auf die Reise in die Hauptstadt geschickt.<\/p>\n<p>Was sofort auffiel: Es war kalt. <em>Sehr <\/em>kalt. Ich mochte gar nicht auf den Thermometer meines <a href=\"http:\/\/www.amazon.de\/gp\/product\/B00424LN5G\/ref=as_li_ss_tl?ie=UTF8&amp;tag=gaba08-21&amp;linkCode=as2&amp;camp=1638&amp;creative=19454&amp;creativeASIN=B00424LN5G\">Garmin Edge 800<\/a><img loading=\"lazy\" decoding=\"async\" style=\"border: none !important; margin: 0px !important;\" src=\"http:\/\/www.assoc-amazon.de\/e\/ir?t=&amp;l=as2&amp;o=3&amp;a=B00424LN5G\" alt=\"\" width=\"1\" height=\"1\" border=\"0\" \/> sehen. Dieser zeichnete eine Tiefsttemperatur von -3\u00b0C auf. Nicht unbedingt das Wetter um mit \u00a0\u00be-Hosen durch die Bundesl\u00e4nder zu fahren. Aber was soll\u2019s. Jammern w\u00fcrde mich auch nicht nach Hause bringen und so wurde in die Pedale getreten, das es m\u00f6glichst schnell warm w\u00fcrde.<\/p>\n<p>Wie schon in den Jahren zuvor wurden nun andere Teams kassiert und ausgespuckt. Einige versuchten sich bei uns reinzuh\u00e4ngen, aber nicht mit in der F\u00fchrung zu arbeiten. Die wurden dann, wenig sp\u00e4ter, in den Hitzacker-<del datetime=\"2011-10-15T17:45:33+00:00\">Bergen-<\/del>H\u00fcgeln in die Schranken gewiesen. Zwei Rennfahrer konnten das Tempo unseres Teams halten und blieben bis D\u00f6mitz unsere Begleiter.<\/p>\n<p>Dort angekommen, waren wir, wie schon im Jahr zuvor, das erste Team. Einige Liegeradler waren schon durch, aber das tangierte uns nicht. Auf dem gro\u00dfen Parkplatz schien die Sonne, und so langsam tauten unter gro\u00dfen Schmerzen die Finger und F\u00fc\u00dfe wieder auf. Naja, wenigstens war es trocken. Die Helfer vom Veranstalter\u00a0<a href=\"http:\/\/www.audaxclub-sh.de\/\" target=\"_blank\">Audax-Club-Schleswig Holstein<\/a> halfen uns r\u00fchrend beim Flaschen f\u00fcllen und Joghurtbecher aufrei\u00dfen. Denn das war mit den doch recht klobigen Handschuhen und den steifen Fingern, alles andere als einfach.<\/p>\n<p>Nach kurzem Hinterrad-Luft-Service ging es nun auf den recht kurzen Sektor, in Richtung Wittenberge. Schon wenig Kilometer hinter D\u00f6mitz erreichte uns die <a href=\"http:\/\/de.wikipedia.org\/wiki\/Ijob\" target=\"_blank\">Hiobsbotschaft<\/a> unseres Team-Kameraden Andi: Er k\u00f6nne nicht mehr und war leer. Das nach nicht einmal der H\u00e4lfte der Strecke! Das es schwere Momente auf der langen Fahrt gab und geben w\u00fcrde, war mir von meinen vielen HH-&gt;Berlin-Fahrten bekannt. Meist ereignen sich diese nach Havelberg, im Death-Valley von Brandenburg, aber nicht vor Halbzeit. Ich war unter Schock. Was sollten wir tun? Andi wollte in Wittenberge in die Bahn gesetzt werden und bis Nauen fahren. Wenn er dort wieder ins Team zusteigen w\u00fcrde, w\u00e4re das unfairer Sport gewesen. Wir w\u00e4ren, sofern das rausgekommen w\u00e4re, hochgradig, zu recht, disqualifiziert worden. Wir h\u00e4tten ihn einfach <del datetime=\"2011-10-15T17:58:23+00:00\">rausnehmen<\/del> zur\u00fccklassen k\u00f6nnen und daf\u00fcr eine Zeitstrafe kassiert. Nein, das alles waren nicht wirklich Optionen, die einer ordentlichen \u00dcberpr\u00fcfung stand gehalten h\u00e4tten.<\/p>\n<p>Mir war klar, das wir das hohe Tempo, welches wir zu Anfang gegangen waren, nicht bis zum Ziel w\u00fcrden halten k\u00f6nnen. Ebenso war dieser Sektor einer der un-spannendsten unserer Tagesausfahrt: Viele, bis an den Horizont reichende, gut asphaltierte, Wirtschafts-Schleich-Wege, gew\u00fcrzt mit Wind von vorne. Nicht gerade das unterhaltsamste Programm, um Spass am Radfahren zu haben. Die \u00dcberlegung wie zu verfahren sei, kostete mich auch K\u00f6rner: ich konnte mich nicht auf die Navigation konzentrieren und wir bogen prompt falsch ab.<\/p>\n<p>F\u00fcnf Kilometer vor Wittenberge dann das letzte entscheidende Kurzgespr\u00e4ch und ich konnte Andi umstimmen, doch das Ding mit uns zu Ende zu fahren. Wir versprachen, das Tempo zu reduzieren, Andi selten oder nicht mehr im Wind fahren zu lassen. Es war ja nicht so, da\u00df wir alle, au\u00dfer Sebastian, noch voller Energie w\u00e4ren. Wir hatten auch unsere toten Punkte und es ging z\u00e4h im Wind. Aber daf\u00fcr f\u00e4hrt man ja im Team: <em>One for all &#8211; all for one.<\/em><\/p>\n<p>So ging es hinter Wittenberge gl\u00fccklicherweise weiterhin zu F\u00fcnft weiter und dank der neu er\u00f6ffneten Br\u00fccke konnten wir wieder von der Vorjahres-Strecke ein paar Kilometer einsparen. Bevor wir uns versahen, waren wir in Havelberg, wo unsere zweite geplante Rast am Netto-Supermarkt mit Backshop stattfand.<\/p>\n<p>Leider machte ich dort wieder meinen Anf\u00e4nger-Gier-Ess-Fehler: Ich <em>\u00fcberfra\u00df<\/em> mich an Kuchen und Frischei-Waffeln. Wann werde ich das endlich mal in den Griff bekommen? Nun folgte auch mein pers\u00f6nlicher Alptraum-Sektor: Von Havelberg nach Rhinow: 2 Ortschaften, Eine mit b\u00f6sem Kopfsteinpflaster, sonst endlos lange Stra\u00dfen und Alleen ohne irgend etwas zum gucken. Nicht einmal ein paar W\u00e4lder die einem vor den Windb\u00f6en sch\u00fctzen. Meine Kettenbr\u00fcder arbeiteten hier sehr flei\u00dfig im Wind und bevor ich mich versah, hatten wir auch schon Rhinow erreicht. <a href=\"http:\/\/de.wiktionary.org\/wiki\/formidable\" target=\"_blank\"><em>Formidable!<\/em><\/a><\/p>\n<p>Bis Friesack war es jetzt auch nicht mehr weit. Kopfkino lief auf Hochtouren, denn jeder Ort war nun bekannt. Allerdings wollten wir in Friesack eine neue Streckenvariante wagen: Direkt \u00fcber die B5 nach Nauen. Der Asphalt war sehr gut und die Bundesstra\u00dfe auch meist breit und gut ausgebaut. Allerdings kosteten die Wellen und vielen Autos doch einige K\u00f6rner und ich war heil froh als wir Nauen erreicht hatten. Nun noch am B5-Center vorbei, bzw. durch die Outlet-Center-shoppenden Samstagsausfl\u00fcgler geschickt hindurch man\u00f6vrieren, bevor es auf den B5-begleitenden Radweg nach Spandau ging. Nicht nur hier zahlte es sich aus, Sebastian mit dabei zu haben, denn er kannte die Strecke hier wie seine Westentasche und wir waren in 0-Komma-nix auf der Heerstra\u00dfe und am Abzweig nach Gatow.<\/p>\n<p>Den letzten H\u00fcgel hinauf wurden wir noch von einem Silber-R\u00fccken-Team kassiert, welches mehr als 30 Minuten nach uns gestartet war. <em>Oh what a pain! <\/em>Der Schmerz verflog aber schnell, als wir vom Rad steigen durften, unsere Startnummern gescannt waren und wir uns zu dem gelungenen <em>Team-Play<\/em> in den Armen lagen.<\/p>\n<p>Wieder eine ganz tolle Veranstaltung, mit einem exzellenten Team. Mein Dank gilt meinen Kettenbr\u00fcdern <em>Sebastian, Ralph, Sven und Andi <\/em>ohne die, diese neue Team-Bestzeit nicht m\u00f6glich gewesen w\u00e4re! <em>Ganz gro\u00dfes Kino!<\/em><\/p>\n<p style=\"text-align: center;\"><em><img data-recalc-dims=\"1\" loading=\"lazy\" decoding=\"async\" class=\"aligncenter\" src=\"https:\/\/i0.wp.com\/blog.kunstgriff.net\/Bilda\/HHBerlinBestzeit.png?resize=506%2C104\" alt=\"\" width=\"506\" height=\"104\" \/><\/em><\/p>\n<p><em><strong>Nachtrag am 20.10.2011: <\/strong><\/em>Solltest Du nun noch nicht genug von diesem Bericht von HH-&gt;Berlin 2011 Berichten haben, empfehle ich den Bericht von Alexander auf <a href=\"http:\/\/rr-saison.blogspot.com\/2011\/10\/einzelzeitfahren-teamzeitfahren-hamburg.html\" target=\"_blank\">Alexanders Rennrad Touren Blog<\/a> oder <a href=\"http:\/\/eisenschweinkader.org\/archives\/2011\/10\/17\/2898\/\" target=\"_blank\">den Einen<\/a> oder <a href=\"http:\/\/eisenschweinkader.org\/archives\/2011\/10\/17\/boing-boom-tschak\/\" target=\"_blank\">Anderen<\/a> Bericht vom ESK oder vielleicht von Oliver, dem <a href=\"http:\/\/sysadm.in\/by.bike\/2011\/10\/hamburg-berlin-2011\/\" target=\"_blank\">Sysadmin by bike<\/a> oder auch noch vom\u00a0<a href=\"http:\/\/www.rst-luebeck.de\/modules.php?op=modload&amp;name=PagEd&amp;file=index&amp;topic_id=8&amp;page_id=826\" target=\"_blank\">Teams RST L\u00fcbeck<\/a> oder noch ein Bericht im <a href=\"http:\/\/forum.rennradliste-streckendatenbank.de\/viewtopic.php?f=5&amp;t=23114182\" target=\"_blank\">Leipziger Rennradforum<\/a>. Zu guter letzt darf nat\u00fcrlich auch der, <del datetime=\"2011-10-20T09:43:43+00:00\">meiner Meinung nach in manchen Bereichen etwas zu ausf\u00fchrliche<\/del> <a href=\"http:\/\/cervelover.blogspot.com\/2011\/10\/zwischen-hibernation-und-myalgie-mein.html#links\" target=\"_blank\">Bericht vom Cervelover<\/a> nicht fehlen. Sollte ich Deinen Bericht vergessen habe, so erg\u00e4nze ich diesen gerne!<\/p>\n<p><em><strong>Nachtrag am 25.10.2011:<\/strong><\/em> Nun stehen <del datetime=\"2011-10-25T06:44:26+00:00\">endlich<\/del> die Ergebnisse fest: <a href=\"http:\/\/www.audaxclub-schleswig-holstein.de\/node\/439\" target=\"_blank\">Wir sind 13. von 106<\/a> geworden. Leider hat es nicht f\u00fcr die <em>Top10<\/em> gereicht. Vielleicht im n\u00e4chsten Jahr?<\/p>\n<h6><span style=\"font-weight: normal;\">Noch mehr Statistik: Das war heute meine 500. Ausfahrt mit einem Garmin-GPS.<\/span><\/h6>\n<p>&nbsp;<\/p>\n<div class=\"tiled-gallery type-rectangular tiled-gallery-unresized\" data-original-width=\"525\" data-carousel-extra='{&quot;blog_id&quot;:1,&quot;permalink&quot;:&quot;https:\\\/\\\/blog.kunstgriff.net\\\/?p=6233&quot;,&quot;likes_blog_id&quot;:127394879}' itemscope itemtype=\"http:\/\/schema.org\/ImageGallery\" > <div class=\"gallery-row\" style=\"width: 525px; height: 440px;\" data-original-width=\"525\" data-original-height=\"440\" > <div class=\"gallery-group images-1\" style=\"width: 331px; height: 440px;\" data-original-width=\"331\" data-original-height=\"440\" > <div class=\"tiled-gallery-item tiled-gallery-item-large\" itemprop=\"associatedMedia\" itemscope itemtype=\"http:\/\/schema.org\/ImageObject\"> <a href=\"https:\/\/i0.wp.com\/blog.kunstgriff.net\/wp-content\/uploads\/2011\/10\/Andi-und-Burkhard-vor-einem-der-beiden-Fr%C3%BChst%C3%BCcksbuffets-welches-aus-Platzmangel-draussen-aufgestellt-wurde.jpg?ssl=1\" border=\"0\" itemprop=\"url\"> <meta itemprop=\"width\" content=\"327\"> <meta itemprop=\"height\" content=\"436\"> <img decoding=\"async\" class=\"\" data-attachment-id=\"6240\" data-orig-file=\"https:\/\/blog.kunstgriff.net\/wp-content\/uploads\/2011\/10\/Andi-und-Burkhard-vor-einem-der-beiden-Fr\u00fchst\u00fccksbuffets-welches-aus-Platzmangel-draussen-aufgestellt-wurde.jpg\" data-orig-size=\"675,900\" data-comments-opened=\"1\" data-image-meta=\"{&quot;aperture&quot;:&quot;2.8&quot;,&quot;credit&quot;:&quot;&quot;,&quot;camera&quot;:&quot;Canon DIGITAL IXUS 870 IS&quot;,&quot;caption&quot;:&quot;&quot;,&quot;created_timestamp&quot;:&quot;1318650737&quot;,&quot;copyright&quot;:&quot;&quot;,&quot;focal_length&quot;:&quot;5&quot;,&quot;iso&quot;:&quot;400&quot;,&quot;shutter_speed&quot;:&quot;0.016666666666667&quot;,&quot;title&quot;:&quot;&quot;}\" data-image-title=\"Andi und Burkhard vor einem der beiden Fr\u00fchst\u00fccksbuffets, welches aus Platzmangel draussen aufgestellt wurde\" data-image-description=\"\" data-medium-file=\"https:\/\/i0.wp.com\/blog.kunstgriff.net\/wp-content\/uploads\/2011\/10\/Andi-und-Burkhard-vor-einem-der-beiden-Fr%C3%BChst%C3%BCcksbuffets-welches-aus-Platzmangel-draussen-aufgestellt-wurde.jpg?fit=225%2C300&#038;ssl=1\" data-large-file=\"https:\/\/i0.wp.com\/blog.kunstgriff.net\/wp-content\/uploads\/2011\/10\/Andi-und-Burkhard-vor-einem-der-beiden-Fr%C3%BChst%C3%BCcksbuffets-welches-aus-Platzmangel-draussen-aufgestellt-wurde.jpg?fit=675%2C900&#038;ssl=1\" src=\"https:\/\/i0.wp.com\/blog.kunstgriff.net\/wp-content\/uploads\/2011\/10\/Andi-und-Burkhard-vor-einem-der-beiden-Fr%C3%BChst%C3%BCcksbuffets-welches-aus-Platzmangel-draussen-aufgestellt-wurde.jpg?w=327&#038;h=436&#038;ssl=1\" width=\"327\" height=\"436\" loading=\"lazy\" data-original-width=\"327\" data-original-height=\"436\" itemprop=\"http:\/\/schema.org\/image\" title=\"Andi und Burkhard vor einem der beiden Fr\u00fchst\u00fccksbuffets, welches aus Platzmangel draussen aufgestellt wurde\" alt=\"Andi und Burkhard vor einem der beiden Fr\u00fchst\u00fccksbuffets, welches aus Platzmangel draussen aufgestellt wurde\" style=\"width: 327px; height: 436px;\" \/> <\/a> <\/div> <\/div> <!-- close group --> <div class=\"gallery-group images-3\" style=\"width: 194px; height: 440px;\" data-original-width=\"194\" data-original-height=\"440\" > <div class=\"tiled-gallery-item tiled-gallery-item-small\" itemprop=\"associatedMedia\" itemscope itemtype=\"http:\/\/schema.org\/ImageObject\"> <a href=\"https:\/\/i0.wp.com\/blog.kunstgriff.net\/wp-content\/uploads\/2011\/10\/Noch-wenige-Minuten-im-Warmen-vor-dem-Start.jpg?ssl=1\" border=\"0\" itemprop=\"url\"> <meta itemprop=\"width\" content=\"190\"> <meta itemprop=\"height\" content=\"143\"> <img decoding=\"async\" class=\"\" data-attachment-id=\"6247\" data-orig-file=\"https:\/\/blog.kunstgriff.net\/wp-content\/uploads\/2011\/10\/Noch-wenige-Minuten-im-Warmen-vor-dem-Start.jpg\" data-orig-size=\"900,675\" data-comments-opened=\"1\" data-image-meta=\"{&quot;aperture&quot;:&quot;2.8&quot;,&quot;credit&quot;:&quot;&quot;,&quot;camera&quot;:&quot;Canon DIGITAL IXUS 870 IS&quot;,&quot;caption&quot;:&quot;&quot;,&quot;created_timestamp&quot;:&quot;1318653373&quot;,&quot;copyright&quot;:&quot;&quot;,&quot;focal_length&quot;:&quot;5&quot;,&quot;iso&quot;:&quot;400&quot;,&quot;shutter_speed&quot;:&quot;0.16666666666667&quot;,&quot;title&quot;:&quot;&quot;}\" data-image-title=\"Noch wenige Minuten im Warmen vor dem Start\" data-image-description=\"\" data-medium-file=\"https:\/\/i0.wp.com\/blog.kunstgriff.net\/wp-content\/uploads\/2011\/10\/Noch-wenige-Minuten-im-Warmen-vor-dem-Start.jpg?fit=300%2C225&#038;ssl=1\" data-large-file=\"https:\/\/i0.wp.com\/blog.kunstgriff.net\/wp-content\/uploads\/2011\/10\/Noch-wenige-Minuten-im-Warmen-vor-dem-Start.jpg?fit=900%2C675&#038;ssl=1\" src=\"https:\/\/i0.wp.com\/blog.kunstgriff.net\/wp-content\/uploads\/2011\/10\/Noch-wenige-Minuten-im-Warmen-vor-dem-Start.jpg?w=190&#038;h=143&#038;ssl=1\" srcset=\"https:\/\/i0.wp.com\/blog.kunstgriff.net\/wp-content\/uploads\/2011\/10\/Noch-wenige-Minuten-im-Warmen-vor-dem-Start.jpg?w=900&amp;ssl=1 900w, https:\/\/i0.wp.com\/blog.kunstgriff.net\/wp-content\/uploads\/2011\/10\/Noch-wenige-Minuten-im-Warmen-vor-dem-Start.jpg?resize=300%2C225&amp;ssl=1 300w\" width=\"190\" height=\"143\" loading=\"lazy\" data-original-width=\"190\" data-original-height=\"143\" itemprop=\"http:\/\/schema.org\/image\" title=\"Noch wenige Minuten im Warmen vor dem Start\" alt=\"Noch wenige Minuten im Warmen vor dem Start\" style=\"width: 190px; height: 143px;\" \/> <\/a> <\/div> <div class=\"tiled-gallery-item tiled-gallery-item-small\" itemprop=\"associatedMedia\" itemscope itemtype=\"http:\/\/schema.org\/ImageObject\"> <a href=\"https:\/\/i0.wp.com\/blog.kunstgriff.net\/wp-content\/uploads\/2011\/10\/Wenige-Sekunden-im-Kalten-vor-dem-Start.jpg?ssl=1\" border=\"0\" itemprop=\"url\"> <meta itemprop=\"width\" content=\"190\"> <meta itemprop=\"height\" content=\"143\"> <img decoding=\"async\" class=\"\" data-attachment-id=\"6250\" data-orig-file=\"https:\/\/blog.kunstgriff.net\/wp-content\/uploads\/2011\/10\/Wenige-Sekunden-im-Kalten-vor-dem-Start.jpg\" data-orig-size=\"900,675\" data-comments-opened=\"1\" data-image-meta=\"{&quot;aperture&quot;:&quot;2.8&quot;,&quot;credit&quot;:&quot;&quot;,&quot;camera&quot;:&quot;Canon DIGITAL IXUS 870 IS&quot;,&quot;caption&quot;:&quot;&quot;,&quot;created_timestamp&quot;:&quot;1318654049&quot;,&quot;copyright&quot;:&quot;&quot;,&quot;focal_length&quot;:&quot;5&quot;,&quot;iso&quot;:&quot;400&quot;,&quot;shutter_speed&quot;:&quot;0.016666666666667&quot;,&quot;title&quot;:&quot;&quot;}\" data-image-title=\"Wenige Sekunden im Kalten vor dem Start\" data-image-description=\"\" data-medium-file=\"https:\/\/i0.wp.com\/blog.kunstgriff.net\/wp-content\/uploads\/2011\/10\/Wenige-Sekunden-im-Kalten-vor-dem-Start.jpg?fit=300%2C225&#038;ssl=1\" data-large-file=\"https:\/\/i0.wp.com\/blog.kunstgriff.net\/wp-content\/uploads\/2011\/10\/Wenige-Sekunden-im-Kalten-vor-dem-Start.jpg?fit=900%2C675&#038;ssl=1\" src=\"https:\/\/i0.wp.com\/blog.kunstgriff.net\/wp-content\/uploads\/2011\/10\/Wenige-Sekunden-im-Kalten-vor-dem-Start.jpg?w=190&#038;h=143&#038;ssl=1\" srcset=\"https:\/\/i0.wp.com\/blog.kunstgriff.net\/wp-content\/uploads\/2011\/10\/Wenige-Sekunden-im-Kalten-vor-dem-Start.jpg?w=900&amp;ssl=1 900w, https:\/\/i0.wp.com\/blog.kunstgriff.net\/wp-content\/uploads\/2011\/10\/Wenige-Sekunden-im-Kalten-vor-dem-Start.jpg?resize=300%2C225&amp;ssl=1 300w\" width=\"190\" height=\"143\" loading=\"lazy\" data-original-width=\"190\" data-original-height=\"143\" itemprop=\"http:\/\/schema.org\/image\" title=\"Wenige Sekunden im Kalten vor dem Start\" alt=\"Wenige Sekunden im Kalten vor dem Start\" style=\"width: 190px; height: 143px;\" \/> <\/a> <\/div> <div class=\"tiled-gallery-item tiled-gallery-item-small\" itemprop=\"associatedMedia\" itemscope itemtype=\"http:\/\/schema.org\/ImageObject\"> <a href=\"https:\/\/i0.wp.com\/blog.kunstgriff.net\/wp-content\/uploads\/2011\/10\/An-der-Startlinie-vor-dem-Altengammer-F%C3%A4hrhaus.jpg?ssl=1\" border=\"0\" itemprop=\"url\"> <meta itemprop=\"width\" content=\"190\"> <meta itemprop=\"height\" content=\"142\"> <img decoding=\"async\" class=\"\" data-attachment-id=\"6239\" data-orig-file=\"https:\/\/blog.kunstgriff.net\/wp-content\/uploads\/2011\/10\/An-der-Startlinie-vor-dem-Altengammer-F\u00e4hrhaus.jpg\" data-orig-size=\"900,675\" data-comments-opened=\"1\" data-image-meta=\"{&quot;aperture&quot;:&quot;2.8&quot;,&quot;credit&quot;:&quot;&quot;,&quot;camera&quot;:&quot;Canon DIGITAL IXUS 870 IS&quot;,&quot;caption&quot;:&quot;&quot;,&quot;created_timestamp&quot;:&quot;1318652922&quot;,&quot;copyright&quot;:&quot;&quot;,&quot;focal_length&quot;:&quot;5&quot;,&quot;iso&quot;:&quot;400&quot;,&quot;shutter_speed&quot;:&quot;0.5&quot;,&quot;title&quot;:&quot;&quot;}\" data-image-title=\"An der Startlinie vor dem Altengammer F\u00e4hrhaus\" data-image-description=\"\" data-medium-file=\"https:\/\/i0.wp.com\/blog.kunstgriff.net\/wp-content\/uploads\/2011\/10\/An-der-Startlinie-vor-dem-Altengammer-F%C3%A4hrhaus.jpg?fit=300%2C225&#038;ssl=1\" data-large-file=\"https:\/\/i0.wp.com\/blog.kunstgriff.net\/wp-content\/uploads\/2011\/10\/An-der-Startlinie-vor-dem-Altengammer-F%C3%A4hrhaus.jpg?fit=900%2C675&#038;ssl=1\" src=\"https:\/\/i0.wp.com\/blog.kunstgriff.net\/wp-content\/uploads\/2011\/10\/An-der-Startlinie-vor-dem-Altengammer-F%C3%A4hrhaus.jpg?w=190&#038;h=142&#038;ssl=1\" width=\"190\" height=\"142\" loading=\"lazy\" data-original-width=\"190\" data-original-height=\"142\" itemprop=\"http:\/\/schema.org\/image\" title=\"An der Startlinie vor dem Altengammer F\u00e4hrhaus\" alt=\"An der Startlinie vor dem Altengammer F\u00e4hrhaus\" style=\"width: 190px; height: 142px;\" \/> <\/a> <\/div> <\/div> <!-- close group --> <\/div> <!-- close row --> <div class=\"gallery-row\" style=\"width: 525px; height: 264px;\" data-original-width=\"525\" data-original-height=\"264\" > <div class=\"gallery-group images-1\" style=\"width: 350px; height: 264px;\" data-original-width=\"350\" data-original-height=\"264\" > <div class=\"tiled-gallery-item tiled-gallery-item-large\" itemprop=\"associatedMedia\" itemscope itemtype=\"http:\/\/schema.org\/ImageObject\"> <a href=\"https:\/\/i0.wp.com\/blog.kunstgriff.net\/wp-content\/uploads\/2011\/10\/Immer-der-Sonne-entgegen.jpg?ssl=1\" border=\"0\" itemprop=\"url\"> <meta itemprop=\"width\" content=\"346\"> <meta itemprop=\"height\" content=\"260\"> <img decoding=\"async\" class=\"\" data-attachment-id=\"6243\" data-orig-file=\"https:\/\/blog.kunstgriff.net\/wp-content\/uploads\/2011\/10\/Immer-der-Sonne-entgegen.jpg\" data-orig-size=\"900,675\" data-comments-opened=\"1\" data-image-meta=\"{&quot;aperture&quot;:&quot;2.8&quot;,&quot;credit&quot;:&quot;&quot;,&quot;camera&quot;:&quot;Canon DIGITAL IXUS 870 IS&quot;,&quot;caption&quot;:&quot;&quot;,&quot;created_timestamp&quot;:&quot;1318655933&quot;,&quot;copyright&quot;:&quot;&quot;,&quot;focal_length&quot;:&quot;5&quot;,&quot;iso&quot;:&quot;400&quot;,&quot;shutter_speed&quot;:&quot;0.016666666666667&quot;,&quot;title&quot;:&quot;&quot;}\" data-image-title=\"Immer der Sonne entgegen\" data-image-description=\"\" data-medium-file=\"https:\/\/i0.wp.com\/blog.kunstgriff.net\/wp-content\/uploads\/2011\/10\/Immer-der-Sonne-entgegen.jpg?fit=300%2C225&#038;ssl=1\" data-large-file=\"https:\/\/i0.wp.com\/blog.kunstgriff.net\/wp-content\/uploads\/2011\/10\/Immer-der-Sonne-entgegen.jpg?fit=900%2C675&#038;ssl=1\" src=\"https:\/\/i0.wp.com\/blog.kunstgriff.net\/wp-content\/uploads\/2011\/10\/Immer-der-Sonne-entgegen.jpg?w=346&#038;h=260&#038;ssl=1\" srcset=\"https:\/\/i0.wp.com\/blog.kunstgriff.net\/wp-content\/uploads\/2011\/10\/Immer-der-Sonne-entgegen.jpg?w=900&amp;ssl=1 900w, https:\/\/i0.wp.com\/blog.kunstgriff.net\/wp-content\/uploads\/2011\/10\/Immer-der-Sonne-entgegen.jpg?resize=300%2C225&amp;ssl=1 300w\" width=\"346\" height=\"260\" loading=\"lazy\" data-original-width=\"346\" data-original-height=\"260\" itemprop=\"http:\/\/schema.org\/image\" title=\"Immer der Sonne entgegen\" alt=\"Immer der Sonne entgegen\" style=\"width: 346px; height: 260px;\" \/> <\/a> <\/div> <\/div> <!-- close group --> <div class=\"gallery-group images-2\" style=\"width: 175px; height: 264px;\" data-original-width=\"175\" data-original-height=\"264\" > <div class=\"tiled-gallery-item tiled-gallery-item-small\" itemprop=\"associatedMedia\" itemscope itemtype=\"http:\/\/schema.org\/ImageObject\"> <a href=\"https:\/\/i0.wp.com\/blog.kunstgriff.net\/wp-content\/uploads\/2011\/10\/Janz-sch%C3%B6n-frisch.jpg?ssl=1\" border=\"0\" itemprop=\"url\"> <meta itemprop=\"width\" content=\"171\"> <meta itemprop=\"height\" content=\"128\"> <img decoding=\"async\" class=\"\" data-attachment-id=\"6244\" data-orig-file=\"https:\/\/blog.kunstgriff.net\/wp-content\/uploads\/2011\/10\/Janz-sch\u00f6n-frisch.jpg\" data-orig-size=\"900,675\" data-comments-opened=\"1\" data-image-meta=\"{&quot;aperture&quot;:&quot;2.8&quot;,&quot;credit&quot;:&quot;&quot;,&quot;camera&quot;:&quot;Canon DIGITAL IXUS 870 IS&quot;,&quot;caption&quot;:&quot;&quot;,&quot;created_timestamp&quot;:&quot;1318658634&quot;,&quot;copyright&quot;:&quot;&quot;,&quot;focal_length&quot;:&quot;5&quot;,&quot;iso&quot;:&quot;400&quot;,&quot;shutter_speed&quot;:&quot;0.005&quot;,&quot;title&quot;:&quot;&quot;}\" data-image-title=\"Janz sch\u00f6n frisch\" data-image-description=\"\" data-medium-file=\"https:\/\/i0.wp.com\/blog.kunstgriff.net\/wp-content\/uploads\/2011\/10\/Janz-sch%C3%B6n-frisch.jpg?fit=300%2C225&#038;ssl=1\" data-large-file=\"https:\/\/i0.wp.com\/blog.kunstgriff.net\/wp-content\/uploads\/2011\/10\/Janz-sch%C3%B6n-frisch.jpg?fit=900%2C675&#038;ssl=1\" src=\"https:\/\/i0.wp.com\/blog.kunstgriff.net\/wp-content\/uploads\/2011\/10\/Janz-sch%C3%B6n-frisch.jpg?w=171&#038;h=128&#038;ssl=1\" width=\"171\" height=\"128\" loading=\"lazy\" data-original-width=\"171\" data-original-height=\"128\" itemprop=\"http:\/\/schema.org\/image\" title=\"Janz sch\u00f6n frisch\" alt=\"Janz sch\u00f6n frisch\" style=\"width: 171px; height: 128px;\" \/> <\/a> <\/div> <div class=\"tiled-gallery-item tiled-gallery-item-small\" itemprop=\"associatedMedia\" itemscope itemtype=\"http:\/\/schema.org\/ImageObject\"> <a href=\"https:\/\/i0.wp.com\/blog.kunstgriff.net\/wp-content\/uploads\/2011\/10\/Man-beachte-den-Rauhreif-auf-den-Feldern.jpg?ssl=1\" border=\"0\" itemprop=\"url\"> <meta itemprop=\"width\" content=\"171\"> <meta itemprop=\"height\" content=\"128\"> <img decoding=\"async\" class=\"\" data-attachment-id=\"6245\" data-orig-file=\"https:\/\/blog.kunstgriff.net\/wp-content\/uploads\/2011\/10\/Man-beachte-den-Rauhreif-auf-den-Feldern.jpg\" data-orig-size=\"900,675\" data-comments-opened=\"1\" data-image-meta=\"{&quot;aperture&quot;:&quot;5.6&quot;,&quot;credit&quot;:&quot;&quot;,&quot;camera&quot;:&quot;Canon DIGITAL IXUS 870 IS&quot;,&quot;caption&quot;:&quot;&quot;,&quot;created_timestamp&quot;:&quot;1318659597&quot;,&quot;copyright&quot;:&quot;&quot;,&quot;focal_length&quot;:&quot;5&quot;,&quot;iso&quot;:&quot;400&quot;,&quot;shutter_speed&quot;:&quot;0.003125&quot;,&quot;title&quot;:&quot;&quot;}\" data-image-title=\"Man beachte den Rauhreif auf den Feldern\" data-image-description=\"\" data-medium-file=\"https:\/\/i0.wp.com\/blog.kunstgriff.net\/wp-content\/uploads\/2011\/10\/Man-beachte-den-Rauhreif-auf-den-Feldern.jpg?fit=300%2C225&#038;ssl=1\" data-large-file=\"https:\/\/i0.wp.com\/blog.kunstgriff.net\/wp-content\/uploads\/2011\/10\/Man-beachte-den-Rauhreif-auf-den-Feldern.jpg?fit=900%2C675&#038;ssl=1\" src=\"https:\/\/i0.wp.com\/blog.kunstgriff.net\/wp-content\/uploads\/2011\/10\/Man-beachte-den-Rauhreif-auf-den-Feldern.jpg?w=171&#038;h=128&#038;ssl=1\" srcset=\"https:\/\/i0.wp.com\/blog.kunstgriff.net\/wp-content\/uploads\/2011\/10\/Man-beachte-den-Rauhreif-auf-den-Feldern.jpg?w=900&amp;ssl=1 900w, https:\/\/i0.wp.com\/blog.kunstgriff.net\/wp-content\/uploads\/2011\/10\/Man-beachte-den-Rauhreif-auf-den-Feldern.jpg?resize=300%2C225&amp;ssl=1 300w\" width=\"171\" height=\"128\" loading=\"lazy\" data-original-width=\"171\" data-original-height=\"128\" itemprop=\"http:\/\/schema.org\/image\" title=\"Man beachte den Rauhreif auf den Feldern\" alt=\"Man beachte den Rauhreif auf den Feldern\" style=\"width: 171px; height: 128px;\" \/> <\/a> <\/div> <\/div> <!-- close group --> <\/div> <!-- close row --> <div class=\"gallery-row\" style=\"width: 525px; height: 132px;\" data-original-width=\"525\" data-original-height=\"132\" > <div class=\"gallery-group images-1\" style=\"width: 175px; height: 132px;\" data-original-width=\"175\" data-original-height=\"132\" > <div class=\"tiled-gallery-item tiled-gallery-item-small\" itemprop=\"associatedMedia\" itemscope itemtype=\"http:\/\/schema.org\/ImageObject\"> <a href=\"https:\/\/i0.wp.com\/blog.kunstgriff.net\/wp-content\/uploads\/2011\/10\/Weiter-auf-dem-Deich-nach-Wittenberge.jpg?ssl=1\" border=\"0\" itemprop=\"url\"> <meta itemprop=\"width\" content=\"171\"> <meta itemprop=\"height\" content=\"128\"> <img decoding=\"async\" class=\"\" data-attachment-id=\"6249\" data-orig-file=\"https:\/\/blog.kunstgriff.net\/wp-content\/uploads\/2011\/10\/Weiter-auf-dem-Deich-nach-Wittenberge.jpg\" data-orig-size=\"900,675\" data-comments-opened=\"1\" data-image-meta=\"{&quot;aperture&quot;:&quot;5.6&quot;,&quot;credit&quot;:&quot;&quot;,&quot;camera&quot;:&quot;Canon DIGITAL IXUS 870 IS&quot;,&quot;caption&quot;:&quot;&quot;,&quot;created_timestamp&quot;:&quot;1318661531&quot;,&quot;copyright&quot;:&quot;&quot;,&quot;focal_length&quot;:&quot;5&quot;,&quot;iso&quot;:&quot;400&quot;,&quot;shutter_speed&quot;:&quot;0.0008&quot;,&quot;title&quot;:&quot;&quot;}\" data-image-title=\"Kurz vor D\u00f6mitz\" data-image-description=\"\" data-medium-file=\"https:\/\/i0.wp.com\/blog.kunstgriff.net\/wp-content\/uploads\/2011\/10\/Weiter-auf-dem-Deich-nach-Wittenberge.jpg?fit=300%2C225&#038;ssl=1\" data-large-file=\"https:\/\/i0.wp.com\/blog.kunstgriff.net\/wp-content\/uploads\/2011\/10\/Weiter-auf-dem-Deich-nach-Wittenberge.jpg?fit=900%2C675&#038;ssl=1\" src=\"https:\/\/i0.wp.com\/blog.kunstgriff.net\/wp-content\/uploads\/2011\/10\/Weiter-auf-dem-Deich-nach-Wittenberge.jpg?w=171&#038;h=128&#038;ssl=1\" srcset=\"https:\/\/i0.wp.com\/blog.kunstgriff.net\/wp-content\/uploads\/2011\/10\/Weiter-auf-dem-Deich-nach-Wittenberge.jpg?w=900&amp;ssl=1 900w, https:\/\/i0.wp.com\/blog.kunstgriff.net\/wp-content\/uploads\/2011\/10\/Weiter-auf-dem-Deich-nach-Wittenberge.jpg?resize=300%2C225&amp;ssl=1 300w\" width=\"171\" height=\"128\" loading=\"lazy\" data-original-width=\"171\" data-original-height=\"128\" itemprop=\"http:\/\/schema.org\/image\" title=\"Kurz vor D\u00f6mitz\" alt=\"Kurz vor D\u00f6mitz\" style=\"width: 171px; height: 128px;\" \/> <\/a> <\/div> <\/div> <!-- close group --> <div class=\"gallery-group images-1\" style=\"width: 175px; height: 132px;\" data-original-width=\"175\" data-original-height=\"132\" > <div class=\"tiled-gallery-item tiled-gallery-item-small\" itemprop=\"associatedMedia\" itemscope itemtype=\"http:\/\/schema.org\/ImageObject\"> <a href=\"https:\/\/i0.wp.com\/blog.kunstgriff.net\/wp-content\/uploads\/2011\/10\/Mit-abgefrorenen-Fingern-als-erstes-Team-an-der-Kontrolle-in-D%C3%B6mitz.jpg?ssl=1\" border=\"0\" itemprop=\"url\"> <meta itemprop=\"width\" content=\"171\"> <meta itemprop=\"height\" content=\"128\"> <img decoding=\"async\" class=\"\" data-attachment-id=\"6246\" data-orig-file=\"https:\/\/blog.kunstgriff.net\/wp-content\/uploads\/2011\/10\/Mit-abgefrorenen-Fingern-als-erstes-Team-an-der-Kontrolle-in-D\u00f6mitz.jpg\" data-orig-size=\"900,675\" data-comments-opened=\"1\" data-image-meta=\"{&quot;aperture&quot;:&quot;5.6&quot;,&quot;credit&quot;:&quot;&quot;,&quot;camera&quot;:&quot;Canon DIGITAL IXUS 870 IS&quot;,&quot;caption&quot;:&quot;&quot;,&quot;created_timestamp&quot;:&quot;1318663980&quot;,&quot;copyright&quot;:&quot;&quot;,&quot;focal_length&quot;:&quot;5&quot;,&quot;iso&quot;:&quot;400&quot;,&quot;shutter_speed&quot;:&quot;0.0008&quot;,&quot;title&quot;:&quot;&quot;}\" data-image-title=\"Mit abgefrorenen Fingern als erstes Team an der Kontrolle in D\u00f6mitz\" data-image-description=\"\" data-medium-file=\"https:\/\/i0.wp.com\/blog.kunstgriff.net\/wp-content\/uploads\/2011\/10\/Mit-abgefrorenen-Fingern-als-erstes-Team-an-der-Kontrolle-in-D%C3%B6mitz.jpg?fit=300%2C225&#038;ssl=1\" data-large-file=\"https:\/\/i0.wp.com\/blog.kunstgriff.net\/wp-content\/uploads\/2011\/10\/Mit-abgefrorenen-Fingern-als-erstes-Team-an-der-Kontrolle-in-D%C3%B6mitz.jpg?fit=900%2C675&#038;ssl=1\" src=\"https:\/\/i0.wp.com\/blog.kunstgriff.net\/wp-content\/uploads\/2011\/10\/Mit-abgefrorenen-Fingern-als-erstes-Team-an-der-Kontrolle-in-D%C3%B6mitz.jpg?w=171&#038;h=128&#038;ssl=1\" width=\"171\" height=\"128\" loading=\"lazy\" data-original-width=\"171\" data-original-height=\"128\" itemprop=\"http:\/\/schema.org\/image\" title=\"Mit abgefrorenen Fingern als erstes Team an der Kontrolle in D\u00f6mitz\" alt=\"Mit abgefrorenen Fingern als erstes Team an der Kontrolle in D\u00f6mitz\" style=\"width: 171px; height: 128px;\" \/> <\/a> <\/div> <\/div> <!-- close group --> <div class=\"gallery-group images-1\" style=\"width: 175px; height: 132px;\" data-original-width=\"175\" data-original-height=\"132\" > <div class=\"tiled-gallery-item tiled-gallery-item-small\" itemprop=\"associatedMedia\" itemscope itemtype=\"http:\/\/schema.org\/ImageObject\"> <a href=\"https:\/\/i0.wp.com\/blog.kunstgriff.net\/wp-content\/uploads\/2011\/10\/Typische-endlose-Strasse-im-Herzen-Brandenburgs.jpg?ssl=1\" border=\"0\" itemprop=\"url\"> <meta itemprop=\"width\" content=\"171\"> <meta itemprop=\"height\" content=\"128\"> <img decoding=\"async\" class=\"\" data-attachment-id=\"6248\" data-orig-file=\"https:\/\/blog.kunstgriff.net\/wp-content\/uploads\/2011\/10\/Typische-endlose-Strasse-im-Herzen-Brandenburgs.jpg\" data-orig-size=\"900,675\" data-comments-opened=\"1\" data-image-meta=\"{&quot;aperture&quot;:&quot;5.6&quot;,&quot;credit&quot;:&quot;&quot;,&quot;camera&quot;:&quot;Canon DIGITAL IXUS 870 IS&quot;,&quot;caption&quot;:&quot;&quot;,&quot;created_timestamp&quot;:&quot;1318671703&quot;,&quot;copyright&quot;:&quot;&quot;,&quot;focal_length&quot;:&quot;5&quot;,&quot;iso&quot;:&quot;400&quot;,&quot;shutter_speed&quot;:&quot;0.000625&quot;,&quot;title&quot;:&quot;&quot;}\" data-image-title=\"Typische endlose Strasse im Herzen Brandenburgs\" data-image-description=\"\" data-medium-file=\"https:\/\/i0.wp.com\/blog.kunstgriff.net\/wp-content\/uploads\/2011\/10\/Typische-endlose-Strasse-im-Herzen-Brandenburgs.jpg?fit=300%2C225&#038;ssl=1\" data-large-file=\"https:\/\/i0.wp.com\/blog.kunstgriff.net\/wp-content\/uploads\/2011\/10\/Typische-endlose-Strasse-im-Herzen-Brandenburgs.jpg?fit=900%2C675&#038;ssl=1\" src=\"https:\/\/i0.wp.com\/blog.kunstgriff.net\/wp-content\/uploads\/2011\/10\/Typische-endlose-Strasse-im-Herzen-Brandenburgs.jpg?w=171&#038;h=128&#038;ssl=1\" srcset=\"https:\/\/i0.wp.com\/blog.kunstgriff.net\/wp-content\/uploads\/2011\/10\/Typische-endlose-Strasse-im-Herzen-Brandenburgs.jpg?w=900&amp;ssl=1 900w, https:\/\/i0.wp.com\/blog.kunstgriff.net\/wp-content\/uploads\/2011\/10\/Typische-endlose-Strasse-im-Herzen-Brandenburgs.jpg?resize=300%2C225&amp;ssl=1 300w\" width=\"171\" height=\"128\" loading=\"lazy\" data-original-width=\"171\" data-original-height=\"128\" itemprop=\"http:\/\/schema.org\/image\" title=\"Typische endlose Strasse im Herzen Brandenburgs\" alt=\"Typische endlose Strasse im Herzen Brandenburgs\" style=\"width: 171px; height: 128px;\" \/> <\/a> <\/div> <\/div> <!-- close group --> <\/div> <!-- close row --> <div class=\"gallery-row\" style=\"width: 525px; height: 198px;\" data-original-width=\"525\" data-original-height=\"198\" > <div class=\"gallery-group images-1\" style=\"width: 263px; height: 198px;\" data-original-width=\"263\" data-original-height=\"198\" > <div class=\"tiled-gallery-item tiled-gallery-item-large\" itemprop=\"associatedMedia\" itemscope itemtype=\"http:\/\/schema.org\/ImageObject\"> <a href=\"https:\/\/i0.wp.com\/blog.kunstgriff.net\/wp-content\/uploads\/2011\/10\/Hallo-Herr-Fotograf.jpg?ssl=1\" border=\"0\" itemprop=\"url\"> <meta itemprop=\"width\" content=\"259\"> <meta itemprop=\"height\" content=\"194\"> <img decoding=\"async\" class=\"\" data-attachment-id=\"6241\" data-orig-file=\"https:\/\/blog.kunstgriff.net\/wp-content\/uploads\/2011\/10\/Hallo-Herr-Fotograf.jpg\" data-orig-size=\"900,675\" data-comments-opened=\"1\" data-image-meta=\"{&quot;aperture&quot;:&quot;5.6&quot;,&quot;credit&quot;:&quot;&quot;,&quot;camera&quot;:&quot;Canon DIGITAL IXUS 870 IS&quot;,&quot;caption&quot;:&quot;&quot;,&quot;created_timestamp&quot;:&quot;1318671716&quot;,&quot;copyright&quot;:&quot;&quot;,&quot;focal_length&quot;:&quot;5&quot;,&quot;iso&quot;:&quot;400&quot;,&quot;shutter_speed&quot;:&quot;0.000625&quot;,&quot;title&quot;:&quot;&quot;}\" data-image-title=\"Hallo Herr Fotograf\" data-image-description=\"\" data-medium-file=\"https:\/\/i0.wp.com\/blog.kunstgriff.net\/wp-content\/uploads\/2011\/10\/Hallo-Herr-Fotograf.jpg?fit=300%2C225&#038;ssl=1\" data-large-file=\"https:\/\/i0.wp.com\/blog.kunstgriff.net\/wp-content\/uploads\/2011\/10\/Hallo-Herr-Fotograf.jpg?fit=900%2C675&#038;ssl=1\" src=\"https:\/\/i0.wp.com\/blog.kunstgriff.net\/wp-content\/uploads\/2011\/10\/Hallo-Herr-Fotograf.jpg?w=259&#038;h=194&#038;ssl=1\" srcset=\"https:\/\/i0.wp.com\/blog.kunstgriff.net\/wp-content\/uploads\/2011\/10\/Hallo-Herr-Fotograf.jpg?w=900&amp;ssl=1 900w, https:\/\/i0.wp.com\/blog.kunstgriff.net\/wp-content\/uploads\/2011\/10\/Hallo-Herr-Fotograf.jpg?resize=300%2C225&amp;ssl=1 300w\" width=\"259\" height=\"194\" loading=\"lazy\" data-original-width=\"259\" data-original-height=\"194\" itemprop=\"http:\/\/schema.org\/image\" title=\"Hallo Herr Fotograf\" alt=\"Hallo Herr Fotograf\" style=\"width: 259px; height: 194px;\" \/> <\/a> <\/div> <\/div> <!-- close group --> <div class=\"gallery-group images-1\" style=\"width: 262px; height: 198px;\" data-original-width=\"262\" data-original-height=\"198\" > <div class=\"tiled-gallery-item tiled-gallery-item-large\" itemprop=\"associatedMedia\" itemscope itemtype=\"http:\/\/schema.org\/ImageObject\"> <a href=\"https:\/\/i0.wp.com\/blog.kunstgriff.net\/wp-content\/uploads\/2011\/10\/Im-Ziel-im-Wassersportheim-Gatow.jpg?ssl=1\" border=\"0\" itemprop=\"url\"> <meta itemprop=\"width\" content=\"258\"> <meta itemprop=\"height\" content=\"194\"> <img decoding=\"async\" class=\"\" data-attachment-id=\"6242\" data-orig-file=\"https:\/\/blog.kunstgriff.net\/wp-content\/uploads\/2011\/10\/Im-Ziel-im-Wassersportheim-Gatow.jpg\" data-orig-size=\"900,675\" data-comments-opened=\"1\" data-image-meta=\"{&quot;aperture&quot;:&quot;6.3&quot;,&quot;credit&quot;:&quot;&quot;,&quot;camera&quot;:&quot;Canon DIGITAL IXUS 870 IS&quot;,&quot;caption&quot;:&quot;&quot;,&quot;created_timestamp&quot;:&quot;1318687475&quot;,&quot;copyright&quot;:&quot;&quot;,&quot;focal_length&quot;:&quot;5.984&quot;,&quot;iso&quot;:&quot;400&quot;,&quot;shutter_speed&quot;:&quot;0.0008&quot;,&quot;title&quot;:&quot;&quot;}\" data-image-title=\"Im Ziel im Wassersportheim Gatow\" data-image-description=\"\" data-medium-file=\"https:\/\/i0.wp.com\/blog.kunstgriff.net\/wp-content\/uploads\/2011\/10\/Im-Ziel-im-Wassersportheim-Gatow.jpg?fit=300%2C225&#038;ssl=1\" data-large-file=\"https:\/\/i0.wp.com\/blog.kunstgriff.net\/wp-content\/uploads\/2011\/10\/Im-Ziel-im-Wassersportheim-Gatow.jpg?fit=900%2C675&#038;ssl=1\" src=\"https:\/\/i0.wp.com\/blog.kunstgriff.net\/wp-content\/uploads\/2011\/10\/Im-Ziel-im-Wassersportheim-Gatow.jpg?w=258&#038;h=194&#038;ssl=1\" srcset=\"https:\/\/i0.wp.com\/blog.kunstgriff.net\/wp-content\/uploads\/2011\/10\/Im-Ziel-im-Wassersportheim-Gatow.jpg?w=900&amp;ssl=1 900w, https:\/\/i0.wp.com\/blog.kunstgriff.net\/wp-content\/uploads\/2011\/10\/Im-Ziel-im-Wassersportheim-Gatow.jpg?resize=300%2C225&amp;ssl=1 300w\" width=\"258\" height=\"194\" loading=\"lazy\" data-original-width=\"258\" data-original-height=\"194\" itemprop=\"http:\/\/schema.org\/image\" title=\"Im Ziel im Wassersportheim Gatow\" alt=\"Im Ziel im Wassersportheim Gatow\" style=\"width: 258px; height: 194px;\" \/> <\/a> <\/div> <\/div> <!-- close group --> <\/div> <!-- close row --> <\/div>\n<p><iframe loading=\"lazy\" src=\"https:\/\/www.strava.com\/activities\/13532994\/embed\/5c0fc41a62553011edbaf42e185b0a82ac0e08ff\" width=\"590\" height=\"405\" frameborder=\"0\" scrolling=\"no\"><\/iframe><\/p>\n","protected":false},"excerpt":{"rendered":"<p>oder \u00bbFab-Five auf neuen Wegen\u00ab Der Wecker klingelte p\u00fcnktlich um 5:20 Uhr, nach einer sehr unruhigen Nacht. Immer wieder wurden wir durch Ger\u00e4usche von drau\u00dfen durch das offene Fenster geweckt. Sicher war es auch die Aufregung Vorfreude, welche uns wenige Tiefschlafphasen bescherte. Egal, denn wir wollten ja p\u00fcnktlich auf der Strecke sein und waren nicht &hellip; <\/p>\n<p class=\"link-more\"><a href=\"https:\/\/blog.kunstgriff.net\/?p=6233\" class=\"more-link\"><span class=\"screen-reader-text\">\u201eHamburg->Berlin 2011\u201c <\/span>weiterlesen<\/a><\/p>\n","protected":false},"author":2,"featured_media":6249,"comment_status":"open","ping_status":"open","sticky":false,"template":"","format":"standard","meta":{"jetpack_post_was_ever_published":false,"_jetpack_newsletter_access":"","_jetpack_dont_email_post_to_subs":false,"_jetpack_newsletter_tier_id":0,"_jetpack_memberships_contains_paywalled_content":false,"_jetpack_memberships_contains_paid_content":false,"footnotes":""},"categories":[25,14,36],"tags":[],"class_list":["post-6233","post","type-post","status-publish","format-standard","has-post-thumbnail","hentry","category-besonderes-ereignis","category-radfahren","category-veranstaltungen"],"jetpack_featured_media_url":"https:\/\/i0.wp.com\/blog.kunstgriff.net\/wp-content\/uploads\/2011\/10\/Weiter-auf-dem-Deich-nach-Wittenberge.jpg?fit=900%2C675&ssl=1","jetpack_shortlink":"https:\/\/wp.me\/p8Cxe7-1Cx","jetpack-related-posts":[{"id":1683,"url":"https:\/\/blog.kunstgriff.net\/?p=1683","url_meta":{"origin":6233,"position":0},"title":"RG Hamburg Tour 2010 &#8211; Marathon \u00bbNordCup\u00ab","author":"Georg","date":"Juni 20, 2010","format":false,"excerpt":"P\u00fcnktlich um 3 Uhr (!) klingelte am Sonntag Morgen der Wecker, denn heute stand vom RG Hamburg der Marathon \u00bbNordCup\u00ab auf dem Programm. Ralph sollte mich um 3:55 Uhr mit seinem Saab Kombi abholen und ich wollte noch Kaffee trinken und meinen Super-Size-Bowl-M\u00fcsli mit Ovomaltine und Eiweiss-Pulver essen. 55 Minuten\u2026","rel":"","context":"In &quot;Radfahren&quot;","block_context":{"text":"Radfahren","link":"https:\/\/blog.kunstgriff.net\/?cat=14"},"img":{"alt_text":"","src":"","width":0,"height":0},"classes":[]},{"id":15036,"url":"https:\/\/blog.kunstgriff.net\/?p=15036","url_meta":{"origin":6233,"position":1},"title":"Pankow- > Usedom 2016 v2","author":"Georg","date":"September 10, 2016","format":false,"excerpt":"oder \u00bbAb an die K\u00fcste\u00ab Als mich Mitte der Woche die Nachfrage von Alex erreichte, ob ich zum Saisonabschluss mal wieder nach Usedom mitwolle, hielt sich meine Begeisterung in Grenzen. Zum Ende der Arbeitswoche festigte sich aber der Plan, die sch\u00f6ne Strecke mal wieder mit zu rollen. Vor gut 4\u2026","rel":"","context":"In &quot;200er&quot;","block_context":{"text":"200er","link":"https:\/\/blog.kunstgriff.net\/?cat=48"},"img":{"alt_text":"","src":"https:\/\/i0.wp.com\/blog.kunstgriff.net\/wp-content\/uploads\/2016\/09\/Geschafft-in-Ueckeritz.jpg?fit=1200%2C800&ssl=1&resize=350%2C200","width":350,"height":200,"srcset":"https:\/\/i0.wp.com\/blog.kunstgriff.net\/wp-content\/uploads\/2016\/09\/Geschafft-in-Ueckeritz.jpg?fit=1200%2C800&ssl=1&resize=350%2C200 1x, https:\/\/i0.wp.com\/blog.kunstgriff.net\/wp-content\/uploads\/2016\/09\/Geschafft-in-Ueckeritz.jpg?fit=1200%2C800&ssl=1&resize=525%2C300 1.5x, https:\/\/i0.wp.com\/blog.kunstgriff.net\/wp-content\/uploads\/2016\/09\/Geschafft-in-Ueckeritz.jpg?fit=1200%2C800&ssl=1&resize=700%2C400 2x, https:\/\/i0.wp.com\/blog.kunstgriff.net\/wp-content\/uploads\/2016\/09\/Geschafft-in-Ueckeritz.jpg?fit=1200%2C800&ssl=1&resize=1050%2C600 3x"},"classes":[]},{"id":6071,"url":"https:\/\/blog.kunstgriff.net\/?p=6071","url_meta":{"origin":6233,"position":2},"title":"7. Prenzlauer H\u00fcgelmarathon 2011","author":"Georg","date":"Oktober 1, 2011","format":false,"excerpt":"oder \"H\u00fcgel & Sonnenschein - die F\u00fcnfte\" Das fr\u00fche Aufstehen war ich schon vom letzten Samstag gewohnt und musste nicht einmal die zweite Weckzeit meines Weckers neu programmieren, denn sie stand noch auf der uns\u00e4glichen Zeit von 4:45 Uhr. Die bekannte Routine wurde abgespult, sodass mein Rad und ich p\u00fcnktlich\u2026","rel":"","context":"In &quot;Radfahren&quot;","block_context":{"text":"Radfahren","link":"https:\/\/blog.kunstgriff.net\/?cat=14"},"img":{"alt_text":"","src":"https:\/\/i0.wp.com\/blog.kunstgriff.net\/wp-content\/uploads\/2011\/10\/Notorisches-Gruppenfoto-vor-dem-Start-300x225.jpg?resize=350%2C200","width":350,"height":200},"classes":[]},{"id":6009,"url":"https:\/\/blog.kunstgriff.net\/?p=6009","url_meta":{"origin":6233,"position":3},"title":"Beetzsee-Sonntagsrunde mit den Havellandriders","author":"Georg","date":"September 25, 2011","format":false,"excerpt":"oder \u00bbSuper Herbst-Runde\u00abNach der, doch recht ambitionierten, gestrigen Tour nach Ueckeritz auf Usedom war mir heute zwar nach Rennrad fahren, aber ruhiger sollte es sein und zum Beine aussch\u00fctteln. Da kam mir die angebotene Tour von Susanne gerade recht. Es wurde zu einer ruhigen Runde um den Beetzsee geladen. Start\u2026","rel":"","context":"In &quot;Radfahren&quot;","block_context":{"text":"Radfahren","link":"https:\/\/blog.kunstgriff.net\/?cat=14"},"img":{"alt_text":"","src":"https:\/\/i0.wp.com\/blog.kunstgriff.net\/wp-content\/uploads\/2011\/09\/Vor-dem-Rathaus-Falkensee.jpg?resize=350%2C200","width":350,"height":200,"srcset":"https:\/\/i0.wp.com\/blog.kunstgriff.net\/wp-content\/uploads\/2011\/09\/Vor-dem-Rathaus-Falkensee.jpg?resize=350%2C200 1x, https:\/\/i0.wp.com\/blog.kunstgriff.net\/wp-content\/uploads\/2011\/09\/Vor-dem-Rathaus-Falkensee.jpg?resize=525%2C300 1.5x, https:\/\/i0.wp.com\/blog.kunstgriff.net\/wp-content\/uploads\/2011\/09\/Vor-dem-Rathaus-Falkensee.jpg?resize=700%2C400 2x"},"classes":[]},{"id":8775,"url":"https:\/\/blog.kunstgriff.net\/?p=8775","url_meta":{"origin":6233,"position":4},"title":"Arber Radmarathon 2012","author":"Georg","date":"Juli 29, 2012","format":false,"excerpt":"oder \u00bbMal wieder ein unvergessliches Rennradwochenende!\u00ab Die Wetteraussichten f\u00fcr das Arber-Radmarathonwochende waren, wie auch schon im letzten Jahr, \u00e4u\u00dferst bescheiden und so verwunderte es nicht, dass viele Protagonisten der Berliner-Rennradszene nicht im komfortablen Reisebus in die Oberpflalz-Metropole sa\u00dfen. Die unerschrockenen Dreiundzwanzig genossen dadurch viel Beinfreiheit und eine gewohnt entspannte Atmosph\u00e4re\u2026","rel":"","context":"In &quot;200er&quot;","block_context":{"text":"200er","link":"https:\/\/blog.kunstgriff.net\/?cat=48"},"img":{"alt_text":"","src":"https:\/\/i0.wp.com\/blog.kunstgriff.net\/wp-content\/uploads\/2012\/07\/Die-Walhalla-wird-passiert.jpg?fit=1000%2C750&ssl=1&resize=350%2C200","width":350,"height":200,"srcset":"https:\/\/i0.wp.com\/blog.kunstgriff.net\/wp-content\/uploads\/2012\/07\/Die-Walhalla-wird-passiert.jpg?fit=1000%2C750&ssl=1&resize=350%2C200 1x, https:\/\/i0.wp.com\/blog.kunstgriff.net\/wp-content\/uploads\/2012\/07\/Die-Walhalla-wird-passiert.jpg?fit=1000%2C750&ssl=1&resize=525%2C300 1.5x, https:\/\/i0.wp.com\/blog.kunstgriff.net\/wp-content\/uploads\/2012\/07\/Die-Walhalla-wird-passiert.jpg?fit=1000%2C750&ssl=1&resize=700%2C400 2x"},"classes":[]},{"id":2511,"url":"https:\/\/blog.kunstgriff.net\/?p=2511","url_meta":{"origin":6233,"position":5},"title":"6. Prenzlauer H\u00fcgelmarathon 2010","author":"Georg","date":"Oktober 2, 2010","format":false,"excerpt":"oder \"H\u00fcgel & Wind - die Vierte\"Die Nacht war um 4:50 Uhr rum, denn ich musste die S-Bahn zur Sch\u00f6nhauser-Allee in den fernen Prenzlauer Berg erreichen. Dort wartete bereits um Punkt 6 mein Kettenbruder Christoph R. mit offenem Kofferraumdeckel um mein Rennrad zu verladen. Dies war schnell erledigt und schon\u2026","rel":"","context":"In &quot;Radfahren&quot;","block_context":{"text":"Radfahren","link":"https:\/\/blog.kunstgriff.net\/?cat=14"},"img":{"alt_text":"","src":"https:\/\/i0.wp.com\/blog.kunstgriff.net\/wp-content\/uploads\/2010\/10\/Bildschirmfoto-2010-10-02-um-19.10.11.png?resize=350%2C200","width":350,"height":200},"classes":[]}],"jetpack_likes_enabled":true,"jetpack_sharing_enabled":true,"_links":{"self":[{"href":"https:\/\/blog.kunstgriff.net\/index.php?rest_route=\/wp\/v2\/posts\/6233","targetHints":{"allow":["GET"]}}],"collection":[{"href":"https:\/\/blog.kunstgriff.net\/index.php?rest_route=\/wp\/v2\/posts"}],"about":[{"href":"https:\/\/blog.kunstgriff.net\/index.php?rest_route=\/wp\/v2\/types\/post"}],"author":[{"embeddable":true,"href":"https:\/\/blog.kunstgriff.net\/index.php?rest_route=\/wp\/v2\/users\/2"}],"replies":[{"embeddable":true,"href":"https:\/\/blog.kunstgriff.net\/index.php?rest_route=%2Fwp%2Fv2%2Fcomments&post=6233"}],"version-history":[{"count":0,"href":"https:\/\/blog.kunstgriff.net\/index.php?rest_route=\/wp\/v2\/posts\/6233\/revisions"}],"wp:featuredmedia":[{"embeddable":true,"href":"https:\/\/blog.kunstgriff.net\/index.php?rest_route=\/wp\/v2\/media\/6249"}],"wp:attachment":[{"href":"https:\/\/blog.kunstgriff.net\/index.php?rest_route=%2Fwp%2Fv2%2Fmedia&parent=6233"}],"wp:term":[{"taxonomy":"category","embeddable":true,"href":"https:\/\/blog.kunstgriff.net\/index.php?rest_route=%2Fwp%2Fv2%2Fcategories&post=6233"},{"taxonomy":"post_tag","embeddable":true,"href":"https:\/\/blog.kunstgriff.net\/index.php?rest_route=%2Fwp%2Fv2%2Ftags&post=6233"}],"curies":[{"name":"wp","href":"https:\/\/api.w.org\/{rel}","templated":true}]}}