{"id":72,"date":"2009-10-14T10:02:44","date_gmt":"2009-10-14T08:02:44","guid":{"rendered":"http:\/\/blog.kunstgriff.net\/?p=72"},"modified":"2018-05-07T07:47:24","modified_gmt":"2018-05-07T05:47:24","slug":"%c2%bbidentity-theft%c2%ab-part-1","status":"publish","type":"post","link":"https:\/\/blog.kunstgriff.net\/?p=72","title":{"rendered":"\u00bbIdentity theft\u00ab Part 1"},"content":{"rendered":"<span class=\"span-reading-time rt-reading-time\" style=\"display: block;\"><span class=\"rt-label rt-prefix\">Lesezeit: <\/span> <span class=\"rt-time\"> 3<\/span> <span class=\"rt-label rt-postfix\">Minuten<\/span><\/span><p>Bisher kannte ich dieses neue Internetwort nur aus der Presse und dachte\u00a0<em>&#8222;So etwas kann mir nicht passieren&#8220;<\/em> &#8211; aber weit gefehlt.<br \/>\nWie jeden Feierabend \u00f6ffnete ich meinen Hausbriefkasten und fand dort\u00a0<a href=\"http:\/\/blog.kunstgriff.net\/wp-content\/uploads\/2009\/10\/Obergericht2.jpg\" target=\"_blank\" rel=\"noopener\">diesen Brief eines Obergerichtsvollziehers<\/a>. Ich war nat\u00fcrlich mehr als irritiert, <!--more-->denn Post vom\u00a0<em>Ober<\/em>gerichtsvollzieher bekommt man ja nicht alle Tage und schon gar nicht mit einer Androhung zu einer<img data-recalc-dims=\"1\" decoding=\"async\" src=\"https:\/\/i0.wp.com\/blog.kunstgriff.net\/wp-includes\/js\/tinymce\/plugins\/wordpress\/img\/trans.gif?w=525\" alt=\"\" \/> Zwangsvollstreckung.<\/p>\n<p>Nach dem ersten tiefen durchatmen habe ich mir gleich das Telefon geschnappt und bei dem\u00a0<em>Ober<\/em>gerichtsvollzieher angerufen. Dieser war <em>ober<\/em>freundlich und wir waren uns schnell einig, das es sich wohl um eine Verwechselung handeln muss, da ich mit der\u00a0<em>Advanzia Bank S. A.<\/em> noch nicht in irgend einer Gesch\u00e4ftsbeziehung stand.<\/p>\n<p>Nach dem Abgleich meines Geburtsdatums wurde mir aber dann doch etwas mulmig: Der andere Georg Josef Lutz hatte das selbe Geburtsdatum wie ich!<\/p>\n<p>Der\u00a0<em>Ober<\/em>gerichtsvollzieher sah ein, das es sich um einen Betrug handeln musste und gab mir die Telefonnummer der Rechtsanwaltskanzlei, welche die fordernde Bank vertrat, und versicherte mir das er die Zwangsvollstreckung aussetzen werde und den Fall der Kanzlei zur\u00fcck schicken werde.<\/p>\n<p>Nach dem Anruf dort stellte sich heraus, das der Andere &#8222;Herr Lutz&#8220; in der\u00a0<a href=\"http:\/\/maps.google.com\/maps?f=q&amp;source=s_q&amp;hl=de&amp;geocode=&amp;q=Amsterdamer+Stra%C3%9Fe+24+,+13347+Berlin&amp;sll=37.0625,-95.677068&amp;sspn=54.884801,63.017578&amp;ie=UTF8&amp;hq=&amp;hnear=Amsterdamer+Stra%C3%9Fe+24,+Wedding+13347+Berlin,+Deutschland&amp;t=h&amp;z=16\" target=\"_blank\" rel=\"noopener\">Amsterdamer Stra\u00dfe 24<\/a> gewohnt hat, und nachdem man eine Meldeauskunft gefordert habe, sei man auf meine Anschrift gesto\u00dfen. Das erkl\u00e4rt nat\u00fcrlich auch, warum ich nie irgendwelche Mahnungen oder Inkassobescheide erhalten habe.<\/p>\n<p>Die Forderungen der Bank beliefen sich im \u00fcbrigen auf 202,- \u20ac plus Mahngeb\u00fchren, also rund 400,- \u20ac.<\/p>\n<p>So langsam wurde mir die Sache zu mysteri\u00f6s und ich beschloss die Sache der Polizei anzuzeigen. Ich w\u00e4hlte den direkten Weg zum\u00a0<a href=\"http:\/\/www.berlin.de\/polizei\/bezirk\/dir2\/a24.html\" target=\"_self\">Abschnitt 24<\/a> und nicht den Weg \u00fcber die\u00a0<a href=\"https:\/\/www.berlin.de\/polizei\/internetwache\/indexmitc.php\" target=\"_blank\" rel=\"noopener\">Internetwache<\/a>. Nach nicht unwesentlicher Wartezeit nahm dann doch ein Beamter meine Anzeige auf. Er sah es auch als einen klaren Fall von Betrug, stellte mir ein Aktenzeichen aus und \u00fcbergab denn Fall an das Landeskriminalamt.<\/p>\n<p>Ich war nat\u00fcrlich neugierig und der kleine\u00a0<a href=\"http:\/\/de.wikipedia.org\/wiki\/Nick_Knatterton\" target=\"_blank\" rel=\"noopener\">Nick Knatterton<\/a> in mir wurde aktiv: Ich fuhr nach Hause, steckte mir meine Fenix Digital L2D\u00a0Taschenlampe ein und macht mich auf den Weg in den tiefen Wedding in die\u00a0<a href=\"http:\/\/maps.google.com\/maps?f=q&amp;source=s_q&amp;hl=de&amp;geocode=&amp;q=Amsterdamer+Stra%C3%9Fe+24+,+13347+Berlin&amp;sll=37.0625,-95.677068&amp;sspn=54.884801,63.017578&amp;ie=UTF8&amp;hq=&amp;hnear=Amsterdamer+Stra%C3%9Fe+24,+Wedding+13347+Berlin,+Deutschland&amp;t=h&amp;z=16\" target=\"_blank\" rel=\"noopener\">Amsterdamer Stra\u00dfe 24<\/a>.<\/p>\n<p>Dort erwartete mich die \u00fcbliche Weddinger\u00a0<em>Street-Scene<\/em>: D\u00f6nerbude, T\u00fcrkischer Gebetsverein, Head-Shop und kiffende Jugendliche auf der Stra\u00dfe &#8211; nett hier.<\/p>\n<p>Der Hauseingang der Nummer 24 war &#8211; wen wundert&#8217;s &#8211; nicht verschlossen und so konnte ich direkt den Hausflur betreten ohne irgendwo klingeln zu m\u00fcssen. Nach Sichtung der unz\u00e4hligen mit s\u00fcdl\u00e4ndischen Namen beschrifteten Briefk\u00e4sten entdeckte ich auch meinen Namen &#8211; fein s\u00e4uberlich dort angebracht:<\/p>\n<p><a href=\"https:\/\/i0.wp.com\/blog.kunstgriff.net\/wp-content\/uploads\/2009\/10\/Briefkasten5.jpg\"><img data-recalc-dims=\"1\" loading=\"lazy\" decoding=\"async\" style=\"margin-left: auto; margin-right: auto; border: 0px none initial;\" src=\"https:\/\/i0.wp.com\/blog.kunstgriff.net\/wp-content\/uploads\/2009\/10\/Briefkasten5.jpg?resize=480%2C640\" alt=\"Briefkasten\" width=\"480\" height=\"640\" \/><\/a><\/p>\n<p>Ich versuchte noch mit den Fingern an weiter Post in dem Briefkasten zu gelangen konnte aber nur Werbeflyer aus dem v\u00f6llig \u00fcberf\u00fcllten Briefkasten fischen. Dieser Briefkaste wurde wohl von dem Betr\u00fcger schon vor langer Zeit aufgegeben.<\/p>\n<p>Auf dem stillen Diener des Hauses war nat\u00fcrlich kein E. Burv** verzeichnet. Ich habe aber auch wirklich keine gro\u00dfe Lust versp\u00fcrt an einer T\u00fcr in diesem Haus zu klingeln und nach <em>Herrn Lutz<\/em> zu fragen. Das \u00fcberlasse ich dann lieber den Herren, die daf\u00fcr ausgebildet sind. Allerdings sollte wohl jedem klar sein, das es keinen Mieter in dem Haus geben wird, welchem dieser Briefkasten geh\u00f6rt. Ein idealer Briefkasten f\u00fcr kriminelle Machenschaften: Freier Zugang von der Stra\u00dfe und niemand interessiert sich daf\u00fcr, in diesem heruntergekommenen Haus.<\/p>\n<p>Nun interessiert mich nat\u00fcrlich brennen die kriminalistische Aufkl\u00e4rungsarbeit der Polizei und ob ein Ermittlungsergebnis verzeichnet werden kann.<\/p>\n<p>Was ich mich bei der Aktion allerdings von Anfang an gefragt habe:<\/p>\n<ul>\n<li>Wie kann man ein Kreditkarten-Konto unter falschem Namen in Deutschland ohne entsprechenden Identifikation er\u00f6ffnen? Meinen Personalausweis hatte ich nie verloren.<\/li>\n<li>Warum hat der T\u00e4ter <em>nur<\/em> 200,- \u20ac abgehoben?<\/li>\n<li>War das ein Einzelfall oder kommt jetzt eine Lawine von Forderungen auf mich zu?<\/li>\n<li>Wird meine Strafanzeige zu einem Ermittlungsergebnis f\u00fchren?<\/li>\n<\/ul>\n<p>Es bleibt spannend und ich werde \u00fcber den Ausgang der <em>\u00bbIdentity theft\u00ab<\/em> in Part 2 und hoffentlich nicht noch Part 3, berichten.<\/p>\n","protected":false},"excerpt":{"rendered":"<p>Bisher kannte ich dieses neue Internetwort nur aus der Presse und dachte\u00a0&#8222;So etwas kann mir nicht passieren&#8220; &#8211; aber weit gefehlt. Wie jeden Feierabend \u00f6ffnete ich meinen Hausbriefkasten und fand dort\u00a0diesen Brief eines Obergerichtsvollziehers. Ich war nat\u00fcrlich mehr als irritiert,<\/p>\n","protected":false},"author":2,"featured_media":0,"comment_status":"open","ping_status":"open","sticky":false,"template":"","format":"standard","meta":{"jetpack_post_was_ever_published":false,"_jetpack_newsletter_access":"","_jetpack_dont_email_post_to_subs":false,"_jetpack_newsletter_tier_id":0,"_jetpack_memberships_contains_paywalled_content":false,"_jetpack_memberships_contains_paid_content":false,"footnotes":""},"categories":[1],"tags":[],"class_list":["post-72","post","type-post","status-publish","format-standard","hentry","category-allgemein"],"jetpack_featured_media_url":"","jetpack_shortlink":"https:\/\/wp.me\/p8Cxe7-1a","jetpack-related-posts":[{"id":10708,"url":"https:\/\/blog.kunstgriff.net\/?p=10708","url_meta":{"origin":72,"position":0},"title":"B\u00e4ckerrunde nach Fehrbellin","author":"Georg","date":"August 11, 2013","format":false,"excerpt":"oder \u00bbSonntags-Tour mit (zu) vielen G\u00e4sten\u00abRecht kurzentschlossen machte ich mich auf den Weg nach Falkensee, denn Susanne hatte zur B\u00e4cker-Runde gerufen. Im Vorfeld gab es einige Diskussionen zur Reisegeschwindigkeit, die mich aber nicht tangierten. Sicher w\u00fcrde sich eine sch\u00f6ne homogene Gruppe finden, ich der auch ich meine Freude haben w\u00fcrde.\u2026","rel":"","context":"In &quot;Radfahren&quot;","block_context":{"text":"Radfahren","link":"https:\/\/blog.kunstgriff.net\/?cat=14"},"img":{"alt_text":"","src":"https:\/\/i0.wp.com\/blog.kunstgriff.net\/wp-content\/uploads\/2013\/08\/Riesen-Bande-vor-dem-Rathaus.jpg?fit=1200%2C900&ssl=1&resize=350%2C200","width":350,"height":200,"srcset":"https:\/\/i0.wp.com\/blog.kunstgriff.net\/wp-content\/uploads\/2013\/08\/Riesen-Bande-vor-dem-Rathaus.jpg?fit=1200%2C900&ssl=1&resize=350%2C200 1x, https:\/\/i0.wp.com\/blog.kunstgriff.net\/wp-content\/uploads\/2013\/08\/Riesen-Bande-vor-dem-Rathaus.jpg?fit=1200%2C900&ssl=1&resize=525%2C300 1.5x, https:\/\/i0.wp.com\/blog.kunstgriff.net\/wp-content\/uploads\/2013\/08\/Riesen-Bande-vor-dem-Rathaus.jpg?fit=1200%2C900&ssl=1&resize=700%2C400 2x, https:\/\/i0.wp.com\/blog.kunstgriff.net\/wp-content\/uploads\/2013\/08\/Riesen-Bande-vor-dem-Rathaus.jpg?fit=1200%2C900&ssl=1&resize=1050%2C600 3x"},"classes":[]},{"id":19328,"url":"https:\/\/blog.kunstgriff.net\/?p=19328","url_meta":{"origin":72,"position":1},"title":"3-Seen-Runde auf dem Renner","author":"Georg","date":"Mai 1, 2019","format":false,"excerpt":"vom Sacrower See zum Schwielowsee nach Blankensee In Ermangelung geeigneter Tourenangebote der \u00fcblichen Quellen, musste ich mir am heutigen Feiertag selber eine Strecke zusammen klicken. Das geht mit dem Routenplaner von Strava einfach von der Hand. Nicht das ich Angst h\u00e4tte mich zu verfahren, aber ich wollte vorher sehen, wie\u2026","rel":"","context":"In &quot;Cake-Ride&quot;","block_context":{"text":"Cake-Ride","link":"https:\/\/blog.kunstgriff.net\/?cat=34"},"img":{"alt_text":"","src":"https:\/\/i0.wp.com\/blog.kunstgriff.net\/wp-content\/uploads\/2019\/05\/Sacrow-nach-Fahrland.jpg?fit=1200%2C800&ssl=1&resize=350%2C200","width":350,"height":200,"srcset":"https:\/\/i0.wp.com\/blog.kunstgriff.net\/wp-content\/uploads\/2019\/05\/Sacrow-nach-Fahrland.jpg?fit=1200%2C800&ssl=1&resize=350%2C200 1x, https:\/\/i0.wp.com\/blog.kunstgriff.net\/wp-content\/uploads\/2019\/05\/Sacrow-nach-Fahrland.jpg?fit=1200%2C800&ssl=1&resize=525%2C300 1.5x, https:\/\/i0.wp.com\/blog.kunstgriff.net\/wp-content\/uploads\/2019\/05\/Sacrow-nach-Fahrland.jpg?fit=1200%2C800&ssl=1&resize=700%2C400 2x, https:\/\/i0.wp.com\/blog.kunstgriff.net\/wp-content\/uploads\/2019\/05\/Sacrow-nach-Fahrland.jpg?fit=1200%2C800&ssl=1&resize=1050%2C600 3x"},"classes":[]},{"id":4098,"url":"https:\/\/blog.kunstgriff.net\/?p=4098","url_meta":{"origin":72,"position":2},"title":"Mallorca Trainingscamp &#8211; Tag 4 &#8211; Randa","author":"Georg","date":"April 7, 2011","format":false,"excerpt":"oder \u00bbEntscheidung am Schicksalsberg\u00ab Nach dem erholsamen Ruhetag konnte es heute eigentlich mit neuer Kraft in diese bekannte Etappe gehen. Ganz so entspannt waren die Vorzeichen jedoch nicht, denn Herbert hatte noch eine Rechnung aus dem letzten Jahr mit mir offen. Wie er mir erz\u00e4hlte, war ich im letzten Jahr\u2026","rel":"","context":"In &quot;Radfahren&quot;","block_context":{"text":"Radfahren","link":"https:\/\/blog.kunstgriff.net\/?cat=14"},"img":{"alt_text":"","src":"https:\/\/i0.wp.com\/blog.kunstgriff.net\/wp-content\/uploads\/2011\/04\/IMG_1784.jpg?resize=350%2C200","width":350,"height":200,"srcset":"https:\/\/i0.wp.com\/blog.kunstgriff.net\/wp-content\/uploads\/2011\/04\/IMG_1784.jpg?resize=350%2C200 1x, https:\/\/i0.wp.com\/blog.kunstgriff.net\/wp-content\/uploads\/2011\/04\/IMG_1784.jpg?resize=525%2C300 1.5x, https:\/\/i0.wp.com\/blog.kunstgriff.net\/wp-content\/uploads\/2011\/04\/IMG_1784.jpg?resize=700%2C400 2x"},"classes":[]},{"id":1944,"url":"https:\/\/blog.kunstgriff.net\/?p=1944","url_meta":{"origin":72,"position":3},"title":"Sonntags-Tour zum Scharm\u00fctzelsee","author":"Georg","date":"Juli 4, 2010","format":false,"excerpt":"oder \"Der Garmin weiss nicht immer den rechten Weg\"Heute hatte Ralf H. von Rennradtraining zu dieser Tour an den Scharm\u00fctzelsee aufgerufen. Es ging erst recht sp\u00e4t um 10 Uhr vom Bahnhof Neuk\u00f6lln los, zu dem ich mit der S-Bahn anreiste. Dort waren schon einige Radler versammelt: Ralf H., Antje, Dirk,\u2026","rel":"","context":"In &quot;Garmin&quot;","block_context":{"text":"Garmin","link":"https:\/\/blog.kunstgriff.net\/?cat=35"},"img":{"alt_text":"","src":"https:\/\/i0.wp.com\/blog.kunstgriff.net\/wp-content\/uploads\/2010\/07\/Bildschirmfoto-2010-07-04-um-19.37.13.png?resize=350%2C200","width":350,"height":200},"classes":[]},{"id":7924,"url":"https:\/\/blog.kunstgriff.net\/?p=7924","url_meta":{"origin":72,"position":4},"title":"Auf Friedensfahrt \u2013 Kurs 2012 6. Tag: Talitz -> Leipzig","author":"Georg","date":"Mai 20, 2012","format":false,"excerpt":"151,77 km | 1.160 H\u00f6henmeterSchon um 5:30 Uhr wurde ich von Vogelgezwitscher in unserer Baracke am See geweckt. Die Nacht war kurz und turbulent, denn vier Mann, eingepfercht in einer kleinen Holzh\u00fctte, mit einer interessanten jungen Frau, tun sich schwer beim Einschlafen. Das Fr\u00fchst\u00fcck im Haupthaus der Jugendherberge war einfach\u2026","rel":"","context":"In &quot;Besonderes Ereignis&quot;","block_context":{"text":"Besonderes Ereignis","link":"https:\/\/blog.kunstgriff.net\/?cat=25"},"img":{"alt_text":"","src":"https:\/\/i0.wp.com\/blog.kunstgriff.net\/wp-content\/uploads\/2012\/05\/Kurz-vor-Abfahrt-mit-meinen-Peeps.jpg?resize=350%2C200","width":350,"height":200,"srcset":"https:\/\/i0.wp.com\/blog.kunstgriff.net\/wp-content\/uploads\/2012\/05\/Kurz-vor-Abfahrt-mit-meinen-Peeps.jpg?resize=350%2C200 1x, https:\/\/i0.wp.com\/blog.kunstgriff.net\/wp-content\/uploads\/2012\/05\/Kurz-vor-Abfahrt-mit-meinen-Peeps.jpg?resize=525%2C300 1.5x, https:\/\/i0.wp.com\/blog.kunstgriff.net\/wp-content\/uploads\/2012\/05\/Kurz-vor-Abfahrt-mit-meinen-Peeps.jpg?resize=700%2C400 2x"},"classes":[]},{"id":1440,"url":"https:\/\/blog.kunstgriff.net\/?p=1440","url_meta":{"origin":72,"position":5},"title":"Skoda Velothon Berlin 2010","author":"Georg","date":"Mai 30, 2010","format":false,"excerpt":"Die Nacht war kurz, denn der Grand Prix Eurovision mit unserer Lena wollte am Vorabend gesehen werden und so kam ich erst um kurz nach 1 ins Bett und der Wecker klingelte gewohnt um 6:29 Uhr. Ich war sofort hellwach und wagte einen Blick aus dem Wohnzimmerfenster auf die Stra\u00dfe\u2026","rel":"","context":"In &quot;Besonderes Ereignis&quot;","block_context":{"text":"Besonderes Ereignis","link":"https:\/\/blog.kunstgriff.net\/?cat=25"},"img":{"alt_text":"","src":"https:\/\/i0.wp.com\/blog.kunstgriff.net\/wp-content\/uploads\/2010\/05\/DSCF1136.jpg?fit=1000%2C750&ssl=1&resize=350%2C200","width":350,"height":200,"srcset":"https:\/\/i0.wp.com\/blog.kunstgriff.net\/wp-content\/uploads\/2010\/05\/DSCF1136.jpg?fit=1000%2C750&ssl=1&resize=350%2C200 1x, https:\/\/i0.wp.com\/blog.kunstgriff.net\/wp-content\/uploads\/2010\/05\/DSCF1136.jpg?fit=1000%2C750&ssl=1&resize=525%2C300 1.5x, https:\/\/i0.wp.com\/blog.kunstgriff.net\/wp-content\/uploads\/2010\/05\/DSCF1136.jpg?fit=1000%2C750&ssl=1&resize=700%2C400 2x"},"classes":[]}],"jetpack_likes_enabled":true,"jetpack_sharing_enabled":true,"_links":{"self":[{"href":"https:\/\/blog.kunstgriff.net\/index.php?rest_route=\/wp\/v2\/posts\/72","targetHints":{"allow":["GET"]}}],"collection":[{"href":"https:\/\/blog.kunstgriff.net\/index.php?rest_route=\/wp\/v2\/posts"}],"about":[{"href":"https:\/\/blog.kunstgriff.net\/index.php?rest_route=\/wp\/v2\/types\/post"}],"author":[{"embeddable":true,"href":"https:\/\/blog.kunstgriff.net\/index.php?rest_route=\/wp\/v2\/users\/2"}],"replies":[{"embeddable":true,"href":"https:\/\/blog.kunstgriff.net\/index.php?rest_route=%2Fwp%2Fv2%2Fcomments&post=72"}],"version-history":[{"count":0,"href":"https:\/\/blog.kunstgriff.net\/index.php?rest_route=\/wp\/v2\/posts\/72\/revisions"}],"wp:attachment":[{"href":"https:\/\/blog.kunstgriff.net\/index.php?rest_route=%2Fwp%2Fv2%2Fmedia&parent=72"}],"wp:term":[{"taxonomy":"category","embeddable":true,"href":"https:\/\/blog.kunstgriff.net\/index.php?rest_route=%2Fwp%2Fv2%2Fcategories&post=72"},{"taxonomy":"post_tag","embeddable":true,"href":"https:\/\/blog.kunstgriff.net\/index.php?rest_route=%2Fwp%2Fv2%2Ftags&post=72"}],"curies":[{"name":"wp","href":"https:\/\/api.w.org\/{rel}","templated":true}]}}