{"id":7395,"date":"2012-02-26T13:02:34","date_gmt":"2012-02-26T12:02:34","guid":{"rendered":"http:\/\/blog.kunstgriff.net\/?p=7395"},"modified":"2016-08-31T10:35:22","modified_gmt":"2016-08-31T08:35:22","slug":"ergoplanet-paris-brest-paris-etappe-13-2","status":"publish","type":"post","link":"https:\/\/blog.kunstgriff.net\/?p=7395","title":{"rendered":"ErgoPlanet-Paris Brest Paris &#8211; Etappe 13"},"content":{"rendered":"<span class=\"span-reading-time rt-reading-time\" style=\"display: block;\"><span class=\"rt-label rt-prefix\">Lesezeit: <\/span> <span class=\"rt-time\"> &lt; 1<\/span> <span class=\"rt-label rt-postfix\">Minute<\/span><\/span><h4>oder \u00bbTrotz sch\u00f6nen Wetters &#8218;indoor&#8217;\u00ab<\/h4>\n<hr \/>\n<p>Ein wenig bereut habe ich es schon, heute nicht mit dem Renner auf der Stra\u00dfe unterwegs gewesen zu sein, denn die Sonne lachte bei wolkenlosem, blauem Himmel.<\/p>\n<p>Dagegen stand mein Ziel, Paris im Februar zu erreichen und so musste ich Priorit\u00e4ten setzen. Die Einheit war recht anstrengend und es floss jede Menge Schweiss \u00fcber meinen Laminatboden. Am Ende war ich sehr froh, das es bald geschafft ist und ich dann wieder drau\u00dfen trainieren <em>darf.<\/em><\/p>\n<p><iframe src='https:\/\/connect.garmin.com\/modern\/activity\/embed\/152690857' title='ErgoPlanet-Paris Brest Paris - Etappe 13 ' width='465' height='500' frameborder='0'><\/iframe><\/p>\n","protected":false},"excerpt":{"rendered":"<p>oder \u00bbTrotz sch\u00f6nen Wetters &#8218;indoor&#8217;\u00ab Ein wenig bereut habe ich es schon, heute nicht mit dem Renner auf der Stra\u00dfe unterwegs gewesen zu sein, denn die Sonne lachte bei wolkenlosem, blauem Himmel. Dagegen stand mein Ziel, Paris im Februar zu erreichen und so musste ich Priorit\u00e4ten setzen. Die Einheit war recht anstrengend und es floss &hellip; <\/p>\n<p class=\"link-more\"><a href=\"https:\/\/blog.kunstgriff.net\/?p=7395\" class=\"more-link\"><span class=\"screen-reader-text\">\u201eErgoPlanet-Paris Brest Paris &#8211; Etappe 13\u201c <\/span>weiterlesen<\/a><\/p>\n","protected":false},"author":2,"featured_media":0,"comment_status":"open","ping_status":"open","sticky":false,"template":"","format":"standard","meta":{"jetpack_post_was_ever_published":false,"_jetpack_newsletter_access":"","_jetpack_dont_email_post_to_subs":false,"_jetpack_newsletter_tier_id":0,"_jetpack_memberships_contains_paywalled_content":false,"_jetpack_memberships_contains_paid_content":false,"footnotes":""},"categories":[15],"tags":[],"class_list":["post-7395","post","type-post","status-publish","format-standard","hentry","category-ergometer-training"],"jetpack_featured_media_url":"","jetpack_shortlink":"https:\/\/wp.me\/p8Cxe7-1Vh","jetpack-related-posts":[{"id":7400,"url":"https:\/\/blog.kunstgriff.net\/?p=7400","url_meta":{"origin":7395,"position":0},"title":"ErgoPlanet-Paris Brest Paris &#8211; Etappe 14","author":"Georg","date":"Februar 28, 2012","format":false,"excerpt":"oder \u00bb1 Etappe - noch 1 Tag im Februar\u00abGro\u00dfe Lust versp\u00fcrte ich nicht heute morgen, mich auf meinen Daum zu bewegen. Aber Ziele setze ich mir, um sie zu erreichen und das Ziel im Februar ist es Paris-Brest-Paris komplett zu fahren. Und \u00fcberhaupt: Die heutige Etappe war deutlich k\u00fcrzer als\u2026","rel":"","context":"In &quot;Ergometer Training&quot;","block_context":{"text":"Ergometer Training","link":"https:\/\/blog.kunstgriff.net\/?cat=15"},"img":{"alt_text":"","src":"http:\/\/www.assoc-amazon.de\/e\/ir?t=gaba08-21&l=as2&o=3&a=B000K7DK5K","width":350,"height":200},"classes":[]},{"id":3250,"url":"https:\/\/blog.kunstgriff.net\/?p=3250","url_meta":{"origin":7395,"position":1},"title":"ErgoPlanet-Paris Brest Paris &#8211; Etappe 1","author":"Georg","date":"Januar 2, 2011","format":false,"excerpt":"oder \u00bbErste lange Einheit 2011\u00abSicher um der Motivation in 2011 ein wenig auf die Spr\u00fcnge zu helfen, hat Tilo, der Entwickler der Software ErgoPlanet, die Strecke von Paris Brest Paris 2011 in einzelne Etappen-H\u00e4ppchen geteilt und als Tracks zum Nachfahren bereit gestellt. \u00bbDer Gesamtumfang der Ergovariante betr\u00e4gt: 1.220 km -\u2026","rel":"","context":"In &quot;Ergometer Training&quot;","block_context":{"text":"Ergometer Training","link":"https:\/\/blog.kunstgriff.net\/?cat=15"},"img":{"alt_text":"","src":"","width":0,"height":0},"classes":[]},{"id":3464,"url":"https:\/\/blog.kunstgriff.net\/?p=3464","url_meta":{"origin":7395,"position":2},"title":"ErgoPlanet-Paris Brest Paris &#8211; Etappe 12","author":"Georg","date":"Januar 28, 2011","format":false,"excerpt":"oder \u00bb4 Etappen - 4 Tage Zeit\u00abJetzt f\u00e4ngt es doch ein wenig an zu bressieren, denn es verbleiben nur noch 4 Tage um die 4 restlichen Etappen zu fahren um Paris noch im Januar zu erreichen. Gestern war ich faul und wollte die 88 km lange Etappe nicht angehen, daf\u00fcr\u2026","rel":"","context":"In &quot;Ergometer Training&quot;","block_context":{"text":"Ergometer Training","link":"https:\/\/blog.kunstgriff.net\/?cat=15"},"img":{"alt_text":"","src":"","width":0,"height":0},"classes":[]},{"id":7261,"url":"https:\/\/blog.kunstgriff.net\/?p=7261","url_meta":{"origin":7395,"position":3},"title":"ErgoPlanet-Paris Brest Paris &#8211; Etappe 1","author":"Georg","date":"Februar 5, 2012","format":false,"excerpt":"oder \u00bbErste lange Einheit 2012\u00ab Als Ausdauer-Motivation habe ich mir, wie schon im vergangenen Jahr, die Strecke Paris-Brest-Paris vorgenommen. Letztes Jahr habe ich die 15 Etappen im Januar absolviert. Diesmal m\u00f6chte ich sie, als Vorbereitung f\u00fcr das Trainingslagercamp Mallorca, nutzen. Die erste Etappe ist mit ihren knapp 140 km auch\u2026","rel":"","context":"In &quot;Ergometer Training&quot;","block_context":{"text":"Ergometer Training","link":"https:\/\/blog.kunstgriff.net\/?cat=15"},"img":{"alt_text":"","src":"https:\/\/i0.wp.com\/blog.kunstgriff.net\/wp-content\/uploads\/2012\/02\/DextroEnergy.jpg?resize=350%2C200","width":350,"height":200,"srcset":"https:\/\/i0.wp.com\/blog.kunstgriff.net\/wp-content\/uploads\/2012\/02\/DextroEnergy.jpg?resize=350%2C200 1x, https:\/\/i0.wp.com\/blog.kunstgriff.net\/wp-content\/uploads\/2012\/02\/DextroEnergy.jpg?resize=525%2C300 1.5x"},"classes":[]},{"id":6508,"url":"https:\/\/blog.kunstgriff.net\/?p=6508","url_meta":{"origin":7395,"position":4},"title":"ErgoPlanet-ergo_bike City-Tour Paris","author":"Georg","date":"November 1, 2011","format":false,"excerpt":"oder \u00bbParis mon amour\u00abSeit vier Tagen sa\u00df ich nun schon nicht mehr auf dem Rad. Das ist f\u00fcr meine Verh\u00e4ltnisse eine recht lange Zeit. Die Prellungen von meinem Sturz sind auch noch nicht wirklich verheilt, also war an eine echte Runde auf dem Renner noch nicht zu denken. Leider. Der\u2026","rel":"","context":"In &quot;Ergometer Training&quot;","block_context":{"text":"Ergometer Training","link":"https:\/\/blog.kunstgriff.net\/?cat=15"},"img":{"alt_text":"","src":"","width":0,"height":0},"classes":[]},{"id":3437,"url":"https:\/\/blog.kunstgriff.net\/?p=3437","url_meta":{"origin":7395,"position":5},"title":"ErgoPlanet-Paris Brest Paris &#8211; Etappe 10","author":"Georg","date":"Januar 24, 2011","format":false,"excerpt":"oder \u00bb85 km n\u00e4her an Paris\u00abGestern hatte ich mir ja vorgenommen die 10. Etappe gleich am Montag zu fahren - geplant - getan. Diese Etappe hatte ein paar H\u00f6henmeter weniger, daf\u00fcr war sie knapp 10 km l\u00e4nger. Eigentlich genau das Richtige f\u00fcr einen Montag Abend. Ich brauchte sehr lange um\u2026","rel":"","context":"In &quot;Ergometer Training&quot;","block_context":{"text":"Ergometer Training","link":"https:\/\/blog.kunstgriff.net\/?cat=15"},"img":{"alt_text":"","src":"","width":0,"height":0},"classes":[]}],"jetpack_likes_enabled":true,"jetpack_sharing_enabled":true,"_links":{"self":[{"href":"https:\/\/blog.kunstgriff.net\/index.php?rest_route=\/wp\/v2\/posts\/7395","targetHints":{"allow":["GET"]}}],"collection":[{"href":"https:\/\/blog.kunstgriff.net\/index.php?rest_route=\/wp\/v2\/posts"}],"about":[{"href":"https:\/\/blog.kunstgriff.net\/index.php?rest_route=\/wp\/v2\/types\/post"}],"author":[{"embeddable":true,"href":"https:\/\/blog.kunstgriff.net\/index.php?rest_route=\/wp\/v2\/users\/2"}],"replies":[{"embeddable":true,"href":"https:\/\/blog.kunstgriff.net\/index.php?rest_route=%2Fwp%2Fv2%2Fcomments&post=7395"}],"version-history":[{"count":0,"href":"https:\/\/blog.kunstgriff.net\/index.php?rest_route=\/wp\/v2\/posts\/7395\/revisions"}],"wp:attachment":[{"href":"https:\/\/blog.kunstgriff.net\/index.php?rest_route=%2Fwp%2Fv2%2Fmedia&parent=7395"}],"wp:term":[{"taxonomy":"category","embeddable":true,"href":"https:\/\/blog.kunstgriff.net\/index.php?rest_route=%2Fwp%2Fv2%2Fcategories&post=7395"},{"taxonomy":"post_tag","embeddable":true,"href":"https:\/\/blog.kunstgriff.net\/index.php?rest_route=%2Fwp%2Fv2%2Ftags&post=7395"}],"curies":[{"name":"wp","href":"https:\/\/api.w.org\/{rel}","templated":true}]}}