{"id":7417,"date":"2012-03-03T16:39:11","date_gmt":"2012-03-03T15:39:11","guid":{"rendered":"http:\/\/blog.kunstgriff.net\/?p=7417"},"modified":"2016-08-31T10:32:00","modified_gmt":"2016-08-31T08:32:00","slug":"sudtour-am-samstag","status":"publish","type":"post","link":"https:\/\/blog.kunstgriff.net\/?p=7417","title":{"rendered":"S\u00fcdtour am Samstag"},"content":{"rendered":"<span class=\"span-reading-time rt-reading-time\" style=\"display: block;\"><span class=\"rt-label rt-prefix\">Lesezeit: <\/span> <span class=\"rt-time\"> &lt; 1<\/span> <span class=\"rt-label rt-postfix\">Minute<\/span><\/span><h4>oder \u00bbEndlich wieder richtig Rennrad-Fahren!\u00ab<\/h4>\n<hr \/>\n<p>Ich konnte mich schon gar nicht mehr erinnern, wann ich das letzte mal auf meinem Renner gesessen habe. Eine gef\u00fchlte Ewigkeit hing die Rennmaschine unbenutzt in meinem Arbeitszimmer. Heute jedoch wollte ich, eine Woche vor dem Trainingscamp in Mallorca, endlich die Strassensaison er\u00f6ffnen.<\/p>\n<p>Tom hatte zum Siegfried-Aufh\u00e4user-Platz im beschaulichen Neuk\u00f6lln gerufen und \u00fcber 20 (!) Radlerinnen und Radler folgten dem Touren-Aufruf in den Landkreis Dahme-Spreewald.<\/p>\n<p>Die Ausfahrt machte vom ersten Meter an riesen Spass, dass lag nicht nur am wunderbar blauen Himmel mit Sonnenschein, sondern auch an den vielen Renn-RadlerInnen die ich die ganze dunkle Jahreszeit \u00fcber nicht gesehen hatte und mit denen nun die Neuigkeiten der vergangenen Monate auszutauschen waren.<\/p>\n<p>So verging die Zeit wie im Flug und wir erreichten nach fast 3\u00bd Stunden Fahrzeit wieder den Siegfried-Aufh\u00e4user-Platz. Danach gab es noch einen V.I.P.-Kaffee bei Christine bevor es aus dem nun doch sehr lauten Neuk\u00f6lln zur\u00fcck ins beschauliche Siemensstadt ging. Eine klasse erste Ausfahrt, die viel Vorfreude auf die morgige B\u00e4ckertour nach Fehrbellin gemacht hat!<\/p>\n<p><iframe height='405' width='590' frameborder='0' allowtransparency='true' scrolling='no' src='https:\/\/www.strava.com\/activities\/11385499\/embed\/1b0b776effac9710e8ccdd655db249539536a474'><\/iframe><\/p>\n","protected":false},"excerpt":{"rendered":"<p>oder \u00bbEndlich wieder richtig Rennrad-Fahren!\u00ab Ich konnte mich schon gar nicht mehr erinnern, wann ich das letzte mal auf meinem Renner gesessen habe. Eine gef\u00fchlte Ewigkeit hing die Rennmaschine unbenutzt in meinem Arbeitszimmer. Heute jedoch wollte ich, eine Woche vor dem Trainingscamp in Mallorca, endlich die Strassensaison er\u00f6ffnen. Tom hatte zum Siegfried-Aufh\u00e4user-Platz im beschaulichen Neuk\u00f6lln &hellip; <\/p>\n<p class=\"link-more\"><a href=\"https:\/\/blog.kunstgriff.net\/?p=7417\" class=\"more-link\"><span class=\"screen-reader-text\">\u201eS\u00fcdtour am Samstag\u201c <\/span>weiterlesen<\/a><\/p>\n","protected":false},"author":2,"featured_media":0,"comment_status":"open","ping_status":"open","sticky":false,"template":"","format":"standard","meta":{"jetpack_post_was_ever_published":false,"_jetpack_newsletter_access":"","_jetpack_dont_email_post_to_subs":false,"_jetpack_newsletter_tier_id":0,"_jetpack_memberships_contains_paywalled_content":false,"_jetpack_memberships_contains_paid_content":false,"footnotes":""},"categories":[14,7],"tags":[],"class_list":["post-7417","post","type-post","status-publish","format-standard","hentry","category-radfahren","category-rennradfahren"],"jetpack_featured_media_url":"","jetpack_shortlink":"https:\/\/wp.me\/p8Cxe7-1VD","jetpack-related-posts":[{"id":10840,"url":"https:\/\/blog.kunstgriff.net\/?p=10840","url_meta":{"origin":7417,"position":0},"title":"DriveNow oder doch, DriveLater?","author":"Georg","date":"September 15, 2013","format":false,"excerpt":"Heute mal zu was ganz anderem, einer Geschichte, die das digitale Leben schrieb, aber der Reihe nach: Gestern, ein wundersch\u00f6ner Sp\u00e4tsommertag mit viel Sonnenschein, entschied ich mich spontan, doch mal den DriveNow Service zu nutzen, welcher schon seit mehr als sechs Monaten ungenutzt in meiner Brieftasche und auf meinem iPhone\u2026","rel":"","context":"In &quot;Infotainment&quot;","block_context":{"text":"Infotainment","link":"https:\/\/blog.kunstgriff.net\/?cat=26"},"img":{"alt_text":"IMG_1689","src":"https:\/\/i0.wp.com\/blog.kunstgriff.net\/wp-content\/uploads\/2013\/09\/IMG_1689-169x300.png?resize=350%2C200","width":350,"height":200},"classes":[]},{"id":16482,"url":"https:\/\/blog.kunstgriff.net\/?p=16482","url_meta":{"origin":7417,"position":1},"title":"P\u00e4wesin-Runde rerereloaded","author":"Georg","date":"Juli 22, 2017","format":false,"excerpt":"\u00bbWiederholungst\u00e4ter mit Vorsatz\u00ab Das war heute gar nicht so einfach mit der Tourenfindung, denn ein kleines Regenfeld zog best\u00e4ndig auf Berlin zu. Diesem wollte ich mich auf keinen Fall aussetzen und so sagte ich den Treff mit den TiRis am Auerbachtunnel erstmal ab. Marc wollte mit Jule nach P\u00e4wesin \u2013\u2026","rel":"","context":"In &quot;Cake-Ride&quot;","block_context":{"text":"Cake-Ride","link":"https:\/\/blog.kunstgriff.net\/?cat=34"},"img":{"alt_text":"","src":"https:\/\/i0.wp.com\/blog.kunstgriff.net\/wp-content\/uploads\/2017\/07\/Wustermark-im-Wind.jpg?fit=1200%2C800&ssl=1&resize=350%2C200","width":350,"height":200,"srcset":"https:\/\/i0.wp.com\/blog.kunstgriff.net\/wp-content\/uploads\/2017\/07\/Wustermark-im-Wind.jpg?fit=1200%2C800&ssl=1&resize=350%2C200 1x, https:\/\/i0.wp.com\/blog.kunstgriff.net\/wp-content\/uploads\/2017\/07\/Wustermark-im-Wind.jpg?fit=1200%2C800&ssl=1&resize=525%2C300 1.5x, https:\/\/i0.wp.com\/blog.kunstgriff.net\/wp-content\/uploads\/2017\/07\/Wustermark-im-Wind.jpg?fit=1200%2C800&ssl=1&resize=700%2C400 2x, https:\/\/i0.wp.com\/blog.kunstgriff.net\/wp-content\/uploads\/2017\/07\/Wustermark-im-Wind.jpg?fit=1200%2C800&ssl=1&resize=1050%2C600 3x"},"classes":[]},{"id":20009,"url":"https:\/\/blog.kunstgriff.net\/?p=20009","url_meta":{"origin":7417,"position":2},"title":"Wendelstein Rundfahrt 2019","author":"Georg","date":"August 24, 2019","format":false,"excerpt":"Zwei mal 211 Kilometer Diese Rundfahrt wollte ich schon seit mehr als neun Jahren unter die R\u00e4der nehmen. Damals,\u00a0im Mai 2010 beim Rh\u00f6n Marathon schw\u00e4rmte mir Ralph W. vor, da\u00df er diese Rundfahrt unbedingt mal machen wollen w\u00fcrde. Da mir diese Radfahr-Region auch g\u00e4nzlich unbekannt ist, ich den Tegernsee unter\u2026","rel":"","context":"In &quot;Besonderes Ereignis&quot;","block_context":{"text":"Besonderes Ereignis","link":"https:\/\/blog.kunstgriff.net\/?cat=25"},"img":{"alt_text":"tolle Stimmung am Morgen","src":"https:\/\/i0.wp.com\/blog.kunstgriff.net\/wp-content\/uploads\/2019\/08\/tolle-Stimmung-am-Morgen.jpg?fit=1200%2C800&ssl=1&resize=350%2C200","width":350,"height":200,"srcset":"https:\/\/i0.wp.com\/blog.kunstgriff.net\/wp-content\/uploads\/2019\/08\/tolle-Stimmung-am-Morgen.jpg?fit=1200%2C800&ssl=1&resize=350%2C200 1x, https:\/\/i0.wp.com\/blog.kunstgriff.net\/wp-content\/uploads\/2019\/08\/tolle-Stimmung-am-Morgen.jpg?fit=1200%2C800&ssl=1&resize=525%2C300 1.5x, https:\/\/i0.wp.com\/blog.kunstgriff.net\/wp-content\/uploads\/2019\/08\/tolle-Stimmung-am-Morgen.jpg?fit=1200%2C800&ssl=1&resize=700%2C400 2x, https:\/\/i0.wp.com\/blog.kunstgriff.net\/wp-content\/uploads\/2019\/08\/tolle-Stimmung-am-Morgen.jpg?fit=1200%2C800&ssl=1&resize=1050%2C600 3x"},"classes":[]},{"id":13415,"url":"https:\/\/blog.kunstgriff.net\/?p=13415","url_meta":{"origin":7417,"position":3},"title":"Auf Friedensfahrt\u2013Kurs 2016 2. Tag: G\u00f6rlitz -> Liberec","author":"Georg","date":"Mai 5, 2016","format":false,"excerpt":"117 km | 1.891 H\u00f6henmeterNach dem entspannten Fr\u00fchst\u00fcck wurde um 9 Uhr das Gep\u00e4ck verladen. Dann ging es zum Hauptbahnhof um die restlichen 100 Mitfahrer zu begr\u00fc\u00dfen. Nach Peters Ansprache gingen dann die mehr als 100 Radlerinnen und Radler\u00a0auf die Strecke. Ein imposanter Anblick. Erst zur Landeskrone, dann gen S\u00fcden.\u2026","rel":"","context":"In &quot;Besonderes Ereignis&quot;","block_context":{"text":"Besonderes Ereignis","link":"https:\/\/blog.kunstgriff.net\/?cat=25"},"img":{"alt_text":"","src":"https:\/\/i0.wp.com\/blog.kunstgriff.net\/wp-content\/uploads\/2016\/05\/07-Heftige-Anstiege-mit-17.jpg?fit=1200%2C900&ssl=1&resize=350%2C200","width":350,"height":200,"srcset":"https:\/\/i0.wp.com\/blog.kunstgriff.net\/wp-content\/uploads\/2016\/05\/07-Heftige-Anstiege-mit-17.jpg?fit=1200%2C900&ssl=1&resize=350%2C200 1x, https:\/\/i0.wp.com\/blog.kunstgriff.net\/wp-content\/uploads\/2016\/05\/07-Heftige-Anstiege-mit-17.jpg?fit=1200%2C900&ssl=1&resize=525%2C300 1.5x, https:\/\/i0.wp.com\/blog.kunstgriff.net\/wp-content\/uploads\/2016\/05\/07-Heftige-Anstiege-mit-17.jpg?fit=1200%2C900&ssl=1&resize=700%2C400 2x, https:\/\/i0.wp.com\/blog.kunstgriff.net\/wp-content\/uploads\/2016\/05\/07-Heftige-Anstiege-mit-17.jpg?fit=1200%2C900&ssl=1&resize=1050%2C600 3x"},"classes":[]},{"id":10708,"url":"https:\/\/blog.kunstgriff.net\/?p=10708","url_meta":{"origin":7417,"position":4},"title":"B\u00e4ckerrunde nach Fehrbellin","author":"Georg","date":"August 11, 2013","format":false,"excerpt":"oder \u00bbSonntags-Tour mit (zu) vielen G\u00e4sten\u00abRecht kurzentschlossen machte ich mich auf den Weg nach Falkensee, denn Susanne hatte zur B\u00e4cker-Runde gerufen. Im Vorfeld gab es einige Diskussionen zur Reisegeschwindigkeit, die mich aber nicht tangierten. Sicher w\u00fcrde sich eine sch\u00f6ne homogene Gruppe finden, ich der auch ich meine Freude haben w\u00fcrde.\u2026","rel":"","context":"In &quot;Radfahren&quot;","block_context":{"text":"Radfahren","link":"https:\/\/blog.kunstgriff.net\/?cat=14"},"img":{"alt_text":"","src":"https:\/\/i0.wp.com\/blog.kunstgriff.net\/wp-content\/uploads\/2013\/08\/Riesen-Bande-vor-dem-Rathaus.jpg?fit=1200%2C900&ssl=1&resize=350%2C200","width":350,"height":200,"srcset":"https:\/\/i0.wp.com\/blog.kunstgriff.net\/wp-content\/uploads\/2013\/08\/Riesen-Bande-vor-dem-Rathaus.jpg?fit=1200%2C900&ssl=1&resize=350%2C200 1x, https:\/\/i0.wp.com\/blog.kunstgriff.net\/wp-content\/uploads\/2013\/08\/Riesen-Bande-vor-dem-Rathaus.jpg?fit=1200%2C900&ssl=1&resize=525%2C300 1.5x, https:\/\/i0.wp.com\/blog.kunstgriff.net\/wp-content\/uploads\/2013\/08\/Riesen-Bande-vor-dem-Rathaus.jpg?fit=1200%2C900&ssl=1&resize=700%2C400 2x, https:\/\/i0.wp.com\/blog.kunstgriff.net\/wp-content\/uploads\/2013\/08\/Riesen-Bande-vor-dem-Rathaus.jpg?fit=1200%2C900&ssl=1&resize=1050%2C600 3x"},"classes":[]},{"id":2432,"url":"https:\/\/blog.kunstgriff.net\/?p=2432","url_meta":{"origin":7417,"position":5},"title":"Mal wieder: Kurze Nordrunde \u00fcber Kremmen","author":"Georg","date":"September 20, 2010","format":false,"excerpt":"oder \"Regenradar sagt nicht fahren - ich sage fahren!\"Vielleicht war ich bedingt durch die leckere K\u00fcrbissuppe und den hausgemachten Apfelkuchen, welche meine Mutter uns heute in die Firma brachte so voller Energie, das ich heute trotz nicht gerade herrlichen Wetteraussichten eine Feierabendrunde drehen wollte musste. Die Temperaturen waren auch h\u00f6her\u2026","rel":"","context":"In &quot;Radfahren&quot;","block_context":{"text":"Radfahren","link":"https:\/\/blog.kunstgriff.net\/?cat=14"},"img":{"alt_text":"","src":"https:\/\/i0.wp.com\/blog.kunstgriff.net\/wp-content\/uploads\/2010\/09\/Nordrunde.png?resize=350%2C200","width":350,"height":200},"classes":[]}],"jetpack_likes_enabled":true,"jetpack_sharing_enabled":true,"_links":{"self":[{"href":"https:\/\/blog.kunstgriff.net\/index.php?rest_route=\/wp\/v2\/posts\/7417","targetHints":{"allow":["GET"]}}],"collection":[{"href":"https:\/\/blog.kunstgriff.net\/index.php?rest_route=\/wp\/v2\/posts"}],"about":[{"href":"https:\/\/blog.kunstgriff.net\/index.php?rest_route=\/wp\/v2\/types\/post"}],"author":[{"embeddable":true,"href":"https:\/\/blog.kunstgriff.net\/index.php?rest_route=\/wp\/v2\/users\/2"}],"replies":[{"embeddable":true,"href":"https:\/\/blog.kunstgriff.net\/index.php?rest_route=%2Fwp%2Fv2%2Fcomments&post=7417"}],"version-history":[{"count":0,"href":"https:\/\/blog.kunstgriff.net\/index.php?rest_route=\/wp\/v2\/posts\/7417\/revisions"}],"wp:attachment":[{"href":"https:\/\/blog.kunstgriff.net\/index.php?rest_route=%2Fwp%2Fv2%2Fmedia&parent=7417"}],"wp:term":[{"taxonomy":"category","embeddable":true,"href":"https:\/\/blog.kunstgriff.net\/index.php?rest_route=%2Fwp%2Fv2%2Fcategories&post=7417"},{"taxonomy":"post_tag","embeddable":true,"href":"https:\/\/blog.kunstgriff.net\/index.php?rest_route=%2Fwp%2Fv2%2Ftags&post=7417"}],"curies":[{"name":"wp","href":"https:\/\/api.w.org\/{rel}","templated":true}]}}